{"id":24434,"date":"2016-03-31T07:30:00","date_gmt":"2016-03-31T05:30:00","guid":{"rendered":"http:\/\/blog.infoempleo.com\/?post_type=post&#038;p=24434"},"modified":"2018-05-23T16:52:58","modified_gmt":"2018-05-23T14:52:58","slug":"como-gestionar-problemas-culturales-en-empresas-multinacionales","status":"publish","type":"post","link":"https:\/\/empresas.infoempleo.com\/hrtrends\/como-gestionar-problemas-culturales-en-empresas-multinacionales\/","title":{"rendered":"C\u00f3mo gestionar problemas culturales en empresas multinacionales"},"content":{"rendered":"<p>Cuando una empresa inicia la <strong>aventura de la internacionalizaci\u00f3n<\/strong> o tiene que trabajar con equipos de servicios externalizados en otros pa\u00edses trata de establecer unos canales de comunicaci\u00f3n \u00f3ptima para permitir a los diferentes equipos de las sedes en otros pa\u00edses poder trabajar con eficacia. Pero operar en el mercado global puede generar problemas entre los equipos locales. Los principales obst\u00e1culos suelen venir por la variaci\u00f3n\u00a0horaria, el idioma o la adaptaci\u00f3n del producto al mercado local. Las diferencias de la <strong>cultura empresarial de cada filial<\/strong> pueden ser tambi\u00e9n tanto un elemento enriquecedor como una fuente de problemas y falta de entendimiento.<\/p>\n<p><!--more--><\/p>\n<h2>Principales motivos para no entenderse<\/h2>\n<p>Diferentes investigaciones sobre la productividad en equipos formados por personas de distintos\u00a0pa\u00edses ponen de relevancia que las diferencias que mayores malentendidos suscitan\u00a0 son aquellas relacionadas con <strong>las formas de trabajar de cada lugar<\/strong>.<\/p>\n<p>La <strong>cultura empresarial<\/strong> de la zona donde se encuentra la delegaci\u00f3n respecto a la de la empresa matriz puede tener cierto nivel de incompatibilidad. Otra de las diferencias que m\u00e1s entorpece el trabajo de coordinaci\u00f3n de equipos es la que se produce <strong>entre distintas\u00a0\u00e1reas o funcionalidades<\/strong> dentro de la misma empresa.<\/p>\n<p>En cambio, la procedencia de cada persona, su nacionalidad, apenas es significativa como obst\u00e1culo para el trabajo de equipos multinacionales. Seg\u00fan estos mismos estudios, el hecho de <strong>haber trabajados juntos<\/strong> con anterioridad es una circunstancia que ayuda a limar las asperezas.<\/p>\n<h2>\u00bfC\u00f3mo superar las diferencias culturales en las multinacionales?<\/h2>\n<p>Las recomendaciones que se recogen desde empresas multinacionales para <strong>crear un entorno empresarial adecuado <\/strong>entre equipos de trabajo que se encuentran en diferentes lugares geogr\u00e1ficos y culturales pasa por tener en cuenta estas cuestiones:<\/p>\n<ul>\n<li>Favorecer una <strong>comunicaci\u00f3n multidireccional<\/strong>. Establecer canales tanto para transmitir la cultura corporativa desde la empresa matriz hacia las delegaciones como para recoger sugerencias desde las sedes. Ayudar\u00e1 a obtener un conocimiento muy valioso del mercado local.<\/li>\n<li>Marcar qu\u00e9 <strong>\u00e1reas son m\u00e1s operativas<\/strong> y tienen que ajustarse a modelos organizativos m\u00e1s homog\u00e9neos y en cu\u00e1les puede permitirse la creatividad. Diferenciarlas y aceptar la flexibilidad en estas \u00faltimas.<\/li>\n<li><strong>Fomentar la diversidad<\/strong> en todos los \u00e1mbitos. Intergeneracional, geogr\u00e1fica, de antig\u00fcedad y expertise. Fomentar la heterogeneidad en los equipos\u00a0 disminuye las barreras en la comunicaci\u00f3n.<\/li>\n<\/ul>\n<p>De lo que en definitiva se trata es de engrasar la <strong>comunicaci\u00f3n interna. <\/strong>\u00a0Esta es la v\u00eda para transmitir los <strong>valores, la misi\u00f3n y la visi\u00f3n de las organizaciones<\/strong>. Es el marco de referencia que cohesiona y que construye la marca. Pero el modelo no puede simplemente extrapolarse desde la matriz a las sedes. Tiene que ser permeable a la cultura de trabajo de cada lugar geogr\u00e1fico para sacar el m\u00e1ximo provecho del talento y favorecer la labor\u00a0entre equipos con formas distintas de entender determinados procesos.<\/p>\n","protected":false},"excerpt":{"rendered":"<p>Cuando una empresa inicia la aventura de la internacionalizaci\u00f3n o tiene que trabajar con equipos de servicios externalizados<a class=\"moretag\" href=\"https:\/\/empresas.infoempleo.com\/hrtrends\/como-gestionar-problemas-culturales-en-empresas-multinacionales\/\"> Leer m\u00e1s<\/a><\/p>\n","protected":false},"author":29,"featured_media":24448,"comment_status":"closed","ping_status":"open","sticky":false,"template":"","format":"standard","meta":{"footnotes":""},"categories":[3],"tags":[570,2926],"class_list":["post-24434","post","type-post","status-publish","format-standard","has-post-thumbnail","hentry","category-actualidad","tag-comunicacion-interna","tag-cultura-de-empresa"],"yoast_head":"<!-- This site is optimized with the Yoast SEO plugin v26.1.1 - https:\/\/yoast.com\/wordpress\/plugins\/seo\/ -->\n<title>C\u00f3mo gestionar problemas culturales en empresas multinacionales | HRTRENDS<\/title>\n<meta name=\"description\" content=\"C\u00f3mo gestionar problemas culturales en empresas multinacionales -\" \/>\n<meta name=\"robots\" content=\"index, follow, max-snippet:-1, max-image-preview:large, max-video-preview:-1\" \/>\n<link rel=\"canonical\" href=\"https:\/\/empresas.infoempleo.com\/hrtrends\/como-gestionar-problemas-culturales-en-empresas-multinacionales\/\" \/>\n<meta property=\"og:locale\" content=\"es_ES\" \/>\n<meta property=\"og:type\" content=\"article\" \/>\n<meta property=\"og:title\" content=\"C\u00f3mo gestionar problemas culturales en empresas multinacionales | HRTRENDS\" \/>\n<meta property=\"og:description\" content=\"C\u00f3mo gestionar problemas culturales en empresas multinacionales -\" \/>\n<meta property=\"og:url\" content=\"https:\/\/empresas.infoempleo.com\/hrtrends\/como-gestionar-problemas-culturales-en-empresas-multinacionales\/\" \/>\n<meta property=\"og:site_name\" content=\"HRTRENDS\" \/>\n<meta property=\"article:publisher\" content=\"https:\/\/www.facebook.com\/Infoempleo\" \/>\n<meta property=\"article:published_time\" content=\"2016-03-31T05:30:00+00:00\" \/>\n<meta property=\"article:modified_time\" content=\"2018-05-23T14:52:58+00:00\" \/>\n<meta property=\"og:image\" content=\"https:\/\/empresas.infoempleo.com\/hrtrends\/media\/2016\/03\/ThinkstockPhotos-513541652.jpg\" \/>\n\t<meta property=\"og:image:width\" content=\"881\" \/>\n\t<meta property=\"og:image:height\" content=\"588\" \/>\n\t<meta property=\"og:image:type\" content=\"image\/jpeg\" \/>\n<meta name=\"author\" content=\"Luisa Carrasco\" \/>\n<meta name=\"twitter:card\" content=\"summary_large_image\" \/>\n<meta name=\"twitter:creator\" content=\"@infoempleo\" \/>\n<meta name=\"twitter:site\" content=\"@infoempleo\" \/>\n<meta name=\"twitter:label1\" content=\"Escrito por\" \/>\n\t<meta name=\"twitter:data1\" content=\"Luisa Carrasco\" \/>\n\t<meta name=\"twitter:label2\" content=\"Tiempo de lectura\" \/>\n\t<meta name=\"twitter:data2\" content=\"2 minutos\" \/>\n<script type=\"application\/ld+json\" class=\"yoast-schema-graph\">{\"@context\":\"https:\/\/schema.org\",\"@graph\":[{\"@type\":\"NewsArticle\",\"@id\":\"https:\/\/empresas.infoempleo.com\/hrtrends\/como-gestionar-problemas-culturales-en-empresas-multinacionales\/#article\",\"isPartOf\":{\"@id\":\"https:\/\/empresas.infoempleo.com\/hrtrends\/como-gestionar-problemas-culturales-en-empresas-multinacionales\/\"},\"author\":{\"name\":\"Luisa Carrasco\",\"@id\":\"https:\/\/empresas.infoempleo.com\/hrtrends\/#\/schema\/person\/32ca57975913668419d075627a98dafe\"},\"headline\":\"C\u00f3mo gestionar problemas culturales en empresas multinacionales\",\"datePublished\":\"2016-03-31T05:30:00+00:00\",\"dateModified\":\"2018-05-23T14:52:58+00:00\",\"mainEntityOfPage\":{\"@id\":\"https:\/\/empresas.infoempleo.com\/hrtrends\/como-gestionar-problemas-culturales-en-empresas-multinacionales\/\"},\"wordCount\":492,\"publisher\":{\"@id\":\"https:\/\/empresas.infoempleo.com\/hrtrends\/#organization\"},\"image\":{\"@id\":\"https:\/\/empresas.infoempleo.com\/hrtrends\/como-gestionar-problemas-culturales-en-empresas-multinacionales\/#primaryimage\"},\"thumbnailUrl\":\"https:\/\/empresas.infoempleo.com\/hrtrends\/media\/2016\/03\/ThinkstockPhotos-513541652.jpg\",\"keywords\":[\"comunicaci\u00f3n interna\",\"cultura de empresa\"],\"articleSection\":[\"Actualidad\"],\"inLanguage\":\"es\",\"copyrightYear\":\"2016\",\"copyrightHolder\":{\"@id\":\"https:\/\/empresas.infoempleo.com\/hrtrends\/#organization\"}},{\"@type\":\"WebPage\",\"@id\":\"https:\/\/empresas.infoempleo.com\/hrtrends\/como-gestionar-problemas-culturales-en-empresas-multinacionales\/\",\"url\":\"https:\/\/empresas.infoempleo.com\/hrtrends\/como-gestionar-problemas-culturales-en-empresas-multinacionales\/\",\"name\":\"C\u00f3mo gestionar problemas culturales en empresas multinacionales | HRTRENDS\",\"isPartOf\":{\"@id\":\"https:\/\/empresas.infoempleo.com\/hrtrends\/#website\"},\"primaryImageOfPage\":{\"@id\":\"https:\/\/empresas.infoempleo.com\/hrtrends\/como-gestionar-problemas-culturales-en-empresas-multinacionales\/#primaryimage\"},\"image\":{\"@id\":\"https:\/\/empresas.infoempleo.com\/hrtrends\/como-gestionar-problemas-culturales-en-empresas-multinacionales\/#primaryimage\"},\"thumbnailUrl\":\"https:\/\/empresas.infoempleo.com\/hrtrends\/media\/2016\/03\/ThinkstockPhotos-513541652.jpg\",\"datePublished\":\"2016-03-31T05:30:00+00:00\",\"dateModified\":\"2018-05-23T14:52:58+00:00\",\"description\":\"C\u00f3mo gestionar problemas culturales en empresas multinacionales -\",\"breadcrumb\":{\"@id\":\"https:\/\/empresas.infoempleo.com\/hrtrends\/como-gestionar-problemas-culturales-en-empresas-multinacionales\/#breadcrumb\"},\"inLanguage\":\"es\",\"potentialAction\":[{\"@type\":\"ReadAction\",\"target\":[\"https:\/\/empresas.infoempleo.com\/hrtrends\/como-gestionar-problemas-culturales-en-empresas-multinacionales\/\"]}]},{\"@type\":\"ImageObject\",\"inLanguage\":\"es\",\"@id\":\"https:\/\/empresas.infoempleo.com\/hrtrends\/como-gestionar-problemas-culturales-en-empresas-multinacionales\/#primaryimage\",\"url\":\"https:\/\/empresas.infoempleo.com\/hrtrends\/media\/2016\/03\/ThinkstockPhotos-513541652-150x150.jpg\",\"contentUrl\":\"https:\/\/empresas.infoempleo.com\/hrtrends\/media\/2016\/03\/ThinkstockPhotos-513541652-150x150.jpg\",\"width\":150,\"height\":150,\"caption\":\"empresas culturales\"},{\"@type\":\"BreadcrumbList\",\"@id\":\"https:\/\/empresas.infoempleo.com\/hrtrends\/como-gestionar-problemas-culturales-en-empresas-multinacionales\/#breadcrumb\",\"itemListElement\":[{\"@type\":\"ListItem\",\"position\":1,\"name\":\"Portada\",\"item\":\"https:\/\/empresas.infoempleo.com\/hrtrends\/\"},{\"@type\":\"ListItem\",\"position\":2,\"name\":\"C\u00f3mo gestionar problemas culturales en empresas multinacionales\"}]},{\"@type\":\"WebSite\",\"@id\":\"https:\/\/empresas.infoempleo.com\/hrtrends\/#website\",\"url\":\"https:\/\/empresas.infoempleo.com\/hrtrends\",\"name\":\"HRTrends by Infoempleo\",\"description\":\"\",\"publisher\":{\"@id\":\"https:\/\/empresas.infoempleo.com\/hrtrends\/#organization\"},\"potentialAction\":{\"@type\":\"SearchAction\",\"target\":\"https:\/\/empresas.infoempleo.com\/hrtrends\/?s={search_term_string}\",\"query-input\":\"required name=search_term_string\"},\"inLanguage\":\"es\"},{\"@type\":\"Organization\",\"@id\":\"https:\/\/empresas.infoempleo.com\/hrtrends\/#organization\",\"name\":\"Infoempleo\",\"url\":\"https:\/\/www.infoempleo.com\/\",\"logo\":{\"@type\":\"ImageObject\",\"@id\":\"https:\/\/empresas.infoempleo.com\/hrtrends\/#logo\",\"inLanguage\":\"es\",\"url\":\"https:\/\/cdnazure.infoempleo.com\/infoempleo\/assets\/style\/gfx\/logo.svg\",\"contentUrl\":\"https:\/\/cdnazure.infoempleo.com\/infoempleo\/assets\/style\/gfx\/logo.svg\",\"width\":150,\"height\":40,\"caption\":\"Infoempleo\"},\"image\":{\"@id\":\"https:\/\/empresas.infoempleo.com\/hrtrends\/#logo\"},\"sameAs\":[\"https:\/\/www.facebook.com\/Infoempleo\",\"https:\/\/x.com\/infoempleo\",\"http:\/\/instagram.com\/infoempleo\/\",\"http:\/\/www.linkedin.com\/groups\/Empleo-Espa\u00f1a-Infoempleocom-111276\",\"http:\/\/pinterest.com\/infoempleo\/\"],\"address\":{\"@type\":\"PostalAddress\",\"addressLocality\":\"Madrid\",\"postalCode\":\"28050\",\"streetAddress\":\"Avenida de Burgos 114\"},\"brand\":[\"Infoempleo\"]},{\"@type\":\"Person\",\"@id\":\"https:\/\/empresas.infoempleo.com\/hrtrends\/#\/schema\/person\/32ca57975913668419d075627a98dafe\",\"name\":\"Luisa Carrasco\",\"image\":{\"@type\":\"ImageObject\",\"inLanguage\":\"es\",\"@id\":\"https:\/\/empresas.infoempleo.com\/hrtrends\/#\/schema\/person\/image\/\",\"url\":\"https:\/\/secure.gravatar.com\/avatar\/8cc7d7a784a8289007bbfddcef37ed7157c6ae70e89183748ddf5858d9133c86?s=96&d=mm&r=g\",\"contentUrl\":\"https:\/\/secure.gravatar.com\/avatar\/8cc7d7a784a8289007bbfddcef37ed7157c6ae70e89183748ddf5858d9133c86?s=96&d=mm&r=g\",\"caption\":\"Luisa Carrasco\"},\"description\":\"Licenciada en Sociolog\u00eda y posgrado en gesti\u00f3n de la comunicaci\u00f3n para organizaciones culturales. Me interesa todo lo que tiene que ver con la organizaci\u00f3n e integraci\u00f3n de los distintos agentes sociales. El \u00e1mbito laboral y el de la educaci\u00f3n y formaci\u00f3n es el punto de encuentro de gran parte de estos actores. Estoy al tanto de los temas de actualidad laboral, las tendencias en el mercado del trabajo, las nuevas iniciativas en el tejido empresarial y las propuestas de innovaci\u00f3n en materia de educaci\u00f3n y formaci\u00f3n. Por lo general, escribo en el blog de Infoempleo tres veces por semana.\",\"url\":\"https:\/\/empresas.infoempleo.com\/hrtrends\/author\/luisaagenciayerro\/\"}]}<\/script>\n<!-- \/ Yoast SEO plugin. -->","yoast_head_json":{"title":"C\u00f3mo gestionar problemas culturales en empresas multinacionales | HRTRENDS","description":"C\u00f3mo gestionar problemas culturales en empresas multinacionales -","robots":{"index":"index","follow":"follow","max-snippet":"max-snippet:-1","max-image-preview":"max-image-preview:large","max-video-preview":"max-video-preview:-1"},"canonical":"https:\/\/empresas.infoempleo.com\/hrtrends\/como-gestionar-problemas-culturales-en-empresas-multinacionales\/","og_locale":"es_ES","og_type":"article","og_title":"C\u00f3mo gestionar problemas culturales en empresas multinacionales | HRTRENDS","og_description":"C\u00f3mo gestionar problemas culturales en empresas multinacionales -","og_url":"https:\/\/empresas.infoempleo.com\/hrtrends\/como-gestionar-problemas-culturales-en-empresas-multinacionales\/","og_site_name":"HRTRENDS","article_publisher":"https:\/\/www.facebook.com\/Infoempleo","article_published_time":"2016-03-31T05:30:00+00:00","article_modified_time":"2018-05-23T14:52:58+00:00","og_image":[{"width":881,"height":588,"url":"https:\/\/empresas.infoempleo.com\/hrtrends\/media\/2016\/03\/ThinkstockPhotos-513541652.jpg","type":"image\/jpeg"}],"author":"Luisa Carrasco","twitter_card":"summary_large_image","twitter_creator":"@infoempleo","twitter_site":"@infoempleo","twitter_misc":{"Escrito por":"Luisa Carrasco","Tiempo de lectura":"2 minutos"},"schema":{"@context":"https:\/\/schema.org","@graph":[{"@type":"NewsArticle","@id":"https:\/\/empresas.infoempleo.com\/hrtrends\/como-gestionar-problemas-culturales-en-empresas-multinacionales\/#article","isPartOf":{"@id":"https:\/\/empresas.infoempleo.com\/hrtrends\/como-gestionar-problemas-culturales-en-empresas-multinacionales\/"},"author":{"name":"Luisa Carrasco","@id":"https:\/\/empresas.infoempleo.com\/hrtrends\/#\/schema\/person\/32ca57975913668419d075627a98dafe"},"headline":"C\u00f3mo gestionar problemas culturales en empresas multinacionales","datePublished":"2016-03-31T05:30:00+00:00","dateModified":"2018-05-23T14:52:58+00:00","mainEntityOfPage":{"@id":"https:\/\/empresas.infoempleo.com\/hrtrends\/como-gestionar-problemas-culturales-en-empresas-multinacionales\/"},"wordCount":492,"publisher":{"@id":"https:\/\/empresas.infoempleo.com\/hrtrends\/#organization"},"image":{"@id":"https:\/\/empresas.infoempleo.com\/hrtrends\/como-gestionar-problemas-culturales-en-empresas-multinacionales\/#primaryimage"},"thumbnailUrl":"https:\/\/empresas.infoempleo.com\/hrtrends\/media\/2016\/03\/ThinkstockPhotos-513541652.jpg","keywords":["comunicaci\u00f3n interna","cultura de empresa"],"articleSection":["Actualidad"],"inLanguage":"es","copyrightYear":"2016","copyrightHolder":{"@id":"https:\/\/empresas.infoempleo.com\/hrtrends\/#organization"}},{"@type":"WebPage","@id":"https:\/\/empresas.infoempleo.com\/hrtrends\/como-gestionar-problemas-culturales-en-empresas-multinacionales\/","url":"https:\/\/empresas.infoempleo.com\/hrtrends\/como-gestionar-problemas-culturales-en-empresas-multinacionales\/","name":"C\u00f3mo gestionar problemas culturales en empresas multinacionales | HRTRENDS","isPartOf":{"@id":"https:\/\/empresas.infoempleo.com\/hrtrends\/#website"},"primaryImageOfPage":{"@id":"https:\/\/empresas.infoempleo.com\/hrtrends\/como-gestionar-problemas-culturales-en-empresas-multinacionales\/#primaryimage"},"image":{"@id":"https:\/\/empresas.infoempleo.com\/hrtrends\/como-gestionar-problemas-culturales-en-empresas-multinacionales\/#primaryimage"},"thumbnailUrl":"https:\/\/empresas.infoempleo.com\/hrtrends\/media\/2016\/03\/ThinkstockPhotos-513541652.jpg","datePublished":"2016-03-31T05:30:00+00:00","dateModified":"2018-05-23T14:52:58+00:00","description":"C\u00f3mo gestionar problemas culturales en empresas multinacionales -","breadcrumb":{"@id":"https:\/\/empresas.infoempleo.com\/hrtrends\/como-gestionar-problemas-culturales-en-empresas-multinacionales\/#breadcrumb"},"inLanguage":"es","potentialAction":[{"@type":"ReadAction","target":["https:\/\/empresas.infoempleo.com\/hrtrends\/como-gestionar-problemas-culturales-en-empresas-multinacionales\/"]}]},{"@type":"ImageObject","inLanguage":"es","@id":"https:\/\/empresas.infoempleo.com\/hrtrends\/como-gestionar-problemas-culturales-en-empresas-multinacionales\/#primaryimage","url":"https:\/\/empresas.infoempleo.com\/hrtrends\/media\/2016\/03\/ThinkstockPhotos-513541652-150x150.jpg","contentUrl":"https:\/\/empresas.infoempleo.com\/hrtrends\/media\/2016\/03\/ThinkstockPhotos-513541652-150x150.jpg","width":150,"height":150,"caption":"empresas culturales"},{"@type":"BreadcrumbList","@id":"https:\/\/empresas.infoempleo.com\/hrtrends\/como-gestionar-problemas-culturales-en-empresas-multinacionales\/#breadcrumb","itemListElement":[{"@type":"ListItem","position":1,"name":"Portada","item":"https:\/\/empresas.infoempleo.com\/hrtrends\/"},{"@type":"ListItem","position":2,"name":"C\u00f3mo gestionar problemas culturales en empresas multinacionales"}]},{"@type":"WebSite","@id":"https:\/\/empresas.infoempleo.com\/hrtrends\/#website","url":"https:\/\/empresas.infoempleo.com\/hrtrends","name":"HRTrends by Infoempleo","description":"","publisher":{"@id":"https:\/\/empresas.infoempleo.com\/hrtrends\/#organization"},"potentialAction":{"@type":"SearchAction","target":"https:\/\/empresas.infoempleo.com\/hrtrends\/?s={search_term_string}","query-input":"required name=search_term_string"},"inLanguage":"es"},{"@type":"Organization","@id":"https:\/\/empresas.infoempleo.com\/hrtrends\/#organization","name":"Infoempleo","url":"https:\/\/www.infoempleo.com\/","logo":{"@type":"ImageObject","@id":"https:\/\/empresas.infoempleo.com\/hrtrends\/#logo","inLanguage":"es","url":"https:\/\/cdnazure.infoempleo.com\/infoempleo\/assets\/style\/gfx\/logo.svg","contentUrl":"https:\/\/cdnazure.infoempleo.com\/infoempleo\/assets\/style\/gfx\/logo.svg","width":150,"height":40,"caption":"Infoempleo"},"image":{"@id":"https:\/\/empresas.infoempleo.com\/hrtrends\/#logo"},"sameAs":["https:\/\/www.facebook.com\/Infoempleo","https:\/\/x.com\/infoempleo","http:\/\/instagram.com\/infoempleo\/","http:\/\/www.linkedin.com\/groups\/Empleo-Espa\u00f1a-Infoempleocom-111276","http:\/\/pinterest.com\/infoempleo\/"],"address":{"@type":"PostalAddress","addressLocality":"Madrid","postalCode":"28050","streetAddress":"Avenida de Burgos 114"},"brand":["Infoempleo"]},{"@type":"Person","@id":"https:\/\/empresas.infoempleo.com\/hrtrends\/#\/schema\/person\/32ca57975913668419d075627a98dafe","name":"Luisa Carrasco","image":{"@type":"ImageObject","inLanguage":"es","@id":"https:\/\/empresas.infoempleo.com\/hrtrends\/#\/schema\/person\/image\/","url":"https:\/\/secure.gravatar.com\/avatar\/8cc7d7a784a8289007bbfddcef37ed7157c6ae70e89183748ddf5858d9133c86?s=96&d=mm&r=g","contentUrl":"https:\/\/secure.gravatar.com\/avatar\/8cc7d7a784a8289007bbfddcef37ed7157c6ae70e89183748ddf5858d9133c86?s=96&d=mm&r=g","caption":"Luisa Carrasco"},"description":"Licenciada en Sociolog\u00eda y posgrado en gesti\u00f3n de la comunicaci\u00f3n para organizaciones culturales. Me interesa todo lo que tiene que ver con la organizaci\u00f3n e integraci\u00f3n de los distintos agentes sociales. El \u00e1mbito laboral y el de la educaci\u00f3n y formaci\u00f3n es el punto de encuentro de gran parte de estos actores. Estoy al tanto de los temas de actualidad laboral, las tendencias en el mercado del trabajo, las nuevas iniciativas en el tejido empresarial y las propuestas de innovaci\u00f3n en materia de educaci\u00f3n y formaci\u00f3n. Por lo general, escribo en el blog de Infoempleo tres veces por semana.","url":"https:\/\/empresas.infoempleo.com\/hrtrends\/author\/luisaagenciayerro\/"}]}},"amp_enabled":true,"_links":{"self":[{"href":"https:\/\/empresas.infoempleo.com\/hrtrends\/wp-json\/wp\/v2\/posts\/24434","targetHints":{"allow":["GET"]}}],"collection":[{"href":"https:\/\/empresas.infoempleo.com\/hrtrends\/wp-json\/wp\/v2\/posts"}],"about":[{"href":"https:\/\/empresas.infoempleo.com\/hrtrends\/wp-json\/wp\/v2\/types\/post"}],"author":[{"embeddable":true,"href":"https:\/\/empresas.infoempleo.com\/hrtrends\/wp-json\/wp\/v2\/users\/29"}],"replies":[{"embeddable":true,"href":"https:\/\/empresas.infoempleo.com\/hrtrends\/wp-json\/wp\/v2\/comments?post=24434"}],"version-history":[{"count":0,"href":"https:\/\/empresas.infoempleo.com\/hrtrends\/wp-json\/wp\/v2\/posts\/24434\/revisions"}],"wp:featuredmedia":[{"embeddable":true,"href":"https:\/\/empresas.infoempleo.com\/hrtrends\/wp-json\/wp\/v2\/media\/24448"}],"wp:attachment":[{"href":"https:\/\/empresas.infoempleo.com\/hrtrends\/wp-json\/wp\/v2\/media?parent=24434"}],"wp:term":[{"taxonomy":"category","embeddable":true,"href":"https:\/\/empresas.infoempleo.com\/hrtrends\/wp-json\/wp\/v2\/categories?post=24434"},{"taxonomy":"post_tag","embeddable":true,"href":"https:\/\/empresas.infoempleo.com\/hrtrends\/wp-json\/wp\/v2\/tags?post=24434"}],"curies":[{"name":"wp","href":"https:\/\/api.w.org\/{rel}","templated":true}]}}