{"id":23922,"date":"2016-02-12T00:30:00","date_gmt":"2016-02-11T22:30:00","guid":{"rendered":"http:\/\/blog.infoempleo.com\/?post_type=post&#038;p=23922"},"modified":"2024-08-29T17:48:55","modified_gmt":"2024-08-29T15:48:55","slug":"que-ventajas-tiene-para-la-empresa-contratar-a-mayores-de-45-anos","status":"publish","type":"post","link":"https:\/\/empresas.infoempleo.com\/hrtrends\/que-ventajas-tiene-para-la-empresa-contratar-a-mayores-de-45-anos\/","title":{"rendered":"\u00bfQu\u00e9 ventajas tiene para la empresa contratar a mayores de 45 a\u00f1os?"},"content":{"rendered":"<p>Dos de los requisitos que m\u00e1s suelen repetirse en las ofertas de empleo son la edad del candidato y sus a\u00f1os de experiencia en el sector o en un puesto similar al ofertado. La franja que m\u00e1s se demanda es la que va de los 26 a los 35 a\u00f1os. Pasada esa edad, las posibilidades de conseguir un empleo descienden a medida que los candidatos suman m\u00e1s a\u00f1os. Algo parad\u00f3jico\u00a0si tenemos en cuenta que con 45 a\u00f1os un trabajador suele estar\u00a0en la plenitud de su carrera profesional. Sin embargo, las cifras demuestran que encontrar trabajo a partir de esta edad es\u00a0cada vez m\u00e1s dif\u00edcil. Por eso, se han puesto en marcha medidas extraordinarias para animar a la contrataci\u00f3n de este colectivo\u00a0\u00bfquieres saber cu\u00e1les son?<\/p>\n<p><!--more--><\/p>\n<h2><b>Independientemente de la edad<\/b><\/h2>\n<p>Los a\u00f1os de crisis han dejado una cifra de desempleados todav\u00eda muy alta: <b>4.150.755 personas en el mes de enero<\/b>, al cierre de la campa\u00f1a de Navidad. Se requieren medidas espec\u00edficas para incentivar la contrataci\u00f3n y que se generen m\u00e1s empleos.<\/p>\n<p>Una de estas medidas es la <b>exenci\u00f3n m\u00ednima<\/b>. Si el contrato del nuevo trabajador va a ser indefinido, no importa la edad que tenga, los primeros 500 euros del salario del trabajador estar\u00e1n exentos de cotizar a la Seguridad Social. De esta bonificaci\u00f3n se puede beneficiar la empresa durante 2 a\u00f1os, o 3 si tiene menos de 10 trabajadores, y estar\u00e1 vigente hasta el 31 de agosto de 2016. Si la jornada es parcial, la reducci\u00f3n ir\u00e1 en proporci\u00f3n a las horas que se trabaja.<\/p>\n<h2><b>El colectivo de los mayores de 45<\/b><\/h2>\n<p>Para las <b>empresas peque\u00f1as o de menos de 50 empleados<\/b>, contratar a un nuevo trabajador supone una inversi\u00f3n importante. Con el fin de allanar el camino, hay una medida dirigida a estas compa\u00f1\u00edas: podr\u00e1n bonificarse desde 1.300 \u20ac\/a\u00f1o si contratan a un hombre o a una mujer y hasta 1.500 \u20ac\/a\u00f1o si es una mujer que trabaja en un sector donde no se suele emplear a mujeres y, por tanto, est\u00e1 subrepresentadas. Eso s\u00ed, en ambos casos tienen que ser mayores de 45 a\u00f1os y se les debe hacer indefinidos. Esta facilidad se dar\u00e1 <b>durante los primeros 3 a\u00f1os de contrataci\u00f3n<\/b>. La vigencia de la medida se acabar\u00e1 en cuanto la cifra de paro descienda por debajo del 15%.<\/p>\n<p>Por otro lado, si una empresa de este tipo contrata a un trabajador <b>mayor de 52 a\u00f1os<\/b> que est\u00e1 recibiendo un subsidio por desempleo y le ofrece una jornada completa y la modalidad de indefinido, tambi\u00e9n recibir\u00e1 la bonificaci\u00f3n que hemos mencionado y, adem\u00e1s, el trabajador lo podr\u00e1 combinar con el cobro de una parte del subsidio.<\/p>\n<p>Con el fin de fomentar la contrataci\u00f3n y <b>facilitar el crecimiento y la estabilidad del emprendimiento<\/b>, se puso en marcha tambi\u00e9n un incentivo del que se pueden beneficiar las compa\u00f1\u00edas hasta que el paro no descienda del 15%. Si un nuevo proyecto de emprendimiento contrata de manera indefinida a un trabajador mayor de 45 a\u00f1os, se aplicar\u00e1 una reducci\u00f3n del 100% en la cuota de la Seguridad Social durante el primer a\u00f1o.<\/p>\n<p>Por \u00faltimo, y esto vale para cualquier tama\u00f1o de empresa, si se contrata a una persona <b>mayor de 65 a\u00f1os<\/b> con 38 a\u00f1os y 6 meses de cotizaci\u00f3n efectiva a la Seguridad Social (o bien tiene 67 a\u00f1os y 37 de cotizaci\u00f3n) con un contrato indefinido, la compa\u00f1\u00eda se podr\u00e1 beneficiar de una reducci\u00f3n del 100% en la cuota empresarial por contingencias comunes.<\/p>\n<h2><b>Mayores de 45 con discapacidad<\/b><\/h2>\n<p>Las personas con discapacidad ya cuentan con una traba que les dificulta el acceso al mercado laboral. Si, adem\u00e1s, han cumplido los 45, su inserci\u00f3n es todav\u00eda m\u00e1s dif\u00edcil. Por este motivo se puso en marcha una medida para la contrataci\u00f3n indefinida y otra para la temporal:<\/p>\n<ul>\n<li>Si se contrata a una persona con discapacidad mayor de 45 a\u00f1os <b>con un contrato indefinido<\/b>, hay una bonificaci\u00f3n de 5.700 \u20ac\/a\u00f1o durante toda la vigencia del contrato. En el caso de que el grado de la discapacidad sea severo, esta cantidad asciende a 6.300 \u20ac\/a\u00f1o.<\/li>\n<li>Si a esta misma persona se le hace <b>un contrato temporal<\/b>, las bonificaciones ir\u00e1n desde los 4.100 \u20ac\/a\u00f1o por contratar a un hombre y 4.700 \u20ac\/a\u00f1o si es una mujer hasta los 4.700 \u20ac\/a\u00f1o de un hombre con discapacidad severa o 5.300 \u20ac\/a\u00f1o en el caso de que sea mujer. La bonificaci\u00f3n no se pierde mientras dure el contrato.<\/li>\n<\/ul>\n<p>Hasta aqu\u00ed te hemos hablado de las ayudas que se perciben a trav\u00e9s del Estado. Sin embargo, <b>las comunidades tambi\u00e9n disponen de incentivos<\/b> para mejorar la incorporaci\u00f3n al mercado de trabajo de los mayores de 45 a\u00f1os. En muchos casos son compatibles con las medidas estatales; por lo general, cuando no sobrepasan el 100% de bonificaci\u00f3n.<\/p>\n","protected":false},"excerpt":{"rendered":"<p>Dos de los requisitos que m\u00e1s suelen repetirse en las ofertas de empleo son la edad del candidato<a class=\"moretag\" href=\"https:\/\/empresas.infoempleo.com\/hrtrends\/que-ventajas-tiene-para-la-empresa-contratar-a-mayores-de-45-anos\/\"> Leer m\u00e1s<\/a><\/p>\n","protected":false},"author":28,"featured_media":23925,"comment_status":"closed","ping_status":"open","sticky":false,"template":"","format":"standard","meta":{"footnotes":""},"categories":[3],"tags":[2917,783,2918],"class_list":["post-23922","post","type-post","status-publish","format-standard","has-post-thumbnail","hentry","category-actualidad","tag-bonficaciones","tag-contratos","tag-mayores-de-45"],"yoast_head":"<!-- This site is optimized with the Yoast SEO plugin v26.1.1 - https:\/\/yoast.com\/wordpress\/plugins\/seo\/ -->\n<title>\u00bfQu\u00e9 ventajas tiene para la empresa contratar a mayores de 45 a\u00f1os? | HRTRENDS<\/title>\n<meta name=\"description\" content=\"encontrar trabajo a partir de los 45 se va poniendo dif\u00edcil. Estas son las ventajas para las empresas que contratan a trabajadores mayores de 45 a\u00f1os\" \/>\n<meta name=\"robots\" content=\"index, follow, max-snippet:-1, max-image-preview:large, max-video-preview:-1\" \/>\n<link rel=\"canonical\" href=\"https:\/\/empresas.infoempleo.com\/hrtrends\/que-ventajas-tiene-para-la-empresa-contratar-a-mayores-de-45-anos\/\" \/>\n<meta property=\"og:locale\" content=\"es_ES\" \/>\n<meta property=\"og:type\" content=\"article\" \/>\n<meta property=\"og:title\" content=\"\u00bfQu\u00e9 ventajas tiene para la empresa contratar a mayores de 45 a\u00f1os? | HRTRENDS\" \/>\n<meta property=\"og:description\" content=\"encontrar trabajo a partir de los 45 se va poniendo dif\u00edcil. Estas son las ventajas para las empresas que contratan a trabajadores mayores de 45 a\u00f1os\" \/>\n<meta property=\"og:url\" content=\"https:\/\/empresas.infoempleo.com\/hrtrends\/que-ventajas-tiene-para-la-empresa-contratar-a-mayores-de-45-anos\/\" \/>\n<meta property=\"og:site_name\" content=\"HRTRENDS\" \/>\n<meta property=\"article:publisher\" content=\"https:\/\/www.facebook.com\/Infoempleo\" \/>\n<meta property=\"article:published_time\" content=\"2016-02-11T22:30:00+00:00\" \/>\n<meta property=\"article:modified_time\" content=\"2024-08-29T15:48:55+00:00\" \/>\n<meta property=\"og:image\" content=\"https:\/\/empresas.infoempleo.com\/hrtrends\/media\/2016\/02\/ThinkstockPhotos-80720274.jpg\" \/>\n\t<meta property=\"og:image:width\" content=\"881\" \/>\n\t<meta property=\"og:image:height\" content=\"587\" \/>\n\t<meta property=\"og:image:type\" content=\"image\/jpeg\" \/>\n<meta name=\"author\" content=\"Ester Carrasco\" \/>\n<meta name=\"twitter:card\" content=\"summary_large_image\" \/>\n<meta name=\"twitter:creator\" content=\"@infoempleo\" \/>\n<meta name=\"twitter:site\" content=\"@infoempleo\" \/>\n<meta name=\"twitter:label1\" content=\"Escrito por\" \/>\n\t<meta name=\"twitter:data1\" content=\"Ester Carrasco\" \/>\n\t<meta name=\"twitter:label2\" content=\"Tiempo de lectura\" \/>\n\t<meta name=\"twitter:data2\" content=\"4 minutos\" \/>\n<script type=\"application\/ld+json\" class=\"yoast-schema-graph\">{\"@context\":\"https:\/\/schema.org\",\"@graph\":[{\"@type\":\"NewsArticle\",\"@id\":\"https:\/\/empresas.infoempleo.com\/hrtrends\/que-ventajas-tiene-para-la-empresa-contratar-a-mayores-de-45-anos\/#article\",\"isPartOf\":{\"@id\":\"https:\/\/empresas.infoempleo.com\/hrtrends\/que-ventajas-tiene-para-la-empresa-contratar-a-mayores-de-45-anos\/\"},\"author\":{\"name\":\"Ester Carrasco\",\"@id\":\"https:\/\/empresas.infoempleo.com\/hrtrends\/#\/schema\/person\/b5f470bbbcd4f7f0a6b8e4a99fd663a1\"},\"headline\":\"\u00bfQu\u00e9 ventajas tiene para la empresa contratar a mayores de 45 a\u00f1os?\",\"datePublished\":\"2016-02-11T22:30:00+00:00\",\"dateModified\":\"2024-08-29T15:48:55+00:00\",\"mainEntityOfPage\":{\"@id\":\"https:\/\/empresas.infoempleo.com\/hrtrends\/que-ventajas-tiene-para-la-empresa-contratar-a-mayores-de-45-anos\/\"},\"wordCount\":836,\"publisher\":{\"@id\":\"https:\/\/empresas.infoempleo.com\/hrtrends\/#organization\"},\"image\":{\"@id\":\"https:\/\/empresas.infoempleo.com\/hrtrends\/que-ventajas-tiene-para-la-empresa-contratar-a-mayores-de-45-anos\/#primaryimage\"},\"thumbnailUrl\":\"https:\/\/empresas.infoempleo.com\/hrtrends\/media\/2016\/02\/ThinkstockPhotos-80720274.jpg\",\"keywords\":[\"bonficaciones\",\"contratos\",\"mayores de 45\"],\"articleSection\":[\"Actualidad\"],\"inLanguage\":\"es\",\"copyrightYear\":\"2016\",\"copyrightHolder\":{\"@id\":\"https:\/\/empresas.infoempleo.com\/hrtrends\/#organization\"}},{\"@type\":\"WebPage\",\"@id\":\"https:\/\/empresas.infoempleo.com\/hrtrends\/que-ventajas-tiene-para-la-empresa-contratar-a-mayores-de-45-anos\/\",\"url\":\"https:\/\/empresas.infoempleo.com\/hrtrends\/que-ventajas-tiene-para-la-empresa-contratar-a-mayores-de-45-anos\/\",\"name\":\"\u00bfQu\u00e9 ventajas tiene para la empresa contratar a mayores de 45 a\u00f1os? | HRTRENDS\",\"isPartOf\":{\"@id\":\"https:\/\/empresas.infoempleo.com\/hrtrends\/#website\"},\"primaryImageOfPage\":{\"@id\":\"https:\/\/empresas.infoempleo.com\/hrtrends\/que-ventajas-tiene-para-la-empresa-contratar-a-mayores-de-45-anos\/#primaryimage\"},\"image\":{\"@id\":\"https:\/\/empresas.infoempleo.com\/hrtrends\/que-ventajas-tiene-para-la-empresa-contratar-a-mayores-de-45-anos\/#primaryimage\"},\"thumbnailUrl\":\"https:\/\/empresas.infoempleo.com\/hrtrends\/media\/2016\/02\/ThinkstockPhotos-80720274.jpg\",\"datePublished\":\"2016-02-11T22:30:00+00:00\",\"dateModified\":\"2024-08-29T15:48:55+00:00\",\"description\":\"encontrar trabajo a partir de los 45 se va poniendo dif\u00edcil. Estas son las ventajas para las empresas que contratan a trabajadores mayores de 45 a\u00f1os\",\"breadcrumb\":{\"@id\":\"https:\/\/empresas.infoempleo.com\/hrtrends\/que-ventajas-tiene-para-la-empresa-contratar-a-mayores-de-45-anos\/#breadcrumb\"},\"inLanguage\":\"es\",\"potentialAction\":[{\"@type\":\"ReadAction\",\"target\":[\"https:\/\/empresas.infoempleo.com\/hrtrends\/que-ventajas-tiene-para-la-empresa-contratar-a-mayores-de-45-anos\/\"]}]},{\"@type\":\"ImageObject\",\"inLanguage\":\"es\",\"@id\":\"https:\/\/empresas.infoempleo.com\/hrtrends\/que-ventajas-tiene-para-la-empresa-contratar-a-mayores-de-45-anos\/#primaryimage\",\"url\":\"https:\/\/empresas.infoempleo.com\/hrtrends\/media\/2016\/02\/ThinkstockPhotos-80720274-150x150.jpg\",\"contentUrl\":\"https:\/\/empresas.infoempleo.com\/hrtrends\/media\/2016\/02\/ThinkstockPhotos-80720274-150x150.jpg\",\"width\":150,\"height\":150,\"caption\":\"mayores de 45\"},{\"@type\":\"BreadcrumbList\",\"@id\":\"https:\/\/empresas.infoempleo.com\/hrtrends\/que-ventajas-tiene-para-la-empresa-contratar-a-mayores-de-45-anos\/#breadcrumb\",\"itemListElement\":[{\"@type\":\"ListItem\",\"position\":1,\"name\":\"Portada\",\"item\":\"https:\/\/empresas.infoempleo.com\/hrtrends\/\"},{\"@type\":\"ListItem\",\"position\":2,\"name\":\"\u00bfQu\u00e9 ventajas tiene para la empresa contratar a mayores de 45 a\u00f1os?\"}]},{\"@type\":\"WebSite\",\"@id\":\"https:\/\/empresas.infoempleo.com\/hrtrends\/#website\",\"url\":\"https:\/\/empresas.infoempleo.com\/hrtrends\",\"name\":\"HRTrends by Infoempleo\",\"description\":\"\",\"publisher\":{\"@id\":\"https:\/\/empresas.infoempleo.com\/hrtrends\/#organization\"},\"potentialAction\":{\"@type\":\"SearchAction\",\"target\":\"https:\/\/empresas.infoempleo.com\/hrtrends\/?s={search_term_string}\",\"query-input\":\"required name=search_term_string\"},\"inLanguage\":\"es\"},{\"@type\":\"Organization\",\"@id\":\"https:\/\/empresas.infoempleo.com\/hrtrends\/#organization\",\"name\":\"Infoempleo\",\"url\":\"https:\/\/www.infoempleo.com\/\",\"logo\":{\"@type\":\"ImageObject\",\"@id\":\"https:\/\/empresas.infoempleo.com\/hrtrends\/#logo\",\"inLanguage\":\"es\",\"url\":\"https:\/\/cdnazure.infoempleo.com\/infoempleo\/assets\/style\/gfx\/logo.svg\",\"contentUrl\":\"https:\/\/cdnazure.infoempleo.com\/infoempleo\/assets\/style\/gfx\/logo.svg\",\"width\":150,\"height\":40,\"caption\":\"Infoempleo\"},\"image\":{\"@id\":\"https:\/\/empresas.infoempleo.com\/hrtrends\/#logo\"},\"sameAs\":[\"https:\/\/www.facebook.com\/Infoempleo\",\"https:\/\/x.com\/infoempleo\",\"http:\/\/instagram.com\/infoempleo\/\",\"http:\/\/www.linkedin.com\/groups\/Empleo-Espa\u00f1a-Infoempleocom-111276\",\"http:\/\/pinterest.com\/infoempleo\/\"],\"address\":{\"@type\":\"PostalAddress\",\"addressLocality\":\"Madrid\",\"postalCode\":\"28050\",\"streetAddress\":\"Avenida de Burgos 114\"},\"brand\":[\"Infoempleo\"]},{\"@type\":\"Person\",\"@id\":\"https:\/\/empresas.infoempleo.com\/hrtrends\/#\/schema\/person\/b5f470bbbcd4f7f0a6b8e4a99fd663a1\",\"name\":\"Ester Carrasco\",\"image\":{\"@type\":\"ImageObject\",\"inLanguage\":\"es\",\"@id\":\"https:\/\/empresas.infoempleo.com\/hrtrends\/#\/schema\/person\/image\/\",\"url\":\"https:\/\/secure.gravatar.com\/avatar\/faf8039f7480ebcd5f937fefead903a7965a3f0af255f45f22a6bfbcbf6f16cf?s=96&d=mm&r=g\",\"contentUrl\":\"https:\/\/secure.gravatar.com\/avatar\/faf8039f7480ebcd5f937fefead903a7965a3f0af255f45f22a6bfbcbf6f16cf?s=96&d=mm&r=g\",\"caption\":\"Ester Carrasco\"},\"description\":\"Licenciada en Filosof\u00eda, cuento con una amplia experiencia en el mundo editorial, en el que he tenido oportunidad de desarrollar mi perfil como editora, redactora y correctora. Me mantengo al d\u00eda de las noticias y novedades relacionadas con el empleo y el \u00e1mbito laboral. Tambi\u00e9n me interesan los temas de orientaci\u00f3n acad\u00e9mica y profesional para el desarrollo y construcci\u00f3n de perfiles laborales, as\u00ed como las formas de reclutar talento y de demostrarlo.\",\"url\":\"https:\/\/empresas.infoempleo.com\/hrtrends\/author\/ecarrascoagenciayerro\/\"}]}<\/script>\n<!-- \/ Yoast SEO plugin. -->","yoast_head_json":{"title":"\u00bfQu\u00e9 ventajas tiene para la empresa contratar a mayores de 45 a\u00f1os? | HRTRENDS","description":"encontrar trabajo a partir de los 45 se va poniendo dif\u00edcil. Estas son las ventajas para las empresas que contratan a trabajadores mayores de 45 a\u00f1os","robots":{"index":"index","follow":"follow","max-snippet":"max-snippet:-1","max-image-preview":"max-image-preview:large","max-video-preview":"max-video-preview:-1"},"canonical":"https:\/\/empresas.infoempleo.com\/hrtrends\/que-ventajas-tiene-para-la-empresa-contratar-a-mayores-de-45-anos\/","og_locale":"es_ES","og_type":"article","og_title":"\u00bfQu\u00e9 ventajas tiene para la empresa contratar a mayores de 45 a\u00f1os? | HRTRENDS","og_description":"encontrar trabajo a partir de los 45 se va poniendo dif\u00edcil. Estas son las ventajas para las empresas que contratan a trabajadores mayores de 45 a\u00f1os","og_url":"https:\/\/empresas.infoempleo.com\/hrtrends\/que-ventajas-tiene-para-la-empresa-contratar-a-mayores-de-45-anos\/","og_site_name":"HRTRENDS","article_publisher":"https:\/\/www.facebook.com\/Infoempleo","article_published_time":"2016-02-11T22:30:00+00:00","article_modified_time":"2024-08-29T15:48:55+00:00","og_image":[{"width":881,"height":587,"url":"https:\/\/empresas.infoempleo.com\/hrtrends\/media\/2016\/02\/ThinkstockPhotos-80720274.jpg","type":"image\/jpeg"}],"author":"Ester Carrasco","twitter_card":"summary_large_image","twitter_creator":"@infoempleo","twitter_site":"@infoempleo","twitter_misc":{"Escrito por":"Ester Carrasco","Tiempo de lectura":"4 minutos"},"schema":{"@context":"https:\/\/schema.org","@graph":[{"@type":"NewsArticle","@id":"https:\/\/empresas.infoempleo.com\/hrtrends\/que-ventajas-tiene-para-la-empresa-contratar-a-mayores-de-45-anos\/#article","isPartOf":{"@id":"https:\/\/empresas.infoempleo.com\/hrtrends\/que-ventajas-tiene-para-la-empresa-contratar-a-mayores-de-45-anos\/"},"author":{"name":"Ester Carrasco","@id":"https:\/\/empresas.infoempleo.com\/hrtrends\/#\/schema\/person\/b5f470bbbcd4f7f0a6b8e4a99fd663a1"},"headline":"\u00bfQu\u00e9 ventajas tiene para la empresa contratar a mayores de 45 a\u00f1os?","datePublished":"2016-02-11T22:30:00+00:00","dateModified":"2024-08-29T15:48:55+00:00","mainEntityOfPage":{"@id":"https:\/\/empresas.infoempleo.com\/hrtrends\/que-ventajas-tiene-para-la-empresa-contratar-a-mayores-de-45-anos\/"},"wordCount":836,"publisher":{"@id":"https:\/\/empresas.infoempleo.com\/hrtrends\/#organization"},"image":{"@id":"https:\/\/empresas.infoempleo.com\/hrtrends\/que-ventajas-tiene-para-la-empresa-contratar-a-mayores-de-45-anos\/#primaryimage"},"thumbnailUrl":"https:\/\/empresas.infoempleo.com\/hrtrends\/media\/2016\/02\/ThinkstockPhotos-80720274.jpg","keywords":["bonficaciones","contratos","mayores de 45"],"articleSection":["Actualidad"],"inLanguage":"es","copyrightYear":"2016","copyrightHolder":{"@id":"https:\/\/empresas.infoempleo.com\/hrtrends\/#organization"}},{"@type":"WebPage","@id":"https:\/\/empresas.infoempleo.com\/hrtrends\/que-ventajas-tiene-para-la-empresa-contratar-a-mayores-de-45-anos\/","url":"https:\/\/empresas.infoempleo.com\/hrtrends\/que-ventajas-tiene-para-la-empresa-contratar-a-mayores-de-45-anos\/","name":"\u00bfQu\u00e9 ventajas tiene para la empresa contratar a mayores de 45 a\u00f1os? | HRTRENDS","isPartOf":{"@id":"https:\/\/empresas.infoempleo.com\/hrtrends\/#website"},"primaryImageOfPage":{"@id":"https:\/\/empresas.infoempleo.com\/hrtrends\/que-ventajas-tiene-para-la-empresa-contratar-a-mayores-de-45-anos\/#primaryimage"},"image":{"@id":"https:\/\/empresas.infoempleo.com\/hrtrends\/que-ventajas-tiene-para-la-empresa-contratar-a-mayores-de-45-anos\/#primaryimage"},"thumbnailUrl":"https:\/\/empresas.infoempleo.com\/hrtrends\/media\/2016\/02\/ThinkstockPhotos-80720274.jpg","datePublished":"2016-02-11T22:30:00+00:00","dateModified":"2024-08-29T15:48:55+00:00","description":"encontrar trabajo a partir de los 45 se va poniendo dif\u00edcil. Estas son las ventajas para las empresas que contratan a trabajadores mayores de 45 a\u00f1os","breadcrumb":{"@id":"https:\/\/empresas.infoempleo.com\/hrtrends\/que-ventajas-tiene-para-la-empresa-contratar-a-mayores-de-45-anos\/#breadcrumb"},"inLanguage":"es","potentialAction":[{"@type":"ReadAction","target":["https:\/\/empresas.infoempleo.com\/hrtrends\/que-ventajas-tiene-para-la-empresa-contratar-a-mayores-de-45-anos\/"]}]},{"@type":"ImageObject","inLanguage":"es","@id":"https:\/\/empresas.infoempleo.com\/hrtrends\/que-ventajas-tiene-para-la-empresa-contratar-a-mayores-de-45-anos\/#primaryimage","url":"https:\/\/empresas.infoempleo.com\/hrtrends\/media\/2016\/02\/ThinkstockPhotos-80720274-150x150.jpg","contentUrl":"https:\/\/empresas.infoempleo.com\/hrtrends\/media\/2016\/02\/ThinkstockPhotos-80720274-150x150.jpg","width":150,"height":150,"caption":"mayores de 45"},{"@type":"BreadcrumbList","@id":"https:\/\/empresas.infoempleo.com\/hrtrends\/que-ventajas-tiene-para-la-empresa-contratar-a-mayores-de-45-anos\/#breadcrumb","itemListElement":[{"@type":"ListItem","position":1,"name":"Portada","item":"https:\/\/empresas.infoempleo.com\/hrtrends\/"},{"@type":"ListItem","position":2,"name":"\u00bfQu\u00e9 ventajas tiene para la empresa contratar a mayores de 45 a\u00f1os?"}]},{"@type":"WebSite","@id":"https:\/\/empresas.infoempleo.com\/hrtrends\/#website","url":"https:\/\/empresas.infoempleo.com\/hrtrends","name":"HRTrends by Infoempleo","description":"","publisher":{"@id":"https:\/\/empresas.infoempleo.com\/hrtrends\/#organization"},"potentialAction":{"@type":"SearchAction","target":"https:\/\/empresas.infoempleo.com\/hrtrends\/?s={search_term_string}","query-input":"required name=search_term_string"},"inLanguage":"es"},{"@type":"Organization","@id":"https:\/\/empresas.infoempleo.com\/hrtrends\/#organization","name":"Infoempleo","url":"https:\/\/www.infoempleo.com\/","logo":{"@type":"ImageObject","@id":"https:\/\/empresas.infoempleo.com\/hrtrends\/#logo","inLanguage":"es","url":"https:\/\/cdnazure.infoempleo.com\/infoempleo\/assets\/style\/gfx\/logo.svg","contentUrl":"https:\/\/cdnazure.infoempleo.com\/infoempleo\/assets\/style\/gfx\/logo.svg","width":150,"height":40,"caption":"Infoempleo"},"image":{"@id":"https:\/\/empresas.infoempleo.com\/hrtrends\/#logo"},"sameAs":["https:\/\/www.facebook.com\/Infoempleo","https:\/\/x.com\/infoempleo","http:\/\/instagram.com\/infoempleo\/","http:\/\/www.linkedin.com\/groups\/Empleo-Espa\u00f1a-Infoempleocom-111276","http:\/\/pinterest.com\/infoempleo\/"],"address":{"@type":"PostalAddress","addressLocality":"Madrid","postalCode":"28050","streetAddress":"Avenida de Burgos 114"},"brand":["Infoempleo"]},{"@type":"Person","@id":"https:\/\/empresas.infoempleo.com\/hrtrends\/#\/schema\/person\/b5f470bbbcd4f7f0a6b8e4a99fd663a1","name":"Ester Carrasco","image":{"@type":"ImageObject","inLanguage":"es","@id":"https:\/\/empresas.infoempleo.com\/hrtrends\/#\/schema\/person\/image\/","url":"https:\/\/secure.gravatar.com\/avatar\/faf8039f7480ebcd5f937fefead903a7965a3f0af255f45f22a6bfbcbf6f16cf?s=96&d=mm&r=g","contentUrl":"https:\/\/secure.gravatar.com\/avatar\/faf8039f7480ebcd5f937fefead903a7965a3f0af255f45f22a6bfbcbf6f16cf?s=96&d=mm&r=g","caption":"Ester Carrasco"},"description":"Licenciada en Filosof\u00eda, cuento con una amplia experiencia en el mundo editorial, en el que he tenido oportunidad de desarrollar mi perfil como editora, redactora y correctora. Me mantengo al d\u00eda de las noticias y novedades relacionadas con el empleo y el \u00e1mbito laboral. Tambi\u00e9n me interesan los temas de orientaci\u00f3n acad\u00e9mica y profesional para el desarrollo y construcci\u00f3n de perfiles laborales, as\u00ed como las formas de reclutar talento y de demostrarlo.","url":"https:\/\/empresas.infoempleo.com\/hrtrends\/author\/ecarrascoagenciayerro\/"}]}},"amp_enabled":true,"_links":{"self":[{"href":"https:\/\/empresas.infoempleo.com\/hrtrends\/wp-json\/wp\/v2\/posts\/23922","targetHints":{"allow":["GET"]}}],"collection":[{"href":"https:\/\/empresas.infoempleo.com\/hrtrends\/wp-json\/wp\/v2\/posts"}],"about":[{"href":"https:\/\/empresas.infoempleo.com\/hrtrends\/wp-json\/wp\/v2\/types\/post"}],"author":[{"embeddable":true,"href":"https:\/\/empresas.infoempleo.com\/hrtrends\/wp-json\/wp\/v2\/users\/28"}],"replies":[{"embeddable":true,"href":"https:\/\/empresas.infoempleo.com\/hrtrends\/wp-json\/wp\/v2\/comments?post=23922"}],"version-history":[{"count":1,"href":"https:\/\/empresas.infoempleo.com\/hrtrends\/wp-json\/wp\/v2\/posts\/23922\/revisions"}],"predecessor-version":[{"id":45327,"href":"https:\/\/empresas.infoempleo.com\/hrtrends\/wp-json\/wp\/v2\/posts\/23922\/revisions\/45327"}],"wp:featuredmedia":[{"embeddable":true,"href":"https:\/\/empresas.infoempleo.com\/hrtrends\/wp-json\/wp\/v2\/media\/23925"}],"wp:attachment":[{"href":"https:\/\/empresas.infoempleo.com\/hrtrends\/wp-json\/wp\/v2\/media?parent=23922"}],"wp:term":[{"taxonomy":"category","embeddable":true,"href":"https:\/\/empresas.infoempleo.com\/hrtrends\/wp-json\/wp\/v2\/categories?post=23922"},{"taxonomy":"post_tag","embeddable":true,"href":"https:\/\/empresas.infoempleo.com\/hrtrends\/wp-json\/wp\/v2\/tags?post=23922"}],"curies":[{"name":"wp","href":"https:\/\/api.w.org\/{rel}","templated":true}]}}