{"id":22695,"date":"2015-09-29T07:30:20","date_gmt":"2015-09-29T05:30:20","guid":{"rendered":"http:\/\/blog.infoempleo.com\/?p=22152"},"modified":"2023-03-13T19:17:24","modified_gmt":"2023-03-13T17:17:24","slug":"como-potenciar-la-concentracion-en-el-trabajo","status":"publish","type":"post","link":"https:\/\/empresas.infoempleo.com\/hrtrends\/como-potenciar-la-concentracion-en-el-trabajo\/","title":{"rendered":"C\u00f3mo potenciar la concentraci\u00f3n en el trabajo"},"content":{"rendered":"<p>Una de las claves para mejorar el rendimiento en el trabajo es que seas capaz de no despistarte de lo que est\u00e1s haciendo. Mantener la concentraci\u00f3n no significa que tengas que estar como una seta en tu puesto. Estos consejos te orientan para conseguirlo sin que termines convirti\u00e9ndote en un c\u00edborg.<br \/>\n<!--more--><\/p>\n<h3><strong>Tres\u00a0claves para mejorar tu\u00a0rendimiento en el trabajo<\/strong><\/h3>\n<p><strong>1. T\u00f3mate en serio lo de los descansos.<\/strong> A veces estamos tan inmersos en una tarea que nos olvidamos de descansar el tiempo establecido durante la jornada. Est\u00e1 reconocido por derecho, y tiene su raz\u00f3n de ser. Si no lo haces, puede que consigas un rendimiento excelente durante 3 o 4 horas, pero \u00bf qu\u00e9 haces las otras 3 o 4 horas que quedan de la jornada? Descansando lo que te corresponde, podr\u00e1s afrontar la jornada completa con eficiencia. Por otro lado, plant\u00e9ate si el no hacer los descansos es una cuesti\u00f3n de presentismo laboral y trata de resolver esta situaci\u00f3n contraproducente para tus intereses y para los de la empresa. Cuida tambi\u00e9n los descansos fuera del trabajo. Mant\u00e9n una alimentaci\u00f3n adecuada y duerme las horas necesarias para recuperarte.<\/p>\n<p><strong>2. Divide tu trabajo en dos clases de tareas.<\/strong> Las que requieren suma atenci\u00f3n y las m\u00e1s mec\u00e1nicas. Las primeras no ser\u00e1 f\u00e1cil retomarlas si tienes interrupciones, mientras que las segundas puedes volver a ellas en cualquier momento. Si tienes que gestionar correo o cualquier tipo de comunicaciones (llamadas, redes sociales&#8230;), trata de dejarlo siempre para determinadas horarios en los que sabes que es \u00abhora punta\u00bb. Despu\u00e9s de comer, cuando la baja concentraci\u00f3n responde casi a una cuesti\u00f3n f\u00edsica, es un buen momento para resolver las tareas mec\u00e1nicas pendientes. Deja las que requieran m\u00e1s concentraci\u00f3n para las horas en las que te encuentres m\u00e1s despejado y, sobre todo, que no haya tanta actividad a tu alrededor. T\u00f3mate 5 minutos a primera hora y planifica el d\u00eda para no tener que distraerte despu\u00e9s a cada cambio de actividad. Esta hora es tambi\u00e9n buen momento para prever lo que vas a necesitar durante la jornada y evitar interrupciones despu\u00e9s.<\/p>\n<p><strong>3. Ad\u00e1ptate a tu entorno.<\/strong> Si hay un ruido molesto que continuamente interrumpe tu concentraci\u00f3n y no puedes hacer nada para resolverlo, intenta obviarlo poni\u00e9ndote m\u00fasica. Si la tarea que tienes que llevar a cabo requiere un esfuerzo mental, elige m\u00fasica cl\u00e1sica o melod\u00edas. Por otro lado, acostumbra a tu entorno familiar a que no te interrumpan en el horario laboral. Planifica tambi\u00e9n las llamadas no relacionadas con el trabajo. Puedes aprovechar el tiempo de descanso o la hora de la comida. En los tres minutos de ir al servicio puedes aprovechar incluso para contestar algunos whatsapps.<\/p>\n<h3><strong>Y&#8230; tres ejercicios para que aumentes\u00a0tu\u00a0concentraci\u00f3n<\/strong><\/h3>\n<p>Hay gente con m\u00e1s predisposici\u00f3n, pero la concentraci\u00f3n tambi\u00e9n se entrena. Practica a diario cualquiera de estos tres ejercicios y ver\u00e1s c\u00f3mo pronto notas los resultados:<\/p>\n<ul>\n<li><strong>Define un objeto.<\/strong> Escoge un objeto sencillo, un clip por ejemplo, y ponte a pensar en sus cualidades. \u00bfDe qu\u00e9 material est\u00e1 hecho? \u00bfcu\u00e1nto crees que pesa? Tambi\u00e9n puedes centrarte en d\u00f3nde se fabrica, d\u00f3nde puedes comprarlo y a qu\u00e9 precio&#8230; El objetivo es que est\u00e9s pensando unos 5 minutos en el objeto sin que el tren de pensamiento te lleve a otros lugares que nada tienen que ver con un clip.<\/li>\n<li><strong>Recorre el camino inverso en el d\u00eda.<\/strong> Antes de irte a dormir, dedica unos 5 minutos tambi\u00e9n a pensar en todo lo que has hecho durante el d\u00eda. Empieza por lo m\u00e1s reciente y termina en el minuto en que te has levantado por la ma\u00f1ana. No es necesario que te recrees con los detalles. Debes conseguir no quedarte atrapado en un momento especialmente dif\u00edcil o desviar el pensamiento hacia otras cosas. Con la pr\u00e1ctica, se consigue.<\/li>\n<li><strong>Mientras caminas.<\/strong> Ya solo el hecho de caminar mejora la concentraci\u00f3n. Puedes reforzarla adem\u00e1s contando pasos: primero cuenta cinco pasos; al siguiente paso, empieza de nuevo la cuenta pero a\u00f1ade un paso m\u00e1s. Vuelve a empezar la cuenta y sigue a\u00f1adiendo un paso cada vez hasta que llegues a 10. Despu\u00e9s, empieza la cuenta con cinco pasos y contin\u00faa la nueva secuencia. Puedes repetirla varias veces.<\/li>\n<\/ul>\n<p>Esperamos que estos consejos mejoren tu concentraci\u00f3n, no solo en el trabajo sino en cualquier actividad que requiera que centres toda tu atenci\u00f3n.<\/p>\n","protected":false},"excerpt":{"rendered":"<p>Una de las claves para mejorar el rendimiento en el trabajo es que seas capaz de no despistarte<a class=\"moretag\" href=\"https:\/\/empresas.infoempleo.com\/hrtrends\/como-potenciar-la-concentracion-en-el-trabajo\/\"> Leer m\u00e1s<\/a><\/p>\n","protected":false},"author":28,"featured_media":22319,"comment_status":"closed","ping_status":"open","sticky":false,"template":"","format":"standard","meta":{"footnotes":""},"categories":[3],"tags":[282],"class_list":["post-22695","post","type-post","status-publish","format-standard","has-post-thumbnail","hentry","category-actualidad","tag-productividad"],"yoast_head":"<!-- This site is optimized with the Yoast SEO plugin v26.1.1 - https:\/\/yoast.com\/wordpress\/plugins\/seo\/ -->\n<title>C\u00f3mo potenciar la concentraci\u00f3n en el trabajo | HRTRENDS<\/title>\n<meta name=\"description\" content=\"Mantener la concentraci\u00f3n no significa que tengas que estar como una seta en tu puesto. Consejos para conseguirlo sin que te conviertas en un c\u00edborg.\" \/>\n<meta name=\"robots\" content=\"index, follow, max-snippet:-1, max-image-preview:large, max-video-preview:-1\" \/>\n<link rel=\"canonical\" href=\"https:\/\/empresas.infoempleo.com\/hrtrends\/como-potenciar-la-concentracion-en-el-trabajo\/\" \/>\n<meta property=\"og:locale\" content=\"es_ES\" \/>\n<meta property=\"og:type\" content=\"article\" \/>\n<meta property=\"og:title\" content=\"C\u00f3mo potenciar la concentraci\u00f3n en el trabajo | HRTRENDS\" \/>\n<meta property=\"og:description\" content=\"Mantener la concentraci\u00f3n no significa que tengas que estar como una seta en tu puesto. Consejos para conseguirlo sin que te conviertas en un c\u00edborg.\" \/>\n<meta property=\"og:url\" content=\"https:\/\/empresas.infoempleo.com\/hrtrends\/como-potenciar-la-concentracion-en-el-trabajo\/\" \/>\n<meta property=\"og:site_name\" content=\"HRTRENDS\" \/>\n<meta property=\"article:publisher\" content=\"https:\/\/www.facebook.com\/Infoempleo\" \/>\n<meta property=\"article:published_time\" content=\"2015-09-29T05:30:20+00:00\" \/>\n<meta property=\"article:modified_time\" content=\"2023-03-13T17:17:24+00:00\" \/>\n<meta property=\"og:image\" content=\"https:\/\/empresas.infoempleo.com\/hrtrends\/media\/2015\/09\/ThinkstockPhotos-525207501.jpg\" \/>\n\t<meta property=\"og:image:width\" content=\"546\" \/>\n\t<meta property=\"og:image:height\" content=\"256\" \/>\n\t<meta property=\"og:image:type\" content=\"image\/jpeg\" \/>\n<meta name=\"author\" content=\"Ester Carrasco\" \/>\n<meta name=\"twitter:card\" content=\"summary_large_image\" \/>\n<meta name=\"twitter:creator\" content=\"@infoempleo\" \/>\n<meta name=\"twitter:site\" content=\"@infoempleo\" \/>\n<meta name=\"twitter:label1\" content=\"Escrito por\" \/>\n\t<meta name=\"twitter:data1\" content=\"Ester Carrasco\" \/>\n\t<meta name=\"twitter:label2\" content=\"Tiempo de lectura\" \/>\n\t<meta name=\"twitter:data2\" content=\"4 minutos\" \/>\n<script type=\"application\/ld+json\" class=\"yoast-schema-graph\">{\"@context\":\"https:\/\/schema.org\",\"@graph\":[{\"@type\":\"NewsArticle\",\"@id\":\"https:\/\/empresas.infoempleo.com\/hrtrends\/como-potenciar-la-concentracion-en-el-trabajo\/#article\",\"isPartOf\":{\"@id\":\"https:\/\/empresas.infoempleo.com\/hrtrends\/como-potenciar-la-concentracion-en-el-trabajo\/\"},\"author\":{\"name\":\"Ester Carrasco\",\"@id\":\"https:\/\/empresas.infoempleo.com\/hrtrends\/#\/schema\/person\/b5f470bbbcd4f7f0a6b8e4a99fd663a1\"},\"headline\":\"C\u00f3mo potenciar la concentraci\u00f3n en el trabajo\",\"datePublished\":\"2015-09-29T05:30:20+00:00\",\"dateModified\":\"2023-03-13T17:17:24+00:00\",\"mainEntityOfPage\":{\"@id\":\"https:\/\/empresas.infoempleo.com\/hrtrends\/como-potenciar-la-concentracion-en-el-trabajo\/\"},\"wordCount\":778,\"publisher\":{\"@id\":\"https:\/\/empresas.infoempleo.com\/hrtrends\/#organization\"},\"image\":{\"@id\":\"https:\/\/empresas.infoempleo.com\/hrtrends\/como-potenciar-la-concentracion-en-el-trabajo\/#primaryimage\"},\"thumbnailUrl\":\"https:\/\/empresas.infoempleo.com\/hrtrends\/media\/2015\/09\/ThinkstockPhotos-525207501.jpg\",\"keywords\":[\"productividad\"],\"articleSection\":[\"Actualidad\"],\"inLanguage\":\"es\",\"copyrightYear\":\"2015\",\"copyrightHolder\":{\"@id\":\"https:\/\/empresas.infoempleo.com\/hrtrends\/#organization\"}},{\"@type\":\"WebPage\",\"@id\":\"https:\/\/empresas.infoempleo.com\/hrtrends\/como-potenciar-la-concentracion-en-el-trabajo\/\",\"url\":\"https:\/\/empresas.infoempleo.com\/hrtrends\/como-potenciar-la-concentracion-en-el-trabajo\/\",\"name\":\"C\u00f3mo potenciar la concentraci\u00f3n en el trabajo | HRTRENDS\",\"isPartOf\":{\"@id\":\"https:\/\/empresas.infoempleo.com\/hrtrends\/#website\"},\"primaryImageOfPage\":{\"@id\":\"https:\/\/empresas.infoempleo.com\/hrtrends\/como-potenciar-la-concentracion-en-el-trabajo\/#primaryimage\"},\"image\":{\"@id\":\"https:\/\/empresas.infoempleo.com\/hrtrends\/como-potenciar-la-concentracion-en-el-trabajo\/#primaryimage\"},\"thumbnailUrl\":\"https:\/\/empresas.infoempleo.com\/hrtrends\/media\/2015\/09\/ThinkstockPhotos-525207501.jpg\",\"datePublished\":\"2015-09-29T05:30:20+00:00\",\"dateModified\":\"2023-03-13T17:17:24+00:00\",\"description\":\"Mantener la concentraci\u00f3n no significa que tengas que estar como una seta en tu puesto. Consejos para conseguirlo sin que te conviertas en un c\u00edborg.\",\"breadcrumb\":{\"@id\":\"https:\/\/empresas.infoempleo.com\/hrtrends\/como-potenciar-la-concentracion-en-el-trabajo\/#breadcrumb\"},\"inLanguage\":\"es\",\"potentialAction\":[{\"@type\":\"ReadAction\",\"target\":[\"https:\/\/empresas.infoempleo.com\/hrtrends\/como-potenciar-la-concentracion-en-el-trabajo\/\"]}]},{\"@type\":\"ImageObject\",\"inLanguage\":\"es\",\"@id\":\"https:\/\/empresas.infoempleo.com\/hrtrends\/como-potenciar-la-concentracion-en-el-trabajo\/#primaryimage\",\"url\":\"https:\/\/empresas.infoempleo.com\/hrtrends\/media\/2015\/09\/ThinkstockPhotos-525207501-150x150.jpg\",\"contentUrl\":\"https:\/\/empresas.infoempleo.com\/hrtrends\/media\/2015\/09\/ThinkstockPhotos-525207501-150x150.jpg\",\"width\":150,\"height\":150,\"caption\":\"Mantener la concentraci\u00f3n\"},{\"@type\":\"BreadcrumbList\",\"@id\":\"https:\/\/empresas.infoempleo.com\/hrtrends\/como-potenciar-la-concentracion-en-el-trabajo\/#breadcrumb\",\"itemListElement\":[{\"@type\":\"ListItem\",\"position\":1,\"name\":\"Portada\",\"item\":\"https:\/\/empresas.infoempleo.com\/hrtrends\/\"},{\"@type\":\"ListItem\",\"position\":2,\"name\":\"C\u00f3mo potenciar la concentraci\u00f3n en el trabajo\"}]},{\"@type\":\"WebSite\",\"@id\":\"https:\/\/empresas.infoempleo.com\/hrtrends\/#website\",\"url\":\"https:\/\/empresas.infoempleo.com\/hrtrends\",\"name\":\"HRTrends by Infoempleo\",\"description\":\"\",\"publisher\":{\"@id\":\"https:\/\/empresas.infoempleo.com\/hrtrends\/#organization\"},\"potentialAction\":{\"@type\":\"SearchAction\",\"target\":\"https:\/\/empresas.infoempleo.com\/hrtrends\/?s={search_term_string}\",\"query-input\":\"required name=search_term_string\"},\"inLanguage\":\"es\"},{\"@type\":\"Organization\",\"@id\":\"https:\/\/empresas.infoempleo.com\/hrtrends\/#organization\",\"name\":\"Infoempleo\",\"url\":\"https:\/\/www.infoempleo.com\/\",\"logo\":{\"@type\":\"ImageObject\",\"@id\":\"https:\/\/empresas.infoempleo.com\/hrtrends\/#logo\",\"inLanguage\":\"es\",\"url\":\"https:\/\/cdnazure.infoempleo.com\/infoempleo\/assets\/style\/gfx\/logo.svg\",\"contentUrl\":\"https:\/\/cdnazure.infoempleo.com\/infoempleo\/assets\/style\/gfx\/logo.svg\",\"width\":150,\"height\":40,\"caption\":\"Infoempleo\"},\"image\":{\"@id\":\"https:\/\/empresas.infoempleo.com\/hrtrends\/#logo\"},\"sameAs\":[\"https:\/\/www.facebook.com\/Infoempleo\",\"https:\/\/x.com\/infoempleo\",\"http:\/\/instagram.com\/infoempleo\/\",\"http:\/\/www.linkedin.com\/groups\/Empleo-Espa\u00f1a-Infoempleocom-111276\",\"http:\/\/pinterest.com\/infoempleo\/\"],\"address\":{\"@type\":\"PostalAddress\",\"addressLocality\":\"Madrid\",\"postalCode\":\"28050\",\"streetAddress\":\"Avenida de Burgos 114\"},\"brand\":[\"Infoempleo\"]},{\"@type\":\"Person\",\"@id\":\"https:\/\/empresas.infoempleo.com\/hrtrends\/#\/schema\/person\/b5f470bbbcd4f7f0a6b8e4a99fd663a1\",\"name\":\"Ester Carrasco\",\"image\":{\"@type\":\"ImageObject\",\"inLanguage\":\"es\",\"@id\":\"https:\/\/empresas.infoempleo.com\/hrtrends\/#\/schema\/person\/image\/\",\"url\":\"https:\/\/secure.gravatar.com\/avatar\/faf8039f7480ebcd5f937fefead903a7965a3f0af255f45f22a6bfbcbf6f16cf?s=96&d=mm&r=g\",\"contentUrl\":\"https:\/\/secure.gravatar.com\/avatar\/faf8039f7480ebcd5f937fefead903a7965a3f0af255f45f22a6bfbcbf6f16cf?s=96&d=mm&r=g\",\"caption\":\"Ester Carrasco\"},\"description\":\"Licenciada en Filosof\u00eda, cuento con una amplia experiencia en el mundo editorial, en el que he tenido oportunidad de desarrollar mi perfil como editora, redactora y correctora. Me mantengo al d\u00eda de las noticias y novedades relacionadas con el empleo y el \u00e1mbito laboral. Tambi\u00e9n me interesan los temas de orientaci\u00f3n acad\u00e9mica y profesional para el desarrollo y construcci\u00f3n de perfiles laborales, as\u00ed como las formas de reclutar talento y de demostrarlo.\",\"url\":\"https:\/\/empresas.infoempleo.com\/hrtrends\/author\/ecarrascoagenciayerro\/\"}]}<\/script>\n<!-- \/ Yoast SEO plugin. -->","yoast_head_json":{"title":"C\u00f3mo potenciar la concentraci\u00f3n en el trabajo | HRTRENDS","description":"Mantener la concentraci\u00f3n no significa que tengas que estar como una seta en tu puesto. Consejos para conseguirlo sin que te conviertas en un c\u00edborg.","robots":{"index":"index","follow":"follow","max-snippet":"max-snippet:-1","max-image-preview":"max-image-preview:large","max-video-preview":"max-video-preview:-1"},"canonical":"https:\/\/empresas.infoempleo.com\/hrtrends\/como-potenciar-la-concentracion-en-el-trabajo\/","og_locale":"es_ES","og_type":"article","og_title":"C\u00f3mo potenciar la concentraci\u00f3n en el trabajo | HRTRENDS","og_description":"Mantener la concentraci\u00f3n no significa que tengas que estar como una seta en tu puesto. Consejos para conseguirlo sin que te conviertas en un c\u00edborg.","og_url":"https:\/\/empresas.infoempleo.com\/hrtrends\/como-potenciar-la-concentracion-en-el-trabajo\/","og_site_name":"HRTRENDS","article_publisher":"https:\/\/www.facebook.com\/Infoempleo","article_published_time":"2015-09-29T05:30:20+00:00","article_modified_time":"2023-03-13T17:17:24+00:00","og_image":[{"width":546,"height":256,"url":"https:\/\/empresas.infoempleo.com\/hrtrends\/media\/2015\/09\/ThinkstockPhotos-525207501.jpg","type":"image\/jpeg"}],"author":"Ester Carrasco","twitter_card":"summary_large_image","twitter_creator":"@infoempleo","twitter_site":"@infoempleo","twitter_misc":{"Escrito por":"Ester Carrasco","Tiempo de lectura":"4 minutos"},"schema":{"@context":"https:\/\/schema.org","@graph":[{"@type":"NewsArticle","@id":"https:\/\/empresas.infoempleo.com\/hrtrends\/como-potenciar-la-concentracion-en-el-trabajo\/#article","isPartOf":{"@id":"https:\/\/empresas.infoempleo.com\/hrtrends\/como-potenciar-la-concentracion-en-el-trabajo\/"},"author":{"name":"Ester Carrasco","@id":"https:\/\/empresas.infoempleo.com\/hrtrends\/#\/schema\/person\/b5f470bbbcd4f7f0a6b8e4a99fd663a1"},"headline":"C\u00f3mo potenciar la concentraci\u00f3n en el trabajo","datePublished":"2015-09-29T05:30:20+00:00","dateModified":"2023-03-13T17:17:24+00:00","mainEntityOfPage":{"@id":"https:\/\/empresas.infoempleo.com\/hrtrends\/como-potenciar-la-concentracion-en-el-trabajo\/"},"wordCount":778,"publisher":{"@id":"https:\/\/empresas.infoempleo.com\/hrtrends\/#organization"},"image":{"@id":"https:\/\/empresas.infoempleo.com\/hrtrends\/como-potenciar-la-concentracion-en-el-trabajo\/#primaryimage"},"thumbnailUrl":"https:\/\/empresas.infoempleo.com\/hrtrends\/media\/2015\/09\/ThinkstockPhotos-525207501.jpg","keywords":["productividad"],"articleSection":["Actualidad"],"inLanguage":"es","copyrightYear":"2015","copyrightHolder":{"@id":"https:\/\/empresas.infoempleo.com\/hrtrends\/#organization"}},{"@type":"WebPage","@id":"https:\/\/empresas.infoempleo.com\/hrtrends\/como-potenciar-la-concentracion-en-el-trabajo\/","url":"https:\/\/empresas.infoempleo.com\/hrtrends\/como-potenciar-la-concentracion-en-el-trabajo\/","name":"C\u00f3mo potenciar la concentraci\u00f3n en el trabajo | HRTRENDS","isPartOf":{"@id":"https:\/\/empresas.infoempleo.com\/hrtrends\/#website"},"primaryImageOfPage":{"@id":"https:\/\/empresas.infoempleo.com\/hrtrends\/como-potenciar-la-concentracion-en-el-trabajo\/#primaryimage"},"image":{"@id":"https:\/\/empresas.infoempleo.com\/hrtrends\/como-potenciar-la-concentracion-en-el-trabajo\/#primaryimage"},"thumbnailUrl":"https:\/\/empresas.infoempleo.com\/hrtrends\/media\/2015\/09\/ThinkstockPhotos-525207501.jpg","datePublished":"2015-09-29T05:30:20+00:00","dateModified":"2023-03-13T17:17:24+00:00","description":"Mantener la concentraci\u00f3n no significa que tengas que estar como una seta en tu puesto. Consejos para conseguirlo sin que te conviertas en un c\u00edborg.","breadcrumb":{"@id":"https:\/\/empresas.infoempleo.com\/hrtrends\/como-potenciar-la-concentracion-en-el-trabajo\/#breadcrumb"},"inLanguage":"es","potentialAction":[{"@type":"ReadAction","target":["https:\/\/empresas.infoempleo.com\/hrtrends\/como-potenciar-la-concentracion-en-el-trabajo\/"]}]},{"@type":"ImageObject","inLanguage":"es","@id":"https:\/\/empresas.infoempleo.com\/hrtrends\/como-potenciar-la-concentracion-en-el-trabajo\/#primaryimage","url":"https:\/\/empresas.infoempleo.com\/hrtrends\/media\/2015\/09\/ThinkstockPhotos-525207501-150x150.jpg","contentUrl":"https:\/\/empresas.infoempleo.com\/hrtrends\/media\/2015\/09\/ThinkstockPhotos-525207501-150x150.jpg","width":150,"height":150,"caption":"Mantener la concentraci\u00f3n"},{"@type":"BreadcrumbList","@id":"https:\/\/empresas.infoempleo.com\/hrtrends\/como-potenciar-la-concentracion-en-el-trabajo\/#breadcrumb","itemListElement":[{"@type":"ListItem","position":1,"name":"Portada","item":"https:\/\/empresas.infoempleo.com\/hrtrends\/"},{"@type":"ListItem","position":2,"name":"C\u00f3mo potenciar la concentraci\u00f3n en el trabajo"}]},{"@type":"WebSite","@id":"https:\/\/empresas.infoempleo.com\/hrtrends\/#website","url":"https:\/\/empresas.infoempleo.com\/hrtrends","name":"HRTrends by Infoempleo","description":"","publisher":{"@id":"https:\/\/empresas.infoempleo.com\/hrtrends\/#organization"},"potentialAction":{"@type":"SearchAction","target":"https:\/\/empresas.infoempleo.com\/hrtrends\/?s={search_term_string}","query-input":"required name=search_term_string"},"inLanguage":"es"},{"@type":"Organization","@id":"https:\/\/empresas.infoempleo.com\/hrtrends\/#organization","name":"Infoempleo","url":"https:\/\/www.infoempleo.com\/","logo":{"@type":"ImageObject","@id":"https:\/\/empresas.infoempleo.com\/hrtrends\/#logo","inLanguage":"es","url":"https:\/\/cdnazure.infoempleo.com\/infoempleo\/assets\/style\/gfx\/logo.svg","contentUrl":"https:\/\/cdnazure.infoempleo.com\/infoempleo\/assets\/style\/gfx\/logo.svg","width":150,"height":40,"caption":"Infoempleo"},"image":{"@id":"https:\/\/empresas.infoempleo.com\/hrtrends\/#logo"},"sameAs":["https:\/\/www.facebook.com\/Infoempleo","https:\/\/x.com\/infoempleo","http:\/\/instagram.com\/infoempleo\/","http:\/\/www.linkedin.com\/groups\/Empleo-Espa\u00f1a-Infoempleocom-111276","http:\/\/pinterest.com\/infoempleo\/"],"address":{"@type":"PostalAddress","addressLocality":"Madrid","postalCode":"28050","streetAddress":"Avenida de Burgos 114"},"brand":["Infoempleo"]},{"@type":"Person","@id":"https:\/\/empresas.infoempleo.com\/hrtrends\/#\/schema\/person\/b5f470bbbcd4f7f0a6b8e4a99fd663a1","name":"Ester Carrasco","image":{"@type":"ImageObject","inLanguage":"es","@id":"https:\/\/empresas.infoempleo.com\/hrtrends\/#\/schema\/person\/image\/","url":"https:\/\/secure.gravatar.com\/avatar\/faf8039f7480ebcd5f937fefead903a7965a3f0af255f45f22a6bfbcbf6f16cf?s=96&d=mm&r=g","contentUrl":"https:\/\/secure.gravatar.com\/avatar\/faf8039f7480ebcd5f937fefead903a7965a3f0af255f45f22a6bfbcbf6f16cf?s=96&d=mm&r=g","caption":"Ester Carrasco"},"description":"Licenciada en Filosof\u00eda, cuento con una amplia experiencia en el mundo editorial, en el que he tenido oportunidad de desarrollar mi perfil como editora, redactora y correctora. Me mantengo al d\u00eda de las noticias y novedades relacionadas con el empleo y el \u00e1mbito laboral. Tambi\u00e9n me interesan los temas de orientaci\u00f3n acad\u00e9mica y profesional para el desarrollo y construcci\u00f3n de perfiles laborales, as\u00ed como las formas de reclutar talento y de demostrarlo.","url":"https:\/\/empresas.infoempleo.com\/hrtrends\/author\/ecarrascoagenciayerro\/"}]}},"amp_enabled":true,"_links":{"self":[{"href":"https:\/\/empresas.infoempleo.com\/hrtrends\/wp-json\/wp\/v2\/posts\/22695","targetHints":{"allow":["GET"]}}],"collection":[{"href":"https:\/\/empresas.infoempleo.com\/hrtrends\/wp-json\/wp\/v2\/posts"}],"about":[{"href":"https:\/\/empresas.infoempleo.com\/hrtrends\/wp-json\/wp\/v2\/types\/post"}],"author":[{"embeddable":true,"href":"https:\/\/empresas.infoempleo.com\/hrtrends\/wp-json\/wp\/v2\/users\/28"}],"replies":[{"embeddable":true,"href":"https:\/\/empresas.infoempleo.com\/hrtrends\/wp-json\/wp\/v2\/comments?post=22695"}],"version-history":[{"count":1,"href":"https:\/\/empresas.infoempleo.com\/hrtrends\/wp-json\/wp\/v2\/posts\/22695\/revisions"}],"predecessor-version":[{"id":43115,"href":"https:\/\/empresas.infoempleo.com\/hrtrends\/wp-json\/wp\/v2\/posts\/22695\/revisions\/43115"}],"wp:featuredmedia":[{"embeddable":true,"href":"https:\/\/empresas.infoempleo.com\/hrtrends\/wp-json\/wp\/v2\/media\/22319"}],"wp:attachment":[{"href":"https:\/\/empresas.infoempleo.com\/hrtrends\/wp-json\/wp\/v2\/media?parent=22695"}],"wp:term":[{"taxonomy":"category","embeddable":true,"href":"https:\/\/empresas.infoempleo.com\/hrtrends\/wp-json\/wp\/v2\/categories?post=22695"},{"taxonomy":"post_tag","embeddable":true,"href":"https:\/\/empresas.infoempleo.com\/hrtrends\/wp-json\/wp\/v2\/tags?post=22695"}],"curies":[{"name":"wp","href":"https:\/\/api.w.org\/{rel}","templated":true}]}}