{"id":22682,"date":"2010-03-08T11:24:59","date_gmt":"2010-03-08T10:24:59","guid":{"rendered":"http:\/\/blog.infoempleo.com\/?p=7750"},"modified":"2024-08-29T17:48:50","modified_gmt":"2024-08-29T15:48:50","slug":"web-de-la-semana-14","status":"publish","type":"post","link":"https:\/\/empresas.infoempleo.com\/hrtrends\/web-de-la-semana-14\/","title":{"rendered":"Web de la semana &#8211; Rodrigo Gonz\u00e1lez"},"content":{"rendered":"<p style=\"text-align: center\"><img loading=\"lazy\" decoding=\"async\" class=\"aligncenter size-full wp-image-7749\" src=\"https:\/\/empresas.infoempleo.com\/hrtrends\/media\/2010\/03\/Webpersonalok1.jpg\" alt=\"Web de la semana\" width=\"192\" height=\"129\" \/><\/p>\n<p>La web personal de Rodrigo Gonz\u00e1lez es la destacada de esta semana, \u00a1no os la perd\u00e1is!<\/p>\n<p><strong>\u00bfQu\u00e9 te parece la idea de poder crear tu p\u00e1gina personal de manera gratuita?<br \/>\n<\/strong>Me parece una idea muy acertada ya que ofrece la posibilidad a los usuarios que est\u00e1n buscando empleo de mostrar sus conocimientos, experiencia e inquietudes.\u00a0<\/p>\n<p><strong>\u00bfQu\u00e9 van a encontrar las empresas en tu Web personal?<br \/>\n<\/strong>Lo que me interes\u00f3 plasmar en la Web es que la gente que no me conoce sepa un poco acerca de m\u00ed, mis aptitudes y actitudes ante la vida, los hobbies que me interesan. Es un primer contacto con el mundo empresarial interesante y espero que resulte efectivo.\u00a0<\/p>\n<p><strong>\u00bfDe qu\u00e9 forma crees que podr\u00e1 ayudarte en la b\u00fasqueda de empleo?<br \/>\n<\/strong>Me parece un \u00abescaparate\u00bb interesante para vender un \u00abproducto\u00bb, en este caso yo soy el producto. Es una v\u00eda m\u00e1s directa e interesante de lo que puede ser un curr\u00edculum plasmado en una hoja. En la Web puedo expresar mis preferencias laborales, formaci\u00f3n, experiencia. Si a esto le a\u00f1adimos que puedo adjuntar mis gustos musicales o hobbies creo que es ideal.\u00a0<\/p>\n<p><strong>\u00bfQu\u00e9 sistemas utilizas para promocionar tu p\u00e1gina?<br \/>\n<\/strong>La p\u00e1gina Web se cre\u00f3 hace 2 semanas aproximadamente. Los m\u00e9todos que estoy utilizando son: redes sociales, a trav\u00e9s de Facebook y Linkedin; a trav\u00e9s de env\u00edo de mails a amigos, familiares y conocidos; otra manera interesante es crear una firma a la hora de enviar mails donde figure la direcci\u00f3n de la Web; utilizar herramientas de Google como Google Analytics, es gratuita y permite llevar un control de visitas y te aconseja como mejorar el rendimiento; adjuntar la direcci\u00f3n Web a mi curr\u00edculum para que la gente que lo reciba pueda conocer m\u00e1s aspectos acerca de m\u00ed.\u00a0<\/p>\n<p><strong>\u00bfQu\u00e9 tiempo dedicas a la b\u00fasqueda de empleo?\u00bfC\u00f3mo te organizas la b\u00fasqueda?<br \/>\n<\/strong>Creo que buscar trabajo ya es un trabajo en s\u00ed, con lo que hay que dedicarle, como m\u00ednimo, tantas horas como una jornada laboral normal. De 20 a 40 horas a la semana, como poco. Debajo de esas cifras pienso que no se est\u00e1 buscando sino que se est\u00e1 esperando a que venga el trabajo, lo cual no recomiendo. En mi caso me marco unos horarios cada d\u00eda donde anoto el tiempo que le dedicar\u00e9 a buscar empleo, al ocio u otras actividades. Es una manera apropiada para tener todo organizado y as\u00ed \u00abte obligas a realizarlo\u00bb, a m\u00ed me resulta.\u00a0<\/p>\n<p><strong>\u00bfConsideras que las redes sociales son una buena manera de encontrar trabajo?<br \/>\n<\/strong>Si se emplean de manera adecuada y con ese prop\u00f3sito, por supuesto. Hoy en d\u00eda tenemos muchas oportunidades que nos brinda Internet y hay que aprovecharlas e intentar sacar el m\u00e1ximo partido. Pr\u00f3ximamente espero ampliar mi campo de redes sociales y abrir una cuenta Twitter, de momento me estoy informando de su funcionamiento.\u00a0<\/p>\n<p><strong>\u00bfEn cu\u00e1ntos comunidades digitales tienes tu perfil?<br \/>\n<\/strong>Hasta ahora comparto mi perfil en Facebook y Linkedin.\u00a0<\/p>\n<p><strong>\u00bfCrees que es mejor estar en todas partes o centrarte en una y tenerla lo m\u00e1s actualizada posible?<br \/>\n<\/strong>Esta respuesta que voy a dar es un poco neutra, jeje. Es bueno estar en muchas partes y que te conozcan, es uno de los principales objetivos; pero creo que es tan importante o m\u00e1s estar actualizado ya que la gente que te conozca ver\u00e1 que le pones inter\u00e9s y que estas preocupado por estar \u00abdentro del mercado\u00bb. Lo ideal ser\u00eda que te conociera mucha gente y que noten que estas actualizado constantemente.<\/p>\n<p><strong>\u00a0\u00bfTe ha sucedido alguna an\u00e9cdota divertida en tu b\u00fasqueda de trabajo?<br \/>\n<\/strong>Sinceramente no tengo ninguna an\u00e9cdota destacable, el tiempo que llevo buscando trabajo siempre fue de manera natural, tanto los procesos de selecci\u00f3n como las entrevistas.<\/p>\n<p>\u00a0<strong>\u00bfD\u00f3nde te ves trabajando dentro de 10 a\u00f1os?<br \/>\n<\/strong>Me gustar\u00eda formar parte de un gran equipo y tener la oportunidad de dirigir y coordinar alg\u00fan departamento. Eso es lo que me gustar\u00eda y voy a dedicarle mucho esfuerzo y trabajo para intentar conseguirlo.<\/p>\n","protected":false},"excerpt":{"rendered":"<p>La web personal de Rodrigo Gonz\u00e1lez es la destacada de esta semana, \u00a1no os la perd\u00e1is! \u00bfQu\u00e9 te<a class=\"moretag\" href=\"https:\/\/empresas.infoempleo.com\/hrtrends\/web-de-la-semana-14\/\"> Leer m\u00e1s<\/a><\/p>\n","protected":false},"author":72,"featured_media":29665,"comment_status":"closed","ping_status":"open","sticky":false,"template":"","format":"standard","meta":{"footnotes":""},"categories":[3],"tags":[753,722,723],"class_list":["post-22682","post","type-post","status-publish","format-standard","has-post-thumbnail","hentry","category-actualidad","tag-pagina-de-la-semana","tag-paginas-personales","tag-web-de-la-semana"],"yoast_head":"<!-- This site is optimized with the Yoast SEO plugin v26.1.1 - https:\/\/yoast.com\/wordpress\/plugins\/seo\/ -->\n<title>Web de la semana - Rodrigo Gonz\u00e1lez | HRTRENDS<\/title>\n<meta name=\"robots\" content=\"index, follow, max-snippet:-1, max-image-preview:large, max-video-preview:-1\" \/>\n<link rel=\"canonical\" href=\"https:\/\/empresas.infoempleo.com\/hrtrends\/web-de-la-semana-14\/\" \/>\n<meta property=\"og:locale\" content=\"es_ES\" \/>\n<meta property=\"og:type\" content=\"article\" \/>\n<meta property=\"og:title\" content=\"Web de la semana - Rodrigo Gonz\u00e1lez | HRTRENDS\" \/>\n<meta property=\"og:description\" content=\"La web personal de Rodrigo Gonz\u00e1lez es la destacada de esta semana, \u00a1no os la perd\u00e1is! \u00bfQu\u00e9 te Leer m\u00e1s\" \/>\n<meta property=\"og:url\" content=\"https:\/\/empresas.infoempleo.com\/hrtrends\/web-de-la-semana-14\/\" \/>\n<meta property=\"og:site_name\" content=\"HRTRENDS\" \/>\n<meta property=\"article:publisher\" content=\"https:\/\/www.facebook.com\/Infoempleo\" \/>\n<meta property=\"article:published_time\" content=\"2010-03-08T10:24:59+00:00\" \/>\n<meta property=\"article:modified_time\" content=\"2024-08-29T15:48:50+00:00\" \/>\n<meta property=\"og:image\" content=\"https:\/\/empresas.infoempleo.com\/hrtrends\/media\/2010\/03\/Webpersonalok1.jpg\" \/>\n<meta name=\"author\" content=\"infoempleo\" \/>\n<meta name=\"twitter:card\" content=\"summary_large_image\" \/>\n<meta name=\"twitter:creator\" content=\"@infoempleo\" \/>\n<meta name=\"twitter:site\" content=\"@infoempleo\" \/>\n<meta name=\"twitter:label1\" content=\"Escrito por\" \/>\n\t<meta name=\"twitter:data1\" content=\"infoempleo\" \/>\n\t<meta name=\"twitter:label2\" content=\"Tiempo de lectura\" \/>\n\t<meta name=\"twitter:data2\" content=\"3 minutos\" \/>\n<script type=\"application\/ld+json\" class=\"yoast-schema-graph\">{\"@context\":\"https:\/\/schema.org\",\"@graph\":[{\"@type\":\"NewsArticle\",\"@id\":\"https:\/\/empresas.infoempleo.com\/hrtrends\/web-de-la-semana-14\/#article\",\"isPartOf\":{\"@id\":\"https:\/\/empresas.infoempleo.com\/hrtrends\/web-de-la-semana-14\/\"},\"author\":{\"name\":\"infoempleo\",\"@id\":\"https:\/\/empresas.infoempleo.com\/hrtrends\/#\/schema\/person\/67d3e276ffcc8b3ae0ebec816daf775a\"},\"headline\":\"Web de la semana &#8211; Rodrigo Gonz\u00e1lez\",\"datePublished\":\"2010-03-08T10:24:59+00:00\",\"dateModified\":\"2024-08-29T15:48:50+00:00\",\"mainEntityOfPage\":{\"@id\":\"https:\/\/empresas.infoempleo.com\/hrtrends\/web-de-la-semana-14\/\"},\"wordCount\":703,\"publisher\":{\"@id\":\"https:\/\/empresas.infoempleo.com\/hrtrends\/#organization\"},\"image\":{\"@id\":\"https:\/\/empresas.infoempleo.com\/hrtrends\/web-de-la-semana-14\/#primaryimage\"},\"thumbnailUrl\":\"https:\/\/empresas.infoempleo.com\/hrtrends\/media\/2017\/05\/pexels-photo-205508.jpg\",\"keywords\":[\"p\u00e1gina de la semana\",\"P\u00e1ginas personales\",\"web de la semana\"],\"articleSection\":[\"Actualidad\"],\"inLanguage\":\"es\",\"copyrightYear\":\"2010\",\"copyrightHolder\":{\"@id\":\"https:\/\/empresas.infoempleo.com\/hrtrends\/#organization\"}},{\"@type\":\"WebPage\",\"@id\":\"https:\/\/empresas.infoempleo.com\/hrtrends\/web-de-la-semana-14\/\",\"url\":\"https:\/\/empresas.infoempleo.com\/hrtrends\/web-de-la-semana-14\/\",\"name\":\"Web de la semana - Rodrigo Gonz\u00e1lez | HRTRENDS\",\"isPartOf\":{\"@id\":\"https:\/\/empresas.infoempleo.com\/hrtrends\/#website\"},\"primaryImageOfPage\":{\"@id\":\"https:\/\/empresas.infoempleo.com\/hrtrends\/web-de-la-semana-14\/#primaryimage\"},\"image\":{\"@id\":\"https:\/\/empresas.infoempleo.com\/hrtrends\/web-de-la-semana-14\/#primaryimage\"},\"thumbnailUrl\":\"https:\/\/empresas.infoempleo.com\/hrtrends\/media\/2017\/05\/pexels-photo-205508.jpg\",\"datePublished\":\"2010-03-08T10:24:59+00:00\",\"dateModified\":\"2024-08-29T15:48:50+00:00\",\"breadcrumb\":{\"@id\":\"https:\/\/empresas.infoempleo.com\/hrtrends\/web-de-la-semana-14\/#breadcrumb\"},\"inLanguage\":\"es\",\"potentialAction\":[{\"@type\":\"ReadAction\",\"target\":[\"https:\/\/empresas.infoempleo.com\/hrtrends\/web-de-la-semana-14\/\"]}]},{\"@type\":\"ImageObject\",\"inLanguage\":\"es\",\"@id\":\"https:\/\/empresas.infoempleo.com\/hrtrends\/web-de-la-semana-14\/#primaryimage\",\"url\":\"https:\/\/empresas.infoempleo.com\/hrtrends\/media\/2017\/05\/pexels-photo-205508-150x150.jpg\",\"contentUrl\":\"https:\/\/empresas.infoempleo.com\/hrtrends\/media\/2017\/05\/pexels-photo-205508-150x150.jpg\",\"width\":150,\"height\":150},{\"@type\":\"BreadcrumbList\",\"@id\":\"https:\/\/empresas.infoempleo.com\/hrtrends\/web-de-la-semana-14\/#breadcrumb\",\"itemListElement\":[{\"@type\":\"ListItem\",\"position\":1,\"name\":\"Portada\",\"item\":\"https:\/\/empresas.infoempleo.com\/hrtrends\/\"},{\"@type\":\"ListItem\",\"position\":2,\"name\":\"Web de la semana &#8211; Rodrigo Gonz\u00e1lez\"}]},{\"@type\":\"WebSite\",\"@id\":\"https:\/\/empresas.infoempleo.com\/hrtrends\/#website\",\"url\":\"https:\/\/empresas.infoempleo.com\/hrtrends\",\"name\":\"HRTrends by Infoempleo\",\"description\":\"\",\"publisher\":{\"@id\":\"https:\/\/empresas.infoempleo.com\/hrtrends\/#organization\"},\"potentialAction\":{\"@type\":\"SearchAction\",\"target\":\"https:\/\/empresas.infoempleo.com\/hrtrends\/?s={search_term_string}\",\"query-input\":\"required name=search_term_string\"},\"inLanguage\":\"es\"},{\"@type\":\"Organization\",\"@id\":\"https:\/\/empresas.infoempleo.com\/hrtrends\/#organization\",\"name\":\"Infoempleo\",\"url\":\"https:\/\/www.infoempleo.com\/\",\"logo\":{\"@type\":\"ImageObject\",\"@id\":\"https:\/\/empresas.infoempleo.com\/hrtrends\/#logo\",\"inLanguage\":\"es\",\"url\":\"https:\/\/cdnazure.infoempleo.com\/infoempleo\/assets\/style\/gfx\/logo.svg\",\"contentUrl\":\"https:\/\/cdnazure.infoempleo.com\/infoempleo\/assets\/style\/gfx\/logo.svg\",\"width\":150,\"height\":40,\"caption\":\"Infoempleo\"},\"image\":{\"@id\":\"https:\/\/empresas.infoempleo.com\/hrtrends\/#logo\"},\"sameAs\":[\"https:\/\/www.facebook.com\/Infoempleo\",\"https:\/\/x.com\/infoempleo\",\"http:\/\/instagram.com\/infoempleo\/\",\"http:\/\/www.linkedin.com\/groups\/Empleo-Espa\u00f1a-Infoempleocom-111276\",\"http:\/\/pinterest.com\/infoempleo\/\"],\"address\":{\"@type\":\"PostalAddress\",\"addressLocality\":\"Madrid\",\"postalCode\":\"28050\",\"streetAddress\":\"Avenida de Burgos 114\"},\"brand\":[\"Infoempleo\"]},{\"@type\":\"Person\",\"@id\":\"https:\/\/empresas.infoempleo.com\/hrtrends\/#\/schema\/person\/67d3e276ffcc8b3ae0ebec816daf775a\",\"name\":\"infoempleo\",\"image\":{\"@type\":\"ImageObject\",\"inLanguage\":\"es\",\"@id\":\"https:\/\/empresas.infoempleo.com\/hrtrends\/#\/schema\/person\/image\/\",\"url\":\"https:\/\/secure.gravatar.com\/avatar\/7b437777242fe67d2473c2a818da2344692d1ee91e91080ccffbd97bcd4a0975?s=96&d=mm&r=g\",\"contentUrl\":\"https:\/\/secure.gravatar.com\/avatar\/7b437777242fe67d2473c2a818da2344692d1ee91e91080ccffbd97bcd4a0975?s=96&d=mm&r=g\",\"caption\":\"infoempleo\"},\"url\":\"https:\/\/empresas.infoempleo.com\/hrtrends\/author\/infoempleo\/\"}]}<\/script>\n<!-- \/ Yoast SEO plugin. -->","yoast_head_json":{"title":"Web de la semana - Rodrigo Gonz\u00e1lez | HRTRENDS","robots":{"index":"index","follow":"follow","max-snippet":"max-snippet:-1","max-image-preview":"max-image-preview:large","max-video-preview":"max-video-preview:-1"},"canonical":"https:\/\/empresas.infoempleo.com\/hrtrends\/web-de-la-semana-14\/","og_locale":"es_ES","og_type":"article","og_title":"Web de la semana - Rodrigo Gonz\u00e1lez | HRTRENDS","og_description":"La web personal de Rodrigo Gonz\u00e1lez es la destacada de esta semana, \u00a1no os la perd\u00e1is! \u00bfQu\u00e9 te Leer m\u00e1s","og_url":"https:\/\/empresas.infoempleo.com\/hrtrends\/web-de-la-semana-14\/","og_site_name":"HRTRENDS","article_publisher":"https:\/\/www.facebook.com\/Infoempleo","article_published_time":"2010-03-08T10:24:59+00:00","article_modified_time":"2024-08-29T15:48:50+00:00","og_image":[{"url":"https:\/\/empresas.infoempleo.com\/hrtrends\/media\/2010\/03\/Webpersonalok1.jpg","type":"","width":"","height":""}],"author":"infoempleo","twitter_card":"summary_large_image","twitter_creator":"@infoempleo","twitter_site":"@infoempleo","twitter_misc":{"Escrito por":"infoempleo","Tiempo de lectura":"3 minutos"},"schema":{"@context":"https:\/\/schema.org","@graph":[{"@type":"NewsArticle","@id":"https:\/\/empresas.infoempleo.com\/hrtrends\/web-de-la-semana-14\/#article","isPartOf":{"@id":"https:\/\/empresas.infoempleo.com\/hrtrends\/web-de-la-semana-14\/"},"author":{"name":"infoempleo","@id":"https:\/\/empresas.infoempleo.com\/hrtrends\/#\/schema\/person\/67d3e276ffcc8b3ae0ebec816daf775a"},"headline":"Web de la semana &#8211; Rodrigo Gonz\u00e1lez","datePublished":"2010-03-08T10:24:59+00:00","dateModified":"2024-08-29T15:48:50+00:00","mainEntityOfPage":{"@id":"https:\/\/empresas.infoempleo.com\/hrtrends\/web-de-la-semana-14\/"},"wordCount":703,"publisher":{"@id":"https:\/\/empresas.infoempleo.com\/hrtrends\/#organization"},"image":{"@id":"https:\/\/empresas.infoempleo.com\/hrtrends\/web-de-la-semana-14\/#primaryimage"},"thumbnailUrl":"https:\/\/empresas.infoempleo.com\/hrtrends\/media\/2017\/05\/pexels-photo-205508.jpg","keywords":["p\u00e1gina de la semana","P\u00e1ginas personales","web de la semana"],"articleSection":["Actualidad"],"inLanguage":"es","copyrightYear":"2010","copyrightHolder":{"@id":"https:\/\/empresas.infoempleo.com\/hrtrends\/#organization"}},{"@type":"WebPage","@id":"https:\/\/empresas.infoempleo.com\/hrtrends\/web-de-la-semana-14\/","url":"https:\/\/empresas.infoempleo.com\/hrtrends\/web-de-la-semana-14\/","name":"Web de la semana - Rodrigo Gonz\u00e1lez | HRTRENDS","isPartOf":{"@id":"https:\/\/empresas.infoempleo.com\/hrtrends\/#website"},"primaryImageOfPage":{"@id":"https:\/\/empresas.infoempleo.com\/hrtrends\/web-de-la-semana-14\/#primaryimage"},"image":{"@id":"https:\/\/empresas.infoempleo.com\/hrtrends\/web-de-la-semana-14\/#primaryimage"},"thumbnailUrl":"https:\/\/empresas.infoempleo.com\/hrtrends\/media\/2017\/05\/pexels-photo-205508.jpg","datePublished":"2010-03-08T10:24:59+00:00","dateModified":"2024-08-29T15:48:50+00:00","breadcrumb":{"@id":"https:\/\/empresas.infoempleo.com\/hrtrends\/web-de-la-semana-14\/#breadcrumb"},"inLanguage":"es","potentialAction":[{"@type":"ReadAction","target":["https:\/\/empresas.infoempleo.com\/hrtrends\/web-de-la-semana-14\/"]}]},{"@type":"ImageObject","inLanguage":"es","@id":"https:\/\/empresas.infoempleo.com\/hrtrends\/web-de-la-semana-14\/#primaryimage","url":"https:\/\/empresas.infoempleo.com\/hrtrends\/media\/2017\/05\/pexels-photo-205508-150x150.jpg","contentUrl":"https:\/\/empresas.infoempleo.com\/hrtrends\/media\/2017\/05\/pexels-photo-205508-150x150.jpg","width":150,"height":150},{"@type":"BreadcrumbList","@id":"https:\/\/empresas.infoempleo.com\/hrtrends\/web-de-la-semana-14\/#breadcrumb","itemListElement":[{"@type":"ListItem","position":1,"name":"Portada","item":"https:\/\/empresas.infoempleo.com\/hrtrends\/"},{"@type":"ListItem","position":2,"name":"Web de la semana &#8211; Rodrigo Gonz\u00e1lez"}]},{"@type":"WebSite","@id":"https:\/\/empresas.infoempleo.com\/hrtrends\/#website","url":"https:\/\/empresas.infoempleo.com\/hrtrends","name":"HRTrends by Infoempleo","description":"","publisher":{"@id":"https:\/\/empresas.infoempleo.com\/hrtrends\/#organization"},"potentialAction":{"@type":"SearchAction","target":"https:\/\/empresas.infoempleo.com\/hrtrends\/?s={search_term_string}","query-input":"required name=search_term_string"},"inLanguage":"es"},{"@type":"Organization","@id":"https:\/\/empresas.infoempleo.com\/hrtrends\/#organization","name":"Infoempleo","url":"https:\/\/www.infoempleo.com\/","logo":{"@type":"ImageObject","@id":"https:\/\/empresas.infoempleo.com\/hrtrends\/#logo","inLanguage":"es","url":"https:\/\/cdnazure.infoempleo.com\/infoempleo\/assets\/style\/gfx\/logo.svg","contentUrl":"https:\/\/cdnazure.infoempleo.com\/infoempleo\/assets\/style\/gfx\/logo.svg","width":150,"height":40,"caption":"Infoempleo"},"image":{"@id":"https:\/\/empresas.infoempleo.com\/hrtrends\/#logo"},"sameAs":["https:\/\/www.facebook.com\/Infoempleo","https:\/\/x.com\/infoempleo","http:\/\/instagram.com\/infoempleo\/","http:\/\/www.linkedin.com\/groups\/Empleo-Espa\u00f1a-Infoempleocom-111276","http:\/\/pinterest.com\/infoempleo\/"],"address":{"@type":"PostalAddress","addressLocality":"Madrid","postalCode":"28050","streetAddress":"Avenida de Burgos 114"},"brand":["Infoempleo"]},{"@type":"Person","@id":"https:\/\/empresas.infoempleo.com\/hrtrends\/#\/schema\/person\/67d3e276ffcc8b3ae0ebec816daf775a","name":"infoempleo","image":{"@type":"ImageObject","inLanguage":"es","@id":"https:\/\/empresas.infoempleo.com\/hrtrends\/#\/schema\/person\/image\/","url":"https:\/\/secure.gravatar.com\/avatar\/7b437777242fe67d2473c2a818da2344692d1ee91e91080ccffbd97bcd4a0975?s=96&d=mm&r=g","contentUrl":"https:\/\/secure.gravatar.com\/avatar\/7b437777242fe67d2473c2a818da2344692d1ee91e91080ccffbd97bcd4a0975?s=96&d=mm&r=g","caption":"infoempleo"},"url":"https:\/\/empresas.infoempleo.com\/hrtrends\/author\/infoempleo\/"}]}},"amp_enabled":true,"_links":{"self":[{"href":"https:\/\/empresas.infoempleo.com\/hrtrends\/wp-json\/wp\/v2\/posts\/22682","targetHints":{"allow":["GET"]}}],"collection":[{"href":"https:\/\/empresas.infoempleo.com\/hrtrends\/wp-json\/wp\/v2\/posts"}],"about":[{"href":"https:\/\/empresas.infoempleo.com\/hrtrends\/wp-json\/wp\/v2\/types\/post"}],"author":[{"embeddable":true,"href":"https:\/\/empresas.infoempleo.com\/hrtrends\/wp-json\/wp\/v2\/users\/72"}],"replies":[{"embeddable":true,"href":"https:\/\/empresas.infoempleo.com\/hrtrends\/wp-json\/wp\/v2\/comments?post=22682"}],"version-history":[{"count":1,"href":"https:\/\/empresas.infoempleo.com\/hrtrends\/wp-json\/wp\/v2\/posts\/22682\/revisions"}],"predecessor-version":[{"id":45319,"href":"https:\/\/empresas.infoempleo.com\/hrtrends\/wp-json\/wp\/v2\/posts\/22682\/revisions\/45319"}],"wp:featuredmedia":[{"embeddable":true,"href":"https:\/\/empresas.infoempleo.com\/hrtrends\/wp-json\/wp\/v2\/media\/29665"}],"wp:attachment":[{"href":"https:\/\/empresas.infoempleo.com\/hrtrends\/wp-json\/wp\/v2\/media?parent=22682"}],"wp:term":[{"taxonomy":"category","embeddable":true,"href":"https:\/\/empresas.infoempleo.com\/hrtrends\/wp-json\/wp\/v2\/categories?post=22682"},{"taxonomy":"post_tag","embeddable":true,"href":"https:\/\/empresas.infoempleo.com\/hrtrends\/wp-json\/wp\/v2\/tags?post=22682"}],"curies":[{"name":"wp","href":"https:\/\/api.w.org\/{rel}","templated":true}]}}