{"id":22681,"date":"2010-03-08T12:07:18","date_gmt":"2010-03-08T11:07:18","guid":{"rendered":"http:\/\/blog.infoempleo.com\/?p=7714"},"modified":"2024-08-29T17:48:50","modified_gmt":"2024-08-29T15:48:50","slug":"de-la-crisis-a-la-oportunidad-a-traves-de-las-personas","status":"publish","type":"post","link":"https:\/\/empresas.infoempleo.com\/hrtrends\/de-la-crisis-a-la-oportunidad-a-traves-de-las-personas\/","title":{"rendered":"De la crisis a la oportunidad a trav\u00e9s de las personas"},"content":{"rendered":"<p style=\"text-align: center\"><img loading=\"lazy\" decoding=\"async\" class=\"size-full wp-image-7723      aligncenter\" src=\"https:\/\/empresas.infoempleo.com\/hrtrends\/media\/2010\/03\/Hudson1.jpg\" alt=\"Irene Medina\" width=\"551\" height=\"368\" srcset=\"https:\/\/empresas.infoempleo.com\/hrtrends\/media\/2010\/03\/Hudson1.jpg 1280w, https:\/\/empresas.infoempleo.com\/hrtrends\/media\/2010\/03\/Hudson1-300x200.jpg 300w, https:\/\/empresas.infoempleo.com\/hrtrends\/media\/2010\/03\/Hudson1-1024x682.jpg 1024w, https:\/\/empresas.infoempleo.com\/hrtrends\/media\/2010\/03\/Hudson1-768x512.jpg 768w\" sizes=\"auto, (max-width: 551px) 100vw, 551px\" \/><\/p>\n<p>Foto: Irene Medina<\/p>\n<p>\u00abSi hay un momento para desaprender las malas costumbres y cambiar de cultura, es \u00e9ste\u00bb. Para Juan Mora, director corporativo de RR.HH. y RSC de NH Hoteles, la actual situaci\u00f3n econ\u00f3mica ha sido el mayor de los acicates para su \u00abequipo\u00bb. Un \u2018dream team\u2019 compuesto por cerca de 20.000 empleados que han cambiado \u00absu habitual discurso de queja por el de negocio\u00bb y que, unidos, han hecho que gane el re\u00f1ido III Premio Hudson ABC. Porque \u2018Todos somos ventas\u2019,\u00a0 que ha convertido a los trabajadores de la empresa en sus mejores valedores, no s\u00f3lo resume el concienzudo trabajo de este experto en personas durante 2009, sino tambi\u00e9n el de todos y cada uno de los candidatos a este galard\u00f3n, que han coincidido en apoyar la fuerza de la organizaci\u00f3n en la comuni\u00f3n de unidades, departamentos, personas&#8230; en pro de un bien com\u00fan: el \u00e9xito de la empresa.<\/p>\n<p>Ante esta radiograf\u00eda de la funci\u00f3n en Espa\u00f1a \u2014\u00bby que sorprendentemente se ha apoyado en mayor medida en la innovaci\u00f3n y la creatividad que en el recorte de plantilla\u00bb, tal y como destaca Alfonso Gordon, director de RR.HH. de Eulen y presidente del jurado\u2014, no es de extra\u00f1ar que la nueva convocatoria de este premio, que ha tenido como lema \u00abSoluciones constructivas en tiempos de crisis\u00bb, haya sido la mayor en sus tres intensos a\u00f1os de historia, y su entrega, uno de los eventos m\u00e1s concurridos del sector en los \u00faltimos meses.<\/p>\n<p>Fue el pasado 2 de marzo, en el Hotel Eurobuilding de Madrid, y all\u00ed se dieron cita, am\u00e9n de jurado y ganador del premio, su acc\u00e9sit, Bego\u00f1a Landazuri, directora de Recursos Humanos de FNAC; los organizadores, <a title=\"Enlace Hudson\" href=\"https:\/\/www.morganphilips.com\/es\/otras-localizaciones\" target=\"_blank\" rel=\"noopener\">Hudson Espa\u00f1a, <\/a>representados por su consejera delegada, Montserrat Luquero, y m\u00e1s de cien invitados, entre los que podemos destacar la presencia de Marcos de Quinto, presidente de <a title=\"Link Coca Cola\" href=\"https:\/\/www.cocacola.es\/\" target=\"_blank\" rel=\"noopener\">Coca-Cola Espa\u00f1a<\/a> e invitado de honor en el panel del acto.<\/p>\n<p>\u00abEs un galard\u00f3n diferente y me gusta \u2014comenzaba en su conferencia\u2014, porque no se da a la empresa sino a la persona, y yo creo en ella\u00bb. Para De Quinto, que denuncia \u00abun abuso de lo pol\u00edticamente correcto del t\u00e9rmino \u2018equipo\u2019\u00bb, es muy importante apoyar el trabajo y el esfuerzo del \u2018uno\u2019, \u00abporque el verdadero \u00e9xito est\u00e1 realmente en la suma de las individualidades, no en el de un grupo de empleados cortados por el mismo patr\u00f3n\u00bb. Y fiel a su defensa de la diferencia \u2014y de no caer en el lenguaje aceptado por la masa\u2014 como motor del progreso, el presidente de Coca-Cola Espa\u00f1a la emprendi\u00f3 con aquellos que han utilizado la crisis para deshacerse de su recurso m\u00e1s preciado, las personas: \u00abHay veces que, para que no se hunda el barco, hay que tirar a gente por la borda&#8230; pero el problema es cuando se lanza a quien no se debe o se hace para tocar a m\u00e1s caviar\u00bb. \u00abSi realmente tienes un mal equipo, no esperas a tener problemas para disolverlo, y, por el contrario, cuando \u00e9stos se producen por causas externas, lo leal es mantenerlo y contar con \u00e9l en el momento en el que te empieces a recuperar\u00bb, puntualiza.<\/p>\n<h3>Experiencias positivas<\/h3>\n<p>Si bien Marcos de Quinto insiste en recordar los peligros del exceso de formaci\u00f3n y la falta de \u00abcalle\u00bb entre algunos ejecutivos \u2014\u00bbdemasiada teor\u00eda lleva a muchos a una seguridad suicida\u00bb, conclu\u00eda su discurso\u2014, en el caso de los finalistas al III Premio Hudson-ABC, la experiencia, adem\u00e1s de ser un grado, supone la supervivencia y \u00e9xito de una empresa. Alfonso Gordon, como representante del jurado, no pod\u00eda ser m\u00e1s explicito a la hora de reconocer el \u2018expertise\u2019 de los participantes: \u00abLos finalistas [F\u00e9lix Alarc\u00f3n, de Wolters Kluwer; Pedro Guanche, de Cecofar; Juan Mora, de NH Hoteles y Bego\u00f1a Landazuri de Fnac] as\u00ed como el resto de candidatos han demostrando que se puede ser creativo pese a la crisis y tener impacto en la cuenta de resultados al mismo tiempo que se mantiene a la plantilla\u00bb. \u00abEsto pone de relieve el trabajo del responsable de Recursos Humanos, que es a\u00fan m\u00e1s importante en \u00e9pocas dif\u00edciles\u00bb, insist\u00eda.<\/p>\n<p>Prueba de ello tambi\u00e9n es el acc\u00e9sit del premio concedido este a\u00f1o a Bego\u00f1a Landazuri por su trabajo en el Proyecto de Alto Rendimiento \u2018PAR\u2019 de Fnac, en el que, de nuevo, los empleados han sido los protagonistas. Consciente de la experiencia de sus trabajadores, Landazuri y su equipo vieron, tras una detallada evaluaci\u00f3n, que la competencia en venta, al igual que en el caso de Nh Hoteles, no deb\u00eda corresponder estrictamente al equipo comercial, sino a toda la plantilla. \u00abEnseguida vimos que reducci\u00f3n de costes no tiene por qu\u00e9 pasar por la reducci\u00f3n de personal sino, al contrario, en ver c\u00f3mo pod\u00edamos hacer mejores a los mejores y trasladar a nuestros 1.800 empleados el hecho de que s\u00f3lo basta cambiar la cultura, el chip&#8230; para que las cosas funcionen\u00bb, reconoce Landazuri. Dos \u2018mystery shoppers\u2019 \u2014compradores misteriosos, uno antes y otro tras esta modificaci\u00f3n de cultura hacia el cliente\u2014 y m\u00e1s de 16 horas de formaci\u00f3n despu\u00e9s \u2014 \u00ablos que estamos en este \u00e1mbito sabemos el esfuerzo que hay en este apartado\u00bb, apunta\u2014, el proyecto a corto y largo plazo de Fnac se est\u00e1 cumpliendo y, lo que es m\u00e1s importante, confirma la teor\u00eda de Landazuri: \u00abEl detalle no es estar en una empresa u otra, sino querer y creer en ella\u00bb. Y esta \u00faltima premisa, no s\u00f3lo vale para la base de la pir\u00e1mide, sino tambi\u00e9n para la cima, que cada vez se apoya m\u00e1s en sus expertos en personas. De ah\u00ed la referencia que tanto la directora de Recursos Humanos de Fnac como el ganador del III Premio Hudson-ABC, Juan Mora, hicieron a sus consejos de administraci\u00f3n y juntas directivas como uno de sus mejores c\u00f3mplices. \u00abNada de lo que cada uno hemos hecho se hubiera podido realizar sin el soporte de la direcci\u00f3n, que ha cre\u00eddo en todo momento en nosotros\u00bb, cerraba su conferencia este \u00faltimo. El mundo de los Recursos Humanos sigue evolucionando, y foros y momentos como \u00e9ste son una oportunidad \u00fanica para cambiar de cultura y dar un paso al frente.<\/p>\n","protected":false},"excerpt":{"rendered":"<p>Juan Mora, director corporativo de Recursos Humanos y RSC fue el ganador del III Premio Hudson ABC. Su proyecto &#8216;Todos somos ventas&#8217; fue elegido como el mejor de este a\u00f1o marcado por la crisis.<\/p>\n","protected":false},"author":35,"featured_media":29665,"comment_status":"closed","ping_status":"open","sticky":false,"template":"","format":"standard","meta":{"footnotes":""},"categories":[3],"tags":[560,2155,48,567,435,961,823,103,962,2186,963],"class_list":["post-22681","post","type-post","status-publish","format-standard","has-post-thumbnail","hentry","category-actualidad","tag-begona-landazuri","tag-coca-cola","tag-crisis","tag-fnac","tag-hudson","tag-juan-mora","tag-marcos-de-quinto","tag-montserrat-luquero","tag-nh-hoteles","tag-premio","tag-premio-hudson-abc"],"yoast_head":"<!-- This site is optimized with the Yoast SEO plugin v26.1.1 - https:\/\/yoast.com\/wordpress\/plugins\/seo\/ -->\n<title>De la crisis a la oportunidad a trav\u00e9s de las personas | HRTRENDS<\/title>\n<meta name=\"robots\" content=\"index, follow, max-snippet:-1, max-image-preview:large, max-video-preview:-1\" \/>\n<link rel=\"canonical\" href=\"https:\/\/empresas.infoempleo.com\/hrtrends\/de-la-crisis-a-la-oportunidad-a-traves-de-las-personas\/\" \/>\n<meta property=\"og:locale\" content=\"es_ES\" \/>\n<meta property=\"og:type\" content=\"article\" \/>\n<meta property=\"og:title\" content=\"De la crisis a la oportunidad a trav\u00e9s de las personas | HRTRENDS\" \/>\n<meta property=\"og:description\" content=\"Juan Mora, director corporativo de Recursos Humanos y RSC fue el ganador del III Premio Hudson ABC. Su proyecto &#039;Todos somos ventas&#039; fue elegido como el mejor de este a\u00f1o marcado por la crisis.\" \/>\n<meta property=\"og:url\" content=\"https:\/\/empresas.infoempleo.com\/hrtrends\/de-la-crisis-a-la-oportunidad-a-traves-de-las-personas\/\" \/>\n<meta property=\"og:site_name\" content=\"HRTRENDS\" \/>\n<meta property=\"article:publisher\" content=\"https:\/\/www.facebook.com\/Infoempleo\" \/>\n<meta property=\"article:published_time\" content=\"2010-03-08T11:07:18+00:00\" \/>\n<meta property=\"article:modified_time\" content=\"2024-08-29T15:48:50+00:00\" \/>\n<meta property=\"og:image\" content=\"https:\/\/empresas.infoempleo.com\/hrtrends\/media\/2010\/03\/Hudson1.jpg\" \/>\n<meta name=\"author\" content=\"Laura de Cubas\" \/>\n<meta name=\"twitter:card\" content=\"summary_large_image\" \/>\n<meta name=\"twitter:creator\" content=\"@infoempleo\" \/>\n<meta name=\"twitter:site\" content=\"@infoempleo\" \/>\n<meta name=\"twitter:label1\" content=\"Escrito por\" \/>\n\t<meta name=\"twitter:data1\" content=\"Laura de Cubas\" \/>\n\t<meta name=\"twitter:label2\" content=\"Tiempo de lectura\" \/>\n\t<meta name=\"twitter:data2\" content=\"5 minutos\" \/>\n<script type=\"application\/ld+json\" class=\"yoast-schema-graph\">{\"@context\":\"https:\/\/schema.org\",\"@graph\":[{\"@type\":\"NewsArticle\",\"@id\":\"https:\/\/empresas.infoempleo.com\/hrtrends\/de-la-crisis-a-la-oportunidad-a-traves-de-las-personas\/#article\",\"isPartOf\":{\"@id\":\"https:\/\/empresas.infoempleo.com\/hrtrends\/de-la-crisis-a-la-oportunidad-a-traves-de-las-personas\/\"},\"author\":{\"name\":\"Laura de Cubas\",\"@id\":\"https:\/\/empresas.infoempleo.com\/hrtrends\/#\/schema\/person\/eee830fc2082cd3b52302e59ea0d2c05\"},\"headline\":\"De la crisis a la oportunidad a trav\u00e9s de las personas\",\"datePublished\":\"2010-03-08T11:07:18+00:00\",\"dateModified\":\"2024-08-29T15:48:50+00:00\",\"mainEntityOfPage\":{\"@id\":\"https:\/\/empresas.infoempleo.com\/hrtrends\/de-la-crisis-a-la-oportunidad-a-traves-de-las-personas\/\"},\"wordCount\":1089,\"publisher\":{\"@id\":\"https:\/\/empresas.infoempleo.com\/hrtrends\/#organization\"},\"image\":{\"@id\":\"https:\/\/empresas.infoempleo.com\/hrtrends\/de-la-crisis-a-la-oportunidad-a-traves-de-las-personas\/#primaryimage\"},\"thumbnailUrl\":\"https:\/\/empresas.infoempleo.com\/hrtrends\/media\/2017\/05\/pexels-photo-205508.jpg\",\"keywords\":[\"Bego\u00f1a Landazuri\",\"Coca Cola\",\"Crisis\",\"Fnac\",\"Hudson\",\"Juan Mora\",\"Marcos de Quinto\",\"Montserrat Luquero\",\"Nh Hoteles\",\"premio\",\"Premio Hudson ABC\"],\"articleSection\":[\"Actualidad\"],\"inLanguage\":\"es\",\"copyrightYear\":\"2010\",\"copyrightHolder\":{\"@id\":\"https:\/\/empresas.infoempleo.com\/hrtrends\/#organization\"}},{\"@type\":\"WebPage\",\"@id\":\"https:\/\/empresas.infoempleo.com\/hrtrends\/de-la-crisis-a-la-oportunidad-a-traves-de-las-personas\/\",\"url\":\"https:\/\/empresas.infoempleo.com\/hrtrends\/de-la-crisis-a-la-oportunidad-a-traves-de-las-personas\/\",\"name\":\"De la crisis a la oportunidad a trav\u00e9s de las personas | HRTRENDS\",\"isPartOf\":{\"@id\":\"https:\/\/empresas.infoempleo.com\/hrtrends\/#website\"},\"primaryImageOfPage\":{\"@id\":\"https:\/\/empresas.infoempleo.com\/hrtrends\/de-la-crisis-a-la-oportunidad-a-traves-de-las-personas\/#primaryimage\"},\"image\":{\"@id\":\"https:\/\/empresas.infoempleo.com\/hrtrends\/de-la-crisis-a-la-oportunidad-a-traves-de-las-personas\/#primaryimage\"},\"thumbnailUrl\":\"https:\/\/empresas.infoempleo.com\/hrtrends\/media\/2017\/05\/pexels-photo-205508.jpg\",\"datePublished\":\"2010-03-08T11:07:18+00:00\",\"dateModified\":\"2024-08-29T15:48:50+00:00\",\"breadcrumb\":{\"@id\":\"https:\/\/empresas.infoempleo.com\/hrtrends\/de-la-crisis-a-la-oportunidad-a-traves-de-las-personas\/#breadcrumb\"},\"inLanguage\":\"es\",\"potentialAction\":[{\"@type\":\"ReadAction\",\"target\":[\"https:\/\/empresas.infoempleo.com\/hrtrends\/de-la-crisis-a-la-oportunidad-a-traves-de-las-personas\/\"]}]},{\"@type\":\"ImageObject\",\"inLanguage\":\"es\",\"@id\":\"https:\/\/empresas.infoempleo.com\/hrtrends\/de-la-crisis-a-la-oportunidad-a-traves-de-las-personas\/#primaryimage\",\"url\":\"https:\/\/empresas.infoempleo.com\/hrtrends\/media\/2017\/05\/pexels-photo-205508-150x150.jpg\",\"contentUrl\":\"https:\/\/empresas.infoempleo.com\/hrtrends\/media\/2017\/05\/pexels-photo-205508-150x150.jpg\",\"width\":150,\"height\":150},{\"@type\":\"BreadcrumbList\",\"@id\":\"https:\/\/empresas.infoempleo.com\/hrtrends\/de-la-crisis-a-la-oportunidad-a-traves-de-las-personas\/#breadcrumb\",\"itemListElement\":[{\"@type\":\"ListItem\",\"position\":1,\"name\":\"Portada\",\"item\":\"https:\/\/empresas.infoempleo.com\/hrtrends\/\"},{\"@type\":\"ListItem\",\"position\":2,\"name\":\"De la crisis a la oportunidad a trav\u00e9s de las personas\"}]},{\"@type\":\"WebSite\",\"@id\":\"https:\/\/empresas.infoempleo.com\/hrtrends\/#website\",\"url\":\"https:\/\/empresas.infoempleo.com\/hrtrends\",\"name\":\"HRTrends by Infoempleo\",\"description\":\"\",\"publisher\":{\"@id\":\"https:\/\/empresas.infoempleo.com\/hrtrends\/#organization\"},\"potentialAction\":{\"@type\":\"SearchAction\",\"target\":\"https:\/\/empresas.infoempleo.com\/hrtrends\/?s={search_term_string}\",\"query-input\":\"required name=search_term_string\"},\"inLanguage\":\"es\"},{\"@type\":\"Organization\",\"@id\":\"https:\/\/empresas.infoempleo.com\/hrtrends\/#organization\",\"name\":\"Infoempleo\",\"url\":\"https:\/\/www.infoempleo.com\/\",\"logo\":{\"@type\":\"ImageObject\",\"@id\":\"https:\/\/empresas.infoempleo.com\/hrtrends\/#logo\",\"inLanguage\":\"es\",\"url\":\"https:\/\/cdnazure.infoempleo.com\/infoempleo\/assets\/style\/gfx\/logo.svg\",\"contentUrl\":\"https:\/\/cdnazure.infoempleo.com\/infoempleo\/assets\/style\/gfx\/logo.svg\",\"width\":150,\"height\":40,\"caption\":\"Infoempleo\"},\"image\":{\"@id\":\"https:\/\/empresas.infoempleo.com\/hrtrends\/#logo\"},\"sameAs\":[\"https:\/\/www.facebook.com\/Infoempleo\",\"https:\/\/x.com\/infoempleo\",\"http:\/\/instagram.com\/infoempleo\/\",\"http:\/\/www.linkedin.com\/groups\/Empleo-Espa\u00f1a-Infoempleocom-111276\",\"http:\/\/pinterest.com\/infoempleo\/\"],\"address\":{\"@type\":\"PostalAddress\",\"addressLocality\":\"Madrid\",\"postalCode\":\"28050\",\"streetAddress\":\"Avenida de Burgos 114\"},\"brand\":[\"Infoempleo\"]},{\"@type\":\"Person\",\"@id\":\"https:\/\/empresas.infoempleo.com\/hrtrends\/#\/schema\/person\/eee830fc2082cd3b52302e59ea0d2c05\",\"name\":\"Laura de Cubas\",\"image\":{\"@type\":\"ImageObject\",\"inLanguage\":\"es\",\"@id\":\"https:\/\/empresas.infoempleo.com\/hrtrends\/#\/schema\/person\/image\/\",\"url\":\"https:\/\/secure.gravatar.com\/avatar\/c13d88dcd67943e13f74372e711c3ba2accf296b195ba5dd59566bd5f5df94c8?s=96&d=mm&r=g\",\"contentUrl\":\"https:\/\/secure.gravatar.com\/avatar\/c13d88dcd67943e13f74372e711c3ba2accf296b195ba5dd59566bd5f5df94c8?s=96&d=mm&r=g\",\"caption\":\"Laura de Cubas\"},\"url\":\"https:\/\/empresas.infoempleo.com\/hrtrends\/author\/laura-de-cubas\/\"}]}<\/script>\n<!-- \/ Yoast SEO plugin. -->","yoast_head_json":{"title":"De la crisis a la oportunidad a trav\u00e9s de las personas | HRTRENDS","robots":{"index":"index","follow":"follow","max-snippet":"max-snippet:-1","max-image-preview":"max-image-preview:large","max-video-preview":"max-video-preview:-1"},"canonical":"https:\/\/empresas.infoempleo.com\/hrtrends\/de-la-crisis-a-la-oportunidad-a-traves-de-las-personas\/","og_locale":"es_ES","og_type":"article","og_title":"De la crisis a la oportunidad a trav\u00e9s de las personas | HRTRENDS","og_description":"Juan Mora, director corporativo de Recursos Humanos y RSC fue el ganador del III Premio Hudson ABC. Su proyecto 'Todos somos ventas' fue elegido como el mejor de este a\u00f1o marcado por la crisis.","og_url":"https:\/\/empresas.infoempleo.com\/hrtrends\/de-la-crisis-a-la-oportunidad-a-traves-de-las-personas\/","og_site_name":"HRTRENDS","article_publisher":"https:\/\/www.facebook.com\/Infoempleo","article_published_time":"2010-03-08T11:07:18+00:00","article_modified_time":"2024-08-29T15:48:50+00:00","og_image":[{"url":"https:\/\/empresas.infoempleo.com\/hrtrends\/media\/2010\/03\/Hudson1.jpg","type":"","width":"","height":""}],"author":"Laura de Cubas","twitter_card":"summary_large_image","twitter_creator":"@infoempleo","twitter_site":"@infoempleo","twitter_misc":{"Escrito por":"Laura de Cubas","Tiempo de lectura":"5 minutos"},"schema":{"@context":"https:\/\/schema.org","@graph":[{"@type":"NewsArticle","@id":"https:\/\/empresas.infoempleo.com\/hrtrends\/de-la-crisis-a-la-oportunidad-a-traves-de-las-personas\/#article","isPartOf":{"@id":"https:\/\/empresas.infoempleo.com\/hrtrends\/de-la-crisis-a-la-oportunidad-a-traves-de-las-personas\/"},"author":{"name":"Laura de Cubas","@id":"https:\/\/empresas.infoempleo.com\/hrtrends\/#\/schema\/person\/eee830fc2082cd3b52302e59ea0d2c05"},"headline":"De la crisis a la oportunidad a trav\u00e9s de las personas","datePublished":"2010-03-08T11:07:18+00:00","dateModified":"2024-08-29T15:48:50+00:00","mainEntityOfPage":{"@id":"https:\/\/empresas.infoempleo.com\/hrtrends\/de-la-crisis-a-la-oportunidad-a-traves-de-las-personas\/"},"wordCount":1089,"publisher":{"@id":"https:\/\/empresas.infoempleo.com\/hrtrends\/#organization"},"image":{"@id":"https:\/\/empresas.infoempleo.com\/hrtrends\/de-la-crisis-a-la-oportunidad-a-traves-de-las-personas\/#primaryimage"},"thumbnailUrl":"https:\/\/empresas.infoempleo.com\/hrtrends\/media\/2017\/05\/pexels-photo-205508.jpg","keywords":["Bego\u00f1a Landazuri","Coca Cola","Crisis","Fnac","Hudson","Juan Mora","Marcos de Quinto","Montserrat Luquero","Nh Hoteles","premio","Premio Hudson ABC"],"articleSection":["Actualidad"],"inLanguage":"es","copyrightYear":"2010","copyrightHolder":{"@id":"https:\/\/empresas.infoempleo.com\/hrtrends\/#organization"}},{"@type":"WebPage","@id":"https:\/\/empresas.infoempleo.com\/hrtrends\/de-la-crisis-a-la-oportunidad-a-traves-de-las-personas\/","url":"https:\/\/empresas.infoempleo.com\/hrtrends\/de-la-crisis-a-la-oportunidad-a-traves-de-las-personas\/","name":"De la crisis a la oportunidad a trav\u00e9s de las personas | HRTRENDS","isPartOf":{"@id":"https:\/\/empresas.infoempleo.com\/hrtrends\/#website"},"primaryImageOfPage":{"@id":"https:\/\/empresas.infoempleo.com\/hrtrends\/de-la-crisis-a-la-oportunidad-a-traves-de-las-personas\/#primaryimage"},"image":{"@id":"https:\/\/empresas.infoempleo.com\/hrtrends\/de-la-crisis-a-la-oportunidad-a-traves-de-las-personas\/#primaryimage"},"thumbnailUrl":"https:\/\/empresas.infoempleo.com\/hrtrends\/media\/2017\/05\/pexels-photo-205508.jpg","datePublished":"2010-03-08T11:07:18+00:00","dateModified":"2024-08-29T15:48:50+00:00","breadcrumb":{"@id":"https:\/\/empresas.infoempleo.com\/hrtrends\/de-la-crisis-a-la-oportunidad-a-traves-de-las-personas\/#breadcrumb"},"inLanguage":"es","potentialAction":[{"@type":"ReadAction","target":["https:\/\/empresas.infoempleo.com\/hrtrends\/de-la-crisis-a-la-oportunidad-a-traves-de-las-personas\/"]}]},{"@type":"ImageObject","inLanguage":"es","@id":"https:\/\/empresas.infoempleo.com\/hrtrends\/de-la-crisis-a-la-oportunidad-a-traves-de-las-personas\/#primaryimage","url":"https:\/\/empresas.infoempleo.com\/hrtrends\/media\/2017\/05\/pexels-photo-205508-150x150.jpg","contentUrl":"https:\/\/empresas.infoempleo.com\/hrtrends\/media\/2017\/05\/pexels-photo-205508-150x150.jpg","width":150,"height":150},{"@type":"BreadcrumbList","@id":"https:\/\/empresas.infoempleo.com\/hrtrends\/de-la-crisis-a-la-oportunidad-a-traves-de-las-personas\/#breadcrumb","itemListElement":[{"@type":"ListItem","position":1,"name":"Portada","item":"https:\/\/empresas.infoempleo.com\/hrtrends\/"},{"@type":"ListItem","position":2,"name":"De la crisis a la oportunidad a trav\u00e9s de las personas"}]},{"@type":"WebSite","@id":"https:\/\/empresas.infoempleo.com\/hrtrends\/#website","url":"https:\/\/empresas.infoempleo.com\/hrtrends","name":"HRTrends by Infoempleo","description":"","publisher":{"@id":"https:\/\/empresas.infoempleo.com\/hrtrends\/#organization"},"potentialAction":{"@type":"SearchAction","target":"https:\/\/empresas.infoempleo.com\/hrtrends\/?s={search_term_string}","query-input":"required name=search_term_string"},"inLanguage":"es"},{"@type":"Organization","@id":"https:\/\/empresas.infoempleo.com\/hrtrends\/#organization","name":"Infoempleo","url":"https:\/\/www.infoempleo.com\/","logo":{"@type":"ImageObject","@id":"https:\/\/empresas.infoempleo.com\/hrtrends\/#logo","inLanguage":"es","url":"https:\/\/cdnazure.infoempleo.com\/infoempleo\/assets\/style\/gfx\/logo.svg","contentUrl":"https:\/\/cdnazure.infoempleo.com\/infoempleo\/assets\/style\/gfx\/logo.svg","width":150,"height":40,"caption":"Infoempleo"},"image":{"@id":"https:\/\/empresas.infoempleo.com\/hrtrends\/#logo"},"sameAs":["https:\/\/www.facebook.com\/Infoempleo","https:\/\/x.com\/infoempleo","http:\/\/instagram.com\/infoempleo\/","http:\/\/www.linkedin.com\/groups\/Empleo-Espa\u00f1a-Infoempleocom-111276","http:\/\/pinterest.com\/infoempleo\/"],"address":{"@type":"PostalAddress","addressLocality":"Madrid","postalCode":"28050","streetAddress":"Avenida de Burgos 114"},"brand":["Infoempleo"]},{"@type":"Person","@id":"https:\/\/empresas.infoempleo.com\/hrtrends\/#\/schema\/person\/eee830fc2082cd3b52302e59ea0d2c05","name":"Laura de Cubas","image":{"@type":"ImageObject","inLanguage":"es","@id":"https:\/\/empresas.infoempleo.com\/hrtrends\/#\/schema\/person\/image\/","url":"https:\/\/secure.gravatar.com\/avatar\/c13d88dcd67943e13f74372e711c3ba2accf296b195ba5dd59566bd5f5df94c8?s=96&d=mm&r=g","contentUrl":"https:\/\/secure.gravatar.com\/avatar\/c13d88dcd67943e13f74372e711c3ba2accf296b195ba5dd59566bd5f5df94c8?s=96&d=mm&r=g","caption":"Laura de Cubas"},"url":"https:\/\/empresas.infoempleo.com\/hrtrends\/author\/laura-de-cubas\/"}]}},"amp_enabled":true,"_links":{"self":[{"href":"https:\/\/empresas.infoempleo.com\/hrtrends\/wp-json\/wp\/v2\/posts\/22681","targetHints":{"allow":["GET"]}}],"collection":[{"href":"https:\/\/empresas.infoempleo.com\/hrtrends\/wp-json\/wp\/v2\/posts"}],"about":[{"href":"https:\/\/empresas.infoempleo.com\/hrtrends\/wp-json\/wp\/v2\/types\/post"}],"author":[{"embeddable":true,"href":"https:\/\/empresas.infoempleo.com\/hrtrends\/wp-json\/wp\/v2\/users\/35"}],"replies":[{"embeddable":true,"href":"https:\/\/empresas.infoempleo.com\/hrtrends\/wp-json\/wp\/v2\/comments?post=22681"}],"version-history":[{"count":9,"href":"https:\/\/empresas.infoempleo.com\/hrtrends\/wp-json\/wp\/v2\/posts\/22681\/revisions"}],"predecessor-version":[{"id":45318,"href":"https:\/\/empresas.infoempleo.com\/hrtrends\/wp-json\/wp\/v2\/posts\/22681\/revisions\/45318"}],"wp:featuredmedia":[{"embeddable":true,"href":"https:\/\/empresas.infoempleo.com\/hrtrends\/wp-json\/wp\/v2\/media\/29665"}],"wp:attachment":[{"href":"https:\/\/empresas.infoempleo.com\/hrtrends\/wp-json\/wp\/v2\/media?parent=22681"}],"wp:term":[{"taxonomy":"category","embeddable":true,"href":"https:\/\/empresas.infoempleo.com\/hrtrends\/wp-json\/wp\/v2\/categories?post=22681"},{"taxonomy":"post_tag","embeddable":true,"href":"https:\/\/empresas.infoempleo.com\/hrtrends\/wp-json\/wp\/v2\/tags?post=22681"}],"curies":[{"name":"wp","href":"https:\/\/api.w.org\/{rel}","templated":true}]}}