{"id":22677,"date":"2010-03-01T09:18:48","date_gmt":"2010-03-01T08:18:48","guid":{"rendered":"http:\/\/blog.infoempleo.com\/?p=7465"},"modified":"2025-11-11T12:49:58","modified_gmt":"2025-11-11T10:49:58","slug":"hay-que-ser-optimista-pero-antes-hay-que-tocar-el-dolor","status":"publish","type":"post","link":"https:\/\/empresas.infoempleo.com\/hrtrends\/hay-que-ser-optimista-pero-antes-hay-que-tocar-el-dolor\/","title":{"rendered":"\u00abHay que ser optimista, pero antes hay que tocar el dolor\u00bb"},"content":{"rendered":"<p style=\"text-align: center\">\u00a0<img loading=\"lazy\" decoding=\"async\" class=\"size-full wp-image-7473 aligncenter\" src=\"https:\/\/empresas.infoempleo.com\/hrtrends\/media\/2010\/02\/PilarJerico11.jpg\" alt=\"PilarJerico\" width=\"230\" height=\"346\" srcset=\"https:\/\/empresas.infoempleo.com\/hrtrends\/media\/2010\/02\/PilarJerico11.jpg 683w, https:\/\/empresas.infoempleo.com\/hrtrends\/media\/2010\/02\/PilarJerico11-200x300.jpg 200w\" sizes=\"auto, (max-width: 230px) 100vw, 230px\" \/><\/p>\n<h3>Pilar Jeric\u00f3, experta en liderazgo y talento<\/h3>\n<p>La autora del \u00e9xito de ventas \u2018No miedo\u2019 vuelve a la actualidad editorial con <strong>\u2018H\u00e9roes cotidianos\u2019<\/strong> (Planeta), un libro que parte del dolor y la dificultad para proponer un nuevo camino de aprendizaje. Para su elaboraci\u00f3n, <a class=\"wp-caption-dd\" title=\"Pilar Jerico\" href=\"https:\/\/www.pilarjerico.com\/\" target=\"_blank\" rel=\"noopener\">Pilar Jeric\u00f3<\/a> (Madrid, 1973) se ha apoyado en las <strong>experiencias de 163 personas de nueve pa\u00edses<\/strong> que, a ra\u00edz de una petici\u00f3n de la autora en su blog y en la red profesional LinkedIn, compartieron con ella sus historias de superaci\u00f3n de la adversidad. Tambi\u00e9n sus alumnos, sus vivencias y lecturas le han proporcionado abundante material para el libro. Al final, las historias analizadas tienen algo en com\u00fan: \u00abTodos podemos salir de situaciones dif\u00edciles, podemos conseguirlo\u00bb.<\/p>\n<p><strong>\u2013\u00bfQu\u00e9 tipo de h\u00e9roe necesitamos ahora?<\/strong><\/p>\n<p>\u2013Un h\u00e9roe que, ante una crisis profunda como la actual, es capaz de salir adelante con entereza y generar un entorno amable, porque tiene una responsabilidad con \u00e9l. No s\u00f3lo se trata de conseguir resultados, sino de influir positivamente en la vida de los otros.<\/p>\n<p><strong>\u2013La resiliencia puede definirse como la capacidad del ser humano para afrontar la adversidad. Sin embargo, fil\u00f3sofos como <a class=\"wp-caption-dd\" title=\"Fernando Savater\" href=\"https:\/\/www.savater.org\/\" target=\"_blank\" rel=\"noopener\">Fernando Savater <\/a>y <a class=\"wp-caption-dd\" title=\"Jose Antonio Marina\" href=\"https:\/\/www.joseantoniomarina.net\/\" target=\"_blank\" rel=\"noopener\">Jos\u00e9 Antonio Marina <\/a>denuncian una progresiva infantilizaci\u00f3n de la sociedad, \u00bfsomos cada vez m\u00e1s pusil\u00e1nimes?<\/strong><\/p>\n<p>\u2013Una cosa es la cultura y otra, la capacidad individual. Individualmente, y la biolog\u00eda as\u00ed lo demuestra, nuestro cuerpo est\u00e1 preparado para la supervivencia y, por lo tanto, para la adaptaci\u00f3n, incluso en situaciones tremendas, muy dif\u00edciles. Otra cosa es que, culturalmente, en los \u00faltimos a\u00f1os, haya primado la vida c\u00f3moda. Pero hay una ventaja, en una crisis como \u00e9sta las superficialidades quedan desenmascaradas y cobran protagonismo la aut\u00e9ntica grandeza y la fortaleza que llevamos dentro, y que quiz\u00e1 estaban un poco dormidas.<\/p>\n<p><strong>\u2013Dice que la principal aventura es conocernos a nosotros mismos y el libro es eso, una invitaci\u00f3n para mirar nuestros miedos a la cara. \u00bfNos enga\u00f1amos con demasiada frecuencia?<\/strong><\/p>\n<p>\u2013Con much\u00edsima frecuencia. En general, somos bastante poco honestos con nosotros mismos. Siempre nos llenamos de excusas, de justificaciones. Pero, para acometer cualquier proceso de cambio, hemos de salir de la negaci\u00f3n y, por tanto, de la excusa, de la ira. S\u00f3lo haciendo eso, podremos desarrollar nuestra capacidad heroica, salir adelante y, tambi\u00e9n, desarrollar la capacidad de influir en terceros. Una persona que siempre est\u00e1 negando y culpando a otros no influye de forma constructiva en los dem\u00e1s; pero, claro, nuestra mente no nos lo pone f\u00e1cil.<\/p>\n<p><strong>\u2013A tenor de los casos que analiza, volcarse en el trabajo y ayudar a los dem\u00e1s son los recursos m\u00e1s utilizados para superar las crisis. \u00bfLos aprueba como terapia?<\/strong><\/p>\n<p>\u2013S\u00ed, pero sin olvidarse de uno mismo, cuidado. El psic\u00f3logo de la Universidad de Chicago Cs\u00edkszentmih\u00e1lyi, uno de los m\u00e1s importantes de la psicolog\u00eda positiva, dice que la felicidad est\u00e1 en la sensaci\u00f3n de fluir, que se produce, por ejemplo, cuando uno participa de una conversaci\u00f3n animada o est\u00e1 absorto en el trabajo. Esos momentos donde el tiempo fluye sin darte cuenta y que te alejan de tus preocupaciones te sit\u00faan muy cerca de la satisfacci\u00f3n. Cuando uno se encuentra mal es muy bueno penetrar en esos estados de flujo, pero no como f\u00f3rmula para negar el dolor. Primero, uno tiene que aceptar y vivir un proceso de duelo y, a partir de ah\u00ed, empezar a fluir. Por eso, en el camino que propongo para ser un h\u00e9roe cotidiano, el fluir va al final, porque nadie te puede salvar de tu desierto.<\/p>\n<p><strong>\u2013El duelo hay que pasarlo.<\/strong><\/p>\n<p>\u2013Siempre. Por eso desconf\u00edo de los libros que predican un optimismo a ultranza, cuidado. Hay que ser optimista y positivo, pero primero hay que transitar por el desierto, es decir, por el dolor. Y, una vez que lo has tocado, desprenderte de ti mismo y volcarte en el trabajo o en los dem\u00e1s, viene bien como terapia. Yo descubr\u00ed la senda de los h\u00e9roes a ra\u00edz de trabajar mucho el concepto de \u2018miedo\u2019 en los talleres que imparto. Y siempre ve\u00eda lo mismo, ya fuera entre militares, polic\u00edas&#8230;<\/p>\n<p><strong>\u2013\u00bfQu\u00e9 peculiaridades tiene el trabajo con ellos respecto a los que lleva a cabo con la sociedad civil?<\/strong><\/p>\n<p>\u2013Yo tengo la suerte de trabajar con un p\u00fablico muy talentoso, con los que participan en el curso de ascenso al Estado Mayor y en el curso de ascenso a general y almirante. Siempre me llaman la atenci\u00f3n su impresionante trabajo en equipo y su capacidad de compromiso. Es un colectivo muy comprometido con sus valores, y eso no es tan f\u00e1cil de encontrar en el mundo de la empresa. Ellos defienden la necesidad de un liderazgo que va m\u00e1s all\u00e1 del mando, y tienen una frase muy buena para explicarlo: \u00abNo con cualquier oficial me ir\u00eda a la guerra\u00bb.<\/p>\n<p style=\"text-align: left\"><strong>\u2013\u00bfSiempre debemos tener presente la adversidad? \u00bfCree que nos hab\u00edamos instalado en la autocomplacencia y hemos terminado por emborracharnos de \u00e9xito?<\/strong><\/p>\n<p>\u2013S\u00ed. La econom\u00eda est\u00e1 relacionada con las emociones. Y yo creo que hemos cometido dos grandes errores. En \u00e9poca de bonanza, hemos tomado decisiones pensando que nunca suceder\u00eda nada, que nada cambiar\u00eda nuestro bienestar. Y ahora, en plena crisis, pensamos que no cambiar\u00e1 el ciclo y estamos paralizados por el miedo.<\/p>\n","protected":false},"excerpt":{"rendered":"<p>Pilar Jeric\u00f3, experta en liderazgo y talento. Su nuevo libro, &#8216;H\u00e9roes cotidianos&#8217;, indaga en la superaci\u00f3n de la adversidad como aprendizaje<\/p>\n","protected":false},"author":34,"featured_media":29665,"comment_status":"closed","ping_status":"open","sticky":false,"template":"","format":"standard","meta":{"footnotes":""},"categories":[3],"tags":[2027,48,1219,260,261],"class_list":["post-22677","post","type-post","status-publish","format-standard","has-post-thumbnail","hentry","category-actualidad","tag-adversidad","tag-crisis","tag-dificultades","tag-no-miedo","tag-pilar-jerico"],"yoast_head":"<!-- This site is optimized with the Yoast SEO plugin v26.1.1 - https:\/\/yoast.com\/wordpress\/plugins\/seo\/ -->\n<title>&quot;Hay que ser optimista, pero antes hay que tocar el dolor&quot; | HRTRENDS<\/title>\n<meta name=\"robots\" content=\"index, follow, max-snippet:-1, max-image-preview:large, max-video-preview:-1\" \/>\n<link rel=\"canonical\" href=\"https:\/\/empresas.infoempleo.com\/hrtrends\/hay-que-ser-optimista-pero-antes-hay-que-tocar-el-dolor\/\" \/>\n<meta property=\"og:locale\" content=\"es_ES\" \/>\n<meta property=\"og:type\" content=\"article\" \/>\n<meta property=\"og:title\" content=\"&quot;Hay que ser optimista, pero antes hay que tocar el dolor&quot; | HRTRENDS\" \/>\n<meta property=\"og:description\" content=\"Pilar Jeric\u00f3, experta en liderazgo y talento. Su nuevo libro, &#039;H\u00e9roes cotidianos&#039;, indaga en la superaci\u00f3n de la adversidad como aprendizaje\" \/>\n<meta property=\"og:url\" content=\"https:\/\/empresas.infoempleo.com\/hrtrends\/hay-que-ser-optimista-pero-antes-hay-que-tocar-el-dolor\/\" \/>\n<meta property=\"og:site_name\" content=\"HRTRENDS\" \/>\n<meta property=\"article:publisher\" content=\"https:\/\/www.facebook.com\/Infoempleo\" \/>\n<meta property=\"article:published_time\" content=\"2010-03-01T08:18:48+00:00\" \/>\n<meta property=\"article:modified_time\" content=\"2025-11-11T10:49:58+00:00\" \/>\n<meta property=\"og:image\" content=\"https:\/\/empresas.infoempleo.com\/hrtrends\/media\/2017\/05\/pexels-photo-205508.jpg\" \/>\n\t<meta property=\"og:image:width\" content=\"1280\" \/>\n\t<meta property=\"og:image:height\" content=\"960\" \/>\n\t<meta property=\"og:image:type\" content=\"image\/jpeg\" \/>\n<meta name=\"author\" content=\"Rosario Sep\u00falveda\" \/>\n<meta name=\"twitter:card\" content=\"summary_large_image\" \/>\n<meta name=\"twitter:creator\" content=\"@infoempleo\" \/>\n<meta name=\"twitter:site\" content=\"@infoempleo\" \/>\n<meta name=\"twitter:label1\" content=\"Escrito por\" \/>\n\t<meta name=\"twitter:data1\" content=\"Rosario Sep\u00falveda\" \/>\n\t<meta name=\"twitter:label2\" content=\"Tiempo de lectura\" \/>\n\t<meta name=\"twitter:data2\" content=\"5 minutos\" \/>\n<script type=\"application\/ld+json\" class=\"yoast-schema-graph\">{\"@context\":\"https:\/\/schema.org\",\"@graph\":[{\"@type\":\"NewsArticle\",\"@id\":\"https:\/\/empresas.infoempleo.com\/hrtrends\/hay-que-ser-optimista-pero-antes-hay-que-tocar-el-dolor\/#article\",\"isPartOf\":{\"@id\":\"https:\/\/empresas.infoempleo.com\/hrtrends\/hay-que-ser-optimista-pero-antes-hay-que-tocar-el-dolor\/\"},\"author\":{\"name\":\"Rosario Sep\u00falveda\",\"@id\":\"https:\/\/empresas.infoempleo.com\/hrtrends\/#\/schema\/person\/2a45835f1492cbc7fbce11ad398707a8\"},\"headline\":\"\u00abHay que ser optimista, pero antes hay que tocar el dolor\u00bb\",\"datePublished\":\"2010-03-01T08:18:48+00:00\",\"dateModified\":\"2025-11-11T10:49:58+00:00\",\"mainEntityOfPage\":{\"@id\":\"https:\/\/empresas.infoempleo.com\/hrtrends\/hay-que-ser-optimista-pero-antes-hay-que-tocar-el-dolor\/\"},\"wordCount\":926,\"publisher\":{\"@id\":\"https:\/\/empresas.infoempleo.com\/hrtrends\/#organization\"},\"image\":{\"@id\":\"https:\/\/empresas.infoempleo.com\/hrtrends\/hay-que-ser-optimista-pero-antes-hay-que-tocar-el-dolor\/#primaryimage\"},\"thumbnailUrl\":\"https:\/\/empresas.infoempleo.com\/hrtrends\/media\/2017\/05\/pexels-photo-205508.jpg\",\"keywords\":[\"adversidad\",\"Crisis\",\"dificultades\",\"No miedo\",\"Pilar Jeric\u00f3\"],\"articleSection\":[\"Actualidad\"],\"inLanguage\":\"es\",\"copyrightYear\":\"2010\",\"copyrightHolder\":{\"@id\":\"https:\/\/empresas.infoempleo.com\/hrtrends\/#organization\"}},{\"@type\":\"WebPage\",\"@id\":\"https:\/\/empresas.infoempleo.com\/hrtrends\/hay-que-ser-optimista-pero-antes-hay-que-tocar-el-dolor\/\",\"url\":\"https:\/\/empresas.infoempleo.com\/hrtrends\/hay-que-ser-optimista-pero-antes-hay-que-tocar-el-dolor\/\",\"name\":\"\\\"Hay que ser optimista, pero antes hay que tocar el dolor\\\" | HRTRENDS\",\"isPartOf\":{\"@id\":\"https:\/\/empresas.infoempleo.com\/hrtrends\/#website\"},\"primaryImageOfPage\":{\"@id\":\"https:\/\/empresas.infoempleo.com\/hrtrends\/hay-que-ser-optimista-pero-antes-hay-que-tocar-el-dolor\/#primaryimage\"},\"image\":{\"@id\":\"https:\/\/empresas.infoempleo.com\/hrtrends\/hay-que-ser-optimista-pero-antes-hay-que-tocar-el-dolor\/#primaryimage\"},\"thumbnailUrl\":\"https:\/\/empresas.infoempleo.com\/hrtrends\/media\/2017\/05\/pexels-photo-205508.jpg\",\"datePublished\":\"2010-03-01T08:18:48+00:00\",\"dateModified\":\"2025-11-11T10:49:58+00:00\",\"breadcrumb\":{\"@id\":\"https:\/\/empresas.infoempleo.com\/hrtrends\/hay-que-ser-optimista-pero-antes-hay-que-tocar-el-dolor\/#breadcrumb\"},\"inLanguage\":\"es\",\"potentialAction\":[{\"@type\":\"ReadAction\",\"target\":[\"https:\/\/empresas.infoempleo.com\/hrtrends\/hay-que-ser-optimista-pero-antes-hay-que-tocar-el-dolor\/\"]}]},{\"@type\":\"ImageObject\",\"inLanguage\":\"es\",\"@id\":\"https:\/\/empresas.infoempleo.com\/hrtrends\/hay-que-ser-optimista-pero-antes-hay-que-tocar-el-dolor\/#primaryimage\",\"url\":\"https:\/\/empresas.infoempleo.com\/hrtrends\/media\/2017\/05\/pexels-photo-205508-150x150.jpg\",\"contentUrl\":\"https:\/\/empresas.infoempleo.com\/hrtrends\/media\/2017\/05\/pexels-photo-205508-150x150.jpg\",\"width\":150,\"height\":150},{\"@type\":\"BreadcrumbList\",\"@id\":\"https:\/\/empresas.infoempleo.com\/hrtrends\/hay-que-ser-optimista-pero-antes-hay-que-tocar-el-dolor\/#breadcrumb\",\"itemListElement\":[{\"@type\":\"ListItem\",\"position\":1,\"name\":\"Portada\",\"item\":\"https:\/\/empresas.infoempleo.com\/hrtrends\/\"},{\"@type\":\"ListItem\",\"position\":2,\"name\":\"\u00abHay que ser optimista, pero antes hay que tocar el dolor\u00bb\"}]},{\"@type\":\"WebSite\",\"@id\":\"https:\/\/empresas.infoempleo.com\/hrtrends\/#website\",\"url\":\"https:\/\/empresas.infoempleo.com\/hrtrends\",\"name\":\"HRTrends by Infoempleo\",\"description\":\"\",\"publisher\":{\"@id\":\"https:\/\/empresas.infoempleo.com\/hrtrends\/#organization\"},\"potentialAction\":{\"@type\":\"SearchAction\",\"target\":\"https:\/\/empresas.infoempleo.com\/hrtrends\/?s={search_term_string}\",\"query-input\":\"required name=search_term_string\"},\"inLanguage\":\"es\"},{\"@type\":\"Organization\",\"@id\":\"https:\/\/empresas.infoempleo.com\/hrtrends\/#organization\",\"name\":\"Infoempleo\",\"url\":\"https:\/\/www.infoempleo.com\/\",\"logo\":{\"@type\":\"ImageObject\",\"@id\":\"https:\/\/empresas.infoempleo.com\/hrtrends\/#logo\",\"inLanguage\":\"es\",\"url\":\"https:\/\/cdnazure.infoempleo.com\/infoempleo\/assets\/style\/gfx\/logo.svg\",\"contentUrl\":\"https:\/\/cdnazure.infoempleo.com\/infoempleo\/assets\/style\/gfx\/logo.svg\",\"width\":150,\"height\":40,\"caption\":\"Infoempleo\"},\"image\":{\"@id\":\"https:\/\/empresas.infoempleo.com\/hrtrends\/#logo\"},\"sameAs\":[\"https:\/\/www.facebook.com\/Infoempleo\",\"https:\/\/x.com\/infoempleo\",\"http:\/\/instagram.com\/infoempleo\/\",\"http:\/\/www.linkedin.com\/groups\/Empleo-Espa\u00f1a-Infoempleocom-111276\",\"http:\/\/pinterest.com\/infoempleo\/\"],\"address\":{\"@type\":\"PostalAddress\",\"addressLocality\":\"Madrid\",\"postalCode\":\"28050\",\"streetAddress\":\"Avenida de Burgos 114\"},\"brand\":[\"Infoempleo\"]},{\"@type\":\"Person\",\"@id\":\"https:\/\/empresas.infoempleo.com\/hrtrends\/#\/schema\/person\/2a45835f1492cbc7fbce11ad398707a8\",\"name\":\"Rosario Sep\u00falveda\",\"image\":{\"@type\":\"ImageObject\",\"inLanguage\":\"es\",\"@id\":\"https:\/\/empresas.infoempleo.com\/hrtrends\/#\/schema\/person\/image\/\",\"url\":\"https:\/\/secure.gravatar.com\/avatar\/01b4f37da8fd0cca9ded94ad0ab4a694814c54945a7c84e54495a93ea3a90e3b?s=96&d=mm&r=g\",\"contentUrl\":\"https:\/\/secure.gravatar.com\/avatar\/01b4f37da8fd0cca9ded94ad0ab4a694814c54945a7c84e54495a93ea3a90e3b?s=96&d=mm&r=g\",\"caption\":\"Rosario Sep\u00falveda\"},\"url\":\"https:\/\/empresas.infoempleo.com\/hrtrends\/author\/rosario-sepulveda\/\"}]}<\/script>\n<!-- \/ Yoast SEO plugin. -->","yoast_head_json":{"title":"\"Hay que ser optimista, pero antes hay que tocar el dolor\" | HRTRENDS","robots":{"index":"index","follow":"follow","max-snippet":"max-snippet:-1","max-image-preview":"max-image-preview:large","max-video-preview":"max-video-preview:-1"},"canonical":"https:\/\/empresas.infoempleo.com\/hrtrends\/hay-que-ser-optimista-pero-antes-hay-que-tocar-el-dolor\/","og_locale":"es_ES","og_type":"article","og_title":"\"Hay que ser optimista, pero antes hay que tocar el dolor\" | HRTRENDS","og_description":"Pilar Jeric\u00f3, experta en liderazgo y talento. Su nuevo libro, 'H\u00e9roes cotidianos', indaga en la superaci\u00f3n de la adversidad como aprendizaje","og_url":"https:\/\/empresas.infoempleo.com\/hrtrends\/hay-que-ser-optimista-pero-antes-hay-que-tocar-el-dolor\/","og_site_name":"HRTRENDS","article_publisher":"https:\/\/www.facebook.com\/Infoempleo","article_published_time":"2010-03-01T08:18:48+00:00","article_modified_time":"2025-11-11T10:49:58+00:00","og_image":[{"width":1280,"height":960,"url":"https:\/\/empresas.infoempleo.com\/hrtrends\/media\/2017\/05\/pexels-photo-205508.jpg","type":"image\/jpeg"}],"author":"Rosario Sep\u00falveda","twitter_card":"summary_large_image","twitter_creator":"@infoempleo","twitter_site":"@infoempleo","twitter_misc":{"Escrito por":"Rosario Sep\u00falveda","Tiempo de lectura":"5 minutos"},"schema":{"@context":"https:\/\/schema.org","@graph":[{"@type":"NewsArticle","@id":"https:\/\/empresas.infoempleo.com\/hrtrends\/hay-que-ser-optimista-pero-antes-hay-que-tocar-el-dolor\/#article","isPartOf":{"@id":"https:\/\/empresas.infoempleo.com\/hrtrends\/hay-que-ser-optimista-pero-antes-hay-que-tocar-el-dolor\/"},"author":{"name":"Rosario Sep\u00falveda","@id":"https:\/\/empresas.infoempleo.com\/hrtrends\/#\/schema\/person\/2a45835f1492cbc7fbce11ad398707a8"},"headline":"\u00abHay que ser optimista, pero antes hay que tocar el dolor\u00bb","datePublished":"2010-03-01T08:18:48+00:00","dateModified":"2025-11-11T10:49:58+00:00","mainEntityOfPage":{"@id":"https:\/\/empresas.infoempleo.com\/hrtrends\/hay-que-ser-optimista-pero-antes-hay-que-tocar-el-dolor\/"},"wordCount":926,"publisher":{"@id":"https:\/\/empresas.infoempleo.com\/hrtrends\/#organization"},"image":{"@id":"https:\/\/empresas.infoempleo.com\/hrtrends\/hay-que-ser-optimista-pero-antes-hay-que-tocar-el-dolor\/#primaryimage"},"thumbnailUrl":"https:\/\/empresas.infoempleo.com\/hrtrends\/media\/2017\/05\/pexels-photo-205508.jpg","keywords":["adversidad","Crisis","dificultades","No miedo","Pilar Jeric\u00f3"],"articleSection":["Actualidad"],"inLanguage":"es","copyrightYear":"2010","copyrightHolder":{"@id":"https:\/\/empresas.infoempleo.com\/hrtrends\/#organization"}},{"@type":"WebPage","@id":"https:\/\/empresas.infoempleo.com\/hrtrends\/hay-que-ser-optimista-pero-antes-hay-que-tocar-el-dolor\/","url":"https:\/\/empresas.infoempleo.com\/hrtrends\/hay-que-ser-optimista-pero-antes-hay-que-tocar-el-dolor\/","name":"\"Hay que ser optimista, pero antes hay que tocar el dolor\" | HRTRENDS","isPartOf":{"@id":"https:\/\/empresas.infoempleo.com\/hrtrends\/#website"},"primaryImageOfPage":{"@id":"https:\/\/empresas.infoempleo.com\/hrtrends\/hay-que-ser-optimista-pero-antes-hay-que-tocar-el-dolor\/#primaryimage"},"image":{"@id":"https:\/\/empresas.infoempleo.com\/hrtrends\/hay-que-ser-optimista-pero-antes-hay-que-tocar-el-dolor\/#primaryimage"},"thumbnailUrl":"https:\/\/empresas.infoempleo.com\/hrtrends\/media\/2017\/05\/pexels-photo-205508.jpg","datePublished":"2010-03-01T08:18:48+00:00","dateModified":"2025-11-11T10:49:58+00:00","breadcrumb":{"@id":"https:\/\/empresas.infoempleo.com\/hrtrends\/hay-que-ser-optimista-pero-antes-hay-que-tocar-el-dolor\/#breadcrumb"},"inLanguage":"es","potentialAction":[{"@type":"ReadAction","target":["https:\/\/empresas.infoempleo.com\/hrtrends\/hay-que-ser-optimista-pero-antes-hay-que-tocar-el-dolor\/"]}]},{"@type":"ImageObject","inLanguage":"es","@id":"https:\/\/empresas.infoempleo.com\/hrtrends\/hay-que-ser-optimista-pero-antes-hay-que-tocar-el-dolor\/#primaryimage","url":"https:\/\/empresas.infoempleo.com\/hrtrends\/media\/2017\/05\/pexels-photo-205508-150x150.jpg","contentUrl":"https:\/\/empresas.infoempleo.com\/hrtrends\/media\/2017\/05\/pexels-photo-205508-150x150.jpg","width":150,"height":150},{"@type":"BreadcrumbList","@id":"https:\/\/empresas.infoempleo.com\/hrtrends\/hay-que-ser-optimista-pero-antes-hay-que-tocar-el-dolor\/#breadcrumb","itemListElement":[{"@type":"ListItem","position":1,"name":"Portada","item":"https:\/\/empresas.infoempleo.com\/hrtrends\/"},{"@type":"ListItem","position":2,"name":"\u00abHay que ser optimista, pero antes hay que tocar el dolor\u00bb"}]},{"@type":"WebSite","@id":"https:\/\/empresas.infoempleo.com\/hrtrends\/#website","url":"https:\/\/empresas.infoempleo.com\/hrtrends","name":"HRTrends by Infoempleo","description":"","publisher":{"@id":"https:\/\/empresas.infoempleo.com\/hrtrends\/#organization"},"potentialAction":{"@type":"SearchAction","target":"https:\/\/empresas.infoempleo.com\/hrtrends\/?s={search_term_string}","query-input":"required name=search_term_string"},"inLanguage":"es"},{"@type":"Organization","@id":"https:\/\/empresas.infoempleo.com\/hrtrends\/#organization","name":"Infoempleo","url":"https:\/\/www.infoempleo.com\/","logo":{"@type":"ImageObject","@id":"https:\/\/empresas.infoempleo.com\/hrtrends\/#logo","inLanguage":"es","url":"https:\/\/cdnazure.infoempleo.com\/infoempleo\/assets\/style\/gfx\/logo.svg","contentUrl":"https:\/\/cdnazure.infoempleo.com\/infoempleo\/assets\/style\/gfx\/logo.svg","width":150,"height":40,"caption":"Infoempleo"},"image":{"@id":"https:\/\/empresas.infoempleo.com\/hrtrends\/#logo"},"sameAs":["https:\/\/www.facebook.com\/Infoempleo","https:\/\/x.com\/infoempleo","http:\/\/instagram.com\/infoempleo\/","http:\/\/www.linkedin.com\/groups\/Empleo-Espa\u00f1a-Infoempleocom-111276","http:\/\/pinterest.com\/infoempleo\/"],"address":{"@type":"PostalAddress","addressLocality":"Madrid","postalCode":"28050","streetAddress":"Avenida de Burgos 114"},"brand":["Infoempleo"]},{"@type":"Person","@id":"https:\/\/empresas.infoempleo.com\/hrtrends\/#\/schema\/person\/2a45835f1492cbc7fbce11ad398707a8","name":"Rosario Sep\u00falveda","image":{"@type":"ImageObject","inLanguage":"es","@id":"https:\/\/empresas.infoempleo.com\/hrtrends\/#\/schema\/person\/image\/","url":"https:\/\/secure.gravatar.com\/avatar\/01b4f37da8fd0cca9ded94ad0ab4a694814c54945a7c84e54495a93ea3a90e3b?s=96&d=mm&r=g","contentUrl":"https:\/\/secure.gravatar.com\/avatar\/01b4f37da8fd0cca9ded94ad0ab4a694814c54945a7c84e54495a93ea3a90e3b?s=96&d=mm&r=g","caption":"Rosario Sep\u00falveda"},"url":"https:\/\/empresas.infoempleo.com\/hrtrends\/author\/rosario-sepulveda\/"}]}},"amp_enabled":true,"_links":{"self":[{"href":"https:\/\/empresas.infoempleo.com\/hrtrends\/wp-json\/wp\/v2\/posts\/22677","targetHints":{"allow":["GET"]}}],"collection":[{"href":"https:\/\/empresas.infoempleo.com\/hrtrends\/wp-json\/wp\/v2\/posts"}],"about":[{"href":"https:\/\/empresas.infoempleo.com\/hrtrends\/wp-json\/wp\/v2\/types\/post"}],"author":[{"embeddable":true,"href":"https:\/\/empresas.infoempleo.com\/hrtrends\/wp-json\/wp\/v2\/users\/34"}],"replies":[{"embeddable":true,"href":"https:\/\/empresas.infoempleo.com\/hrtrends\/wp-json\/wp\/v2\/comments?post=22677"}],"version-history":[{"count":2,"href":"https:\/\/empresas.infoempleo.com\/hrtrends\/wp-json\/wp\/v2\/posts\/22677\/revisions"}],"predecessor-version":[{"id":47253,"href":"https:\/\/empresas.infoempleo.com\/hrtrends\/wp-json\/wp\/v2\/posts\/22677\/revisions\/47253"}],"wp:featuredmedia":[{"embeddable":true,"href":"https:\/\/empresas.infoempleo.com\/hrtrends\/wp-json\/wp\/v2\/media\/29665"}],"wp:attachment":[{"href":"https:\/\/empresas.infoempleo.com\/hrtrends\/wp-json\/wp\/v2\/media?parent=22677"}],"wp:term":[{"taxonomy":"category","embeddable":true,"href":"https:\/\/empresas.infoempleo.com\/hrtrends\/wp-json\/wp\/v2\/categories?post=22677"},{"taxonomy":"post_tag","embeddable":true,"href":"https:\/\/empresas.infoempleo.com\/hrtrends\/wp-json\/wp\/v2\/tags?post=22677"}],"curies":[{"name":"wp","href":"https:\/\/api.w.org\/{rel}","templated":true}]}}