{"id":22672,"date":"2010-02-15T09:17:03","date_gmt":"2010-02-15T08:17:03","guid":{"rendered":"http:\/\/blog.infoempleo.com\/?p=7219"},"modified":"2018-05-23T17:55:10","modified_gmt":"2018-05-23T15:55:10","slug":"lo-ultimo-que-hice-en-moda-fue-trabajar-con-manuel-pina","status":"publish","type":"post","link":"https:\/\/empresas.infoempleo.com\/hrtrends\/lo-ultimo-que-hice-en-moda-fue-trabajar-con-manuel-pina\/","title":{"rendered":"\u00abLo \u00faltimo que hice en moda fue trabajar con Manuel Pi\u00f1a\u00bb"},"content":{"rendered":"<h3><img loading=\"lazy\" decoding=\"async\" class=\"aligncenter size-full wp-image-7220\" src=\"https:\/\/empresas.infoempleo.com\/hrtrends\/media\/2010\/02\/FernandoAlbizu1.jpg\" alt=\"Fernando Albizu\" width=\"240\" height=\"361\" srcset=\"https:\/\/empresas.infoempleo.com\/hrtrends\/media\/2010\/02\/FernandoAlbizu1.jpg 400w, https:\/\/empresas.infoempleo.com\/hrtrends\/media\/2010\/02\/FernandoAlbizu1-200x300.jpg 200w\" sizes=\"auto, (max-width: 240px) 100vw, 240px\" \/><\/h3>\n<h3>Fernando Albizu, actor<\/h3>\n<p>Teatro, cine, televisi\u00f3n, hasta zarzuela. No ha habido palo de la interpretaci\u00f3n que no haya tocado Fernando Albizu (Vitoria, 1963). \u00abS\u00f3lo me falta el circo\u00bb, dice con sorna este vasco afincado en Madrid que iba para arquitecto, se gradu\u00f3 en Dise\u00f1o de Moda y ha terminado en una profesi\u00f3n que le proporciona tanta diversi\u00f3n y placer que casi le sonroja reconocerlo. Esta noche, competir\u00e1 por un premio Goya en la categor\u00eda de Mejor Actor Revelaci\u00f3n.<\/p>\n<p><strong>\u00bfCu\u00e1l fue su primer empleo remunerado?<br \/>\n<\/strong>Mi primer empleo me lo proporcion\u00f3 la academia de dise\u00f1o de moda donde yo estudiaba, Goymar, en Madrid. Fue un contrato de seis meses como profesor de dibujo para impartir un cursillo del INEM en Alcal\u00e1 de Henares.<\/p>\n<p><strong>Pero usted hab\u00eda empezado Arquitectura.<br \/>\n<\/strong>S\u00ed, estuve tres a\u00f1os estudiando Arquitectura. Pero ten\u00eda una compa\u00f1era con la que me dedicaba a hacer dibujitos en las clases de c\u00e1lculo, que daba un profesor muy aburrido. Ella era modelo de peluquer\u00eda y a m\u00ed me dio por hacer dise\u00f1os de moda que fueran con sus peinados. Mar\u00eda, que as\u00ed se llamaba mi compa\u00f1era, me anim\u00f3 a que cambiara de especialidad. Y as\u00ed, de una manera un poco tonta, termin\u00e9, y me gradu\u00e9, en Dise\u00f1o de Moda.<\/p>\n<p><strong>\u00bfQu\u00e9 le queda de su experiencia en ese mundo?<br \/>\n<\/strong>Aconsejar a alguna amiga que se va a casar y cosas as\u00ed. Y mi madre, cada vez que se quiere comprar algo, me llama. Pero nada m\u00e1s. En casa del herrero, cuchillo de palo. Y eso que, tras ese primer trabajo, segu\u00ed en la misma academia como profesor de patronaje. Lo \u00faltimo que hice en moda fue trabajar con Manuel Pi\u00f1a una temporada.<\/p>\n<p><strong>\u00bfY d\u00f3nde encaja su gusto por la interpretaci\u00f3n en esa biograf\u00eda?<br \/>\n<\/strong>Di el salto porque yo frecuentaba un bar donde actuaba un grupo, Productos Lola, en el que estaba una de mis mejores amigas y mi madre en este mundo, Carola Escarola. Yo admiraba profundamente lo que hac\u00edan. Al final, Carola abandon\u00f3 la compa\u00f1\u00eda, mont\u00f3 su propio grupo y me encarg\u00f3 que le hiciera el vestuario. Pero tambi\u00e9n le faltaba un chico en el grupo, as\u00ed que me convenci\u00f3 para que me subiera al escenario. Y as\u00ed, de una manera un poco casual, casi de broma, empec\u00e9. Y me gust\u00f3 mucho, demasiado [Risas].<\/p>\n<p><strong>\u00bfCu\u00e1ndo decidi\u00f3 pasarse del todo al arte dram\u00e1tico?<br \/>\n<\/strong>Realmente, nunca tom\u00e9 esa decisi\u00f3n. Yo segu\u00ed haciendo cabar\u00e9, y dej\u00e9 el mundo de la moda, porque no result\u00f3 una experiencia muy agradable. Mi paso por el estudio de Manuel [Pi\u00f1a] me desencant\u00f3.<\/p>\n<p><strong>\u00bfPor qu\u00e9?<br \/>\n<\/strong>Me pareci\u00f3 todo muy fr\u00edvolo. Manuel estaba en una \u00e9poca no muy buena. Yo iba a trabajar todos los d\u00edas y no serv\u00eda para nada, porque \u00e9l llegaba por la noche y lo destrozaba todo. Aquello fue muy, muy frustrante. Por el contrario, trabajar por la noche en el Berl\u00edn Cabaret o en el No Se Lo Digas A Nadie era absolutamente maravilloso. As\u00ed que dej\u00e9 mi trabajo en el mundo de la moda y me emple\u00e9 de camarero para poder vivir y pagarme los estudios de interpretaci\u00f3n.<\/p>\n","protected":false},"excerpt":{"rendered":"<p>Fernando Albizu, actor Teatro, cine, televisi\u00f3n, hasta zarzuela. No ha habido palo de la interpretaci\u00f3n que no haya<a class=\"moretag\" href=\"https:\/\/empresas.infoempleo.com\/hrtrends\/lo-ultimo-que-hice-en-moda-fue-trabajar-con-manuel-pina\/\"> Leer m\u00e1s<\/a><\/p>\n","protected":false},"author":34,"featured_media":29665,"comment_status":"closed","ping_status":"open","sticky":false,"template":"","format":"standard","meta":{"footnotes":""},"categories":[3],"tags":[491],"class_list":["post-22672","post","type-post","status-publish","format-standard","has-post-thumbnail","hentry","category-actualidad","tag-primer-empleo"],"yoast_head":"<!-- This site is optimized with the Yoast SEO plugin v26.1.1 - https:\/\/yoast.com\/wordpress\/plugins\/seo\/ -->\n<title>&quot;Lo \u00faltimo que hice en moda fue trabajar con Manuel Pi\u00f1a&quot; | HRTRENDS<\/title>\n<meta name=\"robots\" content=\"index, follow, max-snippet:-1, max-image-preview:large, max-video-preview:-1\" \/>\n<link rel=\"canonical\" href=\"https:\/\/empresas.infoempleo.com\/hrtrends\/lo-ultimo-que-hice-en-moda-fue-trabajar-con-manuel-pina\/\" \/>\n<meta property=\"og:locale\" content=\"es_ES\" \/>\n<meta property=\"og:type\" content=\"article\" \/>\n<meta property=\"og:title\" content=\"&quot;Lo \u00faltimo que hice en moda fue trabajar con Manuel Pi\u00f1a&quot; | HRTRENDS\" \/>\n<meta property=\"og:description\" content=\"Fernando Albizu, actor Teatro, cine, televisi\u00f3n, hasta zarzuela. No ha habido palo de la interpretaci\u00f3n que no haya Leer m\u00e1s\" \/>\n<meta property=\"og:url\" content=\"https:\/\/empresas.infoempleo.com\/hrtrends\/lo-ultimo-que-hice-en-moda-fue-trabajar-con-manuel-pina\/\" \/>\n<meta property=\"og:site_name\" content=\"HRTRENDS\" \/>\n<meta property=\"article:publisher\" content=\"https:\/\/www.facebook.com\/Infoempleo\" \/>\n<meta property=\"article:published_time\" content=\"2010-02-15T08:17:03+00:00\" \/>\n<meta property=\"article:modified_time\" content=\"2018-05-23T15:55:10+00:00\" \/>\n<meta property=\"og:image\" content=\"https:\/\/empresas.infoempleo.com\/hrtrends\/media\/2017\/05\/pexels-photo-205508.jpg\" \/>\n\t<meta property=\"og:image:width\" content=\"1280\" \/>\n\t<meta property=\"og:image:height\" content=\"960\" \/>\n\t<meta property=\"og:image:type\" content=\"image\/jpeg\" \/>\n<meta name=\"author\" content=\"Rosario Sep\u00falveda\" \/>\n<meta name=\"twitter:card\" content=\"summary_large_image\" \/>\n<meta name=\"twitter:creator\" content=\"@infoempleo\" \/>\n<meta name=\"twitter:site\" content=\"@infoempleo\" \/>\n<meta name=\"twitter:label1\" content=\"Escrito por\" \/>\n\t<meta name=\"twitter:data1\" content=\"Rosario Sep\u00falveda\" \/>\n\t<meta name=\"twitter:label2\" content=\"Tiempo de lectura\" \/>\n\t<meta name=\"twitter:data2\" content=\"3 minutos\" \/>\n<script type=\"application\/ld+json\" class=\"yoast-schema-graph\">{\"@context\":\"https:\/\/schema.org\",\"@graph\":[{\"@type\":\"NewsArticle\",\"@id\":\"https:\/\/empresas.infoempleo.com\/hrtrends\/lo-ultimo-que-hice-en-moda-fue-trabajar-con-manuel-pina\/#article\",\"isPartOf\":{\"@id\":\"https:\/\/empresas.infoempleo.com\/hrtrends\/lo-ultimo-que-hice-en-moda-fue-trabajar-con-manuel-pina\/\"},\"author\":{\"name\":\"Rosario Sep\u00falveda\",\"@id\":\"https:\/\/empresas.infoempleo.com\/hrtrends\/#\/schema\/person\/2a45835f1492cbc7fbce11ad398707a8\"},\"headline\":\"\u00abLo \u00faltimo que hice en moda fue trabajar con Manuel Pi\u00f1a\u00bb\",\"datePublished\":\"2010-02-15T08:17:03+00:00\",\"dateModified\":\"2018-05-23T15:55:10+00:00\",\"mainEntityOfPage\":{\"@id\":\"https:\/\/empresas.infoempleo.com\/hrtrends\/lo-ultimo-que-hice-en-moda-fue-trabajar-con-manuel-pina\/\"},\"wordCount\":560,\"publisher\":{\"@id\":\"https:\/\/empresas.infoempleo.com\/hrtrends\/#organization\"},\"image\":{\"@id\":\"https:\/\/empresas.infoempleo.com\/hrtrends\/lo-ultimo-que-hice-en-moda-fue-trabajar-con-manuel-pina\/#primaryimage\"},\"thumbnailUrl\":\"https:\/\/empresas.infoempleo.com\/hrtrends\/media\/2017\/05\/pexels-photo-205508.jpg\",\"keywords\":[\"primer empleo\"],\"articleSection\":[\"Actualidad\"],\"inLanguage\":\"es\",\"copyrightYear\":\"2010\",\"copyrightHolder\":{\"@id\":\"https:\/\/empresas.infoempleo.com\/hrtrends\/#organization\"}},{\"@type\":\"WebPage\",\"@id\":\"https:\/\/empresas.infoempleo.com\/hrtrends\/lo-ultimo-que-hice-en-moda-fue-trabajar-con-manuel-pina\/\",\"url\":\"https:\/\/empresas.infoempleo.com\/hrtrends\/lo-ultimo-que-hice-en-moda-fue-trabajar-con-manuel-pina\/\",\"name\":\"\\\"Lo \u00faltimo que hice en moda fue trabajar con Manuel Pi\u00f1a\\\" | HRTRENDS\",\"isPartOf\":{\"@id\":\"https:\/\/empresas.infoempleo.com\/hrtrends\/#website\"},\"primaryImageOfPage\":{\"@id\":\"https:\/\/empresas.infoempleo.com\/hrtrends\/lo-ultimo-que-hice-en-moda-fue-trabajar-con-manuel-pina\/#primaryimage\"},\"image\":{\"@id\":\"https:\/\/empresas.infoempleo.com\/hrtrends\/lo-ultimo-que-hice-en-moda-fue-trabajar-con-manuel-pina\/#primaryimage\"},\"thumbnailUrl\":\"https:\/\/empresas.infoempleo.com\/hrtrends\/media\/2017\/05\/pexels-photo-205508.jpg\",\"datePublished\":\"2010-02-15T08:17:03+00:00\",\"dateModified\":\"2018-05-23T15:55:10+00:00\",\"breadcrumb\":{\"@id\":\"https:\/\/empresas.infoempleo.com\/hrtrends\/lo-ultimo-que-hice-en-moda-fue-trabajar-con-manuel-pina\/#breadcrumb\"},\"inLanguage\":\"es\",\"potentialAction\":[{\"@type\":\"ReadAction\",\"target\":[\"https:\/\/empresas.infoempleo.com\/hrtrends\/lo-ultimo-que-hice-en-moda-fue-trabajar-con-manuel-pina\/\"]}]},{\"@type\":\"ImageObject\",\"inLanguage\":\"es\",\"@id\":\"https:\/\/empresas.infoempleo.com\/hrtrends\/lo-ultimo-que-hice-en-moda-fue-trabajar-con-manuel-pina\/#primaryimage\",\"url\":\"https:\/\/empresas.infoempleo.com\/hrtrends\/media\/2017\/05\/pexels-photo-205508-150x150.jpg\",\"contentUrl\":\"https:\/\/empresas.infoempleo.com\/hrtrends\/media\/2017\/05\/pexels-photo-205508-150x150.jpg\",\"width\":150,\"height\":150},{\"@type\":\"BreadcrumbList\",\"@id\":\"https:\/\/empresas.infoempleo.com\/hrtrends\/lo-ultimo-que-hice-en-moda-fue-trabajar-con-manuel-pina\/#breadcrumb\",\"itemListElement\":[{\"@type\":\"ListItem\",\"position\":1,\"name\":\"Portada\",\"item\":\"https:\/\/empresas.infoempleo.com\/hrtrends\/\"},{\"@type\":\"ListItem\",\"position\":2,\"name\":\"\u00abLo \u00faltimo que hice en moda fue trabajar con Manuel Pi\u00f1a\u00bb\"}]},{\"@type\":\"WebSite\",\"@id\":\"https:\/\/empresas.infoempleo.com\/hrtrends\/#website\",\"url\":\"https:\/\/empresas.infoempleo.com\/hrtrends\",\"name\":\"HRTrends by Infoempleo\",\"description\":\"\",\"publisher\":{\"@id\":\"https:\/\/empresas.infoempleo.com\/hrtrends\/#organization\"},\"potentialAction\":{\"@type\":\"SearchAction\",\"target\":\"https:\/\/empresas.infoempleo.com\/hrtrends\/?s={search_term_string}\",\"query-input\":\"required name=search_term_string\"},\"inLanguage\":\"es\"},{\"@type\":\"Organization\",\"@id\":\"https:\/\/empresas.infoempleo.com\/hrtrends\/#organization\",\"name\":\"Infoempleo\",\"url\":\"https:\/\/www.infoempleo.com\/\",\"logo\":{\"@type\":\"ImageObject\",\"@id\":\"https:\/\/empresas.infoempleo.com\/hrtrends\/#logo\",\"inLanguage\":\"es\",\"url\":\"https:\/\/cdnazure.infoempleo.com\/infoempleo\/assets\/style\/gfx\/logo.svg\",\"contentUrl\":\"https:\/\/cdnazure.infoempleo.com\/infoempleo\/assets\/style\/gfx\/logo.svg\",\"width\":150,\"height\":40,\"caption\":\"Infoempleo\"},\"image\":{\"@id\":\"https:\/\/empresas.infoempleo.com\/hrtrends\/#logo\"},\"sameAs\":[\"https:\/\/www.facebook.com\/Infoempleo\",\"https:\/\/x.com\/infoempleo\",\"http:\/\/instagram.com\/infoempleo\/\",\"http:\/\/www.linkedin.com\/groups\/Empleo-Espa\u00f1a-Infoempleocom-111276\",\"http:\/\/pinterest.com\/infoempleo\/\"],\"address\":{\"@type\":\"PostalAddress\",\"addressLocality\":\"Madrid\",\"postalCode\":\"28050\",\"streetAddress\":\"Avenida de Burgos 114\"},\"brand\":[\"Infoempleo\"]},{\"@type\":\"Person\",\"@id\":\"https:\/\/empresas.infoempleo.com\/hrtrends\/#\/schema\/person\/2a45835f1492cbc7fbce11ad398707a8\",\"name\":\"Rosario Sep\u00falveda\",\"image\":{\"@type\":\"ImageObject\",\"inLanguage\":\"es\",\"@id\":\"https:\/\/empresas.infoempleo.com\/hrtrends\/#\/schema\/person\/image\/\",\"url\":\"https:\/\/secure.gravatar.com\/avatar\/01b4f37da8fd0cca9ded94ad0ab4a694814c54945a7c84e54495a93ea3a90e3b?s=96&d=mm&r=g\",\"contentUrl\":\"https:\/\/secure.gravatar.com\/avatar\/01b4f37da8fd0cca9ded94ad0ab4a694814c54945a7c84e54495a93ea3a90e3b?s=96&d=mm&r=g\",\"caption\":\"Rosario Sep\u00falveda\"},\"url\":\"https:\/\/empresas.infoempleo.com\/hrtrends\/author\/rosario-sepulveda\/\"}]}<\/script>\n<!-- \/ Yoast SEO plugin. -->","yoast_head_json":{"title":"\"Lo \u00faltimo que hice en moda fue trabajar con Manuel Pi\u00f1a\" | HRTRENDS","robots":{"index":"index","follow":"follow","max-snippet":"max-snippet:-1","max-image-preview":"max-image-preview:large","max-video-preview":"max-video-preview:-1"},"canonical":"https:\/\/empresas.infoempleo.com\/hrtrends\/lo-ultimo-que-hice-en-moda-fue-trabajar-con-manuel-pina\/","og_locale":"es_ES","og_type":"article","og_title":"\"Lo \u00faltimo que hice en moda fue trabajar con Manuel Pi\u00f1a\" | HRTRENDS","og_description":"Fernando Albizu, actor Teatro, cine, televisi\u00f3n, hasta zarzuela. No ha habido palo de la interpretaci\u00f3n que no haya Leer m\u00e1s","og_url":"https:\/\/empresas.infoempleo.com\/hrtrends\/lo-ultimo-que-hice-en-moda-fue-trabajar-con-manuel-pina\/","og_site_name":"HRTRENDS","article_publisher":"https:\/\/www.facebook.com\/Infoempleo","article_published_time":"2010-02-15T08:17:03+00:00","article_modified_time":"2018-05-23T15:55:10+00:00","og_image":[{"width":1280,"height":960,"url":"https:\/\/empresas.infoempleo.com\/hrtrends\/media\/2017\/05\/pexels-photo-205508.jpg","type":"image\/jpeg"}],"author":"Rosario Sep\u00falveda","twitter_card":"summary_large_image","twitter_creator":"@infoempleo","twitter_site":"@infoempleo","twitter_misc":{"Escrito por":"Rosario Sep\u00falveda","Tiempo de lectura":"3 minutos"},"schema":{"@context":"https:\/\/schema.org","@graph":[{"@type":"NewsArticle","@id":"https:\/\/empresas.infoempleo.com\/hrtrends\/lo-ultimo-que-hice-en-moda-fue-trabajar-con-manuel-pina\/#article","isPartOf":{"@id":"https:\/\/empresas.infoempleo.com\/hrtrends\/lo-ultimo-que-hice-en-moda-fue-trabajar-con-manuel-pina\/"},"author":{"name":"Rosario Sep\u00falveda","@id":"https:\/\/empresas.infoempleo.com\/hrtrends\/#\/schema\/person\/2a45835f1492cbc7fbce11ad398707a8"},"headline":"\u00abLo \u00faltimo que hice en moda fue trabajar con Manuel Pi\u00f1a\u00bb","datePublished":"2010-02-15T08:17:03+00:00","dateModified":"2018-05-23T15:55:10+00:00","mainEntityOfPage":{"@id":"https:\/\/empresas.infoempleo.com\/hrtrends\/lo-ultimo-que-hice-en-moda-fue-trabajar-con-manuel-pina\/"},"wordCount":560,"publisher":{"@id":"https:\/\/empresas.infoempleo.com\/hrtrends\/#organization"},"image":{"@id":"https:\/\/empresas.infoempleo.com\/hrtrends\/lo-ultimo-que-hice-en-moda-fue-trabajar-con-manuel-pina\/#primaryimage"},"thumbnailUrl":"https:\/\/empresas.infoempleo.com\/hrtrends\/media\/2017\/05\/pexels-photo-205508.jpg","keywords":["primer empleo"],"articleSection":["Actualidad"],"inLanguage":"es","copyrightYear":"2010","copyrightHolder":{"@id":"https:\/\/empresas.infoempleo.com\/hrtrends\/#organization"}},{"@type":"WebPage","@id":"https:\/\/empresas.infoempleo.com\/hrtrends\/lo-ultimo-que-hice-en-moda-fue-trabajar-con-manuel-pina\/","url":"https:\/\/empresas.infoempleo.com\/hrtrends\/lo-ultimo-que-hice-en-moda-fue-trabajar-con-manuel-pina\/","name":"\"Lo \u00faltimo que hice en moda fue trabajar con Manuel Pi\u00f1a\" | HRTRENDS","isPartOf":{"@id":"https:\/\/empresas.infoempleo.com\/hrtrends\/#website"},"primaryImageOfPage":{"@id":"https:\/\/empresas.infoempleo.com\/hrtrends\/lo-ultimo-que-hice-en-moda-fue-trabajar-con-manuel-pina\/#primaryimage"},"image":{"@id":"https:\/\/empresas.infoempleo.com\/hrtrends\/lo-ultimo-que-hice-en-moda-fue-trabajar-con-manuel-pina\/#primaryimage"},"thumbnailUrl":"https:\/\/empresas.infoempleo.com\/hrtrends\/media\/2017\/05\/pexels-photo-205508.jpg","datePublished":"2010-02-15T08:17:03+00:00","dateModified":"2018-05-23T15:55:10+00:00","breadcrumb":{"@id":"https:\/\/empresas.infoempleo.com\/hrtrends\/lo-ultimo-que-hice-en-moda-fue-trabajar-con-manuel-pina\/#breadcrumb"},"inLanguage":"es","potentialAction":[{"@type":"ReadAction","target":["https:\/\/empresas.infoempleo.com\/hrtrends\/lo-ultimo-que-hice-en-moda-fue-trabajar-con-manuel-pina\/"]}]},{"@type":"ImageObject","inLanguage":"es","@id":"https:\/\/empresas.infoempleo.com\/hrtrends\/lo-ultimo-que-hice-en-moda-fue-trabajar-con-manuel-pina\/#primaryimage","url":"https:\/\/empresas.infoempleo.com\/hrtrends\/media\/2017\/05\/pexels-photo-205508-150x150.jpg","contentUrl":"https:\/\/empresas.infoempleo.com\/hrtrends\/media\/2017\/05\/pexels-photo-205508-150x150.jpg","width":150,"height":150},{"@type":"BreadcrumbList","@id":"https:\/\/empresas.infoempleo.com\/hrtrends\/lo-ultimo-que-hice-en-moda-fue-trabajar-con-manuel-pina\/#breadcrumb","itemListElement":[{"@type":"ListItem","position":1,"name":"Portada","item":"https:\/\/empresas.infoempleo.com\/hrtrends\/"},{"@type":"ListItem","position":2,"name":"\u00abLo \u00faltimo que hice en moda fue trabajar con Manuel Pi\u00f1a\u00bb"}]},{"@type":"WebSite","@id":"https:\/\/empresas.infoempleo.com\/hrtrends\/#website","url":"https:\/\/empresas.infoempleo.com\/hrtrends","name":"HRTrends by Infoempleo","description":"","publisher":{"@id":"https:\/\/empresas.infoempleo.com\/hrtrends\/#organization"},"potentialAction":{"@type":"SearchAction","target":"https:\/\/empresas.infoempleo.com\/hrtrends\/?s={search_term_string}","query-input":"required name=search_term_string"},"inLanguage":"es"},{"@type":"Organization","@id":"https:\/\/empresas.infoempleo.com\/hrtrends\/#organization","name":"Infoempleo","url":"https:\/\/www.infoempleo.com\/","logo":{"@type":"ImageObject","@id":"https:\/\/empresas.infoempleo.com\/hrtrends\/#logo","inLanguage":"es","url":"https:\/\/cdnazure.infoempleo.com\/infoempleo\/assets\/style\/gfx\/logo.svg","contentUrl":"https:\/\/cdnazure.infoempleo.com\/infoempleo\/assets\/style\/gfx\/logo.svg","width":150,"height":40,"caption":"Infoempleo"},"image":{"@id":"https:\/\/empresas.infoempleo.com\/hrtrends\/#logo"},"sameAs":["https:\/\/www.facebook.com\/Infoempleo","https:\/\/x.com\/infoempleo","http:\/\/instagram.com\/infoempleo\/","http:\/\/www.linkedin.com\/groups\/Empleo-Espa\u00f1a-Infoempleocom-111276","http:\/\/pinterest.com\/infoempleo\/"],"address":{"@type":"PostalAddress","addressLocality":"Madrid","postalCode":"28050","streetAddress":"Avenida de Burgos 114"},"brand":["Infoempleo"]},{"@type":"Person","@id":"https:\/\/empresas.infoempleo.com\/hrtrends\/#\/schema\/person\/2a45835f1492cbc7fbce11ad398707a8","name":"Rosario Sep\u00falveda","image":{"@type":"ImageObject","inLanguage":"es","@id":"https:\/\/empresas.infoempleo.com\/hrtrends\/#\/schema\/person\/image\/","url":"https:\/\/secure.gravatar.com\/avatar\/01b4f37da8fd0cca9ded94ad0ab4a694814c54945a7c84e54495a93ea3a90e3b?s=96&d=mm&r=g","contentUrl":"https:\/\/secure.gravatar.com\/avatar\/01b4f37da8fd0cca9ded94ad0ab4a694814c54945a7c84e54495a93ea3a90e3b?s=96&d=mm&r=g","caption":"Rosario Sep\u00falveda"},"url":"https:\/\/empresas.infoempleo.com\/hrtrends\/author\/rosario-sepulveda\/"}]}},"amp_enabled":true,"_links":{"self":[{"href":"https:\/\/empresas.infoempleo.com\/hrtrends\/wp-json\/wp\/v2\/posts\/22672","targetHints":{"allow":["GET"]}}],"collection":[{"href":"https:\/\/empresas.infoempleo.com\/hrtrends\/wp-json\/wp\/v2\/posts"}],"about":[{"href":"https:\/\/empresas.infoempleo.com\/hrtrends\/wp-json\/wp\/v2\/types\/post"}],"author":[{"embeddable":true,"href":"https:\/\/empresas.infoempleo.com\/hrtrends\/wp-json\/wp\/v2\/users\/34"}],"replies":[{"embeddable":true,"href":"https:\/\/empresas.infoempleo.com\/hrtrends\/wp-json\/wp\/v2\/comments?post=22672"}],"version-history":[{"count":0,"href":"https:\/\/empresas.infoempleo.com\/hrtrends\/wp-json\/wp\/v2\/posts\/22672\/revisions"}],"wp:featuredmedia":[{"embeddable":true,"href":"https:\/\/empresas.infoempleo.com\/hrtrends\/wp-json\/wp\/v2\/media\/29665"}],"wp:attachment":[{"href":"https:\/\/empresas.infoempleo.com\/hrtrends\/wp-json\/wp\/v2\/media?parent=22672"}],"wp:term":[{"taxonomy":"category","embeddable":true,"href":"https:\/\/empresas.infoempleo.com\/hrtrends\/wp-json\/wp\/v2\/categories?post=22672"},{"taxonomy":"post_tag","embeddable":true,"href":"https:\/\/empresas.infoempleo.com\/hrtrends\/wp-json\/wp\/v2\/tags?post=22672"}],"curies":[{"name":"wp","href":"https:\/\/api.w.org\/{rel}","templated":true}]}}