{"id":22663,"date":"2010-02-01T09:08:07","date_gmt":"2010-02-01T08:08:07","guid":{"rendered":"http:\/\/blog.infoempleo.com\/?p=6915"},"modified":"2018-05-23T17:56:16","modified_gmt":"2018-05-23T15:56:16","slug":"mi-primera-publicacion-fue-un-pie-de-fotografia","status":"publish","type":"post","link":"https:\/\/empresas.infoempleo.com\/hrtrends\/mi-primera-publicacion-fue-un-pie-de-fotografia\/","title":{"rendered":"\u00abMi primera publicaci\u00f3n fue un pie de fotograf\u00eda\u00bb"},"content":{"rendered":"<p><img loading=\"lazy\" decoding=\"async\" class=\"alignnone size-full wp-image-6916\" src=\"https:\/\/empresas.infoempleo.com\/hrtrends\/media\/2010\/01\/JesusHermida1.jpg\" alt=\"Jes\u00fas Hermida\" width=\"280\" height=\"184\" srcset=\"https:\/\/empresas.infoempleo.com\/hrtrends\/media\/2010\/01\/JesusHermida1.jpg 400w, https:\/\/empresas.infoempleo.com\/hrtrends\/media\/2010\/01\/JesusHermida1-300x197.jpg 300w\" sizes=\"auto, (max-width: 280px) 100vw, 280px\" \/><\/p>\n<h3>Jes\u00fas Hermida, periodista<\/h3>\n<p>La historia del periodismo contempor\u00e1neo en Espa\u00f1a ser\u00eda otra si Jes\u00fas Hermida (Huelva, 1937) no hubiera seguido al pie de la letra su lema de \u00abser uno mismo\u00bb, pero afortunadamente no fue as\u00ed. Hoy, \u00abcon montones de cosas por hacer\u00bb, vuelve a ser protagonista gracias a la Escuela de Presentadores de Televisi\u00f3n que lleva su nombre en el Instituto de las Artes de la Comunicaci\u00f3n (Tracor).<\/p>\n<p><strong>\u00bfQu\u00e9 hizo en su primer empleo remunerado?<br \/>\n<\/strong>Rellenar recibos de la contribuci\u00f3n a Hacienda, con 16 a\u00f1os. Necesitaba 300 pesetas para el billete de tercera Huelva-Madrid. Despu\u00e9s estuve en una oficina de personal. Eran otras 700, que me daban para pagar la pensi\u00f3n mientras estudiaba periodismo, mi vocaci\u00f3n desde peque\u00f1o.<\/p>\n<p><strong>\u00bfD\u00f3nde comenz\u00f3 su andadura profesional?<br \/>\n<\/strong>En \u2018Signa\u2019, el semanario de Acci\u00f3n Cat\u00f3lica. De all\u00ed conservo el recuerdo m\u00e1s grato. Fue mi primera redacci\u00f3n. Nos pagaban \u2018cuatro perras\u2019, pero nos daba la posibilidad de ser contestatarios&#8230; Bueno, lo que pod\u00edamos, eran los cincuenta.<\/p>\n<p><strong>\u00bfQu\u00e9 lecciones aprendi\u00f3 en esa primera etapa?<br \/>\n<\/strong>Que hay que empezar desde abajo. Eso de salir de la facultad y querer ser corresponsal en Nueva York\u2026 En mi caso, mi primera publicaci\u00f3n fue un pie de foto. Despu\u00e9s, lleg\u00f3 Europa Press, \u2018Actualidad Espa\u00f1ola\u2019 y \u2018El Alc\u00e1zar\u2019, en la \u00f3rbita del Opus Dei, donde lleg\u00f3 un momento en el que tuve que elegir entre cierta ideolog\u00eda y yo.<\/p>\n<p><strong>La primera vez que se marcha de un medio de comunicaci\u00f3n, tambi\u00e9n lo hizo de \u2018Pueblo\u2019&#8230;<br \/>\n<\/strong>Al margen de las connotaciones pol\u00edticas, era el m\u00e1s vibrante. Toda la generaci\u00f3n de periodistas de los sesenta estaba all\u00ed. Fue mi gran oportunidad pero, como ya empezaba a ser habitual en m\u00ed, hubo una situaci\u00f3n deterinada y&#8230;<\/p>\n<p><strong>\u00bfY c\u00f3mo entr\u00f3 en TVE?<br \/>\n<\/strong>Ten\u00eda un desprecio infinito a la televisi\u00f3n, pero hab\u00eda que sobrevivir. Pepe Casas, director de Informativos, me tendi\u00f3 una trampa y me meti\u00f3 en un estudio. Poco despu\u00e9s, me propusieron viajar a Nueva York.<\/p>\n<p><strong>\u00bfFue la llegada a la luna uno de sus mejores momentos?<br \/>\n<\/strong>Empec\u00e9 en el 68, todo aquel a\u00f1o fue ya un acontecimiento: Vietnam, Luther King&#8230; La luna, en el 69, fue un gran reto porque me preocupaba la calidad de la retransmisi\u00f3n, no la trascendencia del momento. Luego, cuando sal\u00ed de la NASA y mir\u00e9 al cielo, grit\u00e9: \u00ab\u00a1La leche!\u00bb.<\/p>\n<p><strong>En el 78 regresa a Espa\u00f1a y sigue con la televisi\u00f3n\u2026<br \/>\n<\/strong>Mi pa\u00eds estaba cambiando y no me lo quer\u00eda perder. Estuve tiempo castigado porque dec\u00edan que pertenec\u00eda al PSOE, pero al final me llamaron para hacer \u2018De Cerca\u2019 y, despu\u00e9s, \u2018Su turno\u2019, del que tambi\u00e9n me march\u00e9.<\/p>\n<p><strong>Despu\u00e9s pasa a la radio \u2014dise\u00f1a M-80\u2014 y, de nuevo, a la televisi\u00f3n, con \u2018Por la Ma\u00f1ana\u2019. La etapa concluy\u00f3 abruptamente en el telediario. \u00bfQu\u00e9 pas\u00f3?<br \/>\n<\/strong>\u00a1Dios santo! Como siempre, por incompatibilidad manifiesta.<\/p>\n<p><strong>En Antena 3 Televisi\u00f3n, ya en el 2003, vuelve a empezar.<br \/>\n<\/strong>Eso es muy bonito. Una vez o\u00ed decir a John Lennon que no iba a cantar siempre \u2018Yesterday\u2019\u2026 As\u00ed que lleg\u00f3 un momento en el que decid\u00ed hacer s\u00f3lo lo que quisiera y, tras un especial sobre la luna en TVE, dije: \u00abSe acab\u00f3\u00bb. Eso de contar batallitas no va conmigo.<\/p>\n<p><strong>\u00bfQu\u00e9 les dir\u00eda a quienes quieren seguir sus pasos?<br \/>\n<\/strong>Que sean ellos mismos, que no imiten a nadie y que triunfen lo que puedan sabiendo que no va a ser f\u00e1cil. Y los maldecir\u00e9 si les dan un minuto en televisi\u00f3n y lo desaprovechan.<\/p>\n","protected":false},"excerpt":{"rendered":"<p>Jes\u00fas Hermida, periodista La historia del periodismo contempor\u00e1neo en Espa\u00f1a ser\u00eda otra si Jes\u00fas Hermida (Huelva, 1937) no<a class=\"moretag\" href=\"https:\/\/empresas.infoempleo.com\/hrtrends\/mi-primera-publicacion-fue-un-pie-de-fotografia\/\"> Leer m\u00e1s<\/a><\/p>\n","protected":false},"author":35,"featured_media":29665,"comment_status":"closed","ping_status":"open","sticky":false,"template":"","format":"standard","meta":{"footnotes":""},"categories":[3],"tags":[491],"class_list":["post-22663","post","type-post","status-publish","format-standard","has-post-thumbnail","hentry","category-actualidad","tag-primer-empleo"],"yoast_head":"<!-- This site is optimized with the Yoast SEO plugin v26.1.1 - https:\/\/yoast.com\/wordpress\/plugins\/seo\/ -->\n<title>&quot;Mi primera publicaci\u00f3n fue un pie de fotograf\u00eda&quot; | HRTRENDS<\/title>\n<meta name=\"robots\" content=\"index, follow, max-snippet:-1, max-image-preview:large, max-video-preview:-1\" \/>\n<link rel=\"canonical\" href=\"https:\/\/empresas.infoempleo.com\/hrtrends\/mi-primera-publicacion-fue-un-pie-de-fotografia\/\" \/>\n<meta property=\"og:locale\" content=\"es_ES\" \/>\n<meta property=\"og:type\" content=\"article\" \/>\n<meta property=\"og:title\" content=\"&quot;Mi primera publicaci\u00f3n fue un pie de fotograf\u00eda&quot; | HRTRENDS\" \/>\n<meta property=\"og:description\" content=\"Jes\u00fas Hermida, periodista La historia del periodismo contempor\u00e1neo en Espa\u00f1a ser\u00eda otra si Jes\u00fas Hermida (Huelva, 1937) no Leer m\u00e1s\" \/>\n<meta property=\"og:url\" content=\"https:\/\/empresas.infoempleo.com\/hrtrends\/mi-primera-publicacion-fue-un-pie-de-fotografia\/\" \/>\n<meta property=\"og:site_name\" content=\"HRTRENDS\" \/>\n<meta property=\"article:publisher\" content=\"https:\/\/www.facebook.com\/Infoempleo\" \/>\n<meta property=\"article:published_time\" content=\"2010-02-01T08:08:07+00:00\" \/>\n<meta property=\"article:modified_time\" content=\"2018-05-23T15:56:16+00:00\" \/>\n<meta property=\"og:image\" content=\"https:\/\/empresas.infoempleo.com\/hrtrends\/media\/2017\/05\/pexels-photo-205508.jpg\" \/>\n\t<meta property=\"og:image:width\" content=\"1280\" \/>\n\t<meta property=\"og:image:height\" content=\"960\" \/>\n\t<meta property=\"og:image:type\" content=\"image\/jpeg\" \/>\n<meta name=\"author\" content=\"Laura de Cubas\" \/>\n<meta name=\"twitter:card\" content=\"summary_large_image\" \/>\n<meta name=\"twitter:creator\" content=\"@infoempleo\" \/>\n<meta name=\"twitter:site\" content=\"@infoempleo\" \/>\n<meta name=\"twitter:label1\" content=\"Escrito por\" \/>\n\t<meta name=\"twitter:data1\" content=\"Laura de Cubas\" \/>\n\t<meta name=\"twitter:label2\" content=\"Tiempo de lectura\" \/>\n\t<meta name=\"twitter:data2\" content=\"3 minutos\" \/>\n<script type=\"application\/ld+json\" class=\"yoast-schema-graph\">{\"@context\":\"https:\/\/schema.org\",\"@graph\":[{\"@type\":\"NewsArticle\",\"@id\":\"https:\/\/empresas.infoempleo.com\/hrtrends\/mi-primera-publicacion-fue-un-pie-de-fotografia\/#article\",\"isPartOf\":{\"@id\":\"https:\/\/empresas.infoempleo.com\/hrtrends\/mi-primera-publicacion-fue-un-pie-de-fotografia\/\"},\"author\":{\"name\":\"Laura de Cubas\",\"@id\":\"https:\/\/empresas.infoempleo.com\/hrtrends\/#\/schema\/person\/eee830fc2082cd3b52302e59ea0d2c05\"},\"headline\":\"\u00abMi primera publicaci\u00f3n fue un pie de fotograf\u00eda\u00bb\",\"datePublished\":\"2010-02-01T08:08:07+00:00\",\"dateModified\":\"2018-05-23T15:56:16+00:00\",\"mainEntityOfPage\":{\"@id\":\"https:\/\/empresas.infoempleo.com\/hrtrends\/mi-primera-publicacion-fue-un-pie-de-fotografia\/\"},\"wordCount\":623,\"publisher\":{\"@id\":\"https:\/\/empresas.infoempleo.com\/hrtrends\/#organization\"},\"image\":{\"@id\":\"https:\/\/empresas.infoempleo.com\/hrtrends\/mi-primera-publicacion-fue-un-pie-de-fotografia\/#primaryimage\"},\"thumbnailUrl\":\"https:\/\/empresas.infoempleo.com\/hrtrends\/media\/2017\/05\/pexels-photo-205508.jpg\",\"keywords\":[\"primer empleo\"],\"articleSection\":[\"Actualidad\"],\"inLanguage\":\"es\",\"copyrightYear\":\"2010\",\"copyrightHolder\":{\"@id\":\"https:\/\/empresas.infoempleo.com\/hrtrends\/#organization\"}},{\"@type\":\"WebPage\",\"@id\":\"https:\/\/empresas.infoempleo.com\/hrtrends\/mi-primera-publicacion-fue-un-pie-de-fotografia\/\",\"url\":\"https:\/\/empresas.infoempleo.com\/hrtrends\/mi-primera-publicacion-fue-un-pie-de-fotografia\/\",\"name\":\"\\\"Mi primera publicaci\u00f3n fue un pie de fotograf\u00eda\\\" | HRTRENDS\",\"isPartOf\":{\"@id\":\"https:\/\/empresas.infoempleo.com\/hrtrends\/#website\"},\"primaryImageOfPage\":{\"@id\":\"https:\/\/empresas.infoempleo.com\/hrtrends\/mi-primera-publicacion-fue-un-pie-de-fotografia\/#primaryimage\"},\"image\":{\"@id\":\"https:\/\/empresas.infoempleo.com\/hrtrends\/mi-primera-publicacion-fue-un-pie-de-fotografia\/#primaryimage\"},\"thumbnailUrl\":\"https:\/\/empresas.infoempleo.com\/hrtrends\/media\/2017\/05\/pexels-photo-205508.jpg\",\"datePublished\":\"2010-02-01T08:08:07+00:00\",\"dateModified\":\"2018-05-23T15:56:16+00:00\",\"breadcrumb\":{\"@id\":\"https:\/\/empresas.infoempleo.com\/hrtrends\/mi-primera-publicacion-fue-un-pie-de-fotografia\/#breadcrumb\"},\"inLanguage\":\"es\",\"potentialAction\":[{\"@type\":\"ReadAction\",\"target\":[\"https:\/\/empresas.infoempleo.com\/hrtrends\/mi-primera-publicacion-fue-un-pie-de-fotografia\/\"]}]},{\"@type\":\"ImageObject\",\"inLanguage\":\"es\",\"@id\":\"https:\/\/empresas.infoempleo.com\/hrtrends\/mi-primera-publicacion-fue-un-pie-de-fotografia\/#primaryimage\",\"url\":\"https:\/\/empresas.infoempleo.com\/hrtrends\/media\/2017\/05\/pexels-photo-205508-150x150.jpg\",\"contentUrl\":\"https:\/\/empresas.infoempleo.com\/hrtrends\/media\/2017\/05\/pexels-photo-205508-150x150.jpg\",\"width\":150,\"height\":150},{\"@type\":\"BreadcrumbList\",\"@id\":\"https:\/\/empresas.infoempleo.com\/hrtrends\/mi-primera-publicacion-fue-un-pie-de-fotografia\/#breadcrumb\",\"itemListElement\":[{\"@type\":\"ListItem\",\"position\":1,\"name\":\"Portada\",\"item\":\"https:\/\/empresas.infoempleo.com\/hrtrends\/\"},{\"@type\":\"ListItem\",\"position\":2,\"name\":\"\u00abMi primera publicaci\u00f3n fue un pie de fotograf\u00eda\u00bb\"}]},{\"@type\":\"WebSite\",\"@id\":\"https:\/\/empresas.infoempleo.com\/hrtrends\/#website\",\"url\":\"https:\/\/empresas.infoempleo.com\/hrtrends\",\"name\":\"HRTrends by Infoempleo\",\"description\":\"\",\"publisher\":{\"@id\":\"https:\/\/empresas.infoempleo.com\/hrtrends\/#organization\"},\"potentialAction\":{\"@type\":\"SearchAction\",\"target\":\"https:\/\/empresas.infoempleo.com\/hrtrends\/?s={search_term_string}\",\"query-input\":\"required name=search_term_string\"},\"inLanguage\":\"es\"},{\"@type\":\"Organization\",\"@id\":\"https:\/\/empresas.infoempleo.com\/hrtrends\/#organization\",\"name\":\"Infoempleo\",\"url\":\"https:\/\/www.infoempleo.com\/\",\"logo\":{\"@type\":\"ImageObject\",\"@id\":\"https:\/\/empresas.infoempleo.com\/hrtrends\/#logo\",\"inLanguage\":\"es\",\"url\":\"https:\/\/cdnazure.infoempleo.com\/infoempleo\/assets\/style\/gfx\/logo.svg\",\"contentUrl\":\"https:\/\/cdnazure.infoempleo.com\/infoempleo\/assets\/style\/gfx\/logo.svg\",\"width\":150,\"height\":40,\"caption\":\"Infoempleo\"},\"image\":{\"@id\":\"https:\/\/empresas.infoempleo.com\/hrtrends\/#logo\"},\"sameAs\":[\"https:\/\/www.facebook.com\/Infoempleo\",\"https:\/\/x.com\/infoempleo\",\"http:\/\/instagram.com\/infoempleo\/\",\"http:\/\/www.linkedin.com\/groups\/Empleo-Espa\u00f1a-Infoempleocom-111276\",\"http:\/\/pinterest.com\/infoempleo\/\"],\"address\":{\"@type\":\"PostalAddress\",\"addressLocality\":\"Madrid\",\"postalCode\":\"28050\",\"streetAddress\":\"Avenida de Burgos 114\"},\"brand\":[\"Infoempleo\"]},{\"@type\":\"Person\",\"@id\":\"https:\/\/empresas.infoempleo.com\/hrtrends\/#\/schema\/person\/eee830fc2082cd3b52302e59ea0d2c05\",\"name\":\"Laura de Cubas\",\"image\":{\"@type\":\"ImageObject\",\"inLanguage\":\"es\",\"@id\":\"https:\/\/empresas.infoempleo.com\/hrtrends\/#\/schema\/person\/image\/\",\"url\":\"https:\/\/secure.gravatar.com\/avatar\/c13d88dcd67943e13f74372e711c3ba2accf296b195ba5dd59566bd5f5df94c8?s=96&d=mm&r=g\",\"contentUrl\":\"https:\/\/secure.gravatar.com\/avatar\/c13d88dcd67943e13f74372e711c3ba2accf296b195ba5dd59566bd5f5df94c8?s=96&d=mm&r=g\",\"caption\":\"Laura de Cubas\"},\"url\":\"https:\/\/empresas.infoempleo.com\/hrtrends\/author\/laura-de-cubas\/\"}]}<\/script>\n<!-- \/ Yoast SEO plugin. -->","yoast_head_json":{"title":"\"Mi primera publicaci\u00f3n fue un pie de fotograf\u00eda\" | HRTRENDS","robots":{"index":"index","follow":"follow","max-snippet":"max-snippet:-1","max-image-preview":"max-image-preview:large","max-video-preview":"max-video-preview:-1"},"canonical":"https:\/\/empresas.infoempleo.com\/hrtrends\/mi-primera-publicacion-fue-un-pie-de-fotografia\/","og_locale":"es_ES","og_type":"article","og_title":"\"Mi primera publicaci\u00f3n fue un pie de fotograf\u00eda\" | HRTRENDS","og_description":"Jes\u00fas Hermida, periodista La historia del periodismo contempor\u00e1neo en Espa\u00f1a ser\u00eda otra si Jes\u00fas Hermida (Huelva, 1937) no Leer m\u00e1s","og_url":"https:\/\/empresas.infoempleo.com\/hrtrends\/mi-primera-publicacion-fue-un-pie-de-fotografia\/","og_site_name":"HRTRENDS","article_publisher":"https:\/\/www.facebook.com\/Infoempleo","article_published_time":"2010-02-01T08:08:07+00:00","article_modified_time":"2018-05-23T15:56:16+00:00","og_image":[{"width":1280,"height":960,"url":"https:\/\/empresas.infoempleo.com\/hrtrends\/media\/2017\/05\/pexels-photo-205508.jpg","type":"image\/jpeg"}],"author":"Laura de Cubas","twitter_card":"summary_large_image","twitter_creator":"@infoempleo","twitter_site":"@infoempleo","twitter_misc":{"Escrito por":"Laura de Cubas","Tiempo de lectura":"3 minutos"},"schema":{"@context":"https:\/\/schema.org","@graph":[{"@type":"NewsArticle","@id":"https:\/\/empresas.infoempleo.com\/hrtrends\/mi-primera-publicacion-fue-un-pie-de-fotografia\/#article","isPartOf":{"@id":"https:\/\/empresas.infoempleo.com\/hrtrends\/mi-primera-publicacion-fue-un-pie-de-fotografia\/"},"author":{"name":"Laura de Cubas","@id":"https:\/\/empresas.infoempleo.com\/hrtrends\/#\/schema\/person\/eee830fc2082cd3b52302e59ea0d2c05"},"headline":"\u00abMi primera publicaci\u00f3n fue un pie de fotograf\u00eda\u00bb","datePublished":"2010-02-01T08:08:07+00:00","dateModified":"2018-05-23T15:56:16+00:00","mainEntityOfPage":{"@id":"https:\/\/empresas.infoempleo.com\/hrtrends\/mi-primera-publicacion-fue-un-pie-de-fotografia\/"},"wordCount":623,"publisher":{"@id":"https:\/\/empresas.infoempleo.com\/hrtrends\/#organization"},"image":{"@id":"https:\/\/empresas.infoempleo.com\/hrtrends\/mi-primera-publicacion-fue-un-pie-de-fotografia\/#primaryimage"},"thumbnailUrl":"https:\/\/empresas.infoempleo.com\/hrtrends\/media\/2017\/05\/pexels-photo-205508.jpg","keywords":["primer empleo"],"articleSection":["Actualidad"],"inLanguage":"es","copyrightYear":"2010","copyrightHolder":{"@id":"https:\/\/empresas.infoempleo.com\/hrtrends\/#organization"}},{"@type":"WebPage","@id":"https:\/\/empresas.infoempleo.com\/hrtrends\/mi-primera-publicacion-fue-un-pie-de-fotografia\/","url":"https:\/\/empresas.infoempleo.com\/hrtrends\/mi-primera-publicacion-fue-un-pie-de-fotografia\/","name":"\"Mi primera publicaci\u00f3n fue un pie de fotograf\u00eda\" | HRTRENDS","isPartOf":{"@id":"https:\/\/empresas.infoempleo.com\/hrtrends\/#website"},"primaryImageOfPage":{"@id":"https:\/\/empresas.infoempleo.com\/hrtrends\/mi-primera-publicacion-fue-un-pie-de-fotografia\/#primaryimage"},"image":{"@id":"https:\/\/empresas.infoempleo.com\/hrtrends\/mi-primera-publicacion-fue-un-pie-de-fotografia\/#primaryimage"},"thumbnailUrl":"https:\/\/empresas.infoempleo.com\/hrtrends\/media\/2017\/05\/pexels-photo-205508.jpg","datePublished":"2010-02-01T08:08:07+00:00","dateModified":"2018-05-23T15:56:16+00:00","breadcrumb":{"@id":"https:\/\/empresas.infoempleo.com\/hrtrends\/mi-primera-publicacion-fue-un-pie-de-fotografia\/#breadcrumb"},"inLanguage":"es","potentialAction":[{"@type":"ReadAction","target":["https:\/\/empresas.infoempleo.com\/hrtrends\/mi-primera-publicacion-fue-un-pie-de-fotografia\/"]}]},{"@type":"ImageObject","inLanguage":"es","@id":"https:\/\/empresas.infoempleo.com\/hrtrends\/mi-primera-publicacion-fue-un-pie-de-fotografia\/#primaryimage","url":"https:\/\/empresas.infoempleo.com\/hrtrends\/media\/2017\/05\/pexels-photo-205508-150x150.jpg","contentUrl":"https:\/\/empresas.infoempleo.com\/hrtrends\/media\/2017\/05\/pexels-photo-205508-150x150.jpg","width":150,"height":150},{"@type":"BreadcrumbList","@id":"https:\/\/empresas.infoempleo.com\/hrtrends\/mi-primera-publicacion-fue-un-pie-de-fotografia\/#breadcrumb","itemListElement":[{"@type":"ListItem","position":1,"name":"Portada","item":"https:\/\/empresas.infoempleo.com\/hrtrends\/"},{"@type":"ListItem","position":2,"name":"\u00abMi primera publicaci\u00f3n fue un pie de fotograf\u00eda\u00bb"}]},{"@type":"WebSite","@id":"https:\/\/empresas.infoempleo.com\/hrtrends\/#website","url":"https:\/\/empresas.infoempleo.com\/hrtrends","name":"HRTrends by Infoempleo","description":"","publisher":{"@id":"https:\/\/empresas.infoempleo.com\/hrtrends\/#organization"},"potentialAction":{"@type":"SearchAction","target":"https:\/\/empresas.infoempleo.com\/hrtrends\/?s={search_term_string}","query-input":"required name=search_term_string"},"inLanguage":"es"},{"@type":"Organization","@id":"https:\/\/empresas.infoempleo.com\/hrtrends\/#organization","name":"Infoempleo","url":"https:\/\/www.infoempleo.com\/","logo":{"@type":"ImageObject","@id":"https:\/\/empresas.infoempleo.com\/hrtrends\/#logo","inLanguage":"es","url":"https:\/\/cdnazure.infoempleo.com\/infoempleo\/assets\/style\/gfx\/logo.svg","contentUrl":"https:\/\/cdnazure.infoempleo.com\/infoempleo\/assets\/style\/gfx\/logo.svg","width":150,"height":40,"caption":"Infoempleo"},"image":{"@id":"https:\/\/empresas.infoempleo.com\/hrtrends\/#logo"},"sameAs":["https:\/\/www.facebook.com\/Infoempleo","https:\/\/x.com\/infoempleo","http:\/\/instagram.com\/infoempleo\/","http:\/\/www.linkedin.com\/groups\/Empleo-Espa\u00f1a-Infoempleocom-111276","http:\/\/pinterest.com\/infoempleo\/"],"address":{"@type":"PostalAddress","addressLocality":"Madrid","postalCode":"28050","streetAddress":"Avenida de Burgos 114"},"brand":["Infoempleo"]},{"@type":"Person","@id":"https:\/\/empresas.infoempleo.com\/hrtrends\/#\/schema\/person\/eee830fc2082cd3b52302e59ea0d2c05","name":"Laura de Cubas","image":{"@type":"ImageObject","inLanguage":"es","@id":"https:\/\/empresas.infoempleo.com\/hrtrends\/#\/schema\/person\/image\/","url":"https:\/\/secure.gravatar.com\/avatar\/c13d88dcd67943e13f74372e711c3ba2accf296b195ba5dd59566bd5f5df94c8?s=96&d=mm&r=g","contentUrl":"https:\/\/secure.gravatar.com\/avatar\/c13d88dcd67943e13f74372e711c3ba2accf296b195ba5dd59566bd5f5df94c8?s=96&d=mm&r=g","caption":"Laura de Cubas"},"url":"https:\/\/empresas.infoempleo.com\/hrtrends\/author\/laura-de-cubas\/"}]}},"amp_enabled":true,"_links":{"self":[{"href":"https:\/\/empresas.infoempleo.com\/hrtrends\/wp-json\/wp\/v2\/posts\/22663","targetHints":{"allow":["GET"]}}],"collection":[{"href":"https:\/\/empresas.infoempleo.com\/hrtrends\/wp-json\/wp\/v2\/posts"}],"about":[{"href":"https:\/\/empresas.infoempleo.com\/hrtrends\/wp-json\/wp\/v2\/types\/post"}],"author":[{"embeddable":true,"href":"https:\/\/empresas.infoempleo.com\/hrtrends\/wp-json\/wp\/v2\/users\/35"}],"replies":[{"embeddable":true,"href":"https:\/\/empresas.infoempleo.com\/hrtrends\/wp-json\/wp\/v2\/comments?post=22663"}],"version-history":[{"count":0,"href":"https:\/\/empresas.infoempleo.com\/hrtrends\/wp-json\/wp\/v2\/posts\/22663\/revisions"}],"wp:featuredmedia":[{"embeddable":true,"href":"https:\/\/empresas.infoempleo.com\/hrtrends\/wp-json\/wp\/v2\/media\/29665"}],"wp:attachment":[{"href":"https:\/\/empresas.infoempleo.com\/hrtrends\/wp-json\/wp\/v2\/media?parent=22663"}],"wp:term":[{"taxonomy":"category","embeddable":true,"href":"https:\/\/empresas.infoempleo.com\/hrtrends\/wp-json\/wp\/v2\/categories?post=22663"},{"taxonomy":"post_tag","embeddable":true,"href":"https:\/\/empresas.infoempleo.com\/hrtrends\/wp-json\/wp\/v2\/tags?post=22663"}],"curies":[{"name":"wp","href":"https:\/\/api.w.org\/{rel}","templated":true}]}}