{"id":22659,"date":"2010-01-18T13:08:06","date_gmt":"2010-01-18T12:08:06","guid":{"rendered":"http:\/\/blog.infoempleo.com\/?p=6562"},"modified":"2018-05-23T17:56:56","modified_gmt":"2018-05-23T15:56:56","slug":"la-formacion-mas-buscada-en-2010","status":"publish","type":"post","link":"https:\/\/empresas.infoempleo.com\/hrtrends\/la-formacion-mas-buscada-en-2010\/","title":{"rendered":"La formaci\u00f3n m\u00e1s buscada en 2010"},"content":{"rendered":"<p style=\"text-align: center\"><img loading=\"lazy\" decoding=\"async\" class=\"aligncenter size-full wp-image-6568\" src=\"https:\/\/empresas.infoempleo.com\/hrtrends\/media\/2010\/01\/Grupo-jovenes-profesionales-9087941.jpg\" alt=\"Empleo en 2010\" width=\"289\" height=\"237\" srcset=\"https:\/\/empresas.infoempleo.com\/hrtrends\/media\/2010\/01\/Grupo-jovenes-profesionales-9087941-200x165.jpg 200w, https:\/\/empresas.infoempleo.com\/hrtrends\/media\/2010\/01\/Grupo-jovenes-profesionales-9087941-480x394.jpg 480w\" sizes=\"auto, (max-width: 289px) 100vw, 289px\" \/><\/p>\n<p>\u00a0<\/p>\n<p>\u00bfQu\u00e9 profesionales fueron los m\u00e1s solicitados en 2009? \u00bfQu\u00e9 titulaciones superiores resintieron menos los vaivenes de la crisis el pasado a\u00f1o? Y lo que es m\u00e1s importante, <strong>\u00bfqu\u00e9 ocurrir\u00e1 en 2010?<\/strong><\/p>\n<p>En un panorama tan cr\u00edtico para el empleo como el actual, es dif\u00edcil aventurarse a hablar de profesiones o titulaciones inmunes a la crisis, pero gracias a los <strong>Balances Laborales elaborados de forma mensual por <a class=\"wp-caption-dd\" href=\"https:\/\/www.infoempleo.com\/\" target=\"_blank\">Infoempleo.com<\/a><\/strong> a lo largo del pasado a\u00f1o, podemos saber qui\u00e9nes fueron los profesionales m\u00e1s buscados por las empresas, <strong>qu\u00e9 titulaciones generaron m\u00e1s empleo<\/strong> para sus profesionales y adivinar <strong>la tendencia que seguir\u00e1 el a\u00f1o 2010<\/strong>.<\/p>\n<p>En relaci\u00f3n a la <strong>formaci\u00f3n universitaria<\/strong>, las <strong>titulaciones generalistas<\/strong> fueron las protagonistas de la oferta de empleo cualificado en 2009,\u00a0 junto con <strong>ciertas ingenier\u00edas y titulaciones de la rama sanitaria<\/strong>.<\/p>\n<p>Por su parte, <strong>la Formaci\u00f3n Profesional gan\u00f3 terreno en la oferta de empleo cualificado el pasado a\u00f1o<\/strong>, aunque su demanda continu\u00f3 siendo menor a la de los titulados universitarios.<\/p>\n<h3>Protagonismo de las carreras generalistas<\/h3>\n<p>Seg\u00fan los <strong>Balances Laborales de 2009<\/strong> de <a class=\"wp-caption-dd\" href=\"https:\/\/www.infoempleo.com\/\" target=\"_blank\">Infoempleo.com<\/a>, las titulaciones de <strong>Administraci\u00f3n y Direcci\u00f3n de Empresas<\/strong> (con valores siempre superiores al 5% de oferta, y acerc\u00e1ndose algunos meses al 8%), <strong>Ingenier\u00eda Industrial <\/strong>(siempre superando el 4,5%), <strong>Ingenier\u00eda t\u00e9cnica Industrial <\/strong>(por encima del 3,60% todo el a\u00f1o) y <strong>Econom\u00eda<\/strong> (siempre m\u00e1s del 4%) <strong>se mantuvieron en las primeras posiciones del ranking<\/strong> de oferta de empleo por titulaciones universitarias a lo largo de todo 2009.<\/p>\n<p><strong>Medicina y Derecho tambi\u00e9n se mantuvieron muy estables<\/strong> y bien posicionadas en el ranking a lo largo del a\u00f1o, aunque siempre de una forma menos destacada que las cuatro mencionadas, pero<strong> ninguna de ellas por debajo del 3% de oferta ning\u00fan mes del a\u00f1o<\/strong>.<\/p>\n<p>En este sentido, <strong>es previsible que en 2010 los titulados de carreras generalistas sigan situ\u00e1ndose entre los m\u00e1s demandados por las empresas, al igual que los titulados en ciertas ingenier\u00edas o carreras t\u00e9cnicas<\/strong>.<strong>\u00a0<\/strong><\/p>\n<h3>El momento de la Formaci\u00f3n Profesional<\/h3>\n<p>En relaci\u00f3n a las <strong>titulaciones de Formaci\u00f3n Profesional<\/strong>, los Balances Laborales mensuales de <a class=\"wp-caption-dd\" href=\"https:\/\/www.infoempleo.com\/\" target=\"_blank\">Infoempleo.com <\/a>de 2009 se\u00f1alaron que <strong>las familias de Electricidad y Electr\u00f3nica, y Fabricaci\u00f3n Mec\u00e1nica fueron las que m\u00e1s oferta de empleo para titulados de FP generaron,<\/strong> manteni\u00e9ndose a lo largo de 2009 en las posiciones primera y segunda y <strong>superando siempre el 40% de la oferta entre ambas<\/strong>.<\/p>\n<p>Cabe destacar que <strong>la demanda de titulados en Formaci\u00f3n Profesional termin\u00f3 2009 con un 35% del total<\/strong> de oferta dirigida a titulados superiores, <strong>mientras que en diciembre de 2008 lo hizo con un 29,72%<\/strong>, lo que deja clara la <strong>creciente importancia de estos titulados<\/strong> en la oferta de empleo espa\u00f1ola.<\/p>\n","protected":false},"excerpt":{"rendered":"<p>\u00a0 \u00bfQu\u00e9 profesionales fueron los m\u00e1s solicitados en 2009? \u00bfQu\u00e9 titulaciones superiores resintieron menos los vaivenes de la<a class=\"moretag\" href=\"https:\/\/empresas.infoempleo.com\/hrtrends\/la-formacion-mas-buscada-en-2010\/\"> Leer m\u00e1s<\/a><\/p>\n","protected":false},"author":72,"featured_media":29665,"comment_status":"closed","ping_status":"open","sticky":false,"template":"","format":"standard","meta":{"footnotes":""},"categories":[3],"tags":[],"class_list":["post-22659","post","type-post","status-publish","format-standard","has-post-thumbnail","hentry","category-actualidad"],"yoast_head":"<!-- This site is optimized with the Yoast SEO plugin v26.1.1 - https:\/\/yoast.com\/wordpress\/plugins\/seo\/ -->\n<title>La formaci\u00f3n m\u00e1s buscada en 2010 | HRTRENDS<\/title>\n<meta name=\"robots\" content=\"index, follow, max-snippet:-1, max-image-preview:large, max-video-preview:-1\" \/>\n<link rel=\"canonical\" href=\"https:\/\/empresas.infoempleo.com\/hrtrends\/la-formacion-mas-buscada-en-2010\/\" \/>\n<meta property=\"og:locale\" content=\"es_ES\" \/>\n<meta property=\"og:type\" content=\"article\" \/>\n<meta property=\"og:title\" content=\"La formaci\u00f3n m\u00e1s buscada en 2010 | HRTRENDS\" \/>\n<meta property=\"og:description\" content=\"\u00a0 \u00bfQu\u00e9 profesionales fueron los m\u00e1s solicitados en 2009? \u00bfQu\u00e9 titulaciones superiores resintieron menos los vaivenes de la Leer m\u00e1s\" \/>\n<meta property=\"og:url\" content=\"https:\/\/empresas.infoempleo.com\/hrtrends\/la-formacion-mas-buscada-en-2010\/\" \/>\n<meta property=\"og:site_name\" content=\"HRTRENDS\" \/>\n<meta property=\"article:publisher\" content=\"https:\/\/www.facebook.com\/Infoempleo\" \/>\n<meta property=\"article:published_time\" content=\"2010-01-18T12:08:06+00:00\" \/>\n<meta property=\"article:modified_time\" content=\"2018-05-23T15:56:56+00:00\" \/>\n<meta property=\"og:image\" content=\"https:\/\/empresas.infoempleo.com\/hrtrends\/media\/2017\/05\/pexels-photo-205508.jpg\" \/>\n\t<meta property=\"og:image:width\" content=\"1280\" \/>\n\t<meta property=\"og:image:height\" content=\"960\" \/>\n\t<meta property=\"og:image:type\" content=\"image\/jpeg\" \/>\n<meta name=\"author\" content=\"infoempleo\" \/>\n<meta name=\"twitter:card\" content=\"summary_large_image\" \/>\n<meta name=\"twitter:creator\" content=\"@infoempleo\" \/>\n<meta name=\"twitter:site\" content=\"@infoempleo\" \/>\n<meta name=\"twitter:label1\" content=\"Escrito por\" \/>\n\t<meta name=\"twitter:data1\" content=\"infoempleo\" \/>\n\t<meta name=\"twitter:label2\" content=\"Tiempo de lectura\" \/>\n\t<meta name=\"twitter:data2\" content=\"2 minutos\" \/>\n<script type=\"application\/ld+json\" class=\"yoast-schema-graph\">{\"@context\":\"https:\/\/schema.org\",\"@graph\":[{\"@type\":\"NewsArticle\",\"@id\":\"https:\/\/empresas.infoempleo.com\/hrtrends\/la-formacion-mas-buscada-en-2010\/#article\",\"isPartOf\":{\"@id\":\"https:\/\/empresas.infoempleo.com\/hrtrends\/la-formacion-mas-buscada-en-2010\/\"},\"author\":{\"name\":\"infoempleo\",\"@id\":\"https:\/\/empresas.infoempleo.com\/hrtrends\/#\/schema\/person\/67d3e276ffcc8b3ae0ebec816daf775a\"},\"headline\":\"La formaci\u00f3n m\u00e1s buscada en 2010\",\"datePublished\":\"2010-01-18T12:08:06+00:00\",\"dateModified\":\"2018-05-23T15:56:56+00:00\",\"mainEntityOfPage\":{\"@id\":\"https:\/\/empresas.infoempleo.com\/hrtrends\/la-formacion-mas-buscada-en-2010\/\"},\"wordCount\":466,\"publisher\":{\"@id\":\"https:\/\/empresas.infoempleo.com\/hrtrends\/#organization\"},\"image\":{\"@id\":\"https:\/\/empresas.infoempleo.com\/hrtrends\/la-formacion-mas-buscada-en-2010\/#primaryimage\"},\"thumbnailUrl\":\"https:\/\/empresas.infoempleo.com\/hrtrends\/media\/2017\/05\/pexels-photo-205508.jpg\",\"articleSection\":[\"Actualidad\"],\"inLanguage\":\"es\",\"copyrightYear\":\"2010\",\"copyrightHolder\":{\"@id\":\"https:\/\/empresas.infoempleo.com\/hrtrends\/#organization\"}},{\"@type\":\"WebPage\",\"@id\":\"https:\/\/empresas.infoempleo.com\/hrtrends\/la-formacion-mas-buscada-en-2010\/\",\"url\":\"https:\/\/empresas.infoempleo.com\/hrtrends\/la-formacion-mas-buscada-en-2010\/\",\"name\":\"La formaci\u00f3n m\u00e1s buscada en 2010 | HRTRENDS\",\"isPartOf\":{\"@id\":\"https:\/\/empresas.infoempleo.com\/hrtrends\/#website\"},\"primaryImageOfPage\":{\"@id\":\"https:\/\/empresas.infoempleo.com\/hrtrends\/la-formacion-mas-buscada-en-2010\/#primaryimage\"},\"image\":{\"@id\":\"https:\/\/empresas.infoempleo.com\/hrtrends\/la-formacion-mas-buscada-en-2010\/#primaryimage\"},\"thumbnailUrl\":\"https:\/\/empresas.infoempleo.com\/hrtrends\/media\/2017\/05\/pexels-photo-205508.jpg\",\"datePublished\":\"2010-01-18T12:08:06+00:00\",\"dateModified\":\"2018-05-23T15:56:56+00:00\",\"breadcrumb\":{\"@id\":\"https:\/\/empresas.infoempleo.com\/hrtrends\/la-formacion-mas-buscada-en-2010\/#breadcrumb\"},\"inLanguage\":\"es\",\"potentialAction\":[{\"@type\":\"ReadAction\",\"target\":[\"https:\/\/empresas.infoempleo.com\/hrtrends\/la-formacion-mas-buscada-en-2010\/\"]}]},{\"@type\":\"ImageObject\",\"inLanguage\":\"es\",\"@id\":\"https:\/\/empresas.infoempleo.com\/hrtrends\/la-formacion-mas-buscada-en-2010\/#primaryimage\",\"url\":\"https:\/\/empresas.infoempleo.com\/hrtrends\/media\/2017\/05\/pexels-photo-205508-150x150.jpg\",\"contentUrl\":\"https:\/\/empresas.infoempleo.com\/hrtrends\/media\/2017\/05\/pexels-photo-205508-150x150.jpg\",\"width\":150,\"height\":150},{\"@type\":\"BreadcrumbList\",\"@id\":\"https:\/\/empresas.infoempleo.com\/hrtrends\/la-formacion-mas-buscada-en-2010\/#breadcrumb\",\"itemListElement\":[{\"@type\":\"ListItem\",\"position\":1,\"name\":\"Portada\",\"item\":\"https:\/\/empresas.infoempleo.com\/hrtrends\/\"},{\"@type\":\"ListItem\",\"position\":2,\"name\":\"La formaci\u00f3n m\u00e1s buscada en 2010\"}]},{\"@type\":\"WebSite\",\"@id\":\"https:\/\/empresas.infoempleo.com\/hrtrends\/#website\",\"url\":\"https:\/\/empresas.infoempleo.com\/hrtrends\",\"name\":\"HRTrends by Infoempleo\",\"description\":\"\",\"publisher\":{\"@id\":\"https:\/\/empresas.infoempleo.com\/hrtrends\/#organization\"},\"potentialAction\":{\"@type\":\"SearchAction\",\"target\":\"https:\/\/empresas.infoempleo.com\/hrtrends\/?s={search_term_string}\",\"query-input\":\"required name=search_term_string\"},\"inLanguage\":\"es\"},{\"@type\":\"Organization\",\"@id\":\"https:\/\/empresas.infoempleo.com\/hrtrends\/#organization\",\"name\":\"Infoempleo\",\"url\":\"https:\/\/www.infoempleo.com\/\",\"logo\":{\"@type\":\"ImageObject\",\"@id\":\"https:\/\/empresas.infoempleo.com\/hrtrends\/#logo\",\"inLanguage\":\"es\",\"url\":\"https:\/\/cdnazure.infoempleo.com\/infoempleo\/assets\/style\/gfx\/logo.svg\",\"contentUrl\":\"https:\/\/cdnazure.infoempleo.com\/infoempleo\/assets\/style\/gfx\/logo.svg\",\"width\":150,\"height\":40,\"caption\":\"Infoempleo\"},\"image\":{\"@id\":\"https:\/\/empresas.infoempleo.com\/hrtrends\/#logo\"},\"sameAs\":[\"https:\/\/www.facebook.com\/Infoempleo\",\"https:\/\/x.com\/infoempleo\",\"http:\/\/instagram.com\/infoempleo\/\",\"http:\/\/www.linkedin.com\/groups\/Empleo-Espa\u00f1a-Infoempleocom-111276\",\"http:\/\/pinterest.com\/infoempleo\/\"],\"address\":{\"@type\":\"PostalAddress\",\"addressLocality\":\"Madrid\",\"postalCode\":\"28050\",\"streetAddress\":\"Avenida de Burgos 114\"},\"brand\":[\"Infoempleo\"]},{\"@type\":\"Person\",\"@id\":\"https:\/\/empresas.infoempleo.com\/hrtrends\/#\/schema\/person\/67d3e276ffcc8b3ae0ebec816daf775a\",\"name\":\"infoempleo\",\"image\":{\"@type\":\"ImageObject\",\"inLanguage\":\"es\",\"@id\":\"https:\/\/empresas.infoempleo.com\/hrtrends\/#\/schema\/person\/image\/\",\"url\":\"https:\/\/secure.gravatar.com\/avatar\/7b437777242fe67d2473c2a818da2344692d1ee91e91080ccffbd97bcd4a0975?s=96&d=mm&r=g\",\"contentUrl\":\"https:\/\/secure.gravatar.com\/avatar\/7b437777242fe67d2473c2a818da2344692d1ee91e91080ccffbd97bcd4a0975?s=96&d=mm&r=g\",\"caption\":\"infoempleo\"},\"url\":\"https:\/\/empresas.infoempleo.com\/hrtrends\/author\/infoempleo\/\"}]}<\/script>\n<!-- \/ Yoast SEO plugin. -->","yoast_head_json":{"title":"La formaci\u00f3n m\u00e1s buscada en 2010 | HRTRENDS","robots":{"index":"index","follow":"follow","max-snippet":"max-snippet:-1","max-image-preview":"max-image-preview:large","max-video-preview":"max-video-preview:-1"},"canonical":"https:\/\/empresas.infoempleo.com\/hrtrends\/la-formacion-mas-buscada-en-2010\/","og_locale":"es_ES","og_type":"article","og_title":"La formaci\u00f3n m\u00e1s buscada en 2010 | HRTRENDS","og_description":"\u00a0 \u00bfQu\u00e9 profesionales fueron los m\u00e1s solicitados en 2009? \u00bfQu\u00e9 titulaciones superiores resintieron menos los vaivenes de la Leer m\u00e1s","og_url":"https:\/\/empresas.infoempleo.com\/hrtrends\/la-formacion-mas-buscada-en-2010\/","og_site_name":"HRTRENDS","article_publisher":"https:\/\/www.facebook.com\/Infoempleo","article_published_time":"2010-01-18T12:08:06+00:00","article_modified_time":"2018-05-23T15:56:56+00:00","og_image":[{"width":1280,"height":960,"url":"https:\/\/empresas.infoempleo.com\/hrtrends\/media\/2017\/05\/pexels-photo-205508.jpg","type":"image\/jpeg"}],"author":"infoempleo","twitter_card":"summary_large_image","twitter_creator":"@infoempleo","twitter_site":"@infoempleo","twitter_misc":{"Escrito por":"infoempleo","Tiempo de lectura":"2 minutos"},"schema":{"@context":"https:\/\/schema.org","@graph":[{"@type":"NewsArticle","@id":"https:\/\/empresas.infoempleo.com\/hrtrends\/la-formacion-mas-buscada-en-2010\/#article","isPartOf":{"@id":"https:\/\/empresas.infoempleo.com\/hrtrends\/la-formacion-mas-buscada-en-2010\/"},"author":{"name":"infoempleo","@id":"https:\/\/empresas.infoempleo.com\/hrtrends\/#\/schema\/person\/67d3e276ffcc8b3ae0ebec816daf775a"},"headline":"La formaci\u00f3n m\u00e1s buscada en 2010","datePublished":"2010-01-18T12:08:06+00:00","dateModified":"2018-05-23T15:56:56+00:00","mainEntityOfPage":{"@id":"https:\/\/empresas.infoempleo.com\/hrtrends\/la-formacion-mas-buscada-en-2010\/"},"wordCount":466,"publisher":{"@id":"https:\/\/empresas.infoempleo.com\/hrtrends\/#organization"},"image":{"@id":"https:\/\/empresas.infoempleo.com\/hrtrends\/la-formacion-mas-buscada-en-2010\/#primaryimage"},"thumbnailUrl":"https:\/\/empresas.infoempleo.com\/hrtrends\/media\/2017\/05\/pexels-photo-205508.jpg","articleSection":["Actualidad"],"inLanguage":"es","copyrightYear":"2010","copyrightHolder":{"@id":"https:\/\/empresas.infoempleo.com\/hrtrends\/#organization"}},{"@type":"WebPage","@id":"https:\/\/empresas.infoempleo.com\/hrtrends\/la-formacion-mas-buscada-en-2010\/","url":"https:\/\/empresas.infoempleo.com\/hrtrends\/la-formacion-mas-buscada-en-2010\/","name":"La formaci\u00f3n m\u00e1s buscada en 2010 | HRTRENDS","isPartOf":{"@id":"https:\/\/empresas.infoempleo.com\/hrtrends\/#website"},"primaryImageOfPage":{"@id":"https:\/\/empresas.infoempleo.com\/hrtrends\/la-formacion-mas-buscada-en-2010\/#primaryimage"},"image":{"@id":"https:\/\/empresas.infoempleo.com\/hrtrends\/la-formacion-mas-buscada-en-2010\/#primaryimage"},"thumbnailUrl":"https:\/\/empresas.infoempleo.com\/hrtrends\/media\/2017\/05\/pexels-photo-205508.jpg","datePublished":"2010-01-18T12:08:06+00:00","dateModified":"2018-05-23T15:56:56+00:00","breadcrumb":{"@id":"https:\/\/empresas.infoempleo.com\/hrtrends\/la-formacion-mas-buscada-en-2010\/#breadcrumb"},"inLanguage":"es","potentialAction":[{"@type":"ReadAction","target":["https:\/\/empresas.infoempleo.com\/hrtrends\/la-formacion-mas-buscada-en-2010\/"]}]},{"@type":"ImageObject","inLanguage":"es","@id":"https:\/\/empresas.infoempleo.com\/hrtrends\/la-formacion-mas-buscada-en-2010\/#primaryimage","url":"https:\/\/empresas.infoempleo.com\/hrtrends\/media\/2017\/05\/pexels-photo-205508-150x150.jpg","contentUrl":"https:\/\/empresas.infoempleo.com\/hrtrends\/media\/2017\/05\/pexels-photo-205508-150x150.jpg","width":150,"height":150},{"@type":"BreadcrumbList","@id":"https:\/\/empresas.infoempleo.com\/hrtrends\/la-formacion-mas-buscada-en-2010\/#breadcrumb","itemListElement":[{"@type":"ListItem","position":1,"name":"Portada","item":"https:\/\/empresas.infoempleo.com\/hrtrends\/"},{"@type":"ListItem","position":2,"name":"La formaci\u00f3n m\u00e1s buscada en 2010"}]},{"@type":"WebSite","@id":"https:\/\/empresas.infoempleo.com\/hrtrends\/#website","url":"https:\/\/empresas.infoempleo.com\/hrtrends","name":"HRTrends by Infoempleo","description":"","publisher":{"@id":"https:\/\/empresas.infoempleo.com\/hrtrends\/#organization"},"potentialAction":{"@type":"SearchAction","target":"https:\/\/empresas.infoempleo.com\/hrtrends\/?s={search_term_string}","query-input":"required name=search_term_string"},"inLanguage":"es"},{"@type":"Organization","@id":"https:\/\/empresas.infoempleo.com\/hrtrends\/#organization","name":"Infoempleo","url":"https:\/\/www.infoempleo.com\/","logo":{"@type":"ImageObject","@id":"https:\/\/empresas.infoempleo.com\/hrtrends\/#logo","inLanguage":"es","url":"https:\/\/cdnazure.infoempleo.com\/infoempleo\/assets\/style\/gfx\/logo.svg","contentUrl":"https:\/\/cdnazure.infoempleo.com\/infoempleo\/assets\/style\/gfx\/logo.svg","width":150,"height":40,"caption":"Infoempleo"},"image":{"@id":"https:\/\/empresas.infoempleo.com\/hrtrends\/#logo"},"sameAs":["https:\/\/www.facebook.com\/Infoempleo","https:\/\/x.com\/infoempleo","http:\/\/instagram.com\/infoempleo\/","http:\/\/www.linkedin.com\/groups\/Empleo-Espa\u00f1a-Infoempleocom-111276","http:\/\/pinterest.com\/infoempleo\/"],"address":{"@type":"PostalAddress","addressLocality":"Madrid","postalCode":"28050","streetAddress":"Avenida de Burgos 114"},"brand":["Infoempleo"]},{"@type":"Person","@id":"https:\/\/empresas.infoempleo.com\/hrtrends\/#\/schema\/person\/67d3e276ffcc8b3ae0ebec816daf775a","name":"infoempleo","image":{"@type":"ImageObject","inLanguage":"es","@id":"https:\/\/empresas.infoempleo.com\/hrtrends\/#\/schema\/person\/image\/","url":"https:\/\/secure.gravatar.com\/avatar\/7b437777242fe67d2473c2a818da2344692d1ee91e91080ccffbd97bcd4a0975?s=96&d=mm&r=g","contentUrl":"https:\/\/secure.gravatar.com\/avatar\/7b437777242fe67d2473c2a818da2344692d1ee91e91080ccffbd97bcd4a0975?s=96&d=mm&r=g","caption":"infoempleo"},"url":"https:\/\/empresas.infoempleo.com\/hrtrends\/author\/infoempleo\/"}]}},"amp_enabled":true,"_links":{"self":[{"href":"https:\/\/empresas.infoempleo.com\/hrtrends\/wp-json\/wp\/v2\/posts\/22659","targetHints":{"allow":["GET"]}}],"collection":[{"href":"https:\/\/empresas.infoempleo.com\/hrtrends\/wp-json\/wp\/v2\/posts"}],"about":[{"href":"https:\/\/empresas.infoempleo.com\/hrtrends\/wp-json\/wp\/v2\/types\/post"}],"author":[{"embeddable":true,"href":"https:\/\/empresas.infoempleo.com\/hrtrends\/wp-json\/wp\/v2\/users\/72"}],"replies":[{"embeddable":true,"href":"https:\/\/empresas.infoempleo.com\/hrtrends\/wp-json\/wp\/v2\/comments?post=22659"}],"version-history":[{"count":0,"href":"https:\/\/empresas.infoempleo.com\/hrtrends\/wp-json\/wp\/v2\/posts\/22659\/revisions"}],"wp:featuredmedia":[{"embeddable":true,"href":"https:\/\/empresas.infoempleo.com\/hrtrends\/wp-json\/wp\/v2\/media\/29665"}],"wp:attachment":[{"href":"https:\/\/empresas.infoempleo.com\/hrtrends\/wp-json\/wp\/v2\/media?parent=22659"}],"wp:term":[{"taxonomy":"category","embeddable":true,"href":"https:\/\/empresas.infoempleo.com\/hrtrends\/wp-json\/wp\/v2\/categories?post=22659"},{"taxonomy":"post_tag","embeddable":true,"href":"https:\/\/empresas.infoempleo.com\/hrtrends\/wp-json\/wp\/v2\/tags?post=22659"}],"curies":[{"name":"wp","href":"https:\/\/api.w.org\/{rel}","templated":true}]}}