{"id":22644,"date":"2009-12-09T09:24:18","date_gmt":"2009-12-09T07:24:18","guid":{"rendered":"http:\/\/blog.infoempleo.com\/?p=5677"},"modified":"2018-08-23T09:32:07","modified_gmt":"2018-08-23T07:32:07","slug":"echo-morro-a-la-vida-para-encontrarme-mas-comoda","status":"publish","type":"post","link":"https:\/\/empresas.infoempleo.com\/hrtrends\/echo-morro-a-la-vida-para-encontrarme-mas-comoda\/","title":{"rendered":"\u00abEcho morro a la vida para encontrarme m\u00e1s c\u00f3moda\u00bb"},"content":{"rendered":"<p><img loading=\"lazy\" decoding=\"async\" class=\"alignnone size-full wp-image-5678\" src=\"https:\/\/empresas.infoempleo.com\/hrtrends\/media\/2009\/12\/SilviaAbril1.jpg\" alt=\"Silvia Abril\" width=\"240\" height=\"360\" srcset=\"https:\/\/empresas.infoempleo.com\/hrtrends\/media\/2009\/12\/SilviaAbril1.jpg 300w, https:\/\/empresas.infoempleo.com\/hrtrends\/media\/2009\/12\/SilviaAbril1-200x300.jpg 200w\" sizes=\"auto, (max-width: 240px) 100vw, 240px\" \/><\/p>\n<p><strong>Silvia Abril, actriz<\/strong><\/p>\n<p>De la mano de la parodia de personajes como Isabel Gemio, Mercedes Mil\u00e1 o Cayetana Guill\u00e9n Cuervo \u2014\u00bbla interpretaci\u00f3n a la que le tengo m\u00e1s cari\u00f1o\u00bb\u2014, la actriz Silvia Abril (Matar\u00f3, Barcelona, 1971) se col\u00f3 en la peque\u00f1a pantalla. Desde este fin de semana, y tambi\u00e9n gracias a una parodia, la que la pel\u00edcula \u00abSpanish Movie\u00bb hace del cine espa\u00f1ol siguiendo la estela del g\u00e9nero \u2018spoof\u2019, la catalana presenta su primer papel protagonista en cine.<\/p>\n<p><strong>\u00bfCu\u00e1l fue su primer empleo remunerado?<br \/>\n<\/strong>Fui dependienta de una tienda de mu\u00f1ecos de peluche en Matar\u00f3, en mi pueblo. Por las ma\u00f1anas estudiaba Derecho y por las tardes me pon\u00eda a vender mu\u00f1ecos.<\/p>\n<p><strong>Finalmente abandon\u00f3 la carrera de Derecho por el teatro<br \/>\n<\/strong>S\u00ed, lo dej\u00e9 al cuarto a\u00f1o. En cambio, el teatro nunca lo hab\u00eda abandonado. Mientras estaba en la universidad estudiaba en el Aula de Teatro de Matar\u00f3, hasta que se acab\u00f3 mi curso y me ofrecieron presentarme a las pruebas del Instituto del Teatro. Entonces pens\u00e9, \u00ab\u00bfqu\u00e9 hago yo en la facultad si lo que quiero es esto?\u00bb.<\/p>\n<p><strong>\u00bfC\u00f3mo hab\u00eda llegado a matricularse entonces en Derecho?<br \/>\n<\/strong>Lo hab\u00eda elegido para no dejar a mis amigos de siempre. No ten\u00eda en absoluto vocaci\u00f3n de abogada. En realidad, creo que te toca elegir carrera muy pronto y en ese momento te mueves por otros impulsos como la inercia de lo que hace el grupo de amigos.<\/p>\n<p><strong>Comenz\u00f3 con Comediants haciendo teatro de calle, \u00bfqu\u00e9 aprendi\u00f3 de aquello?<br \/>\n<\/strong>Con ellos actu\u00e9 por primera vez en p\u00fablico, en la clausura de los Juegos Ol\u00edmpicos de Barcelona. Con Comediants trabajas directamente con el p\u00fablico, ten\u00eda que ser una desvergonzada y no me pod\u00eda cortar. Por eso fue una escuela muy importante para m\u00ed, me ha ayudado a afrontar las cosas de cara, en todas las facetas de mi vida. Ayer mismo tuve una reuni\u00f3n y \u00a1recurr\u00ed a estas cosas!<\/p>\n<p><strong>\u00bfEn televisi\u00f3n tambi\u00e9n ha aplicado estas ense\u00f1anzas?<br \/>\n<\/strong>Claro, siempre le \u00abecho patilla\u00bb. Le echo morro a la vida para encontrarme m\u00e1s c\u00f3moda, y que los nervios no me jueguen malas pasadas. Luego la procesi\u00f3n va por dentro&#8230;<\/p>\n<p><strong>\u00bfQu\u00e9 significa el humor en su vida?<br \/>\n<\/strong>Toda mi vida he sido una payasa, da igual que est\u00e9 en el m\u00e9dico, en un bar&#8230; En el rodaje de \u00abSpanish movie\u00bb no par\u00e9 hasta que hice partirse de risa al ayudante de producci\u00f3n [Gerard Verdaguer], que es un tipo muy serio y profesional. El humor es algo inherente a m\u00ed, lo significa todo en mi vida. \u00a1Es que no puedo evitar ser una payasa!<\/p>\n<p><strong>Si tuviera que elegir un momento crucial en su carrera, \u00bfcu\u00e1l ser\u00eda?<br \/>\n<\/strong>Cuando trabaj\u00e9 en El Burladero, un cabar\u00e9 de s\u00e1tira pol\u00edtica que me permiti\u00f3 conocer a la gente de El Terrat. Ellos tambi\u00e9n han sido clave en mi vida profesional y personal. No s\u00e9 si hubiera dado con la televisi\u00f3n si no hubiera sido por ellos.<\/p>\n<p><strong>\u00bfSe reconoce en la chica que dej\u00f3 la universidad por dedicarse al teatro?<br \/>\n<\/strong>Soy igual de gamberra, con algunas arrugas m\u00e1s y m\u00e1s experiencia. Mis amigas de entonces dicen que estoy m\u00e1s calmada. Quiz\u00e1 el volumen ya no est\u00e1 al nueve y no distorsiona tanto; estoy m\u00e1s bien en el seis.<\/p>\n","protected":false},"excerpt":{"rendered":"<p>Silvia Abril, actriz De la mano de la parodia de personajes como Isabel Gemio, Mercedes Mil\u00e1 o Cayetana<a class=\"moretag\" href=\"https:\/\/empresas.infoempleo.com\/hrtrends\/echo-morro-a-la-vida-para-encontrarme-mas-comoda\/\"> Leer m\u00e1s<\/a><\/p>\n","protected":false},"author":33,"featured_media":29665,"comment_status":"closed","ping_status":"open","sticky":false,"template":"","format":"standard","meta":{"footnotes":""},"categories":[3],"tags":[491],"class_list":["post-22644","post","type-post","status-publish","format-standard","has-post-thumbnail","hentry","category-actualidad","tag-primer-empleo"],"yoast_head":"<!-- This site is optimized with the Yoast SEO plugin v26.1.1 - https:\/\/yoast.com\/wordpress\/plugins\/seo\/ -->\n<title>&quot;Echo morro a la vida para encontrarme m\u00e1s c\u00f3moda&quot; | HRTRENDS<\/title>\n<meta name=\"robots\" content=\"index, follow, max-snippet:-1, max-image-preview:large, max-video-preview:-1\" \/>\n<link rel=\"canonical\" href=\"https:\/\/empresas.infoempleo.com\/hrtrends\/echo-morro-a-la-vida-para-encontrarme-mas-comoda\/\" \/>\n<meta property=\"og:locale\" content=\"es_ES\" \/>\n<meta property=\"og:type\" content=\"article\" \/>\n<meta property=\"og:title\" content=\"&quot;Echo morro a la vida para encontrarme m\u00e1s c\u00f3moda&quot; | HRTRENDS\" \/>\n<meta property=\"og:description\" content=\"Silvia Abril, actriz De la mano de la parodia de personajes como Isabel Gemio, Mercedes Mil\u00e1 o Cayetana Leer m\u00e1s\" \/>\n<meta property=\"og:url\" content=\"https:\/\/empresas.infoempleo.com\/hrtrends\/echo-morro-a-la-vida-para-encontrarme-mas-comoda\/\" \/>\n<meta property=\"og:site_name\" content=\"HRTRENDS\" \/>\n<meta property=\"article:publisher\" content=\"https:\/\/www.facebook.com\/Infoempleo\" \/>\n<meta property=\"article:published_time\" content=\"2009-12-09T07:24:18+00:00\" \/>\n<meta property=\"article:modified_time\" content=\"2018-08-23T07:32:07+00:00\" \/>\n<meta property=\"og:image\" content=\"https:\/\/empresas.infoempleo.com\/hrtrends\/media\/2017\/05\/pexels-photo-205508.jpg\" \/>\n\t<meta property=\"og:image:width\" content=\"1280\" \/>\n\t<meta property=\"og:image:height\" content=\"960\" \/>\n\t<meta property=\"og:image:type\" content=\"image\/jpeg\" \/>\n<meta name=\"author\" content=\"Cristina Mart\u00edn\" \/>\n<meta name=\"twitter:card\" content=\"summary_large_image\" \/>\n<meta name=\"twitter:creator\" content=\"@infoempleo\" \/>\n<meta name=\"twitter:site\" content=\"@infoempleo\" \/>\n<meta name=\"twitter:label1\" content=\"Escrito por\" \/>\n\t<meta name=\"twitter:data1\" content=\"Cristina Mart\u00edn\" \/>\n\t<meta name=\"twitter:label2\" content=\"Tiempo de lectura\" \/>\n\t<meta name=\"twitter:data2\" content=\"3 minutos\" \/>\n<script type=\"application\/ld+json\" class=\"yoast-schema-graph\">{\"@context\":\"https:\/\/schema.org\",\"@graph\":[{\"@type\":\"NewsArticle\",\"@id\":\"https:\/\/empresas.infoempleo.com\/hrtrends\/echo-morro-a-la-vida-para-encontrarme-mas-comoda\/#article\",\"isPartOf\":{\"@id\":\"https:\/\/empresas.infoempleo.com\/hrtrends\/echo-morro-a-la-vida-para-encontrarme-mas-comoda\/\"},\"author\":{\"name\":\"Cristina Mart\u00edn\",\"@id\":\"https:\/\/empresas.infoempleo.com\/hrtrends\/#\/schema\/person\/f211bd3f083559daff103f670fe968b8\"},\"headline\":\"\u00abEcho morro a la vida para encontrarme m\u00e1s c\u00f3moda\u00bb\",\"datePublished\":\"2009-12-09T07:24:18+00:00\",\"dateModified\":\"2018-08-23T07:32:07+00:00\",\"mainEntityOfPage\":{\"@id\":\"https:\/\/empresas.infoempleo.com\/hrtrends\/echo-morro-a-la-vida-para-encontrarme-mas-comoda\/\"},\"wordCount\":588,\"publisher\":{\"@id\":\"https:\/\/empresas.infoempleo.com\/hrtrends\/#organization\"},\"image\":{\"@id\":\"https:\/\/empresas.infoempleo.com\/hrtrends\/echo-morro-a-la-vida-para-encontrarme-mas-comoda\/#primaryimage\"},\"thumbnailUrl\":\"https:\/\/empresas.infoempleo.com\/hrtrends\/media\/2017\/05\/pexels-photo-205508.jpg\",\"keywords\":[\"primer empleo\"],\"articleSection\":[\"Actualidad\"],\"inLanguage\":\"es\",\"copyrightYear\":\"2009\",\"copyrightHolder\":{\"@id\":\"https:\/\/empresas.infoempleo.com\/hrtrends\/#organization\"}},{\"@type\":\"WebPage\",\"@id\":\"https:\/\/empresas.infoempleo.com\/hrtrends\/echo-morro-a-la-vida-para-encontrarme-mas-comoda\/\",\"url\":\"https:\/\/empresas.infoempleo.com\/hrtrends\/echo-morro-a-la-vida-para-encontrarme-mas-comoda\/\",\"name\":\"\\\"Echo morro a la vida para encontrarme m\u00e1s c\u00f3moda\\\" | HRTRENDS\",\"isPartOf\":{\"@id\":\"https:\/\/empresas.infoempleo.com\/hrtrends\/#website\"},\"primaryImageOfPage\":{\"@id\":\"https:\/\/empresas.infoempleo.com\/hrtrends\/echo-morro-a-la-vida-para-encontrarme-mas-comoda\/#primaryimage\"},\"image\":{\"@id\":\"https:\/\/empresas.infoempleo.com\/hrtrends\/echo-morro-a-la-vida-para-encontrarme-mas-comoda\/#primaryimage\"},\"thumbnailUrl\":\"https:\/\/empresas.infoempleo.com\/hrtrends\/media\/2017\/05\/pexels-photo-205508.jpg\",\"datePublished\":\"2009-12-09T07:24:18+00:00\",\"dateModified\":\"2018-08-23T07:32:07+00:00\",\"breadcrumb\":{\"@id\":\"https:\/\/empresas.infoempleo.com\/hrtrends\/echo-morro-a-la-vida-para-encontrarme-mas-comoda\/#breadcrumb\"},\"inLanguage\":\"es\",\"potentialAction\":[{\"@type\":\"ReadAction\",\"target\":[\"https:\/\/empresas.infoempleo.com\/hrtrends\/echo-morro-a-la-vida-para-encontrarme-mas-comoda\/\"]}]},{\"@type\":\"ImageObject\",\"inLanguage\":\"es\",\"@id\":\"https:\/\/empresas.infoempleo.com\/hrtrends\/echo-morro-a-la-vida-para-encontrarme-mas-comoda\/#primaryimage\",\"url\":\"https:\/\/empresas.infoempleo.com\/hrtrends\/media\/2017\/05\/pexels-photo-205508-150x150.jpg\",\"contentUrl\":\"https:\/\/empresas.infoempleo.com\/hrtrends\/media\/2017\/05\/pexels-photo-205508-150x150.jpg\",\"width\":150,\"height\":150},{\"@type\":\"BreadcrumbList\",\"@id\":\"https:\/\/empresas.infoempleo.com\/hrtrends\/echo-morro-a-la-vida-para-encontrarme-mas-comoda\/#breadcrumb\",\"itemListElement\":[{\"@type\":\"ListItem\",\"position\":1,\"name\":\"Portada\",\"item\":\"https:\/\/empresas.infoempleo.com\/hrtrends\/\"},{\"@type\":\"ListItem\",\"position\":2,\"name\":\"\u00abEcho morro a la vida para encontrarme m\u00e1s c\u00f3moda\u00bb\"}]},{\"@type\":\"WebSite\",\"@id\":\"https:\/\/empresas.infoempleo.com\/hrtrends\/#website\",\"url\":\"https:\/\/empresas.infoempleo.com\/hrtrends\",\"name\":\"HRTrends by Infoempleo\",\"description\":\"\",\"publisher\":{\"@id\":\"https:\/\/empresas.infoempleo.com\/hrtrends\/#organization\"},\"potentialAction\":{\"@type\":\"SearchAction\",\"target\":\"https:\/\/empresas.infoempleo.com\/hrtrends\/?s={search_term_string}\",\"query-input\":\"required name=search_term_string\"},\"inLanguage\":\"es\"},{\"@type\":\"Organization\",\"@id\":\"https:\/\/empresas.infoempleo.com\/hrtrends\/#organization\",\"name\":\"Infoempleo\",\"url\":\"https:\/\/www.infoempleo.com\/\",\"logo\":{\"@type\":\"ImageObject\",\"@id\":\"https:\/\/empresas.infoempleo.com\/hrtrends\/#logo\",\"inLanguage\":\"es\",\"url\":\"https:\/\/cdnazure.infoempleo.com\/infoempleo\/assets\/style\/gfx\/logo.svg\",\"contentUrl\":\"https:\/\/cdnazure.infoempleo.com\/infoempleo\/assets\/style\/gfx\/logo.svg\",\"width\":150,\"height\":40,\"caption\":\"Infoempleo\"},\"image\":{\"@id\":\"https:\/\/empresas.infoempleo.com\/hrtrends\/#logo\"},\"sameAs\":[\"https:\/\/www.facebook.com\/Infoempleo\",\"https:\/\/x.com\/infoempleo\",\"http:\/\/instagram.com\/infoempleo\/\",\"http:\/\/www.linkedin.com\/groups\/Empleo-Espa\u00f1a-Infoempleocom-111276\",\"http:\/\/pinterest.com\/infoempleo\/\"],\"address\":{\"@type\":\"PostalAddress\",\"addressLocality\":\"Madrid\",\"postalCode\":\"28050\",\"streetAddress\":\"Avenida de Burgos 114\"},\"brand\":[\"Infoempleo\"]},{\"@type\":\"Person\",\"@id\":\"https:\/\/empresas.infoempleo.com\/hrtrends\/#\/schema\/person\/f211bd3f083559daff103f670fe968b8\",\"name\":\"Cristina Mart\u00edn\",\"image\":{\"@type\":\"ImageObject\",\"inLanguage\":\"es\",\"@id\":\"https:\/\/empresas.infoempleo.com\/hrtrends\/#\/schema\/person\/image\/\",\"url\":\"https:\/\/secure.gravatar.com\/avatar\/7a85ff01010a0d921dc9d1da42a82a70f74e2cd0329b7fc20ee2c1c08a97daed?s=96&d=mm&r=g\",\"contentUrl\":\"https:\/\/secure.gravatar.com\/avatar\/7a85ff01010a0d921dc9d1da42a82a70f74e2cd0329b7fc20ee2c1c08a97daed?s=96&d=mm&r=g\",\"caption\":\"Cristina Mart\u00edn\"},\"url\":\"https:\/\/empresas.infoempleo.com\/hrtrends\/author\/cristina-martin\/\"}]}<\/script>\n<!-- \/ Yoast SEO plugin. -->","yoast_head_json":{"title":"\"Echo morro a la vida para encontrarme m\u00e1s c\u00f3moda\" | HRTRENDS","robots":{"index":"index","follow":"follow","max-snippet":"max-snippet:-1","max-image-preview":"max-image-preview:large","max-video-preview":"max-video-preview:-1"},"canonical":"https:\/\/empresas.infoempleo.com\/hrtrends\/echo-morro-a-la-vida-para-encontrarme-mas-comoda\/","og_locale":"es_ES","og_type":"article","og_title":"\"Echo morro a la vida para encontrarme m\u00e1s c\u00f3moda\" | HRTRENDS","og_description":"Silvia Abril, actriz De la mano de la parodia de personajes como Isabel Gemio, Mercedes Mil\u00e1 o Cayetana Leer m\u00e1s","og_url":"https:\/\/empresas.infoempleo.com\/hrtrends\/echo-morro-a-la-vida-para-encontrarme-mas-comoda\/","og_site_name":"HRTRENDS","article_publisher":"https:\/\/www.facebook.com\/Infoempleo","article_published_time":"2009-12-09T07:24:18+00:00","article_modified_time":"2018-08-23T07:32:07+00:00","og_image":[{"width":1280,"height":960,"url":"https:\/\/empresas.infoempleo.com\/hrtrends\/media\/2017\/05\/pexels-photo-205508.jpg","type":"image\/jpeg"}],"author":"Cristina Mart\u00edn","twitter_card":"summary_large_image","twitter_creator":"@infoempleo","twitter_site":"@infoempleo","twitter_misc":{"Escrito por":"Cristina Mart\u00edn","Tiempo de lectura":"3 minutos"},"schema":{"@context":"https:\/\/schema.org","@graph":[{"@type":"NewsArticle","@id":"https:\/\/empresas.infoempleo.com\/hrtrends\/echo-morro-a-la-vida-para-encontrarme-mas-comoda\/#article","isPartOf":{"@id":"https:\/\/empresas.infoempleo.com\/hrtrends\/echo-morro-a-la-vida-para-encontrarme-mas-comoda\/"},"author":{"name":"Cristina Mart\u00edn","@id":"https:\/\/empresas.infoempleo.com\/hrtrends\/#\/schema\/person\/f211bd3f083559daff103f670fe968b8"},"headline":"\u00abEcho morro a la vida para encontrarme m\u00e1s c\u00f3moda\u00bb","datePublished":"2009-12-09T07:24:18+00:00","dateModified":"2018-08-23T07:32:07+00:00","mainEntityOfPage":{"@id":"https:\/\/empresas.infoempleo.com\/hrtrends\/echo-morro-a-la-vida-para-encontrarme-mas-comoda\/"},"wordCount":588,"publisher":{"@id":"https:\/\/empresas.infoempleo.com\/hrtrends\/#organization"},"image":{"@id":"https:\/\/empresas.infoempleo.com\/hrtrends\/echo-morro-a-la-vida-para-encontrarme-mas-comoda\/#primaryimage"},"thumbnailUrl":"https:\/\/empresas.infoempleo.com\/hrtrends\/media\/2017\/05\/pexels-photo-205508.jpg","keywords":["primer empleo"],"articleSection":["Actualidad"],"inLanguage":"es","copyrightYear":"2009","copyrightHolder":{"@id":"https:\/\/empresas.infoempleo.com\/hrtrends\/#organization"}},{"@type":"WebPage","@id":"https:\/\/empresas.infoempleo.com\/hrtrends\/echo-morro-a-la-vida-para-encontrarme-mas-comoda\/","url":"https:\/\/empresas.infoempleo.com\/hrtrends\/echo-morro-a-la-vida-para-encontrarme-mas-comoda\/","name":"\"Echo morro a la vida para encontrarme m\u00e1s c\u00f3moda\" | HRTRENDS","isPartOf":{"@id":"https:\/\/empresas.infoempleo.com\/hrtrends\/#website"},"primaryImageOfPage":{"@id":"https:\/\/empresas.infoempleo.com\/hrtrends\/echo-morro-a-la-vida-para-encontrarme-mas-comoda\/#primaryimage"},"image":{"@id":"https:\/\/empresas.infoempleo.com\/hrtrends\/echo-morro-a-la-vida-para-encontrarme-mas-comoda\/#primaryimage"},"thumbnailUrl":"https:\/\/empresas.infoempleo.com\/hrtrends\/media\/2017\/05\/pexels-photo-205508.jpg","datePublished":"2009-12-09T07:24:18+00:00","dateModified":"2018-08-23T07:32:07+00:00","breadcrumb":{"@id":"https:\/\/empresas.infoempleo.com\/hrtrends\/echo-morro-a-la-vida-para-encontrarme-mas-comoda\/#breadcrumb"},"inLanguage":"es","potentialAction":[{"@type":"ReadAction","target":["https:\/\/empresas.infoempleo.com\/hrtrends\/echo-morro-a-la-vida-para-encontrarme-mas-comoda\/"]}]},{"@type":"ImageObject","inLanguage":"es","@id":"https:\/\/empresas.infoempleo.com\/hrtrends\/echo-morro-a-la-vida-para-encontrarme-mas-comoda\/#primaryimage","url":"https:\/\/empresas.infoempleo.com\/hrtrends\/media\/2017\/05\/pexels-photo-205508-150x150.jpg","contentUrl":"https:\/\/empresas.infoempleo.com\/hrtrends\/media\/2017\/05\/pexels-photo-205508-150x150.jpg","width":150,"height":150},{"@type":"BreadcrumbList","@id":"https:\/\/empresas.infoempleo.com\/hrtrends\/echo-morro-a-la-vida-para-encontrarme-mas-comoda\/#breadcrumb","itemListElement":[{"@type":"ListItem","position":1,"name":"Portada","item":"https:\/\/empresas.infoempleo.com\/hrtrends\/"},{"@type":"ListItem","position":2,"name":"\u00abEcho morro a la vida para encontrarme m\u00e1s c\u00f3moda\u00bb"}]},{"@type":"WebSite","@id":"https:\/\/empresas.infoempleo.com\/hrtrends\/#website","url":"https:\/\/empresas.infoempleo.com\/hrtrends","name":"HRTrends by Infoempleo","description":"","publisher":{"@id":"https:\/\/empresas.infoempleo.com\/hrtrends\/#organization"},"potentialAction":{"@type":"SearchAction","target":"https:\/\/empresas.infoempleo.com\/hrtrends\/?s={search_term_string}","query-input":"required name=search_term_string"},"inLanguage":"es"},{"@type":"Organization","@id":"https:\/\/empresas.infoempleo.com\/hrtrends\/#organization","name":"Infoempleo","url":"https:\/\/www.infoempleo.com\/","logo":{"@type":"ImageObject","@id":"https:\/\/empresas.infoempleo.com\/hrtrends\/#logo","inLanguage":"es","url":"https:\/\/cdnazure.infoempleo.com\/infoempleo\/assets\/style\/gfx\/logo.svg","contentUrl":"https:\/\/cdnazure.infoempleo.com\/infoempleo\/assets\/style\/gfx\/logo.svg","width":150,"height":40,"caption":"Infoempleo"},"image":{"@id":"https:\/\/empresas.infoempleo.com\/hrtrends\/#logo"},"sameAs":["https:\/\/www.facebook.com\/Infoempleo","https:\/\/x.com\/infoempleo","http:\/\/instagram.com\/infoempleo\/","http:\/\/www.linkedin.com\/groups\/Empleo-Espa\u00f1a-Infoempleocom-111276","http:\/\/pinterest.com\/infoempleo\/"],"address":{"@type":"PostalAddress","addressLocality":"Madrid","postalCode":"28050","streetAddress":"Avenida de Burgos 114"},"brand":["Infoempleo"]},{"@type":"Person","@id":"https:\/\/empresas.infoempleo.com\/hrtrends\/#\/schema\/person\/f211bd3f083559daff103f670fe968b8","name":"Cristina Mart\u00edn","image":{"@type":"ImageObject","inLanguage":"es","@id":"https:\/\/empresas.infoempleo.com\/hrtrends\/#\/schema\/person\/image\/","url":"https:\/\/secure.gravatar.com\/avatar\/7a85ff01010a0d921dc9d1da42a82a70f74e2cd0329b7fc20ee2c1c08a97daed?s=96&d=mm&r=g","contentUrl":"https:\/\/secure.gravatar.com\/avatar\/7a85ff01010a0d921dc9d1da42a82a70f74e2cd0329b7fc20ee2c1c08a97daed?s=96&d=mm&r=g","caption":"Cristina Mart\u00edn"},"url":"https:\/\/empresas.infoempleo.com\/hrtrends\/author\/cristina-martin\/"}]}},"amp_enabled":true,"_links":{"self":[{"href":"https:\/\/empresas.infoempleo.com\/hrtrends\/wp-json\/wp\/v2\/posts\/22644","targetHints":{"allow":["GET"]}}],"collection":[{"href":"https:\/\/empresas.infoempleo.com\/hrtrends\/wp-json\/wp\/v2\/posts"}],"about":[{"href":"https:\/\/empresas.infoempleo.com\/hrtrends\/wp-json\/wp\/v2\/types\/post"}],"author":[{"embeddable":true,"href":"https:\/\/empresas.infoempleo.com\/hrtrends\/wp-json\/wp\/v2\/users\/33"}],"replies":[{"embeddable":true,"href":"https:\/\/empresas.infoempleo.com\/hrtrends\/wp-json\/wp\/v2\/comments?post=22644"}],"version-history":[{"count":0,"href":"https:\/\/empresas.infoempleo.com\/hrtrends\/wp-json\/wp\/v2\/posts\/22644\/revisions"}],"wp:featuredmedia":[{"embeddable":true,"href":"https:\/\/empresas.infoempleo.com\/hrtrends\/wp-json\/wp\/v2\/media\/29665"}],"wp:attachment":[{"href":"https:\/\/empresas.infoempleo.com\/hrtrends\/wp-json\/wp\/v2\/media?parent=22644"}],"wp:term":[{"taxonomy":"category","embeddable":true,"href":"https:\/\/empresas.infoempleo.com\/hrtrends\/wp-json\/wp\/v2\/categories?post=22644"},{"taxonomy":"post_tag","embeddable":true,"href":"https:\/\/empresas.infoempleo.com\/hrtrends\/wp-json\/wp\/v2\/tags?post=22644"}],"curies":[{"name":"wp","href":"https:\/\/api.w.org\/{rel}","templated":true}]}}