{"id":22618,"date":"2009-11-16T13:04:13","date_gmt":"2009-11-16T12:04:13","guid":{"rendered":"http:\/\/blog.infoempleo.com\/?p=4946"},"modified":"2024-08-29T17:48:26","modified_gmt":"2024-08-29T15:48:26","slug":"ni-este-senor-ni-yo-somos-eternos-pero-lo-importante-es-seguir","status":"publish","type":"post","link":"https:\/\/empresas.infoempleo.com\/hrtrends\/ni-este-senor-ni-yo-somos-eternos-pero-lo-importante-es-seguir\/","title":{"rendered":"\u00abNi este se\u00f1or ni yo somos eternos, pero lo importante es seguir\u00bb"},"content":{"rendered":"<p><img loading=\"lazy\" decoding=\"async\" class=\"alignnone size-full wp-image-4949\" src=\"https:\/\/empresas.infoempleo.com\/hrtrends\/media\/2009\/11\/Imagen-104ok1.jpg\" alt=\"Jaime Castellanos y Ant\u00f3n Serrats\" width=\"280\" height=\"186\" \/><\/p>\n<p><strong>Jaime Castellanos y Ant\u00f3n Serrats, presidente\u00a0y consejero\u00a0delegado de Willis Iberia<\/strong><\/p>\n<p>Una fr\u00eda tarde de invierno del a\u00f1o 1984, en una estaci\u00f3n de esqu\u00ed, las trayectorias profesionales de Jaime Castellanos (Getxo, Vizcaya, 1952) y Ant\u00f3n Serrats (San Sebasti\u00e1n, 1952) se cruzaron. \u00abComo todo en la vida, fue por culpa de una mujer. Yo era amigo de la universidad de la mujer de Ant\u00f3n e iniciamos una relaci\u00f3n de amistad en 1979. Habl\u00e1bamos de nuestros proyectos y de nuestros trabajos. Yo ten\u00eda la idea de montar un negocio al albor de una ley anunciada que eliminar\u00eda el \u2018numerus clausus\u2019 de lo que entonces se llamaban compa\u00f1\u00edas de agentes de seguros\u00bb. \u00c9l conoc\u00eda bien ese mundo por un negocio familiar arraigado en el sector. \u00abAnt\u00f3n hab\u00eda desarrollado su carrera en banca. Tambi\u00e9n se viv\u00eda un momento de crisis y el banco donde trabajaba se lo hab\u00edan&#8230; \u00a1merendado!\u00bb, exclama el presidente de Willis. Del Banco Vizcaya, el directivo donostiarra hab\u00eda pasado al Urquijo, antes de que \u00e9ste fuera absorbido por Bankuni\u00f3n, \u00abporque un cu\u00f1ado de Jaime estaba buscando gente para el departamento industrial\u00bb.<\/p>\n<p><strong>\u00abAnt\u00f3n me cont\u00f3 que su trabajo ya no le divert\u00eda porque estaba en un banco absorbido, con otro proyecto, y as\u00ed, de sopet\u00f3n, le cuento lo que quiero hacer y le pregunto si se unir\u00eda\u00bb<\/strong>. \u00abLa ley se retras\u00f3 unos meses y durante ese tiempo, Ant\u00f3n se despidi\u00f3 y aprovech\u00f3&#8230; para barnizarme en el sector\u00bb. \u00abEstuvo un tiempo trabajando en nuestro negocio familiar en Bilbao y luego en Gil y Carvajal, un socio minoritario del proyecto, pero muy importante\u00bb. Finalmente, Ant\u00f3n Serrats se fue a Londres, a trabajar en Willis, una compa\u00f1\u00eda a la que entonces nada les un\u00eda, pero con la que la empresa familiar de Castellanos manten\u00eda una buena relaci\u00f3n. Lista la inmersi\u00f3n en el mundo del seguro, ya s\u00f3lo les quedaba lo m\u00e1s importante: \u00abPusimos en marcha una sociedad muy peque\u00f1ita. Ten\u00edamos un empleado y medio: una secretaria y un contable a media jornada\u00bb.<\/p>\n<p>\u00abYo segu\u00eda un poco orientado al tema financiero, a la banca, pero me encantaba ser empresario en el mejor sentido de la palabra\u00bb, recuerda Serrats. \u00ab\u00c9ramos propietarios de un 60% de la compa\u00f1\u00eda y Gil y Carvajal, del otro 40%; hasta que les compramos su parte en el a\u00f1o 89. En ese momento aprovechamos para pagar con acciones a algunos ejecutivos\u00bb. Es precisamente ese 40% el que m\u00e1s tarde vender\u00e1n al Grupo Willis, \u00abaunque ya no \u00e9ramos los mismos\u00bb, puntualiza Jaime Castellanos. El resultado de la fusi\u00f3n por absorci\u00f3n de las Corredur\u00edas de Seguros y Reaseguros VM Oficina T\u00e9cnica y Gras Savoye Espa\u00f1ola por S&amp;C Willis Corroon, es lo que hoy en d\u00eda se denomina Willis Iberia, una compa\u00f1\u00eda que celebra este a\u00f1o su 25 aniversario con 16 oficinas en Espa\u00f1a y Portugal, casi 600 empleados y una facturaci\u00f3n en primas gestionadas en 2008 de 800 millones de euros.<\/p>\n<p>El camino andado ha sido largo, pero Jaime Castellanos y Ant\u00f3n Serrats prefieren hablar del futuro a mirar al pasado. \u00abNi este se\u00f1or ni yo somos eternos, pero lo importante es seguir. Desde mi punto de vista \u2014y puede que el de Serrats sea diferente\u2014, <strong>lo que m\u00e1s ilusi\u00f3n me hace en un futuro es saber que esta compa\u00f1\u00eda se queda en buenas manos<\/strong>\u00ab. \u00abQue el d\u00eda que no estemos funcione igual o mejor\u00bb. Para ello se han rodeado de un equipo joven, listo para tomar el testigo cuando sea necesario, que siente los colores como ellos mismos. \u00bfY han conseguido mantenerse independientes en el seno de una multinacional centenaria de tanto peso? \u00abS\u00ed, porque los n\u00fameros son la mejor defensa que existe\u00bb, responde r\u00e1pido Jaime Castellanos. \u00abLa cuenta de resultados es tu mejor bagaje. Hoy podemos decir sin ser soberbios, pero con orgullo, que esta compa\u00f1\u00eda nunca les ha dado un solo dolor de cabeza\u00bb.<\/p>\n<h3>Hablando de trabajo<\/h3>\n<p><strong>\u00abComo vivas sin pasi\u00f3n ni ilusi\u00f3n un mundo apasionante&#8230;\u00bb<br \/>\n<\/strong>\u00abFutbolista\u00bb. Ant\u00f3n Serrats no duda. Compart\u00eda sue\u00f1o con millones de ni\u00f1os. \u00abJugaba en San Sebasti\u00e1n, en los playeros de la Real Sociedad, hasta los 14 \u00f3 15\u00bb. \u00abMe gustaban much\u00edsimo los coches y las motos. De hecho me dediqu\u00e9 a ello. Estuve cinco a\u00f1os corriendo rallies, compagin\u00e1ndolo con la carrera, aunque se me daba bastante mejor el coche. Fue la \u00e9poca m\u00e1s divertida\u00bb, recuerda Jaime Castellanos. \u00bfY qu\u00e9 queda de los dos ni\u00f1os que so\u00f1aban con la gloria ? \u00abYo sigo siendo igual \u2014afirma Serrats\u2014; competitivo para todo en la vida, en el aspecto m\u00e1s positivo, y jugador de equipo\u00bb. \u00abDe entonces, me duelen los huesos \u2014r\u00ede Castellanos\u2014, pero mantengo la ilusi\u00f3n por las cosas\u00bb.<\/p>\n<p>Prueba de ello es la pasi\u00f3n con la que ambos hablan de su sector. \u00abEl mundo del seguro visto desde un lado de la mesa no es que sea aburrido; puede ser un co\u00f1azo tremendo. Como todo, depende de c\u00f3mo lo vivas. Como vivas sin pasi\u00f3n ni ilusi\u00f3n, un mundo apasionante se convertir\u00e1 en un horror\u00bb, explica el presidente de Willis Iberia.<\/p>\n<h3>Muy personal<\/h3>\n<p><strong>Personalidades diferentes que se complementan a la perfecci\u00f3n<br \/>\n<\/strong>\u00ab\u00bfEn mi tiempo libre? Uno evoluciona&#8230;\u00bb Ant\u00f3n Serrats se lo piensa. \u00abSer abuelo\u00bb, le interrumpe Jaime Castellanos. \u00abTambi\u00e9n\u00bb, r\u00ede. \u00abMi hija mayor acaba de tener un ni\u00f1o y siempre piensas: \u201cUn nieto, bah\u201d, pero cuando lo tienes&#8230; Tambi\u00e9n me encanta seguir haciendo deporte. Contin\u00fao corriendo, en invierno esqu\u00edo y juego al golf\u00bb. \u00abYo no entiendo muy bien esa afici\u00f3n que tiene por correr\u00bb, recalca Jaime Castellanos. El golf, sin embargo, es una pasi\u00f3n compartida. Al primero, con un siete de h\u00e1ndicap, le recordamos que dicen algunos que \u00e9ste se corresponde con el n\u00famero de d\u00edas que se trabaja al mes. \u00abPues yo trabajo uno menos\u00bb, afirma Castellanos. \u00bfSus otras aficiones? \u00abPerseguir a mis hijos porque cada vez les veo menos. Estar con mis amigos. Cada vez disfruto m\u00e1s estando con la gente de mi entorno, haciendo deporte con ellos. Estando\u00bb.<\/p>\n","protected":false},"excerpt":{"rendered":"<p>Jaime Castellanos y Ant\u00f3n Serrats, presidente\u00a0y consejero\u00a0delegado de Willis Iberia Una fr\u00eda tarde de invierno del a\u00f1o 1984,<a class=\"moretag\" href=\"https:\/\/empresas.infoempleo.com\/hrtrends\/ni-este-senor-ni-yo-somos-eternos-pero-lo-importante-es-seguir\/\"> Leer m\u00e1s<\/a><\/p>\n","protected":false},"author":31,"featured_media":29665,"comment_status":"closed","ping_status":"open","sticky":false,"template":"","format":"standard","meta":{"footnotes":""},"categories":[3],"tags":[2783,2784,893,2785],"class_list":["post-22618","post","type-post","status-publish","format-standard","has-post-thumbnail","hentry","category-actualidad","tag-anton-serrats","tag-jaime-castellanos","tag-seguros","tag-willis"],"yoast_head":"<!-- This site is optimized with the Yoast SEO plugin v26.1.1 - https:\/\/yoast.com\/wordpress\/plugins\/seo\/ -->\n<title>&quot;Ni este se\u00f1or ni yo somos eternos, pero lo importante es seguir&quot; | HRTRENDS<\/title>\n<meta name=\"robots\" content=\"index, follow, max-snippet:-1, max-image-preview:large, max-video-preview:-1\" \/>\n<link rel=\"canonical\" href=\"https:\/\/empresas.infoempleo.com\/hrtrends\/ni-este-senor-ni-yo-somos-eternos-pero-lo-importante-es-seguir\/\" \/>\n<meta property=\"og:locale\" content=\"es_ES\" \/>\n<meta property=\"og:type\" content=\"article\" \/>\n<meta property=\"og:title\" content=\"&quot;Ni este se\u00f1or ni yo somos eternos, pero lo importante es seguir&quot; | HRTRENDS\" \/>\n<meta property=\"og:description\" content=\"Jaime Castellanos y Ant\u00f3n Serrats, presidente\u00a0y consejero\u00a0delegado de Willis Iberia Una fr\u00eda tarde de invierno del a\u00f1o 1984, Leer m\u00e1s\" \/>\n<meta property=\"og:url\" content=\"https:\/\/empresas.infoempleo.com\/hrtrends\/ni-este-senor-ni-yo-somos-eternos-pero-lo-importante-es-seguir\/\" \/>\n<meta property=\"og:site_name\" content=\"HRTRENDS\" \/>\n<meta property=\"article:publisher\" content=\"https:\/\/www.facebook.com\/Infoempleo\" \/>\n<meta property=\"article:published_time\" content=\"2009-11-16T12:04:13+00:00\" \/>\n<meta property=\"article:modified_time\" content=\"2024-08-29T15:48:26+00:00\" \/>\n<meta property=\"og:image\" content=\"https:\/\/empresas.infoempleo.com\/hrtrends\/media\/2009\/11\/Imagen-104ok1.jpg\" \/>\n<meta name=\"author\" content=\"In\u00e9s Molina\" \/>\n<meta name=\"twitter:card\" content=\"summary_large_image\" \/>\n<meta name=\"twitter:creator\" content=\"@infoempleo\" \/>\n<meta name=\"twitter:site\" content=\"@infoempleo\" \/>\n<meta name=\"twitter:label1\" content=\"Escrito por\" \/>\n\t<meta name=\"twitter:data1\" content=\"In\u00e9s Molina\" \/>\n\t<meta name=\"twitter:label2\" content=\"Tiempo de lectura\" \/>\n\t<meta name=\"twitter:data2\" content=\"5 minutos\" \/>\n<script type=\"application\/ld+json\" class=\"yoast-schema-graph\">{\"@context\":\"https:\/\/schema.org\",\"@graph\":[{\"@type\":\"NewsArticle\",\"@id\":\"https:\/\/empresas.infoempleo.com\/hrtrends\/ni-este-senor-ni-yo-somos-eternos-pero-lo-importante-es-seguir\/#article\",\"isPartOf\":{\"@id\":\"https:\/\/empresas.infoempleo.com\/hrtrends\/ni-este-senor-ni-yo-somos-eternos-pero-lo-importante-es-seguir\/\"},\"author\":{\"name\":\"In\u00e9s Molina\",\"@id\":\"https:\/\/empresas.infoempleo.com\/hrtrends\/#\/schema\/person\/b7a6badf8a824bd871816199d4073051\"},\"headline\":\"\u00abNi este se\u00f1or ni yo somos eternos, pero lo importante es seguir\u00bb\",\"datePublished\":\"2009-11-16T12:04:13+00:00\",\"dateModified\":\"2024-08-29T15:48:26+00:00\",\"mainEntityOfPage\":{\"@id\":\"https:\/\/empresas.infoempleo.com\/hrtrends\/ni-este-senor-ni-yo-somos-eternos-pero-lo-importante-es-seguir\/\"},\"wordCount\":1065,\"publisher\":{\"@id\":\"https:\/\/empresas.infoempleo.com\/hrtrends\/#organization\"},\"image\":{\"@id\":\"https:\/\/empresas.infoempleo.com\/hrtrends\/ni-este-senor-ni-yo-somos-eternos-pero-lo-importante-es-seguir\/#primaryimage\"},\"thumbnailUrl\":\"https:\/\/empresas.infoempleo.com\/hrtrends\/media\/2017\/05\/pexels-photo-205508.jpg\",\"keywords\":[\"Ant\u00f3n Serrats\",\"Jaime Castellanos\",\"seguros\",\"willis\"],\"articleSection\":[\"Actualidad\"],\"inLanguage\":\"es\",\"copyrightYear\":\"2009\",\"copyrightHolder\":{\"@id\":\"https:\/\/empresas.infoempleo.com\/hrtrends\/#organization\"}},{\"@type\":\"WebPage\",\"@id\":\"https:\/\/empresas.infoempleo.com\/hrtrends\/ni-este-senor-ni-yo-somos-eternos-pero-lo-importante-es-seguir\/\",\"url\":\"https:\/\/empresas.infoempleo.com\/hrtrends\/ni-este-senor-ni-yo-somos-eternos-pero-lo-importante-es-seguir\/\",\"name\":\"\\\"Ni este se\u00f1or ni yo somos eternos, pero lo importante es seguir\\\" | HRTRENDS\",\"isPartOf\":{\"@id\":\"https:\/\/empresas.infoempleo.com\/hrtrends\/#website\"},\"primaryImageOfPage\":{\"@id\":\"https:\/\/empresas.infoempleo.com\/hrtrends\/ni-este-senor-ni-yo-somos-eternos-pero-lo-importante-es-seguir\/#primaryimage\"},\"image\":{\"@id\":\"https:\/\/empresas.infoempleo.com\/hrtrends\/ni-este-senor-ni-yo-somos-eternos-pero-lo-importante-es-seguir\/#primaryimage\"},\"thumbnailUrl\":\"https:\/\/empresas.infoempleo.com\/hrtrends\/media\/2017\/05\/pexels-photo-205508.jpg\",\"datePublished\":\"2009-11-16T12:04:13+00:00\",\"dateModified\":\"2024-08-29T15:48:26+00:00\",\"breadcrumb\":{\"@id\":\"https:\/\/empresas.infoempleo.com\/hrtrends\/ni-este-senor-ni-yo-somos-eternos-pero-lo-importante-es-seguir\/#breadcrumb\"},\"inLanguage\":\"es\",\"potentialAction\":[{\"@type\":\"ReadAction\",\"target\":[\"https:\/\/empresas.infoempleo.com\/hrtrends\/ni-este-senor-ni-yo-somos-eternos-pero-lo-importante-es-seguir\/\"]}]},{\"@type\":\"ImageObject\",\"inLanguage\":\"es\",\"@id\":\"https:\/\/empresas.infoempleo.com\/hrtrends\/ni-este-senor-ni-yo-somos-eternos-pero-lo-importante-es-seguir\/#primaryimage\",\"url\":\"https:\/\/empresas.infoempleo.com\/hrtrends\/media\/2017\/05\/pexels-photo-205508-150x150.jpg\",\"contentUrl\":\"https:\/\/empresas.infoempleo.com\/hrtrends\/media\/2017\/05\/pexels-photo-205508-150x150.jpg\",\"width\":150,\"height\":150},{\"@type\":\"BreadcrumbList\",\"@id\":\"https:\/\/empresas.infoempleo.com\/hrtrends\/ni-este-senor-ni-yo-somos-eternos-pero-lo-importante-es-seguir\/#breadcrumb\",\"itemListElement\":[{\"@type\":\"ListItem\",\"position\":1,\"name\":\"Portada\",\"item\":\"https:\/\/empresas.infoempleo.com\/hrtrends\/\"},{\"@type\":\"ListItem\",\"position\":2,\"name\":\"\u00abNi este se\u00f1or ni yo somos eternos, pero lo importante es seguir\u00bb\"}]},{\"@type\":\"WebSite\",\"@id\":\"https:\/\/empresas.infoempleo.com\/hrtrends\/#website\",\"url\":\"https:\/\/empresas.infoempleo.com\/hrtrends\",\"name\":\"HRTrends by Infoempleo\",\"description\":\"\",\"publisher\":{\"@id\":\"https:\/\/empresas.infoempleo.com\/hrtrends\/#organization\"},\"potentialAction\":{\"@type\":\"SearchAction\",\"target\":\"https:\/\/empresas.infoempleo.com\/hrtrends\/?s={search_term_string}\",\"query-input\":\"required name=search_term_string\"},\"inLanguage\":\"es\"},{\"@type\":\"Organization\",\"@id\":\"https:\/\/empresas.infoempleo.com\/hrtrends\/#organization\",\"name\":\"Infoempleo\",\"url\":\"https:\/\/www.infoempleo.com\/\",\"logo\":{\"@type\":\"ImageObject\",\"@id\":\"https:\/\/empresas.infoempleo.com\/hrtrends\/#logo\",\"inLanguage\":\"es\",\"url\":\"https:\/\/cdnazure.infoempleo.com\/infoempleo\/assets\/style\/gfx\/logo.svg\",\"contentUrl\":\"https:\/\/cdnazure.infoempleo.com\/infoempleo\/assets\/style\/gfx\/logo.svg\",\"width\":150,\"height\":40,\"caption\":\"Infoempleo\"},\"image\":{\"@id\":\"https:\/\/empresas.infoempleo.com\/hrtrends\/#logo\"},\"sameAs\":[\"https:\/\/www.facebook.com\/Infoempleo\",\"https:\/\/x.com\/infoempleo\",\"http:\/\/instagram.com\/infoempleo\/\",\"http:\/\/www.linkedin.com\/groups\/Empleo-Espa\u00f1a-Infoempleocom-111276\",\"http:\/\/pinterest.com\/infoempleo\/\"],\"address\":{\"@type\":\"PostalAddress\",\"addressLocality\":\"Madrid\",\"postalCode\":\"28050\",\"streetAddress\":\"Avenida de Burgos 114\"},\"brand\":[\"Infoempleo\"]},{\"@type\":\"Person\",\"@id\":\"https:\/\/empresas.infoempleo.com\/hrtrends\/#\/schema\/person\/b7a6badf8a824bd871816199d4073051\",\"name\":\"In\u00e9s Molina\",\"image\":{\"@type\":\"ImageObject\",\"inLanguage\":\"es\",\"@id\":\"https:\/\/empresas.infoempleo.com\/hrtrends\/#\/schema\/person\/image\/\",\"url\":\"https:\/\/secure.gravatar.com\/avatar\/91ea6cf86c6b79f9f6f4d22793ffcbb45c9376d3b1a923126559ea4a8544b7b3?s=96&d=mm&r=g\",\"contentUrl\":\"https:\/\/secure.gravatar.com\/avatar\/91ea6cf86c6b79f9f6f4d22793ffcbb45c9376d3b1a923126559ea4a8544b7b3?s=96&d=mm&r=g\",\"caption\":\"In\u00e9s Molina\"},\"url\":\"https:\/\/empresas.infoempleo.com\/hrtrends\/author\/ines-molina\/\"}]}<\/script>\n<!-- \/ Yoast SEO plugin. -->","yoast_head_json":{"title":"\"Ni este se\u00f1or ni yo somos eternos, pero lo importante es seguir\" | HRTRENDS","robots":{"index":"index","follow":"follow","max-snippet":"max-snippet:-1","max-image-preview":"max-image-preview:large","max-video-preview":"max-video-preview:-1"},"canonical":"https:\/\/empresas.infoempleo.com\/hrtrends\/ni-este-senor-ni-yo-somos-eternos-pero-lo-importante-es-seguir\/","og_locale":"es_ES","og_type":"article","og_title":"\"Ni este se\u00f1or ni yo somos eternos, pero lo importante es seguir\" | HRTRENDS","og_description":"Jaime Castellanos y Ant\u00f3n Serrats, presidente\u00a0y consejero\u00a0delegado de Willis Iberia Una fr\u00eda tarde de invierno del a\u00f1o 1984, Leer m\u00e1s","og_url":"https:\/\/empresas.infoempleo.com\/hrtrends\/ni-este-senor-ni-yo-somos-eternos-pero-lo-importante-es-seguir\/","og_site_name":"HRTRENDS","article_publisher":"https:\/\/www.facebook.com\/Infoempleo","article_published_time":"2009-11-16T12:04:13+00:00","article_modified_time":"2024-08-29T15:48:26+00:00","og_image":[{"url":"https:\/\/empresas.infoempleo.com\/hrtrends\/media\/2009\/11\/Imagen-104ok1.jpg","type":"","width":"","height":""}],"author":"In\u00e9s Molina","twitter_card":"summary_large_image","twitter_creator":"@infoempleo","twitter_site":"@infoempleo","twitter_misc":{"Escrito por":"In\u00e9s Molina","Tiempo de lectura":"5 minutos"},"schema":{"@context":"https:\/\/schema.org","@graph":[{"@type":"NewsArticle","@id":"https:\/\/empresas.infoempleo.com\/hrtrends\/ni-este-senor-ni-yo-somos-eternos-pero-lo-importante-es-seguir\/#article","isPartOf":{"@id":"https:\/\/empresas.infoempleo.com\/hrtrends\/ni-este-senor-ni-yo-somos-eternos-pero-lo-importante-es-seguir\/"},"author":{"name":"In\u00e9s Molina","@id":"https:\/\/empresas.infoempleo.com\/hrtrends\/#\/schema\/person\/b7a6badf8a824bd871816199d4073051"},"headline":"\u00abNi este se\u00f1or ni yo somos eternos, pero lo importante es seguir\u00bb","datePublished":"2009-11-16T12:04:13+00:00","dateModified":"2024-08-29T15:48:26+00:00","mainEntityOfPage":{"@id":"https:\/\/empresas.infoempleo.com\/hrtrends\/ni-este-senor-ni-yo-somos-eternos-pero-lo-importante-es-seguir\/"},"wordCount":1065,"publisher":{"@id":"https:\/\/empresas.infoempleo.com\/hrtrends\/#organization"},"image":{"@id":"https:\/\/empresas.infoempleo.com\/hrtrends\/ni-este-senor-ni-yo-somos-eternos-pero-lo-importante-es-seguir\/#primaryimage"},"thumbnailUrl":"https:\/\/empresas.infoempleo.com\/hrtrends\/media\/2017\/05\/pexels-photo-205508.jpg","keywords":["Ant\u00f3n Serrats","Jaime Castellanos","seguros","willis"],"articleSection":["Actualidad"],"inLanguage":"es","copyrightYear":"2009","copyrightHolder":{"@id":"https:\/\/empresas.infoempleo.com\/hrtrends\/#organization"}},{"@type":"WebPage","@id":"https:\/\/empresas.infoempleo.com\/hrtrends\/ni-este-senor-ni-yo-somos-eternos-pero-lo-importante-es-seguir\/","url":"https:\/\/empresas.infoempleo.com\/hrtrends\/ni-este-senor-ni-yo-somos-eternos-pero-lo-importante-es-seguir\/","name":"\"Ni este se\u00f1or ni yo somos eternos, pero lo importante es seguir\" | HRTRENDS","isPartOf":{"@id":"https:\/\/empresas.infoempleo.com\/hrtrends\/#website"},"primaryImageOfPage":{"@id":"https:\/\/empresas.infoempleo.com\/hrtrends\/ni-este-senor-ni-yo-somos-eternos-pero-lo-importante-es-seguir\/#primaryimage"},"image":{"@id":"https:\/\/empresas.infoempleo.com\/hrtrends\/ni-este-senor-ni-yo-somos-eternos-pero-lo-importante-es-seguir\/#primaryimage"},"thumbnailUrl":"https:\/\/empresas.infoempleo.com\/hrtrends\/media\/2017\/05\/pexels-photo-205508.jpg","datePublished":"2009-11-16T12:04:13+00:00","dateModified":"2024-08-29T15:48:26+00:00","breadcrumb":{"@id":"https:\/\/empresas.infoempleo.com\/hrtrends\/ni-este-senor-ni-yo-somos-eternos-pero-lo-importante-es-seguir\/#breadcrumb"},"inLanguage":"es","potentialAction":[{"@type":"ReadAction","target":["https:\/\/empresas.infoempleo.com\/hrtrends\/ni-este-senor-ni-yo-somos-eternos-pero-lo-importante-es-seguir\/"]}]},{"@type":"ImageObject","inLanguage":"es","@id":"https:\/\/empresas.infoempleo.com\/hrtrends\/ni-este-senor-ni-yo-somos-eternos-pero-lo-importante-es-seguir\/#primaryimage","url":"https:\/\/empresas.infoempleo.com\/hrtrends\/media\/2017\/05\/pexels-photo-205508-150x150.jpg","contentUrl":"https:\/\/empresas.infoempleo.com\/hrtrends\/media\/2017\/05\/pexels-photo-205508-150x150.jpg","width":150,"height":150},{"@type":"BreadcrumbList","@id":"https:\/\/empresas.infoempleo.com\/hrtrends\/ni-este-senor-ni-yo-somos-eternos-pero-lo-importante-es-seguir\/#breadcrumb","itemListElement":[{"@type":"ListItem","position":1,"name":"Portada","item":"https:\/\/empresas.infoempleo.com\/hrtrends\/"},{"@type":"ListItem","position":2,"name":"\u00abNi este se\u00f1or ni yo somos eternos, pero lo importante es seguir\u00bb"}]},{"@type":"WebSite","@id":"https:\/\/empresas.infoempleo.com\/hrtrends\/#website","url":"https:\/\/empresas.infoempleo.com\/hrtrends","name":"HRTrends by Infoempleo","description":"","publisher":{"@id":"https:\/\/empresas.infoempleo.com\/hrtrends\/#organization"},"potentialAction":{"@type":"SearchAction","target":"https:\/\/empresas.infoempleo.com\/hrtrends\/?s={search_term_string}","query-input":"required name=search_term_string"},"inLanguage":"es"},{"@type":"Organization","@id":"https:\/\/empresas.infoempleo.com\/hrtrends\/#organization","name":"Infoempleo","url":"https:\/\/www.infoempleo.com\/","logo":{"@type":"ImageObject","@id":"https:\/\/empresas.infoempleo.com\/hrtrends\/#logo","inLanguage":"es","url":"https:\/\/cdnazure.infoempleo.com\/infoempleo\/assets\/style\/gfx\/logo.svg","contentUrl":"https:\/\/cdnazure.infoempleo.com\/infoempleo\/assets\/style\/gfx\/logo.svg","width":150,"height":40,"caption":"Infoempleo"},"image":{"@id":"https:\/\/empresas.infoempleo.com\/hrtrends\/#logo"},"sameAs":["https:\/\/www.facebook.com\/Infoempleo","https:\/\/x.com\/infoempleo","http:\/\/instagram.com\/infoempleo\/","http:\/\/www.linkedin.com\/groups\/Empleo-Espa\u00f1a-Infoempleocom-111276","http:\/\/pinterest.com\/infoempleo\/"],"address":{"@type":"PostalAddress","addressLocality":"Madrid","postalCode":"28050","streetAddress":"Avenida de Burgos 114"},"brand":["Infoempleo"]},{"@type":"Person","@id":"https:\/\/empresas.infoempleo.com\/hrtrends\/#\/schema\/person\/b7a6badf8a824bd871816199d4073051","name":"In\u00e9s Molina","image":{"@type":"ImageObject","inLanguage":"es","@id":"https:\/\/empresas.infoempleo.com\/hrtrends\/#\/schema\/person\/image\/","url":"https:\/\/secure.gravatar.com\/avatar\/91ea6cf86c6b79f9f6f4d22793ffcbb45c9376d3b1a923126559ea4a8544b7b3?s=96&d=mm&r=g","contentUrl":"https:\/\/secure.gravatar.com\/avatar\/91ea6cf86c6b79f9f6f4d22793ffcbb45c9376d3b1a923126559ea4a8544b7b3?s=96&d=mm&r=g","caption":"In\u00e9s Molina"},"url":"https:\/\/empresas.infoempleo.com\/hrtrends\/author\/ines-molina\/"}]}},"amp_enabled":true,"_links":{"self":[{"href":"https:\/\/empresas.infoempleo.com\/hrtrends\/wp-json\/wp\/v2\/posts\/22618","targetHints":{"allow":["GET"]}}],"collection":[{"href":"https:\/\/empresas.infoempleo.com\/hrtrends\/wp-json\/wp\/v2\/posts"}],"about":[{"href":"https:\/\/empresas.infoempleo.com\/hrtrends\/wp-json\/wp\/v2\/types\/post"}],"author":[{"embeddable":true,"href":"https:\/\/empresas.infoempleo.com\/hrtrends\/wp-json\/wp\/v2\/users\/31"}],"replies":[{"embeddable":true,"href":"https:\/\/empresas.infoempleo.com\/hrtrends\/wp-json\/wp\/v2\/comments?post=22618"}],"version-history":[{"count":1,"href":"https:\/\/empresas.infoempleo.com\/hrtrends\/wp-json\/wp\/v2\/posts\/22618\/revisions"}],"predecessor-version":[{"id":45282,"href":"https:\/\/empresas.infoempleo.com\/hrtrends\/wp-json\/wp\/v2\/posts\/22618\/revisions\/45282"}],"wp:featuredmedia":[{"embeddable":true,"href":"https:\/\/empresas.infoempleo.com\/hrtrends\/wp-json\/wp\/v2\/media\/29665"}],"wp:attachment":[{"href":"https:\/\/empresas.infoempleo.com\/hrtrends\/wp-json\/wp\/v2\/media?parent=22618"}],"wp:term":[{"taxonomy":"category","embeddable":true,"href":"https:\/\/empresas.infoempleo.com\/hrtrends\/wp-json\/wp\/v2\/categories?post=22618"},{"taxonomy":"post_tag","embeddable":true,"href":"https:\/\/empresas.infoempleo.com\/hrtrends\/wp-json\/wp\/v2\/tags?post=22618"}],"curies":[{"name":"wp","href":"https:\/\/api.w.org\/{rel}","templated":true}]}}