{"id":22569,"date":"2009-07-27T08:49:03","date_gmt":"2009-07-27T07:49:03","guid":{"rendered":"http:\/\/blog.infoempleo.com\/?p=2426"},"modified":"2018-05-23T18:06:41","modified_gmt":"2018-05-23T16:06:41","slug":"yo-no-creo-ni-en-superman-ni-en-superwoman","status":"publish","type":"post","link":"https:\/\/empresas.infoempleo.com\/hrtrends\/yo-no-creo-ni-en-superman-ni-en-superwoman\/","title":{"rendered":"\u00abYo no creo ni en Superman ni en Superwoman\u00bb"},"content":{"rendered":"<p><img loading=\"lazy\" decoding=\"async\" class=\"alignnone size-medium wp-image-2428\" src=\"https:\/\/empresas.infoempleo.com\/hrtrends\/media\/2009\/07\/josemirisarri1.jpg\" alt=\"\" width=\"240\" height=\"169\" \/>\u00a0<\/p>\n<p align=\"justify\"><strong>Jos\u00e9 Mar\u00eda Irisarri, presidente ejecutivo de <\/strong><a title=\"Web de V\u00e9rtice 360\u00ba\" href=\"https:\/\/www.vertice360.com\/es\/\" target=\"_blank\"><strong>V\u00e9rtice 360\u00ba<\/strong><\/a><\/p>\n<p align=\"justify\">Sin una idea demasiado clara, Jos\u00e9 Mar\u00eda Irisarri (Madrid, 1961) decidi\u00f3 seguir los pasos de su padre y estudiar Derecho, \u00abaunque no ten\u00eda vocaci\u00f3n para ejercer de abogado. Me divert\u00eda mucho m\u00e1s el mundo de la empresa, pero como era muy malo con los n\u00fameros, hu\u00ed de ellos; aunque luego me los volv\u00ed a encontrar\u00bb.<\/p>\n<p align=\"justify\">Inquieto y lleno de entusiasmo, con apenas 16 a\u00f1os da sus primeros pasos laborales: \u00abTrabaj\u00e9 de mozo de almac\u00e9n en Salvat durante casi dos a\u00f1os\u00bb. De aquel tiempo le queda un gran recuerdo: \u00abUn jefe maravilloso, entra\u00f1able, muy culto y buena persona\u00bb. Durante la carrera -\u00abestudi\u00e9 hasta tercero en la UNED\u00bb-, compatibiliza sus estudios con un trabajo de ocho a tres, de becario en TVE. Aunque hoy resta importancia a aquel primer contacto con su mundo, algo le dejar\u00eda marcado.\u00a0<\/p>\n<p align=\"justify\">\u00abAl acabar la carrera me fui al IESE porque quer\u00eda redondear mi formaci\u00f3n acad\u00e9mica. Era el a\u00f1o 84. <strong>Yo que cre\u00ed que ya hab\u00eda pasado mi etapa de estudiar, me di cuenta de que siempre en la vida hay un paso m\u00e1s.<\/strong> All\u00ed hice magn\u00edficos amigos y guardo recuerdos maravillosos. Me encant\u00f3 vivir en Barcelona\u00bb. Tras aquel gran esfuerzo, la recompensa: \u00abPude elegir d\u00f3nde trabajar. Un privilegio. Eleg\u00ed DIA porque estaba naciendo en Espa\u00f1a y me gustaba mucho el m\u00e1rketing que all\u00ed se hac\u00eda, el de verdad\u00bb.<\/p>\n<p align=\"justify\">Un a\u00f1o y medio despu\u00e9s cambia radicalmente de sector con naturalidad. \u00abMe fui de adjunto a la direcci\u00f3n general de Sanitas y tuve la oportunidad de participar en el proceso corporativo de la venta, en el a\u00f1o 89\u00bb. El grupo ingl\u00e9s BUPA se queda con la compa\u00f1\u00eda e Irisarri emprende un nuevo camino, esta vez sin retorno: <strong>\u00abEmilio [Arag\u00f3n] y yo \u00e9ramos muy amigos. En ese momento empezaba el mundo de las televisiones privadas y \u00e9l me dijo: \u00abEstoy con un socio, que quiere empezar algo nuevo, \u00bfme asesoras?\u00bb. \u00abPues venga\u00bb. A veces hay que estar en el sitio adecuado, en el momento adecuado\u00bb.<\/strong> \u00c9l lo estaba. De aquella uni\u00f3n entre amigos naci\u00f3 Globomedia. \u00abEra un momento distinto. Yo creo que con la edad somos m\u00e1s sensatos. Yo a\u00fan soy osado, pero mi sensatez es el l\u00edmite\u00bb, explica entre risas. El \u00e9xito comenz\u00f3 a sonre\u00edrles con \u00abEl juego de la oca\u00bb y continu\u00f3 con \u00abM\u00e9dico de familia\u00bb, \u00abun bombazo\u00bb. Estaban inventando una nueva \u00abtele\u00bb sobre la marcha, con sus luces y sus sombras. \u00abS\u00ed porque yo no creo ni en Superman ni en Superwoman: la vida est\u00e1 hecha de \u00e9xitos y fracasos\u00bb.<\/p>\n<p align=\"justify\">\u00abMi vida en \u00abGlobo\u00bb fue maravillosa, pero en 2004 esta etapa culmina. Yo intento vivir mi vida intensamente, en etapas, y no ser un nost\u00e1lgico. Al final te vas quedando con lo bueno y vas borrando lo malo. A cierta edad se sufre y se sufre, luego te produce pena y luego&#8230; ya. Se pasa\u00bb. \u00abA partir de 2004, inicio actividades diferentes: participo en consejos de administraci\u00f3n de otros sectores, hago inversiones personales y cojo distancia\u00bb. En ese momento aparece la productora Notro Films, \u00abtambi\u00e9n de cero, con unos socios y amigos espl\u00e9ndidos\u00bb. La compa\u00f1\u00eda se integra en <a title=\"Web de V\u00e9rtice 360 grados\" href=\"https:\/\/www.vertice360.com\/es\/\" target=\"_blank\">V\u00e9rtice 360\u00ba<\/a>, debutando en la Bolsa en diciembre de 2007. <strong>\u00abAhora quiero que V\u00e9rtice sea el proyecto que todos los que trabajamos en \u00e9l tenemos en la cabeza: s\u00f3lido, cada vez m\u00e1s grande y cumpliendo los objetivos\u00bb. Por ambici\u00f3n, que no quede.<\/strong>\u00a0<\/p>\n<p align=\"left\"><strong>\u00abSab\u00edan que yo hab\u00eda estado all\u00ed porque ordenaba las colillas en los ceniceros\u00bb<br \/>\n<\/strong>\u00abConstante y con gran fuerza de voluntad\u00bb, Jos\u00e9 Mar\u00eda Irisarri afirma mostrarse en ocasiones \u00abdemasiado r\u00edgido\u00bb consigo mismo, \u00aby a veces hay que darse un poquito de alegr\u00eda\u00bb.<\/p>\n<p align=\"justify\">\u00bfY qu\u00e9 hace cuando no trabaja? \u00abFamilia y deporte. Deporte a lo bestia\u00bb. \u00bfOtro directivo que jam\u00e1s ve la tele? \u00abMe apasiona, veo much\u00edsima y no me da ninguna verg\u00fcenza decirlo. Me encanta todo: magazines, Ana Rosa Quintana&#8230;\u00bb. \u00bfA qui\u00e9n admira? \u00abA gente an\u00f3nima con una vida llena de abnegaci\u00f3n. Y a la Madre Teresa de Calcuta. La vi una vez en Roma y me qued\u00e9 petrificado\u00bb.\u00a0<\/p>\n<p align=\"left\">A la hora de elegir algo o a alguien imprescindible, no duda: \u00abMi mujer. Es la que me motiva. Bueno, y mis hijas\u00bb. \u00bfAlg\u00fan punto flaco? \u00abSoy mani\u00e1ticamente ordenado: hace 16 a\u00f1os fumaba mucho y cuando sal\u00eda de los sitios, la gente sab\u00eda que yo hab\u00eda estado all\u00ed porque ordenaba las colillas en los ceniceros\u00bb, recuerda entre carcajadas. Y para acabar, un libro: \u00abLa fiesta del chivo\u00bb Pens\u00e9: \u00ab\u00a1Joder, qu\u00e9 libraco!\u00bb.<\/p>\n<p align=\"left\"><strong>\u00abSi no nos enamor\u00e1semos de lo que hacemos, nos volver\u00edamos locos\u00bb<br \/>\n<\/strong>\u00abEl 80% de los programas que se estrenan fracasa. \u00a1Imag\u00ednate los que ni siquiera se estrenan! <strong>Es duro porque aqu\u00ed opina todo el mundo. Somos la gente a la que m\u00e1s notas ponen: En televisi\u00f3n, nota por la audiencia; en el cine, por el n\u00famero de espectadores; y, en nuestro caso, todos los d\u00edas nota por la cotizaci\u00f3n en Bolsa\u00bb<\/strong>. \u00a1Qu\u00e9 horror! \u00ab\u00a1O qu\u00e9 felicidad! Depende\u00bb. \u00abEs como estar opositando: te lo juegas todo en un d\u00eda. Miras hacia atr\u00e1s y dices: 80 t\u00edos trabajando, inversi\u00f3n, guiones, prestigio&#8230; Cuando al final es un \u00abpelotazo\u00bb, levitas; pero cuando te dicen: \u00abLo siento, suspenso&#8230;\u00bb. Adem\u00e1s, sus fracasos son m\u00e1s visibles que otros: \u00abSi Alfredo S\u00e1enz se equivoca es mucho menos visible. En lo nuestro, es como una losa. Te se\u00f1alan con el dedo\u00bb.<\/p>\n<p align=\"justify\">\u00bfY c\u00f3mo sobrevive uno a esta presi\u00f3n? \u00abNos enamoramos de lo que hacemos. Si no nos enamor\u00e1semos, trabajar 15, 18 horas al d\u00eda, ser\u00eda imposible. Nos volver\u00edamos locos\u00bb. <strong>\u00abAdem\u00e1s, me rodeo de gente positiva. Un triste debe estar encerrado en un cuarto. En una organizaci\u00f3n tiene que haber un punto de buen rollo y el buen rollo lo da el car\u00e1cter, un cierto optimismo, un esp\u00edritu luchador, de ilusi\u00f3n, de fuerza. Un jefe triste es lo peor\u00bb<\/strong>. \u00abUn l\u00edder debe predicar con el ejemplo. Yo no soporto al jefe que va de jefe, que exige trabajar y no trabaja\u00bb.\u00a0<\/p>\n<p align=\"justify\">\u00bfY es complicado trabajar con grandes artistas? \u00abTanto como trabajar con grandes cirujanos o grandes periodistas. El artista es muy, muy, muy inseguro. Necesita que le digas: \u00ab\u00a1Estabas que te sal\u00edas!\u00bb Como a todos, hay que motivarles\u00bb. \u00bfA usted tambi\u00e9n? \u00ab\u00a1Claro! Menos mal que tengo a mi mujer\u00bb.<\/p>\n","protected":false},"excerpt":{"rendered":"<p>\u00a0 Jos\u00e9 Mar\u00eda Irisarri, presidente ejecutivo de V\u00e9rtice 360\u00ba Sin una idea demasiado clara, Jos\u00e9 Mar\u00eda Irisarri (Madrid,<a class=\"moretag\" href=\"https:\/\/empresas.infoempleo.com\/hrtrends\/yo-no-creo-ni-en-superman-ni-en-superwoman\/\"> Leer m\u00e1s<\/a><\/p>\n","protected":false},"author":31,"featured_media":29665,"comment_status":"closed","ping_status":"open","sticky":false,"template":"","format":"standard","meta":{"footnotes":""},"categories":[3],"tags":[2766,2767],"class_list":["post-22569","post","type-post","status-publish","format-standard","has-post-thumbnail","hentry","category-actualidad","tag-jose-maria-irisarri","tag-vertice-360-grados"],"yoast_head":"<!-- This site is optimized with the Yoast SEO plugin v26.1.1 - https:\/\/yoast.com\/wordpress\/plugins\/seo\/ -->\n<title>&quot;Yo no creo ni en Superman ni en Superwoman&quot; | HRTRENDS<\/title>\n<meta name=\"robots\" content=\"index, follow, max-snippet:-1, max-image-preview:large, max-video-preview:-1\" \/>\n<link rel=\"canonical\" href=\"https:\/\/empresas.infoempleo.com\/hrtrends\/yo-no-creo-ni-en-superman-ni-en-superwoman\/\" \/>\n<meta property=\"og:locale\" content=\"es_ES\" \/>\n<meta property=\"og:type\" content=\"article\" \/>\n<meta property=\"og:title\" content=\"&quot;Yo no creo ni en Superman ni en Superwoman&quot; | HRTRENDS\" \/>\n<meta property=\"og:description\" content=\"\u00a0 Jos\u00e9 Mar\u00eda Irisarri, presidente ejecutivo de V\u00e9rtice 360\u00ba Sin una idea demasiado clara, Jos\u00e9 Mar\u00eda Irisarri (Madrid, Leer m\u00e1s\" \/>\n<meta property=\"og:url\" content=\"https:\/\/empresas.infoempleo.com\/hrtrends\/yo-no-creo-ni-en-superman-ni-en-superwoman\/\" \/>\n<meta property=\"og:site_name\" content=\"HRTRENDS\" \/>\n<meta property=\"article:publisher\" content=\"https:\/\/www.facebook.com\/Infoempleo\" \/>\n<meta property=\"article:published_time\" content=\"2009-07-27T07:49:03+00:00\" \/>\n<meta property=\"article:modified_time\" content=\"2018-05-23T16:06:41+00:00\" \/>\n<meta property=\"og:image\" content=\"https:\/\/empresas.infoempleo.com\/hrtrends\/media\/2017\/05\/pexels-photo-205508.jpg\" \/>\n\t<meta property=\"og:image:width\" content=\"1280\" \/>\n\t<meta property=\"og:image:height\" content=\"960\" \/>\n\t<meta property=\"og:image:type\" content=\"image\/jpeg\" \/>\n<meta name=\"author\" content=\"In\u00e9s Molina\" \/>\n<meta name=\"twitter:card\" content=\"summary_large_image\" \/>\n<meta name=\"twitter:creator\" content=\"@infoempleo\" \/>\n<meta name=\"twitter:site\" content=\"@infoempleo\" \/>\n<meta name=\"twitter:label1\" content=\"Escrito por\" \/>\n\t<meta name=\"twitter:data1\" content=\"In\u00e9s Molina\" \/>\n\t<meta name=\"twitter:label2\" content=\"Tiempo de lectura\" \/>\n\t<meta name=\"twitter:data2\" content=\"6 minutos\" \/>\n<script type=\"application\/ld+json\" class=\"yoast-schema-graph\">{\"@context\":\"https:\/\/schema.org\",\"@graph\":[{\"@type\":\"NewsArticle\",\"@id\":\"https:\/\/empresas.infoempleo.com\/hrtrends\/yo-no-creo-ni-en-superman-ni-en-superwoman\/#article\",\"isPartOf\":{\"@id\":\"https:\/\/empresas.infoempleo.com\/hrtrends\/yo-no-creo-ni-en-superman-ni-en-superwoman\/\"},\"author\":{\"name\":\"In\u00e9s Molina\",\"@id\":\"https:\/\/empresas.infoempleo.com\/hrtrends\/#\/schema\/person\/b7a6badf8a824bd871816199d4073051\"},\"headline\":\"\u00abYo no creo ni en Superman ni en Superwoman\u00bb\",\"datePublished\":\"2009-07-27T07:49:03+00:00\",\"dateModified\":\"2018-05-23T16:06:41+00:00\",\"mainEntityOfPage\":{\"@id\":\"https:\/\/empresas.infoempleo.com\/hrtrends\/yo-no-creo-ni-en-superman-ni-en-superwoman\/\"},\"wordCount\":1121,\"publisher\":{\"@id\":\"https:\/\/empresas.infoempleo.com\/hrtrends\/#organization\"},\"image\":{\"@id\":\"https:\/\/empresas.infoempleo.com\/hrtrends\/yo-no-creo-ni-en-superman-ni-en-superwoman\/#primaryimage\"},\"thumbnailUrl\":\"https:\/\/empresas.infoempleo.com\/hrtrends\/media\/2017\/05\/pexels-photo-205508.jpg\",\"keywords\":[\"Jos\u00e9 Mar\u00eda Irisarri\",\"v\u00e9rtice 360 grados\"],\"articleSection\":[\"Actualidad\"],\"inLanguage\":\"es\",\"copyrightYear\":\"2009\",\"copyrightHolder\":{\"@id\":\"https:\/\/empresas.infoempleo.com\/hrtrends\/#organization\"}},{\"@type\":\"WebPage\",\"@id\":\"https:\/\/empresas.infoempleo.com\/hrtrends\/yo-no-creo-ni-en-superman-ni-en-superwoman\/\",\"url\":\"https:\/\/empresas.infoempleo.com\/hrtrends\/yo-no-creo-ni-en-superman-ni-en-superwoman\/\",\"name\":\"\\\"Yo no creo ni en Superman ni en Superwoman\\\" | HRTRENDS\",\"isPartOf\":{\"@id\":\"https:\/\/empresas.infoempleo.com\/hrtrends\/#website\"},\"primaryImageOfPage\":{\"@id\":\"https:\/\/empresas.infoempleo.com\/hrtrends\/yo-no-creo-ni-en-superman-ni-en-superwoman\/#primaryimage\"},\"image\":{\"@id\":\"https:\/\/empresas.infoempleo.com\/hrtrends\/yo-no-creo-ni-en-superman-ni-en-superwoman\/#primaryimage\"},\"thumbnailUrl\":\"https:\/\/empresas.infoempleo.com\/hrtrends\/media\/2017\/05\/pexels-photo-205508.jpg\",\"datePublished\":\"2009-07-27T07:49:03+00:00\",\"dateModified\":\"2018-05-23T16:06:41+00:00\",\"breadcrumb\":{\"@id\":\"https:\/\/empresas.infoempleo.com\/hrtrends\/yo-no-creo-ni-en-superman-ni-en-superwoman\/#breadcrumb\"},\"inLanguage\":\"es\",\"potentialAction\":[{\"@type\":\"ReadAction\",\"target\":[\"https:\/\/empresas.infoempleo.com\/hrtrends\/yo-no-creo-ni-en-superman-ni-en-superwoman\/\"]}]},{\"@type\":\"ImageObject\",\"inLanguage\":\"es\",\"@id\":\"https:\/\/empresas.infoempleo.com\/hrtrends\/yo-no-creo-ni-en-superman-ni-en-superwoman\/#primaryimage\",\"url\":\"https:\/\/empresas.infoempleo.com\/hrtrends\/media\/2017\/05\/pexels-photo-205508-150x150.jpg\",\"contentUrl\":\"https:\/\/empresas.infoempleo.com\/hrtrends\/media\/2017\/05\/pexels-photo-205508-150x150.jpg\",\"width\":150,\"height\":150},{\"@type\":\"BreadcrumbList\",\"@id\":\"https:\/\/empresas.infoempleo.com\/hrtrends\/yo-no-creo-ni-en-superman-ni-en-superwoman\/#breadcrumb\",\"itemListElement\":[{\"@type\":\"ListItem\",\"position\":1,\"name\":\"Portada\",\"item\":\"https:\/\/empresas.infoempleo.com\/hrtrends\/\"},{\"@type\":\"ListItem\",\"position\":2,\"name\":\"\u00abYo no creo ni en Superman ni en Superwoman\u00bb\"}]},{\"@type\":\"WebSite\",\"@id\":\"https:\/\/empresas.infoempleo.com\/hrtrends\/#website\",\"url\":\"https:\/\/empresas.infoempleo.com\/hrtrends\",\"name\":\"HRTrends by Infoempleo\",\"description\":\"\",\"publisher\":{\"@id\":\"https:\/\/empresas.infoempleo.com\/hrtrends\/#organization\"},\"potentialAction\":{\"@type\":\"SearchAction\",\"target\":\"https:\/\/empresas.infoempleo.com\/hrtrends\/?s={search_term_string}\",\"query-input\":\"required name=search_term_string\"},\"inLanguage\":\"es\"},{\"@type\":\"Organization\",\"@id\":\"https:\/\/empresas.infoempleo.com\/hrtrends\/#organization\",\"name\":\"Infoempleo\",\"url\":\"https:\/\/www.infoempleo.com\/\",\"logo\":{\"@type\":\"ImageObject\",\"@id\":\"https:\/\/empresas.infoempleo.com\/hrtrends\/#logo\",\"inLanguage\":\"es\",\"url\":\"https:\/\/cdnazure.infoempleo.com\/infoempleo\/assets\/style\/gfx\/logo.svg\",\"contentUrl\":\"https:\/\/cdnazure.infoempleo.com\/infoempleo\/assets\/style\/gfx\/logo.svg\",\"width\":150,\"height\":40,\"caption\":\"Infoempleo\"},\"image\":{\"@id\":\"https:\/\/empresas.infoempleo.com\/hrtrends\/#logo\"},\"sameAs\":[\"https:\/\/www.facebook.com\/Infoempleo\",\"https:\/\/x.com\/infoempleo\",\"http:\/\/instagram.com\/infoempleo\/\",\"http:\/\/www.linkedin.com\/groups\/Empleo-Espa\u00f1a-Infoempleocom-111276\",\"http:\/\/pinterest.com\/infoempleo\/\"],\"address\":{\"@type\":\"PostalAddress\",\"addressLocality\":\"Madrid\",\"postalCode\":\"28050\",\"streetAddress\":\"Avenida de Burgos 114\"},\"brand\":[\"Infoempleo\"]},{\"@type\":\"Person\",\"@id\":\"https:\/\/empresas.infoempleo.com\/hrtrends\/#\/schema\/person\/b7a6badf8a824bd871816199d4073051\",\"name\":\"In\u00e9s Molina\",\"image\":{\"@type\":\"ImageObject\",\"inLanguage\":\"es\",\"@id\":\"https:\/\/empresas.infoempleo.com\/hrtrends\/#\/schema\/person\/image\/\",\"url\":\"https:\/\/secure.gravatar.com\/avatar\/91ea6cf86c6b79f9f6f4d22793ffcbb45c9376d3b1a923126559ea4a8544b7b3?s=96&d=mm&r=g\",\"contentUrl\":\"https:\/\/secure.gravatar.com\/avatar\/91ea6cf86c6b79f9f6f4d22793ffcbb45c9376d3b1a923126559ea4a8544b7b3?s=96&d=mm&r=g\",\"caption\":\"In\u00e9s Molina\"},\"url\":\"https:\/\/empresas.infoempleo.com\/hrtrends\/author\/ines-molina\/\"}]}<\/script>\n<!-- \/ Yoast SEO plugin. -->","yoast_head_json":{"title":"\"Yo no creo ni en Superman ni en Superwoman\" | HRTRENDS","robots":{"index":"index","follow":"follow","max-snippet":"max-snippet:-1","max-image-preview":"max-image-preview:large","max-video-preview":"max-video-preview:-1"},"canonical":"https:\/\/empresas.infoempleo.com\/hrtrends\/yo-no-creo-ni-en-superman-ni-en-superwoman\/","og_locale":"es_ES","og_type":"article","og_title":"\"Yo no creo ni en Superman ni en Superwoman\" | HRTRENDS","og_description":"\u00a0 Jos\u00e9 Mar\u00eda Irisarri, presidente ejecutivo de V\u00e9rtice 360\u00ba Sin una idea demasiado clara, Jos\u00e9 Mar\u00eda Irisarri (Madrid, Leer m\u00e1s","og_url":"https:\/\/empresas.infoempleo.com\/hrtrends\/yo-no-creo-ni-en-superman-ni-en-superwoman\/","og_site_name":"HRTRENDS","article_publisher":"https:\/\/www.facebook.com\/Infoempleo","article_published_time":"2009-07-27T07:49:03+00:00","article_modified_time":"2018-05-23T16:06:41+00:00","og_image":[{"width":1280,"height":960,"url":"https:\/\/empresas.infoempleo.com\/hrtrends\/media\/2017\/05\/pexels-photo-205508.jpg","type":"image\/jpeg"}],"author":"In\u00e9s Molina","twitter_card":"summary_large_image","twitter_creator":"@infoempleo","twitter_site":"@infoempleo","twitter_misc":{"Escrito por":"In\u00e9s Molina","Tiempo de lectura":"6 minutos"},"schema":{"@context":"https:\/\/schema.org","@graph":[{"@type":"NewsArticle","@id":"https:\/\/empresas.infoempleo.com\/hrtrends\/yo-no-creo-ni-en-superman-ni-en-superwoman\/#article","isPartOf":{"@id":"https:\/\/empresas.infoempleo.com\/hrtrends\/yo-no-creo-ni-en-superman-ni-en-superwoman\/"},"author":{"name":"In\u00e9s Molina","@id":"https:\/\/empresas.infoempleo.com\/hrtrends\/#\/schema\/person\/b7a6badf8a824bd871816199d4073051"},"headline":"\u00abYo no creo ni en Superman ni en Superwoman\u00bb","datePublished":"2009-07-27T07:49:03+00:00","dateModified":"2018-05-23T16:06:41+00:00","mainEntityOfPage":{"@id":"https:\/\/empresas.infoempleo.com\/hrtrends\/yo-no-creo-ni-en-superman-ni-en-superwoman\/"},"wordCount":1121,"publisher":{"@id":"https:\/\/empresas.infoempleo.com\/hrtrends\/#organization"},"image":{"@id":"https:\/\/empresas.infoempleo.com\/hrtrends\/yo-no-creo-ni-en-superman-ni-en-superwoman\/#primaryimage"},"thumbnailUrl":"https:\/\/empresas.infoempleo.com\/hrtrends\/media\/2017\/05\/pexels-photo-205508.jpg","keywords":["Jos\u00e9 Mar\u00eda Irisarri","v\u00e9rtice 360 grados"],"articleSection":["Actualidad"],"inLanguage":"es","copyrightYear":"2009","copyrightHolder":{"@id":"https:\/\/empresas.infoempleo.com\/hrtrends\/#organization"}},{"@type":"WebPage","@id":"https:\/\/empresas.infoempleo.com\/hrtrends\/yo-no-creo-ni-en-superman-ni-en-superwoman\/","url":"https:\/\/empresas.infoempleo.com\/hrtrends\/yo-no-creo-ni-en-superman-ni-en-superwoman\/","name":"\"Yo no creo ni en Superman ni en Superwoman\" | HRTRENDS","isPartOf":{"@id":"https:\/\/empresas.infoempleo.com\/hrtrends\/#website"},"primaryImageOfPage":{"@id":"https:\/\/empresas.infoempleo.com\/hrtrends\/yo-no-creo-ni-en-superman-ni-en-superwoman\/#primaryimage"},"image":{"@id":"https:\/\/empresas.infoempleo.com\/hrtrends\/yo-no-creo-ni-en-superman-ni-en-superwoman\/#primaryimage"},"thumbnailUrl":"https:\/\/empresas.infoempleo.com\/hrtrends\/media\/2017\/05\/pexels-photo-205508.jpg","datePublished":"2009-07-27T07:49:03+00:00","dateModified":"2018-05-23T16:06:41+00:00","breadcrumb":{"@id":"https:\/\/empresas.infoempleo.com\/hrtrends\/yo-no-creo-ni-en-superman-ni-en-superwoman\/#breadcrumb"},"inLanguage":"es","potentialAction":[{"@type":"ReadAction","target":["https:\/\/empresas.infoempleo.com\/hrtrends\/yo-no-creo-ni-en-superman-ni-en-superwoman\/"]}]},{"@type":"ImageObject","inLanguage":"es","@id":"https:\/\/empresas.infoempleo.com\/hrtrends\/yo-no-creo-ni-en-superman-ni-en-superwoman\/#primaryimage","url":"https:\/\/empresas.infoempleo.com\/hrtrends\/media\/2017\/05\/pexels-photo-205508-150x150.jpg","contentUrl":"https:\/\/empresas.infoempleo.com\/hrtrends\/media\/2017\/05\/pexels-photo-205508-150x150.jpg","width":150,"height":150},{"@type":"BreadcrumbList","@id":"https:\/\/empresas.infoempleo.com\/hrtrends\/yo-no-creo-ni-en-superman-ni-en-superwoman\/#breadcrumb","itemListElement":[{"@type":"ListItem","position":1,"name":"Portada","item":"https:\/\/empresas.infoempleo.com\/hrtrends\/"},{"@type":"ListItem","position":2,"name":"\u00abYo no creo ni en Superman ni en Superwoman\u00bb"}]},{"@type":"WebSite","@id":"https:\/\/empresas.infoempleo.com\/hrtrends\/#website","url":"https:\/\/empresas.infoempleo.com\/hrtrends","name":"HRTrends by Infoempleo","description":"","publisher":{"@id":"https:\/\/empresas.infoempleo.com\/hrtrends\/#organization"},"potentialAction":{"@type":"SearchAction","target":"https:\/\/empresas.infoempleo.com\/hrtrends\/?s={search_term_string}","query-input":"required name=search_term_string"},"inLanguage":"es"},{"@type":"Organization","@id":"https:\/\/empresas.infoempleo.com\/hrtrends\/#organization","name":"Infoempleo","url":"https:\/\/www.infoempleo.com\/","logo":{"@type":"ImageObject","@id":"https:\/\/empresas.infoempleo.com\/hrtrends\/#logo","inLanguage":"es","url":"https:\/\/cdnazure.infoempleo.com\/infoempleo\/assets\/style\/gfx\/logo.svg","contentUrl":"https:\/\/cdnazure.infoempleo.com\/infoempleo\/assets\/style\/gfx\/logo.svg","width":150,"height":40,"caption":"Infoempleo"},"image":{"@id":"https:\/\/empresas.infoempleo.com\/hrtrends\/#logo"},"sameAs":["https:\/\/www.facebook.com\/Infoempleo","https:\/\/x.com\/infoempleo","http:\/\/instagram.com\/infoempleo\/","http:\/\/www.linkedin.com\/groups\/Empleo-Espa\u00f1a-Infoempleocom-111276","http:\/\/pinterest.com\/infoempleo\/"],"address":{"@type":"PostalAddress","addressLocality":"Madrid","postalCode":"28050","streetAddress":"Avenida de Burgos 114"},"brand":["Infoempleo"]},{"@type":"Person","@id":"https:\/\/empresas.infoempleo.com\/hrtrends\/#\/schema\/person\/b7a6badf8a824bd871816199d4073051","name":"In\u00e9s Molina","image":{"@type":"ImageObject","inLanguage":"es","@id":"https:\/\/empresas.infoempleo.com\/hrtrends\/#\/schema\/person\/image\/","url":"https:\/\/secure.gravatar.com\/avatar\/91ea6cf86c6b79f9f6f4d22793ffcbb45c9376d3b1a923126559ea4a8544b7b3?s=96&d=mm&r=g","contentUrl":"https:\/\/secure.gravatar.com\/avatar\/91ea6cf86c6b79f9f6f4d22793ffcbb45c9376d3b1a923126559ea4a8544b7b3?s=96&d=mm&r=g","caption":"In\u00e9s Molina"},"url":"https:\/\/empresas.infoempleo.com\/hrtrends\/author\/ines-molina\/"}]}},"amp_enabled":true,"_links":{"self":[{"href":"https:\/\/empresas.infoempleo.com\/hrtrends\/wp-json\/wp\/v2\/posts\/22569","targetHints":{"allow":["GET"]}}],"collection":[{"href":"https:\/\/empresas.infoempleo.com\/hrtrends\/wp-json\/wp\/v2\/posts"}],"about":[{"href":"https:\/\/empresas.infoempleo.com\/hrtrends\/wp-json\/wp\/v2\/types\/post"}],"author":[{"embeddable":true,"href":"https:\/\/empresas.infoempleo.com\/hrtrends\/wp-json\/wp\/v2\/users\/31"}],"replies":[{"embeddable":true,"href":"https:\/\/empresas.infoempleo.com\/hrtrends\/wp-json\/wp\/v2\/comments?post=22569"}],"version-history":[{"count":0,"href":"https:\/\/empresas.infoempleo.com\/hrtrends\/wp-json\/wp\/v2\/posts\/22569\/revisions"}],"wp:featuredmedia":[{"embeddable":true,"href":"https:\/\/empresas.infoempleo.com\/hrtrends\/wp-json\/wp\/v2\/media\/29665"}],"wp:attachment":[{"href":"https:\/\/empresas.infoempleo.com\/hrtrends\/wp-json\/wp\/v2\/media?parent=22569"}],"wp:term":[{"taxonomy":"category","embeddable":true,"href":"https:\/\/empresas.infoempleo.com\/hrtrends\/wp-json\/wp\/v2\/categories?post=22569"},{"taxonomy":"post_tag","embeddable":true,"href":"https:\/\/empresas.infoempleo.com\/hrtrends\/wp-json\/wp\/v2\/tags?post=22569"}],"curies":[{"name":"wp","href":"https:\/\/api.w.org\/{rel}","templated":true}]}}