{"id":22558,"date":"2009-06-22T08:32:25","date_gmt":"2009-06-22T07:32:25","guid":{"rendered":"http:\/\/blog.infoempleo.com\/?p=1489"},"modified":"2024-08-29T17:48:19","modified_gmt":"2024-08-29T15:48:19","slug":"perfiles-de-una-compleja-recuperacion","status":"publish","type":"post","link":"https:\/\/empresas.infoempleo.com\/hrtrends\/perfiles-de-una-compleja-recuperacion\/","title":{"rendered":"Perfiles de una compleja recuperaci\u00f3n"},"content":{"rendered":"<p><img loading=\"lazy\" decoding=\"async\" class=\"alignnone size-medium wp-image-1493\" src=\"https:\/\/empresas.infoempleo.com\/hrtrends\/media\/2009\/06\/theadsok1.jpg\" alt=\"\" width=\"143\" height=\"188\" \/><\/p>\n<p><strong>Por Alfredo Arahuetes<\/strong><\/p>\n<p><strong>Decano del CC. Econ\u00f3micas y Empresariales de ICADE-Universidad Pontificia de Comillas de Madrid. Conferenciante de Thinking Heads<\/strong><\/p>\n<p>El informe de abril del Fondo Monetario Internacional sobre las perspectivas de la econom\u00eda mundial mostraba que cuando las recesiones se sincronizan a escala internacional o son el resultado de crisis financieras suelen ser largas y profundas y su proceso de recuperaci\u00f3n lento y d\u00e9bil. La <strong>recesi\u00f3n actual<\/strong>, al combinar ambos elementos, puede tener una <strong>duraci\u00f3n cercana a dos a\u00f1os<\/strong>.<\/p>\n<p>La crisis financiera que eclosion\u00f3 en <strong>Estados Unidos en agosto de 2007<\/strong> arrastr\u00f3 a su econom\u00eda a la recesi\u00f3n en diciembre de ese mismo a\u00f1o. Se lleg\u00f3 a pensar entonces que la econom\u00eda internacional pod\u00eda seguir creciendo, aunque a tasas menores, sin necesidad de la econom\u00eda americana. Era la <strong>tesis del desenganche<\/strong> (\u00abdecoupling\u00bb). Pero el ansiado desenganche no tuvo lugar. Al contrario, se produjo un <strong>reenganche negativo<\/strong> (\u00abrecoupling\u00bb) por el que los efectos de la crisis y el contagio recesivo de la econom\u00eda americana se trasladaron a los pa\u00edses industrializados y a gran parte de los pa\u00edses emergentes, sobre todo despu\u00e9s del <a class=\"wp-caption-dd\" title=\"Quiebra de Lehman Brothers\" href=\"https:\/\/www.abc.es\/20080916\/economia-economia\/wall-street-quiebra-lehman-200809150726.html\" target=\"_blank\" rel=\"noopener\">septiembre negro de 2008<\/a>, con los episodios de Fanny Mae, Freddy Mac, Lehman Brothers, Mutual Washington y AIG.<\/p>\n<p>Los enormes desaf\u00edos de esa situaci\u00f3n, la compleja naturaleza de la contracci\u00f3n econ\u00f3mica trufada por la crisis de los sistemas financieros de Estados Unidos y los principales pa\u00edses europeos llevaron a los gobiernos a la b\u00fasqueda de soluciones que combinasen <strong>est\u00edmulos fiscales de sus econom\u00edas<\/strong> y la adopci\u00f3n de medidas monetarias heterodoxas de bajos tipos de inter\u00e9s y capaces de proporcionar liquidez en abundancia a las instituciones financieras. En la actualidad, <strong>la amenaza de la depresi\u00f3n ha quedado conjurada<\/strong> y la econom\u00eda de Estados Unidos muestra se\u00f1ales de que el deterioro de las principales variables est\u00e1 tocando fondo. Si las tendencias se mantienen, existe una elevada probabilidad de que a finales de a\u00f1o la econom\u00eda americana ponga \u00ab<strong>fin t\u00e9cnico\u00bb a la recesi\u00f3n<\/strong>, como ha afirmado Ben Bernanke, el presidente de la Reserva Federal. As\u00ed, a principios de 2010 la econom\u00eda americana estar\u00eda empezando la recuperaci\u00f3n y a \u00e9sta le seguir\u00eda el resto de las econom\u00edas.<\/p>\n<p>Sin embargo, la recuperaci\u00f3n no ser\u00e1 \u00abnormal\u00bb mientras no se despeje la incertidumbre financiera tanto en Estados Unidos como en Europa y se restablezca el normal funcionamiento del cr\u00e9dito. Existen se\u00f1ales claras, como la considerable disminuci\u00f3n de los \u00edndices de volatilidad financiera y de riesgo, que apuntan hacia una menor incertidumbre. Tambi\u00e9n <a class=\"wp-caption-dd\" title=\"Bernanke\" href=\"https:\/\/www.abc.es\/20090603\/economia-economia\/bernanke-augura-final-recesion-200906031914.html\" target=\"_blank\" rel=\"noopener\">Bernanke<\/a>, en su comparecencia ante el Congreso de EE.UU. el pasado 3 de junio, dio a entender que <strong>la crisis financiera est\u00e1 en v\u00edas de soluci\u00f3n<\/strong>, y centr\u00f3 toda su preocupaci\u00f3n en el fuerte crecimiento de la deuda p\u00fablica (ya que se puede superar el 70% del PIB en 2011) y en la necesidad de establecer un compromiso con la sostenibilidad fiscal a largo plazo como condici\u00f3n necesaria para la estabilidad financiera y el crecimiento. Pero <strong>la recuperaci\u00f3n en el resto del mundo ser\u00e1 lenta, suave y con dificultad para absorber el desempleo causado<\/strong> por la crisis. Ser\u00e1 dif\u00edcil que, como sucedi\u00f3 en el periodo 2000-07, Estados Unidos vuelva a absorber el 75% del ahorro mundial para que sus familias se endeuden en siete billones de d\u00f3lares para consumir y contratar pr\u00e9stamos hipotecarios. Queda por saber si los pa\u00edses europeos despejar\u00e1n pronto sus incertidumbres financieras y si China y los pa\u00edses con super\u00e1vit externo mantendr\u00e1n el estimulo de sus econom\u00edas y, as\u00ed, contribuir\u00e1n al reequilibrio de la econom\u00eda mundial.<\/p>\n<p><a href=\"https:\/\/thinkingheads.com\/\" target=\"_blank\" rel=\"noopener\"><\/a>\u00a0\u00a0<\/p>\n<p><strong>M\u00e1s informaci\u00f3n<\/strong> <a href=\"https:\/\/thinkingheads.com\/\" target=\"_blank\" rel=\"noopener\">www.thinkingheads.com<\/a><\/p>\n","protected":false},"excerpt":{"rendered":"<p>Por Alfredo Arahuetes Decano del CC. Econ\u00f3micas y Empresariales de ICADE-Universidad Pontificia de Comillas de Madrid. Conferenciante de<a class=\"moretag\" href=\"https:\/\/empresas.infoempleo.com\/hrtrends\/perfiles-de-una-compleja-recuperacion\/\"> Leer m\u00e1s<\/a><\/p>\n","protected":false},"author":72,"featured_media":29665,"comment_status":"closed","ping_status":"open","sticky":false,"template":"","format":"standard","meta":{"footnotes":""},"categories":[3],"tags":[2753,777,2754,110,2755,423,2756],"class_list":["post-22558","post","type-post","status-publish","format-standard","has-post-thumbnail","hentry","category-actualidad","tag-bernanke","tag-estados-unidos","tag-fondo-monetario-internacional","tag-lehman-brothers","tag-paises-emergentes","tag-recesion","tag-reserva-federal"],"yoast_head":"<!-- This site is optimized with the Yoast SEO plugin v26.1.1 - https:\/\/yoast.com\/wordpress\/plugins\/seo\/ -->\n<title>Perfiles de una compleja recuperaci\u00f3n | HRTRENDS<\/title>\n<meta name=\"robots\" content=\"index, follow, max-snippet:-1, max-image-preview:large, max-video-preview:-1\" \/>\n<link rel=\"canonical\" href=\"https:\/\/empresas.infoempleo.com\/hrtrends\/perfiles-de-una-compleja-recuperacion\/\" \/>\n<meta property=\"og:locale\" content=\"es_ES\" \/>\n<meta property=\"og:type\" content=\"article\" \/>\n<meta property=\"og:title\" content=\"Perfiles de una compleja recuperaci\u00f3n | HRTRENDS\" \/>\n<meta property=\"og:description\" content=\"Por Alfredo Arahuetes Decano del CC. Econ\u00f3micas y Empresariales de ICADE-Universidad Pontificia de Comillas de Madrid. Conferenciante de Leer m\u00e1s\" \/>\n<meta property=\"og:url\" content=\"https:\/\/empresas.infoempleo.com\/hrtrends\/perfiles-de-una-compleja-recuperacion\/\" \/>\n<meta property=\"og:site_name\" content=\"HRTRENDS\" \/>\n<meta property=\"article:publisher\" content=\"https:\/\/www.facebook.com\/Infoempleo\" \/>\n<meta property=\"article:published_time\" content=\"2009-06-22T07:32:25+00:00\" \/>\n<meta property=\"article:modified_time\" content=\"2024-08-29T15:48:19+00:00\" \/>\n<meta property=\"og:image\" content=\"https:\/\/empresas.infoempleo.com\/hrtrends\/media\/2009\/06\/theadsok1.jpg\" \/>\n<meta name=\"author\" content=\"infoempleo\" \/>\n<meta name=\"twitter:card\" content=\"summary_large_image\" \/>\n<meta name=\"twitter:creator\" content=\"@infoempleo\" \/>\n<meta name=\"twitter:site\" content=\"@infoempleo\" \/>\n<meta name=\"twitter:label1\" content=\"Escrito por\" \/>\n\t<meta name=\"twitter:data1\" content=\"infoempleo\" \/>\n\t<meta name=\"twitter:label2\" content=\"Tiempo de lectura\" \/>\n\t<meta name=\"twitter:data2\" content=\"3 minutos\" \/>\n<script type=\"application\/ld+json\" class=\"yoast-schema-graph\">{\"@context\":\"https:\/\/schema.org\",\"@graph\":[{\"@type\":\"NewsArticle\",\"@id\":\"https:\/\/empresas.infoempleo.com\/hrtrends\/perfiles-de-una-compleja-recuperacion\/#article\",\"isPartOf\":{\"@id\":\"https:\/\/empresas.infoempleo.com\/hrtrends\/perfiles-de-una-compleja-recuperacion\/\"},\"author\":{\"name\":\"infoempleo\",\"@id\":\"https:\/\/empresas.infoempleo.com\/hrtrends\/#\/schema\/person\/67d3e276ffcc8b3ae0ebec816daf775a\"},\"headline\":\"Perfiles de una compleja recuperaci\u00f3n\",\"datePublished\":\"2009-06-22T07:32:25+00:00\",\"dateModified\":\"2024-08-29T15:48:19+00:00\",\"mainEntityOfPage\":{\"@id\":\"https:\/\/empresas.infoempleo.com\/hrtrends\/perfiles-de-una-compleja-recuperacion\/\"},\"wordCount\":644,\"publisher\":{\"@id\":\"https:\/\/empresas.infoempleo.com\/hrtrends\/#organization\"},\"image\":{\"@id\":\"https:\/\/empresas.infoempleo.com\/hrtrends\/perfiles-de-una-compleja-recuperacion\/#primaryimage\"},\"thumbnailUrl\":\"https:\/\/empresas.infoempleo.com\/hrtrends\/media\/2017\/05\/pexels-photo-205508.jpg\",\"keywords\":[\"Bernanke\",\"Estados Unidos\",\"Fondo Monetario Internacional\",\"Lehman Brothers\",\"pa\u00edses emergentes\",\"recesi\u00f3n\",\"Reserva Federal\"],\"articleSection\":[\"Actualidad\"],\"inLanguage\":\"es\",\"copyrightYear\":\"2009\",\"copyrightHolder\":{\"@id\":\"https:\/\/empresas.infoempleo.com\/hrtrends\/#organization\"}},{\"@type\":\"WebPage\",\"@id\":\"https:\/\/empresas.infoempleo.com\/hrtrends\/perfiles-de-una-compleja-recuperacion\/\",\"url\":\"https:\/\/empresas.infoempleo.com\/hrtrends\/perfiles-de-una-compleja-recuperacion\/\",\"name\":\"Perfiles de una compleja recuperaci\u00f3n | HRTRENDS\",\"isPartOf\":{\"@id\":\"https:\/\/empresas.infoempleo.com\/hrtrends\/#website\"},\"primaryImageOfPage\":{\"@id\":\"https:\/\/empresas.infoempleo.com\/hrtrends\/perfiles-de-una-compleja-recuperacion\/#primaryimage\"},\"image\":{\"@id\":\"https:\/\/empresas.infoempleo.com\/hrtrends\/perfiles-de-una-compleja-recuperacion\/#primaryimage\"},\"thumbnailUrl\":\"https:\/\/empresas.infoempleo.com\/hrtrends\/media\/2017\/05\/pexels-photo-205508.jpg\",\"datePublished\":\"2009-06-22T07:32:25+00:00\",\"dateModified\":\"2024-08-29T15:48:19+00:00\",\"breadcrumb\":{\"@id\":\"https:\/\/empresas.infoempleo.com\/hrtrends\/perfiles-de-una-compleja-recuperacion\/#breadcrumb\"},\"inLanguage\":\"es\",\"potentialAction\":[{\"@type\":\"ReadAction\",\"target\":[\"https:\/\/empresas.infoempleo.com\/hrtrends\/perfiles-de-una-compleja-recuperacion\/\"]}]},{\"@type\":\"ImageObject\",\"inLanguage\":\"es\",\"@id\":\"https:\/\/empresas.infoempleo.com\/hrtrends\/perfiles-de-una-compleja-recuperacion\/#primaryimage\",\"url\":\"https:\/\/empresas.infoempleo.com\/hrtrends\/media\/2017\/05\/pexels-photo-205508-150x150.jpg\",\"contentUrl\":\"https:\/\/empresas.infoempleo.com\/hrtrends\/media\/2017\/05\/pexels-photo-205508-150x150.jpg\",\"width\":150,\"height\":150},{\"@type\":\"BreadcrumbList\",\"@id\":\"https:\/\/empresas.infoempleo.com\/hrtrends\/perfiles-de-una-compleja-recuperacion\/#breadcrumb\",\"itemListElement\":[{\"@type\":\"ListItem\",\"position\":1,\"name\":\"Portada\",\"item\":\"https:\/\/empresas.infoempleo.com\/hrtrends\/\"},{\"@type\":\"ListItem\",\"position\":2,\"name\":\"Perfiles de una compleja recuperaci\u00f3n\"}]},{\"@type\":\"WebSite\",\"@id\":\"https:\/\/empresas.infoempleo.com\/hrtrends\/#website\",\"url\":\"https:\/\/empresas.infoempleo.com\/hrtrends\",\"name\":\"HRTrends by Infoempleo\",\"description\":\"\",\"publisher\":{\"@id\":\"https:\/\/empresas.infoempleo.com\/hrtrends\/#organization\"},\"potentialAction\":{\"@type\":\"SearchAction\",\"target\":\"https:\/\/empresas.infoempleo.com\/hrtrends\/?s={search_term_string}\",\"query-input\":\"required name=search_term_string\"},\"inLanguage\":\"es\"},{\"@type\":\"Organization\",\"@id\":\"https:\/\/empresas.infoempleo.com\/hrtrends\/#organization\",\"name\":\"Infoempleo\",\"url\":\"https:\/\/www.infoempleo.com\/\",\"logo\":{\"@type\":\"ImageObject\",\"@id\":\"https:\/\/empresas.infoempleo.com\/hrtrends\/#logo\",\"inLanguage\":\"es\",\"url\":\"https:\/\/cdnazure.infoempleo.com\/infoempleo\/assets\/style\/gfx\/logo.svg\",\"contentUrl\":\"https:\/\/cdnazure.infoempleo.com\/infoempleo\/assets\/style\/gfx\/logo.svg\",\"width\":150,\"height\":40,\"caption\":\"Infoempleo\"},\"image\":{\"@id\":\"https:\/\/empresas.infoempleo.com\/hrtrends\/#logo\"},\"sameAs\":[\"https:\/\/www.facebook.com\/Infoempleo\",\"https:\/\/x.com\/infoempleo\",\"http:\/\/instagram.com\/infoempleo\/\",\"http:\/\/www.linkedin.com\/groups\/Empleo-Espa\u00f1a-Infoempleocom-111276\",\"http:\/\/pinterest.com\/infoempleo\/\"],\"address\":{\"@type\":\"PostalAddress\",\"addressLocality\":\"Madrid\",\"postalCode\":\"28050\",\"streetAddress\":\"Avenida de Burgos 114\"},\"brand\":[\"Infoempleo\"]},{\"@type\":\"Person\",\"@id\":\"https:\/\/empresas.infoempleo.com\/hrtrends\/#\/schema\/person\/67d3e276ffcc8b3ae0ebec816daf775a\",\"name\":\"infoempleo\",\"image\":{\"@type\":\"ImageObject\",\"inLanguage\":\"es\",\"@id\":\"https:\/\/empresas.infoempleo.com\/hrtrends\/#\/schema\/person\/image\/\",\"url\":\"https:\/\/secure.gravatar.com\/avatar\/7b437777242fe67d2473c2a818da2344692d1ee91e91080ccffbd97bcd4a0975?s=96&d=mm&r=g\",\"contentUrl\":\"https:\/\/secure.gravatar.com\/avatar\/7b437777242fe67d2473c2a818da2344692d1ee91e91080ccffbd97bcd4a0975?s=96&d=mm&r=g\",\"caption\":\"infoempleo\"},\"url\":\"https:\/\/empresas.infoempleo.com\/hrtrends\/author\/infoempleo\/\"}]}<\/script>\n<!-- \/ Yoast SEO plugin. -->","yoast_head_json":{"title":"Perfiles de una compleja recuperaci\u00f3n | HRTRENDS","robots":{"index":"index","follow":"follow","max-snippet":"max-snippet:-1","max-image-preview":"max-image-preview:large","max-video-preview":"max-video-preview:-1"},"canonical":"https:\/\/empresas.infoempleo.com\/hrtrends\/perfiles-de-una-compleja-recuperacion\/","og_locale":"es_ES","og_type":"article","og_title":"Perfiles de una compleja recuperaci\u00f3n | HRTRENDS","og_description":"Por Alfredo Arahuetes Decano del CC. Econ\u00f3micas y Empresariales de ICADE-Universidad Pontificia de Comillas de Madrid. Conferenciante de Leer m\u00e1s","og_url":"https:\/\/empresas.infoempleo.com\/hrtrends\/perfiles-de-una-compleja-recuperacion\/","og_site_name":"HRTRENDS","article_publisher":"https:\/\/www.facebook.com\/Infoempleo","article_published_time":"2009-06-22T07:32:25+00:00","article_modified_time":"2024-08-29T15:48:19+00:00","og_image":[{"url":"https:\/\/empresas.infoempleo.com\/hrtrends\/media\/2009\/06\/theadsok1.jpg","type":"","width":"","height":""}],"author":"infoempleo","twitter_card":"summary_large_image","twitter_creator":"@infoempleo","twitter_site":"@infoempleo","twitter_misc":{"Escrito por":"infoempleo","Tiempo de lectura":"3 minutos"},"schema":{"@context":"https:\/\/schema.org","@graph":[{"@type":"NewsArticle","@id":"https:\/\/empresas.infoempleo.com\/hrtrends\/perfiles-de-una-compleja-recuperacion\/#article","isPartOf":{"@id":"https:\/\/empresas.infoempleo.com\/hrtrends\/perfiles-de-una-compleja-recuperacion\/"},"author":{"name":"infoempleo","@id":"https:\/\/empresas.infoempleo.com\/hrtrends\/#\/schema\/person\/67d3e276ffcc8b3ae0ebec816daf775a"},"headline":"Perfiles de una compleja recuperaci\u00f3n","datePublished":"2009-06-22T07:32:25+00:00","dateModified":"2024-08-29T15:48:19+00:00","mainEntityOfPage":{"@id":"https:\/\/empresas.infoempleo.com\/hrtrends\/perfiles-de-una-compleja-recuperacion\/"},"wordCount":644,"publisher":{"@id":"https:\/\/empresas.infoempleo.com\/hrtrends\/#organization"},"image":{"@id":"https:\/\/empresas.infoempleo.com\/hrtrends\/perfiles-de-una-compleja-recuperacion\/#primaryimage"},"thumbnailUrl":"https:\/\/empresas.infoempleo.com\/hrtrends\/media\/2017\/05\/pexels-photo-205508.jpg","keywords":["Bernanke","Estados Unidos","Fondo Monetario Internacional","Lehman Brothers","pa\u00edses emergentes","recesi\u00f3n","Reserva Federal"],"articleSection":["Actualidad"],"inLanguage":"es","copyrightYear":"2009","copyrightHolder":{"@id":"https:\/\/empresas.infoempleo.com\/hrtrends\/#organization"}},{"@type":"WebPage","@id":"https:\/\/empresas.infoempleo.com\/hrtrends\/perfiles-de-una-compleja-recuperacion\/","url":"https:\/\/empresas.infoempleo.com\/hrtrends\/perfiles-de-una-compleja-recuperacion\/","name":"Perfiles de una compleja recuperaci\u00f3n | HRTRENDS","isPartOf":{"@id":"https:\/\/empresas.infoempleo.com\/hrtrends\/#website"},"primaryImageOfPage":{"@id":"https:\/\/empresas.infoempleo.com\/hrtrends\/perfiles-de-una-compleja-recuperacion\/#primaryimage"},"image":{"@id":"https:\/\/empresas.infoempleo.com\/hrtrends\/perfiles-de-una-compleja-recuperacion\/#primaryimage"},"thumbnailUrl":"https:\/\/empresas.infoempleo.com\/hrtrends\/media\/2017\/05\/pexels-photo-205508.jpg","datePublished":"2009-06-22T07:32:25+00:00","dateModified":"2024-08-29T15:48:19+00:00","breadcrumb":{"@id":"https:\/\/empresas.infoempleo.com\/hrtrends\/perfiles-de-una-compleja-recuperacion\/#breadcrumb"},"inLanguage":"es","potentialAction":[{"@type":"ReadAction","target":["https:\/\/empresas.infoempleo.com\/hrtrends\/perfiles-de-una-compleja-recuperacion\/"]}]},{"@type":"ImageObject","inLanguage":"es","@id":"https:\/\/empresas.infoempleo.com\/hrtrends\/perfiles-de-una-compleja-recuperacion\/#primaryimage","url":"https:\/\/empresas.infoempleo.com\/hrtrends\/media\/2017\/05\/pexels-photo-205508-150x150.jpg","contentUrl":"https:\/\/empresas.infoempleo.com\/hrtrends\/media\/2017\/05\/pexels-photo-205508-150x150.jpg","width":150,"height":150},{"@type":"BreadcrumbList","@id":"https:\/\/empresas.infoempleo.com\/hrtrends\/perfiles-de-una-compleja-recuperacion\/#breadcrumb","itemListElement":[{"@type":"ListItem","position":1,"name":"Portada","item":"https:\/\/empresas.infoempleo.com\/hrtrends\/"},{"@type":"ListItem","position":2,"name":"Perfiles de una compleja recuperaci\u00f3n"}]},{"@type":"WebSite","@id":"https:\/\/empresas.infoempleo.com\/hrtrends\/#website","url":"https:\/\/empresas.infoempleo.com\/hrtrends","name":"HRTrends by Infoempleo","description":"","publisher":{"@id":"https:\/\/empresas.infoempleo.com\/hrtrends\/#organization"},"potentialAction":{"@type":"SearchAction","target":"https:\/\/empresas.infoempleo.com\/hrtrends\/?s={search_term_string}","query-input":"required name=search_term_string"},"inLanguage":"es"},{"@type":"Organization","@id":"https:\/\/empresas.infoempleo.com\/hrtrends\/#organization","name":"Infoempleo","url":"https:\/\/www.infoempleo.com\/","logo":{"@type":"ImageObject","@id":"https:\/\/empresas.infoempleo.com\/hrtrends\/#logo","inLanguage":"es","url":"https:\/\/cdnazure.infoempleo.com\/infoempleo\/assets\/style\/gfx\/logo.svg","contentUrl":"https:\/\/cdnazure.infoempleo.com\/infoempleo\/assets\/style\/gfx\/logo.svg","width":150,"height":40,"caption":"Infoempleo"},"image":{"@id":"https:\/\/empresas.infoempleo.com\/hrtrends\/#logo"},"sameAs":["https:\/\/www.facebook.com\/Infoempleo","https:\/\/x.com\/infoempleo","http:\/\/instagram.com\/infoempleo\/","http:\/\/www.linkedin.com\/groups\/Empleo-Espa\u00f1a-Infoempleocom-111276","http:\/\/pinterest.com\/infoempleo\/"],"address":{"@type":"PostalAddress","addressLocality":"Madrid","postalCode":"28050","streetAddress":"Avenida de Burgos 114"},"brand":["Infoempleo"]},{"@type":"Person","@id":"https:\/\/empresas.infoempleo.com\/hrtrends\/#\/schema\/person\/67d3e276ffcc8b3ae0ebec816daf775a","name":"infoempleo","image":{"@type":"ImageObject","inLanguage":"es","@id":"https:\/\/empresas.infoempleo.com\/hrtrends\/#\/schema\/person\/image\/","url":"https:\/\/secure.gravatar.com\/avatar\/7b437777242fe67d2473c2a818da2344692d1ee91e91080ccffbd97bcd4a0975?s=96&d=mm&r=g","contentUrl":"https:\/\/secure.gravatar.com\/avatar\/7b437777242fe67d2473c2a818da2344692d1ee91e91080ccffbd97bcd4a0975?s=96&d=mm&r=g","caption":"infoempleo"},"url":"https:\/\/empresas.infoempleo.com\/hrtrends\/author\/infoempleo\/"}]}},"amp_enabled":true,"_links":{"self":[{"href":"https:\/\/empresas.infoempleo.com\/hrtrends\/wp-json\/wp\/v2\/posts\/22558","targetHints":{"allow":["GET"]}}],"collection":[{"href":"https:\/\/empresas.infoempleo.com\/hrtrends\/wp-json\/wp\/v2\/posts"}],"about":[{"href":"https:\/\/empresas.infoempleo.com\/hrtrends\/wp-json\/wp\/v2\/types\/post"}],"author":[{"embeddable":true,"href":"https:\/\/empresas.infoempleo.com\/hrtrends\/wp-json\/wp\/v2\/users\/72"}],"replies":[{"embeddable":true,"href":"https:\/\/empresas.infoempleo.com\/hrtrends\/wp-json\/wp\/v2\/comments?post=22558"}],"version-history":[{"count":3,"href":"https:\/\/empresas.infoempleo.com\/hrtrends\/wp-json\/wp\/v2\/posts\/22558\/revisions"}],"predecessor-version":[{"id":45269,"href":"https:\/\/empresas.infoempleo.com\/hrtrends\/wp-json\/wp\/v2\/posts\/22558\/revisions\/45269"}],"wp:featuredmedia":[{"embeddable":true,"href":"https:\/\/empresas.infoempleo.com\/hrtrends\/wp-json\/wp\/v2\/media\/29665"}],"wp:attachment":[{"href":"https:\/\/empresas.infoempleo.com\/hrtrends\/wp-json\/wp\/v2\/media?parent=22558"}],"wp:term":[{"taxonomy":"category","embeddable":true,"href":"https:\/\/empresas.infoempleo.com\/hrtrends\/wp-json\/wp\/v2\/categories?post=22558"},{"taxonomy":"post_tag","embeddable":true,"href":"https:\/\/empresas.infoempleo.com\/hrtrends\/wp-json\/wp\/v2\/tags?post=22558"}],"curies":[{"name":"wp","href":"https:\/\/api.w.org\/{rel}","templated":true}]}}