{"id":22532,"date":"2008-11-17T13:11:13","date_gmt":"2008-11-17T12:11:13","guid":{"rendered":"http:\/\/blog.infoempleo.com\/?p=254"},"modified":"2022-10-13T16:46:06","modified_gmt":"2022-10-13T14:46:06","slug":"cuando-el-liderazgo-es-cuestion-de-superpoderes","status":"publish","type":"post","link":"https:\/\/empresas.infoempleo.com\/hrtrends\/cuando-el-liderazgo-es-cuestion-de-superpoderes\/","title":{"rendered":"Cuando el liderazgo es cuesti\u00f3n de superpoderes"},"content":{"rendered":"<p>Siempre me han fascinado los cuentos de pr\u00edncipes y princesas, historias que nos evocan mundos de fantas\u00eda donde todo siempre acaba bien, poniendo en valor los atributos de unos personajes que nos recuerdan que hay otros mundos y sue\u00f1os que alcanzar. Sue\u00f1os llenos de esperanza y de ilusi\u00f3n en un mundo mejor, anhelos de encontrar el amor para toda la vida, h\u00e1bitos y valores que vencen cada d\u00eda al mal para hacer de \u00e9ste un mundo donde reine el bien.<\/p>\n<p>Con el paso del tiempo crecemos y olvidamos el poder de la magia que estos cuentos obraban en nosotros, <strong>el d\u00eda a d\u00eda nos sumerge en nuevas realidades que nos hacen perder la esperanza en el poder de nuestras acciones<\/strong> y, sin darnos cuenta, el ni\u00f1o que habitaba en nosotros va desapareciendo. Los medios de comunicaci\u00f3n, las conversaciones, los mensajes que recibimos, nos trasladan a situaciones econ\u00f3micas complicadas. Cada uno de esos mensajes nos va diciendo: \u00abCuidado, viene la crisis, reduce gastos, plantilla&#8230;\u00bb Y es aqu\u00ed, en las situaciones complejas donde renacen los l\u00edderes de verdad. <strong>L\u00edderes que, como Superman, tienen una visi\u00f3n clara, saben a d\u00f3nde quieren ir y tienen la capacidad de analizar la situaci\u00f3n con perspectiva.<\/strong> L\u00edderes que descubren\u00a0que tienen superpoderes cuando son capaces de cambiar el rumbo de las organizaciones apostando por un nuevo futuro. S\u00ed, lo s\u00e9, no podemos volar, pero s\u00ed recordar que Superman nos ense\u00f1\u00f3 cosas como la capacidad de visi\u00f3n, la fortaleza, la constancia, la importancia de la familia y del amor y, ante todo, la importancia de tener una meta clara para\u00a0construir un mundo mejor.<\/p>\n<p>Pero, \u00bfqu\u00e9 pasa con Spiderman? Este personaje me fascina: desde el anonimato, desde la normalidad, adquiere por casualidad superpoderes. Sin embargo, debe aprender, mejorar, crearse una nueva personalidad y buscar un fin, y lo hace, entren\u00e1ndose para mejorar sus habilidades; esforz\u00e1ndose por conocer sus fortalezas.<\/p>\n<p>Pero esto no es todo: nos queda Batman. \u00bfQu\u00e9 ser\u00eda de Batman sin Robin, sin su mayordomo, es decir, sin su equipo? \u00bfQu\u00e9 ser\u00eda de este superh\u00e9roe sin su coche y su gruta? <strong>Batman nos demuestra que los superpoderes existen, pero que hay que creer en el equipo, saber ense\u00f1ar a las personas de nuestras organizaciones a convertirse en personas mejores mediante nuestro ejemplo<\/strong>, aprovechando los recursos al igual que \u00e9l lo hace, transmitiendo el optimismo necesario con cada acci\u00f3n y cuidando el entorno. Al fin y al cabo como dice John Garder, <strong>\u00abla vida es el arte de dibujar, sin disponer de una goma\u00bb. As\u00ed que dibujemos, so\u00f1emos.<\/strong> Yo quiero un poco de superpoderes, la visi\u00f3n, la fortaleza y la constancia de Superman; quiero la capacidad de aprendizaje y de superaci\u00f3n de Spiderman y quiero hacerlo con mi equipo como hace Batman. Porque los superpoderes no son algo que se escribe en los c\u00f3mics ni en los cuentos, los superpoderes existen dentro de cada uno de nosotros si somos conscientes del valor que\u00a0podemos aportar, si como ellos cada d\u00eda intentamos avanzar y hacer de \u00e9ste un mundo\u00a0mejor. <strong>Porque s\u00ed, puede que haya crisis, pero como dice esta palabra en chino, crisis es igual a oportunidad.<\/strong> Oportunidad de innovar, de mejorar, de crecer. Tagore ya lo dijo: \u00abSi lloras por no poder ver el sol, las l\u00e1grimas te impedir\u00e1n ver las estrellas\u00bb.<\/p>\n<p>Evoquemos al ni\u00f1o que somos, poniendo emoci\u00f3n e ilusi\u00f3n en nuestros proyectos, que la sonrisa y el optimismo gu\u00ede nuestras vidas, planifiquemos y creemos expectativas que llenen de esperanza a nuestros equipos y s\u00ed, seguro que a veces nos equivocamos, pero el arte de vencer se aprende en las derrotas.<\/p>\n<p>Sabemos que no somos infalibles, nuestros superh\u00e9roes tambi\u00e9n tienen debilidades, pero lo vuelven a intentar. Se esfuerzan con ese \u00abamor loco\u00bb que no tiene edad y que nos da la certeza cada d\u00eda de que, al igual que en cuentos y leyendas, son nuestras acciones\u00a0las que determinan el final de cada historia; nosotros escribimos la nuestra. \u00bfY t\u00fa, qu\u00e9 final quieres? \u00a1Pues a por ello! que \u00abel tiempo no es oro, es vida\u00bb (J.L. Sanpedro).<\/p>\n<p><strong>Por Nekane Rodr\u00edguez<\/strong><\/p>\n<p><strong>Directora General de Creade Adecco Human Capital Solutions<\/strong><\/p>\n<p><strong>Para m\u00e1s informaci\u00f3n:<\/strong> <a href=\"https:\/\/thinkingheads.com\/\" target=\"_blank\" rel=\"noopener\"><strong><span style=\"color: #e72a85\">https:\/\/thinkingheads.com\/<\/span><\/strong><\/a><\/p>\n","protected":false},"excerpt":{"rendered":"<p>Siempre me han fascinado los cuentos de pr\u00edncipes y princesas, historias que nos evocan mundos de fantas\u00eda donde<a class=\"moretag\" href=\"https:\/\/empresas.infoempleo.com\/hrtrends\/cuando-el-liderazgo-es-cuestion-de-superpoderes\/\"> Leer m\u00e1s<\/a><\/p>\n","protected":false},"author":72,"featured_media":29665,"comment_status":"closed","ping_status":"open","sticky":false,"template":"","format":"standard","meta":{"footnotes":""},"categories":[3],"tags":[48,2719,21,2720,2721,5],"class_list":["post-22532","post","type-post","status-publish","format-standard","has-post-thumbnail","hentry","category-actualidad","tag-crisis","tag-ilusion","tag-liderazgo","tag-suenos","tag-superpoderes","tag-trabajo-en-equipo"],"yoast_head":"<!-- This site is optimized with the Yoast SEO plugin v26.1.1 - https:\/\/yoast.com\/wordpress\/plugins\/seo\/ -->\n<title>Cuando el liderazgo es cuesti\u00f3n de superpoderes | HRTRENDS<\/title>\n<meta name=\"robots\" content=\"index, follow, max-snippet:-1, max-image-preview:large, max-video-preview:-1\" \/>\n<link rel=\"canonical\" href=\"https:\/\/empresas.infoempleo.com\/hrtrends\/cuando-el-liderazgo-es-cuestion-de-superpoderes\/\" \/>\n<meta property=\"og:locale\" content=\"es_ES\" \/>\n<meta property=\"og:type\" content=\"article\" \/>\n<meta property=\"og:title\" content=\"Cuando el liderazgo es cuesti\u00f3n de superpoderes | HRTRENDS\" \/>\n<meta property=\"og:description\" content=\"Siempre me han fascinado los cuentos de pr\u00edncipes y princesas, historias que nos evocan mundos de fantas\u00eda donde Leer m\u00e1s\" \/>\n<meta property=\"og:url\" content=\"https:\/\/empresas.infoempleo.com\/hrtrends\/cuando-el-liderazgo-es-cuestion-de-superpoderes\/\" \/>\n<meta property=\"og:site_name\" content=\"HRTRENDS\" \/>\n<meta property=\"article:publisher\" content=\"https:\/\/www.facebook.com\/Infoempleo\" \/>\n<meta property=\"article:published_time\" content=\"2008-11-17T12:11:13+00:00\" \/>\n<meta property=\"article:modified_time\" content=\"2022-10-13T14:46:06+00:00\" \/>\n<meta property=\"og:image\" content=\"https:\/\/empresas.infoempleo.com\/hrtrends\/media\/2017\/05\/pexels-photo-205508.jpg\" \/>\n\t<meta property=\"og:image:width\" content=\"1280\" \/>\n\t<meta property=\"og:image:height\" content=\"960\" \/>\n\t<meta property=\"og:image:type\" content=\"image\/jpeg\" \/>\n<meta name=\"author\" content=\"infoempleo\" \/>\n<meta name=\"twitter:card\" content=\"summary_large_image\" \/>\n<meta name=\"twitter:creator\" content=\"@infoempleo\" \/>\n<meta name=\"twitter:site\" content=\"@infoempleo\" \/>\n<meta name=\"twitter:label1\" content=\"Escrito por\" \/>\n\t<meta name=\"twitter:data1\" content=\"infoempleo\" \/>\n\t<meta name=\"twitter:label2\" content=\"Tiempo de lectura\" \/>\n\t<meta name=\"twitter:data2\" content=\"4 minutos\" \/>\n<script type=\"application\/ld+json\" class=\"yoast-schema-graph\">{\"@context\":\"https:\/\/schema.org\",\"@graph\":[{\"@type\":\"NewsArticle\",\"@id\":\"https:\/\/empresas.infoempleo.com\/hrtrends\/cuando-el-liderazgo-es-cuestion-de-superpoderes\/#article\",\"isPartOf\":{\"@id\":\"https:\/\/empresas.infoempleo.com\/hrtrends\/cuando-el-liderazgo-es-cuestion-de-superpoderes\/\"},\"author\":{\"name\":\"infoempleo\",\"@id\":\"https:\/\/empresas.infoempleo.com\/hrtrends\/#\/schema\/person\/67d3e276ffcc8b3ae0ebec816daf775a\"},\"headline\":\"Cuando el liderazgo es cuesti\u00f3n de superpoderes\",\"datePublished\":\"2008-11-17T12:11:13+00:00\",\"dateModified\":\"2022-10-13T14:46:06+00:00\",\"mainEntityOfPage\":{\"@id\":\"https:\/\/empresas.infoempleo.com\/hrtrends\/cuando-el-liderazgo-es-cuestion-de-superpoderes\/\"},\"wordCount\":740,\"publisher\":{\"@id\":\"https:\/\/empresas.infoempleo.com\/hrtrends\/#organization\"},\"image\":{\"@id\":\"https:\/\/empresas.infoempleo.com\/hrtrends\/cuando-el-liderazgo-es-cuestion-de-superpoderes\/#primaryimage\"},\"thumbnailUrl\":\"https:\/\/empresas.infoempleo.com\/hrtrends\/media\/2017\/05\/pexels-photo-205508.jpg\",\"keywords\":[\"Crisis\",\"ilusi\u00f3n\",\"liderazgo\",\"sue\u00f1os\",\"superpoderes\",\"trabajo en equipo\"],\"articleSection\":[\"Actualidad\"],\"inLanguage\":\"es\",\"copyrightYear\":\"2008\",\"copyrightHolder\":{\"@id\":\"https:\/\/empresas.infoempleo.com\/hrtrends\/#organization\"}},{\"@type\":\"WebPage\",\"@id\":\"https:\/\/empresas.infoempleo.com\/hrtrends\/cuando-el-liderazgo-es-cuestion-de-superpoderes\/\",\"url\":\"https:\/\/empresas.infoempleo.com\/hrtrends\/cuando-el-liderazgo-es-cuestion-de-superpoderes\/\",\"name\":\"Cuando el liderazgo es cuesti\u00f3n de superpoderes | HRTRENDS\",\"isPartOf\":{\"@id\":\"https:\/\/empresas.infoempleo.com\/hrtrends\/#website\"},\"primaryImageOfPage\":{\"@id\":\"https:\/\/empresas.infoempleo.com\/hrtrends\/cuando-el-liderazgo-es-cuestion-de-superpoderes\/#primaryimage\"},\"image\":{\"@id\":\"https:\/\/empresas.infoempleo.com\/hrtrends\/cuando-el-liderazgo-es-cuestion-de-superpoderes\/#primaryimage\"},\"thumbnailUrl\":\"https:\/\/empresas.infoempleo.com\/hrtrends\/media\/2017\/05\/pexels-photo-205508.jpg\",\"datePublished\":\"2008-11-17T12:11:13+00:00\",\"dateModified\":\"2022-10-13T14:46:06+00:00\",\"breadcrumb\":{\"@id\":\"https:\/\/empresas.infoempleo.com\/hrtrends\/cuando-el-liderazgo-es-cuestion-de-superpoderes\/#breadcrumb\"},\"inLanguage\":\"es\",\"potentialAction\":[{\"@type\":\"ReadAction\",\"target\":[\"https:\/\/empresas.infoempleo.com\/hrtrends\/cuando-el-liderazgo-es-cuestion-de-superpoderes\/\"]}]},{\"@type\":\"ImageObject\",\"inLanguage\":\"es\",\"@id\":\"https:\/\/empresas.infoempleo.com\/hrtrends\/cuando-el-liderazgo-es-cuestion-de-superpoderes\/#primaryimage\",\"url\":\"https:\/\/empresas.infoempleo.com\/hrtrends\/media\/2017\/05\/pexels-photo-205508-150x150.jpg\",\"contentUrl\":\"https:\/\/empresas.infoempleo.com\/hrtrends\/media\/2017\/05\/pexels-photo-205508-150x150.jpg\",\"width\":150,\"height\":150},{\"@type\":\"BreadcrumbList\",\"@id\":\"https:\/\/empresas.infoempleo.com\/hrtrends\/cuando-el-liderazgo-es-cuestion-de-superpoderes\/#breadcrumb\",\"itemListElement\":[{\"@type\":\"ListItem\",\"position\":1,\"name\":\"Portada\",\"item\":\"https:\/\/empresas.infoempleo.com\/hrtrends\/\"},{\"@type\":\"ListItem\",\"position\":2,\"name\":\"Cuando el liderazgo es cuesti\u00f3n de superpoderes\"}]},{\"@type\":\"WebSite\",\"@id\":\"https:\/\/empresas.infoempleo.com\/hrtrends\/#website\",\"url\":\"https:\/\/empresas.infoempleo.com\/hrtrends\",\"name\":\"HRTrends by Infoempleo\",\"description\":\"\",\"publisher\":{\"@id\":\"https:\/\/empresas.infoempleo.com\/hrtrends\/#organization\"},\"potentialAction\":{\"@type\":\"SearchAction\",\"target\":\"https:\/\/empresas.infoempleo.com\/hrtrends\/?s={search_term_string}\",\"query-input\":\"required name=search_term_string\"},\"inLanguage\":\"es\"},{\"@type\":\"Organization\",\"@id\":\"https:\/\/empresas.infoempleo.com\/hrtrends\/#organization\",\"name\":\"Infoempleo\",\"url\":\"https:\/\/www.infoempleo.com\/\",\"logo\":{\"@type\":\"ImageObject\",\"@id\":\"https:\/\/empresas.infoempleo.com\/hrtrends\/#logo\",\"inLanguage\":\"es\",\"url\":\"https:\/\/cdnazure.infoempleo.com\/infoempleo\/assets\/style\/gfx\/logo.svg\",\"contentUrl\":\"https:\/\/cdnazure.infoempleo.com\/infoempleo\/assets\/style\/gfx\/logo.svg\",\"width\":150,\"height\":40,\"caption\":\"Infoempleo\"},\"image\":{\"@id\":\"https:\/\/empresas.infoempleo.com\/hrtrends\/#logo\"},\"sameAs\":[\"https:\/\/www.facebook.com\/Infoempleo\",\"https:\/\/x.com\/infoempleo\",\"http:\/\/instagram.com\/infoempleo\/\",\"http:\/\/www.linkedin.com\/groups\/Empleo-Espa\u00f1a-Infoempleocom-111276\",\"http:\/\/pinterest.com\/infoempleo\/\"],\"address\":{\"@type\":\"PostalAddress\",\"addressLocality\":\"Madrid\",\"postalCode\":\"28050\",\"streetAddress\":\"Avenida de Burgos 114\"},\"brand\":[\"Infoempleo\"]},{\"@type\":\"Person\",\"@id\":\"https:\/\/empresas.infoempleo.com\/hrtrends\/#\/schema\/person\/67d3e276ffcc8b3ae0ebec816daf775a\",\"name\":\"infoempleo\",\"image\":{\"@type\":\"ImageObject\",\"inLanguage\":\"es\",\"@id\":\"https:\/\/empresas.infoempleo.com\/hrtrends\/#\/schema\/person\/image\/\",\"url\":\"https:\/\/secure.gravatar.com\/avatar\/7b437777242fe67d2473c2a818da2344692d1ee91e91080ccffbd97bcd4a0975?s=96&d=mm&r=g\",\"contentUrl\":\"https:\/\/secure.gravatar.com\/avatar\/7b437777242fe67d2473c2a818da2344692d1ee91e91080ccffbd97bcd4a0975?s=96&d=mm&r=g\",\"caption\":\"infoempleo\"},\"url\":\"https:\/\/empresas.infoempleo.com\/hrtrends\/author\/infoempleo\/\"}]}<\/script>\n<!-- \/ Yoast SEO plugin. -->","yoast_head_json":{"title":"Cuando el liderazgo es cuesti\u00f3n de superpoderes | HRTRENDS","robots":{"index":"index","follow":"follow","max-snippet":"max-snippet:-1","max-image-preview":"max-image-preview:large","max-video-preview":"max-video-preview:-1"},"canonical":"https:\/\/empresas.infoempleo.com\/hrtrends\/cuando-el-liderazgo-es-cuestion-de-superpoderes\/","og_locale":"es_ES","og_type":"article","og_title":"Cuando el liderazgo es cuesti\u00f3n de superpoderes | HRTRENDS","og_description":"Siempre me han fascinado los cuentos de pr\u00edncipes y princesas, historias que nos evocan mundos de fantas\u00eda donde Leer m\u00e1s","og_url":"https:\/\/empresas.infoempleo.com\/hrtrends\/cuando-el-liderazgo-es-cuestion-de-superpoderes\/","og_site_name":"HRTRENDS","article_publisher":"https:\/\/www.facebook.com\/Infoempleo","article_published_time":"2008-11-17T12:11:13+00:00","article_modified_time":"2022-10-13T14:46:06+00:00","og_image":[{"width":1280,"height":960,"url":"https:\/\/empresas.infoempleo.com\/hrtrends\/media\/2017\/05\/pexels-photo-205508.jpg","type":"image\/jpeg"}],"author":"infoempleo","twitter_card":"summary_large_image","twitter_creator":"@infoempleo","twitter_site":"@infoempleo","twitter_misc":{"Escrito por":"infoempleo","Tiempo de lectura":"4 minutos"},"schema":{"@context":"https:\/\/schema.org","@graph":[{"@type":"NewsArticle","@id":"https:\/\/empresas.infoempleo.com\/hrtrends\/cuando-el-liderazgo-es-cuestion-de-superpoderes\/#article","isPartOf":{"@id":"https:\/\/empresas.infoempleo.com\/hrtrends\/cuando-el-liderazgo-es-cuestion-de-superpoderes\/"},"author":{"name":"infoempleo","@id":"https:\/\/empresas.infoempleo.com\/hrtrends\/#\/schema\/person\/67d3e276ffcc8b3ae0ebec816daf775a"},"headline":"Cuando el liderazgo es cuesti\u00f3n de superpoderes","datePublished":"2008-11-17T12:11:13+00:00","dateModified":"2022-10-13T14:46:06+00:00","mainEntityOfPage":{"@id":"https:\/\/empresas.infoempleo.com\/hrtrends\/cuando-el-liderazgo-es-cuestion-de-superpoderes\/"},"wordCount":740,"publisher":{"@id":"https:\/\/empresas.infoempleo.com\/hrtrends\/#organization"},"image":{"@id":"https:\/\/empresas.infoempleo.com\/hrtrends\/cuando-el-liderazgo-es-cuestion-de-superpoderes\/#primaryimage"},"thumbnailUrl":"https:\/\/empresas.infoempleo.com\/hrtrends\/media\/2017\/05\/pexels-photo-205508.jpg","keywords":["Crisis","ilusi\u00f3n","liderazgo","sue\u00f1os","superpoderes","trabajo en equipo"],"articleSection":["Actualidad"],"inLanguage":"es","copyrightYear":"2008","copyrightHolder":{"@id":"https:\/\/empresas.infoempleo.com\/hrtrends\/#organization"}},{"@type":"WebPage","@id":"https:\/\/empresas.infoempleo.com\/hrtrends\/cuando-el-liderazgo-es-cuestion-de-superpoderes\/","url":"https:\/\/empresas.infoempleo.com\/hrtrends\/cuando-el-liderazgo-es-cuestion-de-superpoderes\/","name":"Cuando el liderazgo es cuesti\u00f3n de superpoderes | HRTRENDS","isPartOf":{"@id":"https:\/\/empresas.infoempleo.com\/hrtrends\/#website"},"primaryImageOfPage":{"@id":"https:\/\/empresas.infoempleo.com\/hrtrends\/cuando-el-liderazgo-es-cuestion-de-superpoderes\/#primaryimage"},"image":{"@id":"https:\/\/empresas.infoempleo.com\/hrtrends\/cuando-el-liderazgo-es-cuestion-de-superpoderes\/#primaryimage"},"thumbnailUrl":"https:\/\/empresas.infoempleo.com\/hrtrends\/media\/2017\/05\/pexels-photo-205508.jpg","datePublished":"2008-11-17T12:11:13+00:00","dateModified":"2022-10-13T14:46:06+00:00","breadcrumb":{"@id":"https:\/\/empresas.infoempleo.com\/hrtrends\/cuando-el-liderazgo-es-cuestion-de-superpoderes\/#breadcrumb"},"inLanguage":"es","potentialAction":[{"@type":"ReadAction","target":["https:\/\/empresas.infoempleo.com\/hrtrends\/cuando-el-liderazgo-es-cuestion-de-superpoderes\/"]}]},{"@type":"ImageObject","inLanguage":"es","@id":"https:\/\/empresas.infoempleo.com\/hrtrends\/cuando-el-liderazgo-es-cuestion-de-superpoderes\/#primaryimage","url":"https:\/\/empresas.infoempleo.com\/hrtrends\/media\/2017\/05\/pexels-photo-205508-150x150.jpg","contentUrl":"https:\/\/empresas.infoempleo.com\/hrtrends\/media\/2017\/05\/pexels-photo-205508-150x150.jpg","width":150,"height":150},{"@type":"BreadcrumbList","@id":"https:\/\/empresas.infoempleo.com\/hrtrends\/cuando-el-liderazgo-es-cuestion-de-superpoderes\/#breadcrumb","itemListElement":[{"@type":"ListItem","position":1,"name":"Portada","item":"https:\/\/empresas.infoempleo.com\/hrtrends\/"},{"@type":"ListItem","position":2,"name":"Cuando el liderazgo es cuesti\u00f3n de superpoderes"}]},{"@type":"WebSite","@id":"https:\/\/empresas.infoempleo.com\/hrtrends\/#website","url":"https:\/\/empresas.infoempleo.com\/hrtrends","name":"HRTrends by Infoempleo","description":"","publisher":{"@id":"https:\/\/empresas.infoempleo.com\/hrtrends\/#organization"},"potentialAction":{"@type":"SearchAction","target":"https:\/\/empresas.infoempleo.com\/hrtrends\/?s={search_term_string}","query-input":"required name=search_term_string"},"inLanguage":"es"},{"@type":"Organization","@id":"https:\/\/empresas.infoempleo.com\/hrtrends\/#organization","name":"Infoempleo","url":"https:\/\/www.infoempleo.com\/","logo":{"@type":"ImageObject","@id":"https:\/\/empresas.infoempleo.com\/hrtrends\/#logo","inLanguage":"es","url":"https:\/\/cdnazure.infoempleo.com\/infoempleo\/assets\/style\/gfx\/logo.svg","contentUrl":"https:\/\/cdnazure.infoempleo.com\/infoempleo\/assets\/style\/gfx\/logo.svg","width":150,"height":40,"caption":"Infoempleo"},"image":{"@id":"https:\/\/empresas.infoempleo.com\/hrtrends\/#logo"},"sameAs":["https:\/\/www.facebook.com\/Infoempleo","https:\/\/x.com\/infoempleo","http:\/\/instagram.com\/infoempleo\/","http:\/\/www.linkedin.com\/groups\/Empleo-Espa\u00f1a-Infoempleocom-111276","http:\/\/pinterest.com\/infoempleo\/"],"address":{"@type":"PostalAddress","addressLocality":"Madrid","postalCode":"28050","streetAddress":"Avenida de Burgos 114"},"brand":["Infoempleo"]},{"@type":"Person","@id":"https:\/\/empresas.infoempleo.com\/hrtrends\/#\/schema\/person\/67d3e276ffcc8b3ae0ebec816daf775a","name":"infoempleo","image":{"@type":"ImageObject","inLanguage":"es","@id":"https:\/\/empresas.infoempleo.com\/hrtrends\/#\/schema\/person\/image\/","url":"https:\/\/secure.gravatar.com\/avatar\/7b437777242fe67d2473c2a818da2344692d1ee91e91080ccffbd97bcd4a0975?s=96&d=mm&r=g","contentUrl":"https:\/\/secure.gravatar.com\/avatar\/7b437777242fe67d2473c2a818da2344692d1ee91e91080ccffbd97bcd4a0975?s=96&d=mm&r=g","caption":"infoempleo"},"url":"https:\/\/empresas.infoempleo.com\/hrtrends\/author\/infoempleo\/"}]}},"amp_enabled":true,"_links":{"self":[{"href":"https:\/\/empresas.infoempleo.com\/hrtrends\/wp-json\/wp\/v2\/posts\/22532","targetHints":{"allow":["GET"]}}],"collection":[{"href":"https:\/\/empresas.infoempleo.com\/hrtrends\/wp-json\/wp\/v2\/posts"}],"about":[{"href":"https:\/\/empresas.infoempleo.com\/hrtrends\/wp-json\/wp\/v2\/types\/post"}],"author":[{"embeddable":true,"href":"https:\/\/empresas.infoempleo.com\/hrtrends\/wp-json\/wp\/v2\/users\/72"}],"replies":[{"embeddable":true,"href":"https:\/\/empresas.infoempleo.com\/hrtrends\/wp-json\/wp\/v2\/comments?post=22532"}],"version-history":[{"count":2,"href":"https:\/\/empresas.infoempleo.com\/hrtrends\/wp-json\/wp\/v2\/posts\/22532\/revisions"}],"predecessor-version":[{"id":41175,"href":"https:\/\/empresas.infoempleo.com\/hrtrends\/wp-json\/wp\/v2\/posts\/22532\/revisions\/41175"}],"wp:featuredmedia":[{"embeddable":true,"href":"https:\/\/empresas.infoempleo.com\/hrtrends\/wp-json\/wp\/v2\/media\/29665"}],"wp:attachment":[{"href":"https:\/\/empresas.infoempleo.com\/hrtrends\/wp-json\/wp\/v2\/media?parent=22532"}],"wp:term":[{"taxonomy":"category","embeddable":true,"href":"https:\/\/empresas.infoempleo.com\/hrtrends\/wp-json\/wp\/v2\/categories?post=22532"},{"taxonomy":"post_tag","embeddable":true,"href":"https:\/\/empresas.infoempleo.com\/hrtrends\/wp-json\/wp\/v2\/tags?post=22532"}],"curies":[{"name":"wp","href":"https:\/\/api.w.org\/{rel}","templated":true}]}}