{"id":22529,"date":"2008-10-08T09:57:42","date_gmt":"2008-10-08T08:57:42","guid":{"rendered":"http:\/\/blog.infoempleo.com\/index.php\/2008\/10\/07\/enrique-lores-vicepresidente-mundial-senior-de-hp\/"},"modified":"2018-05-24T09:25:10","modified_gmt":"2018-05-24T07:25:10","slug":"enrique-lores-vicepresidente-mundial-senior-de-hp","status":"publish","type":"post","link":"https:\/\/empresas.infoempleo.com\/hrtrends\/enrique-lores-vicepresidente-mundial-senior-de-hp\/","title":{"rendered":"De becario a vicepresidente en menos de 25 a\u00f1os. Enrique Lores, Vicepresidente mundial senior de HP"},"content":{"rendered":"<p>La carrera profesional de Enrique Lores (Madrid, 1965) es totalmente at\u00edpica. Desde su estreno como becario en Estados Unidos, a la primera l\u00ednea del organigrama mundial, este ingeniero ha escalado todos los puestos de HP, sin saltarse ninguno y sin perder la sonrisa ni las ganas de descubrir cosas nuevas. <strong>\u00abSi ha habido algo por lo que siempre me he distinguido ha sido la curiosidad\u00bb.<\/strong><\/p>\n<p>A los 15 a\u00f1os, su familia se traslada a Valencia donde su padre obtiene una plaza como m\u00e9dico. \u00abAll\u00ed, las mejores ingenier\u00edas eran Caminos, Industriales o Agr\u00f3nomos. Mir\u00e9 los programas y el que m\u00e1s ilusi\u00f3n me hizo fue el de Industriales\u00bb. Extra\u00f1a mezcla ingenier\u00eda-ilusi\u00f3n, que a \u00e9l le funciona perfectamente. \u00abEra una universidad peque\u00f1a, con nueve personas por clase, y se aprend\u00eda mucho. Siempre he comparado lo que aprendemos nosotros con lo que se estudia fuera y pienso que <strong>de la Universidad espa\u00f1ola se sale muy bien preparado. Aqu\u00ed hay m\u00e1s formaci\u00f3n te\u00f3rica y menos pr\u00e1ctica, pero la primera es lo suficientemente amplia y profunda como para que la pr\u00e1ctica se pueda desarrollar f\u00e1cilmente<\/strong>\u00bb.<\/p>\n<p>En el \u00faltimo curso, HP conced\u00eda becas a estudiantes para trabajar en San Diego, Estados Unidos. \u00abVinieron a hablarnos de lo que significaba dise\u00f1ar una impresora y pens\u00e9: \u201c\u00a1Esto me encanta\u201d. Me present\u00e9 y me dieron la beca\u00bb. \u00abFue fant\u00e1stico, tanto por los medios\u00a0como por la cultura de empresa. Yo era becario pero ten\u00eda los mismos derechos que una persona que llevaba 20 a\u00f1os\u00bb.<\/p>\n<p>La suerte jug\u00f3 a su favor, y en esa \u00e9poca HP abri\u00f3 una sede en Barcelona, donde \u00e9l comenz\u00f3 a trabajar como ingeniero de I+D. \u00abAll\u00ed vi que para que tenga utilidad lo que haces debe tener un valor para el cliente, por eso me interes\u00f3 complementar la parte t\u00e9cnica con la parte m\u00e1s de negocio\u00bb. \u00abLo que m\u00e1s me sirvi\u00f3 de estudiar un MBA en ESADE fueron dos cosas: entender la parte t\u00e9cnica del negocio, pero, sobre todo, la Sociolog\u00eda, la Psicolog\u00eda, la parte m\u00e1s social, algo que en ingenier\u00eda no se toca\u00bb.<\/p>\n<p>Tras este paso llegar\u00edan sus mejores trabajos, \u00abaqu\u00e9llos en los que m\u00e1s he aprendido\u00bb. Primero en Marketing, en definici\u00f3n de estrategia y nuevos productos, y luego como \u00abdirector de operaciones de un peque\u00f1o negocio que se estaba montando y en el que fui mini director general de un tipo de impresoras nuevas\u00bb.<\/p>\n<p style=\"text-align: left\"><strong>Un salto m\u00e1s<br \/>\n<\/strong>Despu\u00e9s comenz\u00f3 a dirigir grupos multiculturales como vicepresidente de Marketing de un grupo, Digital Publishing Solutions, donde sigui\u00f3 aprendiendo y aprendiendo, \u00aby sobre todo, haciendo cosas. Los planes de desarrollo de las personas tienen que pasar porque cambien de trabajo. Creo que <strong>se aprende m\u00e1s estando expuesto a situaciones dif\u00edciles, comprometidas y nuevas<\/strong>\u00bb.<\/p>\n<p>\u00abDespu\u00e9s de ese puesto cambi\u00e9 totalmente de trabajo: pas\u00e9 a Ventas\u00bb y de ah\u00ed, en el a\u00f1o 2003, a la direcci\u00f3n general de Gran Formato, un \u00e1rea de negocio con sede mundial en Barcelona, en la que ha dejado huella. \u00abAll\u00ed aprend\u00ed a llevar una compa\u00f1\u00eda completa: desde definir una estrategia a largo plazo, a ejecutarla y crecer, doblando el negocio\u00bb. El momento no le acompa\u00f1aba. Parte de la producci\u00f3n se hab\u00eda trasladado a Asia y el desasosiego podr\u00eda haberse instalado en la plantilla, pero \u00e9l les mostr\u00f3 que un cambio era posible. \u00abLo m\u00e1s dif\u00edcil fue convencerles de que si defin\u00edamos un plan atractivo ser\u00edamos capaces de atrer dinero y el negocio crecer\u00eda\u00bb.<\/p>\n<p>No se equivocaba y desde la central le ofrecieron el que hoy es su puesto: responsable mundial del canal de distribuci\u00f3n de HP, \u00abm\u00e1s de un tercio de toda la compa\u00f1\u00eda\u00bb. Ya ha encontrado casa en California y su familia se traslada con \u00e9l para empezar una nueva vida. Y todo con la misma curiosidad de siempre, y con id\u00e9ntica ilusi\u00f3n. Pero, eso s\u00ed, sin salir de HP.<\/p>\n","protected":false},"excerpt":{"rendered":"<p>La carrera profesional de Enrique Lores (Madrid, 1965) es totalmente at\u00edpica. Desde su estreno como becario en Estados<a class=\"moretag\" href=\"https:\/\/empresas.infoempleo.com\/hrtrends\/enrique-lores-vicepresidente-mundial-senior-de-hp\/\"> Leer m\u00e1s<\/a><\/p>\n","protected":false},"author":31,"featured_media":29665,"comment_status":"closed","ping_status":"open","sticky":false,"template":"","format":"standard","meta":{"footnotes":""},"categories":[3],"tags":[2718,850],"class_list":["post-22529","post","type-post","status-publish","format-standard","has-post-thumbnail","hentry","category-actualidad","tag-enrique-lores","tag-hp"],"yoast_head":"<!-- This site is optimized with the Yoast SEO plugin v26.1.1 - https:\/\/yoast.com\/wordpress\/plugins\/seo\/ -->\n<title>De becario a vicepresidente en menos de 25 a\u00f1os. Enrique Lores, Vicepresidente mundial senior de HP | HRTRENDS<\/title>\n<meta name=\"robots\" content=\"index, follow, max-snippet:-1, max-image-preview:large, max-video-preview:-1\" \/>\n<link rel=\"canonical\" href=\"https:\/\/empresas.infoempleo.com\/hrtrends\/enrique-lores-vicepresidente-mundial-senior-de-hp\/\" \/>\n<meta property=\"og:locale\" content=\"es_ES\" \/>\n<meta property=\"og:type\" content=\"article\" \/>\n<meta property=\"og:title\" content=\"De becario a vicepresidente en menos de 25 a\u00f1os. Enrique Lores, Vicepresidente mundial senior de HP | HRTRENDS\" \/>\n<meta property=\"og:description\" content=\"La carrera profesional de Enrique Lores (Madrid, 1965) es totalmente at\u00edpica. Desde su estreno como becario en Estados Leer m\u00e1s\" \/>\n<meta property=\"og:url\" content=\"https:\/\/empresas.infoempleo.com\/hrtrends\/enrique-lores-vicepresidente-mundial-senior-de-hp\/\" \/>\n<meta property=\"og:site_name\" content=\"HRTRENDS\" \/>\n<meta property=\"article:publisher\" content=\"https:\/\/www.facebook.com\/Infoempleo\" \/>\n<meta property=\"article:published_time\" content=\"2008-10-08T08:57:42+00:00\" \/>\n<meta property=\"article:modified_time\" content=\"2018-05-24T07:25:10+00:00\" \/>\n<meta property=\"og:image\" content=\"https:\/\/empresas.infoempleo.com\/hrtrends\/media\/2017\/05\/pexels-photo-205508.jpg\" \/>\n\t<meta property=\"og:image:width\" content=\"1280\" \/>\n\t<meta property=\"og:image:height\" content=\"960\" \/>\n\t<meta property=\"og:image:type\" content=\"image\/jpeg\" \/>\n<meta name=\"author\" content=\"In\u00e9s Molina\" \/>\n<meta name=\"twitter:card\" content=\"summary_large_image\" \/>\n<meta name=\"twitter:creator\" content=\"@infoempleo\" \/>\n<meta name=\"twitter:site\" content=\"@infoempleo\" \/>\n<meta name=\"twitter:label1\" content=\"Escrito por\" \/>\n\t<meta name=\"twitter:data1\" content=\"In\u00e9s Molina\" \/>\n\t<meta name=\"twitter:label2\" content=\"Tiempo de lectura\" \/>\n\t<meta name=\"twitter:data2\" content=\"3 minutos\" \/>\n<script type=\"application\/ld+json\" class=\"yoast-schema-graph\">{\"@context\":\"https:\/\/schema.org\",\"@graph\":[{\"@type\":\"NewsArticle\",\"@id\":\"https:\/\/empresas.infoempleo.com\/hrtrends\/enrique-lores-vicepresidente-mundial-senior-de-hp\/#article\",\"isPartOf\":{\"@id\":\"https:\/\/empresas.infoempleo.com\/hrtrends\/enrique-lores-vicepresidente-mundial-senior-de-hp\/\"},\"author\":{\"name\":\"In\u00e9s Molina\",\"@id\":\"https:\/\/empresas.infoempleo.com\/hrtrends\/#\/schema\/person\/b7a6badf8a824bd871816199d4073051\"},\"headline\":\"De becario a vicepresidente en menos de 25 a\u00f1os. Enrique Lores, Vicepresidente mundial senior de HP\",\"datePublished\":\"2008-10-08T08:57:42+00:00\",\"dateModified\":\"2018-05-24T07:25:10+00:00\",\"mainEntityOfPage\":{\"@id\":\"https:\/\/empresas.infoempleo.com\/hrtrends\/enrique-lores-vicepresidente-mundial-senior-de-hp\/\"},\"wordCount\":701,\"publisher\":{\"@id\":\"https:\/\/empresas.infoempleo.com\/hrtrends\/#organization\"},\"image\":{\"@id\":\"https:\/\/empresas.infoempleo.com\/hrtrends\/enrique-lores-vicepresidente-mundial-senior-de-hp\/#primaryimage\"},\"thumbnailUrl\":\"https:\/\/empresas.infoempleo.com\/hrtrends\/media\/2017\/05\/pexels-photo-205508.jpg\",\"keywords\":[\"Enrique Lores\",\"HP\"],\"articleSection\":[\"Actualidad\"],\"inLanguage\":\"es\",\"copyrightYear\":\"2008\",\"copyrightHolder\":{\"@id\":\"https:\/\/empresas.infoempleo.com\/hrtrends\/#organization\"}},{\"@type\":\"WebPage\",\"@id\":\"https:\/\/empresas.infoempleo.com\/hrtrends\/enrique-lores-vicepresidente-mundial-senior-de-hp\/\",\"url\":\"https:\/\/empresas.infoempleo.com\/hrtrends\/enrique-lores-vicepresidente-mundial-senior-de-hp\/\",\"name\":\"De becario a vicepresidente en menos de 25 a\u00f1os. Enrique Lores, Vicepresidente mundial senior de HP | HRTRENDS\",\"isPartOf\":{\"@id\":\"https:\/\/empresas.infoempleo.com\/hrtrends\/#website\"},\"primaryImageOfPage\":{\"@id\":\"https:\/\/empresas.infoempleo.com\/hrtrends\/enrique-lores-vicepresidente-mundial-senior-de-hp\/#primaryimage\"},\"image\":{\"@id\":\"https:\/\/empresas.infoempleo.com\/hrtrends\/enrique-lores-vicepresidente-mundial-senior-de-hp\/#primaryimage\"},\"thumbnailUrl\":\"https:\/\/empresas.infoempleo.com\/hrtrends\/media\/2017\/05\/pexels-photo-205508.jpg\",\"datePublished\":\"2008-10-08T08:57:42+00:00\",\"dateModified\":\"2018-05-24T07:25:10+00:00\",\"breadcrumb\":{\"@id\":\"https:\/\/empresas.infoempleo.com\/hrtrends\/enrique-lores-vicepresidente-mundial-senior-de-hp\/#breadcrumb\"},\"inLanguage\":\"es\",\"potentialAction\":[{\"@type\":\"ReadAction\",\"target\":[\"https:\/\/empresas.infoempleo.com\/hrtrends\/enrique-lores-vicepresidente-mundial-senior-de-hp\/\"]}]},{\"@type\":\"ImageObject\",\"inLanguage\":\"es\",\"@id\":\"https:\/\/empresas.infoempleo.com\/hrtrends\/enrique-lores-vicepresidente-mundial-senior-de-hp\/#primaryimage\",\"url\":\"https:\/\/empresas.infoempleo.com\/hrtrends\/media\/2017\/05\/pexels-photo-205508-150x150.jpg\",\"contentUrl\":\"https:\/\/empresas.infoempleo.com\/hrtrends\/media\/2017\/05\/pexels-photo-205508-150x150.jpg\",\"width\":150,\"height\":150},{\"@type\":\"BreadcrumbList\",\"@id\":\"https:\/\/empresas.infoempleo.com\/hrtrends\/enrique-lores-vicepresidente-mundial-senior-de-hp\/#breadcrumb\",\"itemListElement\":[{\"@type\":\"ListItem\",\"position\":1,\"name\":\"Portada\",\"item\":\"https:\/\/empresas.infoempleo.com\/hrtrends\/\"},{\"@type\":\"ListItem\",\"position\":2,\"name\":\"De becario a vicepresidente en menos de 25 a\u00f1os. Enrique Lores, Vicepresidente mundial senior de HP\"}]},{\"@type\":\"WebSite\",\"@id\":\"https:\/\/empresas.infoempleo.com\/hrtrends\/#website\",\"url\":\"https:\/\/empresas.infoempleo.com\/hrtrends\",\"name\":\"HRTrends by Infoempleo\",\"description\":\"\",\"publisher\":{\"@id\":\"https:\/\/empresas.infoempleo.com\/hrtrends\/#organization\"},\"potentialAction\":{\"@type\":\"SearchAction\",\"target\":\"https:\/\/empresas.infoempleo.com\/hrtrends\/?s={search_term_string}\",\"query-input\":\"required name=search_term_string\"},\"inLanguage\":\"es\"},{\"@type\":\"Organization\",\"@id\":\"https:\/\/empresas.infoempleo.com\/hrtrends\/#organization\",\"name\":\"Infoempleo\",\"url\":\"https:\/\/www.infoempleo.com\/\",\"logo\":{\"@type\":\"ImageObject\",\"@id\":\"https:\/\/empresas.infoempleo.com\/hrtrends\/#logo\",\"inLanguage\":\"es\",\"url\":\"https:\/\/cdnazure.infoempleo.com\/infoempleo\/assets\/style\/gfx\/logo.svg\",\"contentUrl\":\"https:\/\/cdnazure.infoempleo.com\/infoempleo\/assets\/style\/gfx\/logo.svg\",\"width\":150,\"height\":40,\"caption\":\"Infoempleo\"},\"image\":{\"@id\":\"https:\/\/empresas.infoempleo.com\/hrtrends\/#logo\"},\"sameAs\":[\"https:\/\/www.facebook.com\/Infoempleo\",\"https:\/\/x.com\/infoempleo\",\"http:\/\/instagram.com\/infoempleo\/\",\"http:\/\/www.linkedin.com\/groups\/Empleo-Espa\u00f1a-Infoempleocom-111276\",\"http:\/\/pinterest.com\/infoempleo\/\"],\"address\":{\"@type\":\"PostalAddress\",\"addressLocality\":\"Madrid\",\"postalCode\":\"28050\",\"streetAddress\":\"Avenida de Burgos 114\"},\"brand\":[\"Infoempleo\"]},{\"@type\":\"Person\",\"@id\":\"https:\/\/empresas.infoempleo.com\/hrtrends\/#\/schema\/person\/b7a6badf8a824bd871816199d4073051\",\"name\":\"In\u00e9s Molina\",\"image\":{\"@type\":\"ImageObject\",\"inLanguage\":\"es\",\"@id\":\"https:\/\/empresas.infoempleo.com\/hrtrends\/#\/schema\/person\/image\/\",\"url\":\"https:\/\/secure.gravatar.com\/avatar\/91ea6cf86c6b79f9f6f4d22793ffcbb45c9376d3b1a923126559ea4a8544b7b3?s=96&d=mm&r=g\",\"contentUrl\":\"https:\/\/secure.gravatar.com\/avatar\/91ea6cf86c6b79f9f6f4d22793ffcbb45c9376d3b1a923126559ea4a8544b7b3?s=96&d=mm&r=g\",\"caption\":\"In\u00e9s Molina\"},\"url\":\"https:\/\/empresas.infoempleo.com\/hrtrends\/author\/ines-molina\/\"}]}<\/script>\n<!-- \/ Yoast SEO plugin. -->","yoast_head_json":{"title":"De becario a vicepresidente en menos de 25 a\u00f1os. Enrique Lores, Vicepresidente mundial senior de HP | HRTRENDS","robots":{"index":"index","follow":"follow","max-snippet":"max-snippet:-1","max-image-preview":"max-image-preview:large","max-video-preview":"max-video-preview:-1"},"canonical":"https:\/\/empresas.infoempleo.com\/hrtrends\/enrique-lores-vicepresidente-mundial-senior-de-hp\/","og_locale":"es_ES","og_type":"article","og_title":"De becario a vicepresidente en menos de 25 a\u00f1os. Enrique Lores, Vicepresidente mundial senior de HP | HRTRENDS","og_description":"La carrera profesional de Enrique Lores (Madrid, 1965) es totalmente at\u00edpica. Desde su estreno como becario en Estados Leer m\u00e1s","og_url":"https:\/\/empresas.infoempleo.com\/hrtrends\/enrique-lores-vicepresidente-mundial-senior-de-hp\/","og_site_name":"HRTRENDS","article_publisher":"https:\/\/www.facebook.com\/Infoempleo","article_published_time":"2008-10-08T08:57:42+00:00","article_modified_time":"2018-05-24T07:25:10+00:00","og_image":[{"width":1280,"height":960,"url":"https:\/\/empresas.infoempleo.com\/hrtrends\/media\/2017\/05\/pexels-photo-205508.jpg","type":"image\/jpeg"}],"author":"In\u00e9s Molina","twitter_card":"summary_large_image","twitter_creator":"@infoempleo","twitter_site":"@infoempleo","twitter_misc":{"Escrito por":"In\u00e9s Molina","Tiempo de lectura":"3 minutos"},"schema":{"@context":"https:\/\/schema.org","@graph":[{"@type":"NewsArticle","@id":"https:\/\/empresas.infoempleo.com\/hrtrends\/enrique-lores-vicepresidente-mundial-senior-de-hp\/#article","isPartOf":{"@id":"https:\/\/empresas.infoempleo.com\/hrtrends\/enrique-lores-vicepresidente-mundial-senior-de-hp\/"},"author":{"name":"In\u00e9s Molina","@id":"https:\/\/empresas.infoempleo.com\/hrtrends\/#\/schema\/person\/b7a6badf8a824bd871816199d4073051"},"headline":"De becario a vicepresidente en menos de 25 a\u00f1os. Enrique Lores, Vicepresidente mundial senior de HP","datePublished":"2008-10-08T08:57:42+00:00","dateModified":"2018-05-24T07:25:10+00:00","mainEntityOfPage":{"@id":"https:\/\/empresas.infoempleo.com\/hrtrends\/enrique-lores-vicepresidente-mundial-senior-de-hp\/"},"wordCount":701,"publisher":{"@id":"https:\/\/empresas.infoempleo.com\/hrtrends\/#organization"},"image":{"@id":"https:\/\/empresas.infoempleo.com\/hrtrends\/enrique-lores-vicepresidente-mundial-senior-de-hp\/#primaryimage"},"thumbnailUrl":"https:\/\/empresas.infoempleo.com\/hrtrends\/media\/2017\/05\/pexels-photo-205508.jpg","keywords":["Enrique Lores","HP"],"articleSection":["Actualidad"],"inLanguage":"es","copyrightYear":"2008","copyrightHolder":{"@id":"https:\/\/empresas.infoempleo.com\/hrtrends\/#organization"}},{"@type":"WebPage","@id":"https:\/\/empresas.infoempleo.com\/hrtrends\/enrique-lores-vicepresidente-mundial-senior-de-hp\/","url":"https:\/\/empresas.infoempleo.com\/hrtrends\/enrique-lores-vicepresidente-mundial-senior-de-hp\/","name":"De becario a vicepresidente en menos de 25 a\u00f1os. Enrique Lores, Vicepresidente mundial senior de HP | HRTRENDS","isPartOf":{"@id":"https:\/\/empresas.infoempleo.com\/hrtrends\/#website"},"primaryImageOfPage":{"@id":"https:\/\/empresas.infoempleo.com\/hrtrends\/enrique-lores-vicepresidente-mundial-senior-de-hp\/#primaryimage"},"image":{"@id":"https:\/\/empresas.infoempleo.com\/hrtrends\/enrique-lores-vicepresidente-mundial-senior-de-hp\/#primaryimage"},"thumbnailUrl":"https:\/\/empresas.infoempleo.com\/hrtrends\/media\/2017\/05\/pexels-photo-205508.jpg","datePublished":"2008-10-08T08:57:42+00:00","dateModified":"2018-05-24T07:25:10+00:00","breadcrumb":{"@id":"https:\/\/empresas.infoempleo.com\/hrtrends\/enrique-lores-vicepresidente-mundial-senior-de-hp\/#breadcrumb"},"inLanguage":"es","potentialAction":[{"@type":"ReadAction","target":["https:\/\/empresas.infoempleo.com\/hrtrends\/enrique-lores-vicepresidente-mundial-senior-de-hp\/"]}]},{"@type":"ImageObject","inLanguage":"es","@id":"https:\/\/empresas.infoempleo.com\/hrtrends\/enrique-lores-vicepresidente-mundial-senior-de-hp\/#primaryimage","url":"https:\/\/empresas.infoempleo.com\/hrtrends\/media\/2017\/05\/pexels-photo-205508-150x150.jpg","contentUrl":"https:\/\/empresas.infoempleo.com\/hrtrends\/media\/2017\/05\/pexels-photo-205508-150x150.jpg","width":150,"height":150},{"@type":"BreadcrumbList","@id":"https:\/\/empresas.infoempleo.com\/hrtrends\/enrique-lores-vicepresidente-mundial-senior-de-hp\/#breadcrumb","itemListElement":[{"@type":"ListItem","position":1,"name":"Portada","item":"https:\/\/empresas.infoempleo.com\/hrtrends\/"},{"@type":"ListItem","position":2,"name":"De becario a vicepresidente en menos de 25 a\u00f1os. Enrique Lores, Vicepresidente mundial senior de HP"}]},{"@type":"WebSite","@id":"https:\/\/empresas.infoempleo.com\/hrtrends\/#website","url":"https:\/\/empresas.infoempleo.com\/hrtrends","name":"HRTrends by Infoempleo","description":"","publisher":{"@id":"https:\/\/empresas.infoempleo.com\/hrtrends\/#organization"},"potentialAction":{"@type":"SearchAction","target":"https:\/\/empresas.infoempleo.com\/hrtrends\/?s={search_term_string}","query-input":"required name=search_term_string"},"inLanguage":"es"},{"@type":"Organization","@id":"https:\/\/empresas.infoempleo.com\/hrtrends\/#organization","name":"Infoempleo","url":"https:\/\/www.infoempleo.com\/","logo":{"@type":"ImageObject","@id":"https:\/\/empresas.infoempleo.com\/hrtrends\/#logo","inLanguage":"es","url":"https:\/\/cdnazure.infoempleo.com\/infoempleo\/assets\/style\/gfx\/logo.svg","contentUrl":"https:\/\/cdnazure.infoempleo.com\/infoempleo\/assets\/style\/gfx\/logo.svg","width":150,"height":40,"caption":"Infoempleo"},"image":{"@id":"https:\/\/empresas.infoempleo.com\/hrtrends\/#logo"},"sameAs":["https:\/\/www.facebook.com\/Infoempleo","https:\/\/x.com\/infoempleo","http:\/\/instagram.com\/infoempleo\/","http:\/\/www.linkedin.com\/groups\/Empleo-Espa\u00f1a-Infoempleocom-111276","http:\/\/pinterest.com\/infoempleo\/"],"address":{"@type":"PostalAddress","addressLocality":"Madrid","postalCode":"28050","streetAddress":"Avenida de Burgos 114"},"brand":["Infoempleo"]},{"@type":"Person","@id":"https:\/\/empresas.infoempleo.com\/hrtrends\/#\/schema\/person\/b7a6badf8a824bd871816199d4073051","name":"In\u00e9s Molina","image":{"@type":"ImageObject","inLanguage":"es","@id":"https:\/\/empresas.infoempleo.com\/hrtrends\/#\/schema\/person\/image\/","url":"https:\/\/secure.gravatar.com\/avatar\/91ea6cf86c6b79f9f6f4d22793ffcbb45c9376d3b1a923126559ea4a8544b7b3?s=96&d=mm&r=g","contentUrl":"https:\/\/secure.gravatar.com\/avatar\/91ea6cf86c6b79f9f6f4d22793ffcbb45c9376d3b1a923126559ea4a8544b7b3?s=96&d=mm&r=g","caption":"In\u00e9s Molina"},"url":"https:\/\/empresas.infoempleo.com\/hrtrends\/author\/ines-molina\/"}]}},"amp_enabled":true,"_links":{"self":[{"href":"https:\/\/empresas.infoempleo.com\/hrtrends\/wp-json\/wp\/v2\/posts\/22529","targetHints":{"allow":["GET"]}}],"collection":[{"href":"https:\/\/empresas.infoempleo.com\/hrtrends\/wp-json\/wp\/v2\/posts"}],"about":[{"href":"https:\/\/empresas.infoempleo.com\/hrtrends\/wp-json\/wp\/v2\/types\/post"}],"author":[{"embeddable":true,"href":"https:\/\/empresas.infoempleo.com\/hrtrends\/wp-json\/wp\/v2\/users\/31"}],"replies":[{"embeddable":true,"href":"https:\/\/empresas.infoempleo.com\/hrtrends\/wp-json\/wp\/v2\/comments?post=22529"}],"version-history":[{"count":0,"href":"https:\/\/empresas.infoempleo.com\/hrtrends\/wp-json\/wp\/v2\/posts\/22529\/revisions"}],"wp:featuredmedia":[{"embeddable":true,"href":"https:\/\/empresas.infoempleo.com\/hrtrends\/wp-json\/wp\/v2\/media\/29665"}],"wp:attachment":[{"href":"https:\/\/empresas.infoempleo.com\/hrtrends\/wp-json\/wp\/v2\/media?parent=22529"}],"wp:term":[{"taxonomy":"category","embeddable":true,"href":"https:\/\/empresas.infoempleo.com\/hrtrends\/wp-json\/wp\/v2\/categories?post=22529"},{"taxonomy":"post_tag","embeddable":true,"href":"https:\/\/empresas.infoempleo.com\/hrtrends\/wp-json\/wp\/v2\/tags?post=22529"}],"curies":[{"name":"wp","href":"https:\/\/api.w.org\/{rel}","templated":true}]}}