{"id":22523,"date":"2008-10-09T09:50:10","date_gmt":"2008-10-09T08:50:10","guid":{"rendered":"http:\/\/blog.infoempleo.com\/index.php\/2008\/10\/07\/mba-del-siglo-xxi\/"},"modified":"2018-05-24T09:25:10","modified_gmt":"2018-05-24T07:25:10","slug":"mba-del-siglo-xxi","status":"publish","type":"post","link":"https:\/\/empresas.infoempleo.com\/hrtrends\/mba-del-siglo-xxi\/","title":{"rendered":"MBA del siglo XXI"},"content":{"rendered":"<p>Bajo este t\u00edtulo, <strong>Ivonne S\u00e1nchez<\/strong> y <strong>Gonzalo Cantarero<\/strong> nos presentan un libro\/manual que, como ellos mismos dice, pretende ense\u00f1arnos todo lo que podr\u00edamos aprender en una escuela de negocios si tuvieramos el tiempo necesario.<\/p>\n<p><em>\u00abMBA del Siglo XXI aspira a ser un \u201ccompa\u00f1ero de viaje\u201d para los emprendedores que sue\u00f1an con poner en marcha su proyecto empresarial, un confidente para aquellos que ya lo han hecho pero que piensan que tienen que \u201creinventar\u201d su empresa y un \u201cdiccionario de bolsillo\u201d para todos los estudiantes interesados en el mundo de los negocios.\u00bb<\/em><\/p>\n<p>Un lenguaje sencillo y directo, multitud de casos pr\u00e1cticos, cuadros y\u00a0tablas para resumir los conceptos fundamentales, estas son algunas de las claves en las que se basa estae nueva\u00a0obra que aspira a convertirse en libro de cabecera de todos aquellos a los que siempre les ha picado el gusanillo de emprender pero que nunca han sabido por donde empezar.<\/p>\n<p>Pero a\u00fan hay m\u00e1s&#8230; <em>MBA del Siglo XXI<\/em> es <strong>mucho<\/strong> <strong>m\u00e1s que un libro, es un libro &#8216;vivo&#8217;.<\/strong> Adem\u00e1s de la publicaci\u00f3n en papel, los autores han desarrollado una\u00a0Web 2.0\u00a0donde\u00a0los lectores son los protagonistas. A trav\u00e9s de esta p\u00e1gina\u00a0se podr\u00e1 estar en contacto permanente con los autores, con otros lectores, y con profesionales de diferentes sectores dispuestos a compartir sus experiencias. Una Web donde poder consultar, ampliar o actualizar temas clave para la toma de decisiones relacionadas con el marketing y sus nuevas formas, la estrategia, las finanzas, el impacto del nuevo modelo de la Web en la empresa, la importancia de las nuevas tendencias, o la creaci\u00f3n de una empresa paso a paso, ya que si sabemos c\u00f3mo evitar los problemas cr\u00edticos podremos recorrer antes el camino hacia el \u00e9xito.<\/p>\n<div style=\"width: 425px;text-align: left\"><a title=\"MBA del Siglo XXI - Presentaci\u00f3n\" href=\"https:\/\/www.slideshare.net\/mbadelsigloxxi\/mba-del-siglo-xxi-presentacin-presentation?type=powerpoint\">MBA del Siglo XXI &#8211; Presentaci\u00f3n<\/a><\/div>\n<div style=\"font-size: 11px;padding-top: 2px;font-family: tahoma,arial;height: 26px\">View SlideShare <a title=\"View MBA del Siglo XXI - Presentaci\u00f3n on SlideShare\" href=\"https:\/\/www.slideshare.net\/mbadelsigloxxi\/mba-del-siglo-xxi-presentacin-presentation?type=powerpoint\">presentation<\/a> or <a href=\"https:\/\/www.slideshare.net\/upload?type=powerpoint\">Upload<\/a> your own. (tags: <a href=\"https:\/\/www.slideshare.net\/tag\/web-2-0\">web-2.0<\/a> <a href=\"https:\/\/www.slideshare.net\/tag\/libros\">libros<\/a>)<\/div>\n","protected":false},"excerpt":{"rendered":"<p>Bajo este t\u00edtulo, Ivonne S\u00e1nchez y Gonzalo Cantarero nos presentan un libro\/manual que, como ellos mismos dice, pretende<a class=\"moretag\" href=\"https:\/\/empresas.infoempleo.com\/hrtrends\/mba-del-siglo-xxi\/\"> Leer m\u00e1s<\/a><\/p>\n","protected":false},"author":72,"featured_media":29665,"comment_status":"closed","ping_status":"open","sticky":false,"template":"","format":"standard","meta":{"footnotes":""},"categories":[3],"tags":[1287,4,2711,1012],"class_list":["post-22523","post","type-post","status-publish","format-standard","has-post-thumbnail","hentry","category-actualidad","tag-escuela-de-negocios","tag-exito","tag-manual","tag-mba"],"yoast_head":"<!-- This site is optimized with the Yoast SEO plugin v26.1.1 - https:\/\/yoast.com\/wordpress\/plugins\/seo\/ -->\n<title>MBA del siglo XXI | HRTRENDS<\/title>\n<meta name=\"robots\" content=\"index, follow, max-snippet:-1, max-image-preview:large, max-video-preview:-1\" \/>\n<link rel=\"canonical\" href=\"https:\/\/empresas.infoempleo.com\/hrtrends\/mba-del-siglo-xxi\/\" \/>\n<meta property=\"og:locale\" content=\"es_ES\" \/>\n<meta property=\"og:type\" content=\"article\" \/>\n<meta property=\"og:title\" content=\"MBA del siglo XXI | HRTRENDS\" \/>\n<meta property=\"og:description\" content=\"Bajo este t\u00edtulo, Ivonne S\u00e1nchez y Gonzalo Cantarero nos presentan un libro\/manual que, como ellos mismos dice, pretende Leer m\u00e1s\" \/>\n<meta property=\"og:url\" content=\"https:\/\/empresas.infoempleo.com\/hrtrends\/mba-del-siglo-xxi\/\" \/>\n<meta property=\"og:site_name\" content=\"HRTRENDS\" \/>\n<meta property=\"article:publisher\" content=\"https:\/\/www.facebook.com\/Infoempleo\" \/>\n<meta property=\"article:published_time\" content=\"2008-10-09T08:50:10+00:00\" \/>\n<meta property=\"article:modified_time\" content=\"2018-05-24T07:25:10+00:00\" \/>\n<meta property=\"og:image\" content=\"https:\/\/empresas.infoempleo.com\/hrtrends\/media\/2017\/05\/pexels-photo-205508.jpg\" \/>\n\t<meta property=\"og:image:width\" content=\"1280\" \/>\n\t<meta property=\"og:image:height\" content=\"960\" \/>\n\t<meta property=\"og:image:type\" content=\"image\/jpeg\" \/>\n<meta name=\"author\" content=\"infoempleo\" \/>\n<meta name=\"twitter:card\" content=\"summary_large_image\" \/>\n<meta name=\"twitter:creator\" content=\"@infoempleo\" \/>\n<meta name=\"twitter:site\" content=\"@infoempleo\" \/>\n<meta name=\"twitter:label1\" content=\"Escrito por\" \/>\n\t<meta name=\"twitter:data1\" content=\"infoempleo\" \/>\n\t<meta name=\"twitter:label2\" content=\"Tiempo de lectura\" \/>\n\t<meta name=\"twitter:data2\" content=\"2 minutos\" \/>\n<script type=\"application\/ld+json\" class=\"yoast-schema-graph\">{\"@context\":\"https:\/\/schema.org\",\"@graph\":[{\"@type\":\"NewsArticle\",\"@id\":\"https:\/\/empresas.infoempleo.com\/hrtrends\/mba-del-siglo-xxi\/#article\",\"isPartOf\":{\"@id\":\"https:\/\/empresas.infoempleo.com\/hrtrends\/mba-del-siglo-xxi\/\"},\"author\":{\"name\":\"infoempleo\",\"@id\":\"https:\/\/empresas.infoempleo.com\/hrtrends\/#\/schema\/person\/67d3e276ffcc8b3ae0ebec816daf775a\"},\"headline\":\"MBA del siglo XXI\",\"datePublished\":\"2008-10-09T08:50:10+00:00\",\"dateModified\":\"2018-05-24T07:25:10+00:00\",\"mainEntityOfPage\":{\"@id\":\"https:\/\/empresas.infoempleo.com\/hrtrends\/mba-del-siglo-xxi\/\"},\"wordCount\":325,\"publisher\":{\"@id\":\"https:\/\/empresas.infoempleo.com\/hrtrends\/#organization\"},\"image\":{\"@id\":\"https:\/\/empresas.infoempleo.com\/hrtrends\/mba-del-siglo-xxi\/#primaryimage\"},\"thumbnailUrl\":\"https:\/\/empresas.infoempleo.com\/hrtrends\/media\/2017\/05\/pexels-photo-205508.jpg\",\"keywords\":[\"escuela de negocios\",\"\u00e9xito\",\"manual\",\"MBA\"],\"articleSection\":[\"Actualidad\"],\"inLanguage\":\"es\",\"copyrightYear\":\"2008\",\"copyrightHolder\":{\"@id\":\"https:\/\/empresas.infoempleo.com\/hrtrends\/#organization\"}},{\"@type\":\"WebPage\",\"@id\":\"https:\/\/empresas.infoempleo.com\/hrtrends\/mba-del-siglo-xxi\/\",\"url\":\"https:\/\/empresas.infoempleo.com\/hrtrends\/mba-del-siglo-xxi\/\",\"name\":\"MBA del siglo XXI | HRTRENDS\",\"isPartOf\":{\"@id\":\"https:\/\/empresas.infoempleo.com\/hrtrends\/#website\"},\"primaryImageOfPage\":{\"@id\":\"https:\/\/empresas.infoempleo.com\/hrtrends\/mba-del-siglo-xxi\/#primaryimage\"},\"image\":{\"@id\":\"https:\/\/empresas.infoempleo.com\/hrtrends\/mba-del-siglo-xxi\/#primaryimage\"},\"thumbnailUrl\":\"https:\/\/empresas.infoempleo.com\/hrtrends\/media\/2017\/05\/pexels-photo-205508.jpg\",\"datePublished\":\"2008-10-09T08:50:10+00:00\",\"dateModified\":\"2018-05-24T07:25:10+00:00\",\"breadcrumb\":{\"@id\":\"https:\/\/empresas.infoempleo.com\/hrtrends\/mba-del-siglo-xxi\/#breadcrumb\"},\"inLanguage\":\"es\",\"potentialAction\":[{\"@type\":\"ReadAction\",\"target\":[\"https:\/\/empresas.infoempleo.com\/hrtrends\/mba-del-siglo-xxi\/\"]}]},{\"@type\":\"ImageObject\",\"inLanguage\":\"es\",\"@id\":\"https:\/\/empresas.infoempleo.com\/hrtrends\/mba-del-siglo-xxi\/#primaryimage\",\"url\":\"https:\/\/empresas.infoempleo.com\/hrtrends\/media\/2017\/05\/pexels-photo-205508-150x150.jpg\",\"contentUrl\":\"https:\/\/empresas.infoempleo.com\/hrtrends\/media\/2017\/05\/pexels-photo-205508-150x150.jpg\",\"width\":150,\"height\":150},{\"@type\":\"BreadcrumbList\",\"@id\":\"https:\/\/empresas.infoempleo.com\/hrtrends\/mba-del-siglo-xxi\/#breadcrumb\",\"itemListElement\":[{\"@type\":\"ListItem\",\"position\":1,\"name\":\"Portada\",\"item\":\"https:\/\/empresas.infoempleo.com\/hrtrends\/\"},{\"@type\":\"ListItem\",\"position\":2,\"name\":\"MBA del siglo XXI\"}]},{\"@type\":\"WebSite\",\"@id\":\"https:\/\/empresas.infoempleo.com\/hrtrends\/#website\",\"url\":\"https:\/\/empresas.infoempleo.com\/hrtrends\",\"name\":\"HRTrends by Infoempleo\",\"description\":\"\",\"publisher\":{\"@id\":\"https:\/\/empresas.infoempleo.com\/hrtrends\/#organization\"},\"potentialAction\":{\"@type\":\"SearchAction\",\"target\":\"https:\/\/empresas.infoempleo.com\/hrtrends\/?s={search_term_string}\",\"query-input\":\"required name=search_term_string\"},\"inLanguage\":\"es\"},{\"@type\":\"Organization\",\"@id\":\"https:\/\/empresas.infoempleo.com\/hrtrends\/#organization\",\"name\":\"Infoempleo\",\"url\":\"https:\/\/www.infoempleo.com\/\",\"logo\":{\"@type\":\"ImageObject\",\"@id\":\"https:\/\/empresas.infoempleo.com\/hrtrends\/#logo\",\"inLanguage\":\"es\",\"url\":\"https:\/\/cdnazure.infoempleo.com\/infoempleo\/assets\/style\/gfx\/logo.svg\",\"contentUrl\":\"https:\/\/cdnazure.infoempleo.com\/infoempleo\/assets\/style\/gfx\/logo.svg\",\"width\":150,\"height\":40,\"caption\":\"Infoempleo\"},\"image\":{\"@id\":\"https:\/\/empresas.infoempleo.com\/hrtrends\/#logo\"},\"sameAs\":[\"https:\/\/www.facebook.com\/Infoempleo\",\"https:\/\/x.com\/infoempleo\",\"http:\/\/instagram.com\/infoempleo\/\",\"http:\/\/www.linkedin.com\/groups\/Empleo-Espa\u00f1a-Infoempleocom-111276\",\"http:\/\/pinterest.com\/infoempleo\/\"],\"address\":{\"@type\":\"PostalAddress\",\"addressLocality\":\"Madrid\",\"postalCode\":\"28050\",\"streetAddress\":\"Avenida de Burgos 114\"},\"brand\":[\"Infoempleo\"]},{\"@type\":\"Person\",\"@id\":\"https:\/\/empresas.infoempleo.com\/hrtrends\/#\/schema\/person\/67d3e276ffcc8b3ae0ebec816daf775a\",\"name\":\"infoempleo\",\"image\":{\"@type\":\"ImageObject\",\"inLanguage\":\"es\",\"@id\":\"https:\/\/empresas.infoempleo.com\/hrtrends\/#\/schema\/person\/image\/\",\"url\":\"https:\/\/secure.gravatar.com\/avatar\/7b437777242fe67d2473c2a818da2344692d1ee91e91080ccffbd97bcd4a0975?s=96&d=mm&r=g\",\"contentUrl\":\"https:\/\/secure.gravatar.com\/avatar\/7b437777242fe67d2473c2a818da2344692d1ee91e91080ccffbd97bcd4a0975?s=96&d=mm&r=g\",\"caption\":\"infoempleo\"},\"url\":\"https:\/\/empresas.infoempleo.com\/hrtrends\/author\/infoempleo\/\"}]}<\/script>\n<!-- \/ Yoast SEO plugin. -->","yoast_head_json":{"title":"MBA del siglo XXI | HRTRENDS","robots":{"index":"index","follow":"follow","max-snippet":"max-snippet:-1","max-image-preview":"max-image-preview:large","max-video-preview":"max-video-preview:-1"},"canonical":"https:\/\/empresas.infoempleo.com\/hrtrends\/mba-del-siglo-xxi\/","og_locale":"es_ES","og_type":"article","og_title":"MBA del siglo XXI | HRTRENDS","og_description":"Bajo este t\u00edtulo, Ivonne S\u00e1nchez y Gonzalo Cantarero nos presentan un libro\/manual que, como ellos mismos dice, pretende Leer m\u00e1s","og_url":"https:\/\/empresas.infoempleo.com\/hrtrends\/mba-del-siglo-xxi\/","og_site_name":"HRTRENDS","article_publisher":"https:\/\/www.facebook.com\/Infoempleo","article_published_time":"2008-10-09T08:50:10+00:00","article_modified_time":"2018-05-24T07:25:10+00:00","og_image":[{"width":1280,"height":960,"url":"https:\/\/empresas.infoempleo.com\/hrtrends\/media\/2017\/05\/pexels-photo-205508.jpg","type":"image\/jpeg"}],"author":"infoempleo","twitter_card":"summary_large_image","twitter_creator":"@infoempleo","twitter_site":"@infoempleo","twitter_misc":{"Escrito por":"infoempleo","Tiempo de lectura":"2 minutos"},"schema":{"@context":"https:\/\/schema.org","@graph":[{"@type":"NewsArticle","@id":"https:\/\/empresas.infoempleo.com\/hrtrends\/mba-del-siglo-xxi\/#article","isPartOf":{"@id":"https:\/\/empresas.infoempleo.com\/hrtrends\/mba-del-siglo-xxi\/"},"author":{"name":"infoempleo","@id":"https:\/\/empresas.infoempleo.com\/hrtrends\/#\/schema\/person\/67d3e276ffcc8b3ae0ebec816daf775a"},"headline":"MBA del siglo XXI","datePublished":"2008-10-09T08:50:10+00:00","dateModified":"2018-05-24T07:25:10+00:00","mainEntityOfPage":{"@id":"https:\/\/empresas.infoempleo.com\/hrtrends\/mba-del-siglo-xxi\/"},"wordCount":325,"publisher":{"@id":"https:\/\/empresas.infoempleo.com\/hrtrends\/#organization"},"image":{"@id":"https:\/\/empresas.infoempleo.com\/hrtrends\/mba-del-siglo-xxi\/#primaryimage"},"thumbnailUrl":"https:\/\/empresas.infoempleo.com\/hrtrends\/media\/2017\/05\/pexels-photo-205508.jpg","keywords":["escuela de negocios","\u00e9xito","manual","MBA"],"articleSection":["Actualidad"],"inLanguage":"es","copyrightYear":"2008","copyrightHolder":{"@id":"https:\/\/empresas.infoempleo.com\/hrtrends\/#organization"}},{"@type":"WebPage","@id":"https:\/\/empresas.infoempleo.com\/hrtrends\/mba-del-siglo-xxi\/","url":"https:\/\/empresas.infoempleo.com\/hrtrends\/mba-del-siglo-xxi\/","name":"MBA del siglo XXI | HRTRENDS","isPartOf":{"@id":"https:\/\/empresas.infoempleo.com\/hrtrends\/#website"},"primaryImageOfPage":{"@id":"https:\/\/empresas.infoempleo.com\/hrtrends\/mba-del-siglo-xxi\/#primaryimage"},"image":{"@id":"https:\/\/empresas.infoempleo.com\/hrtrends\/mba-del-siglo-xxi\/#primaryimage"},"thumbnailUrl":"https:\/\/empresas.infoempleo.com\/hrtrends\/media\/2017\/05\/pexels-photo-205508.jpg","datePublished":"2008-10-09T08:50:10+00:00","dateModified":"2018-05-24T07:25:10+00:00","breadcrumb":{"@id":"https:\/\/empresas.infoempleo.com\/hrtrends\/mba-del-siglo-xxi\/#breadcrumb"},"inLanguage":"es","potentialAction":[{"@type":"ReadAction","target":["https:\/\/empresas.infoempleo.com\/hrtrends\/mba-del-siglo-xxi\/"]}]},{"@type":"ImageObject","inLanguage":"es","@id":"https:\/\/empresas.infoempleo.com\/hrtrends\/mba-del-siglo-xxi\/#primaryimage","url":"https:\/\/empresas.infoempleo.com\/hrtrends\/media\/2017\/05\/pexels-photo-205508-150x150.jpg","contentUrl":"https:\/\/empresas.infoempleo.com\/hrtrends\/media\/2017\/05\/pexels-photo-205508-150x150.jpg","width":150,"height":150},{"@type":"BreadcrumbList","@id":"https:\/\/empresas.infoempleo.com\/hrtrends\/mba-del-siglo-xxi\/#breadcrumb","itemListElement":[{"@type":"ListItem","position":1,"name":"Portada","item":"https:\/\/empresas.infoempleo.com\/hrtrends\/"},{"@type":"ListItem","position":2,"name":"MBA del siglo XXI"}]},{"@type":"WebSite","@id":"https:\/\/empresas.infoempleo.com\/hrtrends\/#website","url":"https:\/\/empresas.infoempleo.com\/hrtrends","name":"HRTrends by Infoempleo","description":"","publisher":{"@id":"https:\/\/empresas.infoempleo.com\/hrtrends\/#organization"},"potentialAction":{"@type":"SearchAction","target":"https:\/\/empresas.infoempleo.com\/hrtrends\/?s={search_term_string}","query-input":"required name=search_term_string"},"inLanguage":"es"},{"@type":"Organization","@id":"https:\/\/empresas.infoempleo.com\/hrtrends\/#organization","name":"Infoempleo","url":"https:\/\/www.infoempleo.com\/","logo":{"@type":"ImageObject","@id":"https:\/\/empresas.infoempleo.com\/hrtrends\/#logo","inLanguage":"es","url":"https:\/\/cdnazure.infoempleo.com\/infoempleo\/assets\/style\/gfx\/logo.svg","contentUrl":"https:\/\/cdnazure.infoempleo.com\/infoempleo\/assets\/style\/gfx\/logo.svg","width":150,"height":40,"caption":"Infoempleo"},"image":{"@id":"https:\/\/empresas.infoempleo.com\/hrtrends\/#logo"},"sameAs":["https:\/\/www.facebook.com\/Infoempleo","https:\/\/x.com\/infoempleo","http:\/\/instagram.com\/infoempleo\/","http:\/\/www.linkedin.com\/groups\/Empleo-Espa\u00f1a-Infoempleocom-111276","http:\/\/pinterest.com\/infoempleo\/"],"address":{"@type":"PostalAddress","addressLocality":"Madrid","postalCode":"28050","streetAddress":"Avenida de Burgos 114"},"brand":["Infoempleo"]},{"@type":"Person","@id":"https:\/\/empresas.infoempleo.com\/hrtrends\/#\/schema\/person\/67d3e276ffcc8b3ae0ebec816daf775a","name":"infoempleo","image":{"@type":"ImageObject","inLanguage":"es","@id":"https:\/\/empresas.infoempleo.com\/hrtrends\/#\/schema\/person\/image\/","url":"https:\/\/secure.gravatar.com\/avatar\/7b437777242fe67d2473c2a818da2344692d1ee91e91080ccffbd97bcd4a0975?s=96&d=mm&r=g","contentUrl":"https:\/\/secure.gravatar.com\/avatar\/7b437777242fe67d2473c2a818da2344692d1ee91e91080ccffbd97bcd4a0975?s=96&d=mm&r=g","caption":"infoempleo"},"url":"https:\/\/empresas.infoempleo.com\/hrtrends\/author\/infoempleo\/"}]}},"amp_enabled":true,"_links":{"self":[{"href":"https:\/\/empresas.infoempleo.com\/hrtrends\/wp-json\/wp\/v2\/posts\/22523","targetHints":{"allow":["GET"]}}],"collection":[{"href":"https:\/\/empresas.infoempleo.com\/hrtrends\/wp-json\/wp\/v2\/posts"}],"about":[{"href":"https:\/\/empresas.infoempleo.com\/hrtrends\/wp-json\/wp\/v2\/types\/post"}],"author":[{"embeddable":true,"href":"https:\/\/empresas.infoempleo.com\/hrtrends\/wp-json\/wp\/v2\/users\/72"}],"replies":[{"embeddable":true,"href":"https:\/\/empresas.infoempleo.com\/hrtrends\/wp-json\/wp\/v2\/comments?post=22523"}],"version-history":[{"count":0,"href":"https:\/\/empresas.infoempleo.com\/hrtrends\/wp-json\/wp\/v2\/posts\/22523\/revisions"}],"wp:featuredmedia":[{"embeddable":true,"href":"https:\/\/empresas.infoempleo.com\/hrtrends\/wp-json\/wp\/v2\/media\/29665"}],"wp:attachment":[{"href":"https:\/\/empresas.infoempleo.com\/hrtrends\/wp-json\/wp\/v2\/media?parent=22523"}],"wp:term":[{"taxonomy":"category","embeddable":true,"href":"https:\/\/empresas.infoempleo.com\/hrtrends\/wp-json\/wp\/v2\/categories?post=22523"},{"taxonomy":"post_tag","embeddable":true,"href":"https:\/\/empresas.infoempleo.com\/hrtrends\/wp-json\/wp\/v2\/tags?post=22523"}],"curies":[{"name":"wp","href":"https:\/\/api.w.org\/{rel}","templated":true}]}}