{"id":22513,"date":"2015-11-23T08:42:52","date_gmt":"2015-11-23T07:42:52","guid":{"rendered":"http:\/\/blog.infoempleo.com\/?p=22513"},"modified":"2018-05-23T16:52:59","modified_gmt":"2018-05-23T14:52:59","slug":"reclutar-al-candidato-ideal-gracias-a-la-neurociencia","status":"publish","type":"post","link":"https:\/\/empresas.infoempleo.com\/hrtrends\/reclutar-al-candidato-ideal-gracias-a-la-neurociencia\/","title":{"rendered":"Reclutar al candidato ideal gracias a la neurociencia"},"content":{"rendered":"<p>La neurociencia estudia la conducta humana a partir de las reacciones biol\u00f3gicas que suceden en el cuerpo. Esta disciplina tiene aplicaci\u00f3n pr\u00e1ctica en muchas \u00e1reas desde hace a\u00f1os. Una muy conocida es la del m\u00e1rketing. Se ha estudiado c\u00f3mo determinados est\u00edmulos externos modifican el comportamiento de los consumidores. La sensaci\u00f3n de que puede \u00ableer el cerebro\u00bb la hace atractiva para el campo de recursos humanos tambi\u00e9n.<\/p>\n<p><!--more--><\/p>\n<p>Las t\u00e9cnicas de investigaci\u00f3n en neurom\u00e1rketing han llegado a tal punto de desarrollo que, en un estudio sobre consumidores, permiten obtener respuestas sobre c\u00f3mo se han sentido o qu\u00e9 impulsos han tenido sin que tengan que llegar a decirlo. Simplemente <strong>se miden sus respuestas mediante pruebas<\/strong> como electrocardiogramas, electroencefalogramas, tasa card\u00edaca o seguimiento de ojos.<\/p>\n<h3><strong>C\u00f3mo puede ayudar un <em>software<\/em> de reconocimiento facial<\/strong><\/h3>\n<p>Las personas que participan en los estudios sobre consumidores lo hacen de forma voluntaria; sin embargo, en un proceso de selecci\u00f3n, someter a los candidatos a cualquiera de las pruebas que se han mencionado, no solo ser\u00eda costoso, sino que adem\u00e1s dejar\u00eda at\u00f3nito a m\u00e1s de uno y causar\u00eda rechazo porque se considerar\u00eda una invasi\u00f3n. Pero no por ello hay que abandonar las bondades de la neurociencia en este campo. <strong>Ya se est\u00e1 trabajando con t\u00e9cnicas menos agresivas<\/strong>, como el reconocimiento facial de emociones.<\/p>\n<p>Neuropsychology es una aplicaci\u00f3n <strong>capaz de detectar las emociones del entrevistado a trav\u00e9s de una webcam conectada al ordenador<\/strong>. Permite distinguir hasta siete emociones universales (neutral, felicidad, sorpresa, enfado, desagrado, miedo y tristeza). De esta forma se puede comparar las respuestas que pronuncia el candidato con lo que refleja su rostro y ver si coincide. Adem\u00e1s, se pueden comparar tambi\u00e9n las emociones entre distintos entrevistados.<\/p>\n<h3><strong>Neurociencia sin necesidad de tecnolog\u00edas<\/strong><\/h3>\n<p>La neurociencia puede ayudar a seleccionar a la persona, no solo con un CV adecuado, sino tambi\u00e9n <strong>con las competencias emocionales que se requieren para el puesto<\/strong>. Para ello lo primero es definir cu\u00e1les son esas competencias. Por ejemplo, no ser\u00e1n las mismas para alguien que debe encargarse de la comunicaci\u00f3n que para un t\u00e9cnico de control, aunque los dos requieran unos conocimientos te\u00f3ricos similares.<\/p>\n<p>Se pueden <strong>introducir test<\/strong> que ayuden a aflorar determinados rasgos en funci\u00f3n de la parte del cerebro que m\u00e1s se emplea. Estos son los m\u00e1s usados:<\/p>\n<ul>\n<li>Test de Benziger<\/li>\n<li>Test de Herrmann<\/li>\n<li>Test PAPI-N o PAPI-I<\/li>\n<\/ul>\n<p>Adem\u00e1s, se puede incluir alguna prueba o ejercicio en el que el candidato se ponga en determinada situaci\u00f3n y lleve a cabo la resoluci\u00f3n de un problema. La forma de hacerlo indicar\u00e1, por ejemplo, <strong>qu\u00e9 hemisferio del cerebro tiende a emplear<\/strong>. Se puede introducir una variante, incluir un nivel de estr\u00e9s para poner a prueba su inteligencia emocional e inferir si una persona tiene resistencia al cambio o miedo a lo desconocido, por ejemplo.<\/p>\n<p>Leerle la mente a un candidato no es cosa de ciencia ficci\u00f3n. Los procesos de selecci\u00f3n pueden perfeccionarse y contar con la ayuda de disciplinas cient\u00edficas como la neurociencia, y de tecnolog\u00edas avanzadas, como el reconocimiento facial de las emociones.<\/p>\n","protected":false},"excerpt":{"rendered":"<p>La neurociencia estudia la conducta humana a partir de las reacciones biol\u00f3gicas que suceden en el cuerpo. Esta<a class=\"moretag\" href=\"https:\/\/empresas.infoempleo.com\/hrtrends\/reclutar-al-candidato-ideal-gracias-a-la-neurociencia\/\"> Leer m\u00e1s<\/a><\/p>\n","protected":false},"author":28,"featured_media":22736,"comment_status":"closed","ping_status":"open","sticky":false,"template":"","format":"standard","meta":{"footnotes":""},"categories":[3],"tags":[2321,2442,70],"class_list":["post-22513","post","type-post","status-publish","format-standard","has-post-thumbnail","hentry","category-actualidad","tag-neurociencia","tag-reclutamiento","tag-rrhh"],"yoast_head":"<!-- This site is optimized with the Yoast SEO plugin v26.1.1 - https:\/\/yoast.com\/wordpress\/plugins\/seo\/ -->\n<title>Reclutar al candidato ideal gracias a la neurociencia | HRTRENDS<\/title>\n<meta name=\"description\" content=\"Los procesos de selecci\u00f3n pueden contar con la ayuda de la neurociencia y de tecnolog\u00edas avanzadas como el reconocimiento facial de las emociones.\" \/>\n<meta name=\"robots\" content=\"index, follow, max-snippet:-1, max-image-preview:large, max-video-preview:-1\" \/>\n<link rel=\"canonical\" href=\"https:\/\/empresas.infoempleo.com\/hrtrends\/reclutar-al-candidato-ideal-gracias-a-la-neurociencia\/\" \/>\n<meta property=\"og:locale\" content=\"es_ES\" \/>\n<meta property=\"og:type\" content=\"article\" \/>\n<meta property=\"og:title\" content=\"Reclutar al candidato ideal gracias a la neurociencia | HRTRENDS\" \/>\n<meta property=\"og:description\" content=\"Los procesos de selecci\u00f3n pueden contar con la ayuda de la neurociencia y de tecnolog\u00edas avanzadas como el reconocimiento facial de las emociones.\" \/>\n<meta property=\"og:url\" content=\"https:\/\/empresas.infoempleo.com\/hrtrends\/reclutar-al-candidato-ideal-gracias-a-la-neurociencia\/\" \/>\n<meta property=\"og:site_name\" content=\"HRTRENDS\" \/>\n<meta property=\"article:publisher\" content=\"https:\/\/www.facebook.com\/Infoempleo\" \/>\n<meta property=\"article:published_time\" content=\"2015-11-23T07:42:52+00:00\" \/>\n<meta property=\"article:modified_time\" content=\"2018-05-23T14:52:59+00:00\" \/>\n<meta property=\"og:image\" content=\"https:\/\/empresas.infoempleo.com\/hrtrends\/media\/2015\/11\/ThinkstockPhotos-468403628.jpg\" \/>\n\t<meta property=\"og:image:width\" content=\"881\" \/>\n\t<meta property=\"og:image:height\" content=\"436\" \/>\n\t<meta property=\"og:image:type\" content=\"image\/jpeg\" \/>\n<meta name=\"author\" content=\"Ester Carrasco\" \/>\n<meta name=\"twitter:card\" content=\"summary_large_image\" \/>\n<meta name=\"twitter:creator\" content=\"@infoempleo\" \/>\n<meta name=\"twitter:site\" content=\"@infoempleo\" \/>\n<meta name=\"twitter:label1\" content=\"Escrito por\" \/>\n\t<meta name=\"twitter:data1\" content=\"Ester Carrasco\" \/>\n\t<meta name=\"twitter:label2\" content=\"Tiempo de lectura\" \/>\n\t<meta name=\"twitter:data2\" content=\"3 minutos\" \/>\n<script type=\"application\/ld+json\" class=\"yoast-schema-graph\">{\"@context\":\"https:\/\/schema.org\",\"@graph\":[{\"@type\":\"NewsArticle\",\"@id\":\"https:\/\/empresas.infoempleo.com\/hrtrends\/reclutar-al-candidato-ideal-gracias-a-la-neurociencia\/#article\",\"isPartOf\":{\"@id\":\"https:\/\/empresas.infoempleo.com\/hrtrends\/reclutar-al-candidato-ideal-gracias-a-la-neurociencia\/\"},\"author\":{\"name\":\"Ester Carrasco\",\"@id\":\"https:\/\/empresas.infoempleo.com\/hrtrends\/#\/schema\/person\/b5f470bbbcd4f7f0a6b8e4a99fd663a1\"},\"headline\":\"Reclutar al candidato ideal gracias a la neurociencia\",\"datePublished\":\"2015-11-23T07:42:52+00:00\",\"dateModified\":\"2018-05-23T14:52:59+00:00\",\"mainEntityOfPage\":{\"@id\":\"https:\/\/empresas.infoempleo.com\/hrtrends\/reclutar-al-candidato-ideal-gracias-a-la-neurociencia\/\"},\"wordCount\":553,\"publisher\":{\"@id\":\"https:\/\/empresas.infoempleo.com\/hrtrends\/#organization\"},\"image\":{\"@id\":\"https:\/\/empresas.infoempleo.com\/hrtrends\/reclutar-al-candidato-ideal-gracias-a-la-neurociencia\/#primaryimage\"},\"thumbnailUrl\":\"https:\/\/empresas.infoempleo.com\/hrtrends\/media\/2015\/11\/ThinkstockPhotos-468403628.jpg\",\"keywords\":[\"neurociencia\",\"reclutamiento\",\"RRHH\"],\"articleSection\":[\"Actualidad\"],\"inLanguage\":\"es\",\"copyrightYear\":\"2015\",\"copyrightHolder\":{\"@id\":\"https:\/\/empresas.infoempleo.com\/hrtrends\/#organization\"}},{\"@type\":\"WebPage\",\"@id\":\"https:\/\/empresas.infoempleo.com\/hrtrends\/reclutar-al-candidato-ideal-gracias-a-la-neurociencia\/\",\"url\":\"https:\/\/empresas.infoempleo.com\/hrtrends\/reclutar-al-candidato-ideal-gracias-a-la-neurociencia\/\",\"name\":\"Reclutar al candidato ideal gracias a la neurociencia | HRTRENDS\",\"isPartOf\":{\"@id\":\"https:\/\/empresas.infoempleo.com\/hrtrends\/#website\"},\"primaryImageOfPage\":{\"@id\":\"https:\/\/empresas.infoempleo.com\/hrtrends\/reclutar-al-candidato-ideal-gracias-a-la-neurociencia\/#primaryimage\"},\"image\":{\"@id\":\"https:\/\/empresas.infoempleo.com\/hrtrends\/reclutar-al-candidato-ideal-gracias-a-la-neurociencia\/#primaryimage\"},\"thumbnailUrl\":\"https:\/\/empresas.infoempleo.com\/hrtrends\/media\/2015\/11\/ThinkstockPhotos-468403628.jpg\",\"datePublished\":\"2015-11-23T07:42:52+00:00\",\"dateModified\":\"2018-05-23T14:52:59+00:00\",\"description\":\"Los procesos de selecci\u00f3n pueden contar con la ayuda de la neurociencia y de tecnolog\u00edas avanzadas como el reconocimiento facial de las emociones.\",\"breadcrumb\":{\"@id\":\"https:\/\/empresas.infoempleo.com\/hrtrends\/reclutar-al-candidato-ideal-gracias-a-la-neurociencia\/#breadcrumb\"},\"inLanguage\":\"es\",\"potentialAction\":[{\"@type\":\"ReadAction\",\"target\":[\"https:\/\/empresas.infoempleo.com\/hrtrends\/reclutar-al-candidato-ideal-gracias-a-la-neurociencia\/\"]}]},{\"@type\":\"ImageObject\",\"inLanguage\":\"es\",\"@id\":\"https:\/\/empresas.infoempleo.com\/hrtrends\/reclutar-al-candidato-ideal-gracias-a-la-neurociencia\/#primaryimage\",\"url\":\"https:\/\/empresas.infoempleo.com\/hrtrends\/media\/2015\/11\/ThinkstockPhotos-468403628-150x150.jpg\",\"contentUrl\":\"https:\/\/empresas.infoempleo.com\/hrtrends\/media\/2015\/11\/ThinkstockPhotos-468403628-150x150.jpg\",\"width\":150,\"height\":150,\"caption\":\"Reclutar al candidato ideal gracias a la neurociencia\"},{\"@type\":\"BreadcrumbList\",\"@id\":\"https:\/\/empresas.infoempleo.com\/hrtrends\/reclutar-al-candidato-ideal-gracias-a-la-neurociencia\/#breadcrumb\",\"itemListElement\":[{\"@type\":\"ListItem\",\"position\":1,\"name\":\"Portada\",\"item\":\"https:\/\/empresas.infoempleo.com\/hrtrends\/\"},{\"@type\":\"ListItem\",\"position\":2,\"name\":\"Reclutar al candidato ideal gracias a la neurociencia\"}]},{\"@type\":\"WebSite\",\"@id\":\"https:\/\/empresas.infoempleo.com\/hrtrends\/#website\",\"url\":\"https:\/\/empresas.infoempleo.com\/hrtrends\",\"name\":\"HRTrends by Infoempleo\",\"description\":\"\",\"publisher\":{\"@id\":\"https:\/\/empresas.infoempleo.com\/hrtrends\/#organization\"},\"potentialAction\":{\"@type\":\"SearchAction\",\"target\":\"https:\/\/empresas.infoempleo.com\/hrtrends\/?s={search_term_string}\",\"query-input\":\"required name=search_term_string\"},\"inLanguage\":\"es\"},{\"@type\":\"Organization\",\"@id\":\"https:\/\/empresas.infoempleo.com\/hrtrends\/#organization\",\"name\":\"Infoempleo\",\"url\":\"https:\/\/www.infoempleo.com\/\",\"logo\":{\"@type\":\"ImageObject\",\"@id\":\"https:\/\/empresas.infoempleo.com\/hrtrends\/#logo\",\"inLanguage\":\"es\",\"url\":\"https:\/\/cdnazure.infoempleo.com\/infoempleo\/assets\/style\/gfx\/logo.svg\",\"contentUrl\":\"https:\/\/cdnazure.infoempleo.com\/infoempleo\/assets\/style\/gfx\/logo.svg\",\"width\":150,\"height\":40,\"caption\":\"Infoempleo\"},\"image\":{\"@id\":\"https:\/\/empresas.infoempleo.com\/hrtrends\/#logo\"},\"sameAs\":[\"https:\/\/www.facebook.com\/Infoempleo\",\"https:\/\/x.com\/infoempleo\",\"http:\/\/instagram.com\/infoempleo\/\",\"http:\/\/www.linkedin.com\/groups\/Empleo-Espa\u00f1a-Infoempleocom-111276\",\"http:\/\/pinterest.com\/infoempleo\/\"],\"address\":{\"@type\":\"PostalAddress\",\"addressLocality\":\"Madrid\",\"postalCode\":\"28050\",\"streetAddress\":\"Avenida de Burgos 114\"},\"brand\":[\"Infoempleo\"]},{\"@type\":\"Person\",\"@id\":\"https:\/\/empresas.infoempleo.com\/hrtrends\/#\/schema\/person\/b5f470bbbcd4f7f0a6b8e4a99fd663a1\",\"name\":\"Ester Carrasco\",\"image\":{\"@type\":\"ImageObject\",\"inLanguage\":\"es\",\"@id\":\"https:\/\/empresas.infoempleo.com\/hrtrends\/#\/schema\/person\/image\/\",\"url\":\"https:\/\/secure.gravatar.com\/avatar\/faf8039f7480ebcd5f937fefead903a7965a3f0af255f45f22a6bfbcbf6f16cf?s=96&d=mm&r=g\",\"contentUrl\":\"https:\/\/secure.gravatar.com\/avatar\/faf8039f7480ebcd5f937fefead903a7965a3f0af255f45f22a6bfbcbf6f16cf?s=96&d=mm&r=g\",\"caption\":\"Ester Carrasco\"},\"description\":\"Licenciada en Filosof\u00eda, cuento con una amplia experiencia en el mundo editorial, en el que he tenido oportunidad de desarrollar mi perfil como editora, redactora y correctora. Me mantengo al d\u00eda de las noticias y novedades relacionadas con el empleo y el \u00e1mbito laboral. Tambi\u00e9n me interesan los temas de orientaci\u00f3n acad\u00e9mica y profesional para el desarrollo y construcci\u00f3n de perfiles laborales, as\u00ed como las formas de reclutar talento y de demostrarlo.\",\"url\":\"https:\/\/empresas.infoempleo.com\/hrtrends\/author\/ecarrascoagenciayerro\/\"}]}<\/script>\n<!-- \/ Yoast SEO plugin. -->","yoast_head_json":{"title":"Reclutar al candidato ideal gracias a la neurociencia | HRTRENDS","description":"Los procesos de selecci\u00f3n pueden contar con la ayuda de la neurociencia y de tecnolog\u00edas avanzadas como el reconocimiento facial de las emociones.","robots":{"index":"index","follow":"follow","max-snippet":"max-snippet:-1","max-image-preview":"max-image-preview:large","max-video-preview":"max-video-preview:-1"},"canonical":"https:\/\/empresas.infoempleo.com\/hrtrends\/reclutar-al-candidato-ideal-gracias-a-la-neurociencia\/","og_locale":"es_ES","og_type":"article","og_title":"Reclutar al candidato ideal gracias a la neurociencia | HRTRENDS","og_description":"Los procesos de selecci\u00f3n pueden contar con la ayuda de la neurociencia y de tecnolog\u00edas avanzadas como el reconocimiento facial de las emociones.","og_url":"https:\/\/empresas.infoempleo.com\/hrtrends\/reclutar-al-candidato-ideal-gracias-a-la-neurociencia\/","og_site_name":"HRTRENDS","article_publisher":"https:\/\/www.facebook.com\/Infoempleo","article_published_time":"2015-11-23T07:42:52+00:00","article_modified_time":"2018-05-23T14:52:59+00:00","og_image":[{"width":881,"height":436,"url":"https:\/\/empresas.infoempleo.com\/hrtrends\/media\/2015\/11\/ThinkstockPhotos-468403628.jpg","type":"image\/jpeg"}],"author":"Ester Carrasco","twitter_card":"summary_large_image","twitter_creator":"@infoempleo","twitter_site":"@infoempleo","twitter_misc":{"Escrito por":"Ester Carrasco","Tiempo de lectura":"3 minutos"},"schema":{"@context":"https:\/\/schema.org","@graph":[{"@type":"NewsArticle","@id":"https:\/\/empresas.infoempleo.com\/hrtrends\/reclutar-al-candidato-ideal-gracias-a-la-neurociencia\/#article","isPartOf":{"@id":"https:\/\/empresas.infoempleo.com\/hrtrends\/reclutar-al-candidato-ideal-gracias-a-la-neurociencia\/"},"author":{"name":"Ester Carrasco","@id":"https:\/\/empresas.infoempleo.com\/hrtrends\/#\/schema\/person\/b5f470bbbcd4f7f0a6b8e4a99fd663a1"},"headline":"Reclutar al candidato ideal gracias a la neurociencia","datePublished":"2015-11-23T07:42:52+00:00","dateModified":"2018-05-23T14:52:59+00:00","mainEntityOfPage":{"@id":"https:\/\/empresas.infoempleo.com\/hrtrends\/reclutar-al-candidato-ideal-gracias-a-la-neurociencia\/"},"wordCount":553,"publisher":{"@id":"https:\/\/empresas.infoempleo.com\/hrtrends\/#organization"},"image":{"@id":"https:\/\/empresas.infoempleo.com\/hrtrends\/reclutar-al-candidato-ideal-gracias-a-la-neurociencia\/#primaryimage"},"thumbnailUrl":"https:\/\/empresas.infoempleo.com\/hrtrends\/media\/2015\/11\/ThinkstockPhotos-468403628.jpg","keywords":["neurociencia","reclutamiento","RRHH"],"articleSection":["Actualidad"],"inLanguage":"es","copyrightYear":"2015","copyrightHolder":{"@id":"https:\/\/empresas.infoempleo.com\/hrtrends\/#organization"}},{"@type":"WebPage","@id":"https:\/\/empresas.infoempleo.com\/hrtrends\/reclutar-al-candidato-ideal-gracias-a-la-neurociencia\/","url":"https:\/\/empresas.infoempleo.com\/hrtrends\/reclutar-al-candidato-ideal-gracias-a-la-neurociencia\/","name":"Reclutar al candidato ideal gracias a la neurociencia | HRTRENDS","isPartOf":{"@id":"https:\/\/empresas.infoempleo.com\/hrtrends\/#website"},"primaryImageOfPage":{"@id":"https:\/\/empresas.infoempleo.com\/hrtrends\/reclutar-al-candidato-ideal-gracias-a-la-neurociencia\/#primaryimage"},"image":{"@id":"https:\/\/empresas.infoempleo.com\/hrtrends\/reclutar-al-candidato-ideal-gracias-a-la-neurociencia\/#primaryimage"},"thumbnailUrl":"https:\/\/empresas.infoempleo.com\/hrtrends\/media\/2015\/11\/ThinkstockPhotos-468403628.jpg","datePublished":"2015-11-23T07:42:52+00:00","dateModified":"2018-05-23T14:52:59+00:00","description":"Los procesos de selecci\u00f3n pueden contar con la ayuda de la neurociencia y de tecnolog\u00edas avanzadas como el reconocimiento facial de las emociones.","breadcrumb":{"@id":"https:\/\/empresas.infoempleo.com\/hrtrends\/reclutar-al-candidato-ideal-gracias-a-la-neurociencia\/#breadcrumb"},"inLanguage":"es","potentialAction":[{"@type":"ReadAction","target":["https:\/\/empresas.infoempleo.com\/hrtrends\/reclutar-al-candidato-ideal-gracias-a-la-neurociencia\/"]}]},{"@type":"ImageObject","inLanguage":"es","@id":"https:\/\/empresas.infoempleo.com\/hrtrends\/reclutar-al-candidato-ideal-gracias-a-la-neurociencia\/#primaryimage","url":"https:\/\/empresas.infoempleo.com\/hrtrends\/media\/2015\/11\/ThinkstockPhotos-468403628-150x150.jpg","contentUrl":"https:\/\/empresas.infoempleo.com\/hrtrends\/media\/2015\/11\/ThinkstockPhotos-468403628-150x150.jpg","width":150,"height":150,"caption":"Reclutar al candidato ideal gracias a la neurociencia"},{"@type":"BreadcrumbList","@id":"https:\/\/empresas.infoempleo.com\/hrtrends\/reclutar-al-candidato-ideal-gracias-a-la-neurociencia\/#breadcrumb","itemListElement":[{"@type":"ListItem","position":1,"name":"Portada","item":"https:\/\/empresas.infoempleo.com\/hrtrends\/"},{"@type":"ListItem","position":2,"name":"Reclutar al candidato ideal gracias a la neurociencia"}]},{"@type":"WebSite","@id":"https:\/\/empresas.infoempleo.com\/hrtrends\/#website","url":"https:\/\/empresas.infoempleo.com\/hrtrends","name":"HRTrends by Infoempleo","description":"","publisher":{"@id":"https:\/\/empresas.infoempleo.com\/hrtrends\/#organization"},"potentialAction":{"@type":"SearchAction","target":"https:\/\/empresas.infoempleo.com\/hrtrends\/?s={search_term_string}","query-input":"required name=search_term_string"},"inLanguage":"es"},{"@type":"Organization","@id":"https:\/\/empresas.infoempleo.com\/hrtrends\/#organization","name":"Infoempleo","url":"https:\/\/www.infoempleo.com\/","logo":{"@type":"ImageObject","@id":"https:\/\/empresas.infoempleo.com\/hrtrends\/#logo","inLanguage":"es","url":"https:\/\/cdnazure.infoempleo.com\/infoempleo\/assets\/style\/gfx\/logo.svg","contentUrl":"https:\/\/cdnazure.infoempleo.com\/infoempleo\/assets\/style\/gfx\/logo.svg","width":150,"height":40,"caption":"Infoempleo"},"image":{"@id":"https:\/\/empresas.infoempleo.com\/hrtrends\/#logo"},"sameAs":["https:\/\/www.facebook.com\/Infoempleo","https:\/\/x.com\/infoempleo","http:\/\/instagram.com\/infoempleo\/","http:\/\/www.linkedin.com\/groups\/Empleo-Espa\u00f1a-Infoempleocom-111276","http:\/\/pinterest.com\/infoempleo\/"],"address":{"@type":"PostalAddress","addressLocality":"Madrid","postalCode":"28050","streetAddress":"Avenida de Burgos 114"},"brand":["Infoempleo"]},{"@type":"Person","@id":"https:\/\/empresas.infoempleo.com\/hrtrends\/#\/schema\/person\/b5f470bbbcd4f7f0a6b8e4a99fd663a1","name":"Ester Carrasco","image":{"@type":"ImageObject","inLanguage":"es","@id":"https:\/\/empresas.infoempleo.com\/hrtrends\/#\/schema\/person\/image\/","url":"https:\/\/secure.gravatar.com\/avatar\/faf8039f7480ebcd5f937fefead903a7965a3f0af255f45f22a6bfbcbf6f16cf?s=96&d=mm&r=g","contentUrl":"https:\/\/secure.gravatar.com\/avatar\/faf8039f7480ebcd5f937fefead903a7965a3f0af255f45f22a6bfbcbf6f16cf?s=96&d=mm&r=g","caption":"Ester Carrasco"},"description":"Licenciada en Filosof\u00eda, cuento con una amplia experiencia en el mundo editorial, en el que he tenido oportunidad de desarrollar mi perfil como editora, redactora y correctora. Me mantengo al d\u00eda de las noticias y novedades relacionadas con el empleo y el \u00e1mbito laboral. Tambi\u00e9n me interesan los temas de orientaci\u00f3n acad\u00e9mica y profesional para el desarrollo y construcci\u00f3n de perfiles laborales, as\u00ed como las formas de reclutar talento y de demostrarlo.","url":"https:\/\/empresas.infoempleo.com\/hrtrends\/author\/ecarrascoagenciayerro\/"}]}},"amp_enabled":true,"_links":{"self":[{"href":"https:\/\/empresas.infoempleo.com\/hrtrends\/wp-json\/wp\/v2\/posts\/22513","targetHints":{"allow":["GET"]}}],"collection":[{"href":"https:\/\/empresas.infoempleo.com\/hrtrends\/wp-json\/wp\/v2\/posts"}],"about":[{"href":"https:\/\/empresas.infoempleo.com\/hrtrends\/wp-json\/wp\/v2\/types\/post"}],"author":[{"embeddable":true,"href":"https:\/\/empresas.infoempleo.com\/hrtrends\/wp-json\/wp\/v2\/users\/28"}],"replies":[{"embeddable":true,"href":"https:\/\/empresas.infoempleo.com\/hrtrends\/wp-json\/wp\/v2\/comments?post=22513"}],"version-history":[{"count":0,"href":"https:\/\/empresas.infoempleo.com\/hrtrends\/wp-json\/wp\/v2\/posts\/22513\/revisions"}],"wp:featuredmedia":[{"embeddable":true,"href":"https:\/\/empresas.infoempleo.com\/hrtrends\/wp-json\/wp\/v2\/media\/22736"}],"wp:attachment":[{"href":"https:\/\/empresas.infoempleo.com\/hrtrends\/wp-json\/wp\/v2\/media?parent=22513"}],"wp:term":[{"taxonomy":"category","embeddable":true,"href":"https:\/\/empresas.infoempleo.com\/hrtrends\/wp-json\/wp\/v2\/categories?post=22513"},{"taxonomy":"post_tag","embeddable":true,"href":"https:\/\/empresas.infoempleo.com\/hrtrends\/wp-json\/wp\/v2\/tags?post=22513"}],"curies":[{"name":"wp","href":"https:\/\/api.w.org\/{rel}","templated":true}]}}