{"id":22085,"date":"2015-09-24T07:30:57","date_gmt":"2015-09-24T05:30:57","guid":{"rendered":"http:\/\/blog.infoempleo.com\/?p=22085"},"modified":"2024-08-29T17:47:47","modified_gmt":"2024-08-29T15:47:47","slug":"que-es-un-influencer-y-como-puede-potenciar-tu-marca-2","status":"publish","type":"post","link":"https:\/\/empresas.infoempleo.com\/hrtrends\/que-es-un-influencer-y-como-puede-potenciar-tu-marca-2\/","title":{"rendered":"Qu\u00e9 es un influencer y c\u00f3mo puede potenciar tu marca"},"content":{"rendered":"<p>La buena reputaci\u00f3n no pasa solo por hacer las cosas bien, sino por saber d\u00f3nde y c\u00f3mo comunicarlas mejor. Pero a veces el alcance de nuestra comunicaci\u00f3n no es suficiente y es necesario hacerse escuchar por encima de todo el parloteo. Es entonces cuando se puede ir pensando en <strong>localizar a los <em>influencers<\/em><\/strong> del sector para aumentar la visibilidad.<\/p>\n<p><!--more--><\/p>\n<p>Los <em>influencers<\/em> son aquellas personas expertas en un \u00e1rea, un tipo de producto o una habilidad cuyo criterio goza de una <strong>gran credibilidad e influjo<\/strong>. Utilizan habitualmente las redes sociales para hablar de sus intereses y vuelcan sus opiniones en blogs que son referencia. Todo lo que dicen es tenido muy en cuenta por sus seguidores. Si conseguimos que estas personas (o medios) hablen de nuestra marca <strong>la visibilidad (y las ventas) de la empresa puede verse incrementada<\/strong> de forma exponencial.<\/p>\n<h3><strong>Me interesa tu opini\u00f3n<\/strong><\/h3>\n<p>Gente que opina sobre la empresa la hay en todas partes, entre los trabajadores, por parte de la competencia, de los clientes, de los proveedores. Pero ya se sabe que la capacidad de que una idea se propague no es igual en la calle que en Internet. Por eso en redes sociales hay algo que debe hacerse de forma sistem\u00e1tica. Se trata de <strong>escuchar<\/strong> o, en idioma de Internet, <strong>monitorizar<\/strong>. Qu\u00e9 se dice de la empresa y qui\u00e9n lo dice, si se est\u00e1 ante una crisis de reputaci\u00f3n o si hay una oportunidad de hablar del producto. As\u00ed que hay que poner la oreja en la v\u00eda para saber cu\u00e1ndo viene el tren y\u00a0subir en marcha para\u00a0que no nos arrolle.<\/p>\n<h3><strong>\u00bfD\u00f3nde est\u00e1n los <em>influencer<\/em>?<\/strong><\/h3>\n<p>Hay una serie de herramientas que pueden llevarte a averiguar <strong>qu\u00e9 perfiles son relevantes en tu actividad<\/strong>. Seguramente en el mundo <em>offline<\/em> ya sabes qui\u00e9nes son, as\u00ed que busca sus perfiles en redes sociales por <em>hashtags<\/em> o palabras clave y analiza la capacidad que tienen de persuasi\u00f3n. Puedes ayudarte de herramientas como SocialBro, para hacer una monitorizaci\u00f3n muy completa o <a href=\"https:\/\/klout.com\" target=\"_blank\" rel=\"noopener\" class=\"broken_link\">Klout<\/a>, que te permitir\u00e1n medir tanto tu influencia como la de los perfiles m\u00e1s destacados en tu \u00e1rea. Consulta los blogs del sector o las firmas en los medios espec\u00edficos.<\/p>\n<h3><strong>\u00bfQu\u00e9 tener en cuenta con los <em>influencer<\/em>?<\/strong><\/h3>\n<p>El n\u00famero de seguidores que tenga un perfil tiene una importancia relativa. No hay que dejarse deslumbrar por el n\u00famero de \u00abK\u00bb que sumen sus seguidores. Hay que tener en cuenta m\u00e1s bien <strong>c\u00f3mo ese prescriptor interacciona con su comunidad de <em>fans<\/em><\/strong>. Si comparte contenido propio y de calidad, si es capaz de generar conversaci\u00f3n sobre el sector y la informaci\u00f3n que difunde es muy compartida. En definitiva, si crea una comunidad que te interesa porque es tu p\u00fablico objetivo.<\/p>\n<p>Si finalmente se consigue llamar la atenci\u00f3n de un <em>influencer<\/em> con el producto o servicio que vendemos, la relaci\u00f3n que se establezca con \u00e9l puede ser tanto puntual como definirla a lo largo de un periodo. Cuidar esta relaci\u00f3n es crucial. La publicidad que viene directamente de la marca est\u00e1 dejando de ser relevante y la <strong>opini\u00f3n del experto<\/strong> lo es cada vez m\u00e1s. En esa medida hay que<strong> mimar y alimentar el v\u00ednculo<\/strong> que se establezca, con novedades en primicia, inter\u00e9s por su opini\u00f3n, invitaci\u00f3n a eventos y colaboraciones\u2026<\/p>\n<p>Si est\u00e1s pregunt\u00e1ndote qui\u00e9nes son los <em>influencers<\/em> de tu actividad, ponte las orejas de escuchar y sum\u00e9rgete entre arrobas y etiquetas para descubrir qui\u00e9n tiene voz y voto en tu sector.<\/p>\n","protected":false},"excerpt":{"rendered":"<p>La buena reputaci\u00f3n no pasa solo por hacer las cosas bien, sino por saber d\u00f3nde y c\u00f3mo comunicarlas<a class=\"moretag\" href=\"https:\/\/empresas.infoempleo.com\/hrtrends\/que-es-un-influencer-y-como-puede-potenciar-tu-marca-2\/\"> Leer m\u00e1s<\/a><\/p>\n","protected":false},"author":29,"featured_media":22087,"comment_status":"closed","ping_status":"open","sticky":false,"template":"","format":"standard","meta":{"footnotes":""},"categories":[3],"tags":[29,2707,2708,227,2709,2710],"class_list":["post-22085","post","type-post","status-publish","format-standard","has-post-thumbnail","hentry","category-actualidad","tag-comunicacion","tag-comunidad","tag-influencer","tag-marketing","tag-monitorizacion","tag-publico-objetivo"],"yoast_head":"<!-- This site is optimized with the Yoast SEO plugin v26.1.1 - https:\/\/yoast.com\/wordpress\/plugins\/seo\/ -->\n<title>Qu\u00e9 es un influencer y c\u00f3mo puede potenciar tu marca | HRTRENDS<\/title>\n<meta name=\"description\" content=\"Para conseguir una buena reputaci\u00f3n hay que hacer las cosas bien y saber d\u00f3nde comunicarlas. \u00bfC\u00f3mo localizar influencers para aumentar la visibilidad?\" \/>\n<meta name=\"robots\" content=\"index, follow, max-snippet:-1, max-image-preview:large, max-video-preview:-1\" \/>\n<link rel=\"canonical\" href=\"https:\/\/empresas.infoempleo.com\/hrtrends\/que-es-un-influencer-y-como-puede-potenciar-tu-marca-2\/\" \/>\n<meta property=\"og:locale\" content=\"es_ES\" \/>\n<meta property=\"og:type\" content=\"article\" \/>\n<meta property=\"og:title\" content=\"Qu\u00e9 es un influencer y c\u00f3mo puede potenciar tu marca | HRTRENDS\" \/>\n<meta property=\"og:description\" content=\"Para conseguir una buena reputaci\u00f3n hay que hacer las cosas bien y saber d\u00f3nde comunicarlas. \u00bfC\u00f3mo localizar influencers para aumentar la visibilidad?\" \/>\n<meta property=\"og:url\" content=\"https:\/\/empresas.infoempleo.com\/hrtrends\/que-es-un-influencer-y-como-puede-potenciar-tu-marca-2\/\" \/>\n<meta property=\"og:site_name\" content=\"HRTRENDS\" \/>\n<meta property=\"article:publisher\" content=\"https:\/\/www.facebook.com\/Infoempleo\" \/>\n<meta property=\"article:published_time\" content=\"2015-09-24T05:30:57+00:00\" \/>\n<meta property=\"article:modified_time\" content=\"2024-08-29T15:47:47+00:00\" \/>\n<meta property=\"og:image\" content=\"https:\/\/empresas.infoempleo.com\/hrtrends\/media\/2015\/09\/ThinkstockPhotos-486908422-e1442523989933.jpg\" \/>\n\t<meta property=\"og:image:width\" content=\"546\" \/>\n\t<meta property=\"og:image:height\" content=\"256\" \/>\n\t<meta property=\"og:image:type\" content=\"image\/jpeg\" \/>\n<meta name=\"author\" content=\"Luisa Carrasco\" \/>\n<meta name=\"twitter:card\" content=\"summary_large_image\" \/>\n<meta name=\"twitter:creator\" content=\"@infoempleo\" \/>\n<meta name=\"twitter:site\" content=\"@infoempleo\" \/>\n<meta name=\"twitter:label1\" content=\"Escrito por\" \/>\n\t<meta name=\"twitter:data1\" content=\"Luisa Carrasco\" \/>\n\t<meta name=\"twitter:label2\" content=\"Tiempo de lectura\" \/>\n\t<meta name=\"twitter:data2\" content=\"3 minutos\" \/>\n<script type=\"application\/ld+json\" class=\"yoast-schema-graph\">{\"@context\":\"https:\/\/schema.org\",\"@graph\":[{\"@type\":\"NewsArticle\",\"@id\":\"https:\/\/empresas.infoempleo.com\/hrtrends\/que-es-un-influencer-y-como-puede-potenciar-tu-marca-2\/#article\",\"isPartOf\":{\"@id\":\"https:\/\/empresas.infoempleo.com\/hrtrends\/que-es-un-influencer-y-como-puede-potenciar-tu-marca-2\/\"},\"author\":{\"name\":\"Luisa Carrasco\",\"@id\":\"https:\/\/empresas.infoempleo.com\/hrtrends\/#\/schema\/person\/32ca57975913668419d075627a98dafe\"},\"headline\":\"Qu\u00e9 es un influencer y c\u00f3mo puede potenciar tu marca\",\"datePublished\":\"2015-09-24T05:30:57+00:00\",\"dateModified\":\"2024-08-29T15:47:47+00:00\",\"mainEntityOfPage\":{\"@id\":\"https:\/\/empresas.infoempleo.com\/hrtrends\/que-es-un-influencer-y-como-puede-potenciar-tu-marca-2\/\"},\"wordCount\":618,\"publisher\":{\"@id\":\"https:\/\/empresas.infoempleo.com\/hrtrends\/#organization\"},\"image\":{\"@id\":\"https:\/\/empresas.infoempleo.com\/hrtrends\/que-es-un-influencer-y-como-puede-potenciar-tu-marca-2\/#primaryimage\"},\"thumbnailUrl\":\"https:\/\/empresas.infoempleo.com\/hrtrends\/media\/2015\/09\/ThinkstockPhotos-486908422-e1442523989933.jpg\",\"keywords\":[\"comunicaci\u00f3n\",\"comunidad\",\"influencer\",\"marketing\",\"monitorizaci\u00f3n\",\"p\u00fablico objetivo\"],\"articleSection\":[\"Actualidad\"],\"inLanguage\":\"es\",\"copyrightYear\":\"2015\",\"copyrightHolder\":{\"@id\":\"https:\/\/empresas.infoempleo.com\/hrtrends\/#organization\"}},{\"@type\":\"WebPage\",\"@id\":\"https:\/\/empresas.infoempleo.com\/hrtrends\/que-es-un-influencer-y-como-puede-potenciar-tu-marca-2\/\",\"url\":\"https:\/\/empresas.infoempleo.com\/hrtrends\/que-es-un-influencer-y-como-puede-potenciar-tu-marca-2\/\",\"name\":\"Qu\u00e9 es un influencer y c\u00f3mo puede potenciar tu marca | HRTRENDS\",\"isPartOf\":{\"@id\":\"https:\/\/empresas.infoempleo.com\/hrtrends\/#website\"},\"primaryImageOfPage\":{\"@id\":\"https:\/\/empresas.infoempleo.com\/hrtrends\/que-es-un-influencer-y-como-puede-potenciar-tu-marca-2\/#primaryimage\"},\"image\":{\"@id\":\"https:\/\/empresas.infoempleo.com\/hrtrends\/que-es-un-influencer-y-como-puede-potenciar-tu-marca-2\/#primaryimage\"},\"thumbnailUrl\":\"https:\/\/empresas.infoempleo.com\/hrtrends\/media\/2015\/09\/ThinkstockPhotos-486908422-e1442523989933.jpg\",\"datePublished\":\"2015-09-24T05:30:57+00:00\",\"dateModified\":\"2024-08-29T15:47:47+00:00\",\"description\":\"Para conseguir una buena reputaci\u00f3n hay que hacer las cosas bien y saber d\u00f3nde comunicarlas. \u00bfC\u00f3mo localizar influencers para aumentar la visibilidad?\",\"breadcrumb\":{\"@id\":\"https:\/\/empresas.infoempleo.com\/hrtrends\/que-es-un-influencer-y-como-puede-potenciar-tu-marca-2\/#breadcrumb\"},\"inLanguage\":\"es\",\"potentialAction\":[{\"@type\":\"ReadAction\",\"target\":[\"https:\/\/empresas.infoempleo.com\/hrtrends\/que-es-un-influencer-y-como-puede-potenciar-tu-marca-2\/\"]}]},{\"@type\":\"ImageObject\",\"inLanguage\":\"es\",\"@id\":\"https:\/\/empresas.infoempleo.com\/hrtrends\/que-es-un-influencer-y-como-puede-potenciar-tu-marca-2\/#primaryimage\",\"url\":\"https:\/\/empresas.infoempleo.com\/hrtrends\/media\/2015\/09\/ThinkstockPhotos-486908422-e1442523989933-150x150.jpg\",\"contentUrl\":\"https:\/\/empresas.infoempleo.com\/hrtrends\/media\/2015\/09\/ThinkstockPhotos-486908422-e1442523989933-150x150.jpg\",\"width\":150,\"height\":150,\"caption\":\"Qu\u00e9 es un influencer y c\u00f3mo puede potenciar tu marca\"},{\"@type\":\"BreadcrumbList\",\"@id\":\"https:\/\/empresas.infoempleo.com\/hrtrends\/que-es-un-influencer-y-como-puede-potenciar-tu-marca-2\/#breadcrumb\",\"itemListElement\":[{\"@type\":\"ListItem\",\"position\":1,\"name\":\"Portada\",\"item\":\"https:\/\/empresas.infoempleo.com\/hrtrends\/\"},{\"@type\":\"ListItem\",\"position\":2,\"name\":\"Qu\u00e9 es un influencer y c\u00f3mo puede potenciar tu marca\"}]},{\"@type\":\"WebSite\",\"@id\":\"https:\/\/empresas.infoempleo.com\/hrtrends\/#website\",\"url\":\"https:\/\/empresas.infoempleo.com\/hrtrends\",\"name\":\"HRTrends by Infoempleo\",\"description\":\"\",\"publisher\":{\"@id\":\"https:\/\/empresas.infoempleo.com\/hrtrends\/#organization\"},\"potentialAction\":{\"@type\":\"SearchAction\",\"target\":\"https:\/\/empresas.infoempleo.com\/hrtrends\/?s={search_term_string}\",\"query-input\":\"required name=search_term_string\"},\"inLanguage\":\"es\"},{\"@type\":\"Organization\",\"@id\":\"https:\/\/empresas.infoempleo.com\/hrtrends\/#organization\",\"name\":\"Infoempleo\",\"url\":\"https:\/\/www.infoempleo.com\/\",\"logo\":{\"@type\":\"ImageObject\",\"@id\":\"https:\/\/empresas.infoempleo.com\/hrtrends\/#logo\",\"inLanguage\":\"es\",\"url\":\"https:\/\/cdnazure.infoempleo.com\/infoempleo\/assets\/style\/gfx\/logo.svg\",\"contentUrl\":\"https:\/\/cdnazure.infoempleo.com\/infoempleo\/assets\/style\/gfx\/logo.svg\",\"width\":150,\"height\":40,\"caption\":\"Infoempleo\"},\"image\":{\"@id\":\"https:\/\/empresas.infoempleo.com\/hrtrends\/#logo\"},\"sameAs\":[\"https:\/\/www.facebook.com\/Infoempleo\",\"https:\/\/x.com\/infoempleo\",\"http:\/\/instagram.com\/infoempleo\/\",\"http:\/\/www.linkedin.com\/groups\/Empleo-Espa\u00f1a-Infoempleocom-111276\",\"http:\/\/pinterest.com\/infoempleo\/\"],\"address\":{\"@type\":\"PostalAddress\",\"addressLocality\":\"Madrid\",\"postalCode\":\"28050\",\"streetAddress\":\"Avenida de Burgos 114\"},\"brand\":[\"Infoempleo\"]},{\"@type\":\"Person\",\"@id\":\"https:\/\/empresas.infoempleo.com\/hrtrends\/#\/schema\/person\/32ca57975913668419d075627a98dafe\",\"name\":\"Luisa Carrasco\",\"image\":{\"@type\":\"ImageObject\",\"inLanguage\":\"es\",\"@id\":\"https:\/\/empresas.infoempleo.com\/hrtrends\/#\/schema\/person\/image\/\",\"url\":\"https:\/\/secure.gravatar.com\/avatar\/8cc7d7a784a8289007bbfddcef37ed7157c6ae70e89183748ddf5858d9133c86?s=96&d=mm&r=g\",\"contentUrl\":\"https:\/\/secure.gravatar.com\/avatar\/8cc7d7a784a8289007bbfddcef37ed7157c6ae70e89183748ddf5858d9133c86?s=96&d=mm&r=g\",\"caption\":\"Luisa Carrasco\"},\"description\":\"Licenciada en Sociolog\u00eda y posgrado en gesti\u00f3n de la comunicaci\u00f3n para organizaciones culturales. Me interesa todo lo que tiene que ver con la organizaci\u00f3n e integraci\u00f3n de los distintos agentes sociales. El \u00e1mbito laboral y el de la educaci\u00f3n y formaci\u00f3n es el punto de encuentro de gran parte de estos actores. Estoy al tanto de los temas de actualidad laboral, las tendencias en el mercado del trabajo, las nuevas iniciativas en el tejido empresarial y las propuestas de innovaci\u00f3n en materia de educaci\u00f3n y formaci\u00f3n. Por lo general, escribo en el blog de Infoempleo tres veces por semana.\",\"url\":\"https:\/\/empresas.infoempleo.com\/hrtrends\/author\/luisaagenciayerro\/\"}]}<\/script>\n<!-- \/ Yoast SEO plugin. -->","yoast_head_json":{"title":"Qu\u00e9 es un influencer y c\u00f3mo puede potenciar tu marca | HRTRENDS","description":"Para conseguir una buena reputaci\u00f3n hay que hacer las cosas bien y saber d\u00f3nde comunicarlas. \u00bfC\u00f3mo localizar influencers para aumentar la visibilidad?","robots":{"index":"index","follow":"follow","max-snippet":"max-snippet:-1","max-image-preview":"max-image-preview:large","max-video-preview":"max-video-preview:-1"},"canonical":"https:\/\/empresas.infoempleo.com\/hrtrends\/que-es-un-influencer-y-como-puede-potenciar-tu-marca-2\/","og_locale":"es_ES","og_type":"article","og_title":"Qu\u00e9 es un influencer y c\u00f3mo puede potenciar tu marca | HRTRENDS","og_description":"Para conseguir una buena reputaci\u00f3n hay que hacer las cosas bien y saber d\u00f3nde comunicarlas. \u00bfC\u00f3mo localizar influencers para aumentar la visibilidad?","og_url":"https:\/\/empresas.infoempleo.com\/hrtrends\/que-es-un-influencer-y-como-puede-potenciar-tu-marca-2\/","og_site_name":"HRTRENDS","article_publisher":"https:\/\/www.facebook.com\/Infoempleo","article_published_time":"2015-09-24T05:30:57+00:00","article_modified_time":"2024-08-29T15:47:47+00:00","og_image":[{"width":546,"height":256,"url":"https:\/\/empresas.infoempleo.com\/hrtrends\/media\/2015\/09\/ThinkstockPhotos-486908422-e1442523989933.jpg","type":"image\/jpeg"}],"author":"Luisa Carrasco","twitter_card":"summary_large_image","twitter_creator":"@infoempleo","twitter_site":"@infoempleo","twitter_misc":{"Escrito por":"Luisa Carrasco","Tiempo de lectura":"3 minutos"},"schema":{"@context":"https:\/\/schema.org","@graph":[{"@type":"NewsArticle","@id":"https:\/\/empresas.infoempleo.com\/hrtrends\/que-es-un-influencer-y-como-puede-potenciar-tu-marca-2\/#article","isPartOf":{"@id":"https:\/\/empresas.infoempleo.com\/hrtrends\/que-es-un-influencer-y-como-puede-potenciar-tu-marca-2\/"},"author":{"name":"Luisa Carrasco","@id":"https:\/\/empresas.infoempleo.com\/hrtrends\/#\/schema\/person\/32ca57975913668419d075627a98dafe"},"headline":"Qu\u00e9 es un influencer y c\u00f3mo puede potenciar tu marca","datePublished":"2015-09-24T05:30:57+00:00","dateModified":"2024-08-29T15:47:47+00:00","mainEntityOfPage":{"@id":"https:\/\/empresas.infoempleo.com\/hrtrends\/que-es-un-influencer-y-como-puede-potenciar-tu-marca-2\/"},"wordCount":618,"publisher":{"@id":"https:\/\/empresas.infoempleo.com\/hrtrends\/#organization"},"image":{"@id":"https:\/\/empresas.infoempleo.com\/hrtrends\/que-es-un-influencer-y-como-puede-potenciar-tu-marca-2\/#primaryimage"},"thumbnailUrl":"https:\/\/empresas.infoempleo.com\/hrtrends\/media\/2015\/09\/ThinkstockPhotos-486908422-e1442523989933.jpg","keywords":["comunicaci\u00f3n","comunidad","influencer","marketing","monitorizaci\u00f3n","p\u00fablico objetivo"],"articleSection":["Actualidad"],"inLanguage":"es","copyrightYear":"2015","copyrightHolder":{"@id":"https:\/\/empresas.infoempleo.com\/hrtrends\/#organization"}},{"@type":"WebPage","@id":"https:\/\/empresas.infoempleo.com\/hrtrends\/que-es-un-influencer-y-como-puede-potenciar-tu-marca-2\/","url":"https:\/\/empresas.infoempleo.com\/hrtrends\/que-es-un-influencer-y-como-puede-potenciar-tu-marca-2\/","name":"Qu\u00e9 es un influencer y c\u00f3mo puede potenciar tu marca | HRTRENDS","isPartOf":{"@id":"https:\/\/empresas.infoempleo.com\/hrtrends\/#website"},"primaryImageOfPage":{"@id":"https:\/\/empresas.infoempleo.com\/hrtrends\/que-es-un-influencer-y-como-puede-potenciar-tu-marca-2\/#primaryimage"},"image":{"@id":"https:\/\/empresas.infoempleo.com\/hrtrends\/que-es-un-influencer-y-como-puede-potenciar-tu-marca-2\/#primaryimage"},"thumbnailUrl":"https:\/\/empresas.infoempleo.com\/hrtrends\/media\/2015\/09\/ThinkstockPhotos-486908422-e1442523989933.jpg","datePublished":"2015-09-24T05:30:57+00:00","dateModified":"2024-08-29T15:47:47+00:00","description":"Para conseguir una buena reputaci\u00f3n hay que hacer las cosas bien y saber d\u00f3nde comunicarlas. \u00bfC\u00f3mo localizar influencers para aumentar la visibilidad?","breadcrumb":{"@id":"https:\/\/empresas.infoempleo.com\/hrtrends\/que-es-un-influencer-y-como-puede-potenciar-tu-marca-2\/#breadcrumb"},"inLanguage":"es","potentialAction":[{"@type":"ReadAction","target":["https:\/\/empresas.infoempleo.com\/hrtrends\/que-es-un-influencer-y-como-puede-potenciar-tu-marca-2\/"]}]},{"@type":"ImageObject","inLanguage":"es","@id":"https:\/\/empresas.infoempleo.com\/hrtrends\/que-es-un-influencer-y-como-puede-potenciar-tu-marca-2\/#primaryimage","url":"https:\/\/empresas.infoempleo.com\/hrtrends\/media\/2015\/09\/ThinkstockPhotos-486908422-e1442523989933-150x150.jpg","contentUrl":"https:\/\/empresas.infoempleo.com\/hrtrends\/media\/2015\/09\/ThinkstockPhotos-486908422-e1442523989933-150x150.jpg","width":150,"height":150,"caption":"Qu\u00e9 es un influencer y c\u00f3mo puede potenciar tu marca"},{"@type":"BreadcrumbList","@id":"https:\/\/empresas.infoempleo.com\/hrtrends\/que-es-un-influencer-y-como-puede-potenciar-tu-marca-2\/#breadcrumb","itemListElement":[{"@type":"ListItem","position":1,"name":"Portada","item":"https:\/\/empresas.infoempleo.com\/hrtrends\/"},{"@type":"ListItem","position":2,"name":"Qu\u00e9 es un influencer y c\u00f3mo puede potenciar tu marca"}]},{"@type":"WebSite","@id":"https:\/\/empresas.infoempleo.com\/hrtrends\/#website","url":"https:\/\/empresas.infoempleo.com\/hrtrends","name":"HRTrends by Infoempleo","description":"","publisher":{"@id":"https:\/\/empresas.infoempleo.com\/hrtrends\/#organization"},"potentialAction":{"@type":"SearchAction","target":"https:\/\/empresas.infoempleo.com\/hrtrends\/?s={search_term_string}","query-input":"required name=search_term_string"},"inLanguage":"es"},{"@type":"Organization","@id":"https:\/\/empresas.infoempleo.com\/hrtrends\/#organization","name":"Infoempleo","url":"https:\/\/www.infoempleo.com\/","logo":{"@type":"ImageObject","@id":"https:\/\/empresas.infoempleo.com\/hrtrends\/#logo","inLanguage":"es","url":"https:\/\/cdnazure.infoempleo.com\/infoempleo\/assets\/style\/gfx\/logo.svg","contentUrl":"https:\/\/cdnazure.infoempleo.com\/infoempleo\/assets\/style\/gfx\/logo.svg","width":150,"height":40,"caption":"Infoempleo"},"image":{"@id":"https:\/\/empresas.infoempleo.com\/hrtrends\/#logo"},"sameAs":["https:\/\/www.facebook.com\/Infoempleo","https:\/\/x.com\/infoempleo","http:\/\/instagram.com\/infoempleo\/","http:\/\/www.linkedin.com\/groups\/Empleo-Espa\u00f1a-Infoempleocom-111276","http:\/\/pinterest.com\/infoempleo\/"],"address":{"@type":"PostalAddress","addressLocality":"Madrid","postalCode":"28050","streetAddress":"Avenida de Burgos 114"},"brand":["Infoempleo"]},{"@type":"Person","@id":"https:\/\/empresas.infoempleo.com\/hrtrends\/#\/schema\/person\/32ca57975913668419d075627a98dafe","name":"Luisa Carrasco","image":{"@type":"ImageObject","inLanguage":"es","@id":"https:\/\/empresas.infoempleo.com\/hrtrends\/#\/schema\/person\/image\/","url":"https:\/\/secure.gravatar.com\/avatar\/8cc7d7a784a8289007bbfddcef37ed7157c6ae70e89183748ddf5858d9133c86?s=96&d=mm&r=g","contentUrl":"https:\/\/secure.gravatar.com\/avatar\/8cc7d7a784a8289007bbfddcef37ed7157c6ae70e89183748ddf5858d9133c86?s=96&d=mm&r=g","caption":"Luisa Carrasco"},"description":"Licenciada en Sociolog\u00eda y posgrado en gesti\u00f3n de la comunicaci\u00f3n para organizaciones culturales. Me interesa todo lo que tiene que ver con la organizaci\u00f3n e integraci\u00f3n de los distintos agentes sociales. El \u00e1mbito laboral y el de la educaci\u00f3n y formaci\u00f3n es el punto de encuentro de gran parte de estos actores. Estoy al tanto de los temas de actualidad laboral, las tendencias en el mercado del trabajo, las nuevas iniciativas en el tejido empresarial y las propuestas de innovaci\u00f3n en materia de educaci\u00f3n y formaci\u00f3n. Por lo general, escribo en el blog de Infoempleo tres veces por semana.","url":"https:\/\/empresas.infoempleo.com\/hrtrends\/author\/luisaagenciayerro\/"}]}},"amp_enabled":true,"_links":{"self":[{"href":"https:\/\/empresas.infoempleo.com\/hrtrends\/wp-json\/wp\/v2\/posts\/22085","targetHints":{"allow":["GET"]}}],"collection":[{"href":"https:\/\/empresas.infoempleo.com\/hrtrends\/wp-json\/wp\/v2\/posts"}],"about":[{"href":"https:\/\/empresas.infoempleo.com\/hrtrends\/wp-json\/wp\/v2\/types\/post"}],"author":[{"embeddable":true,"href":"https:\/\/empresas.infoempleo.com\/hrtrends\/wp-json\/wp\/v2\/users\/29"}],"replies":[{"embeddable":true,"href":"https:\/\/empresas.infoempleo.com\/hrtrends\/wp-json\/wp\/v2\/comments?post=22085"}],"version-history":[{"count":2,"href":"https:\/\/empresas.infoempleo.com\/hrtrends\/wp-json\/wp\/v2\/posts\/22085\/revisions"}],"predecessor-version":[{"id":45249,"href":"https:\/\/empresas.infoempleo.com\/hrtrends\/wp-json\/wp\/v2\/posts\/22085\/revisions\/45249"}],"wp:featuredmedia":[{"embeddable":true,"href":"https:\/\/empresas.infoempleo.com\/hrtrends\/wp-json\/wp\/v2\/media\/22087"}],"wp:attachment":[{"href":"https:\/\/empresas.infoempleo.com\/hrtrends\/wp-json\/wp\/v2\/media?parent=22085"}],"wp:term":[{"taxonomy":"category","embeddable":true,"href":"https:\/\/empresas.infoempleo.com\/hrtrends\/wp-json\/wp\/v2\/categories?post=22085"},{"taxonomy":"post_tag","embeddable":true,"href":"https:\/\/empresas.infoempleo.com\/hrtrends\/wp-json\/wp\/v2\/tags?post=22085"}],"curies":[{"name":"wp","href":"https:\/\/api.w.org\/{rel}","templated":true}]}}