{"id":21722,"date":"2016-09-21T07:30:30","date_gmt":"2016-09-21T05:30:30","guid":{"rendered":"http:\/\/blog.infoempleo.com\/?p=21722"},"modified":"2018-05-23T16:51:28","modified_gmt":"2018-05-23T14:51:28","slug":"los-responsables-de-rrhh-opinan-ey","status":"publish","type":"post","link":"https:\/\/empresas.infoempleo.com\/hrtrends\/los-responsables-de-rrhh-opinan-ey\/","title":{"rendered":"Los responsables de RRHH opinan: EY"},"content":{"rendered":"<p>En esta nueva\u00a0entrega de la serie \u201cLos Responsables de RRHH opinan\u201d el Director de Recursos Humanos de EY, Jos\u00e9 Luis Risco, nos cuenta c\u00f3mo el sector de la consultor\u00eda y los servicios profesionales se ha adelantado a la recuperaci\u00f3n econ\u00f3mica, con una apuesta firme por la creaci\u00f3n de <strong>nuevos puestos de trabajo<\/strong>. Dentro de esta tendencia, EY juega un papel relevante y de liderazgo, con la creaci\u00f3n de 1.200 nuevos empleos en Espa\u00f1a en este mismo a\u00f1o.<!--more--><\/p>\n<p><img loading=\"lazy\" decoding=\"async\" class=\"wp-image-29938 aligncenter\" src=\"https:\/\/empresas.infoempleo.com\/hrtrends\/media\/2016\/09\/EY_Risco-Jose-Luis-1024x694.jpg\" alt=\"EY_Risco, Jose Luis\" width=\"500\" height=\"339\" srcset=\"https:\/\/empresas.infoempleo.com\/hrtrends\/media\/2016\/09\/EY_Risco-Jose-Luis-1024x694.jpg 1024w, https:\/\/empresas.infoempleo.com\/hrtrends\/media\/2016\/09\/EY_Risco-Jose-Luis-300x203.jpg 300w, https:\/\/empresas.infoempleo.com\/hrtrends\/media\/2016\/09\/EY_Risco-Jose-Luis-768x521.jpg 768w, https:\/\/empresas.infoempleo.com\/hrtrends\/media\/2016\/09\/EY_Risco-Jose-Luis.jpg 1280w\" sizes=\"auto, (max-width: 500px) 100vw, 500px\" \/><\/p>\n<h2>Expectativas de crecimiento<\/h2>\n<p><span style=\"line-height: 1.5;\">El precio del crudo, las dudas sobre el ritmo de crecimiento de algunos pa\u00edses\u00a0emergentes como China, el Brexit, las elecciones en Estados Unidos, la indefinici\u00f3n\u00a0en el plano pol\u00edtico espa\u00f1ol y, por supuesto, el drama de la inmigraci\u00f3n y sus\u00a0derivadas est\u00e1n haciendo de 2016 un a\u00f1o complejo con numerosos interrogantes.\u00a0<\/span><span style=\"line-height: 1.5;\">Sin embargo, pese a los riesgos econ\u00f3micos y las incertidumbres geopol\u00edticas, lo\u00a0cierto es que el <strong>sector de la consultor\u00eda y los servicios profesionales<\/strong> mantiene un\u00a0buen tono con expectativas de crecimiento y creaci\u00f3n de empleo en nuestro pa\u00eds.<br \/>\n<\/span><\/p>\n<p><span style=\"line-height: 1.5;\">En EY hicimos hace unos a\u00f1os una apuesta clara de crecimiento que se est\u00e1\u00a0consolidando y nos est\u00e1 permitiendo crecer a doble d\u00edgito y tener una previsi\u00f3n de\u00a0contrataciones para este a\u00f1o de 1.200 profesionales. Todo ello gracias a nuestra\u00a0apuesta por la diversificaci\u00f3n de los negocios, as\u00ed como por los servicios sectoriales\u00a0y los <strong>equipos multidisciplinares<\/strong>, lo que nos est\u00e1 dando muy buenos resultados.<br \/>\n<\/span><\/p>\n<p><span style=\"line-height: 1.5;\">En este sentido, auditoria sigue teniendo un peso muy relevante. Adem\u00e1s del\u00a0negocio regulado, estamos <strong>creciendo con fuerza en el asesoramiento contable y\u00a0financiero<\/strong>, as\u00ed como en investigaci\u00f3n de fraude y cumplimiento normativo.<br \/>\n<\/span><\/p>\n<p><span style=\"line-height: 1.5;\">Al mismo tiempo, en el \u00e1rea de abogados se mantiene el crecimiento a doble d\u00edgito.\u00a0Servicios como los de <strong>fiscalidad internacional y controversia tributaria han tenido\u00a0un excelente comportamiento<\/strong> y continuamos potenciando nuestra pr\u00e1ctica de\u00a0legal, en \u00e1reas como el derecho de competencia y M&amp;A, entre otras.<br \/>\n<\/span><\/p>\n<p><span style=\"line-height: 1.5;\">En transacciones, la integraci\u00f3n hace unos a\u00f1os de Ambers y la incorporaci\u00f3n de\u00a0profesionales sectoriales de prestigio ha empujado fuertemente las cifras en esta\u00a0l\u00ednea de servicio, con un crecimiento superior al 40%. Y en consultor\u00eda, donde\u00a0hemos crecido un 36%, estamos ampliando tambi\u00e9n nuestra presencia en el \u00e1rea de\u00a0performance improvement, que engloba <strong>servicios de transformaci\u00f3n digital y\u00a0experiencia de cliente<\/strong>, entre otros. Esta apuesta viene a complementar los servicios\u00a0que ya ven\u00edamos prestando en el \u00e1rea de consultor\u00eda de riesgos.<br \/>\n<\/span><\/p>\n<p><span style=\"line-height: 1.5;\">Todo este crecimiento es posible gracias al talento; al nuevo pero sobre todo al que\u00a0ya forma parte de EY. En 10 a\u00f1os <strong>hemos aumentado la plantilla en un 70%<\/strong> y\u00a0nuestras expectativas de crecimiento nos animan a pensar que seguiremos con\u00a0altas tasas de contrataci\u00f3n en los a\u00f1os sucesivos.<br \/>\n<\/span><\/p>\n<h2>Perfiles din\u00e1micos e innovadores<\/h2>\n<p><span style=\"line-height: 1.5;\">Necesitamos profesionales din\u00e1micos, que sean innovadores, capaces de trabajar\u00a0con equipos diferentes, que apuesten por la diversidad como lo hacemos nosotros,\u00a0y que tengan vocaci\u00f3n internacional. Para ello trabajamos estrechamente con las\u00a0principales universidades e instituciones, <strong>contamos con programas concretos de\u00a0atracci\u00f3n del talento<\/strong>, potenciando la incorporaci\u00f3n de los j\u00f3venes profesionales\u00a0con acciones destinadas a llevar la empresa a la universidad, como el EY Challenge,\u00a0un programa innovador de selecci\u00f3n basado en la experiencia de direcci\u00f3n de\u00a0empresas en un entorno econ\u00f3mico virtual.<br \/>\n<\/span><\/p>\n<p><span style=\"line-height: 1.5;\">En definitiva, una firma como EY es talento y diversidad. Su valor son los\u00a0profesionales que lo forman y esta m\u00e1xima la llevamos hasta el final.<\/span><\/p>\n","protected":false},"excerpt":{"rendered":"<p>En esta nueva\u00a0entrega de la serie \u201cLos Responsables de RRHH opinan\u201d el Director de Recursos Humanos de EY,<a class=\"moretag\" href=\"https:\/\/empresas.infoempleo.com\/hrtrends\/los-responsables-de-rrhh-opinan-ey\/\"> Leer m\u00e1s<\/a><\/p>\n","protected":false},"author":72,"featured_media":26406,"comment_status":"closed","ping_status":"open","sticky":false,"template":"","format":"standard","meta":{"footnotes":""},"categories":[2978],"tags":[2980,162,1613,2981,169,70],"class_list":["post-21722","post","type-post","status-publish","format-standard","has-post-thumbnail","hentry","category-directores-rrhh","tag-directores-rrhh","tag-empleo","tag-informe-infoempleo","tag-informe-infoempleo-adecco-2014","tag-mercado-laboral","tag-rrhh"],"yoast_head":"<!-- This site is optimized with the Yoast SEO plugin v26.1.1 - https:\/\/yoast.com\/wordpress\/plugins\/seo\/ -->\n<title>Los responsables de RRHH opinan: EY | HRTRENDS<\/title>\n<meta name=\"description\" content=\"En esta quinta entrega de la serie \u201cLos Responsables de RRHH opinan\u201d el Director de Recursos Humanos de EY, Jos\u00e9 Luis Risco, nos cuenta c\u00f3mo el sector de la consultor\u00eda y los servicios profesionales se ha adelantado a la recuperaci\u00f3n econ\u00f3mica, con una apuesta firme por la creaci\u00f3n de nuevos puestos de trabajo.\" \/>\n<meta name=\"robots\" content=\"index, follow, max-snippet:-1, max-image-preview:large, max-video-preview:-1\" \/>\n<link rel=\"canonical\" href=\"https:\/\/empresas.infoempleo.com\/hrtrends\/los-responsables-de-rrhh-opinan-ey\/\" \/>\n<meta property=\"og:locale\" content=\"es_ES\" \/>\n<meta property=\"og:type\" content=\"article\" \/>\n<meta property=\"og:title\" content=\"Los responsables de RRHH opinan: EY | HRTRENDS\" \/>\n<meta property=\"og:description\" content=\"En esta quinta entrega de la serie \u201cLos Responsables de RRHH opinan\u201d el Director de Recursos Humanos de EY, Jos\u00e9 Luis Risco, nos cuenta c\u00f3mo el sector de la consultor\u00eda y los servicios profesionales se ha adelantado a la recuperaci\u00f3n econ\u00f3mica, con una apuesta firme por la creaci\u00f3n de nuevos puestos de trabajo.\" \/>\n<meta property=\"og:url\" content=\"https:\/\/empresas.infoempleo.com\/hrtrends\/los-responsables-de-rrhh-opinan-ey\/\" \/>\n<meta property=\"og:site_name\" content=\"HRTRENDS\" \/>\n<meta property=\"article:publisher\" content=\"https:\/\/www.facebook.com\/Infoempleo\" \/>\n<meta property=\"article:published_time\" content=\"2016-09-21T05:30:30+00:00\" \/>\n<meta property=\"article:modified_time\" content=\"2018-05-23T14:51:28+00:00\" \/>\n<meta property=\"og:image\" content=\"https:\/\/empresas.infoempleo.com\/hrtrends\/media\/2016\/09\/Responsables-de-RRHH-EY.png\" \/>\n\t<meta property=\"og:image:width\" content=\"881\" \/>\n\t<meta property=\"og:image:height\" content=\"436\" \/>\n\t<meta property=\"og:image:type\" content=\"image\/png\" \/>\n<meta name=\"author\" content=\"infoempleo\" \/>\n<meta name=\"twitter:card\" content=\"summary_large_image\" \/>\n<meta name=\"twitter:creator\" content=\"@infoempleo\" \/>\n<meta name=\"twitter:site\" content=\"@infoempleo\" \/>\n<meta name=\"twitter:label1\" content=\"Escrito por\" \/>\n\t<meta name=\"twitter:data1\" content=\"infoempleo\" \/>\n\t<meta name=\"twitter:label2\" content=\"Tiempo de lectura\" \/>\n\t<meta name=\"twitter:data2\" content=\"3 minutos\" \/>\n<script type=\"application\/ld+json\" class=\"yoast-schema-graph\">{\"@context\":\"https:\/\/schema.org\",\"@graph\":[{\"@type\":\"NewsArticle\",\"@id\":\"https:\/\/empresas.infoempleo.com\/hrtrends\/los-responsables-de-rrhh-opinan-ey\/#article\",\"isPartOf\":{\"@id\":\"https:\/\/empresas.infoempleo.com\/hrtrends\/los-responsables-de-rrhh-opinan-ey\/\"},\"author\":{\"name\":\"infoempleo\",\"@id\":\"https:\/\/empresas.infoempleo.com\/hrtrends\/#\/schema\/person\/67d3e276ffcc8b3ae0ebec816daf775a\"},\"headline\":\"Los responsables de RRHH opinan: EY\",\"datePublished\":\"2016-09-21T05:30:30+00:00\",\"dateModified\":\"2018-05-23T14:51:28+00:00\",\"mainEntityOfPage\":{\"@id\":\"https:\/\/empresas.infoempleo.com\/hrtrends\/los-responsables-de-rrhh-opinan-ey\/\"},\"wordCount\":614,\"publisher\":{\"@id\":\"https:\/\/empresas.infoempleo.com\/hrtrends\/#organization\"},\"image\":{\"@id\":\"https:\/\/empresas.infoempleo.com\/hrtrends\/los-responsables-de-rrhh-opinan-ey\/#primaryimage\"},\"thumbnailUrl\":\"https:\/\/empresas.infoempleo.com\/hrtrends\/media\/2016\/09\/Responsables-de-RRHH-EY.png\",\"keywords\":[\"directores RRHH\",\"Empleo\",\"Informe Infoempleo\",\"Informe Infoempleo Adecco 2014\",\"mercado laboral\",\"RRHH\"],\"articleSection\":[\"Directores de RRHH\"],\"inLanguage\":\"es\",\"copyrightYear\":\"2016\",\"copyrightHolder\":{\"@id\":\"https:\/\/empresas.infoempleo.com\/hrtrends\/#organization\"}},{\"@type\":\"WebPage\",\"@id\":\"https:\/\/empresas.infoempleo.com\/hrtrends\/los-responsables-de-rrhh-opinan-ey\/\",\"url\":\"https:\/\/empresas.infoempleo.com\/hrtrends\/los-responsables-de-rrhh-opinan-ey\/\",\"name\":\"Los responsables de RRHH opinan: EY | HRTRENDS\",\"isPartOf\":{\"@id\":\"https:\/\/empresas.infoempleo.com\/hrtrends\/#website\"},\"primaryImageOfPage\":{\"@id\":\"https:\/\/empresas.infoempleo.com\/hrtrends\/los-responsables-de-rrhh-opinan-ey\/#primaryimage\"},\"image\":{\"@id\":\"https:\/\/empresas.infoempleo.com\/hrtrends\/los-responsables-de-rrhh-opinan-ey\/#primaryimage\"},\"thumbnailUrl\":\"https:\/\/empresas.infoempleo.com\/hrtrends\/media\/2016\/09\/Responsables-de-RRHH-EY.png\",\"datePublished\":\"2016-09-21T05:30:30+00:00\",\"dateModified\":\"2018-05-23T14:51:28+00:00\",\"description\":\"En esta quinta entrega de la serie \u201cLos Responsables de RRHH opinan\u201d el Director de Recursos Humanos de EY, Jos\u00e9 Luis Risco, nos cuenta c\u00f3mo el sector de la consultor\u00eda y los servicios profesionales se ha adelantado a la recuperaci\u00f3n econ\u00f3mica, con una apuesta firme por la creaci\u00f3n de nuevos puestos de trabajo.\",\"breadcrumb\":{\"@id\":\"https:\/\/empresas.infoempleo.com\/hrtrends\/los-responsables-de-rrhh-opinan-ey\/#breadcrumb\"},\"inLanguage\":\"es\",\"potentialAction\":[{\"@type\":\"ReadAction\",\"target\":[\"https:\/\/empresas.infoempleo.com\/hrtrends\/los-responsables-de-rrhh-opinan-ey\/\"]}]},{\"@type\":\"ImageObject\",\"inLanguage\":\"es\",\"@id\":\"https:\/\/empresas.infoempleo.com\/hrtrends\/los-responsables-de-rrhh-opinan-ey\/#primaryimage\",\"url\":\"https:\/\/empresas.infoempleo.com\/hrtrends\/media\/2016\/09\/Responsables-de-RRHH-EY-150x150.png\",\"contentUrl\":\"https:\/\/empresas.infoempleo.com\/hrtrends\/media\/2016\/09\/Responsables-de-RRHH-EY-150x150.png\",\"width\":150,\"height\":150,\"caption\":\"Responsables de RRHH - EY\"},{\"@type\":\"BreadcrumbList\",\"@id\":\"https:\/\/empresas.infoempleo.com\/hrtrends\/los-responsables-de-rrhh-opinan-ey\/#breadcrumb\",\"itemListElement\":[{\"@type\":\"ListItem\",\"position\":1,\"name\":\"Portada\",\"item\":\"https:\/\/empresas.infoempleo.com\/hrtrends\/\"},{\"@type\":\"ListItem\",\"position\":2,\"name\":\"Los responsables de RRHH opinan: EY\"}]},{\"@type\":\"WebSite\",\"@id\":\"https:\/\/empresas.infoempleo.com\/hrtrends\/#website\",\"url\":\"https:\/\/empresas.infoempleo.com\/hrtrends\",\"name\":\"HRTrends by Infoempleo\",\"description\":\"\",\"publisher\":{\"@id\":\"https:\/\/empresas.infoempleo.com\/hrtrends\/#organization\"},\"potentialAction\":{\"@type\":\"SearchAction\",\"target\":\"https:\/\/empresas.infoempleo.com\/hrtrends\/?s={search_term_string}\",\"query-input\":\"required name=search_term_string\"},\"inLanguage\":\"es\"},{\"@type\":\"Organization\",\"@id\":\"https:\/\/empresas.infoempleo.com\/hrtrends\/#organization\",\"name\":\"Infoempleo\",\"url\":\"https:\/\/www.infoempleo.com\/\",\"logo\":{\"@type\":\"ImageObject\",\"@id\":\"https:\/\/empresas.infoempleo.com\/hrtrends\/#logo\",\"inLanguage\":\"es\",\"url\":\"https:\/\/cdnazure.infoempleo.com\/infoempleo\/assets\/style\/gfx\/logo.svg\",\"contentUrl\":\"https:\/\/cdnazure.infoempleo.com\/infoempleo\/assets\/style\/gfx\/logo.svg\",\"width\":150,\"height\":40,\"caption\":\"Infoempleo\"},\"image\":{\"@id\":\"https:\/\/empresas.infoempleo.com\/hrtrends\/#logo\"},\"sameAs\":[\"https:\/\/www.facebook.com\/Infoempleo\",\"https:\/\/x.com\/infoempleo\",\"http:\/\/instagram.com\/infoempleo\/\",\"http:\/\/www.linkedin.com\/groups\/Empleo-Espa\u00f1a-Infoempleocom-111276\",\"http:\/\/pinterest.com\/infoempleo\/\"],\"address\":{\"@type\":\"PostalAddress\",\"addressLocality\":\"Madrid\",\"postalCode\":\"28050\",\"streetAddress\":\"Avenida de Burgos 114\"},\"brand\":[\"Infoempleo\"]},{\"@type\":\"Person\",\"@id\":\"https:\/\/empresas.infoempleo.com\/hrtrends\/#\/schema\/person\/67d3e276ffcc8b3ae0ebec816daf775a\",\"name\":\"infoempleo\",\"image\":{\"@type\":\"ImageObject\",\"inLanguage\":\"es\",\"@id\":\"https:\/\/empresas.infoempleo.com\/hrtrends\/#\/schema\/person\/image\/\",\"url\":\"https:\/\/secure.gravatar.com\/avatar\/7b437777242fe67d2473c2a818da2344692d1ee91e91080ccffbd97bcd4a0975?s=96&d=mm&r=g\",\"contentUrl\":\"https:\/\/secure.gravatar.com\/avatar\/7b437777242fe67d2473c2a818da2344692d1ee91e91080ccffbd97bcd4a0975?s=96&d=mm&r=g\",\"caption\":\"infoempleo\"},\"url\":\"https:\/\/empresas.infoempleo.com\/hrtrends\/author\/infoempleo\/\"}]}<\/script>\n<!-- \/ Yoast SEO plugin. -->","yoast_head_json":{"title":"Los responsables de RRHH opinan: EY | HRTRENDS","description":"En esta quinta entrega de la serie \u201cLos Responsables de RRHH opinan\u201d el Director de Recursos Humanos de EY, Jos\u00e9 Luis Risco, nos cuenta c\u00f3mo el sector de la consultor\u00eda y los servicios profesionales se ha adelantado a la recuperaci\u00f3n econ\u00f3mica, con una apuesta firme por la creaci\u00f3n de nuevos puestos de trabajo.","robots":{"index":"index","follow":"follow","max-snippet":"max-snippet:-1","max-image-preview":"max-image-preview:large","max-video-preview":"max-video-preview:-1"},"canonical":"https:\/\/empresas.infoempleo.com\/hrtrends\/los-responsables-de-rrhh-opinan-ey\/","og_locale":"es_ES","og_type":"article","og_title":"Los responsables de RRHH opinan: EY | HRTRENDS","og_description":"En esta quinta entrega de la serie \u201cLos Responsables de RRHH opinan\u201d el Director de Recursos Humanos de EY, Jos\u00e9 Luis Risco, nos cuenta c\u00f3mo el sector de la consultor\u00eda y los servicios profesionales se ha adelantado a la recuperaci\u00f3n econ\u00f3mica, con una apuesta firme por la creaci\u00f3n de nuevos puestos de trabajo.","og_url":"https:\/\/empresas.infoempleo.com\/hrtrends\/los-responsables-de-rrhh-opinan-ey\/","og_site_name":"HRTRENDS","article_publisher":"https:\/\/www.facebook.com\/Infoempleo","article_published_time":"2016-09-21T05:30:30+00:00","article_modified_time":"2018-05-23T14:51:28+00:00","og_image":[{"width":881,"height":436,"url":"https:\/\/empresas.infoempleo.com\/hrtrends\/media\/2016\/09\/Responsables-de-RRHH-EY.png","type":"image\/png"}],"author":"infoempleo","twitter_card":"summary_large_image","twitter_creator":"@infoempleo","twitter_site":"@infoempleo","twitter_misc":{"Escrito por":"infoempleo","Tiempo de lectura":"3 minutos"},"schema":{"@context":"https:\/\/schema.org","@graph":[{"@type":"NewsArticle","@id":"https:\/\/empresas.infoempleo.com\/hrtrends\/los-responsables-de-rrhh-opinan-ey\/#article","isPartOf":{"@id":"https:\/\/empresas.infoempleo.com\/hrtrends\/los-responsables-de-rrhh-opinan-ey\/"},"author":{"name":"infoempleo","@id":"https:\/\/empresas.infoempleo.com\/hrtrends\/#\/schema\/person\/67d3e276ffcc8b3ae0ebec816daf775a"},"headline":"Los responsables de RRHH opinan: EY","datePublished":"2016-09-21T05:30:30+00:00","dateModified":"2018-05-23T14:51:28+00:00","mainEntityOfPage":{"@id":"https:\/\/empresas.infoempleo.com\/hrtrends\/los-responsables-de-rrhh-opinan-ey\/"},"wordCount":614,"publisher":{"@id":"https:\/\/empresas.infoempleo.com\/hrtrends\/#organization"},"image":{"@id":"https:\/\/empresas.infoempleo.com\/hrtrends\/los-responsables-de-rrhh-opinan-ey\/#primaryimage"},"thumbnailUrl":"https:\/\/empresas.infoempleo.com\/hrtrends\/media\/2016\/09\/Responsables-de-RRHH-EY.png","keywords":["directores RRHH","Empleo","Informe Infoempleo","Informe Infoempleo Adecco 2014","mercado laboral","RRHH"],"articleSection":["Directores de RRHH"],"inLanguage":"es","copyrightYear":"2016","copyrightHolder":{"@id":"https:\/\/empresas.infoempleo.com\/hrtrends\/#organization"}},{"@type":"WebPage","@id":"https:\/\/empresas.infoempleo.com\/hrtrends\/los-responsables-de-rrhh-opinan-ey\/","url":"https:\/\/empresas.infoempleo.com\/hrtrends\/los-responsables-de-rrhh-opinan-ey\/","name":"Los responsables de RRHH opinan: EY | HRTRENDS","isPartOf":{"@id":"https:\/\/empresas.infoempleo.com\/hrtrends\/#website"},"primaryImageOfPage":{"@id":"https:\/\/empresas.infoempleo.com\/hrtrends\/los-responsables-de-rrhh-opinan-ey\/#primaryimage"},"image":{"@id":"https:\/\/empresas.infoempleo.com\/hrtrends\/los-responsables-de-rrhh-opinan-ey\/#primaryimage"},"thumbnailUrl":"https:\/\/empresas.infoempleo.com\/hrtrends\/media\/2016\/09\/Responsables-de-RRHH-EY.png","datePublished":"2016-09-21T05:30:30+00:00","dateModified":"2018-05-23T14:51:28+00:00","description":"En esta quinta entrega de la serie \u201cLos Responsables de RRHH opinan\u201d el Director de Recursos Humanos de EY, Jos\u00e9 Luis Risco, nos cuenta c\u00f3mo el sector de la consultor\u00eda y los servicios profesionales se ha adelantado a la recuperaci\u00f3n econ\u00f3mica, con una apuesta firme por la creaci\u00f3n de nuevos puestos de trabajo.","breadcrumb":{"@id":"https:\/\/empresas.infoempleo.com\/hrtrends\/los-responsables-de-rrhh-opinan-ey\/#breadcrumb"},"inLanguage":"es","potentialAction":[{"@type":"ReadAction","target":["https:\/\/empresas.infoempleo.com\/hrtrends\/los-responsables-de-rrhh-opinan-ey\/"]}]},{"@type":"ImageObject","inLanguage":"es","@id":"https:\/\/empresas.infoempleo.com\/hrtrends\/los-responsables-de-rrhh-opinan-ey\/#primaryimage","url":"https:\/\/empresas.infoempleo.com\/hrtrends\/media\/2016\/09\/Responsables-de-RRHH-EY-150x150.png","contentUrl":"https:\/\/empresas.infoempleo.com\/hrtrends\/media\/2016\/09\/Responsables-de-RRHH-EY-150x150.png","width":150,"height":150,"caption":"Responsables de RRHH - EY"},{"@type":"BreadcrumbList","@id":"https:\/\/empresas.infoempleo.com\/hrtrends\/los-responsables-de-rrhh-opinan-ey\/#breadcrumb","itemListElement":[{"@type":"ListItem","position":1,"name":"Portada","item":"https:\/\/empresas.infoempleo.com\/hrtrends\/"},{"@type":"ListItem","position":2,"name":"Los responsables de RRHH opinan: EY"}]},{"@type":"WebSite","@id":"https:\/\/empresas.infoempleo.com\/hrtrends\/#website","url":"https:\/\/empresas.infoempleo.com\/hrtrends","name":"HRTrends by Infoempleo","description":"","publisher":{"@id":"https:\/\/empresas.infoempleo.com\/hrtrends\/#organization"},"potentialAction":{"@type":"SearchAction","target":"https:\/\/empresas.infoempleo.com\/hrtrends\/?s={search_term_string}","query-input":"required name=search_term_string"},"inLanguage":"es"},{"@type":"Organization","@id":"https:\/\/empresas.infoempleo.com\/hrtrends\/#organization","name":"Infoempleo","url":"https:\/\/www.infoempleo.com\/","logo":{"@type":"ImageObject","@id":"https:\/\/empresas.infoempleo.com\/hrtrends\/#logo","inLanguage":"es","url":"https:\/\/cdnazure.infoempleo.com\/infoempleo\/assets\/style\/gfx\/logo.svg","contentUrl":"https:\/\/cdnazure.infoempleo.com\/infoempleo\/assets\/style\/gfx\/logo.svg","width":150,"height":40,"caption":"Infoempleo"},"image":{"@id":"https:\/\/empresas.infoempleo.com\/hrtrends\/#logo"},"sameAs":["https:\/\/www.facebook.com\/Infoempleo","https:\/\/x.com\/infoempleo","http:\/\/instagram.com\/infoempleo\/","http:\/\/www.linkedin.com\/groups\/Empleo-Espa\u00f1a-Infoempleocom-111276","http:\/\/pinterest.com\/infoempleo\/"],"address":{"@type":"PostalAddress","addressLocality":"Madrid","postalCode":"28050","streetAddress":"Avenida de Burgos 114"},"brand":["Infoempleo"]},{"@type":"Person","@id":"https:\/\/empresas.infoempleo.com\/hrtrends\/#\/schema\/person\/67d3e276ffcc8b3ae0ebec816daf775a","name":"infoempleo","image":{"@type":"ImageObject","inLanguage":"es","@id":"https:\/\/empresas.infoempleo.com\/hrtrends\/#\/schema\/person\/image\/","url":"https:\/\/secure.gravatar.com\/avatar\/7b437777242fe67d2473c2a818da2344692d1ee91e91080ccffbd97bcd4a0975?s=96&d=mm&r=g","contentUrl":"https:\/\/secure.gravatar.com\/avatar\/7b437777242fe67d2473c2a818da2344692d1ee91e91080ccffbd97bcd4a0975?s=96&d=mm&r=g","caption":"infoempleo"},"url":"https:\/\/empresas.infoempleo.com\/hrtrends\/author\/infoempleo\/"}]}},"amp_enabled":true,"_links":{"self":[{"href":"https:\/\/empresas.infoempleo.com\/hrtrends\/wp-json\/wp\/v2\/posts\/21722","targetHints":{"allow":["GET"]}}],"collection":[{"href":"https:\/\/empresas.infoempleo.com\/hrtrends\/wp-json\/wp\/v2\/posts"}],"about":[{"href":"https:\/\/empresas.infoempleo.com\/hrtrends\/wp-json\/wp\/v2\/types\/post"}],"author":[{"embeddable":true,"href":"https:\/\/empresas.infoempleo.com\/hrtrends\/wp-json\/wp\/v2\/users\/72"}],"replies":[{"embeddable":true,"href":"https:\/\/empresas.infoempleo.com\/hrtrends\/wp-json\/wp\/v2\/comments?post=21722"}],"version-history":[{"count":0,"href":"https:\/\/empresas.infoempleo.com\/hrtrends\/wp-json\/wp\/v2\/posts\/21722\/revisions"}],"wp:featuredmedia":[{"embeddable":true,"href":"https:\/\/empresas.infoempleo.com\/hrtrends\/wp-json\/wp\/v2\/media\/26406"}],"wp:attachment":[{"href":"https:\/\/empresas.infoempleo.com\/hrtrends\/wp-json\/wp\/v2\/media?parent=21722"}],"wp:term":[{"taxonomy":"category","embeddable":true,"href":"https:\/\/empresas.infoempleo.com\/hrtrends\/wp-json\/wp\/v2\/categories?post=21722"},{"taxonomy":"post_tag","embeddable":true,"href":"https:\/\/empresas.infoempleo.com\/hrtrends\/wp-json\/wp\/v2\/tags?post=21722"}],"curies":[{"name":"wp","href":"https:\/\/api.w.org\/{rel}","templated":true}]}}