{"id":21581,"date":"2015-07-23T07:30:31","date_gmt":"2015-07-23T05:30:31","guid":{"rendered":"http:\/\/blog.infoempleo.com\/?p=21581"},"modified":"2019-01-04T10:38:28","modified_gmt":"2019-01-04T08:38:28","slug":"consigue-financiacion-para-tu-microempresa-social","status":"publish","type":"post","link":"https:\/\/empresas.infoempleo.com\/hrtrends\/consigue-financiacion-para-tu-microempresa-social\/","title":{"rendered":"Consigue financiaci\u00f3n para tu microempresa social"},"content":{"rendered":"<p>La Comisi\u00f3n Europea y el Fondo Europeo de inversiones (FEI) han sacado la chequera para impulsar microempresas y empresas de la econom\u00eda social (cooperativas, centros especiales de empleo, empresas de inserci\u00f3n\u2026). Estas instituciones destinar\u00e1n un total de 96 millones de euros en <strong>concepto de garant\u00eda sobre la financiaci\u00f3n. <\/strong>A trav\u00e9s de esta f\u00f3rmula, que permite compartir el riesgo de las nuevas iniciativas,<strong> esperan movilizar 500 millones de euros<\/strong>. El objetivo es que las entidades financieras locales abran l\u00edneas de cr\u00e9dito que den impulso y viabilidad a microempresas y, por primera vez, empresas de la econom\u00eda social.<\/p>\n<p><!--more--><\/p>\n<h3><strong>Programa de Empleo e Innovaci\u00f3n Social (EaSI)<\/strong><\/h3>\n<p>El Programa de Empleo e Innovaci\u00f3n Social <em>(Employment and Social Innovation)<\/em> es una herramienta financiera creada entre la Comisi\u00f3n Europea y el Fondo Europeo de Inversi\u00f3n con el fin de <strong>combatir la exclusi\u00f3n social y la pobreza <\/strong>y <strong>mejorar las condiciones de trabajo<\/strong>. Desarrolla adem\u00e1s actividades encaminadas a <strong>garantizar y mejorar la protecci\u00f3n social<\/strong>. A este programa se ha destinado un presupuesto total para el periodo de 2014-2020 de <strong>919.469.000 euros.<\/strong><\/p>\n<p>El \u00e1rea de trabajo de esta iniciativa\u00a0se ha dividido en tres ejes: <strong>Progress<\/strong>, que vela por la <strong>modernizaci\u00f3n de las pol\u00edticas sociales y de empleo<\/strong> en los pa\u00edses miembros y al que se ha destinado el 61% del presupuesto total;\u00a0<strong>Eures<\/strong>,<strong>\u00a0<\/strong>que promociona la <strong>movilidad profesional<\/strong> y al que se dedicar\u00e1 el 18% de la partida, y <strong>Microfinanciaci\u00f3n y emprendimiento social<\/strong>, cuya misi\u00f3n es <strong>apoyar a las empresas a encontrar financiaci\u00f3n<\/strong> y que ser\u00e1 el encargado de gestionar y construir los cauces para que los financiadores locales puedan dar cr\u00e9dito. Se llevar\u00e1 el 21% (193 millones de euros) del total del presupuesto.<\/p>\n<p>El EaSI tiene como antecedentes el programa Microfinanciaci\u00f3n Progress. A trav\u00e9s de esta herramienta, que convivir\u00e1 con la actualizaci\u00f3n <strong>Microfinanciaci\u00f3n y emprendimiento social<\/strong>, se ha dado apoyo financiero a proveedores de microcr\u00e9ditos. En Espa\u00f1a han participado entidades como el <a href=\"https:\/\/www.icrefrm.es\/\" target=\"_blank\">Instituto de Cr\u00e9dito y Finanzas Regi\u00f3n de Murcia (ICREF)<\/a>, <a href=\"https:\/\/www.cajamar.es\/en\/comun\/informacion-corporativa\/sobre-cajamar\/\" target=\"_blank\">Cajas Rurales Unidas<\/a>\u00a0o <a href=\"https:\/\/www.laboralkutxa.com\/es\/particulares\" target=\"_blank\">Laboral Kutxa<\/a>, ya que pueden colaborar tanto instituciones p\u00fablicas como privadas. Este programa emite avales y ofrece financiaci\u00f3n para que los microcr\u00e9ditos (pr\u00e9stamos de hasta 25.000 euros) puedan aumentarse.<\/p>\n<p>El esp\u00edritu ser\u00e1 el mismo. <strong>No se proporciona financiaci\u00f3n directa a las empresas<\/strong> pero se construir\u00e1 la estructura necesaria para que las entidades financieras locales proporcionen los cr\u00e9ditos y se comparta el riesgo a trav\u00e9s de la Garant\u00eda.<\/p>\n<h3><strong>\u00bfQui\u00e9n puede beneficiarse? <\/strong><\/h3>\n<p>La poblaci\u00f3n que puede acceder a estas ayudas financieras ser\u00e1 desde <strong>aut\u00f3nomos<\/strong> a <strong>fundadores de microempresas<\/strong> (menos de 10 empleados) de econom\u00eda social, personas desempleadas o que tengan <strong>dificultades para conseguir un cr\u00e9dito<\/strong> por ser demasiado j\u00f3venes o demasiado mayores, o miembros de un grupo minoritario.<\/p>\n<p>Este programa se ha concretado en Espa\u00f1a a trav\u00e9s de la firma de un <strong>acuerdo entre el Fondo Europeo de Inversiones (FEI) y el Banco de Cr\u00e9dito Cooperativo-Grupo Cooperativo Cajamar<\/strong>, compuesta por 19 cajas rurales de Espa\u00f1a, y el Banco de Cr\u00e9dito Cooperativo. Se otorgar\u00e1 un total de 8 millones destinados a apoyar a 1.500 microempresas, de forma que se ampl\u00eda el total de 40 millones con el anterior programa.<\/p>\n<p>Si te interesa poder acceder a estos cr\u00e9ditos puedes ponerte en contacto con alguna de las entidades financieras que participan en este programa para conocer los requisitos y la forma de inscribirse.<\/p>\n","protected":false},"excerpt":{"rendered":"<p>La Comisi\u00f3n Europea y el Fondo Europeo de inversiones (FEI) han sacado la chequera para impulsar microempresas y<a class=\"moretag\" href=\"https:\/\/empresas.infoempleo.com\/hrtrends\/consigue-financiacion-para-tu-microempresa-social\/\"> Leer m\u00e1s<\/a><\/p>\n","protected":false},"author":29,"featured_media":21600,"comment_status":"closed","ping_status":"open","sticky":false,"template":"","format":"standard","meta":{"footnotes":""},"categories":[3],"tags":[1400,719],"class_list":["post-21581","post","type-post","status-publish","format-standard","has-post-thumbnail","hentry","category-actualidad","tag-emprendimiento","tag-financiacion"],"yoast_head":"<!-- This site is optimized with the Yoast SEO plugin v26.1.1 - https:\/\/yoast.com\/wordpress\/plugins\/seo\/ -->\n<title>Consigue financiaci\u00f3n para tu microempresa social | HRTRENDS<\/title>\n<meta name=\"description\" content=\"La Comisi\u00f3n Europea y el Fondo Europeo de Inversiones (FEI) han sacado la chequera para impulsar con financiaci\u00f3n microempresas y empresas sociales\" \/>\n<meta name=\"robots\" content=\"index, follow, max-snippet:-1, max-image-preview:large, max-video-preview:-1\" \/>\n<link rel=\"canonical\" href=\"https:\/\/empresas.infoempleo.com\/hrtrends\/consigue-financiacion-para-tu-microempresa-social\/\" \/>\n<meta property=\"og:locale\" content=\"es_ES\" \/>\n<meta property=\"og:type\" content=\"article\" \/>\n<meta property=\"og:title\" content=\"Consigue financiaci\u00f3n para tu microempresa social | HRTRENDS\" \/>\n<meta property=\"og:description\" content=\"La Comisi\u00f3n Europea y el Fondo Europeo de Inversiones (FEI) han sacado la chequera para impulsar con financiaci\u00f3n microempresas y empresas sociales\" \/>\n<meta property=\"og:url\" content=\"https:\/\/empresas.infoempleo.com\/hrtrends\/consigue-financiacion-para-tu-microempresa-social\/\" \/>\n<meta property=\"og:site_name\" content=\"HRTRENDS\" \/>\n<meta property=\"article:publisher\" content=\"https:\/\/www.facebook.com\/Infoempleo\" \/>\n<meta property=\"article:published_time\" content=\"2015-07-23T05:30:31+00:00\" \/>\n<meta property=\"article:modified_time\" content=\"2019-01-04T08:38:28+00:00\" \/>\n<meta property=\"og:image\" content=\"https:\/\/empresas.infoempleo.com\/hrtrends\/media\/2015\/07\/ThinkstockPhotos-4809161761-e1437117181371.jpg\" \/>\n\t<meta property=\"og:image:width\" content=\"546\" \/>\n\t<meta property=\"og:image:height\" content=\"255\" \/>\n\t<meta property=\"og:image:type\" content=\"image\/jpeg\" \/>\n<meta name=\"author\" content=\"Luisa Carrasco\" \/>\n<meta name=\"twitter:card\" content=\"summary_large_image\" \/>\n<meta name=\"twitter:creator\" content=\"@infoempleo\" \/>\n<meta name=\"twitter:site\" content=\"@infoempleo\" \/>\n<meta name=\"twitter:label1\" content=\"Escrito por\" \/>\n\t<meta name=\"twitter:data1\" content=\"Luisa Carrasco\" \/>\n\t<meta name=\"twitter:label2\" content=\"Tiempo de lectura\" \/>\n\t<meta name=\"twitter:data2\" content=\"3 minutos\" \/>\n<script type=\"application\/ld+json\" class=\"yoast-schema-graph\">{\"@context\":\"https:\/\/schema.org\",\"@graph\":[{\"@type\":\"NewsArticle\",\"@id\":\"https:\/\/empresas.infoempleo.com\/hrtrends\/consigue-financiacion-para-tu-microempresa-social\/#article\",\"isPartOf\":{\"@id\":\"https:\/\/empresas.infoempleo.com\/hrtrends\/consigue-financiacion-para-tu-microempresa-social\/\"},\"author\":{\"name\":\"Luisa Carrasco\",\"@id\":\"https:\/\/empresas.infoempleo.com\/hrtrends\/#\/schema\/person\/32ca57975913668419d075627a98dafe\"},\"headline\":\"Consigue financiaci\u00f3n para tu microempresa social\",\"datePublished\":\"2015-07-23T05:30:31+00:00\",\"dateModified\":\"2019-01-04T08:38:28+00:00\",\"mainEntityOfPage\":{\"@id\":\"https:\/\/empresas.infoempleo.com\/hrtrends\/consigue-financiacion-para-tu-microempresa-social\/\"},\"wordCount\":596,\"publisher\":{\"@id\":\"https:\/\/empresas.infoempleo.com\/hrtrends\/#organization\"},\"image\":{\"@id\":\"https:\/\/empresas.infoempleo.com\/hrtrends\/consigue-financiacion-para-tu-microempresa-social\/#primaryimage\"},\"thumbnailUrl\":\"https:\/\/empresas.infoempleo.com\/hrtrends\/media\/2015\/07\/ThinkstockPhotos-4809161761-e1437117181371.jpg\",\"keywords\":[\"emprendimiento\",\"financiaci\u00f3n\"],\"articleSection\":[\"Actualidad\"],\"inLanguage\":\"es\",\"copyrightYear\":\"2015\",\"copyrightHolder\":{\"@id\":\"https:\/\/empresas.infoempleo.com\/hrtrends\/#organization\"}},{\"@type\":\"WebPage\",\"@id\":\"https:\/\/empresas.infoempleo.com\/hrtrends\/consigue-financiacion-para-tu-microempresa-social\/\",\"url\":\"https:\/\/empresas.infoempleo.com\/hrtrends\/consigue-financiacion-para-tu-microempresa-social\/\",\"name\":\"Consigue financiaci\u00f3n para tu microempresa social | HRTRENDS\",\"isPartOf\":{\"@id\":\"https:\/\/empresas.infoempleo.com\/hrtrends\/#website\"},\"primaryImageOfPage\":{\"@id\":\"https:\/\/empresas.infoempleo.com\/hrtrends\/consigue-financiacion-para-tu-microempresa-social\/#primaryimage\"},\"image\":{\"@id\":\"https:\/\/empresas.infoempleo.com\/hrtrends\/consigue-financiacion-para-tu-microempresa-social\/#primaryimage\"},\"thumbnailUrl\":\"https:\/\/empresas.infoempleo.com\/hrtrends\/media\/2015\/07\/ThinkstockPhotos-4809161761-e1437117181371.jpg\",\"datePublished\":\"2015-07-23T05:30:31+00:00\",\"dateModified\":\"2019-01-04T08:38:28+00:00\",\"description\":\"La Comisi\u00f3n Europea y el Fondo Europeo de Inversiones (FEI) han sacado la chequera para impulsar con financiaci\u00f3n microempresas y empresas sociales\",\"breadcrumb\":{\"@id\":\"https:\/\/empresas.infoempleo.com\/hrtrends\/consigue-financiacion-para-tu-microempresa-social\/#breadcrumb\"},\"inLanguage\":\"es\",\"potentialAction\":[{\"@type\":\"ReadAction\",\"target\":[\"https:\/\/empresas.infoempleo.com\/hrtrends\/consigue-financiacion-para-tu-microempresa-social\/\"]}]},{\"@type\":\"ImageObject\",\"inLanguage\":\"es\",\"@id\":\"https:\/\/empresas.infoempleo.com\/hrtrends\/consigue-financiacion-para-tu-microempresa-social\/#primaryimage\",\"url\":\"https:\/\/empresas.infoempleo.com\/hrtrends\/media\/2015\/07\/ThinkstockPhotos-4809161761-e1437117181371-150x150.jpg\",\"contentUrl\":\"https:\/\/empresas.infoempleo.com\/hrtrends\/media\/2015\/07\/ThinkstockPhotos-4809161761-e1437117181371-150x150.jpg\",\"width\":150,\"height\":150,\"caption\":\"Consigue financiaci\u00f3n para tu microempresa social\"},{\"@type\":\"BreadcrumbList\",\"@id\":\"https:\/\/empresas.infoempleo.com\/hrtrends\/consigue-financiacion-para-tu-microempresa-social\/#breadcrumb\",\"itemListElement\":[{\"@type\":\"ListItem\",\"position\":1,\"name\":\"Portada\",\"item\":\"https:\/\/empresas.infoempleo.com\/hrtrends\/\"},{\"@type\":\"ListItem\",\"position\":2,\"name\":\"Consigue financiaci\u00f3n para tu microempresa social\"}]},{\"@type\":\"WebSite\",\"@id\":\"https:\/\/empresas.infoempleo.com\/hrtrends\/#website\",\"url\":\"https:\/\/empresas.infoempleo.com\/hrtrends\",\"name\":\"HRTrends by Infoempleo\",\"description\":\"\",\"publisher\":{\"@id\":\"https:\/\/empresas.infoempleo.com\/hrtrends\/#organization\"},\"potentialAction\":{\"@type\":\"SearchAction\",\"target\":\"https:\/\/empresas.infoempleo.com\/hrtrends\/?s={search_term_string}\",\"query-input\":\"required name=search_term_string\"},\"inLanguage\":\"es\"},{\"@type\":\"Organization\",\"@id\":\"https:\/\/empresas.infoempleo.com\/hrtrends\/#organization\",\"name\":\"Infoempleo\",\"url\":\"https:\/\/www.infoempleo.com\/\",\"logo\":{\"@type\":\"ImageObject\",\"@id\":\"https:\/\/empresas.infoempleo.com\/hrtrends\/#logo\",\"inLanguage\":\"es\",\"url\":\"https:\/\/cdnazure.infoempleo.com\/infoempleo\/assets\/style\/gfx\/logo.svg\",\"contentUrl\":\"https:\/\/cdnazure.infoempleo.com\/infoempleo\/assets\/style\/gfx\/logo.svg\",\"width\":150,\"height\":40,\"caption\":\"Infoempleo\"},\"image\":{\"@id\":\"https:\/\/empresas.infoempleo.com\/hrtrends\/#logo\"},\"sameAs\":[\"https:\/\/www.facebook.com\/Infoempleo\",\"https:\/\/x.com\/infoempleo\",\"http:\/\/instagram.com\/infoempleo\/\",\"http:\/\/www.linkedin.com\/groups\/Empleo-Espa\u00f1a-Infoempleocom-111276\",\"http:\/\/pinterest.com\/infoempleo\/\"],\"address\":{\"@type\":\"PostalAddress\",\"addressLocality\":\"Madrid\",\"postalCode\":\"28050\",\"streetAddress\":\"Avenida de Burgos 114\"},\"brand\":[\"Infoempleo\"]},{\"@type\":\"Person\",\"@id\":\"https:\/\/empresas.infoempleo.com\/hrtrends\/#\/schema\/person\/32ca57975913668419d075627a98dafe\",\"name\":\"Luisa Carrasco\",\"image\":{\"@type\":\"ImageObject\",\"inLanguage\":\"es\",\"@id\":\"https:\/\/empresas.infoempleo.com\/hrtrends\/#\/schema\/person\/image\/\",\"url\":\"https:\/\/secure.gravatar.com\/avatar\/8cc7d7a784a8289007bbfddcef37ed7157c6ae70e89183748ddf5858d9133c86?s=96&d=mm&r=g\",\"contentUrl\":\"https:\/\/secure.gravatar.com\/avatar\/8cc7d7a784a8289007bbfddcef37ed7157c6ae70e89183748ddf5858d9133c86?s=96&d=mm&r=g\",\"caption\":\"Luisa Carrasco\"},\"description\":\"Licenciada en Sociolog\u00eda y posgrado en gesti\u00f3n de la comunicaci\u00f3n para organizaciones culturales. Me interesa todo lo que tiene que ver con la organizaci\u00f3n e integraci\u00f3n de los distintos agentes sociales. El \u00e1mbito laboral y el de la educaci\u00f3n y formaci\u00f3n es el punto de encuentro de gran parte de estos actores. Estoy al tanto de los temas de actualidad laboral, las tendencias en el mercado del trabajo, las nuevas iniciativas en el tejido empresarial y las propuestas de innovaci\u00f3n en materia de educaci\u00f3n y formaci\u00f3n. Por lo general, escribo en el blog de Infoempleo tres veces por semana.\",\"url\":\"https:\/\/empresas.infoempleo.com\/hrtrends\/author\/luisaagenciayerro\/\"}]}<\/script>\n<!-- \/ Yoast SEO plugin. -->","yoast_head_json":{"title":"Consigue financiaci\u00f3n para tu microempresa social | HRTRENDS","description":"La Comisi\u00f3n Europea y el Fondo Europeo de Inversiones (FEI) han sacado la chequera para impulsar con financiaci\u00f3n microempresas y empresas sociales","robots":{"index":"index","follow":"follow","max-snippet":"max-snippet:-1","max-image-preview":"max-image-preview:large","max-video-preview":"max-video-preview:-1"},"canonical":"https:\/\/empresas.infoempleo.com\/hrtrends\/consigue-financiacion-para-tu-microempresa-social\/","og_locale":"es_ES","og_type":"article","og_title":"Consigue financiaci\u00f3n para tu microempresa social | HRTRENDS","og_description":"La Comisi\u00f3n Europea y el Fondo Europeo de Inversiones (FEI) han sacado la chequera para impulsar con financiaci\u00f3n microempresas y empresas sociales","og_url":"https:\/\/empresas.infoempleo.com\/hrtrends\/consigue-financiacion-para-tu-microempresa-social\/","og_site_name":"HRTRENDS","article_publisher":"https:\/\/www.facebook.com\/Infoempleo","article_published_time":"2015-07-23T05:30:31+00:00","article_modified_time":"2019-01-04T08:38:28+00:00","og_image":[{"width":546,"height":255,"url":"https:\/\/empresas.infoempleo.com\/hrtrends\/media\/2015\/07\/ThinkstockPhotos-4809161761-e1437117181371.jpg","type":"image\/jpeg"}],"author":"Luisa Carrasco","twitter_card":"summary_large_image","twitter_creator":"@infoempleo","twitter_site":"@infoempleo","twitter_misc":{"Escrito por":"Luisa Carrasco","Tiempo de lectura":"3 minutos"},"schema":{"@context":"https:\/\/schema.org","@graph":[{"@type":"NewsArticle","@id":"https:\/\/empresas.infoempleo.com\/hrtrends\/consigue-financiacion-para-tu-microempresa-social\/#article","isPartOf":{"@id":"https:\/\/empresas.infoempleo.com\/hrtrends\/consigue-financiacion-para-tu-microempresa-social\/"},"author":{"name":"Luisa Carrasco","@id":"https:\/\/empresas.infoempleo.com\/hrtrends\/#\/schema\/person\/32ca57975913668419d075627a98dafe"},"headline":"Consigue financiaci\u00f3n para tu microempresa social","datePublished":"2015-07-23T05:30:31+00:00","dateModified":"2019-01-04T08:38:28+00:00","mainEntityOfPage":{"@id":"https:\/\/empresas.infoempleo.com\/hrtrends\/consigue-financiacion-para-tu-microempresa-social\/"},"wordCount":596,"publisher":{"@id":"https:\/\/empresas.infoempleo.com\/hrtrends\/#organization"},"image":{"@id":"https:\/\/empresas.infoempleo.com\/hrtrends\/consigue-financiacion-para-tu-microempresa-social\/#primaryimage"},"thumbnailUrl":"https:\/\/empresas.infoempleo.com\/hrtrends\/media\/2015\/07\/ThinkstockPhotos-4809161761-e1437117181371.jpg","keywords":["emprendimiento","financiaci\u00f3n"],"articleSection":["Actualidad"],"inLanguage":"es","copyrightYear":"2015","copyrightHolder":{"@id":"https:\/\/empresas.infoempleo.com\/hrtrends\/#organization"}},{"@type":"WebPage","@id":"https:\/\/empresas.infoempleo.com\/hrtrends\/consigue-financiacion-para-tu-microempresa-social\/","url":"https:\/\/empresas.infoempleo.com\/hrtrends\/consigue-financiacion-para-tu-microempresa-social\/","name":"Consigue financiaci\u00f3n para tu microempresa social | HRTRENDS","isPartOf":{"@id":"https:\/\/empresas.infoempleo.com\/hrtrends\/#website"},"primaryImageOfPage":{"@id":"https:\/\/empresas.infoempleo.com\/hrtrends\/consigue-financiacion-para-tu-microempresa-social\/#primaryimage"},"image":{"@id":"https:\/\/empresas.infoempleo.com\/hrtrends\/consigue-financiacion-para-tu-microempresa-social\/#primaryimage"},"thumbnailUrl":"https:\/\/empresas.infoempleo.com\/hrtrends\/media\/2015\/07\/ThinkstockPhotos-4809161761-e1437117181371.jpg","datePublished":"2015-07-23T05:30:31+00:00","dateModified":"2019-01-04T08:38:28+00:00","description":"La Comisi\u00f3n Europea y el Fondo Europeo de Inversiones (FEI) han sacado la chequera para impulsar con financiaci\u00f3n microempresas y empresas sociales","breadcrumb":{"@id":"https:\/\/empresas.infoempleo.com\/hrtrends\/consigue-financiacion-para-tu-microempresa-social\/#breadcrumb"},"inLanguage":"es","potentialAction":[{"@type":"ReadAction","target":["https:\/\/empresas.infoempleo.com\/hrtrends\/consigue-financiacion-para-tu-microempresa-social\/"]}]},{"@type":"ImageObject","inLanguage":"es","@id":"https:\/\/empresas.infoempleo.com\/hrtrends\/consigue-financiacion-para-tu-microempresa-social\/#primaryimage","url":"https:\/\/empresas.infoempleo.com\/hrtrends\/media\/2015\/07\/ThinkstockPhotos-4809161761-e1437117181371-150x150.jpg","contentUrl":"https:\/\/empresas.infoempleo.com\/hrtrends\/media\/2015\/07\/ThinkstockPhotos-4809161761-e1437117181371-150x150.jpg","width":150,"height":150,"caption":"Consigue financiaci\u00f3n para tu microempresa social"},{"@type":"BreadcrumbList","@id":"https:\/\/empresas.infoempleo.com\/hrtrends\/consigue-financiacion-para-tu-microempresa-social\/#breadcrumb","itemListElement":[{"@type":"ListItem","position":1,"name":"Portada","item":"https:\/\/empresas.infoempleo.com\/hrtrends\/"},{"@type":"ListItem","position":2,"name":"Consigue financiaci\u00f3n para tu microempresa social"}]},{"@type":"WebSite","@id":"https:\/\/empresas.infoempleo.com\/hrtrends\/#website","url":"https:\/\/empresas.infoempleo.com\/hrtrends","name":"HRTrends by Infoempleo","description":"","publisher":{"@id":"https:\/\/empresas.infoempleo.com\/hrtrends\/#organization"},"potentialAction":{"@type":"SearchAction","target":"https:\/\/empresas.infoempleo.com\/hrtrends\/?s={search_term_string}","query-input":"required name=search_term_string"},"inLanguage":"es"},{"@type":"Organization","@id":"https:\/\/empresas.infoempleo.com\/hrtrends\/#organization","name":"Infoempleo","url":"https:\/\/www.infoempleo.com\/","logo":{"@type":"ImageObject","@id":"https:\/\/empresas.infoempleo.com\/hrtrends\/#logo","inLanguage":"es","url":"https:\/\/cdnazure.infoempleo.com\/infoempleo\/assets\/style\/gfx\/logo.svg","contentUrl":"https:\/\/cdnazure.infoempleo.com\/infoempleo\/assets\/style\/gfx\/logo.svg","width":150,"height":40,"caption":"Infoempleo"},"image":{"@id":"https:\/\/empresas.infoempleo.com\/hrtrends\/#logo"},"sameAs":["https:\/\/www.facebook.com\/Infoempleo","https:\/\/x.com\/infoempleo","http:\/\/instagram.com\/infoempleo\/","http:\/\/www.linkedin.com\/groups\/Empleo-Espa\u00f1a-Infoempleocom-111276","http:\/\/pinterest.com\/infoempleo\/"],"address":{"@type":"PostalAddress","addressLocality":"Madrid","postalCode":"28050","streetAddress":"Avenida de Burgos 114"},"brand":["Infoempleo"]},{"@type":"Person","@id":"https:\/\/empresas.infoempleo.com\/hrtrends\/#\/schema\/person\/32ca57975913668419d075627a98dafe","name":"Luisa Carrasco","image":{"@type":"ImageObject","inLanguage":"es","@id":"https:\/\/empresas.infoempleo.com\/hrtrends\/#\/schema\/person\/image\/","url":"https:\/\/secure.gravatar.com\/avatar\/8cc7d7a784a8289007bbfddcef37ed7157c6ae70e89183748ddf5858d9133c86?s=96&d=mm&r=g","contentUrl":"https:\/\/secure.gravatar.com\/avatar\/8cc7d7a784a8289007bbfddcef37ed7157c6ae70e89183748ddf5858d9133c86?s=96&d=mm&r=g","caption":"Luisa Carrasco"},"description":"Licenciada en Sociolog\u00eda y posgrado en gesti\u00f3n de la comunicaci\u00f3n para organizaciones culturales. Me interesa todo lo que tiene que ver con la organizaci\u00f3n e integraci\u00f3n de los distintos agentes sociales. El \u00e1mbito laboral y el de la educaci\u00f3n y formaci\u00f3n es el punto de encuentro de gran parte de estos actores. Estoy al tanto de los temas de actualidad laboral, las tendencias en el mercado del trabajo, las nuevas iniciativas en el tejido empresarial y las propuestas de innovaci\u00f3n en materia de educaci\u00f3n y formaci\u00f3n. Por lo general, escribo en el blog de Infoempleo tres veces por semana.","url":"https:\/\/empresas.infoempleo.com\/hrtrends\/author\/luisaagenciayerro\/"}]}},"amp_enabled":true,"_links":{"self":[{"href":"https:\/\/empresas.infoempleo.com\/hrtrends\/wp-json\/wp\/v2\/posts\/21581","targetHints":{"allow":["GET"]}}],"collection":[{"href":"https:\/\/empresas.infoempleo.com\/hrtrends\/wp-json\/wp\/v2\/posts"}],"about":[{"href":"https:\/\/empresas.infoempleo.com\/hrtrends\/wp-json\/wp\/v2\/types\/post"}],"author":[{"embeddable":true,"href":"https:\/\/empresas.infoempleo.com\/hrtrends\/wp-json\/wp\/v2\/users\/29"}],"replies":[{"embeddable":true,"href":"https:\/\/empresas.infoempleo.com\/hrtrends\/wp-json\/wp\/v2\/comments?post=21581"}],"version-history":[{"count":0,"href":"https:\/\/empresas.infoempleo.com\/hrtrends\/wp-json\/wp\/v2\/posts\/21581\/revisions"}],"wp:featuredmedia":[{"embeddable":true,"href":"https:\/\/empresas.infoempleo.com\/hrtrends\/wp-json\/wp\/v2\/media\/21600"}],"wp:attachment":[{"href":"https:\/\/empresas.infoempleo.com\/hrtrends\/wp-json\/wp\/v2\/media?parent=21581"}],"wp:term":[{"taxonomy":"category","embeddable":true,"href":"https:\/\/empresas.infoempleo.com\/hrtrends\/wp-json\/wp\/v2\/categories?post=21581"},{"taxonomy":"post_tag","embeddable":true,"href":"https:\/\/empresas.infoempleo.com\/hrtrends\/wp-json\/wp\/v2\/tags?post=21581"}],"curies":[{"name":"wp","href":"https:\/\/api.w.org\/{rel}","templated":true}]}}