{"id":21447,"date":"2015-07-07T07:30:04","date_gmt":"2015-07-07T06:30:04","guid":{"rendered":"http:\/\/blog.infoempleo.com\/?p=21447"},"modified":"2024-08-29T17:47:46","modified_gmt":"2024-08-29T15:47:46","slug":"las-sombras-del-falso-autonomo-2","status":"publish","type":"post","link":"https:\/\/empresas.infoempleo.com\/hrtrends\/las-sombras-del-falso-autonomo-2\/","title":{"rendered":"Las sombras del falso aut\u00f3nomo"},"content":{"rendered":"<p>Sales de la entrevista como si hubieras metido el tanto decisivo de la victoria: s\u00ed, has triunfado, el puesto es tuyo. Te han comentado que tienes que pasarles una factura todos los meses. De esa forma te pagar\u00e1n. As\u00ed que te ves <strong>obligado a darte de alta como aut\u00f3nomo<\/strong> para trabajar con ellos. A cambio, el sueldo puede parecerte razonable (se juega con el margen de que no se paga a la seguridad social por ti). Te parece aceptable en el sentido econ\u00f3mico (y por fin tienes un trabajo). Pero&#8230;\u00a0<strong>tus derechos como trabajador han quedado secuestrados<\/strong>. El sueldo no lo estableces t\u00fa, no es fruto de la negociaci\u00f3n de dos partes en igualdad de condiciones: cliente y proveedor. El trabajo tiene que estar al d\u00eda <strong>seg\u00fan los criterios organizativos de la empresa<\/strong> y debes estar a tu hora delante del ordenador. S\u00ed, tienes trabajo, pero <strong>en r\u00e9gimen de falso aut\u00f3nomo<\/strong>.<\/p>\n<p><!--more--><\/p>\n<h3><strong>Las reglas de la relaci\u00f3n laboral<\/strong><\/h3>\n<p>Facturar a una empresa como aut\u00f3nomo y cumplir con los <strong>requisitos de una relaci\u00f3n laboral<\/strong> con la misma empresa es una <strong>situaci\u00f3n ilegal<\/strong> y que <strong>produce indefensi\u00f3n<\/strong>. Un trabajador aut\u00f3nomo <strong>establece sus propias tarifas<\/strong>, organiza su tiempo, se ocupa de aprovisionarse del material que necesita para el desempe\u00f1o de su labor, decide qu\u00e9 parte de la jornada dedicar\u00e1 a una actividad y cu\u00e1l a otra y, por supuesto, hace frente a sus pagos en un r\u00e9gimen de cotizaci\u00f3n especial. En cambio, para que hablemos de un <strong>trabajador por cuenta ajena<\/strong> debe <strong>darse una relaci\u00f3n laboral con la empresa<\/strong> que se materializa en los siguientes supuestos:<\/p>\n<ul>\n<li>Hay <strong>voluntariedad<\/strong> de trabajar por ambas partes.<\/li>\n<li>Se realiza un trabajo <strong>a cambio de pago.\u00a0<\/strong><\/li>\n<li>Hay una <strong>situaci\u00f3n de dependencia<\/strong> en el sentido de que quien organiza tu trabajo es la empresa. Tienes tu mesa, tu silla y tu taza de caf\u00e9 con el nombre de la empresa. Con tu hora de llegada y tu\u2026 dilatada hora de salida.<\/li>\n<li>Existe\u00a0<strong>ajenidad<\/strong>, es el motivo m\u00e1s importante. Si se demuestra que <strong>no participas de los riesgos y las ganancias de la empresa<\/strong>, que <strong>trabajas con sus medios<\/strong> o que no lo haces por tu propia iniciativa si no <strong>por encargo de la empresa<\/strong>. Este es el principal motivo por el que un juez dictaminar\u00eda que <strong>existe una relaci\u00f3n laboral<\/strong>.<\/li>\n<\/ul>\n<p>Vamos, que si tenemos una demostrable relaci\u00f3n laboral con la empresa a la que le pasamos una factura para cobrar por los servicios prestados nos encontramos ante <strong>una situaci\u00f3n de falso aut\u00f3nomo<\/strong>.<\/p>\n<p>Puede que no te\u00a0quede m\u00e1s remedio, pero debes\u00a0valorar durante cu\u00e1nto tiempo puedes alargar la situaci\u00f3n teniendo en cuenta lo que conlleva.<\/p>\n<h3><strong>Los derechos que se pierden<\/strong><\/h3>\n<p>Los principales motivos por los que es perjudicial mantener en el tiempo una condici\u00f3n de falso aut\u00f3nomo\u00a0son que:<\/p>\n<ul>\n<li>No tienes vacaciones, ni d\u00edas por asuntos propios.<\/li>\n<li><strong>No<\/strong> tienes derecho a <strong>indemnizaci\u00f3n por despido ni a finiquito<\/strong>. La empresa no tiene que contemplar ninguna de las reglas del despido.<\/li>\n<li><strong>No<\/strong> puedes acogerte a las normas que rigen el <strong>convenio de tu sector<\/strong>.<\/li>\n<li><strong>No<\/strong> puedes solicitar reducci\u00f3n de jornada, ni baja por maternidad, ni ning\u00fan permiso retribuido.<\/li>\n<li>La empresa <strong>no pagar\u00e1 nada por tu baja<\/strong> m\u00e9dica.<\/li>\n<li>Tu cotizaci\u00f3n se ver\u00e1 perjudicada a la hora de cobrar una prestaci\u00f3n por desempleo o la pensi\u00f3n.<\/li>\n<\/ul>\n<p>Esta situaci\u00f3n se ha extendido durante la crisis como f\u00f3rmula entre algunas empresas para reducir costes laborales. Las profesiones que m\u00e1s la sufren son transportistas, comerciales, periodistas, creativos y otras profesiones donde el esp\u00edritu <em>freelance<\/em> se convierte en una encorsetada jornada laboral y una obligatoriedad que nada tiene que ver con la autonom\u00eda. Desde las instituciones se han activado mecanismos para denunciar estas situaciones y luchar contra el fraude laboral.<\/p>\n","protected":false},"excerpt":{"rendered":"<p>Sales de la entrevista como si hubieras metido el tanto decisivo de la victoria: s\u00ed, has triunfado, el<a class=\"moretag\" href=\"https:\/\/empresas.infoempleo.com\/hrtrends\/las-sombras-del-falso-autonomo-2\/\"> Leer m\u00e1s<\/a><\/p>\n","protected":false},"author":29,"featured_media":21460,"comment_status":"closed","ping_status":"open","sticky":false,"template":"","format":"standard","meta":{"footnotes":""},"categories":[3],"tags":[1128,14,1467,897,1130],"class_list":["post-21447","post","type-post","status-publish","format-standard","has-post-thumbnail","hentry","category-actualidad","tag-derechos-laborales","tag-despido","tag-falso-autonomo","tag-indemnizacion","tag-relacion-laboral"],"yoast_head":"<!-- This site is optimized with the Yoast SEO plugin v26.1.1 - https:\/\/yoast.com\/wordpress\/plugins\/seo\/ -->\n<title>Las sombras del falso aut\u00f3nomo | HRTRENDS<\/title>\n<meta name=\"description\" content=\"Si tenemos una demostrable relaci\u00f3n laboral con la empresa a la que le pasamos una factura para cobrar por trabajar nos encontramos ante una situaci\u00f3n de falso aut\u00f3nomo\" \/>\n<meta name=\"robots\" content=\"index, follow, max-snippet:-1, max-image-preview:large, max-video-preview:-1\" \/>\n<link rel=\"canonical\" href=\"https:\/\/empresas.infoempleo.com\/hrtrends\/las-sombras-del-falso-autonomo-2\/\" \/>\n<meta property=\"og:locale\" content=\"es_ES\" \/>\n<meta property=\"og:type\" content=\"article\" \/>\n<meta property=\"og:title\" content=\"Las sombras del falso aut\u00f3nomo | HRTRENDS\" \/>\n<meta property=\"og:description\" content=\"Si tenemos una demostrable relaci\u00f3n laboral con la empresa a la que le pasamos una factura para cobrar por trabajar nos encontramos ante una situaci\u00f3n de falso aut\u00f3nomo\" \/>\n<meta property=\"og:url\" content=\"https:\/\/empresas.infoempleo.com\/hrtrends\/las-sombras-del-falso-autonomo-2\/\" \/>\n<meta property=\"og:site_name\" content=\"HRTRENDS\" \/>\n<meta property=\"article:publisher\" content=\"https:\/\/www.facebook.com\/Infoempleo\" \/>\n<meta property=\"article:published_time\" content=\"2015-07-07T06:30:04+00:00\" \/>\n<meta property=\"article:modified_time\" content=\"2024-08-29T15:47:46+00:00\" \/>\n<meta property=\"og:image\" content=\"https:\/\/empresas.infoempleo.com\/hrtrends\/media\/2015\/07\/ThinkstockPhotos-464949172-e1435914622664.jpg\" \/>\n\t<meta property=\"og:image:width\" content=\"546\" \/>\n\t<meta property=\"og:image:height\" content=\"256\" \/>\n\t<meta property=\"og:image:type\" content=\"image\/jpeg\" \/>\n<meta name=\"author\" content=\"Luisa Carrasco\" \/>\n<meta name=\"twitter:card\" content=\"summary_large_image\" \/>\n<meta name=\"twitter:creator\" content=\"@infoempleo\" \/>\n<meta name=\"twitter:site\" content=\"@infoempleo\" \/>\n<meta name=\"twitter:label1\" content=\"Escrito por\" \/>\n\t<meta name=\"twitter:data1\" content=\"Luisa Carrasco\" \/>\n\t<meta name=\"twitter:label2\" content=\"Tiempo de lectura\" \/>\n\t<meta name=\"twitter:data2\" content=\"3 minutos\" \/>\n<script type=\"application\/ld+json\" class=\"yoast-schema-graph\">{\"@context\":\"https:\/\/schema.org\",\"@graph\":[{\"@type\":\"NewsArticle\",\"@id\":\"https:\/\/empresas.infoempleo.com\/hrtrends\/las-sombras-del-falso-autonomo-2\/#article\",\"isPartOf\":{\"@id\":\"https:\/\/empresas.infoempleo.com\/hrtrends\/las-sombras-del-falso-autonomo-2\/\"},\"author\":{\"name\":\"Luisa Carrasco\",\"@id\":\"https:\/\/empresas.infoempleo.com\/hrtrends\/#\/schema\/person\/32ca57975913668419d075627a98dafe\"},\"headline\":\"Las sombras del falso aut\u00f3nomo\",\"datePublished\":\"2015-07-07T06:30:04+00:00\",\"dateModified\":\"2024-08-29T15:47:46+00:00\",\"mainEntityOfPage\":{\"@id\":\"https:\/\/empresas.infoempleo.com\/hrtrends\/las-sombras-del-falso-autonomo-2\/\"},\"wordCount\":662,\"publisher\":{\"@id\":\"https:\/\/empresas.infoempleo.com\/hrtrends\/#organization\"},\"image\":{\"@id\":\"https:\/\/empresas.infoempleo.com\/hrtrends\/las-sombras-del-falso-autonomo-2\/#primaryimage\"},\"thumbnailUrl\":\"https:\/\/empresas.infoempleo.com\/hrtrends\/media\/2015\/07\/ThinkstockPhotos-464949172-e1435914622664.jpg\",\"keywords\":[\"derechos laborales\",\"Despido\",\"falso aut\u00f3nomo\",\"indemnizaci\u00f3n\",\"relaci\u00f3n laboral\"],\"articleSection\":[\"Actualidad\"],\"inLanguage\":\"es\",\"copyrightYear\":\"2015\",\"copyrightHolder\":{\"@id\":\"https:\/\/empresas.infoempleo.com\/hrtrends\/#organization\"}},{\"@type\":\"WebPage\",\"@id\":\"https:\/\/empresas.infoempleo.com\/hrtrends\/las-sombras-del-falso-autonomo-2\/\",\"url\":\"https:\/\/empresas.infoempleo.com\/hrtrends\/las-sombras-del-falso-autonomo-2\/\",\"name\":\"Las sombras del falso aut\u00f3nomo | HRTRENDS\",\"isPartOf\":{\"@id\":\"https:\/\/empresas.infoempleo.com\/hrtrends\/#website\"},\"primaryImageOfPage\":{\"@id\":\"https:\/\/empresas.infoempleo.com\/hrtrends\/las-sombras-del-falso-autonomo-2\/#primaryimage\"},\"image\":{\"@id\":\"https:\/\/empresas.infoempleo.com\/hrtrends\/las-sombras-del-falso-autonomo-2\/#primaryimage\"},\"thumbnailUrl\":\"https:\/\/empresas.infoempleo.com\/hrtrends\/media\/2015\/07\/ThinkstockPhotos-464949172-e1435914622664.jpg\",\"datePublished\":\"2015-07-07T06:30:04+00:00\",\"dateModified\":\"2024-08-29T15:47:46+00:00\",\"description\":\"Si tenemos una demostrable relaci\u00f3n laboral con la empresa a la que le pasamos una factura para cobrar por trabajar nos encontramos ante una situaci\u00f3n de falso aut\u00f3nomo\",\"breadcrumb\":{\"@id\":\"https:\/\/empresas.infoempleo.com\/hrtrends\/las-sombras-del-falso-autonomo-2\/#breadcrumb\"},\"inLanguage\":\"es\",\"potentialAction\":[{\"@type\":\"ReadAction\",\"target\":[\"https:\/\/empresas.infoempleo.com\/hrtrends\/las-sombras-del-falso-autonomo-2\/\"]}]},{\"@type\":\"ImageObject\",\"inLanguage\":\"es\",\"@id\":\"https:\/\/empresas.infoempleo.com\/hrtrends\/las-sombras-del-falso-autonomo-2\/#primaryimage\",\"url\":\"https:\/\/empresas.infoempleo.com\/hrtrends\/media\/2015\/07\/ThinkstockPhotos-464949172-e1435914622664-150x150.jpg\",\"contentUrl\":\"https:\/\/empresas.infoempleo.com\/hrtrends\/media\/2015\/07\/ThinkstockPhotos-464949172-e1435914622664-150x150.jpg\",\"width\":150,\"height\":150,\"caption\":\"falso aut\u00f3nomo\"},{\"@type\":\"BreadcrumbList\",\"@id\":\"https:\/\/empresas.infoempleo.com\/hrtrends\/las-sombras-del-falso-autonomo-2\/#breadcrumb\",\"itemListElement\":[{\"@type\":\"ListItem\",\"position\":1,\"name\":\"Portada\",\"item\":\"https:\/\/empresas.infoempleo.com\/hrtrends\/\"},{\"@type\":\"ListItem\",\"position\":2,\"name\":\"Las sombras del falso aut\u00f3nomo\"}]},{\"@type\":\"WebSite\",\"@id\":\"https:\/\/empresas.infoempleo.com\/hrtrends\/#website\",\"url\":\"https:\/\/empresas.infoempleo.com\/hrtrends\",\"name\":\"HRTrends by Infoempleo\",\"description\":\"\",\"publisher\":{\"@id\":\"https:\/\/empresas.infoempleo.com\/hrtrends\/#organization\"},\"potentialAction\":{\"@type\":\"SearchAction\",\"target\":\"https:\/\/empresas.infoempleo.com\/hrtrends\/?s={search_term_string}\",\"query-input\":\"required name=search_term_string\"},\"inLanguage\":\"es\"},{\"@type\":\"Organization\",\"@id\":\"https:\/\/empresas.infoempleo.com\/hrtrends\/#organization\",\"name\":\"Infoempleo\",\"url\":\"https:\/\/www.infoempleo.com\/\",\"logo\":{\"@type\":\"ImageObject\",\"@id\":\"https:\/\/empresas.infoempleo.com\/hrtrends\/#logo\",\"inLanguage\":\"es\",\"url\":\"https:\/\/cdnazure.infoempleo.com\/infoempleo\/assets\/style\/gfx\/logo.svg\",\"contentUrl\":\"https:\/\/cdnazure.infoempleo.com\/infoempleo\/assets\/style\/gfx\/logo.svg\",\"width\":150,\"height\":40,\"caption\":\"Infoempleo\"},\"image\":{\"@id\":\"https:\/\/empresas.infoempleo.com\/hrtrends\/#logo\"},\"sameAs\":[\"https:\/\/www.facebook.com\/Infoempleo\",\"https:\/\/x.com\/infoempleo\",\"http:\/\/instagram.com\/infoempleo\/\",\"http:\/\/www.linkedin.com\/groups\/Empleo-Espa\u00f1a-Infoempleocom-111276\",\"http:\/\/pinterest.com\/infoempleo\/\"],\"address\":{\"@type\":\"PostalAddress\",\"addressLocality\":\"Madrid\",\"postalCode\":\"28050\",\"streetAddress\":\"Avenida de Burgos 114\"},\"brand\":[\"Infoempleo\"]},{\"@type\":\"Person\",\"@id\":\"https:\/\/empresas.infoempleo.com\/hrtrends\/#\/schema\/person\/32ca57975913668419d075627a98dafe\",\"name\":\"Luisa Carrasco\",\"image\":{\"@type\":\"ImageObject\",\"inLanguage\":\"es\",\"@id\":\"https:\/\/empresas.infoempleo.com\/hrtrends\/#\/schema\/person\/image\/\",\"url\":\"https:\/\/secure.gravatar.com\/avatar\/8cc7d7a784a8289007bbfddcef37ed7157c6ae70e89183748ddf5858d9133c86?s=96&d=mm&r=g\",\"contentUrl\":\"https:\/\/secure.gravatar.com\/avatar\/8cc7d7a784a8289007bbfddcef37ed7157c6ae70e89183748ddf5858d9133c86?s=96&d=mm&r=g\",\"caption\":\"Luisa Carrasco\"},\"description\":\"Licenciada en Sociolog\u00eda y posgrado en gesti\u00f3n de la comunicaci\u00f3n para organizaciones culturales. Me interesa todo lo que tiene que ver con la organizaci\u00f3n e integraci\u00f3n de los distintos agentes sociales. El \u00e1mbito laboral y el de la educaci\u00f3n y formaci\u00f3n es el punto de encuentro de gran parte de estos actores. Estoy al tanto de los temas de actualidad laboral, las tendencias en el mercado del trabajo, las nuevas iniciativas en el tejido empresarial y las propuestas de innovaci\u00f3n en materia de educaci\u00f3n y formaci\u00f3n. Por lo general, escribo en el blog de Infoempleo tres veces por semana.\",\"url\":\"https:\/\/empresas.infoempleo.com\/hrtrends\/author\/luisaagenciayerro\/\"}]}<\/script>\n<!-- \/ Yoast SEO plugin. -->","yoast_head_json":{"title":"Las sombras del falso aut\u00f3nomo | HRTRENDS","description":"Si tenemos una demostrable relaci\u00f3n laboral con la empresa a la que le pasamos una factura para cobrar por trabajar nos encontramos ante una situaci\u00f3n de falso aut\u00f3nomo","robots":{"index":"index","follow":"follow","max-snippet":"max-snippet:-1","max-image-preview":"max-image-preview:large","max-video-preview":"max-video-preview:-1"},"canonical":"https:\/\/empresas.infoempleo.com\/hrtrends\/las-sombras-del-falso-autonomo-2\/","og_locale":"es_ES","og_type":"article","og_title":"Las sombras del falso aut\u00f3nomo | HRTRENDS","og_description":"Si tenemos una demostrable relaci\u00f3n laboral con la empresa a la que le pasamos una factura para cobrar por trabajar nos encontramos ante una situaci\u00f3n de falso aut\u00f3nomo","og_url":"https:\/\/empresas.infoempleo.com\/hrtrends\/las-sombras-del-falso-autonomo-2\/","og_site_name":"HRTRENDS","article_publisher":"https:\/\/www.facebook.com\/Infoempleo","article_published_time":"2015-07-07T06:30:04+00:00","article_modified_time":"2024-08-29T15:47:46+00:00","og_image":[{"width":546,"height":256,"url":"https:\/\/empresas.infoempleo.com\/hrtrends\/media\/2015\/07\/ThinkstockPhotos-464949172-e1435914622664.jpg","type":"image\/jpeg"}],"author":"Luisa Carrasco","twitter_card":"summary_large_image","twitter_creator":"@infoempleo","twitter_site":"@infoempleo","twitter_misc":{"Escrito por":"Luisa Carrasco","Tiempo de lectura":"3 minutos"},"schema":{"@context":"https:\/\/schema.org","@graph":[{"@type":"NewsArticle","@id":"https:\/\/empresas.infoempleo.com\/hrtrends\/las-sombras-del-falso-autonomo-2\/#article","isPartOf":{"@id":"https:\/\/empresas.infoempleo.com\/hrtrends\/las-sombras-del-falso-autonomo-2\/"},"author":{"name":"Luisa Carrasco","@id":"https:\/\/empresas.infoempleo.com\/hrtrends\/#\/schema\/person\/32ca57975913668419d075627a98dafe"},"headline":"Las sombras del falso aut\u00f3nomo","datePublished":"2015-07-07T06:30:04+00:00","dateModified":"2024-08-29T15:47:46+00:00","mainEntityOfPage":{"@id":"https:\/\/empresas.infoempleo.com\/hrtrends\/las-sombras-del-falso-autonomo-2\/"},"wordCount":662,"publisher":{"@id":"https:\/\/empresas.infoempleo.com\/hrtrends\/#organization"},"image":{"@id":"https:\/\/empresas.infoempleo.com\/hrtrends\/las-sombras-del-falso-autonomo-2\/#primaryimage"},"thumbnailUrl":"https:\/\/empresas.infoempleo.com\/hrtrends\/media\/2015\/07\/ThinkstockPhotos-464949172-e1435914622664.jpg","keywords":["derechos laborales","Despido","falso aut\u00f3nomo","indemnizaci\u00f3n","relaci\u00f3n laboral"],"articleSection":["Actualidad"],"inLanguage":"es","copyrightYear":"2015","copyrightHolder":{"@id":"https:\/\/empresas.infoempleo.com\/hrtrends\/#organization"}},{"@type":"WebPage","@id":"https:\/\/empresas.infoempleo.com\/hrtrends\/las-sombras-del-falso-autonomo-2\/","url":"https:\/\/empresas.infoempleo.com\/hrtrends\/las-sombras-del-falso-autonomo-2\/","name":"Las sombras del falso aut\u00f3nomo | HRTRENDS","isPartOf":{"@id":"https:\/\/empresas.infoempleo.com\/hrtrends\/#website"},"primaryImageOfPage":{"@id":"https:\/\/empresas.infoempleo.com\/hrtrends\/las-sombras-del-falso-autonomo-2\/#primaryimage"},"image":{"@id":"https:\/\/empresas.infoempleo.com\/hrtrends\/las-sombras-del-falso-autonomo-2\/#primaryimage"},"thumbnailUrl":"https:\/\/empresas.infoempleo.com\/hrtrends\/media\/2015\/07\/ThinkstockPhotos-464949172-e1435914622664.jpg","datePublished":"2015-07-07T06:30:04+00:00","dateModified":"2024-08-29T15:47:46+00:00","description":"Si tenemos una demostrable relaci\u00f3n laboral con la empresa a la que le pasamos una factura para cobrar por trabajar nos encontramos ante una situaci\u00f3n de falso aut\u00f3nomo","breadcrumb":{"@id":"https:\/\/empresas.infoempleo.com\/hrtrends\/las-sombras-del-falso-autonomo-2\/#breadcrumb"},"inLanguage":"es","potentialAction":[{"@type":"ReadAction","target":["https:\/\/empresas.infoempleo.com\/hrtrends\/las-sombras-del-falso-autonomo-2\/"]}]},{"@type":"ImageObject","inLanguage":"es","@id":"https:\/\/empresas.infoempleo.com\/hrtrends\/las-sombras-del-falso-autonomo-2\/#primaryimage","url":"https:\/\/empresas.infoempleo.com\/hrtrends\/media\/2015\/07\/ThinkstockPhotos-464949172-e1435914622664-150x150.jpg","contentUrl":"https:\/\/empresas.infoempleo.com\/hrtrends\/media\/2015\/07\/ThinkstockPhotos-464949172-e1435914622664-150x150.jpg","width":150,"height":150,"caption":"falso aut\u00f3nomo"},{"@type":"BreadcrumbList","@id":"https:\/\/empresas.infoempleo.com\/hrtrends\/las-sombras-del-falso-autonomo-2\/#breadcrumb","itemListElement":[{"@type":"ListItem","position":1,"name":"Portada","item":"https:\/\/empresas.infoempleo.com\/hrtrends\/"},{"@type":"ListItem","position":2,"name":"Las sombras del falso aut\u00f3nomo"}]},{"@type":"WebSite","@id":"https:\/\/empresas.infoempleo.com\/hrtrends\/#website","url":"https:\/\/empresas.infoempleo.com\/hrtrends","name":"HRTrends by Infoempleo","description":"","publisher":{"@id":"https:\/\/empresas.infoempleo.com\/hrtrends\/#organization"},"potentialAction":{"@type":"SearchAction","target":"https:\/\/empresas.infoempleo.com\/hrtrends\/?s={search_term_string}","query-input":"required name=search_term_string"},"inLanguage":"es"},{"@type":"Organization","@id":"https:\/\/empresas.infoempleo.com\/hrtrends\/#organization","name":"Infoempleo","url":"https:\/\/www.infoempleo.com\/","logo":{"@type":"ImageObject","@id":"https:\/\/empresas.infoempleo.com\/hrtrends\/#logo","inLanguage":"es","url":"https:\/\/cdnazure.infoempleo.com\/infoempleo\/assets\/style\/gfx\/logo.svg","contentUrl":"https:\/\/cdnazure.infoempleo.com\/infoempleo\/assets\/style\/gfx\/logo.svg","width":150,"height":40,"caption":"Infoempleo"},"image":{"@id":"https:\/\/empresas.infoempleo.com\/hrtrends\/#logo"},"sameAs":["https:\/\/www.facebook.com\/Infoempleo","https:\/\/x.com\/infoempleo","http:\/\/instagram.com\/infoempleo\/","http:\/\/www.linkedin.com\/groups\/Empleo-Espa\u00f1a-Infoempleocom-111276","http:\/\/pinterest.com\/infoempleo\/"],"address":{"@type":"PostalAddress","addressLocality":"Madrid","postalCode":"28050","streetAddress":"Avenida de Burgos 114"},"brand":["Infoempleo"]},{"@type":"Person","@id":"https:\/\/empresas.infoempleo.com\/hrtrends\/#\/schema\/person\/32ca57975913668419d075627a98dafe","name":"Luisa Carrasco","image":{"@type":"ImageObject","inLanguage":"es","@id":"https:\/\/empresas.infoempleo.com\/hrtrends\/#\/schema\/person\/image\/","url":"https:\/\/secure.gravatar.com\/avatar\/8cc7d7a784a8289007bbfddcef37ed7157c6ae70e89183748ddf5858d9133c86?s=96&d=mm&r=g","contentUrl":"https:\/\/secure.gravatar.com\/avatar\/8cc7d7a784a8289007bbfddcef37ed7157c6ae70e89183748ddf5858d9133c86?s=96&d=mm&r=g","caption":"Luisa Carrasco"},"description":"Licenciada en Sociolog\u00eda y posgrado en gesti\u00f3n de la comunicaci\u00f3n para organizaciones culturales. Me interesa todo lo que tiene que ver con la organizaci\u00f3n e integraci\u00f3n de los distintos agentes sociales. El \u00e1mbito laboral y el de la educaci\u00f3n y formaci\u00f3n es el punto de encuentro de gran parte de estos actores. Estoy al tanto de los temas de actualidad laboral, las tendencias en el mercado del trabajo, las nuevas iniciativas en el tejido empresarial y las propuestas de innovaci\u00f3n en materia de educaci\u00f3n y formaci\u00f3n. Por lo general, escribo en el blog de Infoempleo tres veces por semana.","url":"https:\/\/empresas.infoempleo.com\/hrtrends\/author\/luisaagenciayerro\/"}]}},"amp_enabled":true,"_links":{"self":[{"href":"https:\/\/empresas.infoempleo.com\/hrtrends\/wp-json\/wp\/v2\/posts\/21447","targetHints":{"allow":["GET"]}}],"collection":[{"href":"https:\/\/empresas.infoempleo.com\/hrtrends\/wp-json\/wp\/v2\/posts"}],"about":[{"href":"https:\/\/empresas.infoempleo.com\/hrtrends\/wp-json\/wp\/v2\/types\/post"}],"author":[{"embeddable":true,"href":"https:\/\/empresas.infoempleo.com\/hrtrends\/wp-json\/wp\/v2\/users\/29"}],"replies":[{"embeddable":true,"href":"https:\/\/empresas.infoempleo.com\/hrtrends\/wp-json\/wp\/v2\/comments?post=21447"}],"version-history":[{"count":2,"href":"https:\/\/empresas.infoempleo.com\/hrtrends\/wp-json\/wp\/v2\/posts\/21447\/revisions"}],"predecessor-version":[{"id":45247,"href":"https:\/\/empresas.infoempleo.com\/hrtrends\/wp-json\/wp\/v2\/posts\/21447\/revisions\/45247"}],"wp:featuredmedia":[{"embeddable":true,"href":"https:\/\/empresas.infoempleo.com\/hrtrends\/wp-json\/wp\/v2\/media\/21460"}],"wp:attachment":[{"href":"https:\/\/empresas.infoempleo.com\/hrtrends\/wp-json\/wp\/v2\/media?parent=21447"}],"wp:term":[{"taxonomy":"category","embeddable":true,"href":"https:\/\/empresas.infoempleo.com\/hrtrends\/wp-json\/wp\/v2\/categories?post=21447"},{"taxonomy":"post_tag","embeddable":true,"href":"https:\/\/empresas.infoempleo.com\/hrtrends\/wp-json\/wp\/v2\/tags?post=21447"}],"curies":[{"name":"wp","href":"https:\/\/api.w.org\/{rel}","templated":true}]}}