{"id":21351,"date":"2021-06-22T07:30:50","date_gmt":"2021-06-22T05:30:50","guid":{"rendered":"http:\/\/blog.infoempleo.com\/?p=21351"},"modified":"2024-08-29T17:47:46","modified_gmt":"2024-08-29T15:47:46","slug":"planes-de-igualdad-en-las-empresas","status":"publish","type":"post","link":"https:\/\/empresas.infoempleo.com\/hrtrends\/planes-de-igualdad-en-las-empresas\/","title":{"rendered":"Planes de igualdad en las empresas"},"content":{"rendered":"<p>Hay una parte de la brecha de g\u00e9nero, de la desigual consideraci\u00f3n de los hombres y las mujeres en el \u00e1mbito de laboral <strong>que no es visible<\/strong>. M\u00e1s all\u00e1 de que los hombres ocupan puestos y profesiones mejor remuneradas y, generalmente, tienen salarios m\u00e1s altos a la hora de asignar valor al trabajo que hacen unas y otros tambi\u00e9n entran en juego ideas preconcebidas sobre sus capacidades que desembocan en una <strong>asignaci\u00f3n de roles discriminatoria<\/strong>. Para corregir este trato injusto se estableci\u00f3 la obligatoriedad de incorporar los planes de igualdad.<\/p>\n<p><!--more--><\/p>\n<h2>Desde el a\u00f1o 2007 los planes de igualdad son obligatorios en las empresas<\/h2>\n<p>Los planes de igualdad son una herramienta dise\u00f1ada para <strong>aflorar los mecanismos de la desigualdad en el trabajo<\/strong> y corregir estas inercias mediante medidas transformadoras en las empresas. Forma parte del paquete de medidas e instrumentos que pretenden acabar definitivamente con la brecha salarial de g\u00e9nero que se abre hasta un 21,4% en nuestro pa\u00eds.<\/p>\n<p>La <em>Ley de igualdad entre hombres y mujeres <\/em>del a\u00f1o 2007 hizo <strong>obligatorio incorporar los planes de igualdad<\/strong> para empresas de <strong>m\u00e1s de cincuenta trabajadores y trabajadoras<\/strong>. No obstante, esta medida en ese momento tuvo un car\u00e1cter meramente declarativo y su incumplimiento no conllevaba ninguna sanci\u00f3n.<\/p>\n<h2>En 2022 todas las empresas de m\u00e1s de 50 trabajadores tendr\u00e1n planes de igualdad<\/h2>\n<p>En el a\u00f1o 2019 se dio un paso m\u00e1s a nivel legislativo y se hizo preceptivo el registro de los planes de igualdad con un periodo transitorio para su obligatoriedad que depender\u00eda del n\u00famero de empleados de la empresa. Para el <strong>a\u00f1o 2022 todas las empresas de m\u00e1s de 50 trabajadores<\/strong> deben tener un plan de igualdad. Es interesante saber que para el c\u00f3mputo de personas trabajadoras de una empresa se tendr\u00e1 en consideraci\u00f3n todas las personas que forman la plantilla, independientemente de su contrato.<\/p>\n<p>Tambi\u00e9n cuentan los trabajadores con<strong> contratos temporales o los que se celebran a tiempo parcial<\/strong>, estim\u00e1ndose el c\u00e1lculo a fecha 30 de junio o 31 de diciembre. Ser\u00e1n obligatorios a partir del momento que se alcance esta cifra, aunque no se mantenga posteriormente.<\/p>\n<p><img loading=\"lazy\" decoding=\"async\" class=\"aligncenter wp-image-38806 size-full\" title=\"HRTrends-igualdad-empresas\" src=\"https:\/\/empresas.infoempleo.com\/hrtrends\/media\/2015\/06\/HRTrends_Plan-de-igualdad-empresa_800.jpg\" alt=\"HRTrends-igualdad-empresas\" width=\"800\" height=\"534\" srcset=\"https:\/\/empresas.infoempleo.com\/hrtrends\/media\/2015\/06\/HRTrends_Plan-de-igualdad-empresa_800.jpg 800w, https:\/\/empresas.infoempleo.com\/hrtrends\/media\/2015\/06\/HRTrends_Plan-de-igualdad-empresa_800-300x200.jpg 300w, https:\/\/empresas.infoempleo.com\/hrtrends\/media\/2015\/06\/HRTrends_Plan-de-igualdad-empresa_800-768x513.jpg 768w\" sizes=\"auto, (max-width: 800px) 100vw, 800px\" \/><\/p>\n<h2>Cinco fases para alcanzar la igualdad en las empresas<\/h2>\n<p>El plan de igualdad se desarrolla en cinco fases que no tienen que desarrollarse linealmente. Se trata, m\u00e1s bien, de un proceso circular ya que no empieza y acaba en una fecha determinada si no que enlaza la evaluaci\u00f3n de uno con el arranque del siguiente. La duraci\u00f3n de un plan de igualdad <strong>no debe exceder en ning\u00fan caso los cuatro a\u00f1os<\/strong>.<\/p>\n<p>A lo largo de cada fase se evaluar\u00e1n todos estos \u00e1mbitos: el proceso de selecci\u00f3n y contrataci\u00f3n, la clasificaci\u00f3n profesional, la formaci\u00f3n, la promoci\u00f3n profesional, las condiciones de trabajo. Se incluir\u00e1 la <a href=\"https:\/\/empresas.infoempleo.com\/hrtrends\/que-es-la-auditoria-retributiva-y-que-obligacion-tiene-la-empresa-de-hacerla\/\"><strong>auditor\u00eda salarial diferenciada<\/strong><\/a> por g\u00e9nero, el an\u00e1lisis del ejercicio corresponsable de los derechos de la vida personal, familiar y laboral, la infrarrepresentaci\u00f3n femenina en determinadas posiciones, las retribuciones y la prevenci\u00f3n del acoso sexual.<\/p>\n<ul>\n<li><strong>Fase 1.<\/strong> <strong>Constituci\u00f3n de la comisi\u00f3n negociadora<\/strong> (en un plazo de 3 meses). Previamente se comunicar\u00e1 el inicio del plan a la plantilla y la apertura de la negociaci\u00f3n <strong>mediante documento escrito<\/strong>. La comisi\u00f3n negociadora del plan de igualdad tiene que ser <strong>similar en cuanto al n\u00famero de representantes de la empresa y de las personas trabajadoras,<\/strong> y tener una composici\u00f3n equilibrada entre hombres y mujeres.<\/li>\n<li><strong>Fase 2.<\/strong> <strong>Diagn\u00f3stico<\/strong>. Recogida de datos para <strong>valorar el grado de integraci\u00f3n de la igualdad <\/strong>en la organizaci\u00f3n. Para llevar a cabo esta fase es necesario haber realizado la <strong>auditor\u00eda retributiva<\/strong> (enlace) ya que forma parte del diagn\u00f3stico. Con este an\u00e1lisis se pretende <strong>identificar la existencia y magnitud de las desigualdades<\/strong> existentes en la empresa, con el objeto de dise\u00f1ar las medidas necesarias para acabar con ella. Se elaborar\u00e1 un informe con los resultados, en los que se incluir\u00e1 los principales problemas detectados, los \u00e1mbitos de actuaci\u00f3n, objetivos generales y las propuestas de mejora.<\/li>\n<li><strong>Fase 3.<\/strong> <strong>Dise\u00f1o del plan de igualdad<\/strong>. En este paso se incluyen los objetivos. Las medidas en concreto que se implantar\u00e1n, los indicadores y la calendarizaci\u00f3n. Adem\u00e1s de la aprobaci\u00f3n y el registro oficial del plan de igualdad.<\/li>\n<li><strong>Fase 4.<\/strong> <strong>Implantaci\u00f3n y seguimiento<\/strong>. Empieza ahora el desarrollo de las medidas previstas. Adem\u00e1s, se comprobar\u00e1 su desarrollo y la evaluaci\u00f3n de los resultados. En todo el proceso son importantes, pero en esta fase es fundamental <strong><strong>contar con personas con formaci\u00f3n y experiencia en igualdad.<\/strong><\/strong>&nbsp;<\/li>\n<li><strong>Fase 5.<\/strong> <strong>Evaluaci\u00f3n del plan de Igualdad<\/strong>. En el que se valorar\u00e1 hasta qu\u00e9 punto se han <strong>conseguido los objetivos<\/strong> y el impacto del plan en la empresa.<\/li>\n<\/ul>\n<h2>Avanzar en la idea de trabajo de igual valor, igual retribuci\u00f3n<\/h2>\n<p>La incorrecta valoraci\u00f3n de los puestos de trabajo es el <strong>reto al que se enfrenta la igualdad retributiva<\/strong>. Poner en claro los mecanismos de la desigualdad en el terreno laboral es una tarea que debe abordarse desde las instituciones. As\u00ed como contar con el compromiso (y cumplimiento de la ley) de las empresas y un trabajo de reflexi\u00f3n individual de los trabajadores y trabajadoras.<\/p>\n<p>Para m\u00e1s informaci\u00f3n consulta la Gu\u00eda sobre Planes de Igualdad que ha elaborado el Instituto de las Mujeres.<\/p>\n","protected":false},"excerpt":{"rendered":"<p>Hay una parte de la brecha de g\u00e9nero, de la desigual consideraci\u00f3n de los hombres y las mujeres<a class=\"moretag\" href=\"https:\/\/empresas.infoempleo.com\/hrtrends\/planes-de-igualdad-en-las-empresas\/\"> Leer m\u00e1s<\/a><\/p>\n","protected":false},"author":29,"featured_media":38805,"comment_status":"closed","ping_status":"open","sticky":false,"template":"","format":"standard","meta":{"footnotes":""},"categories":[3],"tags":[2691,2692,2693,2694,2695],"class_list":["post-21351","post","type-post","status-publish","format-standard","has-post-thumbnail","hentry","category-actualidad","tag-brecha-salarial","tag-conciliacion-personal","tag-doble-jornada","tag-laboral-y-familiar","tag-planes-de-igualdad"],"yoast_head":"<!-- This site is optimized with the Yoast SEO plugin v26.1.1 - https:\/\/yoast.com\/wordpress\/plugins\/seo\/ -->\n<title>Planes de igualdad en las empresas | HRTRENDS<\/title>\n<meta name=\"description\" content=\"Es lo que se llama la brecha salarial y que afecta las retribuciones, al acceso a los puestos de trabajo y que perjudica en \u00faltimo t\u00e9rmino tambi\u00e9n a las pensiones de las mujeres\" \/>\n<meta name=\"robots\" content=\"index, follow, max-snippet:-1, max-image-preview:large, max-video-preview:-1\" \/>\n<link rel=\"canonical\" href=\"https:\/\/empresas.infoempleo.com\/hrtrends\/planes-de-igualdad-en-las-empresas\/\" \/>\n<meta property=\"og:locale\" content=\"es_ES\" \/>\n<meta property=\"og:type\" content=\"article\" \/>\n<meta property=\"og:title\" content=\"Planes de igualdad en las empresas | HRTRENDS\" \/>\n<meta property=\"og:description\" content=\"Es lo que se llama la brecha salarial y que afecta las retribuciones, al acceso a los puestos de trabajo y que perjudica en \u00faltimo t\u00e9rmino tambi\u00e9n a las pensiones de las mujeres\" \/>\n<meta property=\"og:url\" content=\"https:\/\/empresas.infoempleo.com\/hrtrends\/planes-de-igualdad-en-las-empresas\/\" \/>\n<meta property=\"og:site_name\" content=\"HRTRENDS\" \/>\n<meta property=\"article:publisher\" content=\"https:\/\/www.facebook.com\/Infoempleo\" \/>\n<meta property=\"article:published_time\" content=\"2021-06-22T05:30:50+00:00\" \/>\n<meta property=\"article:modified_time\" content=\"2024-08-29T15:47:46+00:00\" \/>\n<meta property=\"og:image\" content=\"https:\/\/empresas.infoempleo.com\/hrtrends\/media\/2015\/06\/HRTrends_Planes-de-igualdad_881.jpg\" \/>\n\t<meta property=\"og:image:width\" content=\"881\" \/>\n\t<meta property=\"og:image:height\" content=\"596\" \/>\n\t<meta property=\"og:image:type\" content=\"image\/jpeg\" \/>\n<meta name=\"author\" content=\"Luisa Carrasco\" \/>\n<meta name=\"twitter:card\" content=\"summary_large_image\" \/>\n<meta name=\"twitter:creator\" content=\"@infoempleo\" \/>\n<meta name=\"twitter:site\" content=\"@infoempleo\" \/>\n<meta name=\"twitter:label1\" content=\"Escrito por\" \/>\n\t<meta name=\"twitter:data1\" content=\"Luisa Carrasco\" \/>\n\t<meta name=\"twitter:label2\" content=\"Tiempo de lectura\" \/>\n\t<meta name=\"twitter:data2\" content=\"5 minutos\" \/>\n<script type=\"application\/ld+json\" class=\"yoast-schema-graph\">{\"@context\":\"https:\/\/schema.org\",\"@graph\":[{\"@type\":\"NewsArticle\",\"@id\":\"https:\/\/empresas.infoempleo.com\/hrtrends\/planes-de-igualdad-en-las-empresas\/#article\",\"isPartOf\":{\"@id\":\"https:\/\/empresas.infoempleo.com\/hrtrends\/planes-de-igualdad-en-las-empresas\/\"},\"author\":{\"name\":\"Luisa Carrasco\",\"@id\":\"https:\/\/empresas.infoempleo.com\/hrtrends\/#\/schema\/person\/32ca57975913668419d075627a98dafe\"},\"headline\":\"Planes de igualdad en las empresas\",\"datePublished\":\"2021-06-22T05:30:50+00:00\",\"dateModified\":\"2024-08-29T15:47:46+00:00\",\"mainEntityOfPage\":{\"@id\":\"https:\/\/empresas.infoempleo.com\/hrtrends\/planes-de-igualdad-en-las-empresas\/\"},\"wordCount\":912,\"publisher\":{\"@id\":\"https:\/\/empresas.infoempleo.com\/hrtrends\/#organization\"},\"image\":{\"@id\":\"https:\/\/empresas.infoempleo.com\/hrtrends\/planes-de-igualdad-en-las-empresas\/#primaryimage\"},\"thumbnailUrl\":\"https:\/\/empresas.infoempleo.com\/hrtrends\/media\/2015\/06\/HRTrends_Planes-de-igualdad_881.jpg\",\"keywords\":[\"brecha salarial\",\"conciliaci\u00f3n personal\",\"doble jornada\",\"laboral y familiar\",\"Planes de igualdad\"],\"articleSection\":[\"Actualidad\"],\"inLanguage\":\"es\",\"copyrightYear\":\"2021\",\"copyrightHolder\":{\"@id\":\"https:\/\/empresas.infoempleo.com\/hrtrends\/#organization\"}},{\"@type\":\"WebPage\",\"@id\":\"https:\/\/empresas.infoempleo.com\/hrtrends\/planes-de-igualdad-en-las-empresas\/\",\"url\":\"https:\/\/empresas.infoempleo.com\/hrtrends\/planes-de-igualdad-en-las-empresas\/\",\"name\":\"Planes de igualdad en las empresas | HRTRENDS\",\"isPartOf\":{\"@id\":\"https:\/\/empresas.infoempleo.com\/hrtrends\/#website\"},\"primaryImageOfPage\":{\"@id\":\"https:\/\/empresas.infoempleo.com\/hrtrends\/planes-de-igualdad-en-las-empresas\/#primaryimage\"},\"image\":{\"@id\":\"https:\/\/empresas.infoempleo.com\/hrtrends\/planes-de-igualdad-en-las-empresas\/#primaryimage\"},\"thumbnailUrl\":\"https:\/\/empresas.infoempleo.com\/hrtrends\/media\/2015\/06\/HRTrends_Planes-de-igualdad_881.jpg\",\"datePublished\":\"2021-06-22T05:30:50+00:00\",\"dateModified\":\"2024-08-29T15:47:46+00:00\",\"description\":\"Es lo que se llama la brecha salarial y que afecta las retribuciones, al acceso a los puestos de trabajo y que perjudica en \u00faltimo t\u00e9rmino tambi\u00e9n a las pensiones de las mujeres\",\"breadcrumb\":{\"@id\":\"https:\/\/empresas.infoempleo.com\/hrtrends\/planes-de-igualdad-en-las-empresas\/#breadcrumb\"},\"inLanguage\":\"es\",\"potentialAction\":[{\"@type\":\"ReadAction\",\"target\":[\"https:\/\/empresas.infoempleo.com\/hrtrends\/planes-de-igualdad-en-las-empresas\/\"]}]},{\"@type\":\"ImageObject\",\"inLanguage\":\"es\",\"@id\":\"https:\/\/empresas.infoempleo.com\/hrtrends\/planes-de-igualdad-en-las-empresas\/#primaryimage\",\"url\":\"https:\/\/empresas.infoempleo.com\/hrtrends\/media\/2015\/06\/HRTrends_Planes-de-igualdad_881-150x150.jpg\",\"contentUrl\":\"https:\/\/empresas.infoempleo.com\/hrtrends\/media\/2015\/06\/HRTrends_Planes-de-igualdad_881-150x150.jpg\",\"width\":150,\"height\":150},{\"@type\":\"BreadcrumbList\",\"@id\":\"https:\/\/empresas.infoempleo.com\/hrtrends\/planes-de-igualdad-en-las-empresas\/#breadcrumb\",\"itemListElement\":[{\"@type\":\"ListItem\",\"position\":1,\"name\":\"Portada\",\"item\":\"https:\/\/empresas.infoempleo.com\/hrtrends\/\"},{\"@type\":\"ListItem\",\"position\":2,\"name\":\"Planes de igualdad en las empresas\"}]},{\"@type\":\"WebSite\",\"@id\":\"https:\/\/empresas.infoempleo.com\/hrtrends\/#website\",\"url\":\"https:\/\/empresas.infoempleo.com\/hrtrends\",\"name\":\"HRTrends by Infoempleo\",\"description\":\"\",\"publisher\":{\"@id\":\"https:\/\/empresas.infoempleo.com\/hrtrends\/#organization\"},\"potentialAction\":{\"@type\":\"SearchAction\",\"target\":\"https:\/\/empresas.infoempleo.com\/hrtrends\/?s={search_term_string}\",\"query-input\":\"required name=search_term_string\"},\"inLanguage\":\"es\"},{\"@type\":\"Organization\",\"@id\":\"https:\/\/empresas.infoempleo.com\/hrtrends\/#organization\",\"name\":\"Infoempleo\",\"url\":\"https:\/\/www.infoempleo.com\/\",\"logo\":{\"@type\":\"ImageObject\",\"@id\":\"https:\/\/empresas.infoempleo.com\/hrtrends\/#logo\",\"inLanguage\":\"es\",\"url\":\"https:\/\/cdnazure.infoempleo.com\/infoempleo\/assets\/style\/gfx\/logo.svg\",\"contentUrl\":\"https:\/\/cdnazure.infoempleo.com\/infoempleo\/assets\/style\/gfx\/logo.svg\",\"width\":150,\"height\":40,\"caption\":\"Infoempleo\"},\"image\":{\"@id\":\"https:\/\/empresas.infoempleo.com\/hrtrends\/#logo\"},\"sameAs\":[\"https:\/\/www.facebook.com\/Infoempleo\",\"https:\/\/x.com\/infoempleo\",\"http:\/\/instagram.com\/infoempleo\/\",\"http:\/\/www.linkedin.com\/groups\/Empleo-Espa\u00f1a-Infoempleocom-111276\",\"http:\/\/pinterest.com\/infoempleo\/\"],\"address\":{\"@type\":\"PostalAddress\",\"addressLocality\":\"Madrid\",\"postalCode\":\"28050\",\"streetAddress\":\"Avenida de Burgos 114\"},\"brand\":[\"Infoempleo\"]},{\"@type\":\"Person\",\"@id\":\"https:\/\/empresas.infoempleo.com\/hrtrends\/#\/schema\/person\/32ca57975913668419d075627a98dafe\",\"name\":\"Luisa Carrasco\",\"image\":{\"@type\":\"ImageObject\",\"inLanguage\":\"es\",\"@id\":\"https:\/\/empresas.infoempleo.com\/hrtrends\/#\/schema\/person\/image\/\",\"url\":\"https:\/\/secure.gravatar.com\/avatar\/8cc7d7a784a8289007bbfddcef37ed7157c6ae70e89183748ddf5858d9133c86?s=96&d=mm&r=g\",\"contentUrl\":\"https:\/\/secure.gravatar.com\/avatar\/8cc7d7a784a8289007bbfddcef37ed7157c6ae70e89183748ddf5858d9133c86?s=96&d=mm&r=g\",\"caption\":\"Luisa Carrasco\"},\"description\":\"Licenciada en Sociolog\u00eda y posgrado en gesti\u00f3n de la comunicaci\u00f3n para organizaciones culturales. Me interesa todo lo que tiene que ver con la organizaci\u00f3n e integraci\u00f3n de los distintos agentes sociales. El \u00e1mbito laboral y el de la educaci\u00f3n y formaci\u00f3n es el punto de encuentro de gran parte de estos actores. Estoy al tanto de los temas de actualidad laboral, las tendencias en el mercado del trabajo, las nuevas iniciativas en el tejido empresarial y las propuestas de innovaci\u00f3n en materia de educaci\u00f3n y formaci\u00f3n. Por lo general, escribo en el blog de Infoempleo tres veces por semana.\",\"url\":\"https:\/\/empresas.infoempleo.com\/hrtrends\/author\/luisaagenciayerro\/\"}]}<\/script>\n<!-- \/ Yoast SEO plugin. -->","yoast_head_json":{"title":"Planes de igualdad en las empresas | HRTRENDS","description":"Es lo que se llama la brecha salarial y que afecta las retribuciones, al acceso a los puestos de trabajo y que perjudica en \u00faltimo t\u00e9rmino tambi\u00e9n a las pensiones de las mujeres","robots":{"index":"index","follow":"follow","max-snippet":"max-snippet:-1","max-image-preview":"max-image-preview:large","max-video-preview":"max-video-preview:-1"},"canonical":"https:\/\/empresas.infoempleo.com\/hrtrends\/planes-de-igualdad-en-las-empresas\/","og_locale":"es_ES","og_type":"article","og_title":"Planes de igualdad en las empresas | HRTRENDS","og_description":"Es lo que se llama la brecha salarial y que afecta las retribuciones, al acceso a los puestos de trabajo y que perjudica en \u00faltimo t\u00e9rmino tambi\u00e9n a las pensiones de las mujeres","og_url":"https:\/\/empresas.infoempleo.com\/hrtrends\/planes-de-igualdad-en-las-empresas\/","og_site_name":"HRTRENDS","article_publisher":"https:\/\/www.facebook.com\/Infoempleo","article_published_time":"2021-06-22T05:30:50+00:00","article_modified_time":"2024-08-29T15:47:46+00:00","og_image":[{"width":881,"height":596,"url":"https:\/\/empresas.infoempleo.com\/hrtrends\/media\/2015\/06\/HRTrends_Planes-de-igualdad_881.jpg","type":"image\/jpeg"}],"author":"Luisa Carrasco","twitter_card":"summary_large_image","twitter_creator":"@infoempleo","twitter_site":"@infoempleo","twitter_misc":{"Escrito por":"Luisa Carrasco","Tiempo de lectura":"5 minutos"},"schema":{"@context":"https:\/\/schema.org","@graph":[{"@type":"NewsArticle","@id":"https:\/\/empresas.infoempleo.com\/hrtrends\/planes-de-igualdad-en-las-empresas\/#article","isPartOf":{"@id":"https:\/\/empresas.infoempleo.com\/hrtrends\/planes-de-igualdad-en-las-empresas\/"},"author":{"name":"Luisa Carrasco","@id":"https:\/\/empresas.infoempleo.com\/hrtrends\/#\/schema\/person\/32ca57975913668419d075627a98dafe"},"headline":"Planes de igualdad en las empresas","datePublished":"2021-06-22T05:30:50+00:00","dateModified":"2024-08-29T15:47:46+00:00","mainEntityOfPage":{"@id":"https:\/\/empresas.infoempleo.com\/hrtrends\/planes-de-igualdad-en-las-empresas\/"},"wordCount":912,"publisher":{"@id":"https:\/\/empresas.infoempleo.com\/hrtrends\/#organization"},"image":{"@id":"https:\/\/empresas.infoempleo.com\/hrtrends\/planes-de-igualdad-en-las-empresas\/#primaryimage"},"thumbnailUrl":"https:\/\/empresas.infoempleo.com\/hrtrends\/media\/2015\/06\/HRTrends_Planes-de-igualdad_881.jpg","keywords":["brecha salarial","conciliaci\u00f3n personal","doble jornada","laboral y familiar","Planes de igualdad"],"articleSection":["Actualidad"],"inLanguage":"es","copyrightYear":"2021","copyrightHolder":{"@id":"https:\/\/empresas.infoempleo.com\/hrtrends\/#organization"}},{"@type":"WebPage","@id":"https:\/\/empresas.infoempleo.com\/hrtrends\/planes-de-igualdad-en-las-empresas\/","url":"https:\/\/empresas.infoempleo.com\/hrtrends\/planes-de-igualdad-en-las-empresas\/","name":"Planes de igualdad en las empresas | HRTRENDS","isPartOf":{"@id":"https:\/\/empresas.infoempleo.com\/hrtrends\/#website"},"primaryImageOfPage":{"@id":"https:\/\/empresas.infoempleo.com\/hrtrends\/planes-de-igualdad-en-las-empresas\/#primaryimage"},"image":{"@id":"https:\/\/empresas.infoempleo.com\/hrtrends\/planes-de-igualdad-en-las-empresas\/#primaryimage"},"thumbnailUrl":"https:\/\/empresas.infoempleo.com\/hrtrends\/media\/2015\/06\/HRTrends_Planes-de-igualdad_881.jpg","datePublished":"2021-06-22T05:30:50+00:00","dateModified":"2024-08-29T15:47:46+00:00","description":"Es lo que se llama la brecha salarial y que afecta las retribuciones, al acceso a los puestos de trabajo y que perjudica en \u00faltimo t\u00e9rmino tambi\u00e9n a las pensiones de las mujeres","breadcrumb":{"@id":"https:\/\/empresas.infoempleo.com\/hrtrends\/planes-de-igualdad-en-las-empresas\/#breadcrumb"},"inLanguage":"es","potentialAction":[{"@type":"ReadAction","target":["https:\/\/empresas.infoempleo.com\/hrtrends\/planes-de-igualdad-en-las-empresas\/"]}]},{"@type":"ImageObject","inLanguage":"es","@id":"https:\/\/empresas.infoempleo.com\/hrtrends\/planes-de-igualdad-en-las-empresas\/#primaryimage","url":"https:\/\/empresas.infoempleo.com\/hrtrends\/media\/2015\/06\/HRTrends_Planes-de-igualdad_881-150x150.jpg","contentUrl":"https:\/\/empresas.infoempleo.com\/hrtrends\/media\/2015\/06\/HRTrends_Planes-de-igualdad_881-150x150.jpg","width":150,"height":150},{"@type":"BreadcrumbList","@id":"https:\/\/empresas.infoempleo.com\/hrtrends\/planes-de-igualdad-en-las-empresas\/#breadcrumb","itemListElement":[{"@type":"ListItem","position":1,"name":"Portada","item":"https:\/\/empresas.infoempleo.com\/hrtrends\/"},{"@type":"ListItem","position":2,"name":"Planes de igualdad en las empresas"}]},{"@type":"WebSite","@id":"https:\/\/empresas.infoempleo.com\/hrtrends\/#website","url":"https:\/\/empresas.infoempleo.com\/hrtrends","name":"HRTrends by Infoempleo","description":"","publisher":{"@id":"https:\/\/empresas.infoempleo.com\/hrtrends\/#organization"},"potentialAction":{"@type":"SearchAction","target":"https:\/\/empresas.infoempleo.com\/hrtrends\/?s={search_term_string}","query-input":"required name=search_term_string"},"inLanguage":"es"},{"@type":"Organization","@id":"https:\/\/empresas.infoempleo.com\/hrtrends\/#organization","name":"Infoempleo","url":"https:\/\/www.infoempleo.com\/","logo":{"@type":"ImageObject","@id":"https:\/\/empresas.infoempleo.com\/hrtrends\/#logo","inLanguage":"es","url":"https:\/\/cdnazure.infoempleo.com\/infoempleo\/assets\/style\/gfx\/logo.svg","contentUrl":"https:\/\/cdnazure.infoempleo.com\/infoempleo\/assets\/style\/gfx\/logo.svg","width":150,"height":40,"caption":"Infoempleo"},"image":{"@id":"https:\/\/empresas.infoempleo.com\/hrtrends\/#logo"},"sameAs":["https:\/\/www.facebook.com\/Infoempleo","https:\/\/x.com\/infoempleo","http:\/\/instagram.com\/infoempleo\/","http:\/\/www.linkedin.com\/groups\/Empleo-Espa\u00f1a-Infoempleocom-111276","http:\/\/pinterest.com\/infoempleo\/"],"address":{"@type":"PostalAddress","addressLocality":"Madrid","postalCode":"28050","streetAddress":"Avenida de Burgos 114"},"brand":["Infoempleo"]},{"@type":"Person","@id":"https:\/\/empresas.infoempleo.com\/hrtrends\/#\/schema\/person\/32ca57975913668419d075627a98dafe","name":"Luisa Carrasco","image":{"@type":"ImageObject","inLanguage":"es","@id":"https:\/\/empresas.infoempleo.com\/hrtrends\/#\/schema\/person\/image\/","url":"https:\/\/secure.gravatar.com\/avatar\/8cc7d7a784a8289007bbfddcef37ed7157c6ae70e89183748ddf5858d9133c86?s=96&d=mm&r=g","contentUrl":"https:\/\/secure.gravatar.com\/avatar\/8cc7d7a784a8289007bbfddcef37ed7157c6ae70e89183748ddf5858d9133c86?s=96&d=mm&r=g","caption":"Luisa Carrasco"},"description":"Licenciada en Sociolog\u00eda y posgrado en gesti\u00f3n de la comunicaci\u00f3n para organizaciones culturales. Me interesa todo lo que tiene que ver con la organizaci\u00f3n e integraci\u00f3n de los distintos agentes sociales. El \u00e1mbito laboral y el de la educaci\u00f3n y formaci\u00f3n es el punto de encuentro de gran parte de estos actores. Estoy al tanto de los temas de actualidad laboral, las tendencias en el mercado del trabajo, las nuevas iniciativas en el tejido empresarial y las propuestas de innovaci\u00f3n en materia de educaci\u00f3n y formaci\u00f3n. Por lo general, escribo en el blog de Infoempleo tres veces por semana.","url":"https:\/\/empresas.infoempleo.com\/hrtrends\/author\/luisaagenciayerro\/"}]}},"amp_enabled":true,"_links":{"self":[{"href":"https:\/\/empresas.infoempleo.com\/hrtrends\/wp-json\/wp\/v2\/posts\/21351","targetHints":{"allow":["GET"]}}],"collection":[{"href":"https:\/\/empresas.infoempleo.com\/hrtrends\/wp-json\/wp\/v2\/posts"}],"about":[{"href":"https:\/\/empresas.infoempleo.com\/hrtrends\/wp-json\/wp\/v2\/types\/post"}],"author":[{"embeddable":true,"href":"https:\/\/empresas.infoempleo.com\/hrtrends\/wp-json\/wp\/v2\/users\/29"}],"replies":[{"embeddable":true,"href":"https:\/\/empresas.infoempleo.com\/hrtrends\/wp-json\/wp\/v2\/comments?post=21351"}],"version-history":[{"count":6,"href":"https:\/\/empresas.infoempleo.com\/hrtrends\/wp-json\/wp\/v2\/posts\/21351\/revisions"}],"predecessor-version":[{"id":45246,"href":"https:\/\/empresas.infoempleo.com\/hrtrends\/wp-json\/wp\/v2\/posts\/21351\/revisions\/45246"}],"wp:featuredmedia":[{"embeddable":true,"href":"https:\/\/empresas.infoempleo.com\/hrtrends\/wp-json\/wp\/v2\/media\/38805"}],"wp:attachment":[{"href":"https:\/\/empresas.infoempleo.com\/hrtrends\/wp-json\/wp\/v2\/media?parent=21351"}],"wp:term":[{"taxonomy":"category","embeddable":true,"href":"https:\/\/empresas.infoempleo.com\/hrtrends\/wp-json\/wp\/v2\/categories?post=21351"},{"taxonomy":"post_tag","embeddable":true,"href":"https:\/\/empresas.infoempleo.com\/hrtrends\/wp-json\/wp\/v2\/tags?post=21351"}],"curies":[{"name":"wp","href":"https:\/\/api.w.org\/{rel}","templated":true}]}}