{"id":20864,"date":"2015-04-16T07:30:49","date_gmt":"2015-04-16T06:30:49","guid":{"rendered":"http:\/\/blog.infoempleo.com\/?p=20864"},"modified":"2024-08-29T17:47:45","modified_gmt":"2024-08-29T15:47:45","slug":"un-trabajo-invisible-los-servicios-auxiliares-en-las-empresas","status":"publish","type":"post","link":"https:\/\/empresas.infoempleo.com\/hrtrends\/un-trabajo-invisible-los-servicios-auxiliares-en-las-empresas\/","title":{"rendered":"Un trabajo invisible: los servicios auxiliares en las empresas"},"content":{"rendered":"<p>Lo primero que hacemos cuando llegamos a la oficina es ir a la m\u00e1quina a por un caf\u00e9. Antes hemos dado los buenos d\u00edas a la persona que se ocupa de la seguridad. A media ma\u00f1ana levantamos el teclado para que el personal de limpieza pase el pa\u00f1o por debajo. Enviamos por mensajero unos documentos a otra sede o tenemos que coger nuestros b\u00e1rtulos porque nos mudamos de edificio. A este conjunto de actividades y servicios que conviven con nosotros pero que casi no vemos y permiten que la empresa se pueda dedicar en exclusiva a su negociado es lo que los anglosajones llaman <em>facility management<\/em><em>.\u00a0<\/em><\/p>\n<p><!--more--><\/p>\n<p>Este t\u00e9rmino es cada vez m\u00e1s popular y <strong>est\u00e1 ya integrado en la mayor parte de las grandes y medianas empresas<\/strong>. Para homogeneizarlo, la normativa europea de <em>Facility management<\/em> la ha definido como \u00abla gesti\u00f3n de inmuebles y servicios soporte\u00bb.<\/p>\n<p>La persona que se encarga de las relaciones con los proveedores de estos servicios es el <em>facility manager<\/em>. <strong>Su misi\u00f3n es\u00a0propiciar un<\/strong> <strong>entorno de trabajo m\u00e1s eficiente<\/strong>. Para ello, cuida\u00a0la iluminaci\u00f3n de las estancias, la climatizaci\u00f3n del edificio y su ventilaci\u00f3n, ya que esto est\u00e1 relacionado estrechamente con la productividad de las personas que trabajan en ellos.<\/p>\n<p><strong>Se ocupa tambi\u00e9n de dinamizar todos los servicios auxiliares<\/strong> que necesita una empresa con una visi\u00f3n estrat\u00e9gica y de una forma sostenible, y tiene en cuenta, seg\u00fan las \u00faltimas tendencias y la legislaci\u00f3n, la eficiencia energ\u00e9tica del edificio y los aparatos que utilizamos mientras trabajamos porque est\u00e1 obsesionado con la optimizaci\u00f3n y la reducci\u00f3n de costes.<\/p>\n<h3><strong>Beneficios del facility management<\/strong><\/h3>\n<p>Esta actividad ha sufrido una transformaci\u00f3n significativa, seg\u00fan se\u00f1alan los responsables de empresas del sector, desde que salieron de las plantillas propias de las empresas para externalizarse. Se comenz\u00f3 subcontratando cada servicio a empresas especialistas pero ya son muchas las que ofrecen no solo uno si no un paquete de prestaciones o <em>facilities<\/em>, con lo que se gana en flexibilidad y se reducen los costes.<\/p>\n<p>Desde IFMA Espa\u00f1a (International Facility Mangement Association) se\u00f1alan los <strong>beneficios de implantar facility management en las empresas<\/strong>. Se simplifica el canal de comunicaci\u00f3n y sinergias entre proveedores y demandantes, ya que en una persona (o equipo) se centraliza la coordinaci\u00f3n de todos los servicios.<\/p>\n<p>El <em>facility manager<\/em> es una persona que experta y conocedora de los servicios auxiliares vitales en la empresa porque est\u00e1 alineada con la estrategia de esta. Tiene un conocimiento exhaustivo del estado de las instalaciones y los ciclos de vida de las m\u00e1quinas, por lo que es capaz de minimizar los sobrecostes de su mal funcionamiento.<\/p>\n<p>Desde esta asociaci\u00f3n tambi\u00e9n <strong>se aboga por una formaci\u00f3n m\u00e1s espec\u00edfica<\/strong> en nuestro pa\u00eds, ya que de momento solo existen posgrados. \u00bfTe interesa formarte o especializarte?<\/p>\n","protected":false},"excerpt":{"rendered":"<p>Lo primero que hacemos cuando llegamos a la oficina es ir a la m\u00e1quina a por un caf\u00e9.<a class=\"moretag\" href=\"https:\/\/empresas.infoempleo.com\/hrtrends\/un-trabajo-invisible-los-servicios-auxiliares-en-las-empresas\/\"> Leer m\u00e1s<\/a><\/p>\n","protected":false},"author":29,"featured_media":20870,"comment_status":"closed","ping_status":"open","sticky":false,"template":"","format":"standard","meta":{"footnotes":""},"categories":[3],"tags":[2673,2674,2675,2676,2677,2678],"class_list":["post-20864","post","type-post","status-publish","format-standard","has-post-thumbnail","hentry","category-actualidad","tag-eficiencia-energetica","tag-facility-management","tag-ifma-espana","tag-optimizacion-de-recursos","tag-proveedores-de-servicios","tag-servicios-auxiliares"],"yoast_head":"<!-- This site is optimized with the Yoast SEO plugin v26.1.1 - https:\/\/yoast.com\/wordpress\/plugins\/seo\/ -->\n<title>Un trabajo invisible: los servicios auxiliares en las empresas | HRTRENDS<\/title>\n<meta name=\"description\" content=\"Conjunto de actividades y servicios auxiliares que permiten que la empresa se pueda dedicar en exclusiva a su negociado es lo que se llama facility management\" \/>\n<meta name=\"robots\" content=\"index, follow, max-snippet:-1, max-image-preview:large, max-video-preview:-1\" \/>\n<link rel=\"canonical\" href=\"https:\/\/empresas.infoempleo.com\/hrtrends\/un-trabajo-invisible-los-servicios-auxiliares-en-las-empresas\/\" \/>\n<meta property=\"og:locale\" content=\"es_ES\" \/>\n<meta property=\"og:type\" content=\"article\" \/>\n<meta property=\"og:title\" content=\"Un trabajo invisible: los servicios auxiliares en las empresas | HRTRENDS\" \/>\n<meta property=\"og:description\" content=\"Conjunto de actividades y servicios auxiliares que permiten que la empresa se pueda dedicar en exclusiva a su negociado es lo que se llama facility management\" \/>\n<meta property=\"og:url\" content=\"https:\/\/empresas.infoempleo.com\/hrtrends\/un-trabajo-invisible-los-servicios-auxiliares-en-las-empresas\/\" \/>\n<meta property=\"og:site_name\" content=\"HRTRENDS\" \/>\n<meta property=\"article:publisher\" content=\"https:\/\/www.facebook.com\/Infoempleo\" \/>\n<meta property=\"article:published_time\" content=\"2015-04-16T06:30:49+00:00\" \/>\n<meta property=\"article:modified_time\" content=\"2024-08-29T15:47:45+00:00\" \/>\n<meta property=\"og:image\" content=\"https:\/\/empresas.infoempleo.com\/hrtrends\/media\/2015\/04\/ThinkstockPhotos-469002288-e1428616240901.jpg\" \/>\n\t<meta property=\"og:image:width\" content=\"546\" \/>\n\t<meta property=\"og:image:height\" content=\"256\" \/>\n\t<meta property=\"og:image:type\" content=\"image\/jpeg\" \/>\n<meta name=\"author\" content=\"Luisa Carrasco\" \/>\n<meta name=\"twitter:card\" content=\"summary_large_image\" \/>\n<meta name=\"twitter:creator\" content=\"@infoempleo\" \/>\n<meta name=\"twitter:site\" content=\"@infoempleo\" \/>\n<meta name=\"twitter:label1\" content=\"Escrito por\" \/>\n\t<meta name=\"twitter:data1\" content=\"Luisa Carrasco\" \/>\n\t<meta name=\"twitter:label2\" content=\"Tiempo de lectura\" \/>\n\t<meta name=\"twitter:data2\" content=\"2 minutos\" \/>\n<script type=\"application\/ld+json\" class=\"yoast-schema-graph\">{\"@context\":\"https:\/\/schema.org\",\"@graph\":[{\"@type\":\"NewsArticle\",\"@id\":\"https:\/\/empresas.infoempleo.com\/hrtrends\/un-trabajo-invisible-los-servicios-auxiliares-en-las-empresas\/#article\",\"isPartOf\":{\"@id\":\"https:\/\/empresas.infoempleo.com\/hrtrends\/un-trabajo-invisible-los-servicios-auxiliares-en-las-empresas\/\"},\"author\":{\"name\":\"Luisa Carrasco\",\"@id\":\"https:\/\/empresas.infoempleo.com\/hrtrends\/#\/schema\/person\/32ca57975913668419d075627a98dafe\"},\"headline\":\"Un trabajo invisible: los servicios auxiliares en las empresas\",\"datePublished\":\"2015-04-16T06:30:49+00:00\",\"dateModified\":\"2024-08-29T15:47:45+00:00\",\"mainEntityOfPage\":{\"@id\":\"https:\/\/empresas.infoempleo.com\/hrtrends\/un-trabajo-invisible-los-servicios-auxiliares-en-las-empresas\/\"},\"wordCount\":500,\"publisher\":{\"@id\":\"https:\/\/empresas.infoempleo.com\/hrtrends\/#organization\"},\"image\":{\"@id\":\"https:\/\/empresas.infoempleo.com\/hrtrends\/un-trabajo-invisible-los-servicios-auxiliares-en-las-empresas\/#primaryimage\"},\"thumbnailUrl\":\"https:\/\/empresas.infoempleo.com\/hrtrends\/media\/2015\/04\/ThinkstockPhotos-469002288-e1428616240901.jpg\",\"keywords\":[\"eficiencia energ\u00e9tica\",\"facility management\",\"IFMA Espa\u00f1a\",\"optimizaci\u00f3n de recursos\",\"proveedores de servicios\",\"servicios auxiliares\"],\"articleSection\":[\"Actualidad\"],\"inLanguage\":\"es\",\"copyrightYear\":\"2015\",\"copyrightHolder\":{\"@id\":\"https:\/\/empresas.infoempleo.com\/hrtrends\/#organization\"}},{\"@type\":\"WebPage\",\"@id\":\"https:\/\/empresas.infoempleo.com\/hrtrends\/un-trabajo-invisible-los-servicios-auxiliares-en-las-empresas\/\",\"url\":\"https:\/\/empresas.infoempleo.com\/hrtrends\/un-trabajo-invisible-los-servicios-auxiliares-en-las-empresas\/\",\"name\":\"Un trabajo invisible: los servicios auxiliares en las empresas | HRTRENDS\",\"isPartOf\":{\"@id\":\"https:\/\/empresas.infoempleo.com\/hrtrends\/#website\"},\"primaryImageOfPage\":{\"@id\":\"https:\/\/empresas.infoempleo.com\/hrtrends\/un-trabajo-invisible-los-servicios-auxiliares-en-las-empresas\/#primaryimage\"},\"image\":{\"@id\":\"https:\/\/empresas.infoempleo.com\/hrtrends\/un-trabajo-invisible-los-servicios-auxiliares-en-las-empresas\/#primaryimage\"},\"thumbnailUrl\":\"https:\/\/empresas.infoempleo.com\/hrtrends\/media\/2015\/04\/ThinkstockPhotos-469002288-e1428616240901.jpg\",\"datePublished\":\"2015-04-16T06:30:49+00:00\",\"dateModified\":\"2024-08-29T15:47:45+00:00\",\"description\":\"Conjunto de actividades y servicios auxiliares que permiten que la empresa se pueda dedicar en exclusiva a su negociado es lo que se llama facility management\",\"breadcrumb\":{\"@id\":\"https:\/\/empresas.infoempleo.com\/hrtrends\/un-trabajo-invisible-los-servicios-auxiliares-en-las-empresas\/#breadcrumb\"},\"inLanguage\":\"es\",\"potentialAction\":[{\"@type\":\"ReadAction\",\"target\":[\"https:\/\/empresas.infoempleo.com\/hrtrends\/un-trabajo-invisible-los-servicios-auxiliares-en-las-empresas\/\"]}]},{\"@type\":\"ImageObject\",\"inLanguage\":\"es\",\"@id\":\"https:\/\/empresas.infoempleo.com\/hrtrends\/un-trabajo-invisible-los-servicios-auxiliares-en-las-empresas\/#primaryimage\",\"url\":\"https:\/\/empresas.infoempleo.com\/hrtrends\/media\/2015\/04\/ThinkstockPhotos-469002288-e1428616240901-150x150.jpg\",\"contentUrl\":\"https:\/\/empresas.infoempleo.com\/hrtrends\/media\/2015\/04\/ThinkstockPhotos-469002288-e1428616240901-150x150.jpg\",\"width\":150,\"height\":150},{\"@type\":\"BreadcrumbList\",\"@id\":\"https:\/\/empresas.infoempleo.com\/hrtrends\/un-trabajo-invisible-los-servicios-auxiliares-en-las-empresas\/#breadcrumb\",\"itemListElement\":[{\"@type\":\"ListItem\",\"position\":1,\"name\":\"Portada\",\"item\":\"https:\/\/empresas.infoempleo.com\/hrtrends\/\"},{\"@type\":\"ListItem\",\"position\":2,\"name\":\"Un trabajo invisible: los servicios auxiliares en las empresas\"}]},{\"@type\":\"WebSite\",\"@id\":\"https:\/\/empresas.infoempleo.com\/hrtrends\/#website\",\"url\":\"https:\/\/empresas.infoempleo.com\/hrtrends\",\"name\":\"HRTrends by Infoempleo\",\"description\":\"\",\"publisher\":{\"@id\":\"https:\/\/empresas.infoempleo.com\/hrtrends\/#organization\"},\"potentialAction\":{\"@type\":\"SearchAction\",\"target\":\"https:\/\/empresas.infoempleo.com\/hrtrends\/?s={search_term_string}\",\"query-input\":\"required name=search_term_string\"},\"inLanguage\":\"es\"},{\"@type\":\"Organization\",\"@id\":\"https:\/\/empresas.infoempleo.com\/hrtrends\/#organization\",\"name\":\"Infoempleo\",\"url\":\"https:\/\/www.infoempleo.com\/\",\"logo\":{\"@type\":\"ImageObject\",\"@id\":\"https:\/\/empresas.infoempleo.com\/hrtrends\/#logo\",\"inLanguage\":\"es\",\"url\":\"https:\/\/cdnazure.infoempleo.com\/infoempleo\/assets\/style\/gfx\/logo.svg\",\"contentUrl\":\"https:\/\/cdnazure.infoempleo.com\/infoempleo\/assets\/style\/gfx\/logo.svg\",\"width\":150,\"height\":40,\"caption\":\"Infoempleo\"},\"image\":{\"@id\":\"https:\/\/empresas.infoempleo.com\/hrtrends\/#logo\"},\"sameAs\":[\"https:\/\/www.facebook.com\/Infoempleo\",\"https:\/\/x.com\/infoempleo\",\"http:\/\/instagram.com\/infoempleo\/\",\"http:\/\/www.linkedin.com\/groups\/Empleo-Espa\u00f1a-Infoempleocom-111276\",\"http:\/\/pinterest.com\/infoempleo\/\"],\"address\":{\"@type\":\"PostalAddress\",\"addressLocality\":\"Madrid\",\"postalCode\":\"28050\",\"streetAddress\":\"Avenida de Burgos 114\"},\"brand\":[\"Infoempleo\"]},{\"@type\":\"Person\",\"@id\":\"https:\/\/empresas.infoempleo.com\/hrtrends\/#\/schema\/person\/32ca57975913668419d075627a98dafe\",\"name\":\"Luisa Carrasco\",\"image\":{\"@type\":\"ImageObject\",\"inLanguage\":\"es\",\"@id\":\"https:\/\/empresas.infoempleo.com\/hrtrends\/#\/schema\/person\/image\/\",\"url\":\"https:\/\/secure.gravatar.com\/avatar\/8cc7d7a784a8289007bbfddcef37ed7157c6ae70e89183748ddf5858d9133c86?s=96&d=mm&r=g\",\"contentUrl\":\"https:\/\/secure.gravatar.com\/avatar\/8cc7d7a784a8289007bbfddcef37ed7157c6ae70e89183748ddf5858d9133c86?s=96&d=mm&r=g\",\"caption\":\"Luisa Carrasco\"},\"description\":\"Licenciada en Sociolog\u00eda y posgrado en gesti\u00f3n de la comunicaci\u00f3n para organizaciones culturales. Me interesa todo lo que tiene que ver con la organizaci\u00f3n e integraci\u00f3n de los distintos agentes sociales. El \u00e1mbito laboral y el de la educaci\u00f3n y formaci\u00f3n es el punto de encuentro de gran parte de estos actores. Estoy al tanto de los temas de actualidad laboral, las tendencias en el mercado del trabajo, las nuevas iniciativas en el tejido empresarial y las propuestas de innovaci\u00f3n en materia de educaci\u00f3n y formaci\u00f3n. Por lo general, escribo en el blog de Infoempleo tres veces por semana.\",\"url\":\"https:\/\/empresas.infoempleo.com\/hrtrends\/author\/luisaagenciayerro\/\"}]}<\/script>\n<!-- \/ Yoast SEO plugin. -->","yoast_head_json":{"title":"Un trabajo invisible: los servicios auxiliares en las empresas | HRTRENDS","description":"Conjunto de actividades y servicios auxiliares que permiten que la empresa se pueda dedicar en exclusiva a su negociado es lo que se llama facility management","robots":{"index":"index","follow":"follow","max-snippet":"max-snippet:-1","max-image-preview":"max-image-preview:large","max-video-preview":"max-video-preview:-1"},"canonical":"https:\/\/empresas.infoempleo.com\/hrtrends\/un-trabajo-invisible-los-servicios-auxiliares-en-las-empresas\/","og_locale":"es_ES","og_type":"article","og_title":"Un trabajo invisible: los servicios auxiliares en las empresas | HRTRENDS","og_description":"Conjunto de actividades y servicios auxiliares que permiten que la empresa se pueda dedicar en exclusiva a su negociado es lo que se llama facility management","og_url":"https:\/\/empresas.infoempleo.com\/hrtrends\/un-trabajo-invisible-los-servicios-auxiliares-en-las-empresas\/","og_site_name":"HRTRENDS","article_publisher":"https:\/\/www.facebook.com\/Infoempleo","article_published_time":"2015-04-16T06:30:49+00:00","article_modified_time":"2024-08-29T15:47:45+00:00","og_image":[{"width":546,"height":256,"url":"https:\/\/empresas.infoempleo.com\/hrtrends\/media\/2015\/04\/ThinkstockPhotos-469002288-e1428616240901.jpg","type":"image\/jpeg"}],"author":"Luisa Carrasco","twitter_card":"summary_large_image","twitter_creator":"@infoempleo","twitter_site":"@infoempleo","twitter_misc":{"Escrito por":"Luisa Carrasco","Tiempo de lectura":"2 minutos"},"schema":{"@context":"https:\/\/schema.org","@graph":[{"@type":"NewsArticle","@id":"https:\/\/empresas.infoempleo.com\/hrtrends\/un-trabajo-invisible-los-servicios-auxiliares-en-las-empresas\/#article","isPartOf":{"@id":"https:\/\/empresas.infoempleo.com\/hrtrends\/un-trabajo-invisible-los-servicios-auxiliares-en-las-empresas\/"},"author":{"name":"Luisa Carrasco","@id":"https:\/\/empresas.infoempleo.com\/hrtrends\/#\/schema\/person\/32ca57975913668419d075627a98dafe"},"headline":"Un trabajo invisible: los servicios auxiliares en las empresas","datePublished":"2015-04-16T06:30:49+00:00","dateModified":"2024-08-29T15:47:45+00:00","mainEntityOfPage":{"@id":"https:\/\/empresas.infoempleo.com\/hrtrends\/un-trabajo-invisible-los-servicios-auxiliares-en-las-empresas\/"},"wordCount":500,"publisher":{"@id":"https:\/\/empresas.infoempleo.com\/hrtrends\/#organization"},"image":{"@id":"https:\/\/empresas.infoempleo.com\/hrtrends\/un-trabajo-invisible-los-servicios-auxiliares-en-las-empresas\/#primaryimage"},"thumbnailUrl":"https:\/\/empresas.infoempleo.com\/hrtrends\/media\/2015\/04\/ThinkstockPhotos-469002288-e1428616240901.jpg","keywords":["eficiencia energ\u00e9tica","facility management","IFMA Espa\u00f1a","optimizaci\u00f3n de recursos","proveedores de servicios","servicios auxiliares"],"articleSection":["Actualidad"],"inLanguage":"es","copyrightYear":"2015","copyrightHolder":{"@id":"https:\/\/empresas.infoempleo.com\/hrtrends\/#organization"}},{"@type":"WebPage","@id":"https:\/\/empresas.infoempleo.com\/hrtrends\/un-trabajo-invisible-los-servicios-auxiliares-en-las-empresas\/","url":"https:\/\/empresas.infoempleo.com\/hrtrends\/un-trabajo-invisible-los-servicios-auxiliares-en-las-empresas\/","name":"Un trabajo invisible: los servicios auxiliares en las empresas | HRTRENDS","isPartOf":{"@id":"https:\/\/empresas.infoempleo.com\/hrtrends\/#website"},"primaryImageOfPage":{"@id":"https:\/\/empresas.infoempleo.com\/hrtrends\/un-trabajo-invisible-los-servicios-auxiliares-en-las-empresas\/#primaryimage"},"image":{"@id":"https:\/\/empresas.infoempleo.com\/hrtrends\/un-trabajo-invisible-los-servicios-auxiliares-en-las-empresas\/#primaryimage"},"thumbnailUrl":"https:\/\/empresas.infoempleo.com\/hrtrends\/media\/2015\/04\/ThinkstockPhotos-469002288-e1428616240901.jpg","datePublished":"2015-04-16T06:30:49+00:00","dateModified":"2024-08-29T15:47:45+00:00","description":"Conjunto de actividades y servicios auxiliares que permiten que la empresa se pueda dedicar en exclusiva a su negociado es lo que se llama facility management","breadcrumb":{"@id":"https:\/\/empresas.infoempleo.com\/hrtrends\/un-trabajo-invisible-los-servicios-auxiliares-en-las-empresas\/#breadcrumb"},"inLanguage":"es","potentialAction":[{"@type":"ReadAction","target":["https:\/\/empresas.infoempleo.com\/hrtrends\/un-trabajo-invisible-los-servicios-auxiliares-en-las-empresas\/"]}]},{"@type":"ImageObject","inLanguage":"es","@id":"https:\/\/empresas.infoempleo.com\/hrtrends\/un-trabajo-invisible-los-servicios-auxiliares-en-las-empresas\/#primaryimage","url":"https:\/\/empresas.infoempleo.com\/hrtrends\/media\/2015\/04\/ThinkstockPhotos-469002288-e1428616240901-150x150.jpg","contentUrl":"https:\/\/empresas.infoempleo.com\/hrtrends\/media\/2015\/04\/ThinkstockPhotos-469002288-e1428616240901-150x150.jpg","width":150,"height":150},{"@type":"BreadcrumbList","@id":"https:\/\/empresas.infoempleo.com\/hrtrends\/un-trabajo-invisible-los-servicios-auxiliares-en-las-empresas\/#breadcrumb","itemListElement":[{"@type":"ListItem","position":1,"name":"Portada","item":"https:\/\/empresas.infoempleo.com\/hrtrends\/"},{"@type":"ListItem","position":2,"name":"Un trabajo invisible: los servicios auxiliares en las empresas"}]},{"@type":"WebSite","@id":"https:\/\/empresas.infoempleo.com\/hrtrends\/#website","url":"https:\/\/empresas.infoempleo.com\/hrtrends","name":"HRTrends by Infoempleo","description":"","publisher":{"@id":"https:\/\/empresas.infoempleo.com\/hrtrends\/#organization"},"potentialAction":{"@type":"SearchAction","target":"https:\/\/empresas.infoempleo.com\/hrtrends\/?s={search_term_string}","query-input":"required name=search_term_string"},"inLanguage":"es"},{"@type":"Organization","@id":"https:\/\/empresas.infoempleo.com\/hrtrends\/#organization","name":"Infoempleo","url":"https:\/\/www.infoempleo.com\/","logo":{"@type":"ImageObject","@id":"https:\/\/empresas.infoempleo.com\/hrtrends\/#logo","inLanguage":"es","url":"https:\/\/cdnazure.infoempleo.com\/infoempleo\/assets\/style\/gfx\/logo.svg","contentUrl":"https:\/\/cdnazure.infoempleo.com\/infoempleo\/assets\/style\/gfx\/logo.svg","width":150,"height":40,"caption":"Infoempleo"},"image":{"@id":"https:\/\/empresas.infoempleo.com\/hrtrends\/#logo"},"sameAs":["https:\/\/www.facebook.com\/Infoempleo","https:\/\/x.com\/infoempleo","http:\/\/instagram.com\/infoempleo\/","http:\/\/www.linkedin.com\/groups\/Empleo-Espa\u00f1a-Infoempleocom-111276","http:\/\/pinterest.com\/infoempleo\/"],"address":{"@type":"PostalAddress","addressLocality":"Madrid","postalCode":"28050","streetAddress":"Avenida de Burgos 114"},"brand":["Infoempleo"]},{"@type":"Person","@id":"https:\/\/empresas.infoempleo.com\/hrtrends\/#\/schema\/person\/32ca57975913668419d075627a98dafe","name":"Luisa Carrasco","image":{"@type":"ImageObject","inLanguage":"es","@id":"https:\/\/empresas.infoempleo.com\/hrtrends\/#\/schema\/person\/image\/","url":"https:\/\/secure.gravatar.com\/avatar\/8cc7d7a784a8289007bbfddcef37ed7157c6ae70e89183748ddf5858d9133c86?s=96&d=mm&r=g","contentUrl":"https:\/\/secure.gravatar.com\/avatar\/8cc7d7a784a8289007bbfddcef37ed7157c6ae70e89183748ddf5858d9133c86?s=96&d=mm&r=g","caption":"Luisa Carrasco"},"description":"Licenciada en Sociolog\u00eda y posgrado en gesti\u00f3n de la comunicaci\u00f3n para organizaciones culturales. Me interesa todo lo que tiene que ver con la organizaci\u00f3n e integraci\u00f3n de los distintos agentes sociales. El \u00e1mbito laboral y el de la educaci\u00f3n y formaci\u00f3n es el punto de encuentro de gran parte de estos actores. Estoy al tanto de los temas de actualidad laboral, las tendencias en el mercado del trabajo, las nuevas iniciativas en el tejido empresarial y las propuestas de innovaci\u00f3n en materia de educaci\u00f3n y formaci\u00f3n. Por lo general, escribo en el blog de Infoempleo tres veces por semana.","url":"https:\/\/empresas.infoempleo.com\/hrtrends\/author\/luisaagenciayerro\/"}]}},"amp_enabled":true,"_links":{"self":[{"href":"https:\/\/empresas.infoempleo.com\/hrtrends\/wp-json\/wp\/v2\/posts\/20864","targetHints":{"allow":["GET"]}}],"collection":[{"href":"https:\/\/empresas.infoempleo.com\/hrtrends\/wp-json\/wp\/v2\/posts"}],"about":[{"href":"https:\/\/empresas.infoempleo.com\/hrtrends\/wp-json\/wp\/v2\/types\/post"}],"author":[{"embeddable":true,"href":"https:\/\/empresas.infoempleo.com\/hrtrends\/wp-json\/wp\/v2\/users\/29"}],"replies":[{"embeddable":true,"href":"https:\/\/empresas.infoempleo.com\/hrtrends\/wp-json\/wp\/v2\/comments?post=20864"}],"version-history":[{"count":2,"href":"https:\/\/empresas.infoempleo.com\/hrtrends\/wp-json\/wp\/v2\/posts\/20864\/revisions"}],"predecessor-version":[{"id":45245,"href":"https:\/\/empresas.infoempleo.com\/hrtrends\/wp-json\/wp\/v2\/posts\/20864\/revisions\/45245"}],"wp:featuredmedia":[{"embeddable":true,"href":"https:\/\/empresas.infoempleo.com\/hrtrends\/wp-json\/wp\/v2\/media\/20870"}],"wp:attachment":[{"href":"https:\/\/empresas.infoempleo.com\/hrtrends\/wp-json\/wp\/v2\/media?parent=20864"}],"wp:term":[{"taxonomy":"category","embeddable":true,"href":"https:\/\/empresas.infoempleo.com\/hrtrends\/wp-json\/wp\/v2\/categories?post=20864"},{"taxonomy":"post_tag","embeddable":true,"href":"https:\/\/empresas.infoempleo.com\/hrtrends\/wp-json\/wp\/v2\/tags?post=20864"}],"curies":[{"name":"wp","href":"https:\/\/api.w.org\/{rel}","templated":true}]}}