{"id":20582,"date":"2015-02-26T07:30:10","date_gmt":"2015-02-26T06:30:10","guid":{"rendered":"http:\/\/blog.infoempleo.com\/?p=20582"},"modified":"2018-05-23T16:55:10","modified_gmt":"2018-05-23T14:55:10","slug":"mejora-tu-productividad","status":"publish","type":"post","link":"https:\/\/empresas.infoempleo.com\/hrtrends\/mejora-tu-productividad\/","title":{"rendered":"Mejora tu productividad"},"content":{"rendered":"<p>Cuando tenemos por delante la jornada laboral da la sensaci\u00f3n de que nos queda\u00a0todo el tiempo del mundo. Vamos a\u00f1adiendo nuevas cosas que hacer, que o bien nos vienen impuestas o incorporamos a nuestro d\u00eda pensando que el tiempo se dilata. Hay ocupaciones\u00a0inevitables, pero hay otras que dejamos que pululen a su antojo comi\u00e9ndose nuestro tiempo. \u00bfPodemos evitarlas y mejorar nuestra productividad?<\/p>\n<p><!--more--><\/p>\n<p>T\u00f3mate unos minutos antes de empezar tu jornada laboral. Ordena tu espacio y recopila todo lo que te haga falta para empezar. Evita la desconcentraci\u00f3n yendo y viniendo y no encontrar\u00e1s excusas para levantarte de la silla. Pon m\u00fasica si te ayuda a concentrarte y tu entorno lo permite.<\/p>\n<p><strong>Utiliza una agenda o un calendario.\u00a0<\/strong>F\u00edsico o virtual. Nos ayudan a <strong>visualizar el d\u00eda<\/strong> y la carga de trabajo que tenemos. Podr\u00e1s volcar las tareas con d\u00edas de antelaci\u00f3n y distribuir aquellas que vayan a llevarte m\u00e1s de una jornada. Descansar\u00e1 tu mente, que no tendr\u00e1 que esforzarse en recordar.<strong> Procura no salirte de lo previsto<\/strong> y dejar muchas cosas para ma\u00f1ana. Las que sean para ma\u00f1ana, ap\u00fantalas en la agenda, as\u00edgnales un tiempo. Ver\u00e1s si puedes acometerlas todas, junto con lo que ya hab\u00eda anotado.<\/p>\n<p><strong>Establece prioridades<\/strong>. Diferencia entre<strong> urgente e importante<\/strong>. Las labores que sabes que te cuestan m\u00e1s, ab\u00f3rdalas primero. Una vez hechas, podr\u00e1s seguir con mayor sensaci\u00f3n de alivio el resto del d\u00eda. Si sabes que hay determinadas horas en las que otras personas requerir\u00e1n de tu atenci\u00f3n (tu jefe, tus hijos, tu pareja), tenlo en cuenta al inicio de la jornada. Calcula\u00a0el tiempo que sabes que te supondr\u00e1\u00a0y podr\u00e1s dedic\u00e1rselo sin estr\u00e9s.<\/p>\n<p><strong>Eval\u00faa qu\u00e9 momento del d\u00eda est\u00e1s m\u00e1s despejado<\/strong> y deja las tareas que requieren de mayor atenci\u00f3n para esos periodos;\u00a0las que menos te gustan y las urgentes, las primeras.<\/p>\n<p><strong>Intenta ser ordenado tambi\u00e9n durante la jornada<\/strong>. Cierra las ventanas que no est\u00e9s utilizando de tu navegador. Las aplicaciones que ya no vayas a usar. Deshazte de los papeles y notas inservibles. Las que est\u00e9n hechas, a reciclar. Las que est\u00e9n pendientes, d\u00e9jalas a la vista. Aprovecha los momentos de descanso para <strong>despejar la mesa de cosas<\/strong>.<\/p>\n<p><strong>Ponte una alarma.<\/strong>\u00a0F\u00edjate peque\u00f1as metas y define un tiempo para ejecutarlas. Por ejemplo, utiliza 20 min (no m\u00e1s) para distribuir la jornada y las actividades que vas a terminar. Planifica y ten la planificaci\u00f3n a mano. <strong>Limita el tiempo que quieres dedicarle a cada labor<\/strong>. Muchas veces una misma tarea nos absorbe m\u00e1s tiempo bien porque nos gusta m\u00e1s o bien porque nos cuesta m\u00e1s. Valora la posibilidad de ponerte con otra cosa si ves que te atascas en algo. Ojo, no lo dejes para m\u00e1s tarde solo porque quieres relegar la tarea. Stop procrastinaci\u00f3n.<\/p>\n<p><strong>Al\u00e9jate de las distracciones<\/strong>. Establece un tiempo para consultar tus redes y hablar por tel\u00e9fono, pero no excedas este tiempo. Si tienes que atender el tel\u00e9fono desde donde te llegan nuevas peticiones, <strong>aj\u00fastalas al <em>planning<\/em> y decide: urgente, importante, para ma\u00f1ana<\/strong>\u2026 T\u00fa controlas tu jornada.<\/p>\n<p><strong>Descansa cada tanto.<\/strong>\u00a0La desconcentraci\u00f3n llega cuando se ha estado m\u00e1s de una hora enfrascado en algo. Es el momento de levantarte de la silla y, si es posible, haz unos estiramientos. Ir al ba\u00f1o te dar\u00e1 la excusa perfecta. Cambia de entorno. Sal a respirar un poco de aire.<\/p>\n<p><strong>No dejes labores a medias.<\/strong>\u00a0Intenta acabarlas en el tiempo establecido. Si no lo haces, tendr\u00e1s sensaci\u00f3n de descontrol.<\/p>\n<p><strong>Cuidado con el perfeccionismo.<\/strong>\u00a0El pensar que no est\u00e1 todo lo bien que te gustar\u00eda hace que des vueltas y vueltas sobre algo sin que avances. <strong>Valora qu\u00e9 tiempo es prudencial que utilices en un quehacer<\/strong> y si te permitir\u00e1 abordar otros que tienes programados. Es mejor parar, aunque algo no est\u00e9 perfecto, que retrasar otras tareas y tener sensaci\u00f3n de agobio al final de la jornada.<\/p>\n<p><strong>Delega. <\/strong>Con la cabeza hacemos las cosas m\u00e1s r\u00e1pido. No tenemos en cuenta los imprevistos que van surgiendo. Reflexiona un momento: <strong>\u00bfpuedes hacerlo todo t\u00fa?<\/strong>, \u00bfnecesitas ayuda de otros?<\/p>\n<p>Si controlamos nuestra jornada estableciendo metas objetivas y llevaderas no arrastraremos\u00a0preocupaciones y seremos capaces de disfrutar del tiempo libre o descansar satisfechos del trabajo que hemos realizado. Al final de la jornada, repasa todas las actividades que has tachado seg\u00fan las has terminado. \u00a1Seguro que hoy ha sido un d\u00eda muy productivo!<\/p>\n","protected":false},"excerpt":{"rendered":"<p>Cuando tenemos por delante la jornada laboral da la sensaci\u00f3n de que nos queda\u00a0todo el tiempo del mundo.<a class=\"moretag\" href=\"https:\/\/empresas.infoempleo.com\/hrtrends\/mejora-tu-productividad\/\"> Leer m\u00e1s<\/a><\/p>\n","protected":false},"author":29,"featured_media":20592,"comment_status":"closed","ping_status":"open","sticky":false,"template":"","format":"standard","meta":{"footnotes":""},"categories":[3],"tags":[522,2659,854,2660,282,2661],"class_list":["post-20582","post","type-post","status-publish","format-standard","has-post-thumbnail","hentry","category-actualidad","tag-jornada-laboral","tag-orden","tag-organizacion","tag-procrastinacion","tag-productividad","tag-utilizacion-del-tiempo"],"yoast_head":"<!-- This site is optimized with the Yoast SEO plugin v26.1.1 - https:\/\/yoast.com\/wordpress\/plugins\/seo\/ -->\n<title>Mejora tu productividad | HRTRENDS<\/title>\n<meta name=\"description\" content=\"Cuando tenemos por delante la jornada laboral da la sensaci\u00f3n de que tenemos mucho tiempo. Hay cosas que se comen nuestras horas y dejamos de ser productivos\" \/>\n<meta name=\"robots\" content=\"index, follow, max-snippet:-1, max-image-preview:large, max-video-preview:-1\" \/>\n<link rel=\"canonical\" href=\"https:\/\/empresas.infoempleo.com\/hrtrends\/mejora-tu-productividad\/\" \/>\n<meta property=\"og:locale\" content=\"es_ES\" \/>\n<meta property=\"og:type\" content=\"article\" \/>\n<meta property=\"og:title\" content=\"Mejora tu productividad | HRTRENDS\" \/>\n<meta property=\"og:description\" content=\"Cuando tenemos por delante la jornada laboral da la sensaci\u00f3n de que tenemos mucho tiempo. Hay cosas que se comen nuestras horas y dejamos de ser productivos\" \/>\n<meta property=\"og:url\" content=\"https:\/\/empresas.infoempleo.com\/hrtrends\/mejora-tu-productividad\/\" \/>\n<meta property=\"og:site_name\" content=\"HRTRENDS\" \/>\n<meta property=\"article:publisher\" content=\"https:\/\/www.facebook.com\/Infoempleo\" \/>\n<meta property=\"article:published_time\" content=\"2015-02-26T06:30:10+00:00\" \/>\n<meta property=\"article:modified_time\" content=\"2018-05-23T14:55:10+00:00\" \/>\n<meta property=\"og:image\" content=\"https:\/\/empresas.infoempleo.com\/hrtrends\/media\/2015\/02\/508607239-e1424345879743.jpg\" \/>\n\t<meta property=\"og:image:width\" content=\"545\" \/>\n\t<meta property=\"og:image:height\" content=\"256\" \/>\n\t<meta property=\"og:image:type\" content=\"image\/jpeg\" \/>\n<meta name=\"author\" content=\"Luisa Carrasco\" \/>\n<meta name=\"twitter:card\" content=\"summary_large_image\" \/>\n<meta name=\"twitter:creator\" content=\"@infoempleo\" \/>\n<meta name=\"twitter:site\" content=\"@infoempleo\" \/>\n<meta name=\"twitter:label1\" content=\"Escrito por\" \/>\n\t<meta name=\"twitter:data1\" content=\"Luisa Carrasco\" \/>\n\t<meta name=\"twitter:label2\" content=\"Tiempo de lectura\" \/>\n\t<meta name=\"twitter:data2\" content=\"4 minutos\" \/>\n<script type=\"application\/ld+json\" class=\"yoast-schema-graph\">{\"@context\":\"https:\/\/schema.org\",\"@graph\":[{\"@type\":\"NewsArticle\",\"@id\":\"https:\/\/empresas.infoempleo.com\/hrtrends\/mejora-tu-productividad\/#article\",\"isPartOf\":{\"@id\":\"https:\/\/empresas.infoempleo.com\/hrtrends\/mejora-tu-productividad\/\"},\"author\":{\"name\":\"Luisa Carrasco\",\"@id\":\"https:\/\/empresas.infoempleo.com\/hrtrends\/#\/schema\/person\/32ca57975913668419d075627a98dafe\"},\"headline\":\"Mejora tu productividad\",\"datePublished\":\"2015-02-26T06:30:10+00:00\",\"dateModified\":\"2018-05-23T14:55:10+00:00\",\"mainEntityOfPage\":{\"@id\":\"https:\/\/empresas.infoempleo.com\/hrtrends\/mejora-tu-productividad\/\"},\"wordCount\":786,\"publisher\":{\"@id\":\"https:\/\/empresas.infoempleo.com\/hrtrends\/#organization\"},\"image\":{\"@id\":\"https:\/\/empresas.infoempleo.com\/hrtrends\/mejora-tu-productividad\/#primaryimage\"},\"thumbnailUrl\":\"https:\/\/empresas.infoempleo.com\/hrtrends\/media\/2015\/02\/508607239-e1424345879743.jpg\",\"keywords\":[\"jornada laboral\",\"orden\",\"organizaci\u00f3n\",\"procrastinaci\u00f3n\",\"productividad\",\"utilizaci\u00f3n del tiempo\"],\"articleSection\":[\"Actualidad\"],\"inLanguage\":\"es\",\"copyrightYear\":\"2015\",\"copyrightHolder\":{\"@id\":\"https:\/\/empresas.infoempleo.com\/hrtrends\/#organization\"}},{\"@type\":\"WebPage\",\"@id\":\"https:\/\/empresas.infoempleo.com\/hrtrends\/mejora-tu-productividad\/\",\"url\":\"https:\/\/empresas.infoempleo.com\/hrtrends\/mejora-tu-productividad\/\",\"name\":\"Mejora tu productividad | HRTRENDS\",\"isPartOf\":{\"@id\":\"https:\/\/empresas.infoempleo.com\/hrtrends\/#website\"},\"primaryImageOfPage\":{\"@id\":\"https:\/\/empresas.infoempleo.com\/hrtrends\/mejora-tu-productividad\/#primaryimage\"},\"image\":{\"@id\":\"https:\/\/empresas.infoempleo.com\/hrtrends\/mejora-tu-productividad\/#primaryimage\"},\"thumbnailUrl\":\"https:\/\/empresas.infoempleo.com\/hrtrends\/media\/2015\/02\/508607239-e1424345879743.jpg\",\"datePublished\":\"2015-02-26T06:30:10+00:00\",\"dateModified\":\"2018-05-23T14:55:10+00:00\",\"description\":\"Cuando tenemos por delante la jornada laboral da la sensaci\u00f3n de que tenemos mucho tiempo. Hay cosas que se comen nuestras horas y dejamos de ser productivos\",\"breadcrumb\":{\"@id\":\"https:\/\/empresas.infoempleo.com\/hrtrends\/mejora-tu-productividad\/#breadcrumb\"},\"inLanguage\":\"es\",\"potentialAction\":[{\"@type\":\"ReadAction\",\"target\":[\"https:\/\/empresas.infoempleo.com\/hrtrends\/mejora-tu-productividad\/\"]}]},{\"@type\":\"ImageObject\",\"inLanguage\":\"es\",\"@id\":\"https:\/\/empresas.infoempleo.com\/hrtrends\/mejora-tu-productividad\/#primaryimage\",\"url\":\"https:\/\/empresas.infoempleo.com\/hrtrends\/media\/2015\/02\/508607239-e1424345879743-150x150.jpg\",\"contentUrl\":\"https:\/\/empresas.infoempleo.com\/hrtrends\/media\/2015\/02\/508607239-e1424345879743-150x150.jpg\",\"width\":150,\"height\":150,\"caption\":\"Mejora tu productividad\"},{\"@type\":\"BreadcrumbList\",\"@id\":\"https:\/\/empresas.infoempleo.com\/hrtrends\/mejora-tu-productividad\/#breadcrumb\",\"itemListElement\":[{\"@type\":\"ListItem\",\"position\":1,\"name\":\"Portada\",\"item\":\"https:\/\/empresas.infoempleo.com\/hrtrends\/\"},{\"@type\":\"ListItem\",\"position\":2,\"name\":\"Mejora tu productividad\"}]},{\"@type\":\"WebSite\",\"@id\":\"https:\/\/empresas.infoempleo.com\/hrtrends\/#website\",\"url\":\"https:\/\/empresas.infoempleo.com\/hrtrends\",\"name\":\"HRTrends by Infoempleo\",\"description\":\"\",\"publisher\":{\"@id\":\"https:\/\/empresas.infoempleo.com\/hrtrends\/#organization\"},\"potentialAction\":{\"@type\":\"SearchAction\",\"target\":\"https:\/\/empresas.infoempleo.com\/hrtrends\/?s={search_term_string}\",\"query-input\":\"required name=search_term_string\"},\"inLanguage\":\"es\"},{\"@type\":\"Organization\",\"@id\":\"https:\/\/empresas.infoempleo.com\/hrtrends\/#organization\",\"name\":\"Infoempleo\",\"url\":\"https:\/\/www.infoempleo.com\/\",\"logo\":{\"@type\":\"ImageObject\",\"@id\":\"https:\/\/empresas.infoempleo.com\/hrtrends\/#logo\",\"inLanguage\":\"es\",\"url\":\"https:\/\/cdnazure.infoempleo.com\/infoempleo\/assets\/style\/gfx\/logo.svg\",\"contentUrl\":\"https:\/\/cdnazure.infoempleo.com\/infoempleo\/assets\/style\/gfx\/logo.svg\",\"width\":150,\"height\":40,\"caption\":\"Infoempleo\"},\"image\":{\"@id\":\"https:\/\/empresas.infoempleo.com\/hrtrends\/#logo\"},\"sameAs\":[\"https:\/\/www.facebook.com\/Infoempleo\",\"https:\/\/x.com\/infoempleo\",\"http:\/\/instagram.com\/infoempleo\/\",\"http:\/\/www.linkedin.com\/groups\/Empleo-Espa\u00f1a-Infoempleocom-111276\",\"http:\/\/pinterest.com\/infoempleo\/\"],\"address\":{\"@type\":\"PostalAddress\",\"addressLocality\":\"Madrid\",\"postalCode\":\"28050\",\"streetAddress\":\"Avenida de Burgos 114\"},\"brand\":[\"Infoempleo\"]},{\"@type\":\"Person\",\"@id\":\"https:\/\/empresas.infoempleo.com\/hrtrends\/#\/schema\/person\/32ca57975913668419d075627a98dafe\",\"name\":\"Luisa Carrasco\",\"image\":{\"@type\":\"ImageObject\",\"inLanguage\":\"es\",\"@id\":\"https:\/\/empresas.infoempleo.com\/hrtrends\/#\/schema\/person\/image\/\",\"url\":\"https:\/\/secure.gravatar.com\/avatar\/8cc7d7a784a8289007bbfddcef37ed7157c6ae70e89183748ddf5858d9133c86?s=96&d=mm&r=g\",\"contentUrl\":\"https:\/\/secure.gravatar.com\/avatar\/8cc7d7a784a8289007bbfddcef37ed7157c6ae70e89183748ddf5858d9133c86?s=96&d=mm&r=g\",\"caption\":\"Luisa Carrasco\"},\"description\":\"Licenciada en Sociolog\u00eda y posgrado en gesti\u00f3n de la comunicaci\u00f3n para organizaciones culturales. Me interesa todo lo que tiene que ver con la organizaci\u00f3n e integraci\u00f3n de los distintos agentes sociales. El \u00e1mbito laboral y el de la educaci\u00f3n y formaci\u00f3n es el punto de encuentro de gran parte de estos actores. Estoy al tanto de los temas de actualidad laboral, las tendencias en el mercado del trabajo, las nuevas iniciativas en el tejido empresarial y las propuestas de innovaci\u00f3n en materia de educaci\u00f3n y formaci\u00f3n. Por lo general, escribo en el blog de Infoempleo tres veces por semana.\",\"url\":\"https:\/\/empresas.infoempleo.com\/hrtrends\/author\/luisaagenciayerro\/\"}]}<\/script>\n<!-- \/ Yoast SEO plugin. -->","yoast_head_json":{"title":"Mejora tu productividad | HRTRENDS","description":"Cuando tenemos por delante la jornada laboral da la sensaci\u00f3n de que tenemos mucho tiempo. Hay cosas que se comen nuestras horas y dejamos de ser productivos","robots":{"index":"index","follow":"follow","max-snippet":"max-snippet:-1","max-image-preview":"max-image-preview:large","max-video-preview":"max-video-preview:-1"},"canonical":"https:\/\/empresas.infoempleo.com\/hrtrends\/mejora-tu-productividad\/","og_locale":"es_ES","og_type":"article","og_title":"Mejora tu productividad | HRTRENDS","og_description":"Cuando tenemos por delante la jornada laboral da la sensaci\u00f3n de que tenemos mucho tiempo. Hay cosas que se comen nuestras horas y dejamos de ser productivos","og_url":"https:\/\/empresas.infoempleo.com\/hrtrends\/mejora-tu-productividad\/","og_site_name":"HRTRENDS","article_publisher":"https:\/\/www.facebook.com\/Infoempleo","article_published_time":"2015-02-26T06:30:10+00:00","article_modified_time":"2018-05-23T14:55:10+00:00","og_image":[{"width":545,"height":256,"url":"https:\/\/empresas.infoempleo.com\/hrtrends\/media\/2015\/02\/508607239-e1424345879743.jpg","type":"image\/jpeg"}],"author":"Luisa Carrasco","twitter_card":"summary_large_image","twitter_creator":"@infoempleo","twitter_site":"@infoempleo","twitter_misc":{"Escrito por":"Luisa Carrasco","Tiempo de lectura":"4 minutos"},"schema":{"@context":"https:\/\/schema.org","@graph":[{"@type":"NewsArticle","@id":"https:\/\/empresas.infoempleo.com\/hrtrends\/mejora-tu-productividad\/#article","isPartOf":{"@id":"https:\/\/empresas.infoempleo.com\/hrtrends\/mejora-tu-productividad\/"},"author":{"name":"Luisa Carrasco","@id":"https:\/\/empresas.infoempleo.com\/hrtrends\/#\/schema\/person\/32ca57975913668419d075627a98dafe"},"headline":"Mejora tu productividad","datePublished":"2015-02-26T06:30:10+00:00","dateModified":"2018-05-23T14:55:10+00:00","mainEntityOfPage":{"@id":"https:\/\/empresas.infoempleo.com\/hrtrends\/mejora-tu-productividad\/"},"wordCount":786,"publisher":{"@id":"https:\/\/empresas.infoempleo.com\/hrtrends\/#organization"},"image":{"@id":"https:\/\/empresas.infoempleo.com\/hrtrends\/mejora-tu-productividad\/#primaryimage"},"thumbnailUrl":"https:\/\/empresas.infoempleo.com\/hrtrends\/media\/2015\/02\/508607239-e1424345879743.jpg","keywords":["jornada laboral","orden","organizaci\u00f3n","procrastinaci\u00f3n","productividad","utilizaci\u00f3n del tiempo"],"articleSection":["Actualidad"],"inLanguage":"es","copyrightYear":"2015","copyrightHolder":{"@id":"https:\/\/empresas.infoempleo.com\/hrtrends\/#organization"}},{"@type":"WebPage","@id":"https:\/\/empresas.infoempleo.com\/hrtrends\/mejora-tu-productividad\/","url":"https:\/\/empresas.infoempleo.com\/hrtrends\/mejora-tu-productividad\/","name":"Mejora tu productividad | HRTRENDS","isPartOf":{"@id":"https:\/\/empresas.infoempleo.com\/hrtrends\/#website"},"primaryImageOfPage":{"@id":"https:\/\/empresas.infoempleo.com\/hrtrends\/mejora-tu-productividad\/#primaryimage"},"image":{"@id":"https:\/\/empresas.infoempleo.com\/hrtrends\/mejora-tu-productividad\/#primaryimage"},"thumbnailUrl":"https:\/\/empresas.infoempleo.com\/hrtrends\/media\/2015\/02\/508607239-e1424345879743.jpg","datePublished":"2015-02-26T06:30:10+00:00","dateModified":"2018-05-23T14:55:10+00:00","description":"Cuando tenemos por delante la jornada laboral da la sensaci\u00f3n de que tenemos mucho tiempo. Hay cosas que se comen nuestras horas y dejamos de ser productivos","breadcrumb":{"@id":"https:\/\/empresas.infoempleo.com\/hrtrends\/mejora-tu-productividad\/#breadcrumb"},"inLanguage":"es","potentialAction":[{"@type":"ReadAction","target":["https:\/\/empresas.infoempleo.com\/hrtrends\/mejora-tu-productividad\/"]}]},{"@type":"ImageObject","inLanguage":"es","@id":"https:\/\/empresas.infoempleo.com\/hrtrends\/mejora-tu-productividad\/#primaryimage","url":"https:\/\/empresas.infoempleo.com\/hrtrends\/media\/2015\/02\/508607239-e1424345879743-150x150.jpg","contentUrl":"https:\/\/empresas.infoempleo.com\/hrtrends\/media\/2015\/02\/508607239-e1424345879743-150x150.jpg","width":150,"height":150,"caption":"Mejora tu productividad"},{"@type":"BreadcrumbList","@id":"https:\/\/empresas.infoempleo.com\/hrtrends\/mejora-tu-productividad\/#breadcrumb","itemListElement":[{"@type":"ListItem","position":1,"name":"Portada","item":"https:\/\/empresas.infoempleo.com\/hrtrends\/"},{"@type":"ListItem","position":2,"name":"Mejora tu productividad"}]},{"@type":"WebSite","@id":"https:\/\/empresas.infoempleo.com\/hrtrends\/#website","url":"https:\/\/empresas.infoempleo.com\/hrtrends","name":"HRTrends by Infoempleo","description":"","publisher":{"@id":"https:\/\/empresas.infoempleo.com\/hrtrends\/#organization"},"potentialAction":{"@type":"SearchAction","target":"https:\/\/empresas.infoempleo.com\/hrtrends\/?s={search_term_string}","query-input":"required name=search_term_string"},"inLanguage":"es"},{"@type":"Organization","@id":"https:\/\/empresas.infoempleo.com\/hrtrends\/#organization","name":"Infoempleo","url":"https:\/\/www.infoempleo.com\/","logo":{"@type":"ImageObject","@id":"https:\/\/empresas.infoempleo.com\/hrtrends\/#logo","inLanguage":"es","url":"https:\/\/cdnazure.infoempleo.com\/infoempleo\/assets\/style\/gfx\/logo.svg","contentUrl":"https:\/\/cdnazure.infoempleo.com\/infoempleo\/assets\/style\/gfx\/logo.svg","width":150,"height":40,"caption":"Infoempleo"},"image":{"@id":"https:\/\/empresas.infoempleo.com\/hrtrends\/#logo"},"sameAs":["https:\/\/www.facebook.com\/Infoempleo","https:\/\/x.com\/infoempleo","http:\/\/instagram.com\/infoempleo\/","http:\/\/www.linkedin.com\/groups\/Empleo-Espa\u00f1a-Infoempleocom-111276","http:\/\/pinterest.com\/infoempleo\/"],"address":{"@type":"PostalAddress","addressLocality":"Madrid","postalCode":"28050","streetAddress":"Avenida de Burgos 114"},"brand":["Infoempleo"]},{"@type":"Person","@id":"https:\/\/empresas.infoempleo.com\/hrtrends\/#\/schema\/person\/32ca57975913668419d075627a98dafe","name":"Luisa Carrasco","image":{"@type":"ImageObject","inLanguage":"es","@id":"https:\/\/empresas.infoempleo.com\/hrtrends\/#\/schema\/person\/image\/","url":"https:\/\/secure.gravatar.com\/avatar\/8cc7d7a784a8289007bbfddcef37ed7157c6ae70e89183748ddf5858d9133c86?s=96&d=mm&r=g","contentUrl":"https:\/\/secure.gravatar.com\/avatar\/8cc7d7a784a8289007bbfddcef37ed7157c6ae70e89183748ddf5858d9133c86?s=96&d=mm&r=g","caption":"Luisa Carrasco"},"description":"Licenciada en Sociolog\u00eda y posgrado en gesti\u00f3n de la comunicaci\u00f3n para organizaciones culturales. Me interesa todo lo que tiene que ver con la organizaci\u00f3n e integraci\u00f3n de los distintos agentes sociales. El \u00e1mbito laboral y el de la educaci\u00f3n y formaci\u00f3n es el punto de encuentro de gran parte de estos actores. Estoy al tanto de los temas de actualidad laboral, las tendencias en el mercado del trabajo, las nuevas iniciativas en el tejido empresarial y las propuestas de innovaci\u00f3n en materia de educaci\u00f3n y formaci\u00f3n. Por lo general, escribo en el blog de Infoempleo tres veces por semana.","url":"https:\/\/empresas.infoempleo.com\/hrtrends\/author\/luisaagenciayerro\/"}]}},"amp_enabled":true,"_links":{"self":[{"href":"https:\/\/empresas.infoempleo.com\/hrtrends\/wp-json\/wp\/v2\/posts\/20582","targetHints":{"allow":["GET"]}}],"collection":[{"href":"https:\/\/empresas.infoempleo.com\/hrtrends\/wp-json\/wp\/v2\/posts"}],"about":[{"href":"https:\/\/empresas.infoempleo.com\/hrtrends\/wp-json\/wp\/v2\/types\/post"}],"author":[{"embeddable":true,"href":"https:\/\/empresas.infoempleo.com\/hrtrends\/wp-json\/wp\/v2\/users\/29"}],"replies":[{"embeddable":true,"href":"https:\/\/empresas.infoempleo.com\/hrtrends\/wp-json\/wp\/v2\/comments?post=20582"}],"version-history":[{"count":0,"href":"https:\/\/empresas.infoempleo.com\/hrtrends\/wp-json\/wp\/v2\/posts\/20582\/revisions"}],"wp:featuredmedia":[{"embeddable":true,"href":"https:\/\/empresas.infoempleo.com\/hrtrends\/wp-json\/wp\/v2\/media\/20592"}],"wp:attachment":[{"href":"https:\/\/empresas.infoempleo.com\/hrtrends\/wp-json\/wp\/v2\/media?parent=20582"}],"wp:term":[{"taxonomy":"category","embeddable":true,"href":"https:\/\/empresas.infoempleo.com\/hrtrends\/wp-json\/wp\/v2\/categories?post=20582"},{"taxonomy":"post_tag","embeddable":true,"href":"https:\/\/empresas.infoempleo.com\/hrtrends\/wp-json\/wp\/v2\/tags?post=20582"}],"curies":[{"name":"wp","href":"https:\/\/api.w.org\/{rel}","templated":true}]}}