{"id":20393,"date":"2015-01-27T07:30:45","date_gmt":"2015-01-27T06:30:45","guid":{"rendered":"http:\/\/blog.infoempleo.com\/?p=20393"},"modified":"2024-08-29T17:47:41","modified_gmt":"2024-08-29T15:47:41","slug":"la-reputacion-digital-de-las-empresas","status":"publish","type":"post","link":"https:\/\/empresas.infoempleo.com\/hrtrends\/la-reputacion-digital-de-las-empresas\/","title":{"rendered":"La reputaci\u00f3n digital de las empresas"},"content":{"rendered":"<p>Opinar y quejarnos en las redes sociales sobre las empresas que nos dan servicio es la nueva barra de bar donde volcamos nuestras filias y fobias. Una marca hace muchos esfuerzos en proyectar una imagen acorde con sus valores y que tenga gancho. Pero la cosa no queda ah\u00ed. Cr\u00edticas y recomendaciones pueden llegar a ser virales y realzar o dar al traste con el prestigio creado campa\u00f1a a campa\u00f1a. Hablamos de la reputaci\u00f3n <em>on-line<\/em>.<\/p>\n<p><!--more--><\/p>\n<p>Construir la reputaci\u00f3n digital de nuestra empresa nos ayudar\u00e1 en la labor de atracci\u00f3n de talento. Estos son los principales aspectos que tenemos que tener en cuenta.<\/p>\n<h3><strong>Escuchar lo que se dice de nosotros<\/strong><\/h3>\n<p>El primer paso antes de emprender cualquier actividad <em>on-line<\/em> debe ser hacer una cata en las redes sobre lo que se dice de nuestra empresa. Existen infinidad de herramientas, cada vez mejores, que analizan los comentarios que se hacen de una marca. Lo que se llama monitorizaci\u00f3n. Nuestra reputaci\u00f3n puede ser <strong>notoria<\/strong>, nos conocen mucho. Puede ser <strong>notable<\/strong>, tenemos buena reputaci\u00f3n. O podemos pasar desapercibidos. En este caso tenemos una buena oportunidad para empezar a construir nuestro prestigio. Escucha con aplicaciones como <a title=\"Mention\" href=\"https:\/\/mention.com\/es\/\" target=\"_blank\" rel=\"noopener\">Mention<\/a> o estate atento\/a a cualquier comentario en redes con <a title=\"Hootsuite\" href=\"https:\/\/www.hootsuite.com\/\" target=\"_blank\" rel=\"noopener\">Hootsuite<\/a>.<\/p>\n<h3><strong>Ser nosotros mismos<\/strong><\/h3>\n<p>Es importante que toda nuestra comunicaci\u00f3n est\u00e9 alineada con los valores de la empresa. Identificar las debilidades y fortalezas de nuestra compa\u00f1\u00eda, airear unas y dar la vuelta a las otras. Tenemos que encontrar el tono en cada red social y tratar de crear una comunidad con nuestros seguidores. De nada sirve tener muchos seguidores birmanos si tenemos un negocio local.<\/p>\n<h3><strong> Generar contenidos de calidad<\/strong><\/h3>\n<p>Cuidar nuestra apariencia es algo que hacemos en otros \u00e1mbitos. Hag\u00e1moslo tambi\u00e9n en redes. Cada contenido, imagen o texto que lancemos debe ser analizado y acorde con la imagen que se quiere transmitir. Crear un blog, enlazar con contenidos relativos a nuestra actividad. Aportar buenos consejos profesionales de nuestro negociado incrementar\u00e1 en gran medida nuestro prestigio.<\/p>\n<h3><strong>Presencia <em>on-line<\/em><\/strong><\/h3>\n<p>Los esfuerzos por crear contenidos de calidad pueden caer en saco roto si nadie los ve. Debemos adoptar <strong>estrategias de optimizaci\u00f3n<\/strong>. Ir avanzando puestos en visibilidad en los buscadores har\u00e1 que nuestra reputaci\u00f3n aumente. El SEO <em>(Search Engine Optimization)<\/em> debe ser el faro que gu\u00ede nuestros escritos. Participaremos de la conversaci\u00f3n de la profesi\u00f3n si incluimos los <em>hashtag<\/em> que nos corresponden en nuestros tuits y conseguiremos m\u00e1s visibilidad.<\/p>\n<h3><strong>Gestionar crisis reputacionales <\/strong><\/h3>\n<p>En caso de que hayamos metido la pata, es importante mantener la calma. Pedir disculpas y contestar sin entrar al trapo a las posibles cr\u00edticas. Hay que tener grandes dotes de asertividad, ya que frente a un usuario que se queja en redes sociales la marca siempre tiene las de perder. En estos casos es muy importante que todas las estrategias comunicativas de la empresa est\u00e9n alineadas. De nada sirve que estemos apagando un fuego en una red o desde un departamento si estamos provocando otro en otro lugar. Y si no, que se lo digan a <a title=\"Barbara Streisand\" href=\"https:\/\/www.puromarketing.com\/30\/22343\/efecto-streisand-peor-pesadilla-marcas-internet.html\" target=\"_blank\" rel=\"noopener\">Barbara Streisand<\/a>.<\/p>\n<h3><strong>\u00a0Observar la etiqueta <\/strong><\/h3>\n<p>Es importante estar atentos a las menciones, a cu\u00e1ndo se nos comenta en las redes sociales donde tenemos presencia y responder adecuadamente. La elegancia y la buena educaci\u00f3n y muchas veces el sentido del humor construyen una buena reputaci\u00f3n. Acciones tan sencillas como tener actualizadas las ofertas de empleo en nuestra web y agradecer cada CV\u00a0que llega (es f\u00e1cil dise\u00f1ando una respuesta autom\u00e1tica) nos har\u00e1 m\u00e1s elegantes.<\/p>\n<p>La identidad se va construyendo tanto por nuestras acciones fuera del mundo virtual como en la arena digital. La escucha debe ser sistem\u00e1tica y tambi\u00e9n la evaluaci\u00f3n de las acciones que vamos emprendiendo. [linkTwitter]Nuestra reputaci\u00f3n nos ayudar\u00e1 a encontrar talento[\/linkTwitter], por lo que hay que definirla y ajustarla en cada ocasi\u00f3n. La reputaci\u00f3n puede alimentarse y mantenerse e incluso modificarse en caso de que tengamos una crisis de prestigio.<\/p>\n","protected":false},"excerpt":{"rendered":"<p>Opinar y quejarnos en las redes sociales sobre las empresas que nos dan servicio es la nueva barra<a class=\"moretag\" href=\"https:\/\/empresas.infoempleo.com\/hrtrends\/la-reputacion-digital-de-las-empresas\/\"> Leer m\u00e1s<\/a><\/p>\n","protected":false},"author":29,"featured_media":20397,"comment_status":"closed","ping_status":"open","sticky":false,"template":"","format":"standard","meta":{"footnotes":""},"categories":[3],"tags":[18,26,2655,89],"class_list":["post-20393","post","type-post","status-publish","format-standard","has-post-thumbnail","hentry","category-actualidad","tag-empresa","tag-redes-sociales","tag-reputacion-online","tag-talento"],"yoast_head":"<!-- This site is optimized with the Yoast SEO plugin v26.1.1 - https:\/\/yoast.com\/wordpress\/plugins\/seo\/ -->\n<title>La reputaci\u00f3n digital de las empresas | HRTRENDS<\/title>\n<meta name=\"description\" content=\"Cr\u00edticas y recomendaciones pueden llegar a ser virales y realzar o dar al traste con el prestigio creado campa\u00f1a a campa\u00f1a. Hablamos de la reputaci\u00f3n online\" \/>\n<meta name=\"robots\" content=\"index, follow, max-snippet:-1, max-image-preview:large, max-video-preview:-1\" \/>\n<link rel=\"canonical\" href=\"https:\/\/empresas.infoempleo.com\/hrtrends\/la-reputacion-digital-de-las-empresas\/\" \/>\n<meta property=\"og:locale\" content=\"es_ES\" \/>\n<meta property=\"og:type\" content=\"article\" \/>\n<meta property=\"og:title\" content=\"La reputaci\u00f3n digital de las empresas | HRTRENDS\" \/>\n<meta property=\"og:description\" content=\"Cr\u00edticas y recomendaciones pueden llegar a ser virales y realzar o dar al traste con el prestigio creado campa\u00f1a a campa\u00f1a. Hablamos de la reputaci\u00f3n online\" \/>\n<meta property=\"og:url\" content=\"https:\/\/empresas.infoempleo.com\/hrtrends\/la-reputacion-digital-de-las-empresas\/\" \/>\n<meta property=\"og:site_name\" content=\"HRTRENDS\" \/>\n<meta property=\"article:publisher\" content=\"https:\/\/www.facebook.com\/Infoempleo\" \/>\n<meta property=\"article:published_time\" content=\"2015-01-27T06:30:45+00:00\" \/>\n<meta property=\"article:modified_time\" content=\"2024-08-29T15:47:41+00:00\" \/>\n<meta property=\"og:image\" content=\"https:\/\/empresas.infoempleo.com\/hrtrends\/media\/2015\/01\/514405375-e1421930323890.jpg\" \/>\n\t<meta property=\"og:image:width\" content=\"546\" \/>\n\t<meta property=\"og:image:height\" content=\"256\" \/>\n\t<meta property=\"og:image:type\" content=\"image\/jpeg\" \/>\n<meta name=\"author\" content=\"Luisa Carrasco\" \/>\n<meta name=\"twitter:card\" content=\"summary_large_image\" \/>\n<meta name=\"twitter:creator\" content=\"@infoempleo\" \/>\n<meta name=\"twitter:site\" content=\"@infoempleo\" \/>\n<meta name=\"twitter:label1\" content=\"Escrito por\" \/>\n\t<meta name=\"twitter:data1\" content=\"Luisa Carrasco\" \/>\n\t<meta name=\"twitter:label2\" content=\"Tiempo de lectura\" \/>\n\t<meta name=\"twitter:data2\" content=\"3 minutos\" \/>\n<script type=\"application\/ld+json\" class=\"yoast-schema-graph\">{\"@context\":\"https:\/\/schema.org\",\"@graph\":[{\"@type\":\"NewsArticle\",\"@id\":\"https:\/\/empresas.infoempleo.com\/hrtrends\/la-reputacion-digital-de-las-empresas\/#article\",\"isPartOf\":{\"@id\":\"https:\/\/empresas.infoempleo.com\/hrtrends\/la-reputacion-digital-de-las-empresas\/\"},\"author\":{\"name\":\"Luisa Carrasco\",\"@id\":\"https:\/\/empresas.infoempleo.com\/hrtrends\/#\/schema\/person\/32ca57975913668419d075627a98dafe\"},\"headline\":\"La reputaci\u00f3n digital de las empresas\",\"datePublished\":\"2015-01-27T06:30:45+00:00\",\"dateModified\":\"2024-08-29T15:47:41+00:00\",\"mainEntityOfPage\":{\"@id\":\"https:\/\/empresas.infoempleo.com\/hrtrends\/la-reputacion-digital-de-las-empresas\/\"},\"wordCount\":682,\"publisher\":{\"@id\":\"https:\/\/empresas.infoempleo.com\/hrtrends\/#organization\"},\"image\":{\"@id\":\"https:\/\/empresas.infoempleo.com\/hrtrends\/la-reputacion-digital-de-las-empresas\/#primaryimage\"},\"thumbnailUrl\":\"https:\/\/empresas.infoempleo.com\/hrtrends\/media\/2015\/01\/514405375-e1421930323890.jpg\",\"keywords\":[\"empresa\",\"redes sociales\",\"reputaci\u00f3n online\",\"talento\"],\"articleSection\":[\"Actualidad\"],\"inLanguage\":\"es\",\"copyrightYear\":\"2015\",\"copyrightHolder\":{\"@id\":\"https:\/\/empresas.infoempleo.com\/hrtrends\/#organization\"}},{\"@type\":\"WebPage\",\"@id\":\"https:\/\/empresas.infoempleo.com\/hrtrends\/la-reputacion-digital-de-las-empresas\/\",\"url\":\"https:\/\/empresas.infoempleo.com\/hrtrends\/la-reputacion-digital-de-las-empresas\/\",\"name\":\"La reputaci\u00f3n digital de las empresas | HRTRENDS\",\"isPartOf\":{\"@id\":\"https:\/\/empresas.infoempleo.com\/hrtrends\/#website\"},\"primaryImageOfPage\":{\"@id\":\"https:\/\/empresas.infoempleo.com\/hrtrends\/la-reputacion-digital-de-las-empresas\/#primaryimage\"},\"image\":{\"@id\":\"https:\/\/empresas.infoempleo.com\/hrtrends\/la-reputacion-digital-de-las-empresas\/#primaryimage\"},\"thumbnailUrl\":\"https:\/\/empresas.infoempleo.com\/hrtrends\/media\/2015\/01\/514405375-e1421930323890.jpg\",\"datePublished\":\"2015-01-27T06:30:45+00:00\",\"dateModified\":\"2024-08-29T15:47:41+00:00\",\"description\":\"Cr\u00edticas y recomendaciones pueden llegar a ser virales y realzar o dar al traste con el prestigio creado campa\u00f1a a campa\u00f1a. Hablamos de la reputaci\u00f3n online\",\"breadcrumb\":{\"@id\":\"https:\/\/empresas.infoempleo.com\/hrtrends\/la-reputacion-digital-de-las-empresas\/#breadcrumb\"},\"inLanguage\":\"es\",\"potentialAction\":[{\"@type\":\"ReadAction\",\"target\":[\"https:\/\/empresas.infoempleo.com\/hrtrends\/la-reputacion-digital-de-las-empresas\/\"]}]},{\"@type\":\"ImageObject\",\"inLanguage\":\"es\",\"@id\":\"https:\/\/empresas.infoempleo.com\/hrtrends\/la-reputacion-digital-de-las-empresas\/#primaryimage\",\"url\":\"https:\/\/empresas.infoempleo.com\/hrtrends\/media\/2015\/01\/514405375-e1421930323890-150x150.jpg\",\"contentUrl\":\"https:\/\/empresas.infoempleo.com\/hrtrends\/media\/2015\/01\/514405375-e1421930323890-150x150.jpg\",\"width\":150,\"height\":150,\"caption\":\"La reputaci\u00f3n digital de las empresas\"},{\"@type\":\"BreadcrumbList\",\"@id\":\"https:\/\/empresas.infoempleo.com\/hrtrends\/la-reputacion-digital-de-las-empresas\/#breadcrumb\",\"itemListElement\":[{\"@type\":\"ListItem\",\"position\":1,\"name\":\"Portada\",\"item\":\"https:\/\/empresas.infoempleo.com\/hrtrends\/\"},{\"@type\":\"ListItem\",\"position\":2,\"name\":\"La reputaci\u00f3n digital de las empresas\"}]},{\"@type\":\"WebSite\",\"@id\":\"https:\/\/empresas.infoempleo.com\/hrtrends\/#website\",\"url\":\"https:\/\/empresas.infoempleo.com\/hrtrends\",\"name\":\"HRTrends by Infoempleo\",\"description\":\"\",\"publisher\":{\"@id\":\"https:\/\/empresas.infoempleo.com\/hrtrends\/#organization\"},\"potentialAction\":{\"@type\":\"SearchAction\",\"target\":\"https:\/\/empresas.infoempleo.com\/hrtrends\/?s={search_term_string}\",\"query-input\":\"required name=search_term_string\"},\"inLanguage\":\"es\"},{\"@type\":\"Organization\",\"@id\":\"https:\/\/empresas.infoempleo.com\/hrtrends\/#organization\",\"name\":\"Infoempleo\",\"url\":\"https:\/\/www.infoempleo.com\/\",\"logo\":{\"@type\":\"ImageObject\",\"@id\":\"https:\/\/empresas.infoempleo.com\/hrtrends\/#logo\",\"inLanguage\":\"es\",\"url\":\"https:\/\/cdnazure.infoempleo.com\/infoempleo\/assets\/style\/gfx\/logo.svg\",\"contentUrl\":\"https:\/\/cdnazure.infoempleo.com\/infoempleo\/assets\/style\/gfx\/logo.svg\",\"width\":150,\"height\":40,\"caption\":\"Infoempleo\"},\"image\":{\"@id\":\"https:\/\/empresas.infoempleo.com\/hrtrends\/#logo\"},\"sameAs\":[\"https:\/\/www.facebook.com\/Infoempleo\",\"https:\/\/x.com\/infoempleo\",\"http:\/\/instagram.com\/infoempleo\/\",\"http:\/\/www.linkedin.com\/groups\/Empleo-Espa\u00f1a-Infoempleocom-111276\",\"http:\/\/pinterest.com\/infoempleo\/\"],\"address\":{\"@type\":\"PostalAddress\",\"addressLocality\":\"Madrid\",\"postalCode\":\"28050\",\"streetAddress\":\"Avenida de Burgos 114\"},\"brand\":[\"Infoempleo\"]},{\"@type\":\"Person\",\"@id\":\"https:\/\/empresas.infoempleo.com\/hrtrends\/#\/schema\/person\/32ca57975913668419d075627a98dafe\",\"name\":\"Luisa Carrasco\",\"image\":{\"@type\":\"ImageObject\",\"inLanguage\":\"es\",\"@id\":\"https:\/\/empresas.infoempleo.com\/hrtrends\/#\/schema\/person\/image\/\",\"url\":\"https:\/\/secure.gravatar.com\/avatar\/8cc7d7a784a8289007bbfddcef37ed7157c6ae70e89183748ddf5858d9133c86?s=96&d=mm&r=g\",\"contentUrl\":\"https:\/\/secure.gravatar.com\/avatar\/8cc7d7a784a8289007bbfddcef37ed7157c6ae70e89183748ddf5858d9133c86?s=96&d=mm&r=g\",\"caption\":\"Luisa Carrasco\"},\"description\":\"Licenciada en Sociolog\u00eda y posgrado en gesti\u00f3n de la comunicaci\u00f3n para organizaciones culturales. Me interesa todo lo que tiene que ver con la organizaci\u00f3n e integraci\u00f3n de los distintos agentes sociales. El \u00e1mbito laboral y el de la educaci\u00f3n y formaci\u00f3n es el punto de encuentro de gran parte de estos actores. Estoy al tanto de los temas de actualidad laboral, las tendencias en el mercado del trabajo, las nuevas iniciativas en el tejido empresarial y las propuestas de innovaci\u00f3n en materia de educaci\u00f3n y formaci\u00f3n. Por lo general, escribo en el blog de Infoempleo tres veces por semana.\",\"url\":\"https:\/\/empresas.infoempleo.com\/hrtrends\/author\/luisaagenciayerro\/\"}]}<\/script>\n<!-- \/ Yoast SEO plugin. -->","yoast_head_json":{"title":"La reputaci\u00f3n digital de las empresas | HRTRENDS","description":"Cr\u00edticas y recomendaciones pueden llegar a ser virales y realzar o dar al traste con el prestigio creado campa\u00f1a a campa\u00f1a. Hablamos de la reputaci\u00f3n online","robots":{"index":"index","follow":"follow","max-snippet":"max-snippet:-1","max-image-preview":"max-image-preview:large","max-video-preview":"max-video-preview:-1"},"canonical":"https:\/\/empresas.infoempleo.com\/hrtrends\/la-reputacion-digital-de-las-empresas\/","og_locale":"es_ES","og_type":"article","og_title":"La reputaci\u00f3n digital de las empresas | HRTRENDS","og_description":"Cr\u00edticas y recomendaciones pueden llegar a ser virales y realzar o dar al traste con el prestigio creado campa\u00f1a a campa\u00f1a. Hablamos de la reputaci\u00f3n online","og_url":"https:\/\/empresas.infoempleo.com\/hrtrends\/la-reputacion-digital-de-las-empresas\/","og_site_name":"HRTRENDS","article_publisher":"https:\/\/www.facebook.com\/Infoempleo","article_published_time":"2015-01-27T06:30:45+00:00","article_modified_time":"2024-08-29T15:47:41+00:00","og_image":[{"width":546,"height":256,"url":"https:\/\/empresas.infoempleo.com\/hrtrends\/media\/2015\/01\/514405375-e1421930323890.jpg","type":"image\/jpeg"}],"author":"Luisa Carrasco","twitter_card":"summary_large_image","twitter_creator":"@infoempleo","twitter_site":"@infoempleo","twitter_misc":{"Escrito por":"Luisa Carrasco","Tiempo de lectura":"3 minutos"},"schema":{"@context":"https:\/\/schema.org","@graph":[{"@type":"NewsArticle","@id":"https:\/\/empresas.infoempleo.com\/hrtrends\/la-reputacion-digital-de-las-empresas\/#article","isPartOf":{"@id":"https:\/\/empresas.infoempleo.com\/hrtrends\/la-reputacion-digital-de-las-empresas\/"},"author":{"name":"Luisa Carrasco","@id":"https:\/\/empresas.infoempleo.com\/hrtrends\/#\/schema\/person\/32ca57975913668419d075627a98dafe"},"headline":"La reputaci\u00f3n digital de las empresas","datePublished":"2015-01-27T06:30:45+00:00","dateModified":"2024-08-29T15:47:41+00:00","mainEntityOfPage":{"@id":"https:\/\/empresas.infoempleo.com\/hrtrends\/la-reputacion-digital-de-las-empresas\/"},"wordCount":682,"publisher":{"@id":"https:\/\/empresas.infoempleo.com\/hrtrends\/#organization"},"image":{"@id":"https:\/\/empresas.infoempleo.com\/hrtrends\/la-reputacion-digital-de-las-empresas\/#primaryimage"},"thumbnailUrl":"https:\/\/empresas.infoempleo.com\/hrtrends\/media\/2015\/01\/514405375-e1421930323890.jpg","keywords":["empresa","redes sociales","reputaci\u00f3n online","talento"],"articleSection":["Actualidad"],"inLanguage":"es","copyrightYear":"2015","copyrightHolder":{"@id":"https:\/\/empresas.infoempleo.com\/hrtrends\/#organization"}},{"@type":"WebPage","@id":"https:\/\/empresas.infoempleo.com\/hrtrends\/la-reputacion-digital-de-las-empresas\/","url":"https:\/\/empresas.infoempleo.com\/hrtrends\/la-reputacion-digital-de-las-empresas\/","name":"La reputaci\u00f3n digital de las empresas | HRTRENDS","isPartOf":{"@id":"https:\/\/empresas.infoempleo.com\/hrtrends\/#website"},"primaryImageOfPage":{"@id":"https:\/\/empresas.infoempleo.com\/hrtrends\/la-reputacion-digital-de-las-empresas\/#primaryimage"},"image":{"@id":"https:\/\/empresas.infoempleo.com\/hrtrends\/la-reputacion-digital-de-las-empresas\/#primaryimage"},"thumbnailUrl":"https:\/\/empresas.infoempleo.com\/hrtrends\/media\/2015\/01\/514405375-e1421930323890.jpg","datePublished":"2015-01-27T06:30:45+00:00","dateModified":"2024-08-29T15:47:41+00:00","description":"Cr\u00edticas y recomendaciones pueden llegar a ser virales y realzar o dar al traste con el prestigio creado campa\u00f1a a campa\u00f1a. Hablamos de la reputaci\u00f3n online","breadcrumb":{"@id":"https:\/\/empresas.infoempleo.com\/hrtrends\/la-reputacion-digital-de-las-empresas\/#breadcrumb"},"inLanguage":"es","potentialAction":[{"@type":"ReadAction","target":["https:\/\/empresas.infoempleo.com\/hrtrends\/la-reputacion-digital-de-las-empresas\/"]}]},{"@type":"ImageObject","inLanguage":"es","@id":"https:\/\/empresas.infoempleo.com\/hrtrends\/la-reputacion-digital-de-las-empresas\/#primaryimage","url":"https:\/\/empresas.infoempleo.com\/hrtrends\/media\/2015\/01\/514405375-e1421930323890-150x150.jpg","contentUrl":"https:\/\/empresas.infoempleo.com\/hrtrends\/media\/2015\/01\/514405375-e1421930323890-150x150.jpg","width":150,"height":150,"caption":"La reputaci\u00f3n digital de las empresas"},{"@type":"BreadcrumbList","@id":"https:\/\/empresas.infoempleo.com\/hrtrends\/la-reputacion-digital-de-las-empresas\/#breadcrumb","itemListElement":[{"@type":"ListItem","position":1,"name":"Portada","item":"https:\/\/empresas.infoempleo.com\/hrtrends\/"},{"@type":"ListItem","position":2,"name":"La reputaci\u00f3n digital de las empresas"}]},{"@type":"WebSite","@id":"https:\/\/empresas.infoempleo.com\/hrtrends\/#website","url":"https:\/\/empresas.infoempleo.com\/hrtrends","name":"HRTrends by Infoempleo","description":"","publisher":{"@id":"https:\/\/empresas.infoempleo.com\/hrtrends\/#organization"},"potentialAction":{"@type":"SearchAction","target":"https:\/\/empresas.infoempleo.com\/hrtrends\/?s={search_term_string}","query-input":"required name=search_term_string"},"inLanguage":"es"},{"@type":"Organization","@id":"https:\/\/empresas.infoempleo.com\/hrtrends\/#organization","name":"Infoempleo","url":"https:\/\/www.infoempleo.com\/","logo":{"@type":"ImageObject","@id":"https:\/\/empresas.infoempleo.com\/hrtrends\/#logo","inLanguage":"es","url":"https:\/\/cdnazure.infoempleo.com\/infoempleo\/assets\/style\/gfx\/logo.svg","contentUrl":"https:\/\/cdnazure.infoempleo.com\/infoempleo\/assets\/style\/gfx\/logo.svg","width":150,"height":40,"caption":"Infoempleo"},"image":{"@id":"https:\/\/empresas.infoempleo.com\/hrtrends\/#logo"},"sameAs":["https:\/\/www.facebook.com\/Infoempleo","https:\/\/x.com\/infoempleo","http:\/\/instagram.com\/infoempleo\/","http:\/\/www.linkedin.com\/groups\/Empleo-Espa\u00f1a-Infoempleocom-111276","http:\/\/pinterest.com\/infoempleo\/"],"address":{"@type":"PostalAddress","addressLocality":"Madrid","postalCode":"28050","streetAddress":"Avenida de Burgos 114"},"brand":["Infoempleo"]},{"@type":"Person","@id":"https:\/\/empresas.infoempleo.com\/hrtrends\/#\/schema\/person\/32ca57975913668419d075627a98dafe","name":"Luisa Carrasco","image":{"@type":"ImageObject","inLanguage":"es","@id":"https:\/\/empresas.infoempleo.com\/hrtrends\/#\/schema\/person\/image\/","url":"https:\/\/secure.gravatar.com\/avatar\/8cc7d7a784a8289007bbfddcef37ed7157c6ae70e89183748ddf5858d9133c86?s=96&d=mm&r=g","contentUrl":"https:\/\/secure.gravatar.com\/avatar\/8cc7d7a784a8289007bbfddcef37ed7157c6ae70e89183748ddf5858d9133c86?s=96&d=mm&r=g","caption":"Luisa Carrasco"},"description":"Licenciada en Sociolog\u00eda y posgrado en gesti\u00f3n de la comunicaci\u00f3n para organizaciones culturales. Me interesa todo lo que tiene que ver con la organizaci\u00f3n e integraci\u00f3n de los distintos agentes sociales. El \u00e1mbito laboral y el de la educaci\u00f3n y formaci\u00f3n es el punto de encuentro de gran parte de estos actores. Estoy al tanto de los temas de actualidad laboral, las tendencias en el mercado del trabajo, las nuevas iniciativas en el tejido empresarial y las propuestas de innovaci\u00f3n en materia de educaci\u00f3n y formaci\u00f3n. Por lo general, escribo en el blog de Infoempleo tres veces por semana.","url":"https:\/\/empresas.infoempleo.com\/hrtrends\/author\/luisaagenciayerro\/"}]}},"amp_enabled":true,"_links":{"self":[{"href":"https:\/\/empresas.infoempleo.com\/hrtrends\/wp-json\/wp\/v2\/posts\/20393","targetHints":{"allow":["GET"]}}],"collection":[{"href":"https:\/\/empresas.infoempleo.com\/hrtrends\/wp-json\/wp\/v2\/posts"}],"about":[{"href":"https:\/\/empresas.infoempleo.com\/hrtrends\/wp-json\/wp\/v2\/types\/post"}],"author":[{"embeddable":true,"href":"https:\/\/empresas.infoempleo.com\/hrtrends\/wp-json\/wp\/v2\/users\/29"}],"replies":[{"embeddable":true,"href":"https:\/\/empresas.infoempleo.com\/hrtrends\/wp-json\/wp\/v2\/comments?post=20393"}],"version-history":[{"count":1,"href":"https:\/\/empresas.infoempleo.com\/hrtrends\/wp-json\/wp\/v2\/posts\/20393\/revisions"}],"predecessor-version":[{"id":45237,"href":"https:\/\/empresas.infoempleo.com\/hrtrends\/wp-json\/wp\/v2\/posts\/20393\/revisions\/45237"}],"wp:featuredmedia":[{"embeddable":true,"href":"https:\/\/empresas.infoempleo.com\/hrtrends\/wp-json\/wp\/v2\/media\/20397"}],"wp:attachment":[{"href":"https:\/\/empresas.infoempleo.com\/hrtrends\/wp-json\/wp\/v2\/media?parent=20393"}],"wp:term":[{"taxonomy":"category","embeddable":true,"href":"https:\/\/empresas.infoempleo.com\/hrtrends\/wp-json\/wp\/v2\/categories?post=20393"},{"taxonomy":"post_tag","embeddable":true,"href":"https:\/\/empresas.infoempleo.com\/hrtrends\/wp-json\/wp\/v2\/tags?post=20393"}],"curies":[{"name":"wp","href":"https:\/\/api.w.org\/{rel}","templated":true}]}}