{"id":20205,"date":"2015-01-01T07:30:58","date_gmt":"2015-01-01T06:30:58","guid":{"rendered":"http:\/\/blog.infoempleo.com\/?p=20205"},"modified":"2018-05-23T16:55:11","modified_gmt":"2018-05-23T14:55:11","slug":"coaching-para-definir-tu-profesion","status":"publish","type":"post","link":"https:\/\/empresas.infoempleo.com\/hrtrends\/coaching-para-definir-tu-profesion\/","title":{"rendered":"Coaching para definir tu profesi\u00f3n"},"content":{"rendered":"<p>\u00bfNecesitas reorientar tu carrera? En ocasiones nos vemos en una encrucijada porque llevamos muchos a\u00f1os haciendo lo mismo y estamos desmotivados\/as. Te gustar\u00eda dar un giro o te est\u00e1s viendo obligado a darlo porque has perdido tu empleo o porque el sector en el que has crecido laboralmente se est\u00e1 viniendo abajo. Si es as\u00ed, el <strong>coaching<\/strong> puede ayudarte.<\/p>\n<p><!--more--><\/p>\n<h3><strong>\u00bfQu\u00e9 es el <em>coaching<\/em>?<\/strong><\/h3>\n<p>El trabajo de <em>coaching<\/em> consiste en ayudar a las personas a optimizar sus capacidades.<\/p>\n<p>Seg\u00fan define la <a title=\"International Coach Federation\" href=\"https:\/\/coachingfederation.org\/\/\" target=\"_blank\">IFC<\/a> (International Coach Federation) el \u201ccoaching es la colaboraci\u00f3n con clientes en un proceso creativo y generador de ideas que les ayuda a maximizar su potencial personal y profesional\u201d<strong>.<\/strong><\/p>\n<p>El cometido del <em>coaching <\/em>en su vertiente profesional es ayudar a descubrir habilidades, conocimientos y puntos de vista que permanecen latentes en nuestro interior, seguramente porque no las hemos necesitado para desarrollar nuestra profesi\u00f3n. El <em>coaching<\/em> trata de sacarnos de nuestra <strong>zona de confort<\/strong>, en la que sabemos c\u00f3mo hacer las cosas. O hacerlas de una \u00fanica y determinada manera. Hemos afianzado ese conocimiento, nos sirve para resolver multitud de situaciones pero esa misma rutina no nos permite ver los problemas y sus soluciones desde otras perspectivas.<\/p>\n<p>Por su forma de trabajo, el <em>coaching<\/em> se considera un <strong>m\u00e9todo socr\u00e1tico<\/strong>. Las din\u00e1micas de orientaci\u00f3n est\u00e1n basadas en las preguntas que el <em>coach <\/em>o entrenador plantear\u00e1 a trav\u00e9s de la conversaci\u00f3n con el <em>coachee<\/em> o cliente para trabajar en las creencias que impiden la satisfacci\u00f3n profesional. Es importante se\u00f1alar que no se trata de terapia psicol\u00f3gica. La diferencia es fundamental, ya que la psicolog\u00eda trata con patolog\u00edas de la psique y el <em>coaching<\/em> trabaja con bloqueos y barreras que todos tenemos y cuya causa no tiene un origen traum\u00e1tico. Desde la visi\u00f3n del <em>coaching<\/em>, el cliente cuenta con todos los recursos para su desarrollo.<\/p>\n<p>El <em>coaching<\/em> puede aplicarse tanto a nivel personal como profesional y para multitud de aspectos vitales. La pareja, la carrera profesional, la reinvenci\u00f3n laboral, el emprendimiento, los estudios.<\/p>\n<h3><strong>\u00bfC\u00f3mo se desarrolla una sesi\u00f3n de <em>coaching<\/em>?<\/strong><\/h3>\n<p>Normalmente, las sesiones de <em>coaching<\/em> se desarrollan mediante una charla en la que el <em>coach<\/em> centra toda su atenci\u00f3n en el cliente a trav\u00e9s de la escucha, y consigue crear un clima de confianza y libre de juicios que facilita que el <em>coachee<\/em> llegue a sus propias conclusiones. Cliente y <em>coach<\/em> establecen mediante acuerdo la <strong>duraci\u00f3n y la frecuencia de las sesiones<\/strong>. El <em>coach<\/em> trata de sacar a la luz qu\u00e9 quiere el cliente, qu\u00e9 competencias entran en juego para la consecuci\u00f3n de un objetivo concreto: <strong>cambiar de profesi\u00f3n<\/strong>, <strong>innovar<\/strong> en los procedimientos, gestionar un equipo m\u00e1s eficazmente, encontrar capacidades para afrontar nuevos retos profesionales. El <em>coach<\/em> favorece la autonom\u00eda.<\/p>\n<p>Las sesiones se basan en cinco etapas, principalmente:<\/p>\n<ul>\n<li><strong> Observaci\u00f3n, an\u00e1lisis y toma de conciencia.<\/strong>\u00a0Se realiza una exposici\u00f3n de las cuestiones que se quieren tratar por parte del cliente. Se estudiar\u00e1 el <strong>proceso de toma de decisiones<\/strong> y las consecuencias que la elecci\u00f3n de una u otra opci\u00f3n conllevar\u00eda. Permitir\u00e1 a la persona ser consciente de su capacidad de elecci\u00f3n.<\/li>\n<li><strong> Establecimiento de objetivos<\/strong>. Durante esta etapa se establecer\u00e1n las metas y <strong>concretar\u00e1n los objetivos<\/strong>. Se dise\u00f1ar\u00e1 un plan de actuaci\u00f3n para la consecuci\u00f3n de las metas planificadas.<\/li>\n<li><strong>Detecci\u00f3n de barreras<\/strong> que nos bloquean. Creencias, h\u00e1bitos y automatismos que nos impiden la acci\u00f3n. Generar nuevas formas de pensar y puntos de vista alternativos a los habituales.<\/li>\n<li><strong> Actuar.<\/strong>\u00a0Durante esta etapa pasamos a poner en marcha las actividades que hayamos planificado previamente para alcanzar nuestras metas. Supone la <strong>supervisi\u00f3n<\/strong> por parte del <em>coach<\/em> del proceso.<\/li>\n<li><strong> Evaluaci\u00f3n y medici\u00f3n<\/strong>. Tras la acci\u00f3n emprendida, necesitaremos valorar y medir si estamos avanzando en la direcci\u00f3n elegida. Se eval\u00faan los efectos de las acciones que iniciamos. Nos permitir\u00e1 ir corrigiendo errores sobre la marcha.<\/li>\n<\/ul>\n<p>A veces nuestra profesi\u00f3n ha hecho que desarrollemos una serie de habilidades y descartemos otras por no estar alineadas con nuestra actividad diaria. Cuando nos vemos\u00a0obligados a buscar en otros \u00e1mbitos porque nuestro sector est\u00e1 en crisis, es momento de que nos planteemos si <a title=\"Reinventar tu profesi\u00f3n\" href=\"https:\/\/yoriento.com\/2013\/09\/guia-reinvencion-profesional-orientacion-coaching-empleo.html\/\" target=\"_blank\">podr\u00edamos hacer otras cosas<\/a> o aquello que siempre quisimos hacer pero que las circunstancias no nos permitieron. [linkTwitter]El <em>coaching<\/em> est\u00e1 indicado para cualquier persona que desee alcanzar mejores resultados en alg\u00fan aspecto de su vida[\/linkTwitter]. Es por tanto una herramienta especialmente \u00fatil en <strong>procesos de cambio<\/strong>. El <em>coaching<\/em> va a descubrirte otras facetas y talentos de ti misma\/o y motivarte para alcanzar nuevos retos. Va a ponerte a trabajar en ser la persona que realmente quieres ser.<\/p>\n","protected":false},"excerpt":{"rendered":"<p>\u00bfNecesitas reorientar tu carrera? En ocasiones nos vemos en una encrucijada porque llevamos muchos a\u00f1os haciendo lo mismo<a class=\"moretag\" href=\"https:\/\/empresas.infoempleo.com\/hrtrends\/coaching-para-definir-tu-profesion\/\"> Leer m\u00e1s<\/a><\/p>\n","protected":false},"author":29,"featured_media":20232,"comment_status":"closed","ping_status":"open","sticky":false,"template":"","format":"standard","meta":{"footnotes":""},"categories":[3],"tags":[651,1400,274,2650,2651],"class_list":["post-20205","post","type-post","status-publish","format-standard","has-post-thumbnail","hentry","category-actualidad","tag-coaching-2","tag-emprendimiento","tag-motivacion","tag-retos-profesionales","tag-satisfaccion-profesional"],"yoast_head":"<!-- This site is optimized with the Yoast SEO plugin v26.1.1 - https:\/\/yoast.com\/wordpress\/plugins\/seo\/ -->\n<title>Coaching para definir tu profesi\u00f3n | HRTRENDS<\/title>\n<meta name=\"description\" content=\"El coaching para alcanzar mejores resultados en alg\u00fan aspecto de su vida. Sacarnos de nuestra zona de confort. Creencias, h\u00e1bitos que nos impiden la acci\u00f3n\" \/>\n<meta name=\"robots\" content=\"index, follow, max-snippet:-1, max-image-preview:large, max-video-preview:-1\" \/>\n<link rel=\"canonical\" href=\"https:\/\/empresas.infoempleo.com\/hrtrends\/coaching-para-definir-tu-profesion\/\" \/>\n<meta property=\"og:locale\" content=\"es_ES\" \/>\n<meta property=\"og:type\" content=\"article\" \/>\n<meta property=\"og:title\" content=\"Coaching para definir tu profesi\u00f3n | HRTRENDS\" \/>\n<meta property=\"og:description\" content=\"El coaching para alcanzar mejores resultados en alg\u00fan aspecto de su vida. Sacarnos de nuestra zona de confort. Creencias, h\u00e1bitos que nos impiden la acci\u00f3n\" \/>\n<meta property=\"og:url\" content=\"https:\/\/empresas.infoempleo.com\/hrtrends\/coaching-para-definir-tu-profesion\/\" \/>\n<meta property=\"og:site_name\" content=\"HRTRENDS\" \/>\n<meta property=\"article:publisher\" content=\"https:\/\/www.facebook.com\/Infoempleo\" \/>\n<meta property=\"article:published_time\" content=\"2015-01-01T06:30:58+00:00\" \/>\n<meta property=\"article:modified_time\" content=\"2018-05-23T14:55:11+00:00\" \/>\n<meta property=\"og:image\" content=\"https:\/\/empresas.infoempleo.com\/hrtrends\/media\/2014\/12\/179101699-e1419597550872.jpg\" \/>\n\t<meta property=\"og:image:width\" content=\"546\" \/>\n\t<meta property=\"og:image:height\" content=\"256\" \/>\n\t<meta property=\"og:image:type\" content=\"image\/jpeg\" \/>\n<meta name=\"author\" content=\"Luisa Carrasco\" \/>\n<meta name=\"twitter:card\" content=\"summary_large_image\" \/>\n<meta name=\"twitter:creator\" content=\"@infoempleo\" \/>\n<meta name=\"twitter:site\" content=\"@infoempleo\" \/>\n<meta name=\"twitter:label1\" content=\"Escrito por\" \/>\n\t<meta name=\"twitter:data1\" content=\"Luisa Carrasco\" \/>\n\t<meta name=\"twitter:label2\" content=\"Tiempo de lectura\" \/>\n\t<meta name=\"twitter:data2\" content=\"4 minutos\" \/>\n<script type=\"application\/ld+json\" class=\"yoast-schema-graph\">{\"@context\":\"https:\/\/schema.org\",\"@graph\":[{\"@type\":\"NewsArticle\",\"@id\":\"https:\/\/empresas.infoempleo.com\/hrtrends\/coaching-para-definir-tu-profesion\/#article\",\"isPartOf\":{\"@id\":\"https:\/\/empresas.infoempleo.com\/hrtrends\/coaching-para-definir-tu-profesion\/\"},\"author\":{\"name\":\"Luisa Carrasco\",\"@id\":\"https:\/\/empresas.infoempleo.com\/hrtrends\/#\/schema\/person\/32ca57975913668419d075627a98dafe\"},\"headline\":\"Coaching para definir tu profesi\u00f3n\",\"datePublished\":\"2015-01-01T06:30:58+00:00\",\"dateModified\":\"2018-05-23T14:55:11+00:00\",\"mainEntityOfPage\":{\"@id\":\"https:\/\/empresas.infoempleo.com\/hrtrends\/coaching-para-definir-tu-profesion\/\"},\"wordCount\":811,\"publisher\":{\"@id\":\"https:\/\/empresas.infoempleo.com\/hrtrends\/#organization\"},\"image\":{\"@id\":\"https:\/\/empresas.infoempleo.com\/hrtrends\/coaching-para-definir-tu-profesion\/#primaryimage\"},\"thumbnailUrl\":\"https:\/\/empresas.infoempleo.com\/hrtrends\/media\/2014\/12\/179101699-e1419597550872.jpg\",\"keywords\":[\"coaching\",\"emprendimiento\",\"motivaci\u00f3n\",\"retos profesionales\",\"satisfacci\u00f3n profesional\"],\"articleSection\":[\"Actualidad\"],\"inLanguage\":\"es\",\"copyrightYear\":\"2015\",\"copyrightHolder\":{\"@id\":\"https:\/\/empresas.infoempleo.com\/hrtrends\/#organization\"}},{\"@type\":\"WebPage\",\"@id\":\"https:\/\/empresas.infoempleo.com\/hrtrends\/coaching-para-definir-tu-profesion\/\",\"url\":\"https:\/\/empresas.infoempleo.com\/hrtrends\/coaching-para-definir-tu-profesion\/\",\"name\":\"Coaching para definir tu profesi\u00f3n | HRTRENDS\",\"isPartOf\":{\"@id\":\"https:\/\/empresas.infoempleo.com\/hrtrends\/#website\"},\"primaryImageOfPage\":{\"@id\":\"https:\/\/empresas.infoempleo.com\/hrtrends\/coaching-para-definir-tu-profesion\/#primaryimage\"},\"image\":{\"@id\":\"https:\/\/empresas.infoempleo.com\/hrtrends\/coaching-para-definir-tu-profesion\/#primaryimage\"},\"thumbnailUrl\":\"https:\/\/empresas.infoempleo.com\/hrtrends\/media\/2014\/12\/179101699-e1419597550872.jpg\",\"datePublished\":\"2015-01-01T06:30:58+00:00\",\"dateModified\":\"2018-05-23T14:55:11+00:00\",\"description\":\"El coaching para alcanzar mejores resultados en alg\u00fan aspecto de su vida. Sacarnos de nuestra zona de confort. Creencias, h\u00e1bitos que nos impiden la acci\u00f3n\",\"breadcrumb\":{\"@id\":\"https:\/\/empresas.infoempleo.com\/hrtrends\/coaching-para-definir-tu-profesion\/#breadcrumb\"},\"inLanguage\":\"es\",\"potentialAction\":[{\"@type\":\"ReadAction\",\"target\":[\"https:\/\/empresas.infoempleo.com\/hrtrends\/coaching-para-definir-tu-profesion\/\"]}]},{\"@type\":\"ImageObject\",\"inLanguage\":\"es\",\"@id\":\"https:\/\/empresas.infoempleo.com\/hrtrends\/coaching-para-definir-tu-profesion\/#primaryimage\",\"url\":\"https:\/\/empresas.infoempleo.com\/hrtrends\/media\/2014\/12\/179101699-e1419597550872-150x150.jpg\",\"contentUrl\":\"https:\/\/empresas.infoempleo.com\/hrtrends\/media\/2014\/12\/179101699-e1419597550872-150x150.jpg\",\"width\":150,\"height\":150,\"caption\":\"coaching profesional\"},{\"@type\":\"BreadcrumbList\",\"@id\":\"https:\/\/empresas.infoempleo.com\/hrtrends\/coaching-para-definir-tu-profesion\/#breadcrumb\",\"itemListElement\":[{\"@type\":\"ListItem\",\"position\":1,\"name\":\"Portada\",\"item\":\"https:\/\/empresas.infoempleo.com\/hrtrends\/\"},{\"@type\":\"ListItem\",\"position\":2,\"name\":\"Coaching para definir tu profesi\u00f3n\"}]},{\"@type\":\"WebSite\",\"@id\":\"https:\/\/empresas.infoempleo.com\/hrtrends\/#website\",\"url\":\"https:\/\/empresas.infoempleo.com\/hrtrends\",\"name\":\"HRTrends by Infoempleo\",\"description\":\"\",\"publisher\":{\"@id\":\"https:\/\/empresas.infoempleo.com\/hrtrends\/#organization\"},\"potentialAction\":{\"@type\":\"SearchAction\",\"target\":\"https:\/\/empresas.infoempleo.com\/hrtrends\/?s={search_term_string}\",\"query-input\":\"required name=search_term_string\"},\"inLanguage\":\"es\"},{\"@type\":\"Organization\",\"@id\":\"https:\/\/empresas.infoempleo.com\/hrtrends\/#organization\",\"name\":\"Infoempleo\",\"url\":\"https:\/\/www.infoempleo.com\/\",\"logo\":{\"@type\":\"ImageObject\",\"@id\":\"https:\/\/empresas.infoempleo.com\/hrtrends\/#logo\",\"inLanguage\":\"es\",\"url\":\"https:\/\/cdnazure.infoempleo.com\/infoempleo\/assets\/style\/gfx\/logo.svg\",\"contentUrl\":\"https:\/\/cdnazure.infoempleo.com\/infoempleo\/assets\/style\/gfx\/logo.svg\",\"width\":150,\"height\":40,\"caption\":\"Infoempleo\"},\"image\":{\"@id\":\"https:\/\/empresas.infoempleo.com\/hrtrends\/#logo\"},\"sameAs\":[\"https:\/\/www.facebook.com\/Infoempleo\",\"https:\/\/x.com\/infoempleo\",\"http:\/\/instagram.com\/infoempleo\/\",\"http:\/\/www.linkedin.com\/groups\/Empleo-Espa\u00f1a-Infoempleocom-111276\",\"http:\/\/pinterest.com\/infoempleo\/\"],\"address\":{\"@type\":\"PostalAddress\",\"addressLocality\":\"Madrid\",\"postalCode\":\"28050\",\"streetAddress\":\"Avenida de Burgos 114\"},\"brand\":[\"Infoempleo\"]},{\"@type\":\"Person\",\"@id\":\"https:\/\/empresas.infoempleo.com\/hrtrends\/#\/schema\/person\/32ca57975913668419d075627a98dafe\",\"name\":\"Luisa Carrasco\",\"image\":{\"@type\":\"ImageObject\",\"inLanguage\":\"es\",\"@id\":\"https:\/\/empresas.infoempleo.com\/hrtrends\/#\/schema\/person\/image\/\",\"url\":\"https:\/\/secure.gravatar.com\/avatar\/8cc7d7a784a8289007bbfddcef37ed7157c6ae70e89183748ddf5858d9133c86?s=96&d=mm&r=g\",\"contentUrl\":\"https:\/\/secure.gravatar.com\/avatar\/8cc7d7a784a8289007bbfddcef37ed7157c6ae70e89183748ddf5858d9133c86?s=96&d=mm&r=g\",\"caption\":\"Luisa Carrasco\"},\"description\":\"Licenciada en Sociolog\u00eda y posgrado en gesti\u00f3n de la comunicaci\u00f3n para organizaciones culturales. Me interesa todo lo que tiene que ver con la organizaci\u00f3n e integraci\u00f3n de los distintos agentes sociales. El \u00e1mbito laboral y el de la educaci\u00f3n y formaci\u00f3n es el punto de encuentro de gran parte de estos actores. Estoy al tanto de los temas de actualidad laboral, las tendencias en el mercado del trabajo, las nuevas iniciativas en el tejido empresarial y las propuestas de innovaci\u00f3n en materia de educaci\u00f3n y formaci\u00f3n. Por lo general, escribo en el blog de Infoempleo tres veces por semana.\",\"url\":\"https:\/\/empresas.infoempleo.com\/hrtrends\/author\/luisaagenciayerro\/\"}]}<\/script>\n<!-- \/ Yoast SEO plugin. -->","yoast_head_json":{"title":"Coaching para definir tu profesi\u00f3n | HRTRENDS","description":"El coaching para alcanzar mejores resultados en alg\u00fan aspecto de su vida. Sacarnos de nuestra zona de confort. Creencias, h\u00e1bitos que nos impiden la acci\u00f3n","robots":{"index":"index","follow":"follow","max-snippet":"max-snippet:-1","max-image-preview":"max-image-preview:large","max-video-preview":"max-video-preview:-1"},"canonical":"https:\/\/empresas.infoempleo.com\/hrtrends\/coaching-para-definir-tu-profesion\/","og_locale":"es_ES","og_type":"article","og_title":"Coaching para definir tu profesi\u00f3n | HRTRENDS","og_description":"El coaching para alcanzar mejores resultados en alg\u00fan aspecto de su vida. Sacarnos de nuestra zona de confort. Creencias, h\u00e1bitos que nos impiden la acci\u00f3n","og_url":"https:\/\/empresas.infoempleo.com\/hrtrends\/coaching-para-definir-tu-profesion\/","og_site_name":"HRTRENDS","article_publisher":"https:\/\/www.facebook.com\/Infoempleo","article_published_time":"2015-01-01T06:30:58+00:00","article_modified_time":"2018-05-23T14:55:11+00:00","og_image":[{"width":546,"height":256,"url":"https:\/\/empresas.infoempleo.com\/hrtrends\/media\/2014\/12\/179101699-e1419597550872.jpg","type":"image\/jpeg"}],"author":"Luisa Carrasco","twitter_card":"summary_large_image","twitter_creator":"@infoempleo","twitter_site":"@infoempleo","twitter_misc":{"Escrito por":"Luisa Carrasco","Tiempo de lectura":"4 minutos"},"schema":{"@context":"https:\/\/schema.org","@graph":[{"@type":"NewsArticle","@id":"https:\/\/empresas.infoempleo.com\/hrtrends\/coaching-para-definir-tu-profesion\/#article","isPartOf":{"@id":"https:\/\/empresas.infoempleo.com\/hrtrends\/coaching-para-definir-tu-profesion\/"},"author":{"name":"Luisa Carrasco","@id":"https:\/\/empresas.infoempleo.com\/hrtrends\/#\/schema\/person\/32ca57975913668419d075627a98dafe"},"headline":"Coaching para definir tu profesi\u00f3n","datePublished":"2015-01-01T06:30:58+00:00","dateModified":"2018-05-23T14:55:11+00:00","mainEntityOfPage":{"@id":"https:\/\/empresas.infoempleo.com\/hrtrends\/coaching-para-definir-tu-profesion\/"},"wordCount":811,"publisher":{"@id":"https:\/\/empresas.infoempleo.com\/hrtrends\/#organization"},"image":{"@id":"https:\/\/empresas.infoempleo.com\/hrtrends\/coaching-para-definir-tu-profesion\/#primaryimage"},"thumbnailUrl":"https:\/\/empresas.infoempleo.com\/hrtrends\/media\/2014\/12\/179101699-e1419597550872.jpg","keywords":["coaching","emprendimiento","motivaci\u00f3n","retos profesionales","satisfacci\u00f3n profesional"],"articleSection":["Actualidad"],"inLanguage":"es","copyrightYear":"2015","copyrightHolder":{"@id":"https:\/\/empresas.infoempleo.com\/hrtrends\/#organization"}},{"@type":"WebPage","@id":"https:\/\/empresas.infoempleo.com\/hrtrends\/coaching-para-definir-tu-profesion\/","url":"https:\/\/empresas.infoempleo.com\/hrtrends\/coaching-para-definir-tu-profesion\/","name":"Coaching para definir tu profesi\u00f3n | HRTRENDS","isPartOf":{"@id":"https:\/\/empresas.infoempleo.com\/hrtrends\/#website"},"primaryImageOfPage":{"@id":"https:\/\/empresas.infoempleo.com\/hrtrends\/coaching-para-definir-tu-profesion\/#primaryimage"},"image":{"@id":"https:\/\/empresas.infoempleo.com\/hrtrends\/coaching-para-definir-tu-profesion\/#primaryimage"},"thumbnailUrl":"https:\/\/empresas.infoempleo.com\/hrtrends\/media\/2014\/12\/179101699-e1419597550872.jpg","datePublished":"2015-01-01T06:30:58+00:00","dateModified":"2018-05-23T14:55:11+00:00","description":"El coaching para alcanzar mejores resultados en alg\u00fan aspecto de su vida. Sacarnos de nuestra zona de confort. Creencias, h\u00e1bitos que nos impiden la acci\u00f3n","breadcrumb":{"@id":"https:\/\/empresas.infoempleo.com\/hrtrends\/coaching-para-definir-tu-profesion\/#breadcrumb"},"inLanguage":"es","potentialAction":[{"@type":"ReadAction","target":["https:\/\/empresas.infoempleo.com\/hrtrends\/coaching-para-definir-tu-profesion\/"]}]},{"@type":"ImageObject","inLanguage":"es","@id":"https:\/\/empresas.infoempleo.com\/hrtrends\/coaching-para-definir-tu-profesion\/#primaryimage","url":"https:\/\/empresas.infoempleo.com\/hrtrends\/media\/2014\/12\/179101699-e1419597550872-150x150.jpg","contentUrl":"https:\/\/empresas.infoempleo.com\/hrtrends\/media\/2014\/12\/179101699-e1419597550872-150x150.jpg","width":150,"height":150,"caption":"coaching profesional"},{"@type":"BreadcrumbList","@id":"https:\/\/empresas.infoempleo.com\/hrtrends\/coaching-para-definir-tu-profesion\/#breadcrumb","itemListElement":[{"@type":"ListItem","position":1,"name":"Portada","item":"https:\/\/empresas.infoempleo.com\/hrtrends\/"},{"@type":"ListItem","position":2,"name":"Coaching para definir tu profesi\u00f3n"}]},{"@type":"WebSite","@id":"https:\/\/empresas.infoempleo.com\/hrtrends\/#website","url":"https:\/\/empresas.infoempleo.com\/hrtrends","name":"HRTrends by Infoempleo","description":"","publisher":{"@id":"https:\/\/empresas.infoempleo.com\/hrtrends\/#organization"},"potentialAction":{"@type":"SearchAction","target":"https:\/\/empresas.infoempleo.com\/hrtrends\/?s={search_term_string}","query-input":"required name=search_term_string"},"inLanguage":"es"},{"@type":"Organization","@id":"https:\/\/empresas.infoempleo.com\/hrtrends\/#organization","name":"Infoempleo","url":"https:\/\/www.infoempleo.com\/","logo":{"@type":"ImageObject","@id":"https:\/\/empresas.infoempleo.com\/hrtrends\/#logo","inLanguage":"es","url":"https:\/\/cdnazure.infoempleo.com\/infoempleo\/assets\/style\/gfx\/logo.svg","contentUrl":"https:\/\/cdnazure.infoempleo.com\/infoempleo\/assets\/style\/gfx\/logo.svg","width":150,"height":40,"caption":"Infoempleo"},"image":{"@id":"https:\/\/empresas.infoempleo.com\/hrtrends\/#logo"},"sameAs":["https:\/\/www.facebook.com\/Infoempleo","https:\/\/x.com\/infoempleo","http:\/\/instagram.com\/infoempleo\/","http:\/\/www.linkedin.com\/groups\/Empleo-Espa\u00f1a-Infoempleocom-111276","http:\/\/pinterest.com\/infoempleo\/"],"address":{"@type":"PostalAddress","addressLocality":"Madrid","postalCode":"28050","streetAddress":"Avenida de Burgos 114"},"brand":["Infoempleo"]},{"@type":"Person","@id":"https:\/\/empresas.infoempleo.com\/hrtrends\/#\/schema\/person\/32ca57975913668419d075627a98dafe","name":"Luisa Carrasco","image":{"@type":"ImageObject","inLanguage":"es","@id":"https:\/\/empresas.infoempleo.com\/hrtrends\/#\/schema\/person\/image\/","url":"https:\/\/secure.gravatar.com\/avatar\/8cc7d7a784a8289007bbfddcef37ed7157c6ae70e89183748ddf5858d9133c86?s=96&d=mm&r=g","contentUrl":"https:\/\/secure.gravatar.com\/avatar\/8cc7d7a784a8289007bbfddcef37ed7157c6ae70e89183748ddf5858d9133c86?s=96&d=mm&r=g","caption":"Luisa Carrasco"},"description":"Licenciada en Sociolog\u00eda y posgrado en gesti\u00f3n de la comunicaci\u00f3n para organizaciones culturales. Me interesa todo lo que tiene que ver con la organizaci\u00f3n e integraci\u00f3n de los distintos agentes sociales. El \u00e1mbito laboral y el de la educaci\u00f3n y formaci\u00f3n es el punto de encuentro de gran parte de estos actores. Estoy al tanto de los temas de actualidad laboral, las tendencias en el mercado del trabajo, las nuevas iniciativas en el tejido empresarial y las propuestas de innovaci\u00f3n en materia de educaci\u00f3n y formaci\u00f3n. Por lo general, escribo en el blog de Infoempleo tres veces por semana.","url":"https:\/\/empresas.infoempleo.com\/hrtrends\/author\/luisaagenciayerro\/"}]}},"amp_enabled":true,"_links":{"self":[{"href":"https:\/\/empresas.infoempleo.com\/hrtrends\/wp-json\/wp\/v2\/posts\/20205","targetHints":{"allow":["GET"]}}],"collection":[{"href":"https:\/\/empresas.infoempleo.com\/hrtrends\/wp-json\/wp\/v2\/posts"}],"about":[{"href":"https:\/\/empresas.infoempleo.com\/hrtrends\/wp-json\/wp\/v2\/types\/post"}],"author":[{"embeddable":true,"href":"https:\/\/empresas.infoempleo.com\/hrtrends\/wp-json\/wp\/v2\/users\/29"}],"replies":[{"embeddable":true,"href":"https:\/\/empresas.infoempleo.com\/hrtrends\/wp-json\/wp\/v2\/comments?post=20205"}],"version-history":[{"count":0,"href":"https:\/\/empresas.infoempleo.com\/hrtrends\/wp-json\/wp\/v2\/posts\/20205\/revisions"}],"wp:featuredmedia":[{"embeddable":true,"href":"https:\/\/empresas.infoempleo.com\/hrtrends\/wp-json\/wp\/v2\/media\/20232"}],"wp:attachment":[{"href":"https:\/\/empresas.infoempleo.com\/hrtrends\/wp-json\/wp\/v2\/media?parent=20205"}],"wp:term":[{"taxonomy":"category","embeddable":true,"href":"https:\/\/empresas.infoempleo.com\/hrtrends\/wp-json\/wp\/v2\/categories?post=20205"},{"taxonomy":"post_tag","embeddable":true,"href":"https:\/\/empresas.infoempleo.com\/hrtrends\/wp-json\/wp\/v2\/tags?post=20205"}],"curies":[{"name":"wp","href":"https:\/\/api.w.org\/{rel}","templated":true}]}}