{"id":20174,"date":"2014-12-23T07:30:05","date_gmt":"2014-12-23T06:30:05","guid":{"rendered":"http:\/\/blog.infoempleo.com\/?p=20174"},"modified":"2023-03-13T19:15:48","modified_gmt":"2023-03-13T17:15:48","slug":"tu-curriculum-en-2015","status":"publish","type":"post","link":"https:\/\/empresas.infoempleo.com\/hrtrends\/tu-curriculum-en-2015\/","title":{"rendered":"Tu curr\u00edculum en 2015"},"content":{"rendered":"<p>Es un buen momento para <strong>actualizar tu CV<\/strong>. Durante este a\u00f1o habr\u00e1s realizado cursos y desarrollado o adquirido habilidades trabajando que podr\u00e1s incluir en tu CV para el 2015. Quiz\u00e1 quieres orientarlo de otra forma para darle otro aire. Puedes aventurarte a moverlo en las redes sociales ahora que ya tienes un poco de manejo y atreverte con una <a title=\"curr\u00edculum infograf\u00eda\" href=\"https:\/\/www.pinterest.com\/pin\/251920172879897488\/\" target=\"_blank\" rel=\"noopener\">infograf\u00eda<\/a>. Sea cual sea el motivo, vamos a desempolvar el curr\u00edculum.<\/p>\n<p><!--more--><\/p>\n<h3><strong>Limpiar<\/strong><\/h3>\n<p>Es importante<strong> quitar informaci\u00f3n irrelevante<\/strong> que pusimos en su d\u00eda para rellenar, pero que ahora hace demasiado denso el CV. Empiezan a no cabernos las cosas y tenemos que reducir la letra (nunca menos de un cuerpo de letra tama\u00f1o 10). Si aligeramos tendremos espacio para centrarnos en describir los nuevos logros.<\/p>\n<p><strong>No utilices el mismo CV para todas las ofertas<\/strong>. C\u00ed\u00f1ete a lo que se est\u00e1 pidiendo y demuestra que tienes lo que necesitan. Resume al m\u00e1ximo y s\u00e9 expresivo\/a. Una p\u00e1gina ser\u00e1 suficiente. Si te esfuerzas en hacerlo atractivo, querr\u00e1n saber m\u00e1s de ti. Podr\u00e1s lucirte en la entrevista personal con m\u00e1s datos si te los piden.<\/p>\n<h3><strong>Sacar brillo<\/strong><\/h3>\n<p><strong>Que tu CV no pase desapercibido. <\/strong>Valora el impacto visual de tu actual CV y haz algunos cambios para que destaque. <strong>Utiliza negritas, cursivas o texto destacado<\/strong> para resaltar los conocimientos relevantes y que encajan con el puesto. Si tienes conocimientos de tratamiento de texto puedes distinguirte d\u00e1ndole un formato atractivo. Si no, usa plantillas para orientarte. Entre tanto CV es importante que el seleccionador pueda hacer un <strong>escaneo visual del tuyo<\/strong>.<\/p>\n<p>Haz un apartado con tu <strong>perfil personal<\/strong>. Describe en unas pocas frases tu experiencia y tu objetivo profesional. Algo que te defina y que tenga gancho. Sond\u00e9alo entre tus amigos.<\/p>\n<p>\u00bfTienes ya un <strong>certificado de profesionalidad<\/strong>? Incl\u00fayelo.<\/p>\n<p>Es aconsejable que pongas tu nivel de idiomas en el est\u00e1ndar europeo del Marco Com\u00fan Europeo de Referencia para las Lenguas (B1, B2, C1\u2026).<\/p>\n<p><strong>Dale una vuelta al formato. <\/strong>Puede que no hayas trabajado mucho en el \u00faltimo a\u00f1o, as\u00ed que puedes confeccionar uno que d\u00e9 <a title=\"formatos de curr\u00edculum\" href=\"http:\/\/www.avanzaentucarrera.com\/orientacion\/empleo\/curriculum-vitae\/modelos-de-curriculum-vitae\/\" target=\"_blank\" rel=\"noopener\"><strong>preferencia a las funciones<\/strong><\/a> desarrolladas durante tu carrera profesional. Es otra forma de exponer tu vida laboral. Te proporcionar\u00e1 un enfoque sobre tus competencias y facilitar\u00e1s el trabajo al reclutador. Y eso es de agradecer.<\/p>\n<p><strong>Hazlo m\u00e1s <em>social media<\/em><\/strong>. Incluye <strong>las palabras claves de tu sector<\/strong>, ap\u00f3yalo con <strong>links<\/strong> a tu p\u00e1gina personal y tu perfil en Linked In. Pon los enlaces de las empresas en las que has trabajado para enriquecer la informaci\u00f3n sobre tu recorrido laboral. <strong>A\u00f1ade tus redes sociales<\/strong>. Pero, ojo, solo si crees que tu madre te seguir\u00eda sin problema.<\/p>\n<p><strong>Hazlo m\u00e1s cosmopolita. <\/strong>Si est\u00e1s valorando la posibilidad de trabajar en el extranjero traduce tu CV al ingl\u00e9s para colocarlo a la pr\u00f3xima oportunidad que se presente.<\/p>\n<h3><strong>Sacarlo a pasear<\/strong><\/h3>\n<p>Podemos entregar el CV de muchas formas. Si optamos por <strong>entregarlo en mano<\/strong>, hay que hacerlo con una <strong>buena calidad de papel<\/strong>. Imprimirlo es mejor que hacer fotocopia. Entr\u00e9galo con una carpetilla de pl\u00e1stico en condiciones, sin arrugar, sin manchas de caf\u00e9\u2026 Si has optado por poner una foto, que sea una actual.<\/p>\n<p>Lo m\u00e1s habitual es que entreguemos nuestro CV por <strong>e-mail<\/strong>. Dependiendo de si estamos respondiendo a una oferta de trabajo o nos estamos lanzando a una autocandidatura, el asunto de nuestro correo ser\u00e1 uno u otro. Normalmente, si respondemos a una oferta de empleo nos dan el asunto que debemos poner. Adjuntar el CV en un documento PDF es la mejor opci\u00f3n para preservar el formato que le hemos dado a nuestro documento.<\/p>\n<p>Entre celebraci\u00f3n y celebraci\u00f3n estas Navidades ded\u00edcale un rato a repensar tu curr\u00edculum. Actualizarlo en el portal de <a title=\"Darse de alta en Infoempleo\" href=\"https:\/\/www.infoempleo.com\/registrocandidato\/datosdelacuenta\/\">Infoempleo<\/a> te llevar\u00e1 unos pocos minutos. Tu CV te precede y habla de c\u00f3mo eres antes de que te vean aparecer. Seguro que descubres otra versi\u00f3n de ti mismo\/a que no te hab\u00edas parado a pensar.<\/p>\n","protected":false},"excerpt":{"rendered":"<p>Es un buen momento para actualizar tu CV. Durante este a\u00f1o habr\u00e1s realizado cursos y desarrollado o adquirido<a class=\"moretag\" href=\"https:\/\/empresas.infoempleo.com\/hrtrends\/tu-curriculum-en-2015\/\"> Leer m\u00e1s<\/a><\/p>\n","protected":false},"author":29,"featured_media":20178,"comment_status":"closed","ping_status":"open","sticky":false,"template":"","format":"standard","meta":{"footnotes":""},"categories":[3],"tags":[2643,210,2300,2645],"class_list":["post-20174","post","type-post","status-publish","format-standard","has-post-thumbnail","hentry","category-actualidad","tag-certificado-profesionalidad","tag-curriculum","tag-cv","tag-perfil-linked-in"],"yoast_head":"<!-- This site is optimized with the Yoast SEO plugin v26.1.1 - https:\/\/yoast.com\/wordpress\/plugins\/seo\/ -->\n<title>Tu curr\u00edculum en 2015 | HRTRENDS<\/title>\n<meta name=\"description\" content=\"Es un buen momento para actualizar tu curr\u00edculum. Ori\u00e9ntalo para darle otro aire. Moverlo en las redes sociales. Repensar tu CV. Entregar por email, en mano\" \/>\n<meta name=\"robots\" content=\"index, follow, max-snippet:-1, max-image-preview:large, max-video-preview:-1\" \/>\n<link rel=\"canonical\" href=\"https:\/\/empresas.infoempleo.com\/hrtrends\/tu-curriculum-en-2015\/\" \/>\n<meta property=\"og:locale\" content=\"es_ES\" \/>\n<meta property=\"og:type\" content=\"article\" \/>\n<meta property=\"og:title\" content=\"Tu curr\u00edculum en 2015 | HRTRENDS\" \/>\n<meta property=\"og:description\" content=\"Es un buen momento para actualizar tu curr\u00edculum. Ori\u00e9ntalo para darle otro aire. Moverlo en las redes sociales. Repensar tu CV. Entregar por email, en mano\" \/>\n<meta property=\"og:url\" content=\"https:\/\/empresas.infoempleo.com\/hrtrends\/tu-curriculum-en-2015\/\" \/>\n<meta property=\"og:site_name\" content=\"HRTRENDS\" \/>\n<meta property=\"article:publisher\" content=\"https:\/\/www.facebook.com\/Infoempleo\" \/>\n<meta property=\"article:published_time\" content=\"2014-12-23T06:30:05+00:00\" \/>\n<meta property=\"article:modified_time\" content=\"2023-03-13T17:15:48+00:00\" \/>\n<meta property=\"og:image\" content=\"https:\/\/empresas.infoempleo.com\/hrtrends\/media\/2014\/12\/523395849-e1418922377869.jpg\" \/>\n\t<meta property=\"og:image:width\" content=\"546\" \/>\n\t<meta property=\"og:image:height\" content=\"256\" \/>\n\t<meta property=\"og:image:type\" content=\"image\/jpeg\" \/>\n<meta name=\"author\" content=\"Luisa Carrasco\" \/>\n<meta name=\"twitter:card\" content=\"summary_large_image\" \/>\n<meta name=\"twitter:creator\" content=\"@infoempleo\" \/>\n<meta name=\"twitter:site\" content=\"@infoempleo\" \/>\n<meta name=\"twitter:label1\" content=\"Escrito por\" \/>\n\t<meta name=\"twitter:data1\" content=\"Luisa Carrasco\" \/>\n\t<meta name=\"twitter:label2\" content=\"Tiempo de lectura\" \/>\n\t<meta name=\"twitter:data2\" content=\"3 minutos\" \/>\n<script type=\"application\/ld+json\" class=\"yoast-schema-graph\">{\"@context\":\"https:\/\/schema.org\",\"@graph\":[{\"@type\":\"NewsArticle\",\"@id\":\"https:\/\/empresas.infoempleo.com\/hrtrends\/tu-curriculum-en-2015\/#article\",\"isPartOf\":{\"@id\":\"https:\/\/empresas.infoempleo.com\/hrtrends\/tu-curriculum-en-2015\/\"},\"author\":{\"name\":\"Luisa Carrasco\",\"@id\":\"https:\/\/empresas.infoempleo.com\/hrtrends\/#\/schema\/person\/32ca57975913668419d075627a98dafe\"},\"headline\":\"Tu curr\u00edculum en 2015\",\"datePublished\":\"2014-12-23T06:30:05+00:00\",\"dateModified\":\"2023-03-13T17:15:48+00:00\",\"mainEntityOfPage\":{\"@id\":\"https:\/\/empresas.infoempleo.com\/hrtrends\/tu-curriculum-en-2015\/\"},\"wordCount\":688,\"publisher\":{\"@id\":\"https:\/\/empresas.infoempleo.com\/hrtrends\/#organization\"},\"image\":{\"@id\":\"https:\/\/empresas.infoempleo.com\/hrtrends\/tu-curriculum-en-2015\/#primaryimage\"},\"thumbnailUrl\":\"https:\/\/empresas.infoempleo.com\/hrtrends\/media\/2014\/12\/523395849-e1418922377869.jpg\",\"keywords\":[\"certificado profesionalidad\",\"curr\u00edculum\",\"CV\",\"perfil linked in\"],\"articleSection\":[\"Actualidad\"],\"inLanguage\":\"es\",\"copyrightYear\":\"2014\",\"copyrightHolder\":{\"@id\":\"https:\/\/empresas.infoempleo.com\/hrtrends\/#organization\"}},{\"@type\":\"WebPage\",\"@id\":\"https:\/\/empresas.infoempleo.com\/hrtrends\/tu-curriculum-en-2015\/\",\"url\":\"https:\/\/empresas.infoempleo.com\/hrtrends\/tu-curriculum-en-2015\/\",\"name\":\"Tu curr\u00edculum en 2015 | HRTRENDS\",\"isPartOf\":{\"@id\":\"https:\/\/empresas.infoempleo.com\/hrtrends\/#website\"},\"primaryImageOfPage\":{\"@id\":\"https:\/\/empresas.infoempleo.com\/hrtrends\/tu-curriculum-en-2015\/#primaryimage\"},\"image\":{\"@id\":\"https:\/\/empresas.infoempleo.com\/hrtrends\/tu-curriculum-en-2015\/#primaryimage\"},\"thumbnailUrl\":\"https:\/\/empresas.infoempleo.com\/hrtrends\/media\/2014\/12\/523395849-e1418922377869.jpg\",\"datePublished\":\"2014-12-23T06:30:05+00:00\",\"dateModified\":\"2023-03-13T17:15:48+00:00\",\"description\":\"Es un buen momento para actualizar tu curr\u00edculum. Ori\u00e9ntalo para darle otro aire. Moverlo en las redes sociales. Repensar tu CV. Entregar por email, en mano\",\"breadcrumb\":{\"@id\":\"https:\/\/empresas.infoempleo.com\/hrtrends\/tu-curriculum-en-2015\/#breadcrumb\"},\"inLanguage\":\"es\",\"potentialAction\":[{\"@type\":\"ReadAction\",\"target\":[\"https:\/\/empresas.infoempleo.com\/hrtrends\/tu-curriculum-en-2015\/\"]}]},{\"@type\":\"ImageObject\",\"inLanguage\":\"es\",\"@id\":\"https:\/\/empresas.infoempleo.com\/hrtrends\/tu-curriculum-en-2015\/#primaryimage\",\"url\":\"https:\/\/empresas.infoempleo.com\/hrtrends\/media\/2014\/12\/523395849-e1418922377869-150x150.jpg\",\"contentUrl\":\"https:\/\/empresas.infoempleo.com\/hrtrends\/media\/2014\/12\/523395849-e1418922377869-150x150.jpg\",\"width\":150,\"height\":150,\"caption\":\"curr\u00edculum en el 2015\"},{\"@type\":\"BreadcrumbList\",\"@id\":\"https:\/\/empresas.infoempleo.com\/hrtrends\/tu-curriculum-en-2015\/#breadcrumb\",\"itemListElement\":[{\"@type\":\"ListItem\",\"position\":1,\"name\":\"Portada\",\"item\":\"https:\/\/empresas.infoempleo.com\/hrtrends\/\"},{\"@type\":\"ListItem\",\"position\":2,\"name\":\"Tu curr\u00edculum en 2015\"}]},{\"@type\":\"WebSite\",\"@id\":\"https:\/\/empresas.infoempleo.com\/hrtrends\/#website\",\"url\":\"https:\/\/empresas.infoempleo.com\/hrtrends\",\"name\":\"HRTrends by Infoempleo\",\"description\":\"\",\"publisher\":{\"@id\":\"https:\/\/empresas.infoempleo.com\/hrtrends\/#organization\"},\"potentialAction\":{\"@type\":\"SearchAction\",\"target\":\"https:\/\/empresas.infoempleo.com\/hrtrends\/?s={search_term_string}\",\"query-input\":\"required name=search_term_string\"},\"inLanguage\":\"es\"},{\"@type\":\"Organization\",\"@id\":\"https:\/\/empresas.infoempleo.com\/hrtrends\/#organization\",\"name\":\"Infoempleo\",\"url\":\"https:\/\/www.infoempleo.com\/\",\"logo\":{\"@type\":\"ImageObject\",\"@id\":\"https:\/\/empresas.infoempleo.com\/hrtrends\/#logo\",\"inLanguage\":\"es\",\"url\":\"https:\/\/cdnazure.infoempleo.com\/infoempleo\/assets\/style\/gfx\/logo.svg\",\"contentUrl\":\"https:\/\/cdnazure.infoempleo.com\/infoempleo\/assets\/style\/gfx\/logo.svg\",\"width\":150,\"height\":40,\"caption\":\"Infoempleo\"},\"image\":{\"@id\":\"https:\/\/empresas.infoempleo.com\/hrtrends\/#logo\"},\"sameAs\":[\"https:\/\/www.facebook.com\/Infoempleo\",\"https:\/\/x.com\/infoempleo\",\"http:\/\/instagram.com\/infoempleo\/\",\"http:\/\/www.linkedin.com\/groups\/Empleo-Espa\u00f1a-Infoempleocom-111276\",\"http:\/\/pinterest.com\/infoempleo\/\"],\"address\":{\"@type\":\"PostalAddress\",\"addressLocality\":\"Madrid\",\"postalCode\":\"28050\",\"streetAddress\":\"Avenida de Burgos 114\"},\"brand\":[\"Infoempleo\"]},{\"@type\":\"Person\",\"@id\":\"https:\/\/empresas.infoempleo.com\/hrtrends\/#\/schema\/person\/32ca57975913668419d075627a98dafe\",\"name\":\"Luisa Carrasco\",\"image\":{\"@type\":\"ImageObject\",\"inLanguage\":\"es\",\"@id\":\"https:\/\/empresas.infoempleo.com\/hrtrends\/#\/schema\/person\/image\/\",\"url\":\"https:\/\/secure.gravatar.com\/avatar\/8cc7d7a784a8289007bbfddcef37ed7157c6ae70e89183748ddf5858d9133c86?s=96&d=mm&r=g\",\"contentUrl\":\"https:\/\/secure.gravatar.com\/avatar\/8cc7d7a784a8289007bbfddcef37ed7157c6ae70e89183748ddf5858d9133c86?s=96&d=mm&r=g\",\"caption\":\"Luisa Carrasco\"},\"description\":\"Licenciada en Sociolog\u00eda y posgrado en gesti\u00f3n de la comunicaci\u00f3n para organizaciones culturales. Me interesa todo lo que tiene que ver con la organizaci\u00f3n e integraci\u00f3n de los distintos agentes sociales. El \u00e1mbito laboral y el de la educaci\u00f3n y formaci\u00f3n es el punto de encuentro de gran parte de estos actores. Estoy al tanto de los temas de actualidad laboral, las tendencias en el mercado del trabajo, las nuevas iniciativas en el tejido empresarial y las propuestas de innovaci\u00f3n en materia de educaci\u00f3n y formaci\u00f3n. Por lo general, escribo en el blog de Infoempleo tres veces por semana.\",\"url\":\"https:\/\/empresas.infoempleo.com\/hrtrends\/author\/luisaagenciayerro\/\"}]}<\/script>\n<!-- \/ Yoast SEO plugin. -->","yoast_head_json":{"title":"Tu curr\u00edculum en 2015 | HRTRENDS","description":"Es un buen momento para actualizar tu curr\u00edculum. Ori\u00e9ntalo para darle otro aire. Moverlo en las redes sociales. Repensar tu CV. Entregar por email, en mano","robots":{"index":"index","follow":"follow","max-snippet":"max-snippet:-1","max-image-preview":"max-image-preview:large","max-video-preview":"max-video-preview:-1"},"canonical":"https:\/\/empresas.infoempleo.com\/hrtrends\/tu-curriculum-en-2015\/","og_locale":"es_ES","og_type":"article","og_title":"Tu curr\u00edculum en 2015 | HRTRENDS","og_description":"Es un buen momento para actualizar tu curr\u00edculum. Ori\u00e9ntalo para darle otro aire. Moverlo en las redes sociales. Repensar tu CV. Entregar por email, en mano","og_url":"https:\/\/empresas.infoempleo.com\/hrtrends\/tu-curriculum-en-2015\/","og_site_name":"HRTRENDS","article_publisher":"https:\/\/www.facebook.com\/Infoempleo","article_published_time":"2014-12-23T06:30:05+00:00","article_modified_time":"2023-03-13T17:15:48+00:00","og_image":[{"width":546,"height":256,"url":"https:\/\/empresas.infoempleo.com\/hrtrends\/media\/2014\/12\/523395849-e1418922377869.jpg","type":"image\/jpeg"}],"author":"Luisa Carrasco","twitter_card":"summary_large_image","twitter_creator":"@infoempleo","twitter_site":"@infoempleo","twitter_misc":{"Escrito por":"Luisa Carrasco","Tiempo de lectura":"3 minutos"},"schema":{"@context":"https:\/\/schema.org","@graph":[{"@type":"NewsArticle","@id":"https:\/\/empresas.infoempleo.com\/hrtrends\/tu-curriculum-en-2015\/#article","isPartOf":{"@id":"https:\/\/empresas.infoempleo.com\/hrtrends\/tu-curriculum-en-2015\/"},"author":{"name":"Luisa Carrasco","@id":"https:\/\/empresas.infoempleo.com\/hrtrends\/#\/schema\/person\/32ca57975913668419d075627a98dafe"},"headline":"Tu curr\u00edculum en 2015","datePublished":"2014-12-23T06:30:05+00:00","dateModified":"2023-03-13T17:15:48+00:00","mainEntityOfPage":{"@id":"https:\/\/empresas.infoempleo.com\/hrtrends\/tu-curriculum-en-2015\/"},"wordCount":688,"publisher":{"@id":"https:\/\/empresas.infoempleo.com\/hrtrends\/#organization"},"image":{"@id":"https:\/\/empresas.infoempleo.com\/hrtrends\/tu-curriculum-en-2015\/#primaryimage"},"thumbnailUrl":"https:\/\/empresas.infoempleo.com\/hrtrends\/media\/2014\/12\/523395849-e1418922377869.jpg","keywords":["certificado profesionalidad","curr\u00edculum","CV","perfil linked in"],"articleSection":["Actualidad"],"inLanguage":"es","copyrightYear":"2014","copyrightHolder":{"@id":"https:\/\/empresas.infoempleo.com\/hrtrends\/#organization"}},{"@type":"WebPage","@id":"https:\/\/empresas.infoempleo.com\/hrtrends\/tu-curriculum-en-2015\/","url":"https:\/\/empresas.infoempleo.com\/hrtrends\/tu-curriculum-en-2015\/","name":"Tu curr\u00edculum en 2015 | HRTRENDS","isPartOf":{"@id":"https:\/\/empresas.infoempleo.com\/hrtrends\/#website"},"primaryImageOfPage":{"@id":"https:\/\/empresas.infoempleo.com\/hrtrends\/tu-curriculum-en-2015\/#primaryimage"},"image":{"@id":"https:\/\/empresas.infoempleo.com\/hrtrends\/tu-curriculum-en-2015\/#primaryimage"},"thumbnailUrl":"https:\/\/empresas.infoempleo.com\/hrtrends\/media\/2014\/12\/523395849-e1418922377869.jpg","datePublished":"2014-12-23T06:30:05+00:00","dateModified":"2023-03-13T17:15:48+00:00","description":"Es un buen momento para actualizar tu curr\u00edculum. Ori\u00e9ntalo para darle otro aire. Moverlo en las redes sociales. Repensar tu CV. Entregar por email, en mano","breadcrumb":{"@id":"https:\/\/empresas.infoempleo.com\/hrtrends\/tu-curriculum-en-2015\/#breadcrumb"},"inLanguage":"es","potentialAction":[{"@type":"ReadAction","target":["https:\/\/empresas.infoempleo.com\/hrtrends\/tu-curriculum-en-2015\/"]}]},{"@type":"ImageObject","inLanguage":"es","@id":"https:\/\/empresas.infoempleo.com\/hrtrends\/tu-curriculum-en-2015\/#primaryimage","url":"https:\/\/empresas.infoempleo.com\/hrtrends\/media\/2014\/12\/523395849-e1418922377869-150x150.jpg","contentUrl":"https:\/\/empresas.infoempleo.com\/hrtrends\/media\/2014\/12\/523395849-e1418922377869-150x150.jpg","width":150,"height":150,"caption":"curr\u00edculum en el 2015"},{"@type":"BreadcrumbList","@id":"https:\/\/empresas.infoempleo.com\/hrtrends\/tu-curriculum-en-2015\/#breadcrumb","itemListElement":[{"@type":"ListItem","position":1,"name":"Portada","item":"https:\/\/empresas.infoempleo.com\/hrtrends\/"},{"@type":"ListItem","position":2,"name":"Tu curr\u00edculum en 2015"}]},{"@type":"WebSite","@id":"https:\/\/empresas.infoempleo.com\/hrtrends\/#website","url":"https:\/\/empresas.infoempleo.com\/hrtrends","name":"HRTrends by Infoempleo","description":"","publisher":{"@id":"https:\/\/empresas.infoempleo.com\/hrtrends\/#organization"},"potentialAction":{"@type":"SearchAction","target":"https:\/\/empresas.infoempleo.com\/hrtrends\/?s={search_term_string}","query-input":"required name=search_term_string"},"inLanguage":"es"},{"@type":"Organization","@id":"https:\/\/empresas.infoempleo.com\/hrtrends\/#organization","name":"Infoempleo","url":"https:\/\/www.infoempleo.com\/","logo":{"@type":"ImageObject","@id":"https:\/\/empresas.infoempleo.com\/hrtrends\/#logo","inLanguage":"es","url":"https:\/\/cdnazure.infoempleo.com\/infoempleo\/assets\/style\/gfx\/logo.svg","contentUrl":"https:\/\/cdnazure.infoempleo.com\/infoempleo\/assets\/style\/gfx\/logo.svg","width":150,"height":40,"caption":"Infoempleo"},"image":{"@id":"https:\/\/empresas.infoempleo.com\/hrtrends\/#logo"},"sameAs":["https:\/\/www.facebook.com\/Infoempleo","https:\/\/x.com\/infoempleo","http:\/\/instagram.com\/infoempleo\/","http:\/\/www.linkedin.com\/groups\/Empleo-Espa\u00f1a-Infoempleocom-111276","http:\/\/pinterest.com\/infoempleo\/"],"address":{"@type":"PostalAddress","addressLocality":"Madrid","postalCode":"28050","streetAddress":"Avenida de Burgos 114"},"brand":["Infoempleo"]},{"@type":"Person","@id":"https:\/\/empresas.infoempleo.com\/hrtrends\/#\/schema\/person\/32ca57975913668419d075627a98dafe","name":"Luisa Carrasco","image":{"@type":"ImageObject","inLanguage":"es","@id":"https:\/\/empresas.infoempleo.com\/hrtrends\/#\/schema\/person\/image\/","url":"https:\/\/secure.gravatar.com\/avatar\/8cc7d7a784a8289007bbfddcef37ed7157c6ae70e89183748ddf5858d9133c86?s=96&d=mm&r=g","contentUrl":"https:\/\/secure.gravatar.com\/avatar\/8cc7d7a784a8289007bbfddcef37ed7157c6ae70e89183748ddf5858d9133c86?s=96&d=mm&r=g","caption":"Luisa Carrasco"},"description":"Licenciada en Sociolog\u00eda y posgrado en gesti\u00f3n de la comunicaci\u00f3n para organizaciones culturales. Me interesa todo lo que tiene que ver con la organizaci\u00f3n e integraci\u00f3n de los distintos agentes sociales. El \u00e1mbito laboral y el de la educaci\u00f3n y formaci\u00f3n es el punto de encuentro de gran parte de estos actores. Estoy al tanto de los temas de actualidad laboral, las tendencias en el mercado del trabajo, las nuevas iniciativas en el tejido empresarial y las propuestas de innovaci\u00f3n en materia de educaci\u00f3n y formaci\u00f3n. Por lo general, escribo en el blog de Infoempleo tres veces por semana.","url":"https:\/\/empresas.infoempleo.com\/hrtrends\/author\/luisaagenciayerro\/"}]}},"amp_enabled":true,"_links":{"self":[{"href":"https:\/\/empresas.infoempleo.com\/hrtrends\/wp-json\/wp\/v2\/posts\/20174","targetHints":{"allow":["GET"]}}],"collection":[{"href":"https:\/\/empresas.infoempleo.com\/hrtrends\/wp-json\/wp\/v2\/posts"}],"about":[{"href":"https:\/\/empresas.infoempleo.com\/hrtrends\/wp-json\/wp\/v2\/types\/post"}],"author":[{"embeddable":true,"href":"https:\/\/empresas.infoempleo.com\/hrtrends\/wp-json\/wp\/v2\/users\/29"}],"replies":[{"embeddable":true,"href":"https:\/\/empresas.infoempleo.com\/hrtrends\/wp-json\/wp\/v2\/comments?post=20174"}],"version-history":[{"count":5,"href":"https:\/\/empresas.infoempleo.com\/hrtrends\/wp-json\/wp\/v2\/posts\/20174\/revisions"}],"predecessor-version":[{"id":42930,"href":"https:\/\/empresas.infoempleo.com\/hrtrends\/wp-json\/wp\/v2\/posts\/20174\/revisions\/42930"}],"wp:featuredmedia":[{"embeddable":true,"href":"https:\/\/empresas.infoempleo.com\/hrtrends\/wp-json\/wp\/v2\/media\/20178"}],"wp:attachment":[{"href":"https:\/\/empresas.infoempleo.com\/hrtrends\/wp-json\/wp\/v2\/media?parent=20174"}],"wp:term":[{"taxonomy":"category","embeddable":true,"href":"https:\/\/empresas.infoempleo.com\/hrtrends\/wp-json\/wp\/v2\/categories?post=20174"},{"taxonomy":"post_tag","embeddable":true,"href":"https:\/\/empresas.infoempleo.com\/hrtrends\/wp-json\/wp\/v2\/tags?post=20174"}],"curies":[{"name":"wp","href":"https:\/\/api.w.org\/{rel}","templated":true}]}}