{"id":20100,"date":"2014-12-16T07:30:17","date_gmt":"2014-12-16T06:30:17","guid":{"rendered":"http:\/\/blog.infoempleo.com\/?p=20100"},"modified":"2018-05-23T16:55:11","modified_gmt":"2018-05-23T14:55:11","slug":"atraccion-del-talento-2-0","status":"publish","type":"post","link":"https:\/\/empresas.infoempleo.com\/hrtrends\/atraccion-del-talento-2-0\/","title":{"rendered":"Atracci\u00f3n del talento 2.0"},"content":{"rendered":"<p>Las redes sociales (RRSS) son la macrofiesta a la que vamos llegando todos. Es donde decimos, donde escuchamos y nos escuchan aunque la m\u00fasica est\u00e9 muy alta. Volcamos gustos, preferencias, opiniones. Compartimos fotos de gatitos, pero tambi\u00e9n formaci\u00f3n y experiencia laboral. Nos gusta que nos vean y nos hemos puesto nuestro mejor vestido para el evento. Si queremos reclutar perfiles espec\u00edficos para nuestra empresa, toda esta informaci\u00f3n nos resultar\u00e1 clave y facilitar\u00e1 nuestro trabajo.<\/p>\n<p><!--more--><\/p>\n<h3><strong>Ventajas de utilizar el universo 2.0 para reclutar<\/strong><\/h3>\n<p>El uso de las RRSS para el reclutamiento se ha incrementado moderadamente en los \u00faltimos dos a\u00f1os. De un 49% que afirmaba usarlas en 2011 se ha aumentado a un 57% de usuarios ocasionales o habituales en los departamentos de recursos humanos en el 2013, seg\u00fan los datos recogidos por el informe <a title=\"II Infoempleo-Adecco sobre Redes Sociales y Empleo EMPLEO\" href=\"https:\/\/www.slideshare.net\/InfoempleoSlide\/ii-informe-infoempleo-adecco-sobre-redes-sociales-y-mercado-de-trabajo-en-espaa-empleoyredes-32183604\" target=\"_blank\">II Infoempleo-Adecco sobre Redes Sociales y Empleo EMPLEO<\/a>. Pero lo significativo es que m\u00e1s del 50% de los profesionales encuestados tienen <strong>pensado utilizarlas a corto plazo<\/strong>. Los datos que se desprenden del Informe indican que las empresas emplean\u00a0cada vez m\u00e1s esta informaci\u00f3n para <strong>tomar una decisi\u00f3n final sobre el candidato<\/strong>, pero tambi\u00e9n para <strong>bucear en busca\u00a0de perfiles espec\u00edficos<\/strong>. Las ventajas son m\u00faltiples: un <strong>menor coste<\/strong>, una <strong>inmediata segmentaci\u00f3n de candidatos<\/strong> seg\u00fan perfiles profesionales y un <strong>alcance exponencial de las ofertas de trabajo<\/strong>.<\/p>\n<p>Adem\u00e1s, tenemos la oportunidad de valorar a muchos candidatos desde nuestro ordenador y la posibilidad de encontrar datos adicionales dependiendo de su actividad en RRSS. Habilidades, gustos, preferencias\u2026 Y no solo de candidatos en b\u00fasqueda de empleo, sino adem\u00e1s de \u201ccandidatos pasivos\u201d, aquellos que no est\u00e1n pensando en cambiar de trabajo pero se ajustan como un guante al perfil que buscamos.<\/p>\n<p>Para que esta empresa nos resulte exitosa, debemos desarrollar ciertas competencias como reclutadores: <strong>saber buscar<\/strong>, tener <strong>habilidades sociales<\/strong> y poseer un <strong>manejo aceptable de cada red<\/strong>. Y ponerse la alarma, ya que existe el\u00a0gran peligro de engancharse\u00a0a los <em>social media<\/em>.<\/p>\n<h3><strong>Estrategias desde nuestra empresa<\/strong><\/h3>\n<p>El aspecto multidireccional de las RRSS\u00a0implica que, a la vez que nosotros buscamos a los candidatos, ellos tambi\u00e9n buscan referencias de nuestra empresa.<\/p>\n<p>Una <strong>buena reputaci\u00f3n corporativa<\/strong> es fundamental para respaldar el\u00a0trabajo de los reclutadores en RRSS. Los candidatos <em>googlear\u00e1n<\/em> tu empresa en Internet. Es importante saber qu\u00e9 se dice en las RRSS sobre nuestra compa\u00f1\u00eda. <strong>Escuchar <\/strong>atentamente para potenciar los aspectos positivos de lo que se comenta\u00a0de nosotros. Y\u00a0tener en cuenta tambi\u00e9n que responder y agradecer cuando nos preguntan es la etiqueta en RRSS.<\/p>\n<h3><strong>Herramientas para el reclutamiento 2.0<\/strong><\/h3>\n<p><strong>LinkedIn<\/strong> sigue liderando el r\u00e1nking como la aplicaci\u00f3n m\u00e1s popular para buscar talento. Puesto que el fin de esta red social es el <em>networking<\/em> y la exposici\u00f3n de conocimientos, podemos movernos como pez en el agua entre curr\u00edculum. <strong>Facebook<\/strong> y <strong>Twitter<\/strong>, pese a que son generalistas, le siguen de cerca. Son fuentes de informaci\u00f3n adicional que debemos tener en cuenta al seleccionar candidatos. Quiz\u00e1 m\u00e1s en busca de la reputaci\u00f3n personal del candidato que de sus destrezas laborales. Se recurre tambi\u00e9n a otras redes no tan notorias como la alemana <strong>Xing<\/strong>, <strong>Google+<\/strong> y <strong>Viadeo<\/strong>. Un dato llamativo es que sigue habiendo una cantidad significativa de reclutadores que consultan <strong>foros profesionales<\/strong>\u00a0en busca de perfiles.<\/p>\n<p>Redes sociales, portales de empleo, referencias personales. Es la combinaci\u00f3n de las distintas formas de conseguir informaci\u00f3n relevante de futuros empleados la que configurar\u00e1 la caja de herramientas id\u00f3nea para hacer un buen trabajo de atracci\u00f3n de talento para nuestra empresa.<\/p>\n","protected":false},"excerpt":{"rendered":"<p>Las redes sociales (RRSS) son la macrofiesta a la que vamos llegando todos. Es donde decimos, donde escuchamos<a class=\"moretag\" href=\"https:\/\/empresas.infoempleo.com\/hrtrends\/atraccion-del-talento-2-0\/\"> Leer m\u00e1s<\/a><\/p>\n","protected":false},"author":29,"featured_media":20113,"comment_status":"closed","ping_status":"open","sticky":false,"template":"","format":"standard","meta":{"footnotes":""},"categories":[3],"tags":[1768,2442,26,89],"class_list":["post-20100","post","type-post","status-publish","format-standard","has-post-thumbnail","hentry","category-actualidad","tag-linkedin","tag-reclutamiento","tag-redes-sociales","tag-talento"],"yoast_head":"<!-- This site is optimized with the Yoast SEO plugin v26.1.1 - https:\/\/yoast.com\/wordpress\/plugins\/seo\/ -->\n<title>Atracci\u00f3n del talento 2.0 | HRTRENDS<\/title>\n<meta name=\"description\" content=\"Si queremos reclutar talento para nuestra empresa, toda la informaci\u00f3n de RRSS nos resultar\u00e1 clave y facilitar\u00e1 nuestro trabajo.\" \/>\n<meta name=\"robots\" content=\"index, follow, max-snippet:-1, max-image-preview:large, max-video-preview:-1\" \/>\n<link rel=\"canonical\" href=\"https:\/\/empresas.infoempleo.com\/hrtrends\/atraccion-del-talento-2-0\/\" \/>\n<meta property=\"og:locale\" content=\"es_ES\" \/>\n<meta property=\"og:type\" content=\"article\" \/>\n<meta property=\"og:title\" content=\"Atracci\u00f3n del talento 2.0 | HRTRENDS\" \/>\n<meta property=\"og:description\" content=\"Si queremos reclutar talento para nuestra empresa, toda la informaci\u00f3n de RRSS nos resultar\u00e1 clave y facilitar\u00e1 nuestro trabajo.\" \/>\n<meta property=\"og:url\" content=\"https:\/\/empresas.infoempleo.com\/hrtrends\/atraccion-del-talento-2-0\/\" \/>\n<meta property=\"og:site_name\" content=\"HRTRENDS\" \/>\n<meta property=\"article:publisher\" content=\"https:\/\/www.facebook.com\/Infoempleo\" \/>\n<meta property=\"article:published_time\" content=\"2014-12-16T06:30:17+00:00\" \/>\n<meta property=\"article:modified_time\" content=\"2018-05-23T14:55:11+00:00\" \/>\n<meta property=\"og:image\" content=\"https:\/\/empresas.infoempleo.com\/hrtrends\/media\/2014\/12\/181492494-e1418310698322.jpg\" \/>\n\t<meta property=\"og:image:width\" content=\"546\" \/>\n\t<meta property=\"og:image:height\" content=\"256\" \/>\n\t<meta property=\"og:image:type\" content=\"image\/jpeg\" \/>\n<meta name=\"author\" content=\"Luisa Carrasco\" \/>\n<meta name=\"twitter:card\" content=\"summary_large_image\" \/>\n<meta name=\"twitter:creator\" content=\"@infoempleo\" \/>\n<meta name=\"twitter:site\" content=\"@infoempleo\" \/>\n<meta name=\"twitter:label1\" content=\"Escrito por\" \/>\n\t<meta name=\"twitter:data1\" content=\"Luisa Carrasco\" \/>\n\t<meta name=\"twitter:label2\" content=\"Tiempo de lectura\" \/>\n\t<meta name=\"twitter:data2\" content=\"3 minutos\" \/>\n<script type=\"application\/ld+json\" class=\"yoast-schema-graph\">{\"@context\":\"https:\/\/schema.org\",\"@graph\":[{\"@type\":\"NewsArticle\",\"@id\":\"https:\/\/empresas.infoempleo.com\/hrtrends\/atraccion-del-talento-2-0\/#article\",\"isPartOf\":{\"@id\":\"https:\/\/empresas.infoempleo.com\/hrtrends\/atraccion-del-talento-2-0\/\"},\"author\":{\"name\":\"Luisa Carrasco\",\"@id\":\"https:\/\/empresas.infoempleo.com\/hrtrends\/#\/schema\/person\/32ca57975913668419d075627a98dafe\"},\"headline\":\"Atracci\u00f3n del talento 2.0\",\"datePublished\":\"2014-12-16T06:30:17+00:00\",\"dateModified\":\"2018-05-23T14:55:11+00:00\",\"mainEntityOfPage\":{\"@id\":\"https:\/\/empresas.infoempleo.com\/hrtrends\/atraccion-del-talento-2-0\/\"},\"wordCount\":609,\"publisher\":{\"@id\":\"https:\/\/empresas.infoempleo.com\/hrtrends\/#organization\"},\"image\":{\"@id\":\"https:\/\/empresas.infoempleo.com\/hrtrends\/atraccion-del-talento-2-0\/#primaryimage\"},\"thumbnailUrl\":\"https:\/\/empresas.infoempleo.com\/hrtrends\/media\/2014\/12\/181492494-e1418310698322.jpg\",\"keywords\":[\"LinkedIn\",\"reclutamiento\",\"redes sociales\",\"talento\"],\"articleSection\":[\"Actualidad\"],\"inLanguage\":\"es\",\"copyrightYear\":\"2014\",\"copyrightHolder\":{\"@id\":\"https:\/\/empresas.infoempleo.com\/hrtrends\/#organization\"}},{\"@type\":\"WebPage\",\"@id\":\"https:\/\/empresas.infoempleo.com\/hrtrends\/atraccion-del-talento-2-0\/\",\"url\":\"https:\/\/empresas.infoempleo.com\/hrtrends\/atraccion-del-talento-2-0\/\",\"name\":\"Atracci\u00f3n del talento 2.0 | HRTRENDS\",\"isPartOf\":{\"@id\":\"https:\/\/empresas.infoempleo.com\/hrtrends\/#website\"},\"primaryImageOfPage\":{\"@id\":\"https:\/\/empresas.infoempleo.com\/hrtrends\/atraccion-del-talento-2-0\/#primaryimage\"},\"image\":{\"@id\":\"https:\/\/empresas.infoempleo.com\/hrtrends\/atraccion-del-talento-2-0\/#primaryimage\"},\"thumbnailUrl\":\"https:\/\/empresas.infoempleo.com\/hrtrends\/media\/2014\/12\/181492494-e1418310698322.jpg\",\"datePublished\":\"2014-12-16T06:30:17+00:00\",\"dateModified\":\"2018-05-23T14:55:11+00:00\",\"description\":\"Si queremos reclutar talento para nuestra empresa, toda la informaci\u00f3n de RRSS nos resultar\u00e1 clave y facilitar\u00e1 nuestro trabajo.\",\"breadcrumb\":{\"@id\":\"https:\/\/empresas.infoempleo.com\/hrtrends\/atraccion-del-talento-2-0\/#breadcrumb\"},\"inLanguage\":\"es\",\"potentialAction\":[{\"@type\":\"ReadAction\",\"target\":[\"https:\/\/empresas.infoempleo.com\/hrtrends\/atraccion-del-talento-2-0\/\"]}]},{\"@type\":\"ImageObject\",\"inLanguage\":\"es\",\"@id\":\"https:\/\/empresas.infoempleo.com\/hrtrends\/atraccion-del-talento-2-0\/#primaryimage\",\"url\":\"https:\/\/empresas.infoempleo.com\/hrtrends\/media\/2014\/12\/181492494-e1418310698322-150x150.jpg\",\"contentUrl\":\"https:\/\/empresas.infoempleo.com\/hrtrends\/media\/2014\/12\/181492494-e1418310698322-150x150.jpg\",\"width\":150,\"height\":150,\"caption\":\"Reclutamiento 2.0\"},{\"@type\":\"BreadcrumbList\",\"@id\":\"https:\/\/empresas.infoempleo.com\/hrtrends\/atraccion-del-talento-2-0\/#breadcrumb\",\"itemListElement\":[{\"@type\":\"ListItem\",\"position\":1,\"name\":\"Portada\",\"item\":\"https:\/\/empresas.infoempleo.com\/hrtrends\/\"},{\"@type\":\"ListItem\",\"position\":2,\"name\":\"Atracci\u00f3n del talento 2.0\"}]},{\"@type\":\"WebSite\",\"@id\":\"https:\/\/empresas.infoempleo.com\/hrtrends\/#website\",\"url\":\"https:\/\/empresas.infoempleo.com\/hrtrends\",\"name\":\"HRTrends by Infoempleo\",\"description\":\"\",\"publisher\":{\"@id\":\"https:\/\/empresas.infoempleo.com\/hrtrends\/#organization\"},\"potentialAction\":{\"@type\":\"SearchAction\",\"target\":\"https:\/\/empresas.infoempleo.com\/hrtrends\/?s={search_term_string}\",\"query-input\":\"required name=search_term_string\"},\"inLanguage\":\"es\"},{\"@type\":\"Organization\",\"@id\":\"https:\/\/empresas.infoempleo.com\/hrtrends\/#organization\",\"name\":\"Infoempleo\",\"url\":\"https:\/\/www.infoempleo.com\/\",\"logo\":{\"@type\":\"ImageObject\",\"@id\":\"https:\/\/empresas.infoempleo.com\/hrtrends\/#logo\",\"inLanguage\":\"es\",\"url\":\"https:\/\/cdnazure.infoempleo.com\/infoempleo\/assets\/style\/gfx\/logo.svg\",\"contentUrl\":\"https:\/\/cdnazure.infoempleo.com\/infoempleo\/assets\/style\/gfx\/logo.svg\",\"width\":150,\"height\":40,\"caption\":\"Infoempleo\"},\"image\":{\"@id\":\"https:\/\/empresas.infoempleo.com\/hrtrends\/#logo\"},\"sameAs\":[\"https:\/\/www.facebook.com\/Infoempleo\",\"https:\/\/x.com\/infoempleo\",\"http:\/\/instagram.com\/infoempleo\/\",\"http:\/\/www.linkedin.com\/groups\/Empleo-Espa\u00f1a-Infoempleocom-111276\",\"http:\/\/pinterest.com\/infoempleo\/\"],\"address\":{\"@type\":\"PostalAddress\",\"addressLocality\":\"Madrid\",\"postalCode\":\"28050\",\"streetAddress\":\"Avenida de Burgos 114\"},\"brand\":[\"Infoempleo\"]},{\"@type\":\"Person\",\"@id\":\"https:\/\/empresas.infoempleo.com\/hrtrends\/#\/schema\/person\/32ca57975913668419d075627a98dafe\",\"name\":\"Luisa Carrasco\",\"image\":{\"@type\":\"ImageObject\",\"inLanguage\":\"es\",\"@id\":\"https:\/\/empresas.infoempleo.com\/hrtrends\/#\/schema\/person\/image\/\",\"url\":\"https:\/\/secure.gravatar.com\/avatar\/8cc7d7a784a8289007bbfddcef37ed7157c6ae70e89183748ddf5858d9133c86?s=96&d=mm&r=g\",\"contentUrl\":\"https:\/\/secure.gravatar.com\/avatar\/8cc7d7a784a8289007bbfddcef37ed7157c6ae70e89183748ddf5858d9133c86?s=96&d=mm&r=g\",\"caption\":\"Luisa Carrasco\"},\"description\":\"Licenciada en Sociolog\u00eda y posgrado en gesti\u00f3n de la comunicaci\u00f3n para organizaciones culturales. Me interesa todo lo que tiene que ver con la organizaci\u00f3n e integraci\u00f3n de los distintos agentes sociales. El \u00e1mbito laboral y el de la educaci\u00f3n y formaci\u00f3n es el punto de encuentro de gran parte de estos actores. Estoy al tanto de los temas de actualidad laboral, las tendencias en el mercado del trabajo, las nuevas iniciativas en el tejido empresarial y las propuestas de innovaci\u00f3n en materia de educaci\u00f3n y formaci\u00f3n. Por lo general, escribo en el blog de Infoempleo tres veces por semana.\",\"url\":\"https:\/\/empresas.infoempleo.com\/hrtrends\/author\/luisaagenciayerro\/\"}]}<\/script>\n<!-- \/ Yoast SEO plugin. -->","yoast_head_json":{"title":"Atracci\u00f3n del talento 2.0 | HRTRENDS","description":"Si queremos reclutar talento para nuestra empresa, toda la informaci\u00f3n de RRSS nos resultar\u00e1 clave y facilitar\u00e1 nuestro trabajo.","robots":{"index":"index","follow":"follow","max-snippet":"max-snippet:-1","max-image-preview":"max-image-preview:large","max-video-preview":"max-video-preview:-1"},"canonical":"https:\/\/empresas.infoempleo.com\/hrtrends\/atraccion-del-talento-2-0\/","og_locale":"es_ES","og_type":"article","og_title":"Atracci\u00f3n del talento 2.0 | HRTRENDS","og_description":"Si queremos reclutar talento para nuestra empresa, toda la informaci\u00f3n de RRSS nos resultar\u00e1 clave y facilitar\u00e1 nuestro trabajo.","og_url":"https:\/\/empresas.infoempleo.com\/hrtrends\/atraccion-del-talento-2-0\/","og_site_name":"HRTRENDS","article_publisher":"https:\/\/www.facebook.com\/Infoempleo","article_published_time":"2014-12-16T06:30:17+00:00","article_modified_time":"2018-05-23T14:55:11+00:00","og_image":[{"width":546,"height":256,"url":"https:\/\/empresas.infoempleo.com\/hrtrends\/media\/2014\/12\/181492494-e1418310698322.jpg","type":"image\/jpeg"}],"author":"Luisa Carrasco","twitter_card":"summary_large_image","twitter_creator":"@infoempleo","twitter_site":"@infoempleo","twitter_misc":{"Escrito por":"Luisa Carrasco","Tiempo de lectura":"3 minutos"},"schema":{"@context":"https:\/\/schema.org","@graph":[{"@type":"NewsArticle","@id":"https:\/\/empresas.infoempleo.com\/hrtrends\/atraccion-del-talento-2-0\/#article","isPartOf":{"@id":"https:\/\/empresas.infoempleo.com\/hrtrends\/atraccion-del-talento-2-0\/"},"author":{"name":"Luisa Carrasco","@id":"https:\/\/empresas.infoempleo.com\/hrtrends\/#\/schema\/person\/32ca57975913668419d075627a98dafe"},"headline":"Atracci\u00f3n del talento 2.0","datePublished":"2014-12-16T06:30:17+00:00","dateModified":"2018-05-23T14:55:11+00:00","mainEntityOfPage":{"@id":"https:\/\/empresas.infoempleo.com\/hrtrends\/atraccion-del-talento-2-0\/"},"wordCount":609,"publisher":{"@id":"https:\/\/empresas.infoempleo.com\/hrtrends\/#organization"},"image":{"@id":"https:\/\/empresas.infoempleo.com\/hrtrends\/atraccion-del-talento-2-0\/#primaryimage"},"thumbnailUrl":"https:\/\/empresas.infoempleo.com\/hrtrends\/media\/2014\/12\/181492494-e1418310698322.jpg","keywords":["LinkedIn","reclutamiento","redes sociales","talento"],"articleSection":["Actualidad"],"inLanguage":"es","copyrightYear":"2014","copyrightHolder":{"@id":"https:\/\/empresas.infoempleo.com\/hrtrends\/#organization"}},{"@type":"WebPage","@id":"https:\/\/empresas.infoempleo.com\/hrtrends\/atraccion-del-talento-2-0\/","url":"https:\/\/empresas.infoempleo.com\/hrtrends\/atraccion-del-talento-2-0\/","name":"Atracci\u00f3n del talento 2.0 | HRTRENDS","isPartOf":{"@id":"https:\/\/empresas.infoempleo.com\/hrtrends\/#website"},"primaryImageOfPage":{"@id":"https:\/\/empresas.infoempleo.com\/hrtrends\/atraccion-del-talento-2-0\/#primaryimage"},"image":{"@id":"https:\/\/empresas.infoempleo.com\/hrtrends\/atraccion-del-talento-2-0\/#primaryimage"},"thumbnailUrl":"https:\/\/empresas.infoempleo.com\/hrtrends\/media\/2014\/12\/181492494-e1418310698322.jpg","datePublished":"2014-12-16T06:30:17+00:00","dateModified":"2018-05-23T14:55:11+00:00","description":"Si queremos reclutar talento para nuestra empresa, toda la informaci\u00f3n de RRSS nos resultar\u00e1 clave y facilitar\u00e1 nuestro trabajo.","breadcrumb":{"@id":"https:\/\/empresas.infoempleo.com\/hrtrends\/atraccion-del-talento-2-0\/#breadcrumb"},"inLanguage":"es","potentialAction":[{"@type":"ReadAction","target":["https:\/\/empresas.infoempleo.com\/hrtrends\/atraccion-del-talento-2-0\/"]}]},{"@type":"ImageObject","inLanguage":"es","@id":"https:\/\/empresas.infoempleo.com\/hrtrends\/atraccion-del-talento-2-0\/#primaryimage","url":"https:\/\/empresas.infoempleo.com\/hrtrends\/media\/2014\/12\/181492494-e1418310698322-150x150.jpg","contentUrl":"https:\/\/empresas.infoempleo.com\/hrtrends\/media\/2014\/12\/181492494-e1418310698322-150x150.jpg","width":150,"height":150,"caption":"Reclutamiento 2.0"},{"@type":"BreadcrumbList","@id":"https:\/\/empresas.infoempleo.com\/hrtrends\/atraccion-del-talento-2-0\/#breadcrumb","itemListElement":[{"@type":"ListItem","position":1,"name":"Portada","item":"https:\/\/empresas.infoempleo.com\/hrtrends\/"},{"@type":"ListItem","position":2,"name":"Atracci\u00f3n del talento 2.0"}]},{"@type":"WebSite","@id":"https:\/\/empresas.infoempleo.com\/hrtrends\/#website","url":"https:\/\/empresas.infoempleo.com\/hrtrends","name":"HRTrends by Infoempleo","description":"","publisher":{"@id":"https:\/\/empresas.infoempleo.com\/hrtrends\/#organization"},"potentialAction":{"@type":"SearchAction","target":"https:\/\/empresas.infoempleo.com\/hrtrends\/?s={search_term_string}","query-input":"required name=search_term_string"},"inLanguage":"es"},{"@type":"Organization","@id":"https:\/\/empresas.infoempleo.com\/hrtrends\/#organization","name":"Infoempleo","url":"https:\/\/www.infoempleo.com\/","logo":{"@type":"ImageObject","@id":"https:\/\/empresas.infoempleo.com\/hrtrends\/#logo","inLanguage":"es","url":"https:\/\/cdnazure.infoempleo.com\/infoempleo\/assets\/style\/gfx\/logo.svg","contentUrl":"https:\/\/cdnazure.infoempleo.com\/infoempleo\/assets\/style\/gfx\/logo.svg","width":150,"height":40,"caption":"Infoempleo"},"image":{"@id":"https:\/\/empresas.infoempleo.com\/hrtrends\/#logo"},"sameAs":["https:\/\/www.facebook.com\/Infoempleo","https:\/\/x.com\/infoempleo","http:\/\/instagram.com\/infoempleo\/","http:\/\/www.linkedin.com\/groups\/Empleo-Espa\u00f1a-Infoempleocom-111276","http:\/\/pinterest.com\/infoempleo\/"],"address":{"@type":"PostalAddress","addressLocality":"Madrid","postalCode":"28050","streetAddress":"Avenida de Burgos 114"},"brand":["Infoempleo"]},{"@type":"Person","@id":"https:\/\/empresas.infoempleo.com\/hrtrends\/#\/schema\/person\/32ca57975913668419d075627a98dafe","name":"Luisa Carrasco","image":{"@type":"ImageObject","inLanguage":"es","@id":"https:\/\/empresas.infoempleo.com\/hrtrends\/#\/schema\/person\/image\/","url":"https:\/\/secure.gravatar.com\/avatar\/8cc7d7a784a8289007bbfddcef37ed7157c6ae70e89183748ddf5858d9133c86?s=96&d=mm&r=g","contentUrl":"https:\/\/secure.gravatar.com\/avatar\/8cc7d7a784a8289007bbfddcef37ed7157c6ae70e89183748ddf5858d9133c86?s=96&d=mm&r=g","caption":"Luisa Carrasco"},"description":"Licenciada en Sociolog\u00eda y posgrado en gesti\u00f3n de la comunicaci\u00f3n para organizaciones culturales. Me interesa todo lo que tiene que ver con la organizaci\u00f3n e integraci\u00f3n de los distintos agentes sociales. El \u00e1mbito laboral y el de la educaci\u00f3n y formaci\u00f3n es el punto de encuentro de gran parte de estos actores. Estoy al tanto de los temas de actualidad laboral, las tendencias en el mercado del trabajo, las nuevas iniciativas en el tejido empresarial y las propuestas de innovaci\u00f3n en materia de educaci\u00f3n y formaci\u00f3n. Por lo general, escribo en el blog de Infoempleo tres veces por semana.","url":"https:\/\/empresas.infoempleo.com\/hrtrends\/author\/luisaagenciayerro\/"}]}},"amp_enabled":true,"_links":{"self":[{"href":"https:\/\/empresas.infoempleo.com\/hrtrends\/wp-json\/wp\/v2\/posts\/20100","targetHints":{"allow":["GET"]}}],"collection":[{"href":"https:\/\/empresas.infoempleo.com\/hrtrends\/wp-json\/wp\/v2\/posts"}],"about":[{"href":"https:\/\/empresas.infoempleo.com\/hrtrends\/wp-json\/wp\/v2\/types\/post"}],"author":[{"embeddable":true,"href":"https:\/\/empresas.infoempleo.com\/hrtrends\/wp-json\/wp\/v2\/users\/29"}],"replies":[{"embeddable":true,"href":"https:\/\/empresas.infoempleo.com\/hrtrends\/wp-json\/wp\/v2\/comments?post=20100"}],"version-history":[{"count":0,"href":"https:\/\/empresas.infoempleo.com\/hrtrends\/wp-json\/wp\/v2\/posts\/20100\/revisions"}],"wp:featuredmedia":[{"embeddable":true,"href":"https:\/\/empresas.infoempleo.com\/hrtrends\/wp-json\/wp\/v2\/media\/20113"}],"wp:attachment":[{"href":"https:\/\/empresas.infoempleo.com\/hrtrends\/wp-json\/wp\/v2\/media?parent=20100"}],"wp:term":[{"taxonomy":"category","embeddable":true,"href":"https:\/\/empresas.infoempleo.com\/hrtrends\/wp-json\/wp\/v2\/categories?post=20100"},{"taxonomy":"post_tag","embeddable":true,"href":"https:\/\/empresas.infoempleo.com\/hrtrends\/wp-json\/wp\/v2\/tags?post=20100"}],"curies":[{"name":"wp","href":"https:\/\/api.w.org\/{rel}","templated":true}]}}