{"id":1995,"date":"2009-07-13T08:56:00","date_gmt":"2009-07-13T07:56:00","guid":{"rendered":"http:\/\/blog.infoempleo.com\/?p=1995"},"modified":"2023-03-13T19:29:15","modified_gmt":"2023-03-13T17:29:15","slug":"las-carreras-generalistas-ganan-terreno-en-el-mercado-laboral","status":"publish","type":"post","link":"https:\/\/empresas.infoempleo.com\/hrtrends\/las-carreras-generalistas-ganan-terreno-en-el-mercado-laboral\/","title":{"rendered":"Las carreras generalistas ganan terreno en el mercado laboral"},"content":{"rendered":"<p>Sin prisa pero sin pausa. Si bien la oferta de empleo comienza una leve recuperaci\u00f3n, tambi\u00e9n lo hace la que en su d\u00eda fue la t\u00f3nica en la demanda por titulaciones. Y para muestra el primer bot\u00f3n de la lista de las m\u00e1s buscadas. Nos referimos a las licenciaturas en Administraci\u00f3n y Direcci\u00f3n de Empresas y en Econ\u00f3micas, que en junio aumentaron su peso absoluto hasta alcanzar los valores similares a los que hab\u00edan abandonado en diciembre de 2008 (7,78% y 6%, respectivamente).<\/p>\n<p>Seg\u00fan el <strong>Balance de\u00a0Empleo\u00a0mensual<\/strong> elaborado por <a title=\"Web de Infoempleo.com\" href=\"https:\/\/www.infoempleo.com\/\" target=\"_blank\" rel=\"noopener\">Infoempleo.com<\/a>\u00a0tambi\u00e9n escala puestos una vieja conocida estival, la arquitectura t\u00e9cnica, la m\u00e1s demandada por los empleadores espa\u00f1oles en junio de 2007. Junto a ella, otras titulaciones contin\u00faan su buena marcha hacia los primeros puestos de la clasificaci\u00f3n. Tales son los casos de las carreras de Ingenier\u00eda T\u00e9cnica Agr\u00edcola y Veterinaria, para cuyos profesionales empiezan a peligrar, afortunadamente, sus vacaciones. Pero si hay un dato que apenas tiene precedentes en la historia reciente de los balances mensuales de Infoempleo.com \u00e9se es el de la oferta que no especifica titulaci\u00f3n. A tres de cada diez empresas les es indiferente la especialidad, mientras que el candidato sea licenciado o ingeniero (13,19%), diplomado o ingeniero t\u00e9cnico (9,10%) o que est\u00e9 en posesi\u00f3n de cualquier ingenier\u00eda (a un 6,46%, les da igual mientras sean superiores, y a un 1,85%, t\u00e9cnicos).<\/p>\n<p><strong>Distribuci\u00f3n de la oferta por titulaci\u00f3n<\/strong><\/p>\n<p>Todo lo contrario ocurre en el caso de la <strong>Formaci\u00f3n Profesional<\/strong>, donde sorprende la especificidad en la demanda por familias. Apenas una de cada cien ofertas pide una titulaci\u00f3n que no tenga que ver con el \u2018top ten&#8217; de las m\u00e1s buscadas, una proporci\u00f3n diez veces inferior a la de hace seis meses.<\/p>\n<p>Entre los ciclos que se llevan el gato al agua encontramos a los cl\u00e1sicos de siempre aunque con importantes cambios. Fabricaci\u00f3n Mec\u00e1nica representa casi una tercera parte del total de la oferta para titulados en Formaci\u00f3n Profesional y crece casi doce puntos porcentuales con respecto al mes anterior para devolverle el mismo valor de un muy lejano junio de 2008. La siguen en su ascenso familias como la de Sanidad y Edificaci\u00f3n y Obra Civil en detrimento de las de Administraci\u00f3n, que contin\u00faa con su vaiv\u00e9n de los \u00faltimos term\u00f3metros laborales -donde ha oscilado entre el 10% y el 17% de la oferta- y las titulaciones especializadas en Mantenimiento [de Veh\u00edculos\u00a0 y Servicios a la Producci\u00f3n] y Qu\u00edmica.<\/p>\n","protected":false},"excerpt":{"rendered":"<p>Sin prisa pero sin pausa. Si bien la oferta de empleo comienza una leve recuperaci\u00f3n, tambi\u00e9n lo hace<a class=\"moretag\" href=\"https:\/\/empresas.infoempleo.com\/hrtrends\/las-carreras-generalistas-ganan-terreno-en-el-mercado-laboral\/\"> Leer m\u00e1s<\/a><\/p>\n","protected":false},"author":35,"featured_media":29665,"comment_status":"closed","ping_status":"open","sticky":false,"template":"","format":"standard","meta":{"footnotes":""},"categories":[3],"tags":[330,331,318,332,320,333],"class_list":["post-1995","post","type-post","status-publish","format-standard","has-post-thumbnail","hentry","category-actualidad","tag-balance-mensual","tag-carreras","tag-empleo-cualificado","tag-formacion-profesional","tag-oferta","tag-titulaciones"],"yoast_head":"<!-- This site is optimized with the Yoast SEO plugin v26.1.1 - https:\/\/yoast.com\/wordpress\/plugins\/seo\/ -->\n<title>Las carreras generalistas ganan terreno en el mercado laboral | HRTRENDS<\/title>\n<meta name=\"robots\" content=\"index, follow, max-snippet:-1, max-image-preview:large, max-video-preview:-1\" \/>\n<link rel=\"canonical\" href=\"https:\/\/empresas.infoempleo.com\/hrtrends\/las-carreras-generalistas-ganan-terreno-en-el-mercado-laboral\/\" \/>\n<meta property=\"og:locale\" content=\"es_ES\" \/>\n<meta property=\"og:type\" content=\"article\" \/>\n<meta property=\"og:title\" content=\"Las carreras generalistas ganan terreno en el mercado laboral | HRTRENDS\" \/>\n<meta property=\"og:description\" content=\"Sin prisa pero sin pausa. Si bien la oferta de empleo comienza una leve recuperaci\u00f3n, tambi\u00e9n lo hace Leer m\u00e1s\" \/>\n<meta property=\"og:url\" content=\"https:\/\/empresas.infoempleo.com\/hrtrends\/las-carreras-generalistas-ganan-terreno-en-el-mercado-laboral\/\" \/>\n<meta property=\"og:site_name\" content=\"HRTRENDS\" \/>\n<meta property=\"article:publisher\" content=\"https:\/\/www.facebook.com\/Infoempleo\" \/>\n<meta property=\"article:published_time\" content=\"2009-07-13T07:56:00+00:00\" \/>\n<meta property=\"article:modified_time\" content=\"2023-03-13T17:29:15+00:00\" \/>\n<meta property=\"og:image\" content=\"https:\/\/empresas.infoempleo.com\/hrtrends\/media\/2017\/05\/pexels-photo-205508.jpg\" \/>\n\t<meta property=\"og:image:width\" content=\"1280\" \/>\n\t<meta property=\"og:image:height\" content=\"960\" \/>\n\t<meta property=\"og:image:type\" content=\"image\/jpeg\" \/>\n<meta name=\"author\" content=\"Laura de Cubas\" \/>\n<meta name=\"twitter:card\" content=\"summary_large_image\" \/>\n<meta name=\"twitter:creator\" content=\"@infoempleo\" \/>\n<meta name=\"twitter:site\" content=\"@infoempleo\" \/>\n<meta name=\"twitter:label1\" content=\"Escrito por\" \/>\n\t<meta name=\"twitter:data1\" content=\"Laura de Cubas\" \/>\n\t<meta name=\"twitter:label2\" content=\"Tiempo de lectura\" \/>\n\t<meta name=\"twitter:data2\" content=\"2 minutos\" \/>\n<script type=\"application\/ld+json\" class=\"yoast-schema-graph\">{\"@context\":\"https:\/\/schema.org\",\"@graph\":[{\"@type\":\"NewsArticle\",\"@id\":\"https:\/\/empresas.infoempleo.com\/hrtrends\/las-carreras-generalistas-ganan-terreno-en-el-mercado-laboral\/#article\",\"isPartOf\":{\"@id\":\"https:\/\/empresas.infoempleo.com\/hrtrends\/las-carreras-generalistas-ganan-terreno-en-el-mercado-laboral\/\"},\"author\":{\"name\":\"Laura de Cubas\",\"@id\":\"https:\/\/empresas.infoempleo.com\/hrtrends\/#\/schema\/person\/eee830fc2082cd3b52302e59ea0d2c05\"},\"headline\":\"Las carreras generalistas ganan terreno en el mercado laboral\",\"datePublished\":\"2009-07-13T07:56:00+00:00\",\"dateModified\":\"2023-03-13T17:29:15+00:00\",\"mainEntityOfPage\":{\"@id\":\"https:\/\/empresas.infoempleo.com\/hrtrends\/las-carreras-generalistas-ganan-terreno-en-el-mercado-laboral\/\"},\"wordCount\":447,\"publisher\":{\"@id\":\"https:\/\/empresas.infoempleo.com\/hrtrends\/#organization\"},\"image\":{\"@id\":\"https:\/\/empresas.infoempleo.com\/hrtrends\/las-carreras-generalistas-ganan-terreno-en-el-mercado-laboral\/#primaryimage\"},\"thumbnailUrl\":\"https:\/\/empresas.infoempleo.com\/hrtrends\/media\/2017\/05\/pexels-photo-205508.jpg\",\"keywords\":[\"balance mensual\",\"carreras\",\"empleo cualificado\",\"formaci\u00f3n profesional\",\"oferta\",\"titulaciones\"],\"articleSection\":[\"Actualidad\"],\"inLanguage\":\"es\",\"copyrightYear\":\"2009\",\"copyrightHolder\":{\"@id\":\"https:\/\/empresas.infoempleo.com\/hrtrends\/#organization\"}},{\"@type\":\"WebPage\",\"@id\":\"https:\/\/empresas.infoempleo.com\/hrtrends\/las-carreras-generalistas-ganan-terreno-en-el-mercado-laboral\/\",\"url\":\"https:\/\/empresas.infoempleo.com\/hrtrends\/las-carreras-generalistas-ganan-terreno-en-el-mercado-laboral\/\",\"name\":\"Las carreras generalistas ganan terreno en el mercado laboral | HRTRENDS\",\"isPartOf\":{\"@id\":\"https:\/\/empresas.infoempleo.com\/hrtrends\/#website\"},\"primaryImageOfPage\":{\"@id\":\"https:\/\/empresas.infoempleo.com\/hrtrends\/las-carreras-generalistas-ganan-terreno-en-el-mercado-laboral\/#primaryimage\"},\"image\":{\"@id\":\"https:\/\/empresas.infoempleo.com\/hrtrends\/las-carreras-generalistas-ganan-terreno-en-el-mercado-laboral\/#primaryimage\"},\"thumbnailUrl\":\"https:\/\/empresas.infoempleo.com\/hrtrends\/media\/2017\/05\/pexels-photo-205508.jpg\",\"datePublished\":\"2009-07-13T07:56:00+00:00\",\"dateModified\":\"2023-03-13T17:29:15+00:00\",\"breadcrumb\":{\"@id\":\"https:\/\/empresas.infoempleo.com\/hrtrends\/las-carreras-generalistas-ganan-terreno-en-el-mercado-laboral\/#breadcrumb\"},\"inLanguage\":\"es\",\"potentialAction\":[{\"@type\":\"ReadAction\",\"target\":[\"https:\/\/empresas.infoempleo.com\/hrtrends\/las-carreras-generalistas-ganan-terreno-en-el-mercado-laboral\/\"]}]},{\"@type\":\"ImageObject\",\"inLanguage\":\"es\",\"@id\":\"https:\/\/empresas.infoempleo.com\/hrtrends\/las-carreras-generalistas-ganan-terreno-en-el-mercado-laboral\/#primaryimage\",\"url\":\"https:\/\/empresas.infoempleo.com\/hrtrends\/media\/2017\/05\/pexels-photo-205508-150x150.jpg\",\"contentUrl\":\"https:\/\/empresas.infoempleo.com\/hrtrends\/media\/2017\/05\/pexels-photo-205508-150x150.jpg\",\"width\":150,\"height\":150},{\"@type\":\"BreadcrumbList\",\"@id\":\"https:\/\/empresas.infoempleo.com\/hrtrends\/las-carreras-generalistas-ganan-terreno-en-el-mercado-laboral\/#breadcrumb\",\"itemListElement\":[{\"@type\":\"ListItem\",\"position\":1,\"name\":\"Portada\",\"item\":\"https:\/\/empresas.infoempleo.com\/hrtrends\/\"},{\"@type\":\"ListItem\",\"position\":2,\"name\":\"Las carreras generalistas ganan terreno en el mercado laboral\"}]},{\"@type\":\"WebSite\",\"@id\":\"https:\/\/empresas.infoempleo.com\/hrtrends\/#website\",\"url\":\"https:\/\/empresas.infoempleo.com\/hrtrends\",\"name\":\"HRTrends by Infoempleo\",\"description\":\"\",\"publisher\":{\"@id\":\"https:\/\/empresas.infoempleo.com\/hrtrends\/#organization\"},\"potentialAction\":{\"@type\":\"SearchAction\",\"target\":\"https:\/\/empresas.infoempleo.com\/hrtrends\/?s={search_term_string}\",\"query-input\":\"required name=search_term_string\"},\"inLanguage\":\"es\"},{\"@type\":\"Organization\",\"@id\":\"https:\/\/empresas.infoempleo.com\/hrtrends\/#organization\",\"name\":\"Infoempleo\",\"url\":\"https:\/\/www.infoempleo.com\/\",\"logo\":{\"@type\":\"ImageObject\",\"@id\":\"https:\/\/empresas.infoempleo.com\/hrtrends\/#logo\",\"inLanguage\":\"es\",\"url\":\"https:\/\/cdnazure.infoempleo.com\/infoempleo\/assets\/style\/gfx\/logo.svg\",\"contentUrl\":\"https:\/\/cdnazure.infoempleo.com\/infoempleo\/assets\/style\/gfx\/logo.svg\",\"width\":150,\"height\":40,\"caption\":\"Infoempleo\"},\"image\":{\"@id\":\"https:\/\/empresas.infoempleo.com\/hrtrends\/#logo\"},\"sameAs\":[\"https:\/\/www.facebook.com\/Infoempleo\",\"https:\/\/x.com\/infoempleo\",\"http:\/\/instagram.com\/infoempleo\/\",\"http:\/\/www.linkedin.com\/groups\/Empleo-Espa\u00f1a-Infoempleocom-111276\",\"http:\/\/pinterest.com\/infoempleo\/\"],\"address\":{\"@type\":\"PostalAddress\",\"addressLocality\":\"Madrid\",\"postalCode\":\"28050\",\"streetAddress\":\"Avenida de Burgos 114\"},\"brand\":[\"Infoempleo\"]},{\"@type\":\"Person\",\"@id\":\"https:\/\/empresas.infoempleo.com\/hrtrends\/#\/schema\/person\/eee830fc2082cd3b52302e59ea0d2c05\",\"name\":\"Laura de Cubas\",\"image\":{\"@type\":\"ImageObject\",\"inLanguage\":\"es\",\"@id\":\"https:\/\/empresas.infoempleo.com\/hrtrends\/#\/schema\/person\/image\/\",\"url\":\"https:\/\/secure.gravatar.com\/avatar\/c13d88dcd67943e13f74372e711c3ba2accf296b195ba5dd59566bd5f5df94c8?s=96&d=mm&r=g\",\"contentUrl\":\"https:\/\/secure.gravatar.com\/avatar\/c13d88dcd67943e13f74372e711c3ba2accf296b195ba5dd59566bd5f5df94c8?s=96&d=mm&r=g\",\"caption\":\"Laura de Cubas\"},\"url\":\"https:\/\/empresas.infoempleo.com\/hrtrends\/author\/laura-de-cubas\/\"}]}<\/script>\n<!-- \/ Yoast SEO plugin. -->","yoast_head_json":{"title":"Las carreras generalistas ganan terreno en el mercado laboral | HRTRENDS","robots":{"index":"index","follow":"follow","max-snippet":"max-snippet:-1","max-image-preview":"max-image-preview:large","max-video-preview":"max-video-preview:-1"},"canonical":"https:\/\/empresas.infoempleo.com\/hrtrends\/las-carreras-generalistas-ganan-terreno-en-el-mercado-laboral\/","og_locale":"es_ES","og_type":"article","og_title":"Las carreras generalistas ganan terreno en el mercado laboral | HRTRENDS","og_description":"Sin prisa pero sin pausa. Si bien la oferta de empleo comienza una leve recuperaci\u00f3n, tambi\u00e9n lo hace Leer m\u00e1s","og_url":"https:\/\/empresas.infoempleo.com\/hrtrends\/las-carreras-generalistas-ganan-terreno-en-el-mercado-laboral\/","og_site_name":"HRTRENDS","article_publisher":"https:\/\/www.facebook.com\/Infoempleo","article_published_time":"2009-07-13T07:56:00+00:00","article_modified_time":"2023-03-13T17:29:15+00:00","og_image":[{"width":1280,"height":960,"url":"https:\/\/empresas.infoempleo.com\/hrtrends\/media\/2017\/05\/pexels-photo-205508.jpg","type":"image\/jpeg"}],"author":"Laura de Cubas","twitter_card":"summary_large_image","twitter_creator":"@infoempleo","twitter_site":"@infoempleo","twitter_misc":{"Escrito por":"Laura de Cubas","Tiempo de lectura":"2 minutos"},"schema":{"@context":"https:\/\/schema.org","@graph":[{"@type":"NewsArticle","@id":"https:\/\/empresas.infoempleo.com\/hrtrends\/las-carreras-generalistas-ganan-terreno-en-el-mercado-laboral\/#article","isPartOf":{"@id":"https:\/\/empresas.infoempleo.com\/hrtrends\/las-carreras-generalistas-ganan-terreno-en-el-mercado-laboral\/"},"author":{"name":"Laura de Cubas","@id":"https:\/\/empresas.infoempleo.com\/hrtrends\/#\/schema\/person\/eee830fc2082cd3b52302e59ea0d2c05"},"headline":"Las carreras generalistas ganan terreno en el mercado laboral","datePublished":"2009-07-13T07:56:00+00:00","dateModified":"2023-03-13T17:29:15+00:00","mainEntityOfPage":{"@id":"https:\/\/empresas.infoempleo.com\/hrtrends\/las-carreras-generalistas-ganan-terreno-en-el-mercado-laboral\/"},"wordCount":447,"publisher":{"@id":"https:\/\/empresas.infoempleo.com\/hrtrends\/#organization"},"image":{"@id":"https:\/\/empresas.infoempleo.com\/hrtrends\/las-carreras-generalistas-ganan-terreno-en-el-mercado-laboral\/#primaryimage"},"thumbnailUrl":"https:\/\/empresas.infoempleo.com\/hrtrends\/media\/2017\/05\/pexels-photo-205508.jpg","keywords":["balance mensual","carreras","empleo cualificado","formaci\u00f3n profesional","oferta","titulaciones"],"articleSection":["Actualidad"],"inLanguage":"es","copyrightYear":"2009","copyrightHolder":{"@id":"https:\/\/empresas.infoempleo.com\/hrtrends\/#organization"}},{"@type":"WebPage","@id":"https:\/\/empresas.infoempleo.com\/hrtrends\/las-carreras-generalistas-ganan-terreno-en-el-mercado-laboral\/","url":"https:\/\/empresas.infoempleo.com\/hrtrends\/las-carreras-generalistas-ganan-terreno-en-el-mercado-laboral\/","name":"Las carreras generalistas ganan terreno en el mercado laboral | HRTRENDS","isPartOf":{"@id":"https:\/\/empresas.infoempleo.com\/hrtrends\/#website"},"primaryImageOfPage":{"@id":"https:\/\/empresas.infoempleo.com\/hrtrends\/las-carreras-generalistas-ganan-terreno-en-el-mercado-laboral\/#primaryimage"},"image":{"@id":"https:\/\/empresas.infoempleo.com\/hrtrends\/las-carreras-generalistas-ganan-terreno-en-el-mercado-laboral\/#primaryimage"},"thumbnailUrl":"https:\/\/empresas.infoempleo.com\/hrtrends\/media\/2017\/05\/pexels-photo-205508.jpg","datePublished":"2009-07-13T07:56:00+00:00","dateModified":"2023-03-13T17:29:15+00:00","breadcrumb":{"@id":"https:\/\/empresas.infoempleo.com\/hrtrends\/las-carreras-generalistas-ganan-terreno-en-el-mercado-laboral\/#breadcrumb"},"inLanguage":"es","potentialAction":[{"@type":"ReadAction","target":["https:\/\/empresas.infoempleo.com\/hrtrends\/las-carreras-generalistas-ganan-terreno-en-el-mercado-laboral\/"]}]},{"@type":"ImageObject","inLanguage":"es","@id":"https:\/\/empresas.infoempleo.com\/hrtrends\/las-carreras-generalistas-ganan-terreno-en-el-mercado-laboral\/#primaryimage","url":"https:\/\/empresas.infoempleo.com\/hrtrends\/media\/2017\/05\/pexels-photo-205508-150x150.jpg","contentUrl":"https:\/\/empresas.infoempleo.com\/hrtrends\/media\/2017\/05\/pexels-photo-205508-150x150.jpg","width":150,"height":150},{"@type":"BreadcrumbList","@id":"https:\/\/empresas.infoempleo.com\/hrtrends\/las-carreras-generalistas-ganan-terreno-en-el-mercado-laboral\/#breadcrumb","itemListElement":[{"@type":"ListItem","position":1,"name":"Portada","item":"https:\/\/empresas.infoempleo.com\/hrtrends\/"},{"@type":"ListItem","position":2,"name":"Las carreras generalistas ganan terreno en el mercado laboral"}]},{"@type":"WebSite","@id":"https:\/\/empresas.infoempleo.com\/hrtrends\/#website","url":"https:\/\/empresas.infoempleo.com\/hrtrends","name":"HRTrends by Infoempleo","description":"","publisher":{"@id":"https:\/\/empresas.infoempleo.com\/hrtrends\/#organization"},"potentialAction":{"@type":"SearchAction","target":"https:\/\/empresas.infoempleo.com\/hrtrends\/?s={search_term_string}","query-input":"required name=search_term_string"},"inLanguage":"es"},{"@type":"Organization","@id":"https:\/\/empresas.infoempleo.com\/hrtrends\/#organization","name":"Infoempleo","url":"https:\/\/www.infoempleo.com\/","logo":{"@type":"ImageObject","@id":"https:\/\/empresas.infoempleo.com\/hrtrends\/#logo","inLanguage":"es","url":"https:\/\/cdnazure.infoempleo.com\/infoempleo\/assets\/style\/gfx\/logo.svg","contentUrl":"https:\/\/cdnazure.infoempleo.com\/infoempleo\/assets\/style\/gfx\/logo.svg","width":150,"height":40,"caption":"Infoempleo"},"image":{"@id":"https:\/\/empresas.infoempleo.com\/hrtrends\/#logo"},"sameAs":["https:\/\/www.facebook.com\/Infoempleo","https:\/\/x.com\/infoempleo","http:\/\/instagram.com\/infoempleo\/","http:\/\/www.linkedin.com\/groups\/Empleo-Espa\u00f1a-Infoempleocom-111276","http:\/\/pinterest.com\/infoempleo\/"],"address":{"@type":"PostalAddress","addressLocality":"Madrid","postalCode":"28050","streetAddress":"Avenida de Burgos 114"},"brand":["Infoempleo"]},{"@type":"Person","@id":"https:\/\/empresas.infoempleo.com\/hrtrends\/#\/schema\/person\/eee830fc2082cd3b52302e59ea0d2c05","name":"Laura de Cubas","image":{"@type":"ImageObject","inLanguage":"es","@id":"https:\/\/empresas.infoempleo.com\/hrtrends\/#\/schema\/person\/image\/","url":"https:\/\/secure.gravatar.com\/avatar\/c13d88dcd67943e13f74372e711c3ba2accf296b195ba5dd59566bd5f5df94c8?s=96&d=mm&r=g","contentUrl":"https:\/\/secure.gravatar.com\/avatar\/c13d88dcd67943e13f74372e711c3ba2accf296b195ba5dd59566bd5f5df94c8?s=96&d=mm&r=g","caption":"Laura de Cubas"},"url":"https:\/\/empresas.infoempleo.com\/hrtrends\/author\/laura-de-cubas\/"}]}},"amp_enabled":true,"_links":{"self":[{"href":"https:\/\/empresas.infoempleo.com\/hrtrends\/wp-json\/wp\/v2\/posts\/1995","targetHints":{"allow":["GET"]}}],"collection":[{"href":"https:\/\/empresas.infoempleo.com\/hrtrends\/wp-json\/wp\/v2\/posts"}],"about":[{"href":"https:\/\/empresas.infoempleo.com\/hrtrends\/wp-json\/wp\/v2\/types\/post"}],"author":[{"embeddable":true,"href":"https:\/\/empresas.infoempleo.com\/hrtrends\/wp-json\/wp\/v2\/users\/35"}],"replies":[{"embeddable":true,"href":"https:\/\/empresas.infoempleo.com\/hrtrends\/wp-json\/wp\/v2\/comments?post=1995"}],"version-history":[{"count":1,"href":"https:\/\/empresas.infoempleo.com\/hrtrends\/wp-json\/wp\/v2\/posts\/1995\/revisions"}],"predecessor-version":[{"id":43200,"href":"https:\/\/empresas.infoempleo.com\/hrtrends\/wp-json\/wp\/v2\/posts\/1995\/revisions\/43200"}],"wp:featuredmedia":[{"embeddable":true,"href":"https:\/\/empresas.infoempleo.com\/hrtrends\/wp-json\/wp\/v2\/media\/29665"}],"wp:attachment":[{"href":"https:\/\/empresas.infoempleo.com\/hrtrends\/wp-json\/wp\/v2\/media?parent=1995"}],"wp:term":[{"taxonomy":"category","embeddable":true,"href":"https:\/\/empresas.infoempleo.com\/hrtrends\/wp-json\/wp\/v2\/categories?post=1995"},{"taxonomy":"post_tag","embeddable":true,"href":"https:\/\/empresas.infoempleo.com\/hrtrends\/wp-json\/wp\/v2\/tags?post=1995"}],"curies":[{"name":"wp","href":"https:\/\/api.w.org\/{rel}","templated":true}]}}