{"id":1980,"date":"2009-07-13T07:51:48","date_gmt":"2009-07-13T06:51:48","guid":{"rendered":"http:\/\/blog.infoempleo.com\/?p=1980"},"modified":"2023-03-13T19:29:14","modified_gmt":"2023-03-13T17:29:14","slug":"el-dinero-habla-pero-la-pasion-canta","status":"publish","type":"post","link":"https:\/\/empresas.infoempleo.com\/hrtrends\/el-dinero-habla-pero-la-pasion-canta\/","title":{"rendered":"El dinero habla, pero la pasi\u00f3n canta"},"content":{"rendered":"<p><strong>Por Guillermo Ruiz Pita, socio de <a class=\"wp-caption-dd\" title=\"Egon Zehnder\" href=\"https:\/\/www.egonzehnder.com\/\" target=\"_blank\" rel=\"noopener noreferrer\">Egon Zehnder <\/a>International<\/strong><\/p>\n<p>La compensaci\u00f3n de los altos ejecutivos est\u00e1 actualmente bajo un fuego de cuestionamiento. <strong>Existe una reacci\u00f3n en cadena tendente a limitar estos salarios<\/strong> y a reducir, si no a quitar, los paraca\u00eddas y las cl\u00e1usulas de protecci\u00f3n. Son muy comprensibles estas reacciones pero no constituyen la respuesta m\u00e1s inteligente. La muy severa crisis global significa que, ahora m\u00e1s que nunca, las compa\u00f1\u00edas necesitan reclutar profesionales de alto calibre que les ayuden a gestionar los tiempos turbulentos, y para ello, es necesario ofrecerles recompensas atractivas. Por lo tanto, lo que importa es la habilidad para reconocer lo que realmente empuja al ser humano y en qu\u00e9 par\u00e1metros hay una genuina correlaci\u00f3n entre la compensaci\u00f3n y la contribuci\u00f3n duradera.<\/p>\n<p>Existe un alto nivel de desconocimiento sobre las investigaciones que abordan lo que importa en el comportamiento del ser humano (motivaci\u00f3n intr\u00ednseca y extr\u00ednseca), en la relaci\u00f3n entre compensaci\u00f3n y contribuci\u00f3n. En este sentido, es importante encontrar los nexos de uni\u00f3n entre ambas y las bases de su motivaci\u00f3n. <strong>La mayor fuente de motivaci\u00f3n es la intr\u00ednseca, aunque incentivos extr\u00ednsecos pueden ayudar siempre y cuando est\u00e9n alineados con aquellos<\/strong>. Cuando hablamos de compensaci\u00f3n, el dinero habla pero la pasi\u00f3n canta.<\/p>\n<p>Recientes investigaciones de la neuro-ciencia han demostrado que en nuestro cerebro existe un centro de altruismo que est\u00e1 bastante separado del centro donde se encuentran los incentivos financieros. \u00c9stos disparan la parte m\u00e1s primitiva del cerebro, tradicionalmente asociada con la parte salvaje. Los cient\u00edficos llaman a esta parte el centro del placer, porque est\u00e1 relacionada con el \u00absubid\u00f3n\u00bb que resulta de las drogas, el sexo, o el juego. Curiosamente, la investigaci\u00f3n muestra que ambos centros no pueden funcionar al mismo tiempo. Es m\u00e1s, cuando el centro del placer y el del altruismo se encuentran, aqu\u00e9l parece tener la habilidad de esconder y superponerse a \u00e9ste. En otras palabras, hay una raz\u00f3n neurofisiol\u00f3gica por la que <strong>exagerados incentivos financieros pueden invalidar nuestras motivaciones altruistas<\/strong>. Por ello, las compa\u00f1\u00edas tienen que estar seguras de que los salarios no son exagerados y, en cualquier caso, est\u00e1n alineados con la creaci\u00f3n de una contribuci\u00f3n sostenible.<\/p>\n<p>Se trata de dise\u00f1ar un sistema de compensaci\u00f3n equitativo y que tenga en cuenta diferentes principios: que se piense en el largo plazo (una de las razones por las que las compa\u00f1\u00edas privadas pueden hacerlo mejor que las cotizadas); que asegure el compromiso (evitar abusivos paraca\u00eddas); que no se olvide del corto plazo (relacionando incentivos con indicadores de negocio) y que fomente la colaboraci\u00f3n (incentivos de equipo). <strong>Una vez m\u00e1s, la pasi\u00f3n canta.<\/strong><\/p>\n","protected":false},"excerpt":{"rendered":"<p>Por Guillermo Ruiz Pita, socio de Egon Zehnder International La compensaci\u00f3n de los altos ejecutivos est\u00e1 actualmente bajo<a class=\"moretag\" href=\"https:\/\/empresas.infoempleo.com\/hrtrends\/el-dinero-habla-pero-la-pasion-canta\/\"> Leer m\u00e1s<\/a><\/p>\n","protected":false},"author":72,"featured_media":29807,"comment_status":"closed","ping_status":"open","sticky":false,"template":"","format":"standard","meta":{"footnotes":""},"categories":[2984],"tags":[59,2997,2998,2987,223,741],"class_list":["post-1980","post","type-post","status-publish","format-standard","has-post-thumbnail","hentry","category-headhunters","tag-directivos","tag-egon-zehnder","tag-guillermo-ruiz-pita","tag-headhunter","tag-salarios","tag-sueldos"],"yoast_head":"<!-- This site is optimized with the Yoast SEO plugin v26.1.1 - https:\/\/yoast.com\/wordpress\/plugins\/seo\/ -->\n<title>El dinero habla, pero la pasi\u00f3n canta | HRTRENDS<\/title>\n<meta name=\"robots\" content=\"index, follow, max-snippet:-1, max-image-preview:large, max-video-preview:-1\" \/>\n<link rel=\"canonical\" href=\"https:\/\/empresas.infoempleo.com\/hrtrends\/el-dinero-habla-pero-la-pasion-canta\/\" \/>\n<meta property=\"og:locale\" content=\"es_ES\" \/>\n<meta property=\"og:type\" content=\"article\" \/>\n<meta property=\"og:title\" content=\"El dinero habla, pero la pasi\u00f3n canta | HRTRENDS\" \/>\n<meta property=\"og:description\" content=\"Por Guillermo Ruiz Pita, socio de Egon Zehnder International La compensaci\u00f3n de los altos ejecutivos est\u00e1 actualmente bajo Leer m\u00e1s\" \/>\n<meta property=\"og:url\" content=\"https:\/\/empresas.infoempleo.com\/hrtrends\/el-dinero-habla-pero-la-pasion-canta\/\" \/>\n<meta property=\"og:site_name\" content=\"HRTRENDS\" \/>\n<meta property=\"article:publisher\" content=\"https:\/\/www.facebook.com\/Infoempleo\" \/>\n<meta property=\"article:published_time\" content=\"2009-07-13T06:51:48+00:00\" \/>\n<meta property=\"article:modified_time\" content=\"2023-03-13T17:29:14+00:00\" \/>\n<meta property=\"og:image\" content=\"https:\/\/empresas.infoempleo.com\/hrtrends\/media\/2009\/07\/mobile-phone-iphone-music-38295.jpeg\" \/>\n\t<meta property=\"og:image:width\" content=\"940\" \/>\n\t<meta property=\"og:image:height\" content=\"624\" \/>\n\t<meta property=\"og:image:type\" content=\"image\/jpeg\" \/>\n<meta name=\"author\" content=\"infoempleo\" \/>\n<meta name=\"twitter:card\" content=\"summary_large_image\" \/>\n<meta name=\"twitter:creator\" content=\"@infoempleo\" \/>\n<meta name=\"twitter:site\" content=\"@infoempleo\" \/>\n<meta name=\"twitter:label1\" content=\"Escrito por\" \/>\n\t<meta name=\"twitter:data1\" content=\"infoempleo\" \/>\n\t<meta name=\"twitter:label2\" content=\"Tiempo de lectura\" \/>\n\t<meta name=\"twitter:data2\" content=\"2 minutos\" \/>\n<script type=\"application\/ld+json\" class=\"yoast-schema-graph\">{\"@context\":\"https:\/\/schema.org\",\"@graph\":[{\"@type\":\"NewsArticle\",\"@id\":\"https:\/\/empresas.infoempleo.com\/hrtrends\/el-dinero-habla-pero-la-pasion-canta\/#article\",\"isPartOf\":{\"@id\":\"https:\/\/empresas.infoempleo.com\/hrtrends\/el-dinero-habla-pero-la-pasion-canta\/\"},\"author\":{\"name\":\"infoempleo\",\"@id\":\"https:\/\/empresas.infoempleo.com\/hrtrends\/#\/schema\/person\/67d3e276ffcc8b3ae0ebec816daf775a\"},\"headline\":\"El dinero habla, pero la pasi\u00f3n canta\",\"datePublished\":\"2009-07-13T06:51:48+00:00\",\"dateModified\":\"2023-03-13T17:29:14+00:00\",\"mainEntityOfPage\":{\"@id\":\"https:\/\/empresas.infoempleo.com\/hrtrends\/el-dinero-habla-pero-la-pasion-canta\/\"},\"wordCount\":483,\"publisher\":{\"@id\":\"https:\/\/empresas.infoempleo.com\/hrtrends\/#organization\"},\"image\":{\"@id\":\"https:\/\/empresas.infoempleo.com\/hrtrends\/el-dinero-habla-pero-la-pasion-canta\/#primaryimage\"},\"thumbnailUrl\":\"https:\/\/empresas.infoempleo.com\/hrtrends\/media\/2009\/07\/mobile-phone-iphone-music-38295.jpeg\",\"keywords\":[\"directivos\",\"Egon Zehnder\",\"Guillermo Ruiz Pita\",\"headhunter\",\"salarios\",\"sueldos\"],\"articleSection\":[\"Headhunters\"],\"inLanguage\":\"es\",\"copyrightYear\":\"2009\",\"copyrightHolder\":{\"@id\":\"https:\/\/empresas.infoempleo.com\/hrtrends\/#organization\"}},{\"@type\":\"WebPage\",\"@id\":\"https:\/\/empresas.infoempleo.com\/hrtrends\/el-dinero-habla-pero-la-pasion-canta\/\",\"url\":\"https:\/\/empresas.infoempleo.com\/hrtrends\/el-dinero-habla-pero-la-pasion-canta\/\",\"name\":\"El dinero habla, pero la pasi\u00f3n canta | HRTRENDS\",\"isPartOf\":{\"@id\":\"https:\/\/empresas.infoempleo.com\/hrtrends\/#website\"},\"primaryImageOfPage\":{\"@id\":\"https:\/\/empresas.infoempleo.com\/hrtrends\/el-dinero-habla-pero-la-pasion-canta\/#primaryimage\"},\"image\":{\"@id\":\"https:\/\/empresas.infoempleo.com\/hrtrends\/el-dinero-habla-pero-la-pasion-canta\/#primaryimage\"},\"thumbnailUrl\":\"https:\/\/empresas.infoempleo.com\/hrtrends\/media\/2009\/07\/mobile-phone-iphone-music-38295.jpeg\",\"datePublished\":\"2009-07-13T06:51:48+00:00\",\"dateModified\":\"2023-03-13T17:29:14+00:00\",\"breadcrumb\":{\"@id\":\"https:\/\/empresas.infoempleo.com\/hrtrends\/el-dinero-habla-pero-la-pasion-canta\/#breadcrumb\"},\"inLanguage\":\"es\",\"potentialAction\":[{\"@type\":\"ReadAction\",\"target\":[\"https:\/\/empresas.infoempleo.com\/hrtrends\/el-dinero-habla-pero-la-pasion-canta\/\"]}]},{\"@type\":\"ImageObject\",\"inLanguage\":\"es\",\"@id\":\"https:\/\/empresas.infoempleo.com\/hrtrends\/el-dinero-habla-pero-la-pasion-canta\/#primaryimage\",\"url\":\"https:\/\/empresas.infoempleo.com\/hrtrends\/media\/2009\/07\/mobile-phone-iphone-music-38295-150x150.jpeg\",\"contentUrl\":\"https:\/\/empresas.infoempleo.com\/hrtrends\/media\/2009\/07\/mobile-phone-iphone-music-38295-150x150.jpeg\",\"width\":150,\"height\":150,\"caption\":\"Diferencias entre dinero y pasi\u00f3n\"},{\"@type\":\"BreadcrumbList\",\"@id\":\"https:\/\/empresas.infoempleo.com\/hrtrends\/el-dinero-habla-pero-la-pasion-canta\/#breadcrumb\",\"itemListElement\":[{\"@type\":\"ListItem\",\"position\":1,\"name\":\"Portada\",\"item\":\"https:\/\/empresas.infoempleo.com\/hrtrends\/\"},{\"@type\":\"ListItem\",\"position\":2,\"name\":\"El dinero habla, pero la pasi\u00f3n canta\"}]},{\"@type\":\"WebSite\",\"@id\":\"https:\/\/empresas.infoempleo.com\/hrtrends\/#website\",\"url\":\"https:\/\/empresas.infoempleo.com\/hrtrends\",\"name\":\"HRTrends by Infoempleo\",\"description\":\"\",\"publisher\":{\"@id\":\"https:\/\/empresas.infoempleo.com\/hrtrends\/#organization\"},\"potentialAction\":{\"@type\":\"SearchAction\",\"target\":\"https:\/\/empresas.infoempleo.com\/hrtrends\/?s={search_term_string}\",\"query-input\":\"required name=search_term_string\"},\"inLanguage\":\"es\"},{\"@type\":\"Organization\",\"@id\":\"https:\/\/empresas.infoempleo.com\/hrtrends\/#organization\",\"name\":\"Infoempleo\",\"url\":\"https:\/\/www.infoempleo.com\/\",\"logo\":{\"@type\":\"ImageObject\",\"@id\":\"https:\/\/empresas.infoempleo.com\/hrtrends\/#logo\",\"inLanguage\":\"es\",\"url\":\"https:\/\/cdnazure.infoempleo.com\/infoempleo\/assets\/style\/gfx\/logo.svg\",\"contentUrl\":\"https:\/\/cdnazure.infoempleo.com\/infoempleo\/assets\/style\/gfx\/logo.svg\",\"width\":150,\"height\":40,\"caption\":\"Infoempleo\"},\"image\":{\"@id\":\"https:\/\/empresas.infoempleo.com\/hrtrends\/#logo\"},\"sameAs\":[\"https:\/\/www.facebook.com\/Infoempleo\",\"https:\/\/x.com\/infoempleo\",\"http:\/\/instagram.com\/infoempleo\/\",\"http:\/\/www.linkedin.com\/groups\/Empleo-Espa\u00f1a-Infoempleocom-111276\",\"http:\/\/pinterest.com\/infoempleo\/\"],\"address\":{\"@type\":\"PostalAddress\",\"addressLocality\":\"Madrid\",\"postalCode\":\"28050\",\"streetAddress\":\"Avenida de Burgos 114\"},\"brand\":[\"Infoempleo\"]},{\"@type\":\"Person\",\"@id\":\"https:\/\/empresas.infoempleo.com\/hrtrends\/#\/schema\/person\/67d3e276ffcc8b3ae0ebec816daf775a\",\"name\":\"infoempleo\",\"image\":{\"@type\":\"ImageObject\",\"inLanguage\":\"es\",\"@id\":\"https:\/\/empresas.infoempleo.com\/hrtrends\/#\/schema\/person\/image\/\",\"url\":\"https:\/\/secure.gravatar.com\/avatar\/7b437777242fe67d2473c2a818da2344692d1ee91e91080ccffbd97bcd4a0975?s=96&d=mm&r=g\",\"contentUrl\":\"https:\/\/secure.gravatar.com\/avatar\/7b437777242fe67d2473c2a818da2344692d1ee91e91080ccffbd97bcd4a0975?s=96&d=mm&r=g\",\"caption\":\"infoempleo\"},\"url\":\"https:\/\/empresas.infoempleo.com\/hrtrends\/author\/infoempleo\/\"}]}<\/script>\n<!-- \/ Yoast SEO plugin. -->","yoast_head_json":{"title":"El dinero habla, pero la pasi\u00f3n canta | HRTRENDS","robots":{"index":"index","follow":"follow","max-snippet":"max-snippet:-1","max-image-preview":"max-image-preview:large","max-video-preview":"max-video-preview:-1"},"canonical":"https:\/\/empresas.infoempleo.com\/hrtrends\/el-dinero-habla-pero-la-pasion-canta\/","og_locale":"es_ES","og_type":"article","og_title":"El dinero habla, pero la pasi\u00f3n canta | HRTRENDS","og_description":"Por Guillermo Ruiz Pita, socio de Egon Zehnder International La compensaci\u00f3n de los altos ejecutivos est\u00e1 actualmente bajo Leer m\u00e1s","og_url":"https:\/\/empresas.infoempleo.com\/hrtrends\/el-dinero-habla-pero-la-pasion-canta\/","og_site_name":"HRTRENDS","article_publisher":"https:\/\/www.facebook.com\/Infoempleo","article_published_time":"2009-07-13T06:51:48+00:00","article_modified_time":"2023-03-13T17:29:14+00:00","og_image":[{"width":940,"height":624,"url":"https:\/\/empresas.infoempleo.com\/hrtrends\/media\/2009\/07\/mobile-phone-iphone-music-38295.jpeg","type":"image\/jpeg"}],"author":"infoempleo","twitter_card":"summary_large_image","twitter_creator":"@infoempleo","twitter_site":"@infoempleo","twitter_misc":{"Escrito por":"infoempleo","Tiempo de lectura":"2 minutos"},"schema":{"@context":"https:\/\/schema.org","@graph":[{"@type":"NewsArticle","@id":"https:\/\/empresas.infoempleo.com\/hrtrends\/el-dinero-habla-pero-la-pasion-canta\/#article","isPartOf":{"@id":"https:\/\/empresas.infoempleo.com\/hrtrends\/el-dinero-habla-pero-la-pasion-canta\/"},"author":{"name":"infoempleo","@id":"https:\/\/empresas.infoempleo.com\/hrtrends\/#\/schema\/person\/67d3e276ffcc8b3ae0ebec816daf775a"},"headline":"El dinero habla, pero la pasi\u00f3n canta","datePublished":"2009-07-13T06:51:48+00:00","dateModified":"2023-03-13T17:29:14+00:00","mainEntityOfPage":{"@id":"https:\/\/empresas.infoempleo.com\/hrtrends\/el-dinero-habla-pero-la-pasion-canta\/"},"wordCount":483,"publisher":{"@id":"https:\/\/empresas.infoempleo.com\/hrtrends\/#organization"},"image":{"@id":"https:\/\/empresas.infoempleo.com\/hrtrends\/el-dinero-habla-pero-la-pasion-canta\/#primaryimage"},"thumbnailUrl":"https:\/\/empresas.infoempleo.com\/hrtrends\/media\/2009\/07\/mobile-phone-iphone-music-38295.jpeg","keywords":["directivos","Egon Zehnder","Guillermo Ruiz Pita","headhunter","salarios","sueldos"],"articleSection":["Headhunters"],"inLanguage":"es","copyrightYear":"2009","copyrightHolder":{"@id":"https:\/\/empresas.infoempleo.com\/hrtrends\/#organization"}},{"@type":"WebPage","@id":"https:\/\/empresas.infoempleo.com\/hrtrends\/el-dinero-habla-pero-la-pasion-canta\/","url":"https:\/\/empresas.infoempleo.com\/hrtrends\/el-dinero-habla-pero-la-pasion-canta\/","name":"El dinero habla, pero la pasi\u00f3n canta | HRTRENDS","isPartOf":{"@id":"https:\/\/empresas.infoempleo.com\/hrtrends\/#website"},"primaryImageOfPage":{"@id":"https:\/\/empresas.infoempleo.com\/hrtrends\/el-dinero-habla-pero-la-pasion-canta\/#primaryimage"},"image":{"@id":"https:\/\/empresas.infoempleo.com\/hrtrends\/el-dinero-habla-pero-la-pasion-canta\/#primaryimage"},"thumbnailUrl":"https:\/\/empresas.infoempleo.com\/hrtrends\/media\/2009\/07\/mobile-phone-iphone-music-38295.jpeg","datePublished":"2009-07-13T06:51:48+00:00","dateModified":"2023-03-13T17:29:14+00:00","breadcrumb":{"@id":"https:\/\/empresas.infoempleo.com\/hrtrends\/el-dinero-habla-pero-la-pasion-canta\/#breadcrumb"},"inLanguage":"es","potentialAction":[{"@type":"ReadAction","target":["https:\/\/empresas.infoempleo.com\/hrtrends\/el-dinero-habla-pero-la-pasion-canta\/"]}]},{"@type":"ImageObject","inLanguage":"es","@id":"https:\/\/empresas.infoempleo.com\/hrtrends\/el-dinero-habla-pero-la-pasion-canta\/#primaryimage","url":"https:\/\/empresas.infoempleo.com\/hrtrends\/media\/2009\/07\/mobile-phone-iphone-music-38295-150x150.jpeg","contentUrl":"https:\/\/empresas.infoempleo.com\/hrtrends\/media\/2009\/07\/mobile-phone-iphone-music-38295-150x150.jpeg","width":150,"height":150,"caption":"Diferencias entre dinero y pasi\u00f3n"},{"@type":"BreadcrumbList","@id":"https:\/\/empresas.infoempleo.com\/hrtrends\/el-dinero-habla-pero-la-pasion-canta\/#breadcrumb","itemListElement":[{"@type":"ListItem","position":1,"name":"Portada","item":"https:\/\/empresas.infoempleo.com\/hrtrends\/"},{"@type":"ListItem","position":2,"name":"El dinero habla, pero la pasi\u00f3n canta"}]},{"@type":"WebSite","@id":"https:\/\/empresas.infoempleo.com\/hrtrends\/#website","url":"https:\/\/empresas.infoempleo.com\/hrtrends","name":"HRTrends by Infoempleo","description":"","publisher":{"@id":"https:\/\/empresas.infoempleo.com\/hrtrends\/#organization"},"potentialAction":{"@type":"SearchAction","target":"https:\/\/empresas.infoempleo.com\/hrtrends\/?s={search_term_string}","query-input":"required name=search_term_string"},"inLanguage":"es"},{"@type":"Organization","@id":"https:\/\/empresas.infoempleo.com\/hrtrends\/#organization","name":"Infoempleo","url":"https:\/\/www.infoempleo.com\/","logo":{"@type":"ImageObject","@id":"https:\/\/empresas.infoempleo.com\/hrtrends\/#logo","inLanguage":"es","url":"https:\/\/cdnazure.infoempleo.com\/infoempleo\/assets\/style\/gfx\/logo.svg","contentUrl":"https:\/\/cdnazure.infoempleo.com\/infoempleo\/assets\/style\/gfx\/logo.svg","width":150,"height":40,"caption":"Infoempleo"},"image":{"@id":"https:\/\/empresas.infoempleo.com\/hrtrends\/#logo"},"sameAs":["https:\/\/www.facebook.com\/Infoempleo","https:\/\/x.com\/infoempleo","http:\/\/instagram.com\/infoempleo\/","http:\/\/www.linkedin.com\/groups\/Empleo-Espa\u00f1a-Infoempleocom-111276","http:\/\/pinterest.com\/infoempleo\/"],"address":{"@type":"PostalAddress","addressLocality":"Madrid","postalCode":"28050","streetAddress":"Avenida de Burgos 114"},"brand":["Infoempleo"]},{"@type":"Person","@id":"https:\/\/empresas.infoempleo.com\/hrtrends\/#\/schema\/person\/67d3e276ffcc8b3ae0ebec816daf775a","name":"infoempleo","image":{"@type":"ImageObject","inLanguage":"es","@id":"https:\/\/empresas.infoempleo.com\/hrtrends\/#\/schema\/person\/image\/","url":"https:\/\/secure.gravatar.com\/avatar\/7b437777242fe67d2473c2a818da2344692d1ee91e91080ccffbd97bcd4a0975?s=96&d=mm&r=g","contentUrl":"https:\/\/secure.gravatar.com\/avatar\/7b437777242fe67d2473c2a818da2344692d1ee91e91080ccffbd97bcd4a0975?s=96&d=mm&r=g","caption":"infoempleo"},"url":"https:\/\/empresas.infoempleo.com\/hrtrends\/author\/infoempleo\/"}]}},"amp_enabled":true,"_links":{"self":[{"href":"https:\/\/empresas.infoempleo.com\/hrtrends\/wp-json\/wp\/v2\/posts\/1980","targetHints":{"allow":["GET"]}}],"collection":[{"href":"https:\/\/empresas.infoempleo.com\/hrtrends\/wp-json\/wp\/v2\/posts"}],"about":[{"href":"https:\/\/empresas.infoempleo.com\/hrtrends\/wp-json\/wp\/v2\/types\/post"}],"author":[{"embeddable":true,"href":"https:\/\/empresas.infoempleo.com\/hrtrends\/wp-json\/wp\/v2\/users\/72"}],"replies":[{"embeddable":true,"href":"https:\/\/empresas.infoempleo.com\/hrtrends\/wp-json\/wp\/v2\/comments?post=1980"}],"version-history":[{"count":1,"href":"https:\/\/empresas.infoempleo.com\/hrtrends\/wp-json\/wp\/v2\/posts\/1980\/revisions"}],"predecessor-version":[{"id":43197,"href":"https:\/\/empresas.infoempleo.com\/hrtrends\/wp-json\/wp\/v2\/posts\/1980\/revisions\/43197"}],"wp:featuredmedia":[{"embeddable":true,"href":"https:\/\/empresas.infoempleo.com\/hrtrends\/wp-json\/wp\/v2\/media\/29807"}],"wp:attachment":[{"href":"https:\/\/empresas.infoempleo.com\/hrtrends\/wp-json\/wp\/v2\/media?parent=1980"}],"wp:term":[{"taxonomy":"category","embeddable":true,"href":"https:\/\/empresas.infoempleo.com\/hrtrends\/wp-json\/wp\/v2\/categories?post=1980"},{"taxonomy":"post_tag","embeddable":true,"href":"https:\/\/empresas.infoempleo.com\/hrtrends\/wp-json\/wp\/v2\/tags?post=1980"}],"curies":[{"name":"wp","href":"https:\/\/api.w.org\/{rel}","templated":true}]}}