{"id":19653,"date":"2014-10-23T08:00:16","date_gmt":"2014-10-23T07:00:16","guid":{"rendered":"http:\/\/blog.infoempleo.com\/?p=19653"},"modified":"2022-10-31T10:31:04","modified_gmt":"2022-10-31T08:31:04","slug":"50-lanzaderas-de-empleo-para-la-insercion-laboral-de-1000-jovenes","status":"publish","type":"post","link":"https:\/\/empresas.infoempleo.com\/hrtrends\/50-lanzaderas-de-empleo-para-la-insercion-laboral-de-1000-jovenes\/","title":{"rendered":"50 lanzaderas de empleo para la inserci\u00f3n laboral de 1.000 j\u00f3venes"},"content":{"rendered":"<p>Jos\u00e9 Mar\u00eda P\u00e9rez \u201cPeridis\u201d impuls\u00f3 el programa\u00a0\u201c<a title=\"Lanzaderas de empleo\" href=\"https:\/\/www.lanzaderasdeempleo.es\/\" target=\"_blank\" rel=\"noopener\"><strong>Lanzaderas de Empleo y Emprendimiento Solidario<\/strong><\/a>\u201dcreyendo en el poder del trabajo colaborativo. Este pensamiento\u00a0ha marcado el inicio de una\u00a0iniciativa que nace como alternativa y soluci\u00f3n al momento actual de crisis econ\u00f3mica global y elevadas tasas de paro.<\/p>\n<p>El apoyo de las\u00a0fundaciones Telef\u00f3nica y Santa Mar\u00eda la Real, junto con el Ministerio de Empleo y Seguridad Social han hecho posible la puesta en marcha <strong>50 lanzaderas de empleo<\/strong>\u00a0con el objetivo de fomentar la inserci\u00f3n laboral de 1.000 j\u00f3venes menores de 35 a\u00f1os en Espa\u00f1a.<\/p>\n<p>Este programa\u00a0se pondr\u00e1 en marcha en 25 ciudades de once comunidades aut\u00f3nomas: Andaluc\u00eda, Arag\u00f3n, Baleares, Castilla La Mancha, Castilla y Le\u00f3n, Catalu\u00f1a, Madrid, Extremadura, Galicia, Murcia y Valencia.<\/p>\n<p>Cada ciudad albergar\u00e1 dos lanzaderas, que no ser\u00e1n simult\u00e1neas, sino que se suceder\u00e1n en el tiempo, con una duraci\u00f3n de cinco meses. De esta forma, al t\u00e9rmino de la primera, arrancar\u00e1 la segunda con un nuevo equipo de participantes.<\/p>\n<p>Todas las lanzaderas estar\u00e1n integradas por un equipo de 20 j\u00f3venes desempleados menores de 35 a\u00f1os que persiguen un fin com\u00fan: <a title=\"buscar empleo\" href=\"https:\/\/www.infoempleo.com\/?utm_source=BlogInfoempleo&amp;utm_medium=Link&amp;utm_campaign=Pestana_blog\"><strong>encontrar empleo<\/strong><\/a>, ya sea por cuenta propia o ajena. Estos \u00a0grupos estar\u00e1n orientados por un coordinador o <em>coach<\/em>, que les ayudar\u00e1 a constituirse como un grupo cohesionado y a trabajar en equipo, a <strong>reforzar sus competencias y habilidades<\/strong> en su <a title=\"primer empleo\" href=\"https:\/\/www.infoempleo.com\/primer-empleo\/\"><strong>b\u00fasqueda activa de empleo<\/strong><\/a> para lograr acceder al mercado laboral, generar conocimiento colectivo y colaboraci\u00f3n.<\/p>\n<p>Los equipos se reunir\u00e1n tres d\u00edas a la semana y participar\u00e1n en sesiones de <em>coaching<\/em>, trabajar\u00e1n la <strong>inteligencia emocional<\/strong>, la <strong>comunicaci\u00f3n y la creatividad<\/strong>; conocer\u00e1n nuevas <strong>t\u00e9cnicas de elaboraci\u00f3n y presentaci\u00f3n de curr\u00edculum<\/strong>, analizar\u00e1n <a title=\"c\u00f3mo afrontar entrevista de trabajo\" href=\"https:\/\/blog.infoempleo.com\/a\/como-combatir-la-ansiedad-ante-una-entrevista-de-trabajo\/\"><strong>c\u00f3mo afrontar las entrevistas de trabajo<\/strong><\/a>, desarrollar\u00e1n <strong>mapas de empleabilidad<\/strong> y aprender\u00e1n a trabajar la <strong>marca personal<\/strong>, a <strong>diferenciarse y posicionarse mejor en el mercado laboral<\/strong>. Al mismo tiempo que abordan la <strong>b\u00fasqueda de oportunidades de negocio<\/strong> y los pasos a seguir para crear empresas.<\/p>\n","protected":false},"excerpt":{"rendered":"<p>Jos\u00e9 Mar\u00eda P\u00e9rez \u201cPeridis\u201d impuls\u00f3 el programa\u00a0\u201cLanzaderas de Empleo y Emprendimiento Solidario\u201dcreyendo en el poder del trabajo colaborativo.<a class=\"moretag\" href=\"https:\/\/empresas.infoempleo.com\/hrtrends\/50-lanzaderas-de-empleo-para-la-insercion-laboral-de-1000-jovenes\/\"> Leer m\u00e1s<\/a><\/p>\n","protected":false},"author":76,"featured_media":19659,"comment_status":"closed","ping_status":"open","sticky":false,"template":"","format":"standard","meta":{"footnotes":""},"categories":[3],"tags":[],"class_list":["post-19653","post","type-post","status-publish","format-standard","has-post-thumbnail","hentry","category-actualidad"],"yoast_head":"<!-- This site is optimized with the Yoast SEO plugin v26.1.1 - https:\/\/yoast.com\/wordpress\/plugins\/seo\/ -->\n<title>50 lanzaderas de empleo para la inserci\u00f3n laboral de 1.000 j\u00f3venes<\/title>\n<meta name=\"description\" content=\"Las fundaciones Telef\u00f3nica y Santa Mar\u00eda la Real pondr\u00e1n en marcha el proyecto en once comunidades con el objetivo de fomentar la inserci\u00f3n laboral de 1.000 j\u00f3venes menores de 35 a\u00f1os en Espa\u00f1a.\" \/>\n<meta name=\"robots\" content=\"index, follow, max-snippet:-1, max-image-preview:large, max-video-preview:-1\" \/>\n<link rel=\"canonical\" href=\"https:\/\/empresas.infoempleo.com\/hrtrends\/50-lanzaderas-de-empleo-para-la-insercion-laboral-de-1000-jovenes\/\" \/>\n<meta property=\"og:locale\" content=\"es_ES\" \/>\n<meta property=\"og:type\" content=\"article\" \/>\n<meta property=\"og:title\" content=\"50 lanzaderas de empleo para la inserci\u00f3n laboral de 1.000 j\u00f3venes\" \/>\n<meta property=\"og:description\" content=\"Las fundaciones Telef\u00f3nica y Santa Mar\u00eda la Real pondr\u00e1n en marcha el proyecto en once comunidades con el objetivo de fomentar la inserci\u00f3n laboral de 1.000 j\u00f3venes menores de 35 a\u00f1os en Espa\u00f1a.\" \/>\n<meta property=\"og:url\" content=\"https:\/\/empresas.infoempleo.com\/hrtrends\/50-lanzaderas-de-empleo-para-la-insercion-laboral-de-1000-jovenes\/\" \/>\n<meta property=\"og:site_name\" content=\"HRTRENDS\" \/>\n<meta property=\"article:publisher\" content=\"https:\/\/www.facebook.com\/Infoempleo\" \/>\n<meta property=\"article:published_time\" content=\"2014-10-23T07:00:16+00:00\" \/>\n<meta property=\"article:modified_time\" content=\"2022-10-31T08:31:04+00:00\" \/>\n<meta property=\"og:image\" content=\"https:\/\/empresas.infoempleo.com\/hrtrends\/media\/2014\/10\/lanzaderas-empleo.jpg\" \/>\n\t<meta property=\"og:image:width\" content=\"546\" \/>\n\t<meta property=\"og:image:height\" content=\"256\" \/>\n\t<meta property=\"og:image:type\" content=\"image\/jpeg\" \/>\n<meta name=\"author\" content=\"pattmiralles\" \/>\n<meta name=\"twitter:card\" content=\"summary_large_image\" \/>\n<meta name=\"twitter:creator\" content=\"@infoempleo\" \/>\n<meta name=\"twitter:site\" content=\"@infoempleo\" \/>\n<meta name=\"twitter:label1\" content=\"Escrito por\" \/>\n\t<meta name=\"twitter:data1\" content=\"pattmiralles\" \/>\n\t<meta name=\"twitter:label2\" content=\"Tiempo de lectura\" \/>\n\t<meta name=\"twitter:data2\" content=\"2 minutos\" \/>\n<script type=\"application\/ld+json\" class=\"yoast-schema-graph\">{\"@context\":\"https:\/\/schema.org\",\"@graph\":[{\"@type\":\"NewsArticle\",\"@id\":\"https:\/\/empresas.infoempleo.com\/hrtrends\/50-lanzaderas-de-empleo-para-la-insercion-laboral-de-1000-jovenes\/#article\",\"isPartOf\":{\"@id\":\"https:\/\/empresas.infoempleo.com\/hrtrends\/50-lanzaderas-de-empleo-para-la-insercion-laboral-de-1000-jovenes\/\"},\"author\":{\"name\":\"pattmiralles\",\"@id\":\"https:\/\/empresas.infoempleo.com\/hrtrends\/#\/schema\/person\/ee9c90987ac92f491c6e6c368e2290fb\"},\"headline\":\"50 lanzaderas de empleo para la inserci\u00f3n laboral de 1.000 j\u00f3venes\",\"datePublished\":\"2014-10-23T07:00:16+00:00\",\"dateModified\":\"2022-10-31T08:31:04+00:00\",\"mainEntityOfPage\":{\"@id\":\"https:\/\/empresas.infoempleo.com\/hrtrends\/50-lanzaderas-de-empleo-para-la-insercion-laboral-de-1000-jovenes\/\"},\"wordCount\":365,\"publisher\":{\"@id\":\"https:\/\/empresas.infoempleo.com\/hrtrends\/#organization\"},\"image\":{\"@id\":\"https:\/\/empresas.infoempleo.com\/hrtrends\/50-lanzaderas-de-empleo-para-la-insercion-laboral-de-1000-jovenes\/#primaryimage\"},\"thumbnailUrl\":\"https:\/\/empresas.infoempleo.com\/hrtrends\/media\/2014\/10\/lanzaderas-empleo.jpg\",\"articleSection\":[\"Actualidad\"],\"inLanguage\":\"es\",\"copyrightYear\":\"2014\",\"copyrightHolder\":{\"@id\":\"https:\/\/empresas.infoempleo.com\/hrtrends\/#organization\"}},{\"@type\":\"WebPage\",\"@id\":\"https:\/\/empresas.infoempleo.com\/hrtrends\/50-lanzaderas-de-empleo-para-la-insercion-laboral-de-1000-jovenes\/\",\"url\":\"https:\/\/empresas.infoempleo.com\/hrtrends\/50-lanzaderas-de-empleo-para-la-insercion-laboral-de-1000-jovenes\/\",\"name\":\"50 lanzaderas de empleo para la inserci\u00f3n laboral de 1.000 j\u00f3venes\",\"isPartOf\":{\"@id\":\"https:\/\/empresas.infoempleo.com\/hrtrends\/#website\"},\"primaryImageOfPage\":{\"@id\":\"https:\/\/empresas.infoempleo.com\/hrtrends\/50-lanzaderas-de-empleo-para-la-insercion-laboral-de-1000-jovenes\/#primaryimage\"},\"image\":{\"@id\":\"https:\/\/empresas.infoempleo.com\/hrtrends\/50-lanzaderas-de-empleo-para-la-insercion-laboral-de-1000-jovenes\/#primaryimage\"},\"thumbnailUrl\":\"https:\/\/empresas.infoempleo.com\/hrtrends\/media\/2014\/10\/lanzaderas-empleo.jpg\",\"datePublished\":\"2014-10-23T07:00:16+00:00\",\"dateModified\":\"2022-10-31T08:31:04+00:00\",\"description\":\"Las fundaciones Telef\u00f3nica y Santa Mar\u00eda la Real pondr\u00e1n en marcha el proyecto en once comunidades con el objetivo de fomentar la inserci\u00f3n laboral de 1.000 j\u00f3venes menores de 35 a\u00f1os en Espa\u00f1a.\",\"breadcrumb\":{\"@id\":\"https:\/\/empresas.infoempleo.com\/hrtrends\/50-lanzaderas-de-empleo-para-la-insercion-laboral-de-1000-jovenes\/#breadcrumb\"},\"inLanguage\":\"es\",\"potentialAction\":[{\"@type\":\"ReadAction\",\"target\":[\"https:\/\/empresas.infoempleo.com\/hrtrends\/50-lanzaderas-de-empleo-para-la-insercion-laboral-de-1000-jovenes\/\"]}]},{\"@type\":\"ImageObject\",\"inLanguage\":\"es\",\"@id\":\"https:\/\/empresas.infoempleo.com\/hrtrends\/50-lanzaderas-de-empleo-para-la-insercion-laboral-de-1000-jovenes\/#primaryimage\",\"url\":\"https:\/\/empresas.infoempleo.com\/hrtrends\/media\/2014\/10\/lanzaderas-empleo-150x150.jpg\",\"contentUrl\":\"https:\/\/empresas.infoempleo.com\/hrtrends\/media\/2014\/10\/lanzaderas-empleo-150x150.jpg\",\"width\":150,\"height\":150},{\"@type\":\"BreadcrumbList\",\"@id\":\"https:\/\/empresas.infoempleo.com\/hrtrends\/50-lanzaderas-de-empleo-para-la-insercion-laboral-de-1000-jovenes\/#breadcrumb\",\"itemListElement\":[{\"@type\":\"ListItem\",\"position\":1,\"name\":\"Portada\",\"item\":\"https:\/\/empresas.infoempleo.com\/hrtrends\/\"},{\"@type\":\"ListItem\",\"position\":2,\"name\":\"50 lanzaderas de empleo para la inserci\u00f3n laboral de 1.000 j\u00f3venes\"}]},{\"@type\":\"WebSite\",\"@id\":\"https:\/\/empresas.infoempleo.com\/hrtrends\/#website\",\"url\":\"https:\/\/empresas.infoempleo.com\/hrtrends\",\"name\":\"HRTrends by Infoempleo\",\"description\":\"\",\"publisher\":{\"@id\":\"https:\/\/empresas.infoempleo.com\/hrtrends\/#organization\"},\"potentialAction\":{\"@type\":\"SearchAction\",\"target\":\"https:\/\/empresas.infoempleo.com\/hrtrends\/?s={search_term_string}\",\"query-input\":\"required name=search_term_string\"},\"inLanguage\":\"es\"},{\"@type\":\"Organization\",\"@id\":\"https:\/\/empresas.infoempleo.com\/hrtrends\/#organization\",\"name\":\"Infoempleo\",\"url\":\"https:\/\/www.infoempleo.com\/\",\"logo\":{\"@type\":\"ImageObject\",\"@id\":\"https:\/\/empresas.infoempleo.com\/hrtrends\/#logo\",\"inLanguage\":\"es\",\"url\":\"https:\/\/cdnazure.infoempleo.com\/infoempleo\/assets\/style\/gfx\/logo.svg\",\"contentUrl\":\"https:\/\/cdnazure.infoempleo.com\/infoempleo\/assets\/style\/gfx\/logo.svg\",\"width\":150,\"height\":40,\"caption\":\"Infoempleo\"},\"image\":{\"@id\":\"https:\/\/empresas.infoempleo.com\/hrtrends\/#logo\"},\"sameAs\":[\"https:\/\/www.facebook.com\/Infoempleo\",\"https:\/\/x.com\/infoempleo\",\"http:\/\/instagram.com\/infoempleo\/\",\"http:\/\/www.linkedin.com\/groups\/Empleo-Espa\u00f1a-Infoempleocom-111276\",\"http:\/\/pinterest.com\/infoempleo\/\"],\"address\":{\"@type\":\"PostalAddress\",\"addressLocality\":\"Madrid\",\"postalCode\":\"28050\",\"streetAddress\":\"Avenida de Burgos 114\"},\"brand\":[\"Infoempleo\"]},{\"@type\":\"Person\",\"@id\":\"https:\/\/empresas.infoempleo.com\/hrtrends\/#\/schema\/person\/ee9c90987ac92f491c6e6c368e2290fb\",\"name\":\"pattmiralles\",\"image\":{\"@type\":\"ImageObject\",\"inLanguage\":\"es\",\"@id\":\"https:\/\/empresas.infoempleo.com\/hrtrends\/#\/schema\/person\/image\/\",\"url\":\"https:\/\/secure.gravatar.com\/avatar\/?s=96&d=mm&r=g\",\"contentUrl\":\"https:\/\/secure.gravatar.com\/avatar\/?s=96&d=mm&r=g\",\"caption\":\"pattmiralles\"},\"url\":\"https:\/\/empresas.infoempleo.com\/hrtrends\/author\/pattmiralles\/\"}]}<\/script>\n<!-- \/ Yoast SEO plugin. -->","yoast_head_json":{"title":"50 lanzaderas de empleo para la inserci\u00f3n laboral de 1.000 j\u00f3venes","description":"Las fundaciones Telef\u00f3nica y Santa Mar\u00eda la Real pondr\u00e1n en marcha el proyecto en once comunidades con el objetivo de fomentar la inserci\u00f3n laboral de 1.000 j\u00f3venes menores de 35 a\u00f1os en Espa\u00f1a.","robots":{"index":"index","follow":"follow","max-snippet":"max-snippet:-1","max-image-preview":"max-image-preview:large","max-video-preview":"max-video-preview:-1"},"canonical":"https:\/\/empresas.infoempleo.com\/hrtrends\/50-lanzaderas-de-empleo-para-la-insercion-laboral-de-1000-jovenes\/","og_locale":"es_ES","og_type":"article","og_title":"50 lanzaderas de empleo para la inserci\u00f3n laboral de 1.000 j\u00f3venes","og_description":"Las fundaciones Telef\u00f3nica y Santa Mar\u00eda la Real pondr\u00e1n en marcha el proyecto en once comunidades con el objetivo de fomentar la inserci\u00f3n laboral de 1.000 j\u00f3venes menores de 35 a\u00f1os en Espa\u00f1a.","og_url":"https:\/\/empresas.infoempleo.com\/hrtrends\/50-lanzaderas-de-empleo-para-la-insercion-laboral-de-1000-jovenes\/","og_site_name":"HRTRENDS","article_publisher":"https:\/\/www.facebook.com\/Infoempleo","article_published_time":"2014-10-23T07:00:16+00:00","article_modified_time":"2022-10-31T08:31:04+00:00","og_image":[{"width":546,"height":256,"url":"https:\/\/empresas.infoempleo.com\/hrtrends\/media\/2014\/10\/lanzaderas-empleo.jpg","type":"image\/jpeg"}],"author":"pattmiralles","twitter_card":"summary_large_image","twitter_creator":"@infoempleo","twitter_site":"@infoempleo","twitter_misc":{"Escrito por":"pattmiralles","Tiempo de lectura":"2 minutos"},"schema":{"@context":"https:\/\/schema.org","@graph":[{"@type":"NewsArticle","@id":"https:\/\/empresas.infoempleo.com\/hrtrends\/50-lanzaderas-de-empleo-para-la-insercion-laboral-de-1000-jovenes\/#article","isPartOf":{"@id":"https:\/\/empresas.infoempleo.com\/hrtrends\/50-lanzaderas-de-empleo-para-la-insercion-laboral-de-1000-jovenes\/"},"author":{"name":"pattmiralles","@id":"https:\/\/empresas.infoempleo.com\/hrtrends\/#\/schema\/person\/ee9c90987ac92f491c6e6c368e2290fb"},"headline":"50 lanzaderas de empleo para la inserci\u00f3n laboral de 1.000 j\u00f3venes","datePublished":"2014-10-23T07:00:16+00:00","dateModified":"2022-10-31T08:31:04+00:00","mainEntityOfPage":{"@id":"https:\/\/empresas.infoempleo.com\/hrtrends\/50-lanzaderas-de-empleo-para-la-insercion-laboral-de-1000-jovenes\/"},"wordCount":365,"publisher":{"@id":"https:\/\/empresas.infoempleo.com\/hrtrends\/#organization"},"image":{"@id":"https:\/\/empresas.infoempleo.com\/hrtrends\/50-lanzaderas-de-empleo-para-la-insercion-laboral-de-1000-jovenes\/#primaryimage"},"thumbnailUrl":"https:\/\/empresas.infoempleo.com\/hrtrends\/media\/2014\/10\/lanzaderas-empleo.jpg","articleSection":["Actualidad"],"inLanguage":"es","copyrightYear":"2014","copyrightHolder":{"@id":"https:\/\/empresas.infoempleo.com\/hrtrends\/#organization"}},{"@type":"WebPage","@id":"https:\/\/empresas.infoempleo.com\/hrtrends\/50-lanzaderas-de-empleo-para-la-insercion-laboral-de-1000-jovenes\/","url":"https:\/\/empresas.infoempleo.com\/hrtrends\/50-lanzaderas-de-empleo-para-la-insercion-laboral-de-1000-jovenes\/","name":"50 lanzaderas de empleo para la inserci\u00f3n laboral de 1.000 j\u00f3venes","isPartOf":{"@id":"https:\/\/empresas.infoempleo.com\/hrtrends\/#website"},"primaryImageOfPage":{"@id":"https:\/\/empresas.infoempleo.com\/hrtrends\/50-lanzaderas-de-empleo-para-la-insercion-laboral-de-1000-jovenes\/#primaryimage"},"image":{"@id":"https:\/\/empresas.infoempleo.com\/hrtrends\/50-lanzaderas-de-empleo-para-la-insercion-laboral-de-1000-jovenes\/#primaryimage"},"thumbnailUrl":"https:\/\/empresas.infoempleo.com\/hrtrends\/media\/2014\/10\/lanzaderas-empleo.jpg","datePublished":"2014-10-23T07:00:16+00:00","dateModified":"2022-10-31T08:31:04+00:00","description":"Las fundaciones Telef\u00f3nica y Santa Mar\u00eda la Real pondr\u00e1n en marcha el proyecto en once comunidades con el objetivo de fomentar la inserci\u00f3n laboral de 1.000 j\u00f3venes menores de 35 a\u00f1os en Espa\u00f1a.","breadcrumb":{"@id":"https:\/\/empresas.infoempleo.com\/hrtrends\/50-lanzaderas-de-empleo-para-la-insercion-laboral-de-1000-jovenes\/#breadcrumb"},"inLanguage":"es","potentialAction":[{"@type":"ReadAction","target":["https:\/\/empresas.infoempleo.com\/hrtrends\/50-lanzaderas-de-empleo-para-la-insercion-laboral-de-1000-jovenes\/"]}]},{"@type":"ImageObject","inLanguage":"es","@id":"https:\/\/empresas.infoempleo.com\/hrtrends\/50-lanzaderas-de-empleo-para-la-insercion-laboral-de-1000-jovenes\/#primaryimage","url":"https:\/\/empresas.infoempleo.com\/hrtrends\/media\/2014\/10\/lanzaderas-empleo-150x150.jpg","contentUrl":"https:\/\/empresas.infoempleo.com\/hrtrends\/media\/2014\/10\/lanzaderas-empleo-150x150.jpg","width":150,"height":150},{"@type":"BreadcrumbList","@id":"https:\/\/empresas.infoempleo.com\/hrtrends\/50-lanzaderas-de-empleo-para-la-insercion-laboral-de-1000-jovenes\/#breadcrumb","itemListElement":[{"@type":"ListItem","position":1,"name":"Portada","item":"https:\/\/empresas.infoempleo.com\/hrtrends\/"},{"@type":"ListItem","position":2,"name":"50 lanzaderas de empleo para la inserci\u00f3n laboral de 1.000 j\u00f3venes"}]},{"@type":"WebSite","@id":"https:\/\/empresas.infoempleo.com\/hrtrends\/#website","url":"https:\/\/empresas.infoempleo.com\/hrtrends","name":"HRTrends by Infoempleo","description":"","publisher":{"@id":"https:\/\/empresas.infoempleo.com\/hrtrends\/#organization"},"potentialAction":{"@type":"SearchAction","target":"https:\/\/empresas.infoempleo.com\/hrtrends\/?s={search_term_string}","query-input":"required name=search_term_string"},"inLanguage":"es"},{"@type":"Organization","@id":"https:\/\/empresas.infoempleo.com\/hrtrends\/#organization","name":"Infoempleo","url":"https:\/\/www.infoempleo.com\/","logo":{"@type":"ImageObject","@id":"https:\/\/empresas.infoempleo.com\/hrtrends\/#logo","inLanguage":"es","url":"https:\/\/cdnazure.infoempleo.com\/infoempleo\/assets\/style\/gfx\/logo.svg","contentUrl":"https:\/\/cdnazure.infoempleo.com\/infoempleo\/assets\/style\/gfx\/logo.svg","width":150,"height":40,"caption":"Infoempleo"},"image":{"@id":"https:\/\/empresas.infoempleo.com\/hrtrends\/#logo"},"sameAs":["https:\/\/www.facebook.com\/Infoempleo","https:\/\/x.com\/infoempleo","http:\/\/instagram.com\/infoempleo\/","http:\/\/www.linkedin.com\/groups\/Empleo-Espa\u00f1a-Infoempleocom-111276","http:\/\/pinterest.com\/infoempleo\/"],"address":{"@type":"PostalAddress","addressLocality":"Madrid","postalCode":"28050","streetAddress":"Avenida de Burgos 114"},"brand":["Infoempleo"]},{"@type":"Person","@id":"https:\/\/empresas.infoempleo.com\/hrtrends\/#\/schema\/person\/ee9c90987ac92f491c6e6c368e2290fb","name":"pattmiralles","image":{"@type":"ImageObject","inLanguage":"es","@id":"https:\/\/empresas.infoempleo.com\/hrtrends\/#\/schema\/person\/image\/","url":"https:\/\/secure.gravatar.com\/avatar\/?s=96&d=mm&r=g","contentUrl":"https:\/\/secure.gravatar.com\/avatar\/?s=96&d=mm&r=g","caption":"pattmiralles"},"url":"https:\/\/empresas.infoempleo.com\/hrtrends\/author\/pattmiralles\/"}]}},"amp_enabled":true,"_links":{"self":[{"href":"https:\/\/empresas.infoempleo.com\/hrtrends\/wp-json\/wp\/v2\/posts\/19653","targetHints":{"allow":["GET"]}}],"collection":[{"href":"https:\/\/empresas.infoempleo.com\/hrtrends\/wp-json\/wp\/v2\/posts"}],"about":[{"href":"https:\/\/empresas.infoempleo.com\/hrtrends\/wp-json\/wp\/v2\/types\/post"}],"author":[{"embeddable":true,"href":"https:\/\/empresas.infoempleo.com\/hrtrends\/wp-json\/wp\/v2\/users\/76"}],"replies":[{"embeddable":true,"href":"https:\/\/empresas.infoempleo.com\/hrtrends\/wp-json\/wp\/v2\/comments?post=19653"}],"version-history":[{"count":2,"href":"https:\/\/empresas.infoempleo.com\/hrtrends\/wp-json\/wp\/v2\/posts\/19653\/revisions"}],"predecessor-version":[{"id":41366,"href":"https:\/\/empresas.infoempleo.com\/hrtrends\/wp-json\/wp\/v2\/posts\/19653\/revisions\/41366"}],"wp:featuredmedia":[{"embeddable":true,"href":"https:\/\/empresas.infoempleo.com\/hrtrends\/wp-json\/wp\/v2\/media\/19659"}],"wp:attachment":[{"href":"https:\/\/empresas.infoempleo.com\/hrtrends\/wp-json\/wp\/v2\/media?parent=19653"}],"wp:term":[{"taxonomy":"category","embeddable":true,"href":"https:\/\/empresas.infoempleo.com\/hrtrends\/wp-json\/wp\/v2\/categories?post=19653"},{"taxonomy":"post_tag","embeddable":true,"href":"https:\/\/empresas.infoempleo.com\/hrtrends\/wp-json\/wp\/v2\/tags?post=19653"}],"curies":[{"name":"wp","href":"https:\/\/api.w.org\/{rel}","templated":true}]}}