{"id":19228,"date":"2014-09-01T07:00:25","date_gmt":"2014-09-01T06:00:25","guid":{"rendered":"http:\/\/blog.infoempleo.com\/?p=19228"},"modified":"2024-08-29T17:47:31","modified_gmt":"2024-08-29T15:47:31","slug":"el-perfil-del-ceo-en-el-mundo-varon-50-con-carrera-y-master","status":"publish","type":"post","link":"https:\/\/empresas.infoempleo.com\/hrtrends\/el-perfil-del-ceo-en-el-mundo-varon-50-con-carrera-y-master\/","title":{"rendered":"El perfil del CEO en el mundo: var\u00f3n, 50, con carrera y m\u00e1ster"},"content":{"rendered":"<p>Actualmente se les conoce como <strong>CEO&#8217;s<\/strong>. Pero hace no mucho tiempo atr\u00e1s se les llamaba <strong>directivos<\/strong>, <strong>ejecutivos<\/strong>, <strong>gerentes<\/strong> \u00f3 <strong>directores generales<\/strong>. Sin embargo, la globalizaci\u00f3n y la proliferaci\u00f3n de nuevas profesiones surgidas al amparo de la revoluci\u00f3n tecnol\u00f3gica han terminado por implantar este t\u00e9rmino. Pero, \u00bfc\u00f3mo es la persona que est\u00e1 detr\u00e1s del cargo? <strong>Un estudio de la compa\u00f1\u00eda norteamericana Qlik revela ahora c\u00f3mo es el CEO en distintos pa\u00edses del mundo<\/strong>.<!--more--><\/p>\n<p>La primera conclusi\u00f3n que puede extraerse del estudio Where Do CEOs Come From es que curiosamente, <strong>el perfil de este profesional es muy similar en todos los pai\u0301ses del mundo<\/strong>: en su inmensa mayor\u00eda son<strong> hombres, <\/strong>de unos<strong> cincuenta an\u0303os<\/strong> y que han estudiado la\u00a0<strong>carrera universitaria\u00a0<\/strong>o un\u00a0<strong>MBA\u00a0<\/strong>en alguna de las universidades ma\u0301s prestigiosas del mundo: Harvard, Oxford, Cambridge, la Universidad de Manchester, el Imperial College de Londres \u00f3 la Universidad de Tokio.<\/p>\n<p>Y los que siguen a continuaci\u00f3n ser\u00edan algunos de los <strong>resultados m\u00e1s importantes que pueden extraerse del estudio<\/strong>:<\/p>\n<ul>\n<li>El <strong>96%<\/strong> de los CEOs de todo el mundo son <strong>hombres<\/strong> y solo hay un 4% de mujeres <\/li>\n<li>El mayor porcentaje de <strong>mujeres<\/strong> con cargos directivos se encuentra en la<strong> India, Reino Unido y Australia<\/strong> donde se roza el 8%<\/li>\n<li>En<strong> Japo\u0301n y Hong Kong<\/strong> todos los CEOs son<strong> hombres<\/strong><\/li>\n<li>El <strong>92%<\/strong> de los CEOs son <strong>graduados universitarios<\/strong><\/li>\n<li>La mayor parte de CEOs provienen de una de estas cuatro carreras: <strong>Econom\u00eda, Direccio\u0301n de Empresas, Ingenieri\u0301a\u00a0<\/strong>o<strong>\u00a0Derecho<\/strong>, en ese orden<\/li>\n<li>Pr\u00e1cticamente uno de cada cinco CEOs del mundo tiene un <strong>Ma\u0301ster en<\/strong> <strong>Administracio\u0301n y Direccio\u0301n de Empresas<\/strong><\/li>\n<li>En <strong>Suiza<\/strong>, curiosamente, un tercio de <strong>los CEOs son extranjeros <\/strong><\/li>\n<li>Pr\u00e1cticamente la mitad de los CEOs se mantienen en el <strong>cargo<\/strong> como m\u00ednimo <strong>cinco a\u00f1os<\/strong><\/li>\n<\/ul>\n<p>Para extrar estas conclusiones, se ha analizado el perfil de todos los CEOs de las empresas que componen el I\u0301ndice UK FTSE 100 y 250 a los que adem\u00e1s se han a\u00f1adido los perfiles de los directores ejecutivos de las compan\u0303i\u0301as ma\u0301s importantes de Asia-Pacifico, Alemania y Suiza.<\/p>\n<p>Relacionado: Especial M\u00e1ster y Posgrado 2014<\/p>\n","protected":false},"excerpt":{"rendered":"<p>Actualmente se les conoce como CEO&#8217;s. Pero hace no mucho tiempo atr\u00e1s se les llamaba directivos, ejecutivos, gerentes<a class=\"moretag\" href=\"https:\/\/empresas.infoempleo.com\/hrtrends\/el-perfil-del-ceo-en-el-mundo-varon-50-con-carrera-y-master\/\"> Leer m\u00e1s<\/a><\/p>\n","protected":false},"author":75,"featured_media":19229,"comment_status":"closed","ping_status":"open","sticky":false,"template":"","format":"standard","meta":{"footnotes":""},"categories":[3],"tags":[176,59,101],"class_list":["post-19228","post","type-post","status-publish","format-standard","has-post-thumbnail","hentry","category-actualidad","tag-ceo","tag-directivos","tag-ejecutivos"],"yoast_head":"<!-- This site is optimized with the Yoast SEO plugin v26.1.1 - https:\/\/yoast.com\/wordpress\/plugins\/seo\/ -->\n<title>El perfil del CEO en el mundo<\/title>\n<meta name=\"description\" content=\"El perfil de los CEO es muy similar en todos los pai\u0301ses del mundo: hombres, de unos cincuenta an\u0303os y que han estudiado una carrera universitaria o un MBA\" \/>\n<meta name=\"robots\" content=\"index, follow, max-snippet:-1, max-image-preview:large, max-video-preview:-1\" \/>\n<link rel=\"canonical\" href=\"https:\/\/empresas.infoempleo.com\/hrtrends\/el-perfil-del-ceo-en-el-mundo-varon-50-con-carrera-y-master\/\" \/>\n<meta property=\"og:locale\" content=\"es_ES\" \/>\n<meta property=\"og:type\" content=\"article\" \/>\n<meta property=\"og:title\" content=\"El perfil del CEO en el mundo\" \/>\n<meta property=\"og:description\" content=\"El perfil de los CEO es muy similar en todos los pai\u0301ses del mundo: hombres, de unos cincuenta an\u0303os y que han estudiado una carrera universitaria o un MBA\" \/>\n<meta property=\"og:url\" content=\"https:\/\/empresas.infoempleo.com\/hrtrends\/el-perfil-del-ceo-en-el-mundo-varon-50-con-carrera-y-master\/\" \/>\n<meta property=\"og:site_name\" content=\"HRTRENDS\" \/>\n<meta property=\"article:publisher\" content=\"https:\/\/www.facebook.com\/Infoempleo\" \/>\n<meta property=\"article:published_time\" content=\"2014-09-01T06:00:25+00:00\" \/>\n<meta property=\"article:modified_time\" content=\"2024-08-29T15:47:31+00:00\" \/>\n<meta property=\"og:image\" content=\"https:\/\/empresas.infoempleo.com\/hrtrends\/media\/2014\/08\/perfil-ceo.jpg\" \/>\n\t<meta property=\"og:image:width\" content=\"546\" \/>\n\t<meta property=\"og:image:height\" content=\"256\" \/>\n\t<meta property=\"og:image:type\" content=\"image\/jpeg\" \/>\n<meta name=\"author\" content=\"sergiomahugo\" \/>\n<meta name=\"twitter:card\" content=\"summary_large_image\" \/>\n<meta name=\"twitter:creator\" content=\"@infoempleo\" \/>\n<meta name=\"twitter:site\" content=\"@infoempleo\" \/>\n<meta name=\"twitter:label1\" content=\"Escrito por\" \/>\n\t<meta name=\"twitter:data1\" content=\"sergiomahugo\" \/>\n\t<meta name=\"twitter:label2\" content=\"Tiempo de lectura\" \/>\n\t<meta name=\"twitter:data2\" content=\"2 minutos\" \/>\n<script type=\"application\/ld+json\" class=\"yoast-schema-graph\">{\"@context\":\"https:\/\/schema.org\",\"@graph\":[{\"@type\":\"NewsArticle\",\"@id\":\"https:\/\/empresas.infoempleo.com\/hrtrends\/el-perfil-del-ceo-en-el-mundo-varon-50-con-carrera-y-master\/#article\",\"isPartOf\":{\"@id\":\"https:\/\/empresas.infoempleo.com\/hrtrends\/el-perfil-del-ceo-en-el-mundo-varon-50-con-carrera-y-master\/\"},\"author\":{\"name\":\"sergiomahugo\",\"@id\":\"https:\/\/empresas.infoempleo.com\/hrtrends\/#\/schema\/person\/7c44ed791a0fc4d41e32a21e5dd9b486\"},\"headline\":\"El perfil del CEO en el mundo: var\u00f3n, 50, con carrera y m\u00e1ster\",\"datePublished\":\"2014-09-01T06:00:25+00:00\",\"dateModified\":\"2024-08-29T15:47:31+00:00\",\"mainEntityOfPage\":{\"@id\":\"https:\/\/empresas.infoempleo.com\/hrtrends\/el-perfil-del-ceo-en-el-mundo-varon-50-con-carrera-y-master\/\"},\"wordCount\":385,\"publisher\":{\"@id\":\"https:\/\/empresas.infoempleo.com\/hrtrends\/#organization\"},\"image\":{\"@id\":\"https:\/\/empresas.infoempleo.com\/hrtrends\/el-perfil-del-ceo-en-el-mundo-varon-50-con-carrera-y-master\/#primaryimage\"},\"thumbnailUrl\":\"https:\/\/empresas.infoempleo.com\/hrtrends\/media\/2014\/08\/perfil-ceo.jpg\",\"keywords\":[\"CEO\",\"directivos\",\"ejecutivos\"],\"articleSection\":[\"Actualidad\"],\"inLanguage\":\"es\",\"copyrightYear\":\"2014\",\"copyrightHolder\":{\"@id\":\"https:\/\/empresas.infoempleo.com\/hrtrends\/#organization\"}},{\"@type\":\"WebPage\",\"@id\":\"https:\/\/empresas.infoempleo.com\/hrtrends\/el-perfil-del-ceo-en-el-mundo-varon-50-con-carrera-y-master\/\",\"url\":\"https:\/\/empresas.infoempleo.com\/hrtrends\/el-perfil-del-ceo-en-el-mundo-varon-50-con-carrera-y-master\/\",\"name\":\"El perfil del CEO en el mundo\",\"isPartOf\":{\"@id\":\"https:\/\/empresas.infoempleo.com\/hrtrends\/#website\"},\"primaryImageOfPage\":{\"@id\":\"https:\/\/empresas.infoempleo.com\/hrtrends\/el-perfil-del-ceo-en-el-mundo-varon-50-con-carrera-y-master\/#primaryimage\"},\"image\":{\"@id\":\"https:\/\/empresas.infoempleo.com\/hrtrends\/el-perfil-del-ceo-en-el-mundo-varon-50-con-carrera-y-master\/#primaryimage\"},\"thumbnailUrl\":\"https:\/\/empresas.infoempleo.com\/hrtrends\/media\/2014\/08\/perfil-ceo.jpg\",\"datePublished\":\"2014-09-01T06:00:25+00:00\",\"dateModified\":\"2024-08-29T15:47:31+00:00\",\"description\":\"El perfil de los CEO es muy similar en todos los pai\u0301ses del mundo: hombres, de unos cincuenta an\u0303os y que han estudiado una carrera universitaria o un MBA\",\"breadcrumb\":{\"@id\":\"https:\/\/empresas.infoempleo.com\/hrtrends\/el-perfil-del-ceo-en-el-mundo-varon-50-con-carrera-y-master\/#breadcrumb\"},\"inLanguage\":\"es\",\"potentialAction\":[{\"@type\":\"ReadAction\",\"target\":[\"https:\/\/empresas.infoempleo.com\/hrtrends\/el-perfil-del-ceo-en-el-mundo-varon-50-con-carrera-y-master\/\"]}]},{\"@type\":\"ImageObject\",\"inLanguage\":\"es\",\"@id\":\"https:\/\/empresas.infoempleo.com\/hrtrends\/el-perfil-del-ceo-en-el-mundo-varon-50-con-carrera-y-master\/#primaryimage\",\"url\":\"https:\/\/empresas.infoempleo.com\/hrtrends\/media\/2014\/08\/perfil-ceo-150x150.jpg\",\"contentUrl\":\"https:\/\/empresas.infoempleo.com\/hrtrends\/media\/2014\/08\/perfil-ceo-150x150.jpg\",\"width\":150,\"height\":150,\"caption\":\"Perfil del CEO\"},{\"@type\":\"BreadcrumbList\",\"@id\":\"https:\/\/empresas.infoempleo.com\/hrtrends\/el-perfil-del-ceo-en-el-mundo-varon-50-con-carrera-y-master\/#breadcrumb\",\"itemListElement\":[{\"@type\":\"ListItem\",\"position\":1,\"name\":\"Portada\",\"item\":\"https:\/\/empresas.infoempleo.com\/hrtrends\/\"},{\"@type\":\"ListItem\",\"position\":2,\"name\":\"El perfil del CEO en el mundo: var\u00f3n, 50, con carrera y m\u00e1ster\"}]},{\"@type\":\"WebSite\",\"@id\":\"https:\/\/empresas.infoempleo.com\/hrtrends\/#website\",\"url\":\"https:\/\/empresas.infoempleo.com\/hrtrends\",\"name\":\"HRTrends by Infoempleo\",\"description\":\"\",\"publisher\":{\"@id\":\"https:\/\/empresas.infoempleo.com\/hrtrends\/#organization\"},\"potentialAction\":{\"@type\":\"SearchAction\",\"target\":\"https:\/\/empresas.infoempleo.com\/hrtrends\/?s={search_term_string}\",\"query-input\":\"required name=search_term_string\"},\"inLanguage\":\"es\"},{\"@type\":\"Organization\",\"@id\":\"https:\/\/empresas.infoempleo.com\/hrtrends\/#organization\",\"name\":\"Infoempleo\",\"url\":\"https:\/\/www.infoempleo.com\/\",\"logo\":{\"@type\":\"ImageObject\",\"@id\":\"https:\/\/empresas.infoempleo.com\/hrtrends\/#logo\",\"inLanguage\":\"es\",\"url\":\"https:\/\/cdnazure.infoempleo.com\/infoempleo\/assets\/style\/gfx\/logo.svg\",\"contentUrl\":\"https:\/\/cdnazure.infoempleo.com\/infoempleo\/assets\/style\/gfx\/logo.svg\",\"width\":150,\"height\":40,\"caption\":\"Infoempleo\"},\"image\":{\"@id\":\"https:\/\/empresas.infoempleo.com\/hrtrends\/#logo\"},\"sameAs\":[\"https:\/\/www.facebook.com\/Infoempleo\",\"https:\/\/x.com\/infoempleo\",\"http:\/\/instagram.com\/infoempleo\/\",\"http:\/\/www.linkedin.com\/groups\/Empleo-Espa\u00f1a-Infoempleocom-111276\",\"http:\/\/pinterest.com\/infoempleo\/\"],\"address\":{\"@type\":\"PostalAddress\",\"addressLocality\":\"Madrid\",\"postalCode\":\"28050\",\"streetAddress\":\"Avenida de Burgos 114\"},\"brand\":[\"Infoempleo\"]},{\"@type\":\"Person\",\"@id\":\"https:\/\/empresas.infoempleo.com\/hrtrends\/#\/schema\/person\/7c44ed791a0fc4d41e32a21e5dd9b486\",\"name\":\"sergiomahugo\",\"image\":{\"@type\":\"ImageObject\",\"inLanguage\":\"es\",\"@id\":\"https:\/\/empresas.infoempleo.com\/hrtrends\/#\/schema\/person\/image\/\",\"url\":\"https:\/\/secure.gravatar.com\/avatar\/?s=96&d=mm&r=g\",\"contentUrl\":\"https:\/\/secure.gravatar.com\/avatar\/?s=96&d=mm&r=g\",\"caption\":\"sergiomahugo\"},\"url\":\"https:\/\/empresas.infoempleo.com\/hrtrends\/author\/sergiomahugo\/\"}]}<\/script>\n<!-- \/ Yoast SEO plugin. -->","yoast_head_json":{"title":"El perfil del CEO en el mundo","description":"El perfil de los CEO es muy similar en todos los pai\u0301ses del mundo: hombres, de unos cincuenta an\u0303os y que han estudiado una carrera universitaria o un MBA","robots":{"index":"index","follow":"follow","max-snippet":"max-snippet:-1","max-image-preview":"max-image-preview:large","max-video-preview":"max-video-preview:-1"},"canonical":"https:\/\/empresas.infoempleo.com\/hrtrends\/el-perfil-del-ceo-en-el-mundo-varon-50-con-carrera-y-master\/","og_locale":"es_ES","og_type":"article","og_title":"El perfil del CEO en el mundo","og_description":"El perfil de los CEO es muy similar en todos los pai\u0301ses del mundo: hombres, de unos cincuenta an\u0303os y que han estudiado una carrera universitaria o un MBA","og_url":"https:\/\/empresas.infoempleo.com\/hrtrends\/el-perfil-del-ceo-en-el-mundo-varon-50-con-carrera-y-master\/","og_site_name":"HRTRENDS","article_publisher":"https:\/\/www.facebook.com\/Infoempleo","article_published_time":"2014-09-01T06:00:25+00:00","article_modified_time":"2024-08-29T15:47:31+00:00","og_image":[{"width":546,"height":256,"url":"https:\/\/empresas.infoempleo.com\/hrtrends\/media\/2014\/08\/perfil-ceo.jpg","type":"image\/jpeg"}],"author":"sergiomahugo","twitter_card":"summary_large_image","twitter_creator":"@infoempleo","twitter_site":"@infoempleo","twitter_misc":{"Escrito por":"sergiomahugo","Tiempo de lectura":"2 minutos"},"schema":{"@context":"https:\/\/schema.org","@graph":[{"@type":"NewsArticle","@id":"https:\/\/empresas.infoempleo.com\/hrtrends\/el-perfil-del-ceo-en-el-mundo-varon-50-con-carrera-y-master\/#article","isPartOf":{"@id":"https:\/\/empresas.infoempleo.com\/hrtrends\/el-perfil-del-ceo-en-el-mundo-varon-50-con-carrera-y-master\/"},"author":{"name":"sergiomahugo","@id":"https:\/\/empresas.infoempleo.com\/hrtrends\/#\/schema\/person\/7c44ed791a0fc4d41e32a21e5dd9b486"},"headline":"El perfil del CEO en el mundo: var\u00f3n, 50, con carrera y m\u00e1ster","datePublished":"2014-09-01T06:00:25+00:00","dateModified":"2024-08-29T15:47:31+00:00","mainEntityOfPage":{"@id":"https:\/\/empresas.infoempleo.com\/hrtrends\/el-perfil-del-ceo-en-el-mundo-varon-50-con-carrera-y-master\/"},"wordCount":385,"publisher":{"@id":"https:\/\/empresas.infoempleo.com\/hrtrends\/#organization"},"image":{"@id":"https:\/\/empresas.infoempleo.com\/hrtrends\/el-perfil-del-ceo-en-el-mundo-varon-50-con-carrera-y-master\/#primaryimage"},"thumbnailUrl":"https:\/\/empresas.infoempleo.com\/hrtrends\/media\/2014\/08\/perfil-ceo.jpg","keywords":["CEO","directivos","ejecutivos"],"articleSection":["Actualidad"],"inLanguage":"es","copyrightYear":"2014","copyrightHolder":{"@id":"https:\/\/empresas.infoempleo.com\/hrtrends\/#organization"}},{"@type":"WebPage","@id":"https:\/\/empresas.infoempleo.com\/hrtrends\/el-perfil-del-ceo-en-el-mundo-varon-50-con-carrera-y-master\/","url":"https:\/\/empresas.infoempleo.com\/hrtrends\/el-perfil-del-ceo-en-el-mundo-varon-50-con-carrera-y-master\/","name":"El perfil del CEO en el mundo","isPartOf":{"@id":"https:\/\/empresas.infoempleo.com\/hrtrends\/#website"},"primaryImageOfPage":{"@id":"https:\/\/empresas.infoempleo.com\/hrtrends\/el-perfil-del-ceo-en-el-mundo-varon-50-con-carrera-y-master\/#primaryimage"},"image":{"@id":"https:\/\/empresas.infoempleo.com\/hrtrends\/el-perfil-del-ceo-en-el-mundo-varon-50-con-carrera-y-master\/#primaryimage"},"thumbnailUrl":"https:\/\/empresas.infoempleo.com\/hrtrends\/media\/2014\/08\/perfil-ceo.jpg","datePublished":"2014-09-01T06:00:25+00:00","dateModified":"2024-08-29T15:47:31+00:00","description":"El perfil de los CEO es muy similar en todos los pai\u0301ses del mundo: hombres, de unos cincuenta an\u0303os y que han estudiado una carrera universitaria o un MBA","breadcrumb":{"@id":"https:\/\/empresas.infoempleo.com\/hrtrends\/el-perfil-del-ceo-en-el-mundo-varon-50-con-carrera-y-master\/#breadcrumb"},"inLanguage":"es","potentialAction":[{"@type":"ReadAction","target":["https:\/\/empresas.infoempleo.com\/hrtrends\/el-perfil-del-ceo-en-el-mundo-varon-50-con-carrera-y-master\/"]}]},{"@type":"ImageObject","inLanguage":"es","@id":"https:\/\/empresas.infoempleo.com\/hrtrends\/el-perfil-del-ceo-en-el-mundo-varon-50-con-carrera-y-master\/#primaryimage","url":"https:\/\/empresas.infoempleo.com\/hrtrends\/media\/2014\/08\/perfil-ceo-150x150.jpg","contentUrl":"https:\/\/empresas.infoempleo.com\/hrtrends\/media\/2014\/08\/perfil-ceo-150x150.jpg","width":150,"height":150,"caption":"Perfil del CEO"},{"@type":"BreadcrumbList","@id":"https:\/\/empresas.infoempleo.com\/hrtrends\/el-perfil-del-ceo-en-el-mundo-varon-50-con-carrera-y-master\/#breadcrumb","itemListElement":[{"@type":"ListItem","position":1,"name":"Portada","item":"https:\/\/empresas.infoempleo.com\/hrtrends\/"},{"@type":"ListItem","position":2,"name":"El perfil del CEO en el mundo: var\u00f3n, 50, con carrera y m\u00e1ster"}]},{"@type":"WebSite","@id":"https:\/\/empresas.infoempleo.com\/hrtrends\/#website","url":"https:\/\/empresas.infoempleo.com\/hrtrends","name":"HRTrends by Infoempleo","description":"","publisher":{"@id":"https:\/\/empresas.infoempleo.com\/hrtrends\/#organization"},"potentialAction":{"@type":"SearchAction","target":"https:\/\/empresas.infoempleo.com\/hrtrends\/?s={search_term_string}","query-input":"required name=search_term_string"},"inLanguage":"es"},{"@type":"Organization","@id":"https:\/\/empresas.infoempleo.com\/hrtrends\/#organization","name":"Infoempleo","url":"https:\/\/www.infoempleo.com\/","logo":{"@type":"ImageObject","@id":"https:\/\/empresas.infoempleo.com\/hrtrends\/#logo","inLanguage":"es","url":"https:\/\/cdnazure.infoempleo.com\/infoempleo\/assets\/style\/gfx\/logo.svg","contentUrl":"https:\/\/cdnazure.infoempleo.com\/infoempleo\/assets\/style\/gfx\/logo.svg","width":150,"height":40,"caption":"Infoempleo"},"image":{"@id":"https:\/\/empresas.infoempleo.com\/hrtrends\/#logo"},"sameAs":["https:\/\/www.facebook.com\/Infoempleo","https:\/\/x.com\/infoempleo","http:\/\/instagram.com\/infoempleo\/","http:\/\/www.linkedin.com\/groups\/Empleo-Espa\u00f1a-Infoempleocom-111276","http:\/\/pinterest.com\/infoempleo\/"],"address":{"@type":"PostalAddress","addressLocality":"Madrid","postalCode":"28050","streetAddress":"Avenida de Burgos 114"},"brand":["Infoempleo"]},{"@type":"Person","@id":"https:\/\/empresas.infoempleo.com\/hrtrends\/#\/schema\/person\/7c44ed791a0fc4d41e32a21e5dd9b486","name":"sergiomahugo","image":{"@type":"ImageObject","inLanguage":"es","@id":"https:\/\/empresas.infoempleo.com\/hrtrends\/#\/schema\/person\/image\/","url":"https:\/\/secure.gravatar.com\/avatar\/?s=96&d=mm&r=g","contentUrl":"https:\/\/secure.gravatar.com\/avatar\/?s=96&d=mm&r=g","caption":"sergiomahugo"},"url":"https:\/\/empresas.infoempleo.com\/hrtrends\/author\/sergiomahugo\/"}]}},"amp_enabled":true,"_links":{"self":[{"href":"https:\/\/empresas.infoempleo.com\/hrtrends\/wp-json\/wp\/v2\/posts\/19228","targetHints":{"allow":["GET"]}}],"collection":[{"href":"https:\/\/empresas.infoempleo.com\/hrtrends\/wp-json\/wp\/v2\/posts"}],"about":[{"href":"https:\/\/empresas.infoempleo.com\/hrtrends\/wp-json\/wp\/v2\/types\/post"}],"author":[{"embeddable":true,"href":"https:\/\/empresas.infoempleo.com\/hrtrends\/wp-json\/wp\/v2\/users\/75"}],"replies":[{"embeddable":true,"href":"https:\/\/empresas.infoempleo.com\/hrtrends\/wp-json\/wp\/v2\/comments?post=19228"}],"version-history":[{"count":12,"href":"https:\/\/empresas.infoempleo.com\/hrtrends\/wp-json\/wp\/v2\/posts\/19228\/revisions"}],"predecessor-version":[{"id":45221,"href":"https:\/\/empresas.infoempleo.com\/hrtrends\/wp-json\/wp\/v2\/posts\/19228\/revisions\/45221"}],"wp:featuredmedia":[{"embeddable":true,"href":"https:\/\/empresas.infoempleo.com\/hrtrends\/wp-json\/wp\/v2\/media\/19229"}],"wp:attachment":[{"href":"https:\/\/empresas.infoempleo.com\/hrtrends\/wp-json\/wp\/v2\/media?parent=19228"}],"wp:term":[{"taxonomy":"category","embeddable":true,"href":"https:\/\/empresas.infoempleo.com\/hrtrends\/wp-json\/wp\/v2\/categories?post=19228"},{"taxonomy":"post_tag","embeddable":true,"href":"https:\/\/empresas.infoempleo.com\/hrtrends\/wp-json\/wp\/v2\/tags?post=19228"}],"curies":[{"name":"wp","href":"https:\/\/api.w.org\/{rel}","templated":true}]}}