{"id":1917,"date":"2009-07-06T08:59:40","date_gmt":"2009-07-06T07:59:40","guid":{"rendered":"http:\/\/blog.infoempleo.com\/?p=1917"},"modified":"2023-03-13T19:29:14","modified_gmt":"2023-03-13T17:29:14","slug":"darse-el-lujo-en-plena-crisis","status":"publish","type":"post","link":"https:\/\/empresas.infoempleo.com\/hrtrends\/darse-el-lujo-en-plena-crisis\/","title":{"rendered":"Darse el lujo en plena crisis"},"content":{"rendered":"<p>\u00a0<\/p>\n<p align=\"justify\"><strong>Antonio N\u00fa\u00f1ez, autor de autor de \u00ab\u00a1Ser\u00e1 mejor que lo cuentes!\u00bb y conferenciante de <a title=\"Web de Thinking Heads\" href=\"https:\/\/thinkingheads.com\/\" target=\"_blank\" rel=\"noopener\">Thinking Heads<\/a><\/strong><\/p>\n<p align=\"justify\">Ni siquiera el mercado de los productos de lujo escapa de la crisis. Los expertos dividen este mercado en dos perfiles de consumidores. Los consumidores habituales de lujo, los ricos de toda la vida, y los consumidores ocasionales, aquellos que compran lujo para un regalo puntual o bien porque un precio excepcionalmente bajo en un art\u00edculo concreto les posibilita un acceso normalmente vetado.\u00a0<\/p>\n<p align=\"justify\">Respecto al consumidor habitual, en econom\u00edas emergentes como Asia, India o Rusia, el gui\u00f3n sigue inalterable, pese a la crisis. Estos nuevos ricos contin\u00faan consumiendo \u00abchampagne\u00bb, coches u hoteles de lujo a la manera tradicional, es decir, entendi\u00e9ndolos como s\u00edmbolos de identidad y pertenencia a una clase social.\u00a0<\/p>\n<p align=\"justify\">Sin embargo, en los viejos mercados de Europa y EE.UU., la crisis est\u00e1 provocando cambios significativos en los mitos y ritos del lujo. El primer s\u00edntoma ha sido la ca\u00edda en desgracia de dos formas consagradas de consumir moda, el \u00abtotal look\u00bb y la \u00ablogoman\u00eda\u00bb. Ir vestidos de pies a cabeza con prendas de la misma marca ahora denota una deplorable falta de imaginaci\u00f3n. El anta\u00f1o halo m\u00e1gico de prendas o complementos de moda que reproducen elefanti\u00e1sicos logotipos de la casa de lujo se ha desvanecido. En paralelo surgen nuevos ritos de consumo. As\u00ed, es habitual o\u00edr durante una cena de gala c\u00f3mo una rica vestida de Chanel presume de lucir un complemento de procedencia masificada -H&amp;M o Zara- o incluso humilde, como un mercadillo. Lo mismo ocurre con el rico que muestra su casa y corre a se\u00f1alar henchido de orgullo el aparador que recogi\u00f3 de un&#8230; contenedor de basuras. Ostentar el consumo de lujo comienza a generar culpabilidad y es muestra de mal gusto.\u00a0<\/p>\n<p align=\"justify\">En tiempos de crisis, no se celebra la acumulaci\u00f3n de objetos de deseo, sino su uso y disfrute cuando es oportuno, como certifica el auge de clubes de alquiler puntual de bolsos como itbagaddict.com. No se envidia el precio desorbitado del objeto de lujo sino la experiencia irrepetible que proporciona a su afortunado usuario. Esto hace posible que caiga simp\u00e1tico el turista espacial Charles Simonyi, pese a que en cada viaje se gaste 44 millones de euros.\u00a0<\/p>\n<p align=\"justify\">Con la crisis, el desplome del consumo del perfil de consumidores ocasionales es evidente. Sin embargo, las casas del lujo europeo, si quieren sobrevivir, deber\u00e1n estar atentas a los sutiles nuevos ritos de los ricos de toda la vida, por mucho que afirmen que siempre habr\u00e1 ricos y que el verdadero mercado del lujo siempre estar\u00e1 ah\u00ed, con crisis o sin ellas.<\/p>\n","protected":false},"excerpt":{"rendered":"<p>\u00a0 Antonio N\u00fa\u00f1ez, autor de autor de \u00ab\u00a1Ser\u00e1 mejor que lo cuentes!\u00bb y conferenciante de Thinking Heads Ni<a class=\"moretag\" href=\"https:\/\/empresas.infoempleo.com\/hrtrends\/darse-el-lujo-en-plena-crisis\/\"> Leer m\u00e1s<\/a><\/p>\n","protected":false},"author":72,"featured_media":29665,"comment_status":"closed","ping_status":"open","sticky":false,"template":"","format":"standard","meta":{"footnotes":""},"categories":[3],"tags":[314,48,316],"class_list":["post-1917","post","type-post","status-publish","format-standard","has-post-thumbnail","hentry","category-actualidad","tag-antonio-nunez","tag-crisis","tag-thinking-heads"],"yoast_head":"<!-- This site is optimized with the Yoast SEO plugin v26.1.1 - https:\/\/yoast.com\/wordpress\/plugins\/seo\/ -->\n<title>Darse el lujo en plena crisis | HRTRENDS<\/title>\n<meta name=\"robots\" content=\"index, follow, max-snippet:-1, max-image-preview:large, max-video-preview:-1\" \/>\n<link rel=\"canonical\" href=\"https:\/\/empresas.infoempleo.com\/hrtrends\/darse-el-lujo-en-plena-crisis\/\" \/>\n<meta property=\"og:locale\" content=\"es_ES\" \/>\n<meta property=\"og:type\" content=\"article\" \/>\n<meta property=\"og:title\" content=\"Darse el lujo en plena crisis | HRTRENDS\" \/>\n<meta property=\"og:description\" content=\"\u00a0 Antonio N\u00fa\u00f1ez, autor de autor de \u00ab\u00a1Ser\u00e1 mejor que lo cuentes!\u00bb y conferenciante de Thinking Heads Ni Leer m\u00e1s\" \/>\n<meta property=\"og:url\" content=\"https:\/\/empresas.infoempleo.com\/hrtrends\/darse-el-lujo-en-plena-crisis\/\" \/>\n<meta property=\"og:site_name\" content=\"HRTRENDS\" \/>\n<meta property=\"article:publisher\" content=\"https:\/\/www.facebook.com\/Infoempleo\" \/>\n<meta property=\"article:published_time\" content=\"2009-07-06T07:59:40+00:00\" \/>\n<meta property=\"article:modified_time\" content=\"2023-03-13T17:29:14+00:00\" \/>\n<meta property=\"og:image\" content=\"https:\/\/empresas.infoempleo.com\/hrtrends\/media\/2017\/05\/pexels-photo-205508.jpg\" \/>\n\t<meta property=\"og:image:width\" content=\"1280\" \/>\n\t<meta property=\"og:image:height\" content=\"960\" \/>\n\t<meta property=\"og:image:type\" content=\"image\/jpeg\" \/>\n<meta name=\"author\" content=\"infoempleo\" \/>\n<meta name=\"twitter:card\" content=\"summary_large_image\" \/>\n<meta name=\"twitter:creator\" content=\"@infoempleo\" \/>\n<meta name=\"twitter:site\" content=\"@infoempleo\" \/>\n<meta name=\"twitter:label1\" content=\"Escrito por\" \/>\n\t<meta name=\"twitter:data1\" content=\"infoempleo\" \/>\n\t<meta name=\"twitter:label2\" content=\"Tiempo de lectura\" \/>\n\t<meta name=\"twitter:data2\" content=\"2 minutos\" \/>\n<script type=\"application\/ld+json\" class=\"yoast-schema-graph\">{\"@context\":\"https:\/\/schema.org\",\"@graph\":[{\"@type\":\"NewsArticle\",\"@id\":\"https:\/\/empresas.infoempleo.com\/hrtrends\/darse-el-lujo-en-plena-crisis\/#article\",\"isPartOf\":{\"@id\":\"https:\/\/empresas.infoempleo.com\/hrtrends\/darse-el-lujo-en-plena-crisis\/\"},\"author\":{\"name\":\"infoempleo\",\"@id\":\"https:\/\/empresas.infoempleo.com\/hrtrends\/#\/schema\/person\/67d3e276ffcc8b3ae0ebec816daf775a\"},\"headline\":\"Darse el lujo en plena crisis\",\"datePublished\":\"2009-07-06T07:59:40+00:00\",\"dateModified\":\"2023-03-13T17:29:14+00:00\",\"mainEntityOfPage\":{\"@id\":\"https:\/\/empresas.infoempleo.com\/hrtrends\/darse-el-lujo-en-plena-crisis\/\"},\"wordCount\":461,\"publisher\":{\"@id\":\"https:\/\/empresas.infoempleo.com\/hrtrends\/#organization\"},\"image\":{\"@id\":\"https:\/\/empresas.infoempleo.com\/hrtrends\/darse-el-lujo-en-plena-crisis\/#primaryimage\"},\"thumbnailUrl\":\"https:\/\/empresas.infoempleo.com\/hrtrends\/media\/2017\/05\/pexels-photo-205508.jpg\",\"keywords\":[\"Antonio n\u00fa\u00f1ez\",\"Crisis\",\"Thinking Heads\"],\"articleSection\":[\"Actualidad\"],\"inLanguage\":\"es\",\"copyrightYear\":\"2009\",\"copyrightHolder\":{\"@id\":\"https:\/\/empresas.infoempleo.com\/hrtrends\/#organization\"}},{\"@type\":\"WebPage\",\"@id\":\"https:\/\/empresas.infoempleo.com\/hrtrends\/darse-el-lujo-en-plena-crisis\/\",\"url\":\"https:\/\/empresas.infoempleo.com\/hrtrends\/darse-el-lujo-en-plena-crisis\/\",\"name\":\"Darse el lujo en plena crisis | HRTRENDS\",\"isPartOf\":{\"@id\":\"https:\/\/empresas.infoempleo.com\/hrtrends\/#website\"},\"primaryImageOfPage\":{\"@id\":\"https:\/\/empresas.infoempleo.com\/hrtrends\/darse-el-lujo-en-plena-crisis\/#primaryimage\"},\"image\":{\"@id\":\"https:\/\/empresas.infoempleo.com\/hrtrends\/darse-el-lujo-en-plena-crisis\/#primaryimage\"},\"thumbnailUrl\":\"https:\/\/empresas.infoempleo.com\/hrtrends\/media\/2017\/05\/pexels-photo-205508.jpg\",\"datePublished\":\"2009-07-06T07:59:40+00:00\",\"dateModified\":\"2023-03-13T17:29:14+00:00\",\"breadcrumb\":{\"@id\":\"https:\/\/empresas.infoempleo.com\/hrtrends\/darse-el-lujo-en-plena-crisis\/#breadcrumb\"},\"inLanguage\":\"es\",\"potentialAction\":[{\"@type\":\"ReadAction\",\"target\":[\"https:\/\/empresas.infoempleo.com\/hrtrends\/darse-el-lujo-en-plena-crisis\/\"]}]},{\"@type\":\"ImageObject\",\"inLanguage\":\"es\",\"@id\":\"https:\/\/empresas.infoempleo.com\/hrtrends\/darse-el-lujo-en-plena-crisis\/#primaryimage\",\"url\":\"https:\/\/empresas.infoempleo.com\/hrtrends\/media\/2017\/05\/pexels-photo-205508-150x150.jpg\",\"contentUrl\":\"https:\/\/empresas.infoempleo.com\/hrtrends\/media\/2017\/05\/pexels-photo-205508-150x150.jpg\",\"width\":150,\"height\":150},{\"@type\":\"BreadcrumbList\",\"@id\":\"https:\/\/empresas.infoempleo.com\/hrtrends\/darse-el-lujo-en-plena-crisis\/#breadcrumb\",\"itemListElement\":[{\"@type\":\"ListItem\",\"position\":1,\"name\":\"Portada\",\"item\":\"https:\/\/empresas.infoempleo.com\/hrtrends\/\"},{\"@type\":\"ListItem\",\"position\":2,\"name\":\"Darse el lujo en plena crisis\"}]},{\"@type\":\"WebSite\",\"@id\":\"https:\/\/empresas.infoempleo.com\/hrtrends\/#website\",\"url\":\"https:\/\/empresas.infoempleo.com\/hrtrends\",\"name\":\"HRTrends by Infoempleo\",\"description\":\"\",\"publisher\":{\"@id\":\"https:\/\/empresas.infoempleo.com\/hrtrends\/#organization\"},\"potentialAction\":{\"@type\":\"SearchAction\",\"target\":\"https:\/\/empresas.infoempleo.com\/hrtrends\/?s={search_term_string}\",\"query-input\":\"required name=search_term_string\"},\"inLanguage\":\"es\"},{\"@type\":\"Organization\",\"@id\":\"https:\/\/empresas.infoempleo.com\/hrtrends\/#organization\",\"name\":\"Infoempleo\",\"url\":\"https:\/\/www.infoempleo.com\/\",\"logo\":{\"@type\":\"ImageObject\",\"@id\":\"https:\/\/empresas.infoempleo.com\/hrtrends\/#logo\",\"inLanguage\":\"es\",\"url\":\"https:\/\/cdnazure.infoempleo.com\/infoempleo\/assets\/style\/gfx\/logo.svg\",\"contentUrl\":\"https:\/\/cdnazure.infoempleo.com\/infoempleo\/assets\/style\/gfx\/logo.svg\",\"width\":150,\"height\":40,\"caption\":\"Infoempleo\"},\"image\":{\"@id\":\"https:\/\/empresas.infoempleo.com\/hrtrends\/#logo\"},\"sameAs\":[\"https:\/\/www.facebook.com\/Infoempleo\",\"https:\/\/x.com\/infoempleo\",\"http:\/\/instagram.com\/infoempleo\/\",\"http:\/\/www.linkedin.com\/groups\/Empleo-Espa\u00f1a-Infoempleocom-111276\",\"http:\/\/pinterest.com\/infoempleo\/\"],\"address\":{\"@type\":\"PostalAddress\",\"addressLocality\":\"Madrid\",\"postalCode\":\"28050\",\"streetAddress\":\"Avenida de Burgos 114\"},\"brand\":[\"Infoempleo\"]},{\"@type\":\"Person\",\"@id\":\"https:\/\/empresas.infoempleo.com\/hrtrends\/#\/schema\/person\/67d3e276ffcc8b3ae0ebec816daf775a\",\"name\":\"infoempleo\",\"image\":{\"@type\":\"ImageObject\",\"inLanguage\":\"es\",\"@id\":\"https:\/\/empresas.infoempleo.com\/hrtrends\/#\/schema\/person\/image\/\",\"url\":\"https:\/\/secure.gravatar.com\/avatar\/7b437777242fe67d2473c2a818da2344692d1ee91e91080ccffbd97bcd4a0975?s=96&d=mm&r=g\",\"contentUrl\":\"https:\/\/secure.gravatar.com\/avatar\/7b437777242fe67d2473c2a818da2344692d1ee91e91080ccffbd97bcd4a0975?s=96&d=mm&r=g\",\"caption\":\"infoempleo\"},\"url\":\"https:\/\/empresas.infoempleo.com\/hrtrends\/author\/infoempleo\/\"}]}<\/script>\n<!-- \/ Yoast SEO plugin. -->","yoast_head_json":{"title":"Darse el lujo en plena crisis | HRTRENDS","robots":{"index":"index","follow":"follow","max-snippet":"max-snippet:-1","max-image-preview":"max-image-preview:large","max-video-preview":"max-video-preview:-1"},"canonical":"https:\/\/empresas.infoempleo.com\/hrtrends\/darse-el-lujo-en-plena-crisis\/","og_locale":"es_ES","og_type":"article","og_title":"Darse el lujo en plena crisis | HRTRENDS","og_description":"\u00a0 Antonio N\u00fa\u00f1ez, autor de autor de \u00ab\u00a1Ser\u00e1 mejor que lo cuentes!\u00bb y conferenciante de Thinking Heads Ni Leer m\u00e1s","og_url":"https:\/\/empresas.infoempleo.com\/hrtrends\/darse-el-lujo-en-plena-crisis\/","og_site_name":"HRTRENDS","article_publisher":"https:\/\/www.facebook.com\/Infoempleo","article_published_time":"2009-07-06T07:59:40+00:00","article_modified_time":"2023-03-13T17:29:14+00:00","og_image":[{"width":1280,"height":960,"url":"https:\/\/empresas.infoempleo.com\/hrtrends\/media\/2017\/05\/pexels-photo-205508.jpg","type":"image\/jpeg"}],"author":"infoempleo","twitter_card":"summary_large_image","twitter_creator":"@infoempleo","twitter_site":"@infoempleo","twitter_misc":{"Escrito por":"infoempleo","Tiempo de lectura":"2 minutos"},"schema":{"@context":"https:\/\/schema.org","@graph":[{"@type":"NewsArticle","@id":"https:\/\/empresas.infoempleo.com\/hrtrends\/darse-el-lujo-en-plena-crisis\/#article","isPartOf":{"@id":"https:\/\/empresas.infoempleo.com\/hrtrends\/darse-el-lujo-en-plena-crisis\/"},"author":{"name":"infoempleo","@id":"https:\/\/empresas.infoempleo.com\/hrtrends\/#\/schema\/person\/67d3e276ffcc8b3ae0ebec816daf775a"},"headline":"Darse el lujo en plena crisis","datePublished":"2009-07-06T07:59:40+00:00","dateModified":"2023-03-13T17:29:14+00:00","mainEntityOfPage":{"@id":"https:\/\/empresas.infoempleo.com\/hrtrends\/darse-el-lujo-en-plena-crisis\/"},"wordCount":461,"publisher":{"@id":"https:\/\/empresas.infoempleo.com\/hrtrends\/#organization"},"image":{"@id":"https:\/\/empresas.infoempleo.com\/hrtrends\/darse-el-lujo-en-plena-crisis\/#primaryimage"},"thumbnailUrl":"https:\/\/empresas.infoempleo.com\/hrtrends\/media\/2017\/05\/pexels-photo-205508.jpg","keywords":["Antonio n\u00fa\u00f1ez","Crisis","Thinking Heads"],"articleSection":["Actualidad"],"inLanguage":"es","copyrightYear":"2009","copyrightHolder":{"@id":"https:\/\/empresas.infoempleo.com\/hrtrends\/#organization"}},{"@type":"WebPage","@id":"https:\/\/empresas.infoempleo.com\/hrtrends\/darse-el-lujo-en-plena-crisis\/","url":"https:\/\/empresas.infoempleo.com\/hrtrends\/darse-el-lujo-en-plena-crisis\/","name":"Darse el lujo en plena crisis | HRTRENDS","isPartOf":{"@id":"https:\/\/empresas.infoempleo.com\/hrtrends\/#website"},"primaryImageOfPage":{"@id":"https:\/\/empresas.infoempleo.com\/hrtrends\/darse-el-lujo-en-plena-crisis\/#primaryimage"},"image":{"@id":"https:\/\/empresas.infoempleo.com\/hrtrends\/darse-el-lujo-en-plena-crisis\/#primaryimage"},"thumbnailUrl":"https:\/\/empresas.infoempleo.com\/hrtrends\/media\/2017\/05\/pexels-photo-205508.jpg","datePublished":"2009-07-06T07:59:40+00:00","dateModified":"2023-03-13T17:29:14+00:00","breadcrumb":{"@id":"https:\/\/empresas.infoempleo.com\/hrtrends\/darse-el-lujo-en-plena-crisis\/#breadcrumb"},"inLanguage":"es","potentialAction":[{"@type":"ReadAction","target":["https:\/\/empresas.infoempleo.com\/hrtrends\/darse-el-lujo-en-plena-crisis\/"]}]},{"@type":"ImageObject","inLanguage":"es","@id":"https:\/\/empresas.infoempleo.com\/hrtrends\/darse-el-lujo-en-plena-crisis\/#primaryimage","url":"https:\/\/empresas.infoempleo.com\/hrtrends\/media\/2017\/05\/pexels-photo-205508-150x150.jpg","contentUrl":"https:\/\/empresas.infoempleo.com\/hrtrends\/media\/2017\/05\/pexels-photo-205508-150x150.jpg","width":150,"height":150},{"@type":"BreadcrumbList","@id":"https:\/\/empresas.infoempleo.com\/hrtrends\/darse-el-lujo-en-plena-crisis\/#breadcrumb","itemListElement":[{"@type":"ListItem","position":1,"name":"Portada","item":"https:\/\/empresas.infoempleo.com\/hrtrends\/"},{"@type":"ListItem","position":2,"name":"Darse el lujo en plena crisis"}]},{"@type":"WebSite","@id":"https:\/\/empresas.infoempleo.com\/hrtrends\/#website","url":"https:\/\/empresas.infoempleo.com\/hrtrends","name":"HRTrends by Infoempleo","description":"","publisher":{"@id":"https:\/\/empresas.infoempleo.com\/hrtrends\/#organization"},"potentialAction":{"@type":"SearchAction","target":"https:\/\/empresas.infoempleo.com\/hrtrends\/?s={search_term_string}","query-input":"required name=search_term_string"},"inLanguage":"es"},{"@type":"Organization","@id":"https:\/\/empresas.infoempleo.com\/hrtrends\/#organization","name":"Infoempleo","url":"https:\/\/www.infoempleo.com\/","logo":{"@type":"ImageObject","@id":"https:\/\/empresas.infoempleo.com\/hrtrends\/#logo","inLanguage":"es","url":"https:\/\/cdnazure.infoempleo.com\/infoempleo\/assets\/style\/gfx\/logo.svg","contentUrl":"https:\/\/cdnazure.infoempleo.com\/infoempleo\/assets\/style\/gfx\/logo.svg","width":150,"height":40,"caption":"Infoempleo"},"image":{"@id":"https:\/\/empresas.infoempleo.com\/hrtrends\/#logo"},"sameAs":["https:\/\/www.facebook.com\/Infoempleo","https:\/\/x.com\/infoempleo","http:\/\/instagram.com\/infoempleo\/","http:\/\/www.linkedin.com\/groups\/Empleo-Espa\u00f1a-Infoempleocom-111276","http:\/\/pinterest.com\/infoempleo\/"],"address":{"@type":"PostalAddress","addressLocality":"Madrid","postalCode":"28050","streetAddress":"Avenida de Burgos 114"},"brand":["Infoempleo"]},{"@type":"Person","@id":"https:\/\/empresas.infoempleo.com\/hrtrends\/#\/schema\/person\/67d3e276ffcc8b3ae0ebec816daf775a","name":"infoempleo","image":{"@type":"ImageObject","inLanguage":"es","@id":"https:\/\/empresas.infoempleo.com\/hrtrends\/#\/schema\/person\/image\/","url":"https:\/\/secure.gravatar.com\/avatar\/7b437777242fe67d2473c2a818da2344692d1ee91e91080ccffbd97bcd4a0975?s=96&d=mm&r=g","contentUrl":"https:\/\/secure.gravatar.com\/avatar\/7b437777242fe67d2473c2a818da2344692d1ee91e91080ccffbd97bcd4a0975?s=96&d=mm&r=g","caption":"infoempleo"},"url":"https:\/\/empresas.infoempleo.com\/hrtrends\/author\/infoempleo\/"}]}},"amp_enabled":true,"_links":{"self":[{"href":"https:\/\/empresas.infoempleo.com\/hrtrends\/wp-json\/wp\/v2\/posts\/1917","targetHints":{"allow":["GET"]}}],"collection":[{"href":"https:\/\/empresas.infoempleo.com\/hrtrends\/wp-json\/wp\/v2\/posts"}],"about":[{"href":"https:\/\/empresas.infoempleo.com\/hrtrends\/wp-json\/wp\/v2\/types\/post"}],"author":[{"embeddable":true,"href":"https:\/\/empresas.infoempleo.com\/hrtrends\/wp-json\/wp\/v2\/users\/72"}],"replies":[{"embeddable":true,"href":"https:\/\/empresas.infoempleo.com\/hrtrends\/wp-json\/wp\/v2\/comments?post=1917"}],"version-history":[{"count":2,"href":"https:\/\/empresas.infoempleo.com\/hrtrends\/wp-json\/wp\/v2\/posts\/1917\/revisions"}],"predecessor-version":[{"id":43196,"href":"https:\/\/empresas.infoempleo.com\/hrtrends\/wp-json\/wp\/v2\/posts\/1917\/revisions\/43196"}],"wp:featuredmedia":[{"embeddable":true,"href":"https:\/\/empresas.infoempleo.com\/hrtrends\/wp-json\/wp\/v2\/media\/29665"}],"wp:attachment":[{"href":"https:\/\/empresas.infoempleo.com\/hrtrends\/wp-json\/wp\/v2\/media?parent=1917"}],"wp:term":[{"taxonomy":"category","embeddable":true,"href":"https:\/\/empresas.infoempleo.com\/hrtrends\/wp-json\/wp\/v2\/categories?post=1917"},{"taxonomy":"post_tag","embeddable":true,"href":"https:\/\/empresas.infoempleo.com\/hrtrends\/wp-json\/wp\/v2\/tags?post=1917"}],"curies":[{"name":"wp","href":"https:\/\/api.w.org\/{rel}","templated":true}]}}