{"id":1816,"date":"2009-07-06T07:57:14","date_gmt":"2009-07-06T06:57:14","guid":{"rendered":"http:\/\/blog.infoempleo.com\/?p=1816"},"modified":"2022-10-13T16:46:08","modified_gmt":"2022-10-13T14:46:08","slug":"la-vuelta-a-la-etica-empresarial","status":"publish","type":"post","link":"https:\/\/empresas.infoempleo.com\/hrtrends\/la-vuelta-a-la-etica-empresarial\/","title":{"rendered":"La vuelta a la \u00e9tica empresarial"},"content":{"rendered":"<p><strong>Por Pablo Guti\u00e9rrez-Jodra, socio de Referal Partners-The Amrop Hever Group<\/strong><\/p>\n<p>La cultura de una compa\u00f1\u00eda esta ligada, como la \u00e9tica, a la asunci\u00f3n de una serie de valores absolutos -seriedad, honradez, respeto, fiabilidad, etc.- y a la autoexigencia de perseguirlos para desarrollarse. <strong>En muchas ocasiones no se expresa de forma concreta a trav\u00e9s de un C\u00f3digo de Conducta, sino que se transmite directamente en la forma de actuar.<\/strong> Es precisamente en esos casos cuando puede existir la posibilidad de que un profesional que se incorpora a la organizaci\u00f3n, desconoci\u00e9ndolos, pueda aducir razones \u00e9ticas para no asumir determinadas decisiones, forzando su despido o dimisi\u00f3n. El problema surge cuando esos valores no son los compartidos por el profesional, bien porque no existen, porque no son los adecuados o bien porque no coinciden con los suyos. Aparece entonces el dilema de seguir adelante y transigir o plantarse y denunciar. La soluci\u00f3n depende de la jerarqu\u00eda de valores de cada profesional, adquirida y alimentada a lo largo de su vida.<\/p>\n<p style=\"text-align: left;\">Durante los \u00faltimos a\u00f1os, <strong>coincidiendo curiosamente con la bonanza econ\u00f3mica, la autoexigencia de perseguir dichos valores se ha relajado,<\/strong> cuando no abandonado, configurando un entorno de negocio en el que el \u00abtodo vale\u00bb es la norma, premiando el oportunismo frente al esfuerzo. Esto ha provocado que en ocasiones los profesionales que se gu\u00edan bajo criterios \u00e9ticos fuesen minusvalorados e incluso ridiculizados, teniendo \u00fanicamente cabida en aquellas compa\u00f1\u00edas que tambi\u00e9n se reg\u00edan bajo los mismos criterios. Pero el comportamiento \u00e9tico, adem\u00e1s de permitir desarrollarnos como personas y empresas, es una inversi\u00f3n a corto, medio y largo plazo, aunque no siempre los retornos sean tangibles. Los valores absolutos anteriormente citados son muy apreciados por socios, clientes y proveedores, y confieren a la compa\u00f1\u00eda y los profesionales que la integran un valor a\u00f1adido diferenciador frente a su competencia.<\/p>\n<p>Afortunadamente <strong>se est\u00e1 produciendo una vuelta al empleo de la \u00e9tica en la toma de decisiones empresariales<\/strong>, que se refleja en la aparici\u00f3n de \u00e1reas de Responsabilidad Social Corporativa en las compa\u00f1\u00edas y en la inclusi\u00f3n de asignaturas sobre \u00c9tica de los Negocios en los programas de las principales escuelas de negocios en todo el mundo. Esta vuelta a los or\u00edgenes est\u00e1 claramente ligada al cambio de tendencia econ\u00f3mica, al agotamiento del modelo, ya no vale todo, ahora se busca una orientaci\u00f3n que ayude a superar el ciclo y a garantizar la viabilidad de las compa\u00f1\u00edas.<\/p>\n","protected":false},"excerpt":{"rendered":"<p>Por Pablo Guti\u00e9rrez-Jodra, socio de Referal Partners-The Amrop Hever Group La cultura de una compa\u00f1\u00eda esta ligada, como<a class=\"moretag\" href=\"https:\/\/empresas.infoempleo.com\/hrtrends\/la-vuelta-a-la-etica-empresarial\/\"> Leer m\u00e1s<\/a><\/p>\n","protected":false},"author":72,"featured_media":29809,"comment_status":"closed","ping_status":"open","sticky":false,"template":"","format":"standard","meta":{"footnotes":""},"categories":[2984],"tags":[59,2991,945,2987,2820,2993],"class_list":["post-1816","post","type-post","status-publish","format-standard","has-post-thumbnail","hentry","category-headhunters","tag-directivos","tag-empresarial","tag-etica","tag-headhunter","tag-pablo-gutierrez-jodra","tag-referal-partners"],"yoast_head":"<!-- This site is optimized with the Yoast SEO plugin v26.1.1 - https:\/\/yoast.com\/wordpress\/plugins\/seo\/ -->\n<title>La vuelta a la \u00e9tica empresarial | HRTRENDS<\/title>\n<meta name=\"robots\" content=\"index, follow, max-snippet:-1, max-image-preview:large, max-video-preview:-1\" \/>\n<link rel=\"canonical\" href=\"https:\/\/empresas.infoempleo.com\/hrtrends\/la-vuelta-a-la-etica-empresarial\/\" \/>\n<meta property=\"og:locale\" content=\"es_ES\" \/>\n<meta property=\"og:type\" content=\"article\" \/>\n<meta property=\"og:title\" content=\"La vuelta a la \u00e9tica empresarial | HRTRENDS\" \/>\n<meta property=\"og:description\" content=\"Por Pablo Guti\u00e9rrez-Jodra, socio de Referal Partners-The Amrop Hever Group La cultura de una compa\u00f1\u00eda esta ligada, como Leer m\u00e1s\" \/>\n<meta property=\"og:url\" content=\"https:\/\/empresas.infoempleo.com\/hrtrends\/la-vuelta-a-la-etica-empresarial\/\" \/>\n<meta property=\"og:site_name\" content=\"HRTRENDS\" \/>\n<meta property=\"article:publisher\" content=\"https:\/\/www.facebook.com\/Infoempleo\" \/>\n<meta property=\"article:published_time\" content=\"2009-07-06T06:57:14+00:00\" \/>\n<meta property=\"article:modified_time\" content=\"2022-10-13T14:46:08+00:00\" \/>\n<meta property=\"og:image\" content=\"https:\/\/empresas.infoempleo.com\/hrtrends\/media\/2009\/07\/career-firefighter-relaxing-job-162540.jpeg\" \/>\n\t<meta property=\"og:image:width\" content=\"940\" \/>\n\t<meta property=\"og:image:height\" content=\"627\" \/>\n\t<meta property=\"og:image:type\" content=\"image\/jpeg\" \/>\n<meta name=\"author\" content=\"infoempleo\" \/>\n<meta name=\"twitter:card\" content=\"summary_large_image\" \/>\n<meta name=\"twitter:creator\" content=\"@infoempleo\" \/>\n<meta name=\"twitter:site\" content=\"@infoempleo\" \/>\n<meta name=\"twitter:label1\" content=\"Escrito por\" \/>\n\t<meta name=\"twitter:data1\" content=\"infoempleo\" \/>\n\t<meta name=\"twitter:label2\" content=\"Tiempo de lectura\" \/>\n\t<meta name=\"twitter:data2\" content=\"2 minutos\" \/>\n<script type=\"application\/ld+json\" class=\"yoast-schema-graph\">{\"@context\":\"https:\/\/schema.org\",\"@graph\":[{\"@type\":\"NewsArticle\",\"@id\":\"https:\/\/empresas.infoempleo.com\/hrtrends\/la-vuelta-a-la-etica-empresarial\/#article\",\"isPartOf\":{\"@id\":\"https:\/\/empresas.infoempleo.com\/hrtrends\/la-vuelta-a-la-etica-empresarial\/\"},\"author\":{\"name\":\"infoempleo\",\"@id\":\"https:\/\/empresas.infoempleo.com\/hrtrends\/#\/schema\/person\/67d3e276ffcc8b3ae0ebec816daf775a\"},\"headline\":\"La vuelta a la \u00e9tica empresarial\",\"datePublished\":\"2009-07-06T06:57:14+00:00\",\"dateModified\":\"2022-10-13T14:46:08+00:00\",\"mainEntityOfPage\":{\"@id\":\"https:\/\/empresas.infoempleo.com\/hrtrends\/la-vuelta-a-la-etica-empresarial\/\"},\"wordCount\":431,\"publisher\":{\"@id\":\"https:\/\/empresas.infoempleo.com\/hrtrends\/#organization\"},\"image\":{\"@id\":\"https:\/\/empresas.infoempleo.com\/hrtrends\/la-vuelta-a-la-etica-empresarial\/#primaryimage\"},\"thumbnailUrl\":\"https:\/\/empresas.infoempleo.com\/hrtrends\/media\/2009\/07\/career-firefighter-relaxing-job-162540.jpeg\",\"keywords\":[\"directivos\",\"empresarial\",\"\u00e9tica\",\"headhunter\",\"Pablo Guti\u00e9rrez-Jodra\",\"Referal Partners\"],\"articleSection\":[\"Headhunters\"],\"inLanguage\":\"es\",\"copyrightYear\":\"2009\",\"copyrightHolder\":{\"@id\":\"https:\/\/empresas.infoempleo.com\/hrtrends\/#organization\"}},{\"@type\":\"WebPage\",\"@id\":\"https:\/\/empresas.infoempleo.com\/hrtrends\/la-vuelta-a-la-etica-empresarial\/\",\"url\":\"https:\/\/empresas.infoempleo.com\/hrtrends\/la-vuelta-a-la-etica-empresarial\/\",\"name\":\"La vuelta a la \u00e9tica empresarial | HRTRENDS\",\"isPartOf\":{\"@id\":\"https:\/\/empresas.infoempleo.com\/hrtrends\/#website\"},\"primaryImageOfPage\":{\"@id\":\"https:\/\/empresas.infoempleo.com\/hrtrends\/la-vuelta-a-la-etica-empresarial\/#primaryimage\"},\"image\":{\"@id\":\"https:\/\/empresas.infoempleo.com\/hrtrends\/la-vuelta-a-la-etica-empresarial\/#primaryimage\"},\"thumbnailUrl\":\"https:\/\/empresas.infoempleo.com\/hrtrends\/media\/2009\/07\/career-firefighter-relaxing-job-162540.jpeg\",\"datePublished\":\"2009-07-06T06:57:14+00:00\",\"dateModified\":\"2022-10-13T14:46:08+00:00\",\"breadcrumb\":{\"@id\":\"https:\/\/empresas.infoempleo.com\/hrtrends\/la-vuelta-a-la-etica-empresarial\/#breadcrumb\"},\"inLanguage\":\"es\",\"potentialAction\":[{\"@type\":\"ReadAction\",\"target\":[\"https:\/\/empresas.infoempleo.com\/hrtrends\/la-vuelta-a-la-etica-empresarial\/\"]}]},{\"@type\":\"ImageObject\",\"inLanguage\":\"es\",\"@id\":\"https:\/\/empresas.infoempleo.com\/hrtrends\/la-vuelta-a-la-etica-empresarial\/#primaryimage\",\"url\":\"https:\/\/empresas.infoempleo.com\/hrtrends\/media\/2009\/07\/career-firefighter-relaxing-job-162540-150x150.jpeg\",\"contentUrl\":\"https:\/\/empresas.infoempleo.com\/hrtrends\/media\/2009\/07\/career-firefighter-relaxing-job-162540-150x150.jpeg\",\"width\":150,\"height\":150,\"caption\":\"Respeto en el trabajo\"},{\"@type\":\"BreadcrumbList\",\"@id\":\"https:\/\/empresas.infoempleo.com\/hrtrends\/la-vuelta-a-la-etica-empresarial\/#breadcrumb\",\"itemListElement\":[{\"@type\":\"ListItem\",\"position\":1,\"name\":\"Portada\",\"item\":\"https:\/\/empresas.infoempleo.com\/hrtrends\/\"},{\"@type\":\"ListItem\",\"position\":2,\"name\":\"La vuelta a la \u00e9tica empresarial\"}]},{\"@type\":\"WebSite\",\"@id\":\"https:\/\/empresas.infoempleo.com\/hrtrends\/#website\",\"url\":\"https:\/\/empresas.infoempleo.com\/hrtrends\",\"name\":\"HRTrends by Infoempleo\",\"description\":\"\",\"publisher\":{\"@id\":\"https:\/\/empresas.infoempleo.com\/hrtrends\/#organization\"},\"potentialAction\":{\"@type\":\"SearchAction\",\"target\":\"https:\/\/empresas.infoempleo.com\/hrtrends\/?s={search_term_string}\",\"query-input\":\"required name=search_term_string\"},\"inLanguage\":\"es\"},{\"@type\":\"Organization\",\"@id\":\"https:\/\/empresas.infoempleo.com\/hrtrends\/#organization\",\"name\":\"Infoempleo\",\"url\":\"https:\/\/www.infoempleo.com\/\",\"logo\":{\"@type\":\"ImageObject\",\"@id\":\"https:\/\/empresas.infoempleo.com\/hrtrends\/#logo\",\"inLanguage\":\"es\",\"url\":\"https:\/\/cdnazure.infoempleo.com\/infoempleo\/assets\/style\/gfx\/logo.svg\",\"contentUrl\":\"https:\/\/cdnazure.infoempleo.com\/infoempleo\/assets\/style\/gfx\/logo.svg\",\"width\":150,\"height\":40,\"caption\":\"Infoempleo\"},\"image\":{\"@id\":\"https:\/\/empresas.infoempleo.com\/hrtrends\/#logo\"},\"sameAs\":[\"https:\/\/www.facebook.com\/Infoempleo\",\"https:\/\/x.com\/infoempleo\",\"http:\/\/instagram.com\/infoempleo\/\",\"http:\/\/www.linkedin.com\/groups\/Empleo-Espa\u00f1a-Infoempleocom-111276\",\"http:\/\/pinterest.com\/infoempleo\/\"],\"address\":{\"@type\":\"PostalAddress\",\"addressLocality\":\"Madrid\",\"postalCode\":\"28050\",\"streetAddress\":\"Avenida de Burgos 114\"},\"brand\":[\"Infoempleo\"]},{\"@type\":\"Person\",\"@id\":\"https:\/\/empresas.infoempleo.com\/hrtrends\/#\/schema\/person\/67d3e276ffcc8b3ae0ebec816daf775a\",\"name\":\"infoempleo\",\"image\":{\"@type\":\"ImageObject\",\"inLanguage\":\"es\",\"@id\":\"https:\/\/empresas.infoempleo.com\/hrtrends\/#\/schema\/person\/image\/\",\"url\":\"https:\/\/secure.gravatar.com\/avatar\/7b437777242fe67d2473c2a818da2344692d1ee91e91080ccffbd97bcd4a0975?s=96&d=mm&r=g\",\"contentUrl\":\"https:\/\/secure.gravatar.com\/avatar\/7b437777242fe67d2473c2a818da2344692d1ee91e91080ccffbd97bcd4a0975?s=96&d=mm&r=g\",\"caption\":\"infoempleo\"},\"url\":\"https:\/\/empresas.infoempleo.com\/hrtrends\/author\/infoempleo\/\"}]}<\/script>\n<!-- \/ Yoast SEO plugin. -->","yoast_head_json":{"title":"La vuelta a la \u00e9tica empresarial | HRTRENDS","robots":{"index":"index","follow":"follow","max-snippet":"max-snippet:-1","max-image-preview":"max-image-preview:large","max-video-preview":"max-video-preview:-1"},"canonical":"https:\/\/empresas.infoempleo.com\/hrtrends\/la-vuelta-a-la-etica-empresarial\/","og_locale":"es_ES","og_type":"article","og_title":"La vuelta a la \u00e9tica empresarial | HRTRENDS","og_description":"Por Pablo Guti\u00e9rrez-Jodra, socio de Referal Partners-The Amrop Hever Group La cultura de una compa\u00f1\u00eda esta ligada, como Leer m\u00e1s","og_url":"https:\/\/empresas.infoempleo.com\/hrtrends\/la-vuelta-a-la-etica-empresarial\/","og_site_name":"HRTRENDS","article_publisher":"https:\/\/www.facebook.com\/Infoempleo","article_published_time":"2009-07-06T06:57:14+00:00","article_modified_time":"2022-10-13T14:46:08+00:00","og_image":[{"width":940,"height":627,"url":"https:\/\/empresas.infoempleo.com\/hrtrends\/media\/2009\/07\/career-firefighter-relaxing-job-162540.jpeg","type":"image\/jpeg"}],"author":"infoempleo","twitter_card":"summary_large_image","twitter_creator":"@infoempleo","twitter_site":"@infoempleo","twitter_misc":{"Escrito por":"infoempleo","Tiempo de lectura":"2 minutos"},"schema":{"@context":"https:\/\/schema.org","@graph":[{"@type":"NewsArticle","@id":"https:\/\/empresas.infoempleo.com\/hrtrends\/la-vuelta-a-la-etica-empresarial\/#article","isPartOf":{"@id":"https:\/\/empresas.infoempleo.com\/hrtrends\/la-vuelta-a-la-etica-empresarial\/"},"author":{"name":"infoempleo","@id":"https:\/\/empresas.infoempleo.com\/hrtrends\/#\/schema\/person\/67d3e276ffcc8b3ae0ebec816daf775a"},"headline":"La vuelta a la \u00e9tica empresarial","datePublished":"2009-07-06T06:57:14+00:00","dateModified":"2022-10-13T14:46:08+00:00","mainEntityOfPage":{"@id":"https:\/\/empresas.infoempleo.com\/hrtrends\/la-vuelta-a-la-etica-empresarial\/"},"wordCount":431,"publisher":{"@id":"https:\/\/empresas.infoempleo.com\/hrtrends\/#organization"},"image":{"@id":"https:\/\/empresas.infoempleo.com\/hrtrends\/la-vuelta-a-la-etica-empresarial\/#primaryimage"},"thumbnailUrl":"https:\/\/empresas.infoempleo.com\/hrtrends\/media\/2009\/07\/career-firefighter-relaxing-job-162540.jpeg","keywords":["directivos","empresarial","\u00e9tica","headhunter","Pablo Guti\u00e9rrez-Jodra","Referal Partners"],"articleSection":["Headhunters"],"inLanguage":"es","copyrightYear":"2009","copyrightHolder":{"@id":"https:\/\/empresas.infoempleo.com\/hrtrends\/#organization"}},{"@type":"WebPage","@id":"https:\/\/empresas.infoempleo.com\/hrtrends\/la-vuelta-a-la-etica-empresarial\/","url":"https:\/\/empresas.infoempleo.com\/hrtrends\/la-vuelta-a-la-etica-empresarial\/","name":"La vuelta a la \u00e9tica empresarial | HRTRENDS","isPartOf":{"@id":"https:\/\/empresas.infoempleo.com\/hrtrends\/#website"},"primaryImageOfPage":{"@id":"https:\/\/empresas.infoempleo.com\/hrtrends\/la-vuelta-a-la-etica-empresarial\/#primaryimage"},"image":{"@id":"https:\/\/empresas.infoempleo.com\/hrtrends\/la-vuelta-a-la-etica-empresarial\/#primaryimage"},"thumbnailUrl":"https:\/\/empresas.infoempleo.com\/hrtrends\/media\/2009\/07\/career-firefighter-relaxing-job-162540.jpeg","datePublished":"2009-07-06T06:57:14+00:00","dateModified":"2022-10-13T14:46:08+00:00","breadcrumb":{"@id":"https:\/\/empresas.infoempleo.com\/hrtrends\/la-vuelta-a-la-etica-empresarial\/#breadcrumb"},"inLanguage":"es","potentialAction":[{"@type":"ReadAction","target":["https:\/\/empresas.infoempleo.com\/hrtrends\/la-vuelta-a-la-etica-empresarial\/"]}]},{"@type":"ImageObject","inLanguage":"es","@id":"https:\/\/empresas.infoempleo.com\/hrtrends\/la-vuelta-a-la-etica-empresarial\/#primaryimage","url":"https:\/\/empresas.infoempleo.com\/hrtrends\/media\/2009\/07\/career-firefighter-relaxing-job-162540-150x150.jpeg","contentUrl":"https:\/\/empresas.infoempleo.com\/hrtrends\/media\/2009\/07\/career-firefighter-relaxing-job-162540-150x150.jpeg","width":150,"height":150,"caption":"Respeto en el trabajo"},{"@type":"BreadcrumbList","@id":"https:\/\/empresas.infoempleo.com\/hrtrends\/la-vuelta-a-la-etica-empresarial\/#breadcrumb","itemListElement":[{"@type":"ListItem","position":1,"name":"Portada","item":"https:\/\/empresas.infoempleo.com\/hrtrends\/"},{"@type":"ListItem","position":2,"name":"La vuelta a la \u00e9tica empresarial"}]},{"@type":"WebSite","@id":"https:\/\/empresas.infoempleo.com\/hrtrends\/#website","url":"https:\/\/empresas.infoempleo.com\/hrtrends","name":"HRTrends by Infoempleo","description":"","publisher":{"@id":"https:\/\/empresas.infoempleo.com\/hrtrends\/#organization"},"potentialAction":{"@type":"SearchAction","target":"https:\/\/empresas.infoempleo.com\/hrtrends\/?s={search_term_string}","query-input":"required name=search_term_string"},"inLanguage":"es"},{"@type":"Organization","@id":"https:\/\/empresas.infoempleo.com\/hrtrends\/#organization","name":"Infoempleo","url":"https:\/\/www.infoempleo.com\/","logo":{"@type":"ImageObject","@id":"https:\/\/empresas.infoempleo.com\/hrtrends\/#logo","inLanguage":"es","url":"https:\/\/cdnazure.infoempleo.com\/infoempleo\/assets\/style\/gfx\/logo.svg","contentUrl":"https:\/\/cdnazure.infoempleo.com\/infoempleo\/assets\/style\/gfx\/logo.svg","width":150,"height":40,"caption":"Infoempleo"},"image":{"@id":"https:\/\/empresas.infoempleo.com\/hrtrends\/#logo"},"sameAs":["https:\/\/www.facebook.com\/Infoempleo","https:\/\/x.com\/infoempleo","http:\/\/instagram.com\/infoempleo\/","http:\/\/www.linkedin.com\/groups\/Empleo-Espa\u00f1a-Infoempleocom-111276","http:\/\/pinterest.com\/infoempleo\/"],"address":{"@type":"PostalAddress","addressLocality":"Madrid","postalCode":"28050","streetAddress":"Avenida de Burgos 114"},"brand":["Infoempleo"]},{"@type":"Person","@id":"https:\/\/empresas.infoempleo.com\/hrtrends\/#\/schema\/person\/67d3e276ffcc8b3ae0ebec816daf775a","name":"infoempleo","image":{"@type":"ImageObject","inLanguage":"es","@id":"https:\/\/empresas.infoempleo.com\/hrtrends\/#\/schema\/person\/image\/","url":"https:\/\/secure.gravatar.com\/avatar\/7b437777242fe67d2473c2a818da2344692d1ee91e91080ccffbd97bcd4a0975?s=96&d=mm&r=g","contentUrl":"https:\/\/secure.gravatar.com\/avatar\/7b437777242fe67d2473c2a818da2344692d1ee91e91080ccffbd97bcd4a0975?s=96&d=mm&r=g","caption":"infoempleo"},"url":"https:\/\/empresas.infoempleo.com\/hrtrends\/author\/infoempleo\/"}]}},"amp_enabled":true,"_links":{"self":[{"href":"https:\/\/empresas.infoempleo.com\/hrtrends\/wp-json\/wp\/v2\/posts\/1816","targetHints":{"allow":["GET"]}}],"collection":[{"href":"https:\/\/empresas.infoempleo.com\/hrtrends\/wp-json\/wp\/v2\/posts"}],"about":[{"href":"https:\/\/empresas.infoempleo.com\/hrtrends\/wp-json\/wp\/v2\/types\/post"}],"author":[{"embeddable":true,"href":"https:\/\/empresas.infoempleo.com\/hrtrends\/wp-json\/wp\/v2\/users\/72"}],"replies":[{"embeddable":true,"href":"https:\/\/empresas.infoempleo.com\/hrtrends\/wp-json\/wp\/v2\/comments?post=1816"}],"version-history":[{"count":1,"href":"https:\/\/empresas.infoempleo.com\/hrtrends\/wp-json\/wp\/v2\/posts\/1816\/revisions"}],"predecessor-version":[{"id":41193,"href":"https:\/\/empresas.infoempleo.com\/hrtrends\/wp-json\/wp\/v2\/posts\/1816\/revisions\/41193"}],"wp:featuredmedia":[{"embeddable":true,"href":"https:\/\/empresas.infoempleo.com\/hrtrends\/wp-json\/wp\/v2\/media\/29809"}],"wp:attachment":[{"href":"https:\/\/empresas.infoempleo.com\/hrtrends\/wp-json\/wp\/v2\/media?parent=1816"}],"wp:term":[{"taxonomy":"category","embeddable":true,"href":"https:\/\/empresas.infoempleo.com\/hrtrends\/wp-json\/wp\/v2\/categories?post=1816"},{"taxonomy":"post_tag","embeddable":true,"href":"https:\/\/empresas.infoempleo.com\/hrtrends\/wp-json\/wp\/v2\/tags?post=1816"}],"curies":[{"name":"wp","href":"https:\/\/api.w.org\/{rel}","templated":true}]}}