{"id":1806,"date":"2009-07-06T07:55:03","date_gmt":"2009-07-06T06:55:03","guid":{"rendered":"http:\/\/blog.infoempleo.com\/?p=1806"},"modified":"2024-08-29T17:39:50","modified_gmt":"2024-08-29T15:39:50","slug":"nuevos-profesionales-en-sus-puestos-5","status":"publish","type":"post","link":"https:\/\/empresas.infoempleo.com\/hrtrends\/nuevos-profesionales-en-sus-puestos-5\/","title":{"rendered":"Nuevos profesionales en sus puestos"},"content":{"rendered":"<p>\u00a0<\/p>\n<p><strong>Pablo Claver, consejero delegado del Grupo Demos<\/strong><\/p>\n<p>El grupo franc\u00e9s Demos Group, especializado en consultor\u00eda de formaci\u00f3n y e-learning,\u00a0ha nombrado por primera vez en su trayectoria a un consejero for\u00e1neo, el madrile\u00f1o Pablo Claver Mart\u00edn. Sus inicios en la compa\u00f1\u00eda se remontan quince a\u00f1os atr\u00e1s cuando fund\u00f3 la consultora de formaci\u00f3n y e-learning Global Estrategias.<\/p>\n<p>Claver es PDG por IESE y licenciado en Gesti\u00f3n Comercial y Marketing por ESIC. Inici\u00f3 su carrera profesional como responsable de marca para la cadena UDACO. Posteriormente ejerci\u00f3 como profesor en BAI y director de Iniciativas Empresariales en Madrid. En 1994 fund\u00f3 junto a otros socios Global Estrategias, consultora de formaci\u00f3n con presencia en Espa\u00f1a y Portugal.<\/p>\n<p>\u00a0<\/p>\n<p style=\"text-align: left\"><strong>Luis S\u00e1nchez Peiro, socio director general de Inteliex<\/strong><\/p>\n<p style=\"text-align: left\">Luis S\u00e1nchez Peiro ha sido nombrado socio director general de<strong> <\/strong>Inteliex, primera empresa espa\u00f1ola de consultor\u00eda especializada en Inteligencia y Gesti\u00f3n de Crisis Empresarial.<\/p>\n<p style=\"text-align: left\">Antes de incorporarse a esta firma, S\u00e1nchez Peiro desempe\u00f1\u00f3, entre otros, los cargos de associate managing directo<em>r<\/em> en la consultora multinacional estadounidense Kroll (Marsh &amp; McLennan Co<em>.<\/em>) y subdirector general de Conducci\u00f3n de Crisis en la Presidencia del Gobierno de Espa\u00f1a.<\/p>\n<p style=\"text-align: left\">\u00a0<\/p>\n<p style=\"text-align: left\">\n<p style=\"text-align: left\"><strong>Rosa Cruz, directora de ventas de servicios de <a class=\"wp-caption-dd\" title=\"Sun Microsystems\" href=\"https:\/\/www.oracle.com\/es\/\" target=\"_blank\" rel=\"noopener\">Sun Microsystems <\/a>para el Sur de Europa<\/strong><\/p>\n<p>Rosa Cruz se incorpor\u00f3 a Sun Microsystems Ib\u00e9rica en 1995 como directora de Marketing de Servicios para Espa\u00f1a. Desde esta posici\u00f3n fue promocionada en 2000 como directora de Marketing de Servicios para SEAME (Sur de Europa, Europa del Este y \u00c1frica) cargo que desempe\u00f1\u00f3 hasta 2003.<\/p>\n<p>La ejecutiva pas\u00f3 a formar parte del Comit\u00e9 de Direcci\u00f3n en julio de 2006 y, desde julio de 2008, ha sido la directora de la Pr\u00e1ctica de Servicios de Sun.<\/p>\n<p style=\"text-align: left\">\u00a0<\/p>\n<p style=\"text-align: left\">\n<p style=\"text-align: left\"><strong>Jos\u00e9 Ram\u00f3n Fern\u00e1ndez de Alarc\u00f3n, country manager en Espa\u00f1a y Portugal de <\/strong><a class=\"wp-caption-dd\" title=\"Blue Coat Espa\u00f1a\" href=\"https:\/\/www.broadcom.com\/\" target=\"_blank\" rel=\"noopener\"><strong>Blue Coat<\/strong><\/a><\/p>\n<p>Jos\u00e9 Ram\u00f3n Fern\u00e1ndez de Alarc\u00f3n se incorpor\u00f3 a Blue Coat, firma experta en tecnolog\u00eda de <a class=\"wp-caption-dd\" title=\"Networking system\" href=\"https:\/\/www.broadcom.com\/\" target=\"_blank\" rel=\"noopener\">application delivery networking<\/a>,\u00a0con la adquisici\u00f3n de Packeteer, empresa de la que fue country manager para Espa\u00f1a y Portugal. Previamente, hab\u00eda sido director general de Secuware, empresa espa\u00f1ola especializada en software de seguridad inform\u00e1tica, y\u00a0director en Jazztel.<\/p>\n<p>Juan Grau, que hasta ahora ostentaba este cargo dentro de Blue Coat, ha sido promocionado a una posici\u00f3n global dentro de la compa\u00f1\u00eda, como Service Provider Director para Iberia y Latinoam\u00e9rica.<\/p>\n","protected":false},"excerpt":{"rendered":"<p>\u00a0 Pablo Claver, consejero delegado del Grupo Demos El grupo franc\u00e9s Demos Group, especializado en consultor\u00eda de formaci\u00f3n<a class=\"moretag\" href=\"https:\/\/empresas.infoempleo.com\/hrtrends\/nuevos-profesionales-en-sus-puestos-5\/\"> Leer m\u00e1s<\/a><\/p>\n","protected":false},"author":72,"featured_media":29665,"comment_status":"closed","ping_status":"open","sticky":false,"template":"","format":"standard","meta":{"footnotes":""},"categories":[3],"tags":[293,177,294,178,70,295,46],"class_list":["post-1806","post","type-post","status-publish","format-standard","has-post-thumbnail","hentry","category-actualidad","tag-carrera","tag-director","tag-nombrado","tag-nombramientos","tag-rrhh","tag-socio","tag-trayectoria"],"yoast_head":"<!-- This site is optimized with the Yoast SEO plugin v26.1.1 - https:\/\/yoast.com\/wordpress\/plugins\/seo\/ -->\n<title>Nuevos profesionales en sus puestos | HRTRENDS<\/title>\n<meta name=\"robots\" content=\"index, follow, max-snippet:-1, max-image-preview:large, max-video-preview:-1\" \/>\n<link rel=\"canonical\" href=\"https:\/\/empresas.infoempleo.com\/hrtrends\/nuevos-profesionales-en-sus-puestos-5\/\" \/>\n<meta property=\"og:locale\" content=\"es_ES\" \/>\n<meta property=\"og:type\" content=\"article\" \/>\n<meta property=\"og:title\" content=\"Nuevos profesionales en sus puestos | HRTRENDS\" \/>\n<meta property=\"og:description\" content=\"\u00a0 Pablo Claver, consejero delegado del Grupo Demos El grupo franc\u00e9s Demos Group, especializado en consultor\u00eda de formaci\u00f3n Leer m\u00e1s\" \/>\n<meta property=\"og:url\" content=\"https:\/\/empresas.infoempleo.com\/hrtrends\/nuevos-profesionales-en-sus-puestos-5\/\" \/>\n<meta property=\"og:site_name\" content=\"HRTRENDS\" \/>\n<meta property=\"article:publisher\" content=\"https:\/\/www.facebook.com\/Infoempleo\" \/>\n<meta property=\"article:published_time\" content=\"2009-07-06T06:55:03+00:00\" \/>\n<meta property=\"article:modified_time\" content=\"2024-08-29T15:39:50+00:00\" \/>\n<meta name=\"author\" content=\"infoempleo\" \/>\n<meta name=\"twitter:card\" content=\"summary_large_image\" \/>\n<meta name=\"twitter:creator\" content=\"@infoempleo\" \/>\n<meta name=\"twitter:site\" content=\"@infoempleo\" \/>\n<meta name=\"twitter:label1\" content=\"Escrito por\" \/>\n\t<meta name=\"twitter:data1\" content=\"infoempleo\" \/>\n\t<meta name=\"twitter:label2\" content=\"Tiempo de lectura\" \/>\n\t<meta name=\"twitter:data2\" content=\"2 minutos\" \/>\n<script type=\"application\/ld+json\" class=\"yoast-schema-graph\">{\"@context\":\"https:\/\/schema.org\",\"@graph\":[{\"@type\":\"NewsArticle\",\"@id\":\"https:\/\/empresas.infoempleo.com\/hrtrends\/nuevos-profesionales-en-sus-puestos-5\/#article\",\"isPartOf\":{\"@id\":\"https:\/\/empresas.infoempleo.com\/hrtrends\/nuevos-profesionales-en-sus-puestos-5\/\"},\"author\":{\"name\":\"infoempleo\",\"@id\":\"https:\/\/empresas.infoempleo.com\/hrtrends\/#\/schema\/person\/67d3e276ffcc8b3ae0ebec816daf775a\"},\"headline\":\"Nuevos profesionales en sus puestos\",\"datePublished\":\"2009-07-06T06:55:03+00:00\",\"dateModified\":\"2024-08-29T15:39:50+00:00\",\"mainEntityOfPage\":{\"@id\":\"https:\/\/empresas.infoempleo.com\/hrtrends\/nuevos-profesionales-en-sus-puestos-5\/\"},\"wordCount\":416,\"publisher\":{\"@id\":\"https:\/\/empresas.infoempleo.com\/hrtrends\/#organization\"},\"image\":{\"@id\":\"https:\/\/empresas.infoempleo.com\/hrtrends\/nuevos-profesionales-en-sus-puestos-5\/#primaryimage\"},\"thumbnailUrl\":\"https:\/\/empresas.infoempleo.com\/hrtrends\/media\/2017\/05\/pexels-photo-205508.jpg\",\"keywords\":[\"carrera\",\"director\",\"nombrado\",\"Nombramientos\",\"RRHH\",\"socio\",\"trayectoria\"],\"articleSection\":[\"Actualidad\"],\"inLanguage\":\"es\",\"copyrightYear\":\"2009\",\"copyrightHolder\":{\"@id\":\"https:\/\/empresas.infoempleo.com\/hrtrends\/#organization\"}},{\"@type\":\"WebPage\",\"@id\":\"https:\/\/empresas.infoempleo.com\/hrtrends\/nuevos-profesionales-en-sus-puestos-5\/\",\"url\":\"https:\/\/empresas.infoempleo.com\/hrtrends\/nuevos-profesionales-en-sus-puestos-5\/\",\"name\":\"Nuevos profesionales en sus puestos | HRTRENDS\",\"isPartOf\":{\"@id\":\"https:\/\/empresas.infoempleo.com\/hrtrends\/#website\"},\"primaryImageOfPage\":{\"@id\":\"https:\/\/empresas.infoempleo.com\/hrtrends\/nuevos-profesionales-en-sus-puestos-5\/#primaryimage\"},\"image\":{\"@id\":\"https:\/\/empresas.infoempleo.com\/hrtrends\/nuevos-profesionales-en-sus-puestos-5\/#primaryimage\"},\"thumbnailUrl\":\"https:\/\/empresas.infoempleo.com\/hrtrends\/media\/2017\/05\/pexels-photo-205508.jpg\",\"datePublished\":\"2009-07-06T06:55:03+00:00\",\"dateModified\":\"2024-08-29T15:39:50+00:00\",\"breadcrumb\":{\"@id\":\"https:\/\/empresas.infoempleo.com\/hrtrends\/nuevos-profesionales-en-sus-puestos-5\/#breadcrumb\"},\"inLanguage\":\"es\",\"potentialAction\":[{\"@type\":\"ReadAction\",\"target\":[\"https:\/\/empresas.infoempleo.com\/hrtrends\/nuevos-profesionales-en-sus-puestos-5\/\"]}]},{\"@type\":\"ImageObject\",\"inLanguage\":\"es\",\"@id\":\"https:\/\/empresas.infoempleo.com\/hrtrends\/nuevos-profesionales-en-sus-puestos-5\/#primaryimage\",\"url\":\"https:\/\/empresas.infoempleo.com\/hrtrends\/media\/2017\/05\/pexels-photo-205508-150x150.jpg\",\"contentUrl\":\"https:\/\/empresas.infoempleo.com\/hrtrends\/media\/2017\/05\/pexels-photo-205508-150x150.jpg\",\"width\":150,\"height\":150},{\"@type\":\"BreadcrumbList\",\"@id\":\"https:\/\/empresas.infoempleo.com\/hrtrends\/nuevos-profesionales-en-sus-puestos-5\/#breadcrumb\",\"itemListElement\":[{\"@type\":\"ListItem\",\"position\":1,\"name\":\"Portada\",\"item\":\"https:\/\/empresas.infoempleo.com\/hrtrends\/\"},{\"@type\":\"ListItem\",\"position\":2,\"name\":\"Nuevos profesionales en sus puestos\"}]},{\"@type\":\"WebSite\",\"@id\":\"https:\/\/empresas.infoempleo.com\/hrtrends\/#website\",\"url\":\"https:\/\/empresas.infoempleo.com\/hrtrends\",\"name\":\"HRTrends by Infoempleo\",\"description\":\"\",\"publisher\":{\"@id\":\"https:\/\/empresas.infoempleo.com\/hrtrends\/#organization\"},\"potentialAction\":{\"@type\":\"SearchAction\",\"target\":\"https:\/\/empresas.infoempleo.com\/hrtrends\/?s={search_term_string}\",\"query-input\":\"required name=search_term_string\"},\"inLanguage\":\"es\"},{\"@type\":\"Organization\",\"@id\":\"https:\/\/empresas.infoempleo.com\/hrtrends\/#organization\",\"name\":\"Infoempleo\",\"url\":\"https:\/\/www.infoempleo.com\/\",\"logo\":{\"@type\":\"ImageObject\",\"@id\":\"https:\/\/empresas.infoempleo.com\/hrtrends\/#logo\",\"inLanguage\":\"es\",\"url\":\"https:\/\/cdnazure.infoempleo.com\/infoempleo\/assets\/style\/gfx\/logo.svg\",\"contentUrl\":\"https:\/\/cdnazure.infoempleo.com\/infoempleo\/assets\/style\/gfx\/logo.svg\",\"width\":150,\"height\":40,\"caption\":\"Infoempleo\"},\"image\":{\"@id\":\"https:\/\/empresas.infoempleo.com\/hrtrends\/#logo\"},\"sameAs\":[\"https:\/\/www.facebook.com\/Infoempleo\",\"https:\/\/x.com\/infoempleo\",\"http:\/\/instagram.com\/infoempleo\/\",\"http:\/\/www.linkedin.com\/groups\/Empleo-Espa\u00f1a-Infoempleocom-111276\",\"http:\/\/pinterest.com\/infoempleo\/\"],\"address\":{\"@type\":\"PostalAddress\",\"addressLocality\":\"Madrid\",\"postalCode\":\"28050\",\"streetAddress\":\"Avenida de Burgos 114\"},\"brand\":[\"Infoempleo\"]},{\"@type\":\"Person\",\"@id\":\"https:\/\/empresas.infoempleo.com\/hrtrends\/#\/schema\/person\/67d3e276ffcc8b3ae0ebec816daf775a\",\"name\":\"infoempleo\",\"image\":{\"@type\":\"ImageObject\",\"inLanguage\":\"es\",\"@id\":\"https:\/\/empresas.infoempleo.com\/hrtrends\/#\/schema\/person\/image\/\",\"url\":\"https:\/\/secure.gravatar.com\/avatar\/7b437777242fe67d2473c2a818da2344692d1ee91e91080ccffbd97bcd4a0975?s=96&d=mm&r=g\",\"contentUrl\":\"https:\/\/secure.gravatar.com\/avatar\/7b437777242fe67d2473c2a818da2344692d1ee91e91080ccffbd97bcd4a0975?s=96&d=mm&r=g\",\"caption\":\"infoempleo\"},\"url\":\"https:\/\/empresas.infoempleo.com\/hrtrends\/author\/infoempleo\/\"}]}<\/script>\n<!-- \/ Yoast SEO plugin. -->","yoast_head_json":{"title":"Nuevos profesionales en sus puestos | HRTRENDS","robots":{"index":"index","follow":"follow","max-snippet":"max-snippet:-1","max-image-preview":"max-image-preview:large","max-video-preview":"max-video-preview:-1"},"canonical":"https:\/\/empresas.infoempleo.com\/hrtrends\/nuevos-profesionales-en-sus-puestos-5\/","og_locale":"es_ES","og_type":"article","og_title":"Nuevos profesionales en sus puestos | HRTRENDS","og_description":"\u00a0 Pablo Claver, consejero delegado del Grupo Demos El grupo franc\u00e9s Demos Group, especializado en consultor\u00eda de formaci\u00f3n Leer m\u00e1s","og_url":"https:\/\/empresas.infoempleo.com\/hrtrends\/nuevos-profesionales-en-sus-puestos-5\/","og_site_name":"HRTRENDS","article_publisher":"https:\/\/www.facebook.com\/Infoempleo","article_published_time":"2009-07-06T06:55:03+00:00","article_modified_time":"2024-08-29T15:39:50+00:00","author":"infoempleo","twitter_card":"summary_large_image","twitter_creator":"@infoempleo","twitter_site":"@infoempleo","twitter_misc":{"Escrito por":"infoempleo","Tiempo de lectura":"2 minutos"},"schema":{"@context":"https:\/\/schema.org","@graph":[{"@type":"NewsArticle","@id":"https:\/\/empresas.infoempleo.com\/hrtrends\/nuevos-profesionales-en-sus-puestos-5\/#article","isPartOf":{"@id":"https:\/\/empresas.infoempleo.com\/hrtrends\/nuevos-profesionales-en-sus-puestos-5\/"},"author":{"name":"infoempleo","@id":"https:\/\/empresas.infoempleo.com\/hrtrends\/#\/schema\/person\/67d3e276ffcc8b3ae0ebec816daf775a"},"headline":"Nuevos profesionales en sus puestos","datePublished":"2009-07-06T06:55:03+00:00","dateModified":"2024-08-29T15:39:50+00:00","mainEntityOfPage":{"@id":"https:\/\/empresas.infoempleo.com\/hrtrends\/nuevos-profesionales-en-sus-puestos-5\/"},"wordCount":416,"publisher":{"@id":"https:\/\/empresas.infoempleo.com\/hrtrends\/#organization"},"image":{"@id":"https:\/\/empresas.infoempleo.com\/hrtrends\/nuevos-profesionales-en-sus-puestos-5\/#primaryimage"},"thumbnailUrl":"https:\/\/empresas.infoempleo.com\/hrtrends\/media\/2017\/05\/pexels-photo-205508.jpg","keywords":["carrera","director","nombrado","Nombramientos","RRHH","socio","trayectoria"],"articleSection":["Actualidad"],"inLanguage":"es","copyrightYear":"2009","copyrightHolder":{"@id":"https:\/\/empresas.infoempleo.com\/hrtrends\/#organization"}},{"@type":"WebPage","@id":"https:\/\/empresas.infoempleo.com\/hrtrends\/nuevos-profesionales-en-sus-puestos-5\/","url":"https:\/\/empresas.infoempleo.com\/hrtrends\/nuevos-profesionales-en-sus-puestos-5\/","name":"Nuevos profesionales en sus puestos | HRTRENDS","isPartOf":{"@id":"https:\/\/empresas.infoempleo.com\/hrtrends\/#website"},"primaryImageOfPage":{"@id":"https:\/\/empresas.infoempleo.com\/hrtrends\/nuevos-profesionales-en-sus-puestos-5\/#primaryimage"},"image":{"@id":"https:\/\/empresas.infoempleo.com\/hrtrends\/nuevos-profesionales-en-sus-puestos-5\/#primaryimage"},"thumbnailUrl":"https:\/\/empresas.infoempleo.com\/hrtrends\/media\/2017\/05\/pexels-photo-205508.jpg","datePublished":"2009-07-06T06:55:03+00:00","dateModified":"2024-08-29T15:39:50+00:00","breadcrumb":{"@id":"https:\/\/empresas.infoempleo.com\/hrtrends\/nuevos-profesionales-en-sus-puestos-5\/#breadcrumb"},"inLanguage":"es","potentialAction":[{"@type":"ReadAction","target":["https:\/\/empresas.infoempleo.com\/hrtrends\/nuevos-profesionales-en-sus-puestos-5\/"]}]},{"@type":"ImageObject","inLanguage":"es","@id":"https:\/\/empresas.infoempleo.com\/hrtrends\/nuevos-profesionales-en-sus-puestos-5\/#primaryimage","url":"https:\/\/empresas.infoempleo.com\/hrtrends\/media\/2017\/05\/pexels-photo-205508-150x150.jpg","contentUrl":"https:\/\/empresas.infoempleo.com\/hrtrends\/media\/2017\/05\/pexels-photo-205508-150x150.jpg","width":150,"height":150},{"@type":"BreadcrumbList","@id":"https:\/\/empresas.infoempleo.com\/hrtrends\/nuevos-profesionales-en-sus-puestos-5\/#breadcrumb","itemListElement":[{"@type":"ListItem","position":1,"name":"Portada","item":"https:\/\/empresas.infoempleo.com\/hrtrends\/"},{"@type":"ListItem","position":2,"name":"Nuevos profesionales en sus puestos"}]},{"@type":"WebSite","@id":"https:\/\/empresas.infoempleo.com\/hrtrends\/#website","url":"https:\/\/empresas.infoempleo.com\/hrtrends","name":"HRTrends by Infoempleo","description":"","publisher":{"@id":"https:\/\/empresas.infoempleo.com\/hrtrends\/#organization"},"potentialAction":{"@type":"SearchAction","target":"https:\/\/empresas.infoempleo.com\/hrtrends\/?s={search_term_string}","query-input":"required name=search_term_string"},"inLanguage":"es"},{"@type":"Organization","@id":"https:\/\/empresas.infoempleo.com\/hrtrends\/#organization","name":"Infoempleo","url":"https:\/\/www.infoempleo.com\/","logo":{"@type":"ImageObject","@id":"https:\/\/empresas.infoempleo.com\/hrtrends\/#logo","inLanguage":"es","url":"https:\/\/cdnazure.infoempleo.com\/infoempleo\/assets\/style\/gfx\/logo.svg","contentUrl":"https:\/\/cdnazure.infoempleo.com\/infoempleo\/assets\/style\/gfx\/logo.svg","width":150,"height":40,"caption":"Infoempleo"},"image":{"@id":"https:\/\/empresas.infoempleo.com\/hrtrends\/#logo"},"sameAs":["https:\/\/www.facebook.com\/Infoempleo","https:\/\/x.com\/infoempleo","http:\/\/instagram.com\/infoempleo\/","http:\/\/www.linkedin.com\/groups\/Empleo-Espa\u00f1a-Infoempleocom-111276","http:\/\/pinterest.com\/infoempleo\/"],"address":{"@type":"PostalAddress","addressLocality":"Madrid","postalCode":"28050","streetAddress":"Avenida de Burgos 114"},"brand":["Infoempleo"]},{"@type":"Person","@id":"https:\/\/empresas.infoempleo.com\/hrtrends\/#\/schema\/person\/67d3e276ffcc8b3ae0ebec816daf775a","name":"infoempleo","image":{"@type":"ImageObject","inLanguage":"es","@id":"https:\/\/empresas.infoempleo.com\/hrtrends\/#\/schema\/person\/image\/","url":"https:\/\/secure.gravatar.com\/avatar\/7b437777242fe67d2473c2a818da2344692d1ee91e91080ccffbd97bcd4a0975?s=96&d=mm&r=g","contentUrl":"https:\/\/secure.gravatar.com\/avatar\/7b437777242fe67d2473c2a818da2344692d1ee91e91080ccffbd97bcd4a0975?s=96&d=mm&r=g","caption":"infoempleo"},"url":"https:\/\/empresas.infoempleo.com\/hrtrends\/author\/infoempleo\/"}]}},"amp_enabled":true,"_links":{"self":[{"href":"https:\/\/empresas.infoempleo.com\/hrtrends\/wp-json\/wp\/v2\/posts\/1806","targetHints":{"allow":["GET"]}}],"collection":[{"href":"https:\/\/empresas.infoempleo.com\/hrtrends\/wp-json\/wp\/v2\/posts"}],"about":[{"href":"https:\/\/empresas.infoempleo.com\/hrtrends\/wp-json\/wp\/v2\/types\/post"}],"author":[{"embeddable":true,"href":"https:\/\/empresas.infoempleo.com\/hrtrends\/wp-json\/wp\/v2\/users\/72"}],"replies":[{"embeddable":true,"href":"https:\/\/empresas.infoempleo.com\/hrtrends\/wp-json\/wp\/v2\/comments?post=1806"}],"version-history":[{"count":7,"href":"https:\/\/empresas.infoempleo.com\/hrtrends\/wp-json\/wp\/v2\/posts\/1806\/revisions"}],"predecessor-version":[{"id":44700,"href":"https:\/\/empresas.infoempleo.com\/hrtrends\/wp-json\/wp\/v2\/posts\/1806\/revisions\/44700"}],"wp:featuredmedia":[{"embeddable":true,"href":"https:\/\/empresas.infoempleo.com\/hrtrends\/wp-json\/wp\/v2\/media\/29665"}],"wp:attachment":[{"href":"https:\/\/empresas.infoempleo.com\/hrtrends\/wp-json\/wp\/v2\/media?parent=1806"}],"wp:term":[{"taxonomy":"category","embeddable":true,"href":"https:\/\/empresas.infoempleo.com\/hrtrends\/wp-json\/wp\/v2\/categories?post=1806"},{"taxonomy":"post_tag","embeddable":true,"href":"https:\/\/empresas.infoempleo.com\/hrtrends\/wp-json\/wp\/v2\/tags?post=1806"}],"curies":[{"name":"wp","href":"https:\/\/api.w.org\/{rel}","templated":true}]}}