{"id":17974,"date":"2014-02-18T08:30:26","date_gmt":"2014-02-18T07:30:26","guid":{"rendered":"http:\/\/blog.infoempleo.com\/?p=17974"},"modified":"2018-05-23T16:58:19","modified_gmt":"2018-05-23T14:58:19","slug":"cosas-que-un-empleado-deberia-preguntarle-a-su-jefe","status":"publish","type":"post","link":"https:\/\/empresas.infoempleo.com\/hrtrends\/cosas-que-un-empleado-deberia-preguntarle-a-su-jefe\/","title":{"rendered":"Cosas que un empleado deber\u00eda preguntarle a su jefe"},"content":{"rendered":"<p>A menudo, la relaci\u00f3n que tienen los miembros de un equipo marca el ambiente de trabajo que se respira dentro de una empresa. Una de las relaciones m\u00e1s importantes que se establecen en el entorno laboral es la de los empleados con sus superiores.<\/p>\n<p><strong>Joe Magee<\/strong>, docente en la <strong>Stern School of Business de la Universidad de Nueva York<\/strong>, ofrece una lista de las <strong>diez preguntas que todo empleado deber\u00eda hacer a su jefe<\/strong> con el objetivo de que sus respuestas ayuden a desarrollar mejor el trabajo y contribuyan a establecer una relaci\u00f3n m\u00e1s cercana entre jefe y empleado.<\/p>\n<p><strong>1. \u00bfCu\u00e1l fue su trabajo anterior?<\/strong><br \/>\nSaber un poco m\u00e1s sobre la experiencia profesionar del jefe nos puede ayudar a conocer lo preparado que est\u00e1 con respecto a determinadas \u00e1reas y en qu\u00e9 aspectos podemos complementar.<\/p>\n<p><strong>2. \u00bfC\u00f3mo consigui\u00f3 su puesto actual?<\/strong><br \/>\nSaber si ha sido promocionado dentro de la propia empresa o ha sido un fichaje estrella del exterior. Seg\u00fan J. Magee, \u201cesa informaci\u00f3n le puede decir lo que otros piensan acerca de su jefe\u201d<\/p>\n<p><strong>3. \u00bfCu\u00e1les son sus aspiraciones profesionales?<\/strong><br \/>\nSu respuesta nos servir\u00e1 para conocer un poco m\u00e1s sobre sus pr\u00f3ximos pasos. Saber si quiere seguir ascendiendo, quedarse donde est\u00e1, o moverse lateralmente hacia otra posici\u00f3n o departamento.<\/p>\n<p><strong>4. \u00bfQu\u00e9 es lo que valora de su trabajo?<\/strong><br \/>\nEsta respuesta descubrir\u00e1 las verdaderas motivaciones que mueven a nuestro superior. Sabremos qu\u00e9 valora m\u00e1s de la empresa, desde el propio salario mensual hasta el reconocimiento dentro de la compa\u00f1\u00eda.<\/p>\n<p><strong>5. \u00bfEn d\u00f3nde encaja en la estructura de poder de la oficina?<\/strong><br \/>\nPuede que conozcamos el cargo en papel del jefe y que desconozcamos que podr\u00eda tener un alto grado de influencia sobre otras personas. De ser as\u00ed, esa influencia podr\u00eda contribuir a que el equipo saque adelante ciertas iniciativas antes de lo esperado.<\/p>\n<p><strong>6. \u00bfQu\u00e9 tipo de relaci\u00f3n tiene con su jefe?<\/strong><br \/>\nLa relaci\u00f3n que mantiene con su jefe podr\u00eda afectar en los dem\u00e1s subordinados, entre ellos, nosotros.<\/p>\n<p><strong>7. \u00bfApuesta por su equipo?<\/strong><br \/>\nEs fundamental conocer si est\u00e1 dispuesto a dar la cara por sus colaboradores, por su equipo. Incluso en los momentos m\u00e1s dif\u00edciles.<br \/>\n<strong>8. \u00bfCu\u00e1l es su estilo de direcci\u00f3n?<\/strong><br \/>\nDependiendo de su respuesta, podemos adaptarnos m\u00e1s r\u00e1pido al estilo de direcci\u00f3n, conocer c\u00f3mo es su liderazgo.<\/p>\n<p><strong>9. \u00bfQu\u00e9 valora m\u00e1s de los informes de sus subordinados?<\/strong><br \/>\nLa creatividad, la eficacia, la autonom\u00eda, la atenci\u00f3n a los detalles\u2026<\/p>\n<p><strong>10. \u00bfQu\u00e9 le gusta hacer fuera de la oficina?<\/strong><br \/>\nConocer los gustos y aficiones nos puede ayudar a establecer una relaci\u00f3n m\u00e1s cercana con \u00e9l y dar lugar a conversaciones m\u00e1s all\u00e1 de las que tienen que ver con el trabajo y la oficina. Siempre evitando cruzar los l\u00edmites, claro.<\/p>\n<p>&nbsp;<\/p>\n<p>&nbsp;<\/p>\n","protected":false},"excerpt":{"rendered":"<p>A menudo, la relaci\u00f3n que tienen los miembros de un equipo marca el ambiente de trabajo que se<a class=\"moretag\" href=\"https:\/\/empresas.infoempleo.com\/hrtrends\/cosas-que-un-empleado-deberia-preguntarle-a-su-jefe\/\"> Leer m\u00e1s<\/a><\/p>\n","protected":false},"author":76,"featured_media":17995,"comment_status":"closed","ping_status":"open","sticky":false,"template":"","format":"standard","meta":{"footnotes":""},"categories":[3],"tags":[540,37],"class_list":["post-17974","post","type-post","status-publish","format-standard","has-post-thumbnail","hentry","category-actualidad","tag-consejos-2","tag-trabajo"],"yoast_head":"<!-- This site is optimized with the Yoast SEO plugin v26.1.1 - https:\/\/yoast.com\/wordpress\/plugins\/seo\/ -->\n<title>Cosas que un empleado deber\u00eda preguntarle a su jefe | HRTRENDS<\/title>\n<meta name=\"robots\" content=\"index, follow, max-snippet:-1, max-image-preview:large, max-video-preview:-1\" \/>\n<link rel=\"canonical\" href=\"https:\/\/empresas.infoempleo.com\/hrtrends\/cosas-que-un-empleado-deberia-preguntarle-a-su-jefe\/\" \/>\n<meta property=\"og:locale\" content=\"es_ES\" \/>\n<meta property=\"og:type\" content=\"article\" \/>\n<meta property=\"og:title\" content=\"Cosas que un empleado deber\u00eda preguntarle a su jefe | HRTRENDS\" \/>\n<meta property=\"og:description\" content=\"A menudo, la relaci\u00f3n que tienen los miembros de un equipo marca el ambiente de trabajo que se Leer m\u00e1s\" \/>\n<meta property=\"og:url\" content=\"https:\/\/empresas.infoempleo.com\/hrtrends\/cosas-que-un-empleado-deberia-preguntarle-a-su-jefe\/\" \/>\n<meta property=\"og:site_name\" content=\"HRTRENDS\" \/>\n<meta property=\"article:publisher\" content=\"https:\/\/www.facebook.com\/Infoempleo\" \/>\n<meta property=\"article:published_time\" content=\"2014-02-18T07:30:26+00:00\" \/>\n<meta property=\"article:modified_time\" content=\"2018-05-23T14:58:19+00:00\" \/>\n<meta property=\"og:image\" content=\"https:\/\/empresas.infoempleo.com\/hrtrends\/media\/2014\/02\/10preguntasparaeljefe2.jpg\" \/>\n\t<meta property=\"og:image:width\" content=\"546\" \/>\n\t<meta property=\"og:image:height\" content=\"258\" \/>\n\t<meta property=\"og:image:type\" content=\"image\/jpeg\" \/>\n<meta name=\"author\" content=\"pattmiralles\" \/>\n<meta name=\"twitter:card\" content=\"summary_large_image\" \/>\n<meta name=\"twitter:creator\" content=\"@infoempleo\" \/>\n<meta name=\"twitter:site\" content=\"@infoempleo\" \/>\n<meta name=\"twitter:label1\" content=\"Escrito por\" \/>\n\t<meta name=\"twitter:data1\" content=\"pattmiralles\" \/>\n\t<meta name=\"twitter:label2\" content=\"Tiempo de lectura\" \/>\n\t<meta name=\"twitter:data2\" content=\"2 minutos\" \/>\n<script type=\"application\/ld+json\" class=\"yoast-schema-graph\">{\"@context\":\"https:\/\/schema.org\",\"@graph\":[{\"@type\":\"NewsArticle\",\"@id\":\"https:\/\/empresas.infoempleo.com\/hrtrends\/cosas-que-un-empleado-deberia-preguntarle-a-su-jefe\/#article\",\"isPartOf\":{\"@id\":\"https:\/\/empresas.infoempleo.com\/hrtrends\/cosas-que-un-empleado-deberia-preguntarle-a-su-jefe\/\"},\"author\":{\"name\":\"pattmiralles\",\"@id\":\"https:\/\/empresas.infoempleo.com\/hrtrends\/#\/schema\/person\/ee9c90987ac92f491c6e6c368e2290fb\"},\"headline\":\"Cosas que un empleado deber\u00eda preguntarle a su jefe\",\"datePublished\":\"2014-02-18T07:30:26+00:00\",\"dateModified\":\"2018-05-23T14:58:19+00:00\",\"mainEntityOfPage\":{\"@id\":\"https:\/\/empresas.infoempleo.com\/hrtrends\/cosas-que-un-empleado-deberia-preguntarle-a-su-jefe\/\"},\"wordCount\":490,\"publisher\":{\"@id\":\"https:\/\/empresas.infoempleo.com\/hrtrends\/#organization\"},\"image\":{\"@id\":\"https:\/\/empresas.infoempleo.com\/hrtrends\/cosas-que-un-empleado-deberia-preguntarle-a-su-jefe\/#primaryimage\"},\"thumbnailUrl\":\"https:\/\/empresas.infoempleo.com\/hrtrends\/media\/2014\/02\/10preguntasparaeljefe2.jpg\",\"keywords\":[\"consejos\",\"trabajo\"],\"articleSection\":[\"Actualidad\"],\"inLanguage\":\"es\",\"copyrightYear\":\"2014\",\"copyrightHolder\":{\"@id\":\"https:\/\/empresas.infoempleo.com\/hrtrends\/#organization\"}},{\"@type\":\"WebPage\",\"@id\":\"https:\/\/empresas.infoempleo.com\/hrtrends\/cosas-que-un-empleado-deberia-preguntarle-a-su-jefe\/\",\"url\":\"https:\/\/empresas.infoempleo.com\/hrtrends\/cosas-que-un-empleado-deberia-preguntarle-a-su-jefe\/\",\"name\":\"Cosas que un empleado deber\u00eda preguntarle a su jefe | HRTRENDS\",\"isPartOf\":{\"@id\":\"https:\/\/empresas.infoempleo.com\/hrtrends\/#website\"},\"primaryImageOfPage\":{\"@id\":\"https:\/\/empresas.infoempleo.com\/hrtrends\/cosas-que-un-empleado-deberia-preguntarle-a-su-jefe\/#primaryimage\"},\"image\":{\"@id\":\"https:\/\/empresas.infoempleo.com\/hrtrends\/cosas-que-un-empleado-deberia-preguntarle-a-su-jefe\/#primaryimage\"},\"thumbnailUrl\":\"https:\/\/empresas.infoempleo.com\/hrtrends\/media\/2014\/02\/10preguntasparaeljefe2.jpg\",\"datePublished\":\"2014-02-18T07:30:26+00:00\",\"dateModified\":\"2018-05-23T14:58:19+00:00\",\"breadcrumb\":{\"@id\":\"https:\/\/empresas.infoempleo.com\/hrtrends\/cosas-que-un-empleado-deberia-preguntarle-a-su-jefe\/#breadcrumb\"},\"inLanguage\":\"es\",\"potentialAction\":[{\"@type\":\"ReadAction\",\"target\":[\"https:\/\/empresas.infoempleo.com\/hrtrends\/cosas-que-un-empleado-deberia-preguntarle-a-su-jefe\/\"]}]},{\"@type\":\"ImageObject\",\"inLanguage\":\"es\",\"@id\":\"https:\/\/empresas.infoempleo.com\/hrtrends\/cosas-que-un-empleado-deberia-preguntarle-a-su-jefe\/#primaryimage\",\"url\":\"https:\/\/empresas.infoempleo.com\/hrtrends\/media\/2014\/02\/10preguntasparaeljefe2-150x150.jpg\",\"contentUrl\":\"https:\/\/empresas.infoempleo.com\/hrtrends\/media\/2014\/02\/10preguntasparaeljefe2-150x150.jpg\",\"width\":150,\"height\":150},{\"@type\":\"BreadcrumbList\",\"@id\":\"https:\/\/empresas.infoempleo.com\/hrtrends\/cosas-que-un-empleado-deberia-preguntarle-a-su-jefe\/#breadcrumb\",\"itemListElement\":[{\"@type\":\"ListItem\",\"position\":1,\"name\":\"Portada\",\"item\":\"https:\/\/empresas.infoempleo.com\/hrtrends\/\"},{\"@type\":\"ListItem\",\"position\":2,\"name\":\"Cosas que un empleado deber\u00eda preguntarle a su jefe\"}]},{\"@type\":\"WebSite\",\"@id\":\"https:\/\/empresas.infoempleo.com\/hrtrends\/#website\",\"url\":\"https:\/\/empresas.infoempleo.com\/hrtrends\",\"name\":\"HRTrends by Infoempleo\",\"description\":\"\",\"publisher\":{\"@id\":\"https:\/\/empresas.infoempleo.com\/hrtrends\/#organization\"},\"potentialAction\":{\"@type\":\"SearchAction\",\"target\":\"https:\/\/empresas.infoempleo.com\/hrtrends\/?s={search_term_string}\",\"query-input\":\"required name=search_term_string\"},\"inLanguage\":\"es\"},{\"@type\":\"Organization\",\"@id\":\"https:\/\/empresas.infoempleo.com\/hrtrends\/#organization\",\"name\":\"Infoempleo\",\"url\":\"https:\/\/www.infoempleo.com\/\",\"logo\":{\"@type\":\"ImageObject\",\"@id\":\"https:\/\/empresas.infoempleo.com\/hrtrends\/#logo\",\"inLanguage\":\"es\",\"url\":\"https:\/\/cdnazure.infoempleo.com\/infoempleo\/assets\/style\/gfx\/logo.svg\",\"contentUrl\":\"https:\/\/cdnazure.infoempleo.com\/infoempleo\/assets\/style\/gfx\/logo.svg\",\"width\":150,\"height\":40,\"caption\":\"Infoempleo\"},\"image\":{\"@id\":\"https:\/\/empresas.infoempleo.com\/hrtrends\/#logo\"},\"sameAs\":[\"https:\/\/www.facebook.com\/Infoempleo\",\"https:\/\/x.com\/infoempleo\",\"http:\/\/instagram.com\/infoempleo\/\",\"http:\/\/www.linkedin.com\/groups\/Empleo-Espa\u00f1a-Infoempleocom-111276\",\"http:\/\/pinterest.com\/infoempleo\/\"],\"address\":{\"@type\":\"PostalAddress\",\"addressLocality\":\"Madrid\",\"postalCode\":\"28050\",\"streetAddress\":\"Avenida de Burgos 114\"},\"brand\":[\"Infoempleo\"]},{\"@type\":\"Person\",\"@id\":\"https:\/\/empresas.infoempleo.com\/hrtrends\/#\/schema\/person\/ee9c90987ac92f491c6e6c368e2290fb\",\"name\":\"pattmiralles\",\"image\":{\"@type\":\"ImageObject\",\"inLanguage\":\"es\",\"@id\":\"https:\/\/empresas.infoempleo.com\/hrtrends\/#\/schema\/person\/image\/\",\"url\":\"https:\/\/secure.gravatar.com\/avatar\/?s=96&d=mm&r=g\",\"contentUrl\":\"https:\/\/secure.gravatar.com\/avatar\/?s=96&d=mm&r=g\",\"caption\":\"pattmiralles\"},\"url\":\"https:\/\/empresas.infoempleo.com\/hrtrends\/author\/pattmiralles\/\"}]}<\/script>\n<!-- \/ Yoast SEO plugin. -->","yoast_head_json":{"title":"Cosas que un empleado deber\u00eda preguntarle a su jefe | HRTRENDS","robots":{"index":"index","follow":"follow","max-snippet":"max-snippet:-1","max-image-preview":"max-image-preview:large","max-video-preview":"max-video-preview:-1"},"canonical":"https:\/\/empresas.infoempleo.com\/hrtrends\/cosas-que-un-empleado-deberia-preguntarle-a-su-jefe\/","og_locale":"es_ES","og_type":"article","og_title":"Cosas que un empleado deber\u00eda preguntarle a su jefe | HRTRENDS","og_description":"A menudo, la relaci\u00f3n que tienen los miembros de un equipo marca el ambiente de trabajo que se Leer m\u00e1s","og_url":"https:\/\/empresas.infoempleo.com\/hrtrends\/cosas-que-un-empleado-deberia-preguntarle-a-su-jefe\/","og_site_name":"HRTRENDS","article_publisher":"https:\/\/www.facebook.com\/Infoempleo","article_published_time":"2014-02-18T07:30:26+00:00","article_modified_time":"2018-05-23T14:58:19+00:00","og_image":[{"width":546,"height":258,"url":"https:\/\/empresas.infoempleo.com\/hrtrends\/media\/2014\/02\/10preguntasparaeljefe2.jpg","type":"image\/jpeg"}],"author":"pattmiralles","twitter_card":"summary_large_image","twitter_creator":"@infoempleo","twitter_site":"@infoempleo","twitter_misc":{"Escrito por":"pattmiralles","Tiempo de lectura":"2 minutos"},"schema":{"@context":"https:\/\/schema.org","@graph":[{"@type":"NewsArticle","@id":"https:\/\/empresas.infoempleo.com\/hrtrends\/cosas-que-un-empleado-deberia-preguntarle-a-su-jefe\/#article","isPartOf":{"@id":"https:\/\/empresas.infoempleo.com\/hrtrends\/cosas-que-un-empleado-deberia-preguntarle-a-su-jefe\/"},"author":{"name":"pattmiralles","@id":"https:\/\/empresas.infoempleo.com\/hrtrends\/#\/schema\/person\/ee9c90987ac92f491c6e6c368e2290fb"},"headline":"Cosas que un empleado deber\u00eda preguntarle a su jefe","datePublished":"2014-02-18T07:30:26+00:00","dateModified":"2018-05-23T14:58:19+00:00","mainEntityOfPage":{"@id":"https:\/\/empresas.infoempleo.com\/hrtrends\/cosas-que-un-empleado-deberia-preguntarle-a-su-jefe\/"},"wordCount":490,"publisher":{"@id":"https:\/\/empresas.infoempleo.com\/hrtrends\/#organization"},"image":{"@id":"https:\/\/empresas.infoempleo.com\/hrtrends\/cosas-que-un-empleado-deberia-preguntarle-a-su-jefe\/#primaryimage"},"thumbnailUrl":"https:\/\/empresas.infoempleo.com\/hrtrends\/media\/2014\/02\/10preguntasparaeljefe2.jpg","keywords":["consejos","trabajo"],"articleSection":["Actualidad"],"inLanguage":"es","copyrightYear":"2014","copyrightHolder":{"@id":"https:\/\/empresas.infoempleo.com\/hrtrends\/#organization"}},{"@type":"WebPage","@id":"https:\/\/empresas.infoempleo.com\/hrtrends\/cosas-que-un-empleado-deberia-preguntarle-a-su-jefe\/","url":"https:\/\/empresas.infoempleo.com\/hrtrends\/cosas-que-un-empleado-deberia-preguntarle-a-su-jefe\/","name":"Cosas que un empleado deber\u00eda preguntarle a su jefe | HRTRENDS","isPartOf":{"@id":"https:\/\/empresas.infoempleo.com\/hrtrends\/#website"},"primaryImageOfPage":{"@id":"https:\/\/empresas.infoempleo.com\/hrtrends\/cosas-que-un-empleado-deberia-preguntarle-a-su-jefe\/#primaryimage"},"image":{"@id":"https:\/\/empresas.infoempleo.com\/hrtrends\/cosas-que-un-empleado-deberia-preguntarle-a-su-jefe\/#primaryimage"},"thumbnailUrl":"https:\/\/empresas.infoempleo.com\/hrtrends\/media\/2014\/02\/10preguntasparaeljefe2.jpg","datePublished":"2014-02-18T07:30:26+00:00","dateModified":"2018-05-23T14:58:19+00:00","breadcrumb":{"@id":"https:\/\/empresas.infoempleo.com\/hrtrends\/cosas-que-un-empleado-deberia-preguntarle-a-su-jefe\/#breadcrumb"},"inLanguage":"es","potentialAction":[{"@type":"ReadAction","target":["https:\/\/empresas.infoempleo.com\/hrtrends\/cosas-que-un-empleado-deberia-preguntarle-a-su-jefe\/"]}]},{"@type":"ImageObject","inLanguage":"es","@id":"https:\/\/empresas.infoempleo.com\/hrtrends\/cosas-que-un-empleado-deberia-preguntarle-a-su-jefe\/#primaryimage","url":"https:\/\/empresas.infoempleo.com\/hrtrends\/media\/2014\/02\/10preguntasparaeljefe2-150x150.jpg","contentUrl":"https:\/\/empresas.infoempleo.com\/hrtrends\/media\/2014\/02\/10preguntasparaeljefe2-150x150.jpg","width":150,"height":150},{"@type":"BreadcrumbList","@id":"https:\/\/empresas.infoempleo.com\/hrtrends\/cosas-que-un-empleado-deberia-preguntarle-a-su-jefe\/#breadcrumb","itemListElement":[{"@type":"ListItem","position":1,"name":"Portada","item":"https:\/\/empresas.infoempleo.com\/hrtrends\/"},{"@type":"ListItem","position":2,"name":"Cosas que un empleado deber\u00eda preguntarle a su jefe"}]},{"@type":"WebSite","@id":"https:\/\/empresas.infoempleo.com\/hrtrends\/#website","url":"https:\/\/empresas.infoempleo.com\/hrtrends","name":"HRTrends by Infoempleo","description":"","publisher":{"@id":"https:\/\/empresas.infoempleo.com\/hrtrends\/#organization"},"potentialAction":{"@type":"SearchAction","target":"https:\/\/empresas.infoempleo.com\/hrtrends\/?s={search_term_string}","query-input":"required name=search_term_string"},"inLanguage":"es"},{"@type":"Organization","@id":"https:\/\/empresas.infoempleo.com\/hrtrends\/#organization","name":"Infoempleo","url":"https:\/\/www.infoempleo.com\/","logo":{"@type":"ImageObject","@id":"https:\/\/empresas.infoempleo.com\/hrtrends\/#logo","inLanguage":"es","url":"https:\/\/cdnazure.infoempleo.com\/infoempleo\/assets\/style\/gfx\/logo.svg","contentUrl":"https:\/\/cdnazure.infoempleo.com\/infoempleo\/assets\/style\/gfx\/logo.svg","width":150,"height":40,"caption":"Infoempleo"},"image":{"@id":"https:\/\/empresas.infoempleo.com\/hrtrends\/#logo"},"sameAs":["https:\/\/www.facebook.com\/Infoempleo","https:\/\/x.com\/infoempleo","http:\/\/instagram.com\/infoempleo\/","http:\/\/www.linkedin.com\/groups\/Empleo-Espa\u00f1a-Infoempleocom-111276","http:\/\/pinterest.com\/infoempleo\/"],"address":{"@type":"PostalAddress","addressLocality":"Madrid","postalCode":"28050","streetAddress":"Avenida de Burgos 114"},"brand":["Infoempleo"]},{"@type":"Person","@id":"https:\/\/empresas.infoempleo.com\/hrtrends\/#\/schema\/person\/ee9c90987ac92f491c6e6c368e2290fb","name":"pattmiralles","image":{"@type":"ImageObject","inLanguage":"es","@id":"https:\/\/empresas.infoempleo.com\/hrtrends\/#\/schema\/person\/image\/","url":"https:\/\/secure.gravatar.com\/avatar\/?s=96&d=mm&r=g","contentUrl":"https:\/\/secure.gravatar.com\/avatar\/?s=96&d=mm&r=g","caption":"pattmiralles"},"url":"https:\/\/empresas.infoempleo.com\/hrtrends\/author\/pattmiralles\/"}]}},"amp_enabled":true,"_links":{"self":[{"href":"https:\/\/empresas.infoempleo.com\/hrtrends\/wp-json\/wp\/v2\/posts\/17974","targetHints":{"allow":["GET"]}}],"collection":[{"href":"https:\/\/empresas.infoempleo.com\/hrtrends\/wp-json\/wp\/v2\/posts"}],"about":[{"href":"https:\/\/empresas.infoempleo.com\/hrtrends\/wp-json\/wp\/v2\/types\/post"}],"author":[{"embeddable":true,"href":"https:\/\/empresas.infoempleo.com\/hrtrends\/wp-json\/wp\/v2\/users\/76"}],"replies":[{"embeddable":true,"href":"https:\/\/empresas.infoempleo.com\/hrtrends\/wp-json\/wp\/v2\/comments?post=17974"}],"version-history":[{"count":0,"href":"https:\/\/empresas.infoempleo.com\/hrtrends\/wp-json\/wp\/v2\/posts\/17974\/revisions"}],"wp:featuredmedia":[{"embeddable":true,"href":"https:\/\/empresas.infoempleo.com\/hrtrends\/wp-json\/wp\/v2\/media\/17995"}],"wp:attachment":[{"href":"https:\/\/empresas.infoempleo.com\/hrtrends\/wp-json\/wp\/v2\/media?parent=17974"}],"wp:term":[{"taxonomy":"category","embeddable":true,"href":"https:\/\/empresas.infoempleo.com\/hrtrends\/wp-json\/wp\/v2\/categories?post=17974"},{"taxonomy":"post_tag","embeddable":true,"href":"https:\/\/empresas.infoempleo.com\/hrtrends\/wp-json\/wp\/v2\/tags?post=17974"}],"curies":[{"name":"wp","href":"https:\/\/api.w.org\/{rel}","templated":true}]}}