{"id":17914,"date":"2014-02-03T12:00:09","date_gmt":"2014-02-03T11:00:09","guid":{"rendered":"http:\/\/blog.infoempleo.com\/?p=17914"},"modified":"2024-08-29T17:47:22","modified_gmt":"2024-08-29T15:47:22","slug":"es-importante-el-personal-branding-en-la-busqueda-de-empleo","status":"publish","type":"post","link":"https:\/\/empresas.infoempleo.com\/hrtrends\/es-importante-el-personal-branding-en-la-busqueda-de-empleo\/","title":{"rendered":"\u00bfEs importante el Personal Branding en la b\u00fasqueda de empleo?"},"content":{"rendered":"<p>En los \u00faltimos a\u00f1os, debido el auge y el impacto de Internet y las redes sociales, se est\u00e1 hablando mucho de la \u201cMarca Personal\u201d o el \u201cPersonal Branding\u201d. Seguro que has o\u00eddo hablar de ello y que surgi\u00f3 como una t\u00e9cnica para la b\u00fasqueda de empleo, aunque tiene muchas m\u00e1s aplicaciones.<\/p>\n<p>En realidad no es m\u00e1s que la utilizaci\u00f3n de t\u00e9cnicas de marketing en el \u00e1mbito personal. Parte de la idea de que el profesional debe considerarse a uno mismo como una Marca Comercial y a partir de ah\u00ed definir los valores de marca, establecer acciones para protegerlos y \u00a0transmitirlos, al igual que hacen las empresas. No se trata de vender humo o intentar mostrar algo que no eres, si no conseguir que tus fortalezas brillen por si solas y que refuercen la imagen que los otros tienen de ti.<\/p>\n<p>No hay que dar muchas explicaciones para saber que e<strong>n el desarrollo profesional y laboral, especialmente en la b\u00fasqueda de empleo, es importante e incluso fundamental la percepci\u00f3n que los dem\u00e1s tienen de ti<\/strong> a la hora de \u00a0lograr tus objetivos y conseguir que te contraten. No basta con ser bueno en algo, los dem\u00e1s tienen que saberlo y entenderlo as\u00ed.<\/p>\n<p>En cada acci\u00f3n que realizas o en cada comentario que alguien hace sobre ti, se est\u00e1 construyendo t\u00fa marca personal. Son muchos los beneficios que puedes obtener si tomas consciencia de ello e intentas influir en tu marca y gestionarla orient\u00e1ndola a tus objetivos. Para crear tu marca una posible hoja de ruta para conseguirlo es la siguiente:<\/p>\n<ol>\n<li><b>Con\u00f3cete a ti mismo<\/b>. Este es sin duda el punto de partida. Una herramienta que puede resultare \u00fatil es el an\u00e1lisis<a href=\"https:\/\/blog.infoempleo.com\/a\/como-aplicar-un-dafo-en-tu-busqueda-de-empleo\/\"> DAFO<\/a> que te permitir\u00e1 hacer una fotograf\u00eda de ti y tu entorno.<\/li>\n<li><b>Define los valores que quieres transmitir. <\/b>Todos nos movemos siguiendo unos valores que marcan nuestros patrones de comportamiento. No se trata de asignarnos valores que no tenemos, sino de tener claros aquellos que deben identificarse inequ\u00edvocamente en tu Marca Personal. <b>\u00a0<\/b><\/li>\n<li><b>Escribe tus objetivos. <\/b>Establece unos objetivos claros y realistas de lo que quieres conseguir con la gesti\u00f3n de tu marca<b> <\/b>personal. Intenta que sean los m\u00e1s concretos posibles y que puedas medirlos.<\/li>\n<li><b>Pon un nombre a tu marca.<\/b>\u00a0\u00c9sta puede ser simplemente tu nombre y apellidos, o cualquier otro nombre que ayude a diferenciarte. Si quieres ir m\u00e1s all\u00e1 puedes definir incluso la imagen gr\u00e1fica y convertirla en logotipo, como hacen las empresas, para que sea m\u00e1s f\u00e1cilmente identificable.<\/li>\n<li><b>Escribe las palabras clave de tu marca personal. <\/b>Se breve y directo, el objetivo es que esas palabras se identifiquen r\u00e1pidamente al ver tu marca en cada acci\u00f3n o actividad que realizas. Esas palabras deben permite construir un breve mensaje que la defina.<\/li>\n<li><b>Establece tu tono de comunicaci\u00f3n<\/b>. Tu estilo ser\u00e1 formal, informal, t\u00e9cnico, simple,&#8230; . Simplemente debe ser coherente con la imagen que quieres que se tenga de ti y ser constante en su aplicaci\u00f3n.<\/li>\n<li><b>Define una l\u00ednea editorial o de contenidos de lo que quieras comunicar.<\/b> Define cuales son los temas de los que te interese hablar y que sean coherentes con la imagen que quieres proyectar.<\/li>\n<li><b>Selecciona y desarrolla los canales y soportes para tu Marca<\/b>: Curriculum, blog, perfiles en redes sociales, carta de presentaci\u00f3n, portales de empleo como infoempleo, \u2026 Piensa en Online y Offline.<\/li>\n<li><b>Dise\u00f1a acciones y establece un calendario para promocionar tu marca. <\/b>Crea un calendario de eventos o sitios donde debas estar, periodicidad de publicaciones en un blog o redes sociales, foros en los que debes participar, comunicaciones por email, acciones especiales como escribir un manual o impartir formaci\u00f3n,\u2026<\/li>\n<\/ol>\n<p>Si crees que gestionar tu marca personal puede resultarte \u00fatil en tu b\u00fasqueda de empleo y quieres saber algo m\u00e1s, aqu\u00ed os dejamos el link al ebook \u201c<i>Personal Branding \u2026hacia la excelencia y la empleabilidad por la marca personal<\/i>\u201d editado por Madrid Excelente.<\/p>\n<p><strong>\u00bfCrees que es importante gestionar tu marca personal? Participa con tu opini\u00f3n o experiencia.<\/strong><\/p>\n<p>&nbsp;<\/p>\n","protected":false},"excerpt":{"rendered":"<p>En los \u00faltimos a\u00f1os, debido el auge y el impacto de Internet y las redes sociales, se est\u00e1<a class=\"moretag\" href=\"https:\/\/empresas.infoempleo.com\/hrtrends\/es-importante-el-personal-branding-en-la-busqueda-de-empleo\/\"> Leer m\u00e1s<\/a><\/p>\n","protected":false},"author":40,"featured_media":17915,"comment_status":"closed","ping_status":"open","sticky":false,"template":"","format":"standard","meta":{"footnotes":""},"categories":[3015],"tags":[2469,3016],"class_list":["post-17914","post","type-post","status-publish","format-standard","has-post-thumbnail","hentry","category-recruiter-branding","tag-marca-personal","tag-personal-branding"],"yoast_head":"<!-- This site is optimized with the Yoast SEO plugin v26.1.1 - https:\/\/yoast.com\/wordpress\/plugins\/seo\/ -->\n<title>Importancia del Personal Branding en la b\u00fasqueda de empleo<\/title>\n<meta name=\"description\" content=\"El personal Branding surgi\u00f3 como una t\u00e9cnica para la b\u00fasqueda de empleo, aunque tiene muchas m\u00e1s aplicaciones. Te explicamos como ponerla en pr\u00e1ctica.\" \/>\n<meta name=\"robots\" content=\"index, follow, max-snippet:-1, max-image-preview:large, max-video-preview:-1\" \/>\n<link rel=\"canonical\" href=\"https:\/\/empresas.infoempleo.com\/hrtrends\/es-importante-el-personal-branding-en-la-busqueda-de-empleo\/\" \/>\n<meta property=\"og:locale\" content=\"es_ES\" \/>\n<meta property=\"og:type\" content=\"article\" \/>\n<meta property=\"og:title\" content=\"Importancia del Personal Branding en la b\u00fasqueda de empleo\" \/>\n<meta property=\"og:description\" content=\"El personal Branding surgi\u00f3 como una t\u00e9cnica para la b\u00fasqueda de empleo, aunque tiene muchas m\u00e1s aplicaciones. Te explicamos como ponerla en pr\u00e1ctica.\" \/>\n<meta property=\"og:url\" content=\"https:\/\/empresas.infoempleo.com\/hrtrends\/es-importante-el-personal-branding-en-la-busqueda-de-empleo\/\" \/>\n<meta property=\"og:site_name\" content=\"HRTRENDS\" \/>\n<meta property=\"article:publisher\" content=\"https:\/\/www.facebook.com\/Infoempleo\" \/>\n<meta property=\"article:published_time\" content=\"2014-02-03T11:00:09+00:00\" \/>\n<meta property=\"article:modified_time\" content=\"2024-08-29T15:47:22+00:00\" \/>\n<meta property=\"og:image\" content=\"https:\/\/empresas.infoempleo.com\/hrtrends\/media\/2014\/02\/personal-branding-huella.jpg\" \/>\n\t<meta property=\"og:image:width\" content=\"568\" \/>\n\t<meta property=\"og:image:height\" content=\"258\" \/>\n\t<meta property=\"og:image:type\" content=\"image\/jpeg\" \/>\n<meta name=\"author\" content=\"Jorge Bar\u00f3n\" \/>\n<meta name=\"twitter:card\" content=\"summary_large_image\" \/>\n<meta name=\"twitter:creator\" content=\"@infoempleo\" \/>\n<meta name=\"twitter:site\" content=\"@infoempleo\" \/>\n<meta name=\"twitter:label1\" content=\"Escrito por\" \/>\n\t<meta name=\"twitter:data1\" content=\"Jorge Bar\u00f3n\" \/>\n\t<meta name=\"twitter:label2\" content=\"Tiempo de lectura\" \/>\n\t<meta name=\"twitter:data2\" content=\"3 minutos\" \/>\n<script type=\"application\/ld+json\" class=\"yoast-schema-graph\">{\"@context\":\"https:\/\/schema.org\",\"@graph\":[{\"@type\":\"NewsArticle\",\"@id\":\"https:\/\/empresas.infoempleo.com\/hrtrends\/es-importante-el-personal-branding-en-la-busqueda-de-empleo\/#article\",\"isPartOf\":{\"@id\":\"https:\/\/empresas.infoempleo.com\/hrtrends\/es-importante-el-personal-branding-en-la-busqueda-de-empleo\/\"},\"author\":{\"name\":\"Jorge Bar\u00f3n\",\"@id\":\"https:\/\/empresas.infoempleo.com\/hrtrends\/#\/schema\/person\/2a6143806a7d624c0ce5c82696718ee4\"},\"headline\":\"\u00bfEs importante el Personal Branding en la b\u00fasqueda de empleo?\",\"datePublished\":\"2014-02-03T11:00:09+00:00\",\"dateModified\":\"2024-08-29T15:47:22+00:00\",\"mainEntityOfPage\":{\"@id\":\"https:\/\/empresas.infoempleo.com\/hrtrends\/es-importante-el-personal-branding-en-la-busqueda-de-empleo\/\"},\"wordCount\":700,\"publisher\":{\"@id\":\"https:\/\/empresas.infoempleo.com\/hrtrends\/#organization\"},\"image\":{\"@id\":\"https:\/\/empresas.infoempleo.com\/hrtrends\/es-importante-el-personal-branding-en-la-busqueda-de-empleo\/#primaryimage\"},\"thumbnailUrl\":\"https:\/\/empresas.infoempleo.com\/hrtrends\/media\/2014\/02\/personal-branding-huella.jpg\",\"keywords\":[\"marca personal\",\"Personal Branding\"],\"articleSection\":[\"Recruiter branding\"],\"inLanguage\":\"es\",\"copyrightYear\":\"2014\",\"copyrightHolder\":{\"@id\":\"https:\/\/empresas.infoempleo.com\/hrtrends\/#organization\"}},{\"@type\":\"WebPage\",\"@id\":\"https:\/\/empresas.infoempleo.com\/hrtrends\/es-importante-el-personal-branding-en-la-busqueda-de-empleo\/\",\"url\":\"https:\/\/empresas.infoempleo.com\/hrtrends\/es-importante-el-personal-branding-en-la-busqueda-de-empleo\/\",\"name\":\"Importancia del Personal Branding en la b\u00fasqueda de empleo\",\"isPartOf\":{\"@id\":\"https:\/\/empresas.infoempleo.com\/hrtrends\/#website\"},\"primaryImageOfPage\":{\"@id\":\"https:\/\/empresas.infoempleo.com\/hrtrends\/es-importante-el-personal-branding-en-la-busqueda-de-empleo\/#primaryimage\"},\"image\":{\"@id\":\"https:\/\/empresas.infoempleo.com\/hrtrends\/es-importante-el-personal-branding-en-la-busqueda-de-empleo\/#primaryimage\"},\"thumbnailUrl\":\"https:\/\/empresas.infoempleo.com\/hrtrends\/media\/2014\/02\/personal-branding-huella.jpg\",\"datePublished\":\"2014-02-03T11:00:09+00:00\",\"dateModified\":\"2024-08-29T15:47:22+00:00\",\"description\":\"El personal Branding surgi\u00f3 como una t\u00e9cnica para la b\u00fasqueda de empleo, aunque tiene muchas m\u00e1s aplicaciones. Te explicamos como ponerla en pr\u00e1ctica.\",\"breadcrumb\":{\"@id\":\"https:\/\/empresas.infoempleo.com\/hrtrends\/es-importante-el-personal-branding-en-la-busqueda-de-empleo\/#breadcrumb\"},\"inLanguage\":\"es\",\"potentialAction\":[{\"@type\":\"ReadAction\",\"target\":[\"https:\/\/empresas.infoempleo.com\/hrtrends\/es-importante-el-personal-branding-en-la-busqueda-de-empleo\/\"]}]},{\"@type\":\"ImageObject\",\"inLanguage\":\"es\",\"@id\":\"https:\/\/empresas.infoempleo.com\/hrtrends\/es-importante-el-personal-branding-en-la-busqueda-de-empleo\/#primaryimage\",\"url\":\"https:\/\/empresas.infoempleo.com\/hrtrends\/media\/2014\/02\/personal-branding-huella-150x150.jpg\",\"contentUrl\":\"https:\/\/empresas.infoempleo.com\/hrtrends\/media\/2014\/02\/personal-branding-huella-150x150.jpg\",\"width\":150,\"height\":150,\"caption\":\"personal branding - huella\"},{\"@type\":\"BreadcrumbList\",\"@id\":\"https:\/\/empresas.infoempleo.com\/hrtrends\/es-importante-el-personal-branding-en-la-busqueda-de-empleo\/#breadcrumb\",\"itemListElement\":[{\"@type\":\"ListItem\",\"position\":1,\"name\":\"Portada\",\"item\":\"https:\/\/empresas.infoempleo.com\/hrtrends\/\"},{\"@type\":\"ListItem\",\"position\":2,\"name\":\"\u00bfEs importante el Personal Branding en la b\u00fasqueda de empleo?\"}]},{\"@type\":\"WebSite\",\"@id\":\"https:\/\/empresas.infoempleo.com\/hrtrends\/#website\",\"url\":\"https:\/\/empresas.infoempleo.com\/hrtrends\",\"name\":\"HRTrends by Infoempleo\",\"description\":\"\",\"publisher\":{\"@id\":\"https:\/\/empresas.infoempleo.com\/hrtrends\/#organization\"},\"potentialAction\":{\"@type\":\"SearchAction\",\"target\":\"https:\/\/empresas.infoempleo.com\/hrtrends\/?s={search_term_string}\",\"query-input\":\"required name=search_term_string\"},\"inLanguage\":\"es\"},{\"@type\":\"Organization\",\"@id\":\"https:\/\/empresas.infoempleo.com\/hrtrends\/#organization\",\"name\":\"Infoempleo\",\"url\":\"https:\/\/www.infoempleo.com\/\",\"logo\":{\"@type\":\"ImageObject\",\"@id\":\"https:\/\/empresas.infoempleo.com\/hrtrends\/#logo\",\"inLanguage\":\"es\",\"url\":\"https:\/\/cdnazure.infoempleo.com\/infoempleo\/assets\/style\/gfx\/logo.svg\",\"contentUrl\":\"https:\/\/cdnazure.infoempleo.com\/infoempleo\/assets\/style\/gfx\/logo.svg\",\"width\":150,\"height\":40,\"caption\":\"Infoempleo\"},\"image\":{\"@id\":\"https:\/\/empresas.infoempleo.com\/hrtrends\/#logo\"},\"sameAs\":[\"https:\/\/www.facebook.com\/Infoempleo\",\"https:\/\/x.com\/infoempleo\",\"http:\/\/instagram.com\/infoempleo\/\",\"http:\/\/www.linkedin.com\/groups\/Empleo-Espa\u00f1a-Infoempleocom-111276\",\"http:\/\/pinterest.com\/infoempleo\/\"],\"address\":{\"@type\":\"PostalAddress\",\"addressLocality\":\"Madrid\",\"postalCode\":\"28050\",\"streetAddress\":\"Avenida de Burgos 114\"},\"brand\":[\"Infoempleo\"]},{\"@type\":\"Person\",\"@id\":\"https:\/\/empresas.infoempleo.com\/hrtrends\/#\/schema\/person\/2a6143806a7d624c0ce5c82696718ee4\",\"name\":\"Jorge Bar\u00f3n\",\"image\":{\"@type\":\"ImageObject\",\"inLanguage\":\"es\",\"@id\":\"https:\/\/empresas.infoempleo.com\/hrtrends\/#\/schema\/person\/image\/\",\"url\":\"https:\/\/secure.gravatar.com\/avatar\/8a580044647f2c46116f67ccacbfa5aaa3b02221b700a4679bef2801ebcaf24e?s=96&d=mm&r=g\",\"contentUrl\":\"https:\/\/secure.gravatar.com\/avatar\/8a580044647f2c46116f67ccacbfa5aaa3b02221b700a4679bef2801ebcaf24e?s=96&d=mm&r=g\",\"caption\":\"Jorge Bar\u00f3n\"},\"url\":\"https:\/\/empresas.infoempleo.com\/hrtrends\/author\/jorge\/\"}]}<\/script>\n<!-- \/ Yoast SEO plugin. -->","yoast_head_json":{"title":"Importancia del Personal Branding en la b\u00fasqueda de empleo","description":"El personal Branding surgi\u00f3 como una t\u00e9cnica para la b\u00fasqueda de empleo, aunque tiene muchas m\u00e1s aplicaciones. Te explicamos como ponerla en pr\u00e1ctica.","robots":{"index":"index","follow":"follow","max-snippet":"max-snippet:-1","max-image-preview":"max-image-preview:large","max-video-preview":"max-video-preview:-1"},"canonical":"https:\/\/empresas.infoempleo.com\/hrtrends\/es-importante-el-personal-branding-en-la-busqueda-de-empleo\/","og_locale":"es_ES","og_type":"article","og_title":"Importancia del Personal Branding en la b\u00fasqueda de empleo","og_description":"El personal Branding surgi\u00f3 como una t\u00e9cnica para la b\u00fasqueda de empleo, aunque tiene muchas m\u00e1s aplicaciones. Te explicamos como ponerla en pr\u00e1ctica.","og_url":"https:\/\/empresas.infoempleo.com\/hrtrends\/es-importante-el-personal-branding-en-la-busqueda-de-empleo\/","og_site_name":"HRTRENDS","article_publisher":"https:\/\/www.facebook.com\/Infoempleo","article_published_time":"2014-02-03T11:00:09+00:00","article_modified_time":"2024-08-29T15:47:22+00:00","og_image":[{"width":568,"height":258,"url":"https:\/\/empresas.infoempleo.com\/hrtrends\/media\/2014\/02\/personal-branding-huella.jpg","type":"image\/jpeg"}],"author":"Jorge Bar\u00f3n","twitter_card":"summary_large_image","twitter_creator":"@infoempleo","twitter_site":"@infoempleo","twitter_misc":{"Escrito por":"Jorge Bar\u00f3n","Tiempo de lectura":"3 minutos"},"schema":{"@context":"https:\/\/schema.org","@graph":[{"@type":"NewsArticle","@id":"https:\/\/empresas.infoempleo.com\/hrtrends\/es-importante-el-personal-branding-en-la-busqueda-de-empleo\/#article","isPartOf":{"@id":"https:\/\/empresas.infoempleo.com\/hrtrends\/es-importante-el-personal-branding-en-la-busqueda-de-empleo\/"},"author":{"name":"Jorge Bar\u00f3n","@id":"https:\/\/empresas.infoempleo.com\/hrtrends\/#\/schema\/person\/2a6143806a7d624c0ce5c82696718ee4"},"headline":"\u00bfEs importante el Personal Branding en la b\u00fasqueda de empleo?","datePublished":"2014-02-03T11:00:09+00:00","dateModified":"2024-08-29T15:47:22+00:00","mainEntityOfPage":{"@id":"https:\/\/empresas.infoempleo.com\/hrtrends\/es-importante-el-personal-branding-en-la-busqueda-de-empleo\/"},"wordCount":700,"publisher":{"@id":"https:\/\/empresas.infoempleo.com\/hrtrends\/#organization"},"image":{"@id":"https:\/\/empresas.infoempleo.com\/hrtrends\/es-importante-el-personal-branding-en-la-busqueda-de-empleo\/#primaryimage"},"thumbnailUrl":"https:\/\/empresas.infoempleo.com\/hrtrends\/media\/2014\/02\/personal-branding-huella.jpg","keywords":["marca personal","Personal Branding"],"articleSection":["Recruiter branding"],"inLanguage":"es","copyrightYear":"2014","copyrightHolder":{"@id":"https:\/\/empresas.infoempleo.com\/hrtrends\/#organization"}},{"@type":"WebPage","@id":"https:\/\/empresas.infoempleo.com\/hrtrends\/es-importante-el-personal-branding-en-la-busqueda-de-empleo\/","url":"https:\/\/empresas.infoempleo.com\/hrtrends\/es-importante-el-personal-branding-en-la-busqueda-de-empleo\/","name":"Importancia del Personal Branding en la b\u00fasqueda de empleo","isPartOf":{"@id":"https:\/\/empresas.infoempleo.com\/hrtrends\/#website"},"primaryImageOfPage":{"@id":"https:\/\/empresas.infoempleo.com\/hrtrends\/es-importante-el-personal-branding-en-la-busqueda-de-empleo\/#primaryimage"},"image":{"@id":"https:\/\/empresas.infoempleo.com\/hrtrends\/es-importante-el-personal-branding-en-la-busqueda-de-empleo\/#primaryimage"},"thumbnailUrl":"https:\/\/empresas.infoempleo.com\/hrtrends\/media\/2014\/02\/personal-branding-huella.jpg","datePublished":"2014-02-03T11:00:09+00:00","dateModified":"2024-08-29T15:47:22+00:00","description":"El personal Branding surgi\u00f3 como una t\u00e9cnica para la b\u00fasqueda de empleo, aunque tiene muchas m\u00e1s aplicaciones. Te explicamos como ponerla en pr\u00e1ctica.","breadcrumb":{"@id":"https:\/\/empresas.infoempleo.com\/hrtrends\/es-importante-el-personal-branding-en-la-busqueda-de-empleo\/#breadcrumb"},"inLanguage":"es","potentialAction":[{"@type":"ReadAction","target":["https:\/\/empresas.infoempleo.com\/hrtrends\/es-importante-el-personal-branding-en-la-busqueda-de-empleo\/"]}]},{"@type":"ImageObject","inLanguage":"es","@id":"https:\/\/empresas.infoempleo.com\/hrtrends\/es-importante-el-personal-branding-en-la-busqueda-de-empleo\/#primaryimage","url":"https:\/\/empresas.infoempleo.com\/hrtrends\/media\/2014\/02\/personal-branding-huella-150x150.jpg","contentUrl":"https:\/\/empresas.infoempleo.com\/hrtrends\/media\/2014\/02\/personal-branding-huella-150x150.jpg","width":150,"height":150,"caption":"personal branding - huella"},{"@type":"BreadcrumbList","@id":"https:\/\/empresas.infoempleo.com\/hrtrends\/es-importante-el-personal-branding-en-la-busqueda-de-empleo\/#breadcrumb","itemListElement":[{"@type":"ListItem","position":1,"name":"Portada","item":"https:\/\/empresas.infoempleo.com\/hrtrends\/"},{"@type":"ListItem","position":2,"name":"\u00bfEs importante el Personal Branding en la b\u00fasqueda de empleo?"}]},{"@type":"WebSite","@id":"https:\/\/empresas.infoempleo.com\/hrtrends\/#website","url":"https:\/\/empresas.infoempleo.com\/hrtrends","name":"HRTrends by Infoempleo","description":"","publisher":{"@id":"https:\/\/empresas.infoempleo.com\/hrtrends\/#organization"},"potentialAction":{"@type":"SearchAction","target":"https:\/\/empresas.infoempleo.com\/hrtrends\/?s={search_term_string}","query-input":"required name=search_term_string"},"inLanguage":"es"},{"@type":"Organization","@id":"https:\/\/empresas.infoempleo.com\/hrtrends\/#organization","name":"Infoempleo","url":"https:\/\/www.infoempleo.com\/","logo":{"@type":"ImageObject","@id":"https:\/\/empresas.infoempleo.com\/hrtrends\/#logo","inLanguage":"es","url":"https:\/\/cdnazure.infoempleo.com\/infoempleo\/assets\/style\/gfx\/logo.svg","contentUrl":"https:\/\/cdnazure.infoempleo.com\/infoempleo\/assets\/style\/gfx\/logo.svg","width":150,"height":40,"caption":"Infoempleo"},"image":{"@id":"https:\/\/empresas.infoempleo.com\/hrtrends\/#logo"},"sameAs":["https:\/\/www.facebook.com\/Infoempleo","https:\/\/x.com\/infoempleo","http:\/\/instagram.com\/infoempleo\/","http:\/\/www.linkedin.com\/groups\/Empleo-Espa\u00f1a-Infoempleocom-111276","http:\/\/pinterest.com\/infoempleo\/"],"address":{"@type":"PostalAddress","addressLocality":"Madrid","postalCode":"28050","streetAddress":"Avenida de Burgos 114"},"brand":["Infoempleo"]},{"@type":"Person","@id":"https:\/\/empresas.infoempleo.com\/hrtrends\/#\/schema\/person\/2a6143806a7d624c0ce5c82696718ee4","name":"Jorge Bar\u00f3n","image":{"@type":"ImageObject","inLanguage":"es","@id":"https:\/\/empresas.infoempleo.com\/hrtrends\/#\/schema\/person\/image\/","url":"https:\/\/secure.gravatar.com\/avatar\/8a580044647f2c46116f67ccacbfa5aaa3b02221b700a4679bef2801ebcaf24e?s=96&d=mm&r=g","contentUrl":"https:\/\/secure.gravatar.com\/avatar\/8a580044647f2c46116f67ccacbfa5aaa3b02221b700a4679bef2801ebcaf24e?s=96&d=mm&r=g","caption":"Jorge Bar\u00f3n"},"url":"https:\/\/empresas.infoempleo.com\/hrtrends\/author\/jorge\/"}]}},"amp_enabled":true,"_links":{"self":[{"href":"https:\/\/empresas.infoempleo.com\/hrtrends\/wp-json\/wp\/v2\/posts\/17914","targetHints":{"allow":["GET"]}}],"collection":[{"href":"https:\/\/empresas.infoempleo.com\/hrtrends\/wp-json\/wp\/v2\/posts"}],"about":[{"href":"https:\/\/empresas.infoempleo.com\/hrtrends\/wp-json\/wp\/v2\/types\/post"}],"author":[{"embeddable":true,"href":"https:\/\/empresas.infoempleo.com\/hrtrends\/wp-json\/wp\/v2\/users\/40"}],"replies":[{"embeddable":true,"href":"https:\/\/empresas.infoempleo.com\/hrtrends\/wp-json\/wp\/v2\/comments?post=17914"}],"version-history":[{"count":1,"href":"https:\/\/empresas.infoempleo.com\/hrtrends\/wp-json\/wp\/v2\/posts\/17914\/revisions"}],"predecessor-version":[{"id":45207,"href":"https:\/\/empresas.infoempleo.com\/hrtrends\/wp-json\/wp\/v2\/posts\/17914\/revisions\/45207"}],"wp:featuredmedia":[{"embeddable":true,"href":"https:\/\/empresas.infoempleo.com\/hrtrends\/wp-json\/wp\/v2\/media\/17915"}],"wp:attachment":[{"href":"https:\/\/empresas.infoempleo.com\/hrtrends\/wp-json\/wp\/v2\/media?parent=17914"}],"wp:term":[{"taxonomy":"category","embeddable":true,"href":"https:\/\/empresas.infoempleo.com\/hrtrends\/wp-json\/wp\/v2\/categories?post=17914"},{"taxonomy":"post_tag","embeddable":true,"href":"https:\/\/empresas.infoempleo.com\/hrtrends\/wp-json\/wp\/v2\/tags?post=17914"}],"curies":[{"name":"wp","href":"https:\/\/api.w.org\/{rel}","templated":true}]}}