{"id":17800,"date":"2013-12-23T08:46:55","date_gmt":"2013-12-23T07:46:55","guid":{"rendered":"http:\/\/blog.infoempleo.com\/?p=17800"},"modified":"2024-08-29T17:47:22","modified_gmt":"2024-08-29T15:47:22","slug":"ranking-rankings-empleo","status":"publish","type":"post","link":"https:\/\/empresas.infoempleo.com\/hrtrends\/ranking-rankings-empleo\/","title":{"rendered":"Ranking de los rankings de Fin de A\u00f1o"},"content":{"rendered":"<p>Estos d\u00edas surgen r\u00e1nkings de todo tipo en todas las publicaciones. Nosotros estamos haciendo el r\u00e1nking de los r\u00e1nkings en temas de empleo. Si la semana pasada te habl\u00e1bamos de las empresas que crear\u00e1n empleo en Espa\u00f1a en 2014, las mejores Pymes y las empresas que prefieren los j\u00f3venes, hoy hemos buceado en busca de <strong>las empresas m\u00e1s m\u00e1s creativas de todo el mundo, las que tienen a los empleados m\u00e1s alegres y las que tienen a los empleados m\u00e1s satisfechos con su trabajo<\/strong>.<!--more-->\u00a0Y contra todo pron\u00f3stico, no, <strong>no es Google la empresa m\u00e1s creativa<\/strong>. Seg\u00fan el estudio publicado por <a href=\"http:\/\/www.viewsonyou.com\/Culture\/Tech\" target=\"_blank\" rel=\"noopener\">ViewsOnYou<\/a>, la consultora especializada en buscar los candidatos para una empresa que mejor coincidan con la personalidad de la misma, y en el que han participado decenas de miles de profesionales de todo el mundo, las <strong>diez empresas m\u00e1s creativas en 2013<\/strong> han sido Sanofi, Toyota, la asesor\u00eda Grant Thornton, Qualcomm, FedEx, Apple, CBC Television, Universal Music Group, Viacom y Qatar Airways Company. En el informe completo destacan hasta 25 compa\u00f1\u00edas, pero ya te adelantamos que no hay ninguna espa\u00f1ola en la lista.<\/p>\n<p>Glassdoor por su parte ha lanzado los resultados de su encuesta anual sobre <strong>las empresas en las que los trabajadores est\u00e1n m\u00e1s satisfechos<\/strong>. En total han destacado 50 compa\u00f1\u00edas. Todas ellas figuran en ese r\u00e1nking <strong>gracias a las cr\u00edticas y comentarios que han aportado sus propios empleados<\/strong>, los cu\u00e1les ten\u00edan que valorar en una serie de encuestas desde la capacidad de los directivos a las oportunidades que ten\u00edan para crecer profesionalmente, pasando por los incentivos, la cultura y los valores de la propia empresa o las posibilidades de conciliaci\u00f3n de la vida laboral y la vida profesional que ofrecen.<\/p>\n<p>En este r\u00e1nking, la consultora Bain&amp;Company ha recuperado el n\u00famero 1 despu\u00e9s de haberlo perdido el a\u00f1o pasado a manos de Facebook. La red social ha pasado este a\u00f1o del primer al quinto puesto de la clasificaci\u00f3n. Adem\u00e1s de sospechosos habituales como Google, Qualcomm \u00f3 Apple, han entrado en la lista 17 nuevas empresas entre las que destacan Twitter o Disney.<\/p>\n<p>Y por \u00faltimo traemos a este listado <strong>las empresas m\u00e1s felices<\/strong>. En este caso CareerBliss ha revisado las encuestas que los trabajadores de cientos de empresas han respondido sobre su trabajo, salario, visi\u00f3n de futuro o posibilidades de crecimiento personal o familiar. El informe concluye con que los empleados del gigante farmace\u00fatico, Pfizer son los m\u00e1s felices por segundo a\u00f1o consecutivo.<\/p>\n<p>Imagen: <a href=\"https:\/\/www.flickr.com\/\/photos\/92132559@N00\/3218139011\/\" target=\"_blank\" rel=\"noopener\">Lego Generations<\/a> (Flickr &#8211; CC)<\/p>\n","protected":false},"excerpt":{"rendered":"<p>Estos d\u00edas surgen r\u00e1nkings de todo tipo en todas las publicaciones. Nosotros estamos haciendo el r\u00e1nking de los<a class=\"moretag\" href=\"https:\/\/empresas.infoempleo.com\/hrtrends\/ranking-rankings-empleo\/\"> Leer m\u00e1s<\/a><\/p>\n","protected":false},"author":75,"featured_media":17802,"comment_status":"closed","ping_status":"open","sticky":false,"template":"","format":"standard","meta":{"footnotes":""},"categories":[3],"tags":[2614],"class_list":["post-17800","post","type-post","status-publish","format-standard","has-post-thumbnail","hentry","category-actualidad","tag-ranking-empleo"],"yoast_head":"<!-- This site is optimized with the Yoast SEO plugin v26.1.1 - https:\/\/yoast.com\/wordpress\/plugins\/seo\/ -->\n<title>R\u00e1nkings relacionados con el empleo<\/title>\n<meta name=\"description\" content=\"Las empresas m\u00e1s creativas de 2014, las empresas con los trabajadores m\u00e1s satisfechos y las empresas m\u00e1s felices del mundo\" \/>\n<meta name=\"robots\" content=\"index, follow, max-snippet:-1, max-image-preview:large, max-video-preview:-1\" \/>\n<link rel=\"canonical\" href=\"https:\/\/empresas.infoempleo.com\/hrtrends\/ranking-rankings-empleo\/\" \/>\n<meta property=\"og:locale\" content=\"es_ES\" \/>\n<meta property=\"og:type\" content=\"article\" \/>\n<meta property=\"og:title\" content=\"R\u00e1nkings relacionados con el empleo\" \/>\n<meta property=\"og:description\" content=\"Las empresas m\u00e1s creativas de 2014, las empresas con los trabajadores m\u00e1s satisfechos y las empresas m\u00e1s felices del mundo\" \/>\n<meta property=\"og:url\" content=\"https:\/\/empresas.infoempleo.com\/hrtrends\/ranking-rankings-empleo\/\" \/>\n<meta property=\"og:site_name\" content=\"HRTRENDS\" \/>\n<meta property=\"article:publisher\" content=\"https:\/\/www.facebook.com\/Infoempleo\" \/>\n<meta property=\"article:published_time\" content=\"2013-12-23T07:46:55+00:00\" \/>\n<meta property=\"article:modified_time\" content=\"2024-08-29T15:47:22+00:00\" \/>\n<meta property=\"og:image\" content=\"https:\/\/empresas.infoempleo.com\/hrtrends\/media\/2013\/12\/avanza.jpg\" \/>\n\t<meta property=\"og:image:width\" content=\"552\" \/>\n\t<meta property=\"og:image:height\" content=\"266\" \/>\n\t<meta property=\"og:image:type\" content=\"image\/jpeg\" \/>\n<meta name=\"author\" content=\"sergiomahugo\" \/>\n<meta name=\"twitter:card\" content=\"summary_large_image\" \/>\n<meta name=\"twitter:creator\" content=\"@infoempleo\" \/>\n<meta name=\"twitter:site\" content=\"@infoempleo\" \/>\n<meta name=\"twitter:label1\" content=\"Escrito por\" \/>\n\t<meta name=\"twitter:data1\" content=\"sergiomahugo\" \/>\n\t<meta name=\"twitter:label2\" content=\"Tiempo de lectura\" \/>\n\t<meta name=\"twitter:data2\" content=\"2 minutos\" \/>\n<script type=\"application\/ld+json\" class=\"yoast-schema-graph\">{\"@context\":\"https:\/\/schema.org\",\"@graph\":[{\"@type\":\"NewsArticle\",\"@id\":\"https:\/\/empresas.infoempleo.com\/hrtrends\/ranking-rankings-empleo\/#article\",\"isPartOf\":{\"@id\":\"https:\/\/empresas.infoempleo.com\/hrtrends\/ranking-rankings-empleo\/\"},\"author\":{\"name\":\"sergiomahugo\",\"@id\":\"https:\/\/empresas.infoempleo.com\/hrtrends\/#\/schema\/person\/7c44ed791a0fc4d41e32a21e5dd9b486\"},\"headline\":\"Ranking de los rankings de Fin de A\u00f1o\",\"datePublished\":\"2013-12-23T07:46:55+00:00\",\"dateModified\":\"2024-08-29T15:47:22+00:00\",\"mainEntityOfPage\":{\"@id\":\"https:\/\/empresas.infoempleo.com\/hrtrends\/ranking-rankings-empleo\/\"},\"wordCount\":455,\"publisher\":{\"@id\":\"https:\/\/empresas.infoempleo.com\/hrtrends\/#organization\"},\"image\":{\"@id\":\"https:\/\/empresas.infoempleo.com\/hrtrends\/ranking-rankings-empleo\/#primaryimage\"},\"thumbnailUrl\":\"https:\/\/empresas.infoempleo.com\/hrtrends\/media\/2013\/12\/avanza.jpg\",\"keywords\":[\"ranking empleo\"],\"articleSection\":[\"Actualidad\"],\"inLanguage\":\"es\",\"copyrightYear\":\"2013\",\"copyrightHolder\":{\"@id\":\"https:\/\/empresas.infoempleo.com\/hrtrends\/#organization\"}},{\"@type\":\"WebPage\",\"@id\":\"https:\/\/empresas.infoempleo.com\/hrtrends\/ranking-rankings-empleo\/\",\"url\":\"https:\/\/empresas.infoempleo.com\/hrtrends\/ranking-rankings-empleo\/\",\"name\":\"R\u00e1nkings relacionados con el empleo\",\"isPartOf\":{\"@id\":\"https:\/\/empresas.infoempleo.com\/hrtrends\/#website\"},\"primaryImageOfPage\":{\"@id\":\"https:\/\/empresas.infoempleo.com\/hrtrends\/ranking-rankings-empleo\/#primaryimage\"},\"image\":{\"@id\":\"https:\/\/empresas.infoempleo.com\/hrtrends\/ranking-rankings-empleo\/#primaryimage\"},\"thumbnailUrl\":\"https:\/\/empresas.infoempleo.com\/hrtrends\/media\/2013\/12\/avanza.jpg\",\"datePublished\":\"2013-12-23T07:46:55+00:00\",\"dateModified\":\"2024-08-29T15:47:22+00:00\",\"description\":\"Las empresas m\u00e1s creativas de 2014, las empresas con los trabajadores m\u00e1s satisfechos y las empresas m\u00e1s felices del mundo\",\"breadcrumb\":{\"@id\":\"https:\/\/empresas.infoempleo.com\/hrtrends\/ranking-rankings-empleo\/#breadcrumb\"},\"inLanguage\":\"es\",\"potentialAction\":[{\"@type\":\"ReadAction\",\"target\":[\"https:\/\/empresas.infoempleo.com\/hrtrends\/ranking-rankings-empleo\/\"]}]},{\"@type\":\"ImageObject\",\"inLanguage\":\"es\",\"@id\":\"https:\/\/empresas.infoempleo.com\/hrtrends\/ranking-rankings-empleo\/#primaryimage\",\"url\":\"https:\/\/empresas.infoempleo.com\/hrtrends\/media\/2013\/12\/avanza-150x150.jpg\",\"contentUrl\":\"https:\/\/empresas.infoempleo.com\/hrtrends\/media\/2013\/12\/avanza-150x150.jpg\",\"width\":150,\"height\":150},{\"@type\":\"BreadcrumbList\",\"@id\":\"https:\/\/empresas.infoempleo.com\/hrtrends\/ranking-rankings-empleo\/#breadcrumb\",\"itemListElement\":[{\"@type\":\"ListItem\",\"position\":1,\"name\":\"Portada\",\"item\":\"https:\/\/empresas.infoempleo.com\/hrtrends\/\"},{\"@type\":\"ListItem\",\"position\":2,\"name\":\"Ranking de los rankings de Fin de A\u00f1o\"}]},{\"@type\":\"WebSite\",\"@id\":\"https:\/\/empresas.infoempleo.com\/hrtrends\/#website\",\"url\":\"https:\/\/empresas.infoempleo.com\/hrtrends\",\"name\":\"HRTrends by Infoempleo\",\"description\":\"\",\"publisher\":{\"@id\":\"https:\/\/empresas.infoempleo.com\/hrtrends\/#organization\"},\"potentialAction\":{\"@type\":\"SearchAction\",\"target\":\"https:\/\/empresas.infoempleo.com\/hrtrends\/?s={search_term_string}\",\"query-input\":\"required name=search_term_string\"},\"inLanguage\":\"es\"},{\"@type\":\"Organization\",\"@id\":\"https:\/\/empresas.infoempleo.com\/hrtrends\/#organization\",\"name\":\"Infoempleo\",\"url\":\"https:\/\/www.infoempleo.com\/\",\"logo\":{\"@type\":\"ImageObject\",\"@id\":\"https:\/\/empresas.infoempleo.com\/hrtrends\/#logo\",\"inLanguage\":\"es\",\"url\":\"https:\/\/cdnazure.infoempleo.com\/infoempleo\/assets\/style\/gfx\/logo.svg\",\"contentUrl\":\"https:\/\/cdnazure.infoempleo.com\/infoempleo\/assets\/style\/gfx\/logo.svg\",\"width\":150,\"height\":40,\"caption\":\"Infoempleo\"},\"image\":{\"@id\":\"https:\/\/empresas.infoempleo.com\/hrtrends\/#logo\"},\"sameAs\":[\"https:\/\/www.facebook.com\/Infoempleo\",\"https:\/\/x.com\/infoempleo\",\"http:\/\/instagram.com\/infoempleo\/\",\"http:\/\/www.linkedin.com\/groups\/Empleo-Espa\u00f1a-Infoempleocom-111276\",\"http:\/\/pinterest.com\/infoempleo\/\"],\"address\":{\"@type\":\"PostalAddress\",\"addressLocality\":\"Madrid\",\"postalCode\":\"28050\",\"streetAddress\":\"Avenida de Burgos 114\"},\"brand\":[\"Infoempleo\"]},{\"@type\":\"Person\",\"@id\":\"https:\/\/empresas.infoempleo.com\/hrtrends\/#\/schema\/person\/7c44ed791a0fc4d41e32a21e5dd9b486\",\"name\":\"sergiomahugo\",\"image\":{\"@type\":\"ImageObject\",\"inLanguage\":\"es\",\"@id\":\"https:\/\/empresas.infoempleo.com\/hrtrends\/#\/schema\/person\/image\/\",\"url\":\"https:\/\/secure.gravatar.com\/avatar\/?s=96&d=mm&r=g\",\"contentUrl\":\"https:\/\/secure.gravatar.com\/avatar\/?s=96&d=mm&r=g\",\"caption\":\"sergiomahugo\"},\"url\":\"https:\/\/empresas.infoempleo.com\/hrtrends\/author\/sergiomahugo\/\"}]}<\/script>\n<!-- \/ Yoast SEO plugin. -->","yoast_head_json":{"title":"R\u00e1nkings relacionados con el empleo","description":"Las empresas m\u00e1s creativas de 2014, las empresas con los trabajadores m\u00e1s satisfechos y las empresas m\u00e1s felices del mundo","robots":{"index":"index","follow":"follow","max-snippet":"max-snippet:-1","max-image-preview":"max-image-preview:large","max-video-preview":"max-video-preview:-1"},"canonical":"https:\/\/empresas.infoempleo.com\/hrtrends\/ranking-rankings-empleo\/","og_locale":"es_ES","og_type":"article","og_title":"R\u00e1nkings relacionados con el empleo","og_description":"Las empresas m\u00e1s creativas de 2014, las empresas con los trabajadores m\u00e1s satisfechos y las empresas m\u00e1s felices del mundo","og_url":"https:\/\/empresas.infoempleo.com\/hrtrends\/ranking-rankings-empleo\/","og_site_name":"HRTRENDS","article_publisher":"https:\/\/www.facebook.com\/Infoempleo","article_published_time":"2013-12-23T07:46:55+00:00","article_modified_time":"2024-08-29T15:47:22+00:00","og_image":[{"width":552,"height":266,"url":"https:\/\/empresas.infoempleo.com\/hrtrends\/media\/2013\/12\/avanza.jpg","type":"image\/jpeg"}],"author":"sergiomahugo","twitter_card":"summary_large_image","twitter_creator":"@infoempleo","twitter_site":"@infoempleo","twitter_misc":{"Escrito por":"sergiomahugo","Tiempo de lectura":"2 minutos"},"schema":{"@context":"https:\/\/schema.org","@graph":[{"@type":"NewsArticle","@id":"https:\/\/empresas.infoempleo.com\/hrtrends\/ranking-rankings-empleo\/#article","isPartOf":{"@id":"https:\/\/empresas.infoempleo.com\/hrtrends\/ranking-rankings-empleo\/"},"author":{"name":"sergiomahugo","@id":"https:\/\/empresas.infoempleo.com\/hrtrends\/#\/schema\/person\/7c44ed791a0fc4d41e32a21e5dd9b486"},"headline":"Ranking de los rankings de Fin de A\u00f1o","datePublished":"2013-12-23T07:46:55+00:00","dateModified":"2024-08-29T15:47:22+00:00","mainEntityOfPage":{"@id":"https:\/\/empresas.infoempleo.com\/hrtrends\/ranking-rankings-empleo\/"},"wordCount":455,"publisher":{"@id":"https:\/\/empresas.infoempleo.com\/hrtrends\/#organization"},"image":{"@id":"https:\/\/empresas.infoempleo.com\/hrtrends\/ranking-rankings-empleo\/#primaryimage"},"thumbnailUrl":"https:\/\/empresas.infoempleo.com\/hrtrends\/media\/2013\/12\/avanza.jpg","keywords":["ranking empleo"],"articleSection":["Actualidad"],"inLanguage":"es","copyrightYear":"2013","copyrightHolder":{"@id":"https:\/\/empresas.infoempleo.com\/hrtrends\/#organization"}},{"@type":"WebPage","@id":"https:\/\/empresas.infoempleo.com\/hrtrends\/ranking-rankings-empleo\/","url":"https:\/\/empresas.infoempleo.com\/hrtrends\/ranking-rankings-empleo\/","name":"R\u00e1nkings relacionados con el empleo","isPartOf":{"@id":"https:\/\/empresas.infoempleo.com\/hrtrends\/#website"},"primaryImageOfPage":{"@id":"https:\/\/empresas.infoempleo.com\/hrtrends\/ranking-rankings-empleo\/#primaryimage"},"image":{"@id":"https:\/\/empresas.infoempleo.com\/hrtrends\/ranking-rankings-empleo\/#primaryimage"},"thumbnailUrl":"https:\/\/empresas.infoempleo.com\/hrtrends\/media\/2013\/12\/avanza.jpg","datePublished":"2013-12-23T07:46:55+00:00","dateModified":"2024-08-29T15:47:22+00:00","description":"Las empresas m\u00e1s creativas de 2014, las empresas con los trabajadores m\u00e1s satisfechos y las empresas m\u00e1s felices del mundo","breadcrumb":{"@id":"https:\/\/empresas.infoempleo.com\/hrtrends\/ranking-rankings-empleo\/#breadcrumb"},"inLanguage":"es","potentialAction":[{"@type":"ReadAction","target":["https:\/\/empresas.infoempleo.com\/hrtrends\/ranking-rankings-empleo\/"]}]},{"@type":"ImageObject","inLanguage":"es","@id":"https:\/\/empresas.infoempleo.com\/hrtrends\/ranking-rankings-empleo\/#primaryimage","url":"https:\/\/empresas.infoempleo.com\/hrtrends\/media\/2013\/12\/avanza-150x150.jpg","contentUrl":"https:\/\/empresas.infoempleo.com\/hrtrends\/media\/2013\/12\/avanza-150x150.jpg","width":150,"height":150},{"@type":"BreadcrumbList","@id":"https:\/\/empresas.infoempleo.com\/hrtrends\/ranking-rankings-empleo\/#breadcrumb","itemListElement":[{"@type":"ListItem","position":1,"name":"Portada","item":"https:\/\/empresas.infoempleo.com\/hrtrends\/"},{"@type":"ListItem","position":2,"name":"Ranking de los rankings de Fin de A\u00f1o"}]},{"@type":"WebSite","@id":"https:\/\/empresas.infoempleo.com\/hrtrends\/#website","url":"https:\/\/empresas.infoempleo.com\/hrtrends","name":"HRTrends by Infoempleo","description":"","publisher":{"@id":"https:\/\/empresas.infoempleo.com\/hrtrends\/#organization"},"potentialAction":{"@type":"SearchAction","target":"https:\/\/empresas.infoempleo.com\/hrtrends\/?s={search_term_string}","query-input":"required name=search_term_string"},"inLanguage":"es"},{"@type":"Organization","@id":"https:\/\/empresas.infoempleo.com\/hrtrends\/#organization","name":"Infoempleo","url":"https:\/\/www.infoempleo.com\/","logo":{"@type":"ImageObject","@id":"https:\/\/empresas.infoempleo.com\/hrtrends\/#logo","inLanguage":"es","url":"https:\/\/cdnazure.infoempleo.com\/infoempleo\/assets\/style\/gfx\/logo.svg","contentUrl":"https:\/\/cdnazure.infoempleo.com\/infoempleo\/assets\/style\/gfx\/logo.svg","width":150,"height":40,"caption":"Infoempleo"},"image":{"@id":"https:\/\/empresas.infoempleo.com\/hrtrends\/#logo"},"sameAs":["https:\/\/www.facebook.com\/Infoempleo","https:\/\/x.com\/infoempleo","http:\/\/instagram.com\/infoempleo\/","http:\/\/www.linkedin.com\/groups\/Empleo-Espa\u00f1a-Infoempleocom-111276","http:\/\/pinterest.com\/infoempleo\/"],"address":{"@type":"PostalAddress","addressLocality":"Madrid","postalCode":"28050","streetAddress":"Avenida de Burgos 114"},"brand":["Infoempleo"]},{"@type":"Person","@id":"https:\/\/empresas.infoempleo.com\/hrtrends\/#\/schema\/person\/7c44ed791a0fc4d41e32a21e5dd9b486","name":"sergiomahugo","image":{"@type":"ImageObject","inLanguage":"es","@id":"https:\/\/empresas.infoempleo.com\/hrtrends\/#\/schema\/person\/image\/","url":"https:\/\/secure.gravatar.com\/avatar\/?s=96&d=mm&r=g","contentUrl":"https:\/\/secure.gravatar.com\/avatar\/?s=96&d=mm&r=g","caption":"sergiomahugo"},"url":"https:\/\/empresas.infoempleo.com\/hrtrends\/author\/sergiomahugo\/"}]}},"amp_enabled":true,"_links":{"self":[{"href":"https:\/\/empresas.infoempleo.com\/hrtrends\/wp-json\/wp\/v2\/posts\/17800","targetHints":{"allow":["GET"]}}],"collection":[{"href":"https:\/\/empresas.infoempleo.com\/hrtrends\/wp-json\/wp\/v2\/posts"}],"about":[{"href":"https:\/\/empresas.infoempleo.com\/hrtrends\/wp-json\/wp\/v2\/types\/post"}],"author":[{"embeddable":true,"href":"https:\/\/empresas.infoempleo.com\/hrtrends\/wp-json\/wp\/v2\/users\/75"}],"replies":[{"embeddable":true,"href":"https:\/\/empresas.infoempleo.com\/hrtrends\/wp-json\/wp\/v2\/comments?post=17800"}],"version-history":[{"count":3,"href":"https:\/\/empresas.infoempleo.com\/hrtrends\/wp-json\/wp\/v2\/posts\/17800\/revisions"}],"predecessor-version":[{"id":45206,"href":"https:\/\/empresas.infoempleo.com\/hrtrends\/wp-json\/wp\/v2\/posts\/17800\/revisions\/45206"}],"wp:featuredmedia":[{"embeddable":true,"href":"https:\/\/empresas.infoempleo.com\/hrtrends\/wp-json\/wp\/v2\/media\/17802"}],"wp:attachment":[{"href":"https:\/\/empresas.infoempleo.com\/hrtrends\/wp-json\/wp\/v2\/media?parent=17800"}],"wp:term":[{"taxonomy":"category","embeddable":true,"href":"https:\/\/empresas.infoempleo.com\/hrtrends\/wp-json\/wp\/v2\/categories?post=17800"},{"taxonomy":"post_tag","embeddable":true,"href":"https:\/\/empresas.infoempleo.com\/hrtrends\/wp-json\/wp\/v2\/tags?post=17800"}],"curies":[{"name":"wp","href":"https:\/\/api.w.org\/{rel}","templated":true}]}}