{"id":17625,"date":"2013-10-22T09:41:34","date_gmt":"2013-10-22T08:41:34","guid":{"rendered":"http:\/\/blog.infoempleo.com\/?p=17625"},"modified":"2023-03-13T19:17:22","modified_gmt":"2023-03-13T17:17:22","slug":"los-tiempos-estan-cambiando-y-la-forma-de-hacer-negocios","status":"publish","type":"post","link":"https:\/\/empresas.infoempleo.com\/hrtrends\/los-tiempos-estan-cambiando-y-la-forma-de-hacer-negocios\/","title":{"rendered":"Los tiempos est\u00e1n cambiando y la forma de hacer negocios"},"content":{"rendered":"<p>Da v\u00e9rtigo la velocidad con la que se est\u00e1 transformando todo a nuestro alrededor. La crisis ha acelerado, entre otras muchas cuestiones, el debate sobre el sistema productivo de nuestro pa\u00eds. Las empresas deben <a href=\"https:\/\/bcsm.es\/\" target=\"_blank\" rel=\"noopener\">impulsar nuevos modelos de negocio<\/a>, buscar nuevas f\u00f3rmulas de financiaci\u00f3n, maneras de incrementar laproductividad, innovaci\u00f3n o competitividad. Por otro lado los trabajadores nos enfrentamos a un nuevo mercado laboral caracterizado por la aparici\u00f3n de nuevas profesiones, donde la cualificaci\u00f3n requerida es cada vez mayor, m\u00e1s flexibilidad horaria y geogr\u00e1fica, una mayor competencia y \u201cotras formas\u201d de contrataci\u00f3n con las empresas.<\/p>\n<p>Teniendo la crisis econ\u00f3mica como escenario, podr\u00edamos decir que los principales motores que est\u00e1n propiciando \u00e9stas \u00a0transformaciones a nivel empleo y empresa son: <b>la globalizaci\u00f3n de la econom\u00eda, los cambios sociales y culturales y las nuevas tecnolog\u00edas de la comunicaci\u00f3n.<\/b><\/p>\n<h3>\u00a0La Globalizaci\u00f3n de la Econom\u00eda<\/h3>\n<p><b>Cualquier negocio, por peque\u00f1o o local que sea, y de la misma forma cualquier trabajador se va a encontrar con mercados globales<\/b> que cada vez est\u00e1n m\u00e1s cercanos. Las empresas se preguntar\u00e1n si es m\u00e1s rentable contratar con proveedores de su zona o con los de otros pa\u00edses y, a la vez, la posibilidad de llegar a clientes de otros pa\u00edses; al mismo tiempo se van a enfrentar a una mayor competencia entre los clientes de su pa\u00eds ya que estos podr\u00e1n acceder empresas for\u00e1neas. Adem\u00e1s en este proceso aparece la deslocalizaci\u00f3n internacional de las empresas y la externalizaci\u00f3n de servicios, incluyendo empleados.\u00a0 Los trabajadores en esta coyuntura deben estar capacitados para trabajar en empresas de cualquier pa\u00eds, en algunos casos desplaz\u00e1ndose y en otros \u201ctele-trabajando\u201d. Tambi\u00e9n deben ser m\u00e1s flexibles en sus funciones y su horario y su capacitaci\u00f3n debe ser mayor para competir con trabajadores de todo el mundo, o incluso trabajar de forma externa.<\/p>\n<h3>\u00a0<b>Cambios Sociales y Culturales<\/b><\/h3>\n<p>Los cambios que se est\u00e1n produciendo en la sociedad, ya sean culturales, demogr\u00e1ficos o pol\u00edticos influyen directamente en el mercado econ\u00f3mico y laboral. Estamos viviendo momentos en los que la longevidad y la calidad de vida es mucho mayor a otros periodos hist\u00f3ricos. Debido a la crisis\u00a0 estamos m\u00e1s concienciados de la importancia de la solidaridad, la responsabilidad social o el comercio justo. Tambi\u00e9n hay un cambio en los valores hacia una vida familiar que debe conciliarse con el trabajo, cambios de roles entre hombre y mujer, mayor valoraci\u00f3n del tiempo libre, mayor inquietud por viajar y conocer otras culturas, etc. <b>Tanto las empresas como los trabajadores, sea cual sea su modelo en el futuro tendr\u00e1n que adaptarse a estas cuestiones.<\/b><\/p>\n<h3>\u00a0<b>Las nuevas tecnolog\u00edas de la comunicaci\u00f3n<\/b><\/h3>\n<p>En general cualquier cambio tecnol\u00f3gico es importante tanto a nivel social como empresarial. En la actualidad ese cambio est\u00e1 siendo impulsado por las TIC.\u00a0 <b>Cualquier aspecto del \u00e1mbito digital tiene un enorme impacto social,<\/b> las llamadas redes sociales est\u00e1n cambiando la forma de relacionarse las personas y por ende los mercados y las empresas, donde la persona individual adquiere una dimensi\u00f3n que anteriormente no ten\u00eda. Las comunicaciones facilitan la econom\u00eda internacional a trav\u00e9s de nuevas formas de comercializar productos sirvi\u00e9ndose del comercio electr\u00f3nico\u2026 que a la vez es m\u00e1s social. Estas tecnolog\u00edas a la vez est\u00e1n fomentando la innovaci\u00f3n y mejorando la competitividad de las empresas, con la aparici\u00f3n de negocios antes impensables. Los trabajadores con estas tecnolog\u00edas tienen una mayor capacidad de \u201ctele-trabajar\u201d o emprender y ofrecer sus servicios a empresas de todo el mundo, la posibilidad de formarse mucho mejor, asociarse y colaborar con otros trabajadores.<\/p>\n<h3>\u00a0<b>El auge de los consultores de negocio<\/b><\/h3>\n<p>Sin duda, los tiempos est\u00e1n cambiando y las empresas tienen que adaptarse. Van a tener que cambiar sus modelos de negocio, la forma de organizarse, la manera de relacionarse con el exterior y con sus propios empleados, buscar nuevos nichos de mercado, saber d\u00f3nde encontrar a los mejores trabajadores<b>\u2026 Y los trabajadores tienen que entender que est\u00e1n ante una oportunidad \u00fanica para encabezar el cambio y guiar a las empresas.<\/b> Una oportunidad de formaci\u00f3n es la de <a href=\"https:\/\/bcsm.es\/\" target=\"_blank\" rel=\"noopener\">consultor en negocios<\/a>. Sin duda se trata de una de las profesiones en auge con m\u00e1s futuro.<\/p>\n","protected":false},"excerpt":{"rendered":"<p>Da v\u00e9rtigo la velocidad con la que se est\u00e1 transformando todo a nuestro alrededor. La crisis ha acelerado,<a class=\"moretag\" href=\"https:\/\/empresas.infoempleo.com\/hrtrends\/los-tiempos-estan-cambiando-y-la-forma-de-hacer-negocios\/\"> Leer m\u00e1s<\/a><\/p>\n","protected":false},"author":40,"featured_media":17626,"comment_status":"closed","ping_status":"open","sticky":false,"template":"","format":"standard","meta":{"footnotes":""},"categories":[3],"tags":[271,40,2605],"class_list":["post-17625","post","type-post","status-publish","format-standard","has-post-thumbnail","hentry","category-actualidad","tag-carrera-profesional","tag-consultor","tag-profesiones"],"yoast_head":"<!-- This site is optimized with the Yoast SEO plugin v26.1.1 - https:\/\/yoast.com\/wordpress\/plugins\/seo\/ -->\n<title>Los tiempos est\u00e1n cambiando y la forma de hacer negocios<\/title>\n<meta name=\"description\" content=\"Las empresas tienen que adaptarse al cambio en los mercados, por ello es una oportunidad de formaci\u00f3n es la de consultor en negocios y guiarlas en este proceso.\" \/>\n<meta name=\"robots\" content=\"index, follow, max-snippet:-1, max-image-preview:large, max-video-preview:-1\" \/>\n<link rel=\"canonical\" href=\"https:\/\/empresas.infoempleo.com\/hrtrends\/los-tiempos-estan-cambiando-y-la-forma-de-hacer-negocios\/\" \/>\n<meta property=\"og:locale\" content=\"es_ES\" \/>\n<meta property=\"og:type\" content=\"article\" \/>\n<meta property=\"og:title\" content=\"Los tiempos est\u00e1n cambiando y la forma de hacer negocios\" \/>\n<meta property=\"og:description\" content=\"Las empresas tienen que adaptarse al cambio en los mercados, por ello es una oportunidad de formaci\u00f3n es la de consultor en negocios y guiarlas en este proceso.\" \/>\n<meta property=\"og:url\" content=\"https:\/\/empresas.infoempleo.com\/hrtrends\/los-tiempos-estan-cambiando-y-la-forma-de-hacer-negocios\/\" \/>\n<meta property=\"og:site_name\" content=\"HRTRENDS\" \/>\n<meta property=\"article:publisher\" content=\"https:\/\/www.facebook.com\/Infoempleo\" \/>\n<meta property=\"article:published_time\" content=\"2013-10-22T08:41:34+00:00\" \/>\n<meta property=\"article:modified_time\" content=\"2023-03-13T17:17:22+00:00\" \/>\n<meta property=\"og:image\" content=\"https:\/\/empresas.infoempleo.com\/hrtrends\/media\/2013\/10\/ConsultorNegocio.jpg\" \/>\n\t<meta property=\"og:image:width\" content=\"568\" \/>\n\t<meta property=\"og:image:height\" content=\"258\" \/>\n\t<meta property=\"og:image:type\" content=\"image\/jpeg\" \/>\n<meta name=\"author\" content=\"Jorge Bar\u00f3n\" \/>\n<meta name=\"twitter:card\" content=\"summary_large_image\" \/>\n<meta name=\"twitter:creator\" content=\"@infoempleo\" \/>\n<meta name=\"twitter:site\" content=\"@infoempleo\" \/>\n<meta name=\"twitter:label1\" content=\"Escrito por\" \/>\n\t<meta name=\"twitter:data1\" content=\"Jorge Bar\u00f3n\" \/>\n\t<meta name=\"twitter:label2\" content=\"Tiempo de lectura\" \/>\n\t<meta name=\"twitter:data2\" content=\"4 minutos\" \/>\n<script type=\"application\/ld+json\" class=\"yoast-schema-graph\">{\"@context\":\"https:\/\/schema.org\",\"@graph\":[{\"@type\":\"NewsArticle\",\"@id\":\"https:\/\/empresas.infoempleo.com\/hrtrends\/los-tiempos-estan-cambiando-y-la-forma-de-hacer-negocios\/#article\",\"isPartOf\":{\"@id\":\"https:\/\/empresas.infoempleo.com\/hrtrends\/los-tiempos-estan-cambiando-y-la-forma-de-hacer-negocios\/\"},\"author\":{\"name\":\"Jorge Bar\u00f3n\",\"@id\":\"https:\/\/empresas.infoempleo.com\/hrtrends\/#\/schema\/person\/2a6143806a7d624c0ce5c82696718ee4\"},\"headline\":\"Los tiempos est\u00e1n cambiando y la forma de hacer negocios\",\"datePublished\":\"2013-10-22T08:41:34+00:00\",\"dateModified\":\"2023-03-13T17:17:22+00:00\",\"mainEntityOfPage\":{\"@id\":\"https:\/\/empresas.infoempleo.com\/hrtrends\/los-tiempos-estan-cambiando-y-la-forma-de-hacer-negocios\/\"},\"wordCount\":754,\"publisher\":{\"@id\":\"https:\/\/empresas.infoempleo.com\/hrtrends\/#organization\"},\"image\":{\"@id\":\"https:\/\/empresas.infoempleo.com\/hrtrends\/los-tiempos-estan-cambiando-y-la-forma-de-hacer-negocios\/#primaryimage\"},\"thumbnailUrl\":\"https:\/\/empresas.infoempleo.com\/hrtrends\/media\/2013\/10\/ConsultorNegocio.jpg\",\"keywords\":[\"carrera profesional\",\"consultor\",\"profesiones\"],\"articleSection\":[\"Actualidad\"],\"inLanguage\":\"es\",\"copyrightYear\":\"2013\",\"copyrightHolder\":{\"@id\":\"https:\/\/empresas.infoempleo.com\/hrtrends\/#organization\"}},{\"@type\":\"WebPage\",\"@id\":\"https:\/\/empresas.infoempleo.com\/hrtrends\/los-tiempos-estan-cambiando-y-la-forma-de-hacer-negocios\/\",\"url\":\"https:\/\/empresas.infoempleo.com\/hrtrends\/los-tiempos-estan-cambiando-y-la-forma-de-hacer-negocios\/\",\"name\":\"Los tiempos est\u00e1n cambiando y la forma de hacer negocios\",\"isPartOf\":{\"@id\":\"https:\/\/empresas.infoempleo.com\/hrtrends\/#website\"},\"primaryImageOfPage\":{\"@id\":\"https:\/\/empresas.infoempleo.com\/hrtrends\/los-tiempos-estan-cambiando-y-la-forma-de-hacer-negocios\/#primaryimage\"},\"image\":{\"@id\":\"https:\/\/empresas.infoempleo.com\/hrtrends\/los-tiempos-estan-cambiando-y-la-forma-de-hacer-negocios\/#primaryimage\"},\"thumbnailUrl\":\"https:\/\/empresas.infoempleo.com\/hrtrends\/media\/2013\/10\/ConsultorNegocio.jpg\",\"datePublished\":\"2013-10-22T08:41:34+00:00\",\"dateModified\":\"2023-03-13T17:17:22+00:00\",\"description\":\"Las empresas tienen que adaptarse al cambio en los mercados, por ello es una oportunidad de formaci\u00f3n es la de consultor en negocios y guiarlas en este proceso.\",\"breadcrumb\":{\"@id\":\"https:\/\/empresas.infoempleo.com\/hrtrends\/los-tiempos-estan-cambiando-y-la-forma-de-hacer-negocios\/#breadcrumb\"},\"inLanguage\":\"es\",\"potentialAction\":[{\"@type\":\"ReadAction\",\"target\":[\"https:\/\/empresas.infoempleo.com\/hrtrends\/los-tiempos-estan-cambiando-y-la-forma-de-hacer-negocios\/\"]}]},{\"@type\":\"ImageObject\",\"inLanguage\":\"es\",\"@id\":\"https:\/\/empresas.infoempleo.com\/hrtrends\/los-tiempos-estan-cambiando-y-la-forma-de-hacer-negocios\/#primaryimage\",\"url\":\"https:\/\/empresas.infoempleo.com\/hrtrends\/media\/2013\/10\/ConsultorNegocio-150x150.jpg\",\"contentUrl\":\"https:\/\/empresas.infoempleo.com\/hrtrends\/media\/2013\/10\/ConsultorNegocio-150x150.jpg\",\"width\":150,\"height\":150,\"caption\":\"ConsultorNegocio\"},{\"@type\":\"BreadcrumbList\",\"@id\":\"https:\/\/empresas.infoempleo.com\/hrtrends\/los-tiempos-estan-cambiando-y-la-forma-de-hacer-negocios\/#breadcrumb\",\"itemListElement\":[{\"@type\":\"ListItem\",\"position\":1,\"name\":\"Portada\",\"item\":\"https:\/\/empresas.infoempleo.com\/hrtrends\/\"},{\"@type\":\"ListItem\",\"position\":2,\"name\":\"Los tiempos est\u00e1n cambiando y la forma de hacer negocios\"}]},{\"@type\":\"WebSite\",\"@id\":\"https:\/\/empresas.infoempleo.com\/hrtrends\/#website\",\"url\":\"https:\/\/empresas.infoempleo.com\/hrtrends\",\"name\":\"HRTrends by Infoempleo\",\"description\":\"\",\"publisher\":{\"@id\":\"https:\/\/empresas.infoempleo.com\/hrtrends\/#organization\"},\"potentialAction\":{\"@type\":\"SearchAction\",\"target\":\"https:\/\/empresas.infoempleo.com\/hrtrends\/?s={search_term_string}\",\"query-input\":\"required name=search_term_string\"},\"inLanguage\":\"es\"},{\"@type\":\"Organization\",\"@id\":\"https:\/\/empresas.infoempleo.com\/hrtrends\/#organization\",\"name\":\"Infoempleo\",\"url\":\"https:\/\/www.infoempleo.com\/\",\"logo\":{\"@type\":\"ImageObject\",\"@id\":\"https:\/\/empresas.infoempleo.com\/hrtrends\/#logo\",\"inLanguage\":\"es\",\"url\":\"https:\/\/cdnazure.infoempleo.com\/infoempleo\/assets\/style\/gfx\/logo.svg\",\"contentUrl\":\"https:\/\/cdnazure.infoempleo.com\/infoempleo\/assets\/style\/gfx\/logo.svg\",\"width\":150,\"height\":40,\"caption\":\"Infoempleo\"},\"image\":{\"@id\":\"https:\/\/empresas.infoempleo.com\/hrtrends\/#logo\"},\"sameAs\":[\"https:\/\/www.facebook.com\/Infoempleo\",\"https:\/\/x.com\/infoempleo\",\"http:\/\/instagram.com\/infoempleo\/\",\"http:\/\/www.linkedin.com\/groups\/Empleo-Espa\u00f1a-Infoempleocom-111276\",\"http:\/\/pinterest.com\/infoempleo\/\"],\"address\":{\"@type\":\"PostalAddress\",\"addressLocality\":\"Madrid\",\"postalCode\":\"28050\",\"streetAddress\":\"Avenida de Burgos 114\"},\"brand\":[\"Infoempleo\"]},{\"@type\":\"Person\",\"@id\":\"https:\/\/empresas.infoempleo.com\/hrtrends\/#\/schema\/person\/2a6143806a7d624c0ce5c82696718ee4\",\"name\":\"Jorge Bar\u00f3n\",\"image\":{\"@type\":\"ImageObject\",\"inLanguage\":\"es\",\"@id\":\"https:\/\/empresas.infoempleo.com\/hrtrends\/#\/schema\/person\/image\/\",\"url\":\"https:\/\/secure.gravatar.com\/avatar\/8a580044647f2c46116f67ccacbfa5aaa3b02221b700a4679bef2801ebcaf24e?s=96&d=mm&r=g\",\"contentUrl\":\"https:\/\/secure.gravatar.com\/avatar\/8a580044647f2c46116f67ccacbfa5aaa3b02221b700a4679bef2801ebcaf24e?s=96&d=mm&r=g\",\"caption\":\"Jorge Bar\u00f3n\"},\"url\":\"https:\/\/empresas.infoempleo.com\/hrtrends\/author\/jorge\/\"}]}<\/script>\n<!-- \/ Yoast SEO plugin. -->","yoast_head_json":{"title":"Los tiempos est\u00e1n cambiando y la forma de hacer negocios","description":"Las empresas tienen que adaptarse al cambio en los mercados, por ello es una oportunidad de formaci\u00f3n es la de consultor en negocios y guiarlas en este proceso.","robots":{"index":"index","follow":"follow","max-snippet":"max-snippet:-1","max-image-preview":"max-image-preview:large","max-video-preview":"max-video-preview:-1"},"canonical":"https:\/\/empresas.infoempleo.com\/hrtrends\/los-tiempos-estan-cambiando-y-la-forma-de-hacer-negocios\/","og_locale":"es_ES","og_type":"article","og_title":"Los tiempos est\u00e1n cambiando y la forma de hacer negocios","og_description":"Las empresas tienen que adaptarse al cambio en los mercados, por ello es una oportunidad de formaci\u00f3n es la de consultor en negocios y guiarlas en este proceso.","og_url":"https:\/\/empresas.infoempleo.com\/hrtrends\/los-tiempos-estan-cambiando-y-la-forma-de-hacer-negocios\/","og_site_name":"HRTRENDS","article_publisher":"https:\/\/www.facebook.com\/Infoempleo","article_published_time":"2013-10-22T08:41:34+00:00","article_modified_time":"2023-03-13T17:17:22+00:00","og_image":[{"width":568,"height":258,"url":"https:\/\/empresas.infoempleo.com\/hrtrends\/media\/2013\/10\/ConsultorNegocio.jpg","type":"image\/jpeg"}],"author":"Jorge Bar\u00f3n","twitter_card":"summary_large_image","twitter_creator":"@infoempleo","twitter_site":"@infoempleo","twitter_misc":{"Escrito por":"Jorge Bar\u00f3n","Tiempo de lectura":"4 minutos"},"schema":{"@context":"https:\/\/schema.org","@graph":[{"@type":"NewsArticle","@id":"https:\/\/empresas.infoempleo.com\/hrtrends\/los-tiempos-estan-cambiando-y-la-forma-de-hacer-negocios\/#article","isPartOf":{"@id":"https:\/\/empresas.infoempleo.com\/hrtrends\/los-tiempos-estan-cambiando-y-la-forma-de-hacer-negocios\/"},"author":{"name":"Jorge Bar\u00f3n","@id":"https:\/\/empresas.infoempleo.com\/hrtrends\/#\/schema\/person\/2a6143806a7d624c0ce5c82696718ee4"},"headline":"Los tiempos est\u00e1n cambiando y la forma de hacer negocios","datePublished":"2013-10-22T08:41:34+00:00","dateModified":"2023-03-13T17:17:22+00:00","mainEntityOfPage":{"@id":"https:\/\/empresas.infoempleo.com\/hrtrends\/los-tiempos-estan-cambiando-y-la-forma-de-hacer-negocios\/"},"wordCount":754,"publisher":{"@id":"https:\/\/empresas.infoempleo.com\/hrtrends\/#organization"},"image":{"@id":"https:\/\/empresas.infoempleo.com\/hrtrends\/los-tiempos-estan-cambiando-y-la-forma-de-hacer-negocios\/#primaryimage"},"thumbnailUrl":"https:\/\/empresas.infoempleo.com\/hrtrends\/media\/2013\/10\/ConsultorNegocio.jpg","keywords":["carrera profesional","consultor","profesiones"],"articleSection":["Actualidad"],"inLanguage":"es","copyrightYear":"2013","copyrightHolder":{"@id":"https:\/\/empresas.infoempleo.com\/hrtrends\/#organization"}},{"@type":"WebPage","@id":"https:\/\/empresas.infoempleo.com\/hrtrends\/los-tiempos-estan-cambiando-y-la-forma-de-hacer-negocios\/","url":"https:\/\/empresas.infoempleo.com\/hrtrends\/los-tiempos-estan-cambiando-y-la-forma-de-hacer-negocios\/","name":"Los tiempos est\u00e1n cambiando y la forma de hacer negocios","isPartOf":{"@id":"https:\/\/empresas.infoempleo.com\/hrtrends\/#website"},"primaryImageOfPage":{"@id":"https:\/\/empresas.infoempleo.com\/hrtrends\/los-tiempos-estan-cambiando-y-la-forma-de-hacer-negocios\/#primaryimage"},"image":{"@id":"https:\/\/empresas.infoempleo.com\/hrtrends\/los-tiempos-estan-cambiando-y-la-forma-de-hacer-negocios\/#primaryimage"},"thumbnailUrl":"https:\/\/empresas.infoempleo.com\/hrtrends\/media\/2013\/10\/ConsultorNegocio.jpg","datePublished":"2013-10-22T08:41:34+00:00","dateModified":"2023-03-13T17:17:22+00:00","description":"Las empresas tienen que adaptarse al cambio en los mercados, por ello es una oportunidad de formaci\u00f3n es la de consultor en negocios y guiarlas en este proceso.","breadcrumb":{"@id":"https:\/\/empresas.infoempleo.com\/hrtrends\/los-tiempos-estan-cambiando-y-la-forma-de-hacer-negocios\/#breadcrumb"},"inLanguage":"es","potentialAction":[{"@type":"ReadAction","target":["https:\/\/empresas.infoempleo.com\/hrtrends\/los-tiempos-estan-cambiando-y-la-forma-de-hacer-negocios\/"]}]},{"@type":"ImageObject","inLanguage":"es","@id":"https:\/\/empresas.infoempleo.com\/hrtrends\/los-tiempos-estan-cambiando-y-la-forma-de-hacer-negocios\/#primaryimage","url":"https:\/\/empresas.infoempleo.com\/hrtrends\/media\/2013\/10\/ConsultorNegocio-150x150.jpg","contentUrl":"https:\/\/empresas.infoempleo.com\/hrtrends\/media\/2013\/10\/ConsultorNegocio-150x150.jpg","width":150,"height":150,"caption":"ConsultorNegocio"},{"@type":"BreadcrumbList","@id":"https:\/\/empresas.infoempleo.com\/hrtrends\/los-tiempos-estan-cambiando-y-la-forma-de-hacer-negocios\/#breadcrumb","itemListElement":[{"@type":"ListItem","position":1,"name":"Portada","item":"https:\/\/empresas.infoempleo.com\/hrtrends\/"},{"@type":"ListItem","position":2,"name":"Los tiempos est\u00e1n cambiando y la forma de hacer negocios"}]},{"@type":"WebSite","@id":"https:\/\/empresas.infoempleo.com\/hrtrends\/#website","url":"https:\/\/empresas.infoempleo.com\/hrtrends","name":"HRTrends by Infoempleo","description":"","publisher":{"@id":"https:\/\/empresas.infoempleo.com\/hrtrends\/#organization"},"potentialAction":{"@type":"SearchAction","target":"https:\/\/empresas.infoempleo.com\/hrtrends\/?s={search_term_string}","query-input":"required name=search_term_string"},"inLanguage":"es"},{"@type":"Organization","@id":"https:\/\/empresas.infoempleo.com\/hrtrends\/#organization","name":"Infoempleo","url":"https:\/\/www.infoempleo.com\/","logo":{"@type":"ImageObject","@id":"https:\/\/empresas.infoempleo.com\/hrtrends\/#logo","inLanguage":"es","url":"https:\/\/cdnazure.infoempleo.com\/infoempleo\/assets\/style\/gfx\/logo.svg","contentUrl":"https:\/\/cdnazure.infoempleo.com\/infoempleo\/assets\/style\/gfx\/logo.svg","width":150,"height":40,"caption":"Infoempleo"},"image":{"@id":"https:\/\/empresas.infoempleo.com\/hrtrends\/#logo"},"sameAs":["https:\/\/www.facebook.com\/Infoempleo","https:\/\/x.com\/infoempleo","http:\/\/instagram.com\/infoempleo\/","http:\/\/www.linkedin.com\/groups\/Empleo-Espa\u00f1a-Infoempleocom-111276","http:\/\/pinterest.com\/infoempleo\/"],"address":{"@type":"PostalAddress","addressLocality":"Madrid","postalCode":"28050","streetAddress":"Avenida de Burgos 114"},"brand":["Infoempleo"]},{"@type":"Person","@id":"https:\/\/empresas.infoempleo.com\/hrtrends\/#\/schema\/person\/2a6143806a7d624c0ce5c82696718ee4","name":"Jorge Bar\u00f3n","image":{"@type":"ImageObject","inLanguage":"es","@id":"https:\/\/empresas.infoempleo.com\/hrtrends\/#\/schema\/person\/image\/","url":"https:\/\/secure.gravatar.com\/avatar\/8a580044647f2c46116f67ccacbfa5aaa3b02221b700a4679bef2801ebcaf24e?s=96&d=mm&r=g","contentUrl":"https:\/\/secure.gravatar.com\/avatar\/8a580044647f2c46116f67ccacbfa5aaa3b02221b700a4679bef2801ebcaf24e?s=96&d=mm&r=g","caption":"Jorge Bar\u00f3n"},"url":"https:\/\/empresas.infoempleo.com\/hrtrends\/author\/jorge\/"}]}},"amp_enabled":true,"_links":{"self":[{"href":"https:\/\/empresas.infoempleo.com\/hrtrends\/wp-json\/wp\/v2\/posts\/17625","targetHints":{"allow":["GET"]}}],"collection":[{"href":"https:\/\/empresas.infoempleo.com\/hrtrends\/wp-json\/wp\/v2\/posts"}],"about":[{"href":"https:\/\/empresas.infoempleo.com\/hrtrends\/wp-json\/wp\/v2\/types\/post"}],"author":[{"embeddable":true,"href":"https:\/\/empresas.infoempleo.com\/hrtrends\/wp-json\/wp\/v2\/users\/40"}],"replies":[{"embeddable":true,"href":"https:\/\/empresas.infoempleo.com\/hrtrends\/wp-json\/wp\/v2\/comments?post=17625"}],"version-history":[{"count":4,"href":"https:\/\/empresas.infoempleo.com\/hrtrends\/wp-json\/wp\/v2\/posts\/17625\/revisions"}],"predecessor-version":[{"id":43090,"href":"https:\/\/empresas.infoempleo.com\/hrtrends\/wp-json\/wp\/v2\/posts\/17625\/revisions\/43090"}],"wp:featuredmedia":[{"embeddable":true,"href":"https:\/\/empresas.infoempleo.com\/hrtrends\/wp-json\/wp\/v2\/media\/17626"}],"wp:attachment":[{"href":"https:\/\/empresas.infoempleo.com\/hrtrends\/wp-json\/wp\/v2\/media?parent=17625"}],"wp:term":[{"taxonomy":"category","embeddable":true,"href":"https:\/\/empresas.infoempleo.com\/hrtrends\/wp-json\/wp\/v2\/categories?post=17625"},{"taxonomy":"post_tag","embeddable":true,"href":"https:\/\/empresas.infoempleo.com\/hrtrends\/wp-json\/wp\/v2\/tags?post=17625"}],"curies":[{"name":"wp","href":"https:\/\/api.w.org\/{rel}","templated":true}]}}