{"id":17566,"date":"2013-10-03T09:03:14","date_gmt":"2013-10-03T08:03:14","guid":{"rendered":"http:\/\/blog.infoempleo.com\/?p=17566"},"modified":"2023-03-13T19:17:21","modified_gmt":"2023-03-13T17:17:21","slug":"dejar-el-trabajo-sin-parar-de-bailar","status":"publish","type":"post","link":"https:\/\/empresas.infoempleo.com\/hrtrends\/dejar-el-trabajo-sin-parar-de-bailar\/","title":{"rendered":"Dejar el trabajo sin parar de bailar"},"content":{"rendered":"<p>Actualmente no vivimos una temporada en la que abandonar un puesto de trabajo sea una buena idea. Sin embargo, cada situaci\u00f3n es diferente, y cuando se ha sopesado la decisi\u00f3n, si adem\u00e1s le a\u00f1adimos un poco de originalidad y un v\u00eddeo viral, todo cambia.<\/p>\n<p>Normalmente os solemos contar casos sobre gente que utiliza su imaginaci\u00f3n y creatividad para llamar la atenci\u00f3n de las empresas y poder destacar entre el resto de aspirantes a un puesto de trabajo.<\/p>\n<p>Esta vez, la intenci\u00f3n de Marina Schifrin, la protagonista de esta historia era totalmente distinta.<\/p>\n<p>Tal y como explica en su v\u00eddeo, despu\u00e9s de a\u00f1os sacrificar su vida personal por la laboral, de soportar horarios intempestivos, horas extra y la no valoraci\u00f3n de un jefe al que s\u00f3lo le importaban las visitas y reproducciones de los v\u00eddeos que publicaban, decidi\u00f3 decir que ya estaba bien, y que lo dejaba.<\/p>\n<p>Eligi\u00f3 hacer un v\u00eddeo en el que sin parar de bailar al ritmo de Kanye West, rotula su finiquito en la empresa dejando claro que le gusta su empresa pero que por la visi\u00f3n de su jefe no puede seguir trabajando all\u00ed.<\/p>\n<p><strong>\u00abSon las 4:30 de la ma\u00f1ana y sigo en el trabajo\u00bb<\/strong>, as\u00ed empieza el v\u00eddeo en el que refleja su situaci\u00f3n tom\u00e1ndoselo con filosof\u00eda sin dejar de bailar.<\/p>\n<p><iframe loading=\"lazy\" title=\"An Interpretive Dance For My Boss Set To Kanye West&#039;s Gone\" width=\"1140\" height=\"641\" src=\"https:\/\/www.youtube.com\/embed\/Ew_tdY0V4Zo?feature=oembed\" frameborder=\"0\" allow=\"accelerometer; autoplay; clipboard-write; encrypted-media; gyroscope; picture-in-picture\" allowfullscreen><\/iframe><\/p>\n<p>&nbsp;<\/p>\n<p>El v\u00eddeo lleva ya m\u00e1s de 10 millones de reproducciones, superando seguramente a cualquiera de los v\u00eddeos que ha estado publicando durante todo el tiempo que estuvo trabajando para su jefe.<\/p>\n<p>En resumen, esta historia refleja <strong>la importancia de tener una situaci\u00f3n laboral agradable <\/strong>y sentirse valorado en el trabajo.<\/p>\n","protected":false},"excerpt":{"rendered":"<p>Actualmente no vivimos una temporada en la que abandonar un puesto de trabajo sea una buena idea. Sin<a class=\"moretag\" href=\"https:\/\/empresas.infoempleo.com\/hrtrends\/dejar-el-trabajo-sin-parar-de-bailar\/\"> Leer m\u00e1s<\/a><\/p>\n","protected":false},"author":39,"featured_media":17569,"comment_status":"closed","ping_status":"open","sticky":false,"template":"","format":"standard","meta":{"footnotes":""},"categories":[3],"tags":[],"class_list":["post-17566","post","type-post","status-publish","format-standard","has-post-thumbnail","hentry","category-actualidad"],"yoast_head":"<!-- This site is optimized with the Yoast SEO plugin v26.1.1 - https:\/\/yoast.com\/wordpress\/plugins\/seo\/ -->\n<title>Dejar el trabajo sin parar de bailar<\/title>\n<meta name=\"robots\" content=\"index, follow, max-snippet:-1, max-image-preview:large, max-video-preview:-1\" \/>\n<link rel=\"canonical\" href=\"https:\/\/empresas.infoempleo.com\/hrtrends\/dejar-el-trabajo-sin-parar-de-bailar\/\" \/>\n<meta property=\"og:locale\" content=\"es_ES\" \/>\n<meta property=\"og:type\" content=\"article\" \/>\n<meta property=\"og:title\" content=\"Dejar el trabajo sin parar de bailar\" \/>\n<meta property=\"og:description\" content=\"Actualmente no vivimos una temporada en la que abandonar un puesto de trabajo sea una buena idea. Sin Leer m\u00e1s\" \/>\n<meta property=\"og:url\" content=\"https:\/\/empresas.infoempleo.com\/hrtrends\/dejar-el-trabajo-sin-parar-de-bailar\/\" \/>\n<meta property=\"og:site_name\" content=\"HRTRENDS\" \/>\n<meta property=\"article:publisher\" content=\"https:\/\/www.facebook.com\/Infoempleo\" \/>\n<meta property=\"article:published_time\" content=\"2013-10-03T08:03:14+00:00\" \/>\n<meta property=\"article:modified_time\" content=\"2023-03-13T17:17:21+00:00\" \/>\n<meta property=\"og:image\" content=\"https:\/\/empresas.infoempleo.com\/hrtrends\/media\/2013\/10\/danccc.jpg\" \/>\n\t<meta property=\"og:image:width\" content=\"600\" \/>\n\t<meta property=\"og:image:height\" content=\"334\" \/>\n\t<meta property=\"og:image:type\" content=\"image\/jpeg\" \/>\n<meta name=\"author\" content=\"Marga TD\" \/>\n<meta name=\"twitter:card\" content=\"summary_large_image\" \/>\n<meta name=\"twitter:creator\" content=\"@infoempleo\" \/>\n<meta name=\"twitter:site\" content=\"@infoempleo\" \/>\n<meta name=\"twitter:label1\" content=\"Escrito por\" \/>\n\t<meta name=\"twitter:data1\" content=\"Marga TD\" \/>\n\t<meta name=\"twitter:label2\" content=\"Tiempo de lectura\" \/>\n\t<meta name=\"twitter:data2\" content=\"2 minutos\" \/>\n<script type=\"application\/ld+json\" class=\"yoast-schema-graph\">{\"@context\":\"https:\/\/schema.org\",\"@graph\":[{\"@type\":\"NewsArticle\",\"@id\":\"https:\/\/empresas.infoempleo.com\/hrtrends\/dejar-el-trabajo-sin-parar-de-bailar\/#article\",\"isPartOf\":{\"@id\":\"https:\/\/empresas.infoempleo.com\/hrtrends\/dejar-el-trabajo-sin-parar-de-bailar\/\"},\"author\":{\"name\":\"Marga TD\",\"@id\":\"https:\/\/empresas.infoempleo.com\/hrtrends\/#\/schema\/person\/3c0b9f414329516aaaef060dcb209533\"},\"headline\":\"Dejar el trabajo sin parar de bailar\",\"datePublished\":\"2013-10-03T08:03:14+00:00\",\"dateModified\":\"2023-03-13T17:17:21+00:00\",\"mainEntityOfPage\":{\"@id\":\"https:\/\/empresas.infoempleo.com\/hrtrends\/dejar-el-trabajo-sin-parar-de-bailar\/\"},\"wordCount\":307,\"publisher\":{\"@id\":\"https:\/\/empresas.infoempleo.com\/hrtrends\/#organization\"},\"image\":{\"@id\":\"https:\/\/empresas.infoempleo.com\/hrtrends\/dejar-el-trabajo-sin-parar-de-bailar\/#primaryimage\"},\"thumbnailUrl\":\"https:\/\/empresas.infoempleo.com\/hrtrends\/media\/2013\/10\/danccc.jpg\",\"articleSection\":[\"Actualidad\"],\"inLanguage\":\"es\",\"copyrightYear\":\"2013\",\"copyrightHolder\":{\"@id\":\"https:\/\/empresas.infoempleo.com\/hrtrends\/#organization\"}},{\"@type\":\"WebPage\",\"@id\":\"https:\/\/empresas.infoempleo.com\/hrtrends\/dejar-el-trabajo-sin-parar-de-bailar\/\",\"url\":\"https:\/\/empresas.infoempleo.com\/hrtrends\/dejar-el-trabajo-sin-parar-de-bailar\/\",\"name\":\"Dejar el trabajo sin parar de bailar\",\"isPartOf\":{\"@id\":\"https:\/\/empresas.infoempleo.com\/hrtrends\/#website\"},\"primaryImageOfPage\":{\"@id\":\"https:\/\/empresas.infoempleo.com\/hrtrends\/dejar-el-trabajo-sin-parar-de-bailar\/#primaryimage\"},\"image\":{\"@id\":\"https:\/\/empresas.infoempleo.com\/hrtrends\/dejar-el-trabajo-sin-parar-de-bailar\/#primaryimage\"},\"thumbnailUrl\":\"https:\/\/empresas.infoempleo.com\/hrtrends\/media\/2013\/10\/danccc.jpg\",\"datePublished\":\"2013-10-03T08:03:14+00:00\",\"dateModified\":\"2023-03-13T17:17:21+00:00\",\"breadcrumb\":{\"@id\":\"https:\/\/empresas.infoempleo.com\/hrtrends\/dejar-el-trabajo-sin-parar-de-bailar\/#breadcrumb\"},\"inLanguage\":\"es\",\"potentialAction\":[{\"@type\":\"ReadAction\",\"target\":[\"https:\/\/empresas.infoempleo.com\/hrtrends\/dejar-el-trabajo-sin-parar-de-bailar\/\"]}]},{\"@type\":\"ImageObject\",\"inLanguage\":\"es\",\"@id\":\"https:\/\/empresas.infoempleo.com\/hrtrends\/dejar-el-trabajo-sin-parar-de-bailar\/#primaryimage\",\"url\":\"https:\/\/empresas.infoempleo.com\/hrtrends\/media\/2013\/10\/danccc-150x150.jpg\",\"contentUrl\":\"https:\/\/empresas.infoempleo.com\/hrtrends\/media\/2013\/10\/danccc-150x150.jpg\",\"width\":150,\"height\":150},{\"@type\":\"BreadcrumbList\",\"@id\":\"https:\/\/empresas.infoempleo.com\/hrtrends\/dejar-el-trabajo-sin-parar-de-bailar\/#breadcrumb\",\"itemListElement\":[{\"@type\":\"ListItem\",\"position\":1,\"name\":\"Portada\",\"item\":\"https:\/\/empresas.infoempleo.com\/hrtrends\/\"},{\"@type\":\"ListItem\",\"position\":2,\"name\":\"Dejar el trabajo sin parar de bailar\"}]},{\"@type\":\"WebSite\",\"@id\":\"https:\/\/empresas.infoempleo.com\/hrtrends\/#website\",\"url\":\"https:\/\/empresas.infoempleo.com\/hrtrends\",\"name\":\"HRTrends by Infoempleo\",\"description\":\"\",\"publisher\":{\"@id\":\"https:\/\/empresas.infoempleo.com\/hrtrends\/#organization\"},\"potentialAction\":{\"@type\":\"SearchAction\",\"target\":\"https:\/\/empresas.infoempleo.com\/hrtrends\/?s={search_term_string}\",\"query-input\":\"required name=search_term_string\"},\"inLanguage\":\"es\"},{\"@type\":\"Organization\",\"@id\":\"https:\/\/empresas.infoempleo.com\/hrtrends\/#organization\",\"name\":\"Infoempleo\",\"url\":\"https:\/\/www.infoempleo.com\/\",\"logo\":{\"@type\":\"ImageObject\",\"@id\":\"https:\/\/empresas.infoempleo.com\/hrtrends\/#logo\",\"inLanguage\":\"es\",\"url\":\"https:\/\/cdnazure.infoempleo.com\/infoempleo\/assets\/style\/gfx\/logo.svg\",\"contentUrl\":\"https:\/\/cdnazure.infoempleo.com\/infoempleo\/assets\/style\/gfx\/logo.svg\",\"width\":150,\"height\":40,\"caption\":\"Infoempleo\"},\"image\":{\"@id\":\"https:\/\/empresas.infoempleo.com\/hrtrends\/#logo\"},\"sameAs\":[\"https:\/\/www.facebook.com\/Infoempleo\",\"https:\/\/x.com\/infoempleo\",\"http:\/\/instagram.com\/infoempleo\/\",\"http:\/\/www.linkedin.com\/groups\/Empleo-Espa\u00f1a-Infoempleocom-111276\",\"http:\/\/pinterest.com\/infoempleo\/\"],\"address\":{\"@type\":\"PostalAddress\",\"addressLocality\":\"Madrid\",\"postalCode\":\"28050\",\"streetAddress\":\"Avenida de Burgos 114\"},\"brand\":[\"Infoempleo\"]},{\"@type\":\"Person\",\"@id\":\"https:\/\/empresas.infoempleo.com\/hrtrends\/#\/schema\/person\/3c0b9f414329516aaaef060dcb209533\",\"name\":\"Marga TD\",\"image\":{\"@type\":\"ImageObject\",\"inLanguage\":\"es\",\"@id\":\"https:\/\/empresas.infoempleo.com\/hrtrends\/#\/schema\/person\/image\/\",\"url\":\"https:\/\/secure.gravatar.com\/avatar\/f27a7ca1df426642a2ab955263c4e5243d00ec942306dedeb83de783a98f1cf4?s=96&d=mm&r=g\",\"contentUrl\":\"https:\/\/secure.gravatar.com\/avatar\/f27a7ca1df426642a2ab955263c4e5243d00ec942306dedeb83de783a98f1cf4?s=96&d=mm&r=g\",\"caption\":\"Marga TD\"},\"url\":\"https:\/\/empresas.infoempleo.com\/hrtrends\/author\/marguitd\/\"}]}<\/script>\n<!-- \/ Yoast SEO plugin. -->","yoast_head_json":{"title":"Dejar el trabajo sin parar de bailar","robots":{"index":"index","follow":"follow","max-snippet":"max-snippet:-1","max-image-preview":"max-image-preview:large","max-video-preview":"max-video-preview:-1"},"canonical":"https:\/\/empresas.infoempleo.com\/hrtrends\/dejar-el-trabajo-sin-parar-de-bailar\/","og_locale":"es_ES","og_type":"article","og_title":"Dejar el trabajo sin parar de bailar","og_description":"Actualmente no vivimos una temporada en la que abandonar un puesto de trabajo sea una buena idea. Sin Leer m\u00e1s","og_url":"https:\/\/empresas.infoempleo.com\/hrtrends\/dejar-el-trabajo-sin-parar-de-bailar\/","og_site_name":"HRTRENDS","article_publisher":"https:\/\/www.facebook.com\/Infoempleo","article_published_time":"2013-10-03T08:03:14+00:00","article_modified_time":"2023-03-13T17:17:21+00:00","og_image":[{"width":600,"height":334,"url":"https:\/\/empresas.infoempleo.com\/hrtrends\/media\/2013\/10\/danccc.jpg","type":"image\/jpeg"}],"author":"Marga TD","twitter_card":"summary_large_image","twitter_creator":"@infoempleo","twitter_site":"@infoempleo","twitter_misc":{"Escrito por":"Marga TD","Tiempo de lectura":"2 minutos"},"schema":{"@context":"https:\/\/schema.org","@graph":[{"@type":"NewsArticle","@id":"https:\/\/empresas.infoempleo.com\/hrtrends\/dejar-el-trabajo-sin-parar-de-bailar\/#article","isPartOf":{"@id":"https:\/\/empresas.infoempleo.com\/hrtrends\/dejar-el-trabajo-sin-parar-de-bailar\/"},"author":{"name":"Marga TD","@id":"https:\/\/empresas.infoempleo.com\/hrtrends\/#\/schema\/person\/3c0b9f414329516aaaef060dcb209533"},"headline":"Dejar el trabajo sin parar de bailar","datePublished":"2013-10-03T08:03:14+00:00","dateModified":"2023-03-13T17:17:21+00:00","mainEntityOfPage":{"@id":"https:\/\/empresas.infoempleo.com\/hrtrends\/dejar-el-trabajo-sin-parar-de-bailar\/"},"wordCount":307,"publisher":{"@id":"https:\/\/empresas.infoempleo.com\/hrtrends\/#organization"},"image":{"@id":"https:\/\/empresas.infoempleo.com\/hrtrends\/dejar-el-trabajo-sin-parar-de-bailar\/#primaryimage"},"thumbnailUrl":"https:\/\/empresas.infoempleo.com\/hrtrends\/media\/2013\/10\/danccc.jpg","articleSection":["Actualidad"],"inLanguage":"es","copyrightYear":"2013","copyrightHolder":{"@id":"https:\/\/empresas.infoempleo.com\/hrtrends\/#organization"}},{"@type":"WebPage","@id":"https:\/\/empresas.infoempleo.com\/hrtrends\/dejar-el-trabajo-sin-parar-de-bailar\/","url":"https:\/\/empresas.infoempleo.com\/hrtrends\/dejar-el-trabajo-sin-parar-de-bailar\/","name":"Dejar el trabajo sin parar de bailar","isPartOf":{"@id":"https:\/\/empresas.infoempleo.com\/hrtrends\/#website"},"primaryImageOfPage":{"@id":"https:\/\/empresas.infoempleo.com\/hrtrends\/dejar-el-trabajo-sin-parar-de-bailar\/#primaryimage"},"image":{"@id":"https:\/\/empresas.infoempleo.com\/hrtrends\/dejar-el-trabajo-sin-parar-de-bailar\/#primaryimage"},"thumbnailUrl":"https:\/\/empresas.infoempleo.com\/hrtrends\/media\/2013\/10\/danccc.jpg","datePublished":"2013-10-03T08:03:14+00:00","dateModified":"2023-03-13T17:17:21+00:00","breadcrumb":{"@id":"https:\/\/empresas.infoempleo.com\/hrtrends\/dejar-el-trabajo-sin-parar-de-bailar\/#breadcrumb"},"inLanguage":"es","potentialAction":[{"@type":"ReadAction","target":["https:\/\/empresas.infoempleo.com\/hrtrends\/dejar-el-trabajo-sin-parar-de-bailar\/"]}]},{"@type":"ImageObject","inLanguage":"es","@id":"https:\/\/empresas.infoempleo.com\/hrtrends\/dejar-el-trabajo-sin-parar-de-bailar\/#primaryimage","url":"https:\/\/empresas.infoempleo.com\/hrtrends\/media\/2013\/10\/danccc-150x150.jpg","contentUrl":"https:\/\/empresas.infoempleo.com\/hrtrends\/media\/2013\/10\/danccc-150x150.jpg","width":150,"height":150},{"@type":"BreadcrumbList","@id":"https:\/\/empresas.infoempleo.com\/hrtrends\/dejar-el-trabajo-sin-parar-de-bailar\/#breadcrumb","itemListElement":[{"@type":"ListItem","position":1,"name":"Portada","item":"https:\/\/empresas.infoempleo.com\/hrtrends\/"},{"@type":"ListItem","position":2,"name":"Dejar el trabajo sin parar de bailar"}]},{"@type":"WebSite","@id":"https:\/\/empresas.infoempleo.com\/hrtrends\/#website","url":"https:\/\/empresas.infoempleo.com\/hrtrends","name":"HRTrends by Infoempleo","description":"","publisher":{"@id":"https:\/\/empresas.infoempleo.com\/hrtrends\/#organization"},"potentialAction":{"@type":"SearchAction","target":"https:\/\/empresas.infoempleo.com\/hrtrends\/?s={search_term_string}","query-input":"required name=search_term_string"},"inLanguage":"es"},{"@type":"Organization","@id":"https:\/\/empresas.infoempleo.com\/hrtrends\/#organization","name":"Infoempleo","url":"https:\/\/www.infoempleo.com\/","logo":{"@type":"ImageObject","@id":"https:\/\/empresas.infoempleo.com\/hrtrends\/#logo","inLanguage":"es","url":"https:\/\/cdnazure.infoempleo.com\/infoempleo\/assets\/style\/gfx\/logo.svg","contentUrl":"https:\/\/cdnazure.infoempleo.com\/infoempleo\/assets\/style\/gfx\/logo.svg","width":150,"height":40,"caption":"Infoempleo"},"image":{"@id":"https:\/\/empresas.infoempleo.com\/hrtrends\/#logo"},"sameAs":["https:\/\/www.facebook.com\/Infoempleo","https:\/\/x.com\/infoempleo","http:\/\/instagram.com\/infoempleo\/","http:\/\/www.linkedin.com\/groups\/Empleo-Espa\u00f1a-Infoempleocom-111276","http:\/\/pinterest.com\/infoempleo\/"],"address":{"@type":"PostalAddress","addressLocality":"Madrid","postalCode":"28050","streetAddress":"Avenida de Burgos 114"},"brand":["Infoempleo"]},{"@type":"Person","@id":"https:\/\/empresas.infoempleo.com\/hrtrends\/#\/schema\/person\/3c0b9f414329516aaaef060dcb209533","name":"Marga TD","image":{"@type":"ImageObject","inLanguage":"es","@id":"https:\/\/empresas.infoempleo.com\/hrtrends\/#\/schema\/person\/image\/","url":"https:\/\/secure.gravatar.com\/avatar\/f27a7ca1df426642a2ab955263c4e5243d00ec942306dedeb83de783a98f1cf4?s=96&d=mm&r=g","contentUrl":"https:\/\/secure.gravatar.com\/avatar\/f27a7ca1df426642a2ab955263c4e5243d00ec942306dedeb83de783a98f1cf4?s=96&d=mm&r=g","caption":"Marga TD"},"url":"https:\/\/empresas.infoempleo.com\/hrtrends\/author\/marguitd\/"}]}},"amp_enabled":true,"_links":{"self":[{"href":"https:\/\/empresas.infoempleo.com\/hrtrends\/wp-json\/wp\/v2\/posts\/17566","targetHints":{"allow":["GET"]}}],"collection":[{"href":"https:\/\/empresas.infoempleo.com\/hrtrends\/wp-json\/wp\/v2\/posts"}],"about":[{"href":"https:\/\/empresas.infoempleo.com\/hrtrends\/wp-json\/wp\/v2\/types\/post"}],"author":[{"embeddable":true,"href":"https:\/\/empresas.infoempleo.com\/hrtrends\/wp-json\/wp\/v2\/users\/39"}],"replies":[{"embeddable":true,"href":"https:\/\/empresas.infoempleo.com\/hrtrends\/wp-json\/wp\/v2\/comments?post=17566"}],"version-history":[{"count":1,"href":"https:\/\/empresas.infoempleo.com\/hrtrends\/wp-json\/wp\/v2\/posts\/17566\/revisions"}],"predecessor-version":[{"id":43083,"href":"https:\/\/empresas.infoempleo.com\/hrtrends\/wp-json\/wp\/v2\/posts\/17566\/revisions\/43083"}],"wp:featuredmedia":[{"embeddable":true,"href":"https:\/\/empresas.infoempleo.com\/hrtrends\/wp-json\/wp\/v2\/media\/17569"}],"wp:attachment":[{"href":"https:\/\/empresas.infoempleo.com\/hrtrends\/wp-json\/wp\/v2\/media?parent=17566"}],"wp:term":[{"taxonomy":"category","embeddable":true,"href":"https:\/\/empresas.infoempleo.com\/hrtrends\/wp-json\/wp\/v2\/categories?post=17566"},{"taxonomy":"post_tag","embeddable":true,"href":"https:\/\/empresas.infoempleo.com\/hrtrends\/wp-json\/wp\/v2\/tags?post=17566"}],"curies":[{"name":"wp","href":"https:\/\/api.w.org\/{rel}","templated":true}]}}