{"id":17298,"date":"2013-08-01T11:25:11","date_gmt":"2013-08-01T10:25:11","guid":{"rendered":"http:\/\/blog.infoempleo.com\/?p=17298"},"modified":"2025-12-17T19:47:54","modified_gmt":"2025-12-17T17:47:54","slug":"encontrar-trabajo-gracias-a-la-radio","status":"publish","type":"post","link":"https:\/\/empresas.infoempleo.com\/hrtrends\/encontrar-trabajo-gracias-a-la-radio\/","title":{"rendered":"Encontrar trabajo gracias a&#8230; \u00bfLa Radio?"},"content":{"rendered":"<p>En plena era de las <strong>redes sociales<\/strong>, de los \u00abTwister\u00bb, los \u00abFeisbuks\u00bb y el \u00abPinter\u00e9s\u00bb, un medio tradicional donde los haya, pero con mejor fama que la televisi\u00f3n est\u00e1 revolucionando la <strong>b\u00fasqueda de empleo<\/strong>:<strong> la radio<\/strong>.<\/p>\n<p>Son numerosos los ejemplos que hoy voy a desgranar en esta entrada, y de todo tipo, ya que parece que el inter\u00e9s mostrado por los equipos de producci\u00f3n de los programas radiof\u00f3nicos por estos contenidos, no tiene l\u00edmite. Lo cual parece un movimiento l\u00f3gico, ya que hablan del <strong>problema que m\u00e1s preocupa a la poblaci\u00f3n espa\u00f1ola<\/strong> seg\u00fan el bar\u00f3metro del CIS.<\/p>\n<p>Comenzamos con un extenso listado de recursos radiof\u00f3nicos, ya sean cadenas creadas para hablar exclusivamente de la b\u00fasqueda de empleo, o espacios dentro de programas de m\u00e1xima audiencia:<\/p>\n<p><b>1. El Gallo M\u00e1ximo<\/b> (M\u00e1xima FM): Esta temporada el programa en su secci\u00f3n de concursos cre\u00f3 durante una semana el hashtag y la iniciativa #oyentedelasemana en la que un oyente llamaba por tel\u00e9fono y se ofrec\u00eda para trabajar.\u00a0En la cuenta de Twitter del programa se recogen varios tweets compartiendo la alegr\u00eda por haberle encontrado trabajo a un oyente.<br \/>\n<a href=\"https:\/\/twitter.com\/el_gallo_maximo\/status\/342906462500171776\">Gallo M\u00e1ximo<\/a><\/p>\n<p><b>2. Morning 80 <\/b>(M80 Radio): El programa despertador de M80 Radio tiene una secci\u00f3n fija con @annaquintero de @infojobs en la que se ofrecen puestos de trabajo directamente en el programa. En la web se hace posteriormente una recopilaci\u00f3n de los mismos.<br \/>\nRecopilaci\u00f3n.<\/p>\n<p><b>3. Fin de semana Cope <\/b>(Cadena Cope): Los fines de semana @javier_penia de @portalparados ofrece trabajo y consejos en este programa de radio.<br \/>\n<a href=\"https:\/\/www.cope.es\/actualidad\/noticias\/las-ofertas-trabajo-fin-semana-julio-20130720_140609\">Ofertas<\/a><\/p>\n<p><b>4. A<\/b><b> vivir que son dos d\u00edas Euskadi <\/b>(Cadena Ser): Comparten consejos sobre b\u00fasqueda de empleo con sus oyentes. Programa de fin de semana que recientemente tuvo como protagonista a Laura Ramos, periodista autora de este VideoCV.<br \/>\nFacebook<\/p>\n<p><b>5. Te doy mi palabra <\/b>(Onda Cero): Tiene una secci\u00f3n donde cualquiera puede ofrecer su trabajo como demandante de empleo. Aunque cierto es que la tienen un poco abandonada en la web.<br \/>\nPlataforma<\/p>\n<p><b>6. Xfinradio <\/b>(Radio para desemplead@s): Radio creada para ofrecer consejos, ofertas de trabajo, formaci\u00f3n y ante todo actitud positiva para afrontar la b\u00fasqueda de empleo.\u00a0Tambi\u00e9n se enfocan en planes de ahorro, descuentos y ante todo tratar de aportar alegr\u00eda y buen humor.<br \/>\nXfinradio<\/p>\n<p><b>7. La nueva ruta del empleo. <\/b>(Programa radiof\u00f3nico sobre empleo):\u00a0Tiene un canal podcast con todas las grabaciones del programa emitido los domingos en Track.fm a las 12.00, tambi\u00e9n en el 101.6 en Navarra. Su tem\u00e1tica es exclusiva sobre la b\u00fasqueda de empleo.<br \/>\n<a href=\"https:\/\/www.ivoox.com\/podcast-podcast-canal-nueva-ruta-del-empleo_sq_f170174_1.html\">Podcast<\/a><\/p>\n<p>&nbsp;<\/p>\n<p>Si conoces otros programas radiof\u00f3nicos de esta tem\u00e1tica, \u00a1<strong>deja por aqu\u00ed un comentario!<\/strong> y ser\u00e1n incluidos en una pr\u00f3xima actualizaci\u00f3n.<\/p>\n<p>&nbsp;<\/p>\n","protected":false},"excerpt":{"rendered":"<p>En plena era de las redes sociales, de los \u00abTwister\u00bb, los \u00abFeisbuks\u00bb y el \u00abPinter\u00e9s\u00bb, un medio tradicional<a class=\"moretag\" href=\"https:\/\/empresas.infoempleo.com\/hrtrends\/encontrar-trabajo-gracias-a-la-radio\/\"> Leer m\u00e1s<\/a><\/p>\n","protected":false},"author":72,"featured_media":17299,"comment_status":"closed","ping_status":"open","sticky":false,"template":"","format":"standard","meta":{"footnotes":""},"categories":[3],"tags":[2587,955,1306,2442],"class_list":["post-17298","post","type-post","status-publish","format-standard","has-post-thumbnail","hentry","category-actualidad","tag-buscar-empleo","tag-programas","tag-radio","tag-reclutamiento"],"yoast_head":"<!-- This site is optimized with the Yoast SEO plugin v26.1.1 - https:\/\/yoast.com\/wordpress\/plugins\/seo\/ -->\n<title>Encontrar trabajo gracias a... \u00bfLa Radio? | HRTRENDS<\/title>\n<meta name=\"robots\" content=\"index, follow, max-snippet:-1, max-image-preview:large, max-video-preview:-1\" \/>\n<link rel=\"canonical\" href=\"https:\/\/empresas.infoempleo.com\/hrtrends\/encontrar-trabajo-gracias-a-la-radio\/\" \/>\n<meta property=\"og:locale\" content=\"es_ES\" \/>\n<meta property=\"og:type\" content=\"article\" \/>\n<meta property=\"og:title\" content=\"Encontrar trabajo gracias a... \u00bfLa Radio? | HRTRENDS\" \/>\n<meta property=\"og:description\" content=\"En plena era de las redes sociales, de los \u00abTwister\u00bb, los \u00abFeisbuks\u00bb y el \u00abPinter\u00e9s\u00bb, un medio tradicional Leer m\u00e1s\" \/>\n<meta property=\"og:url\" content=\"https:\/\/empresas.infoempleo.com\/hrtrends\/encontrar-trabajo-gracias-a-la-radio\/\" \/>\n<meta property=\"og:site_name\" content=\"HRTRENDS\" \/>\n<meta property=\"article:publisher\" content=\"https:\/\/www.facebook.com\/Infoempleo\" \/>\n<meta property=\"article:published_time\" content=\"2013-08-01T10:25:11+00:00\" \/>\n<meta property=\"article:modified_time\" content=\"2025-12-17T17:47:54+00:00\" \/>\n<meta property=\"og:image\" content=\"https:\/\/empresas.infoempleo.com\/hrtrends\/media\/2013\/08\/RADIO.jpg\" \/>\n\t<meta property=\"og:image:width\" content=\"568\" \/>\n\t<meta property=\"og:image:height\" content=\"295\" \/>\n\t<meta property=\"og:image:type\" content=\"image\/jpeg\" \/>\n<meta name=\"author\" content=\"infoempleo\" \/>\n<meta name=\"twitter:card\" content=\"summary_large_image\" \/>\n<meta name=\"twitter:creator\" content=\"@infoempleo\" \/>\n<meta name=\"twitter:site\" content=\"@infoempleo\" \/>\n<meta name=\"twitter:label1\" content=\"Escrito por\" \/>\n\t<meta name=\"twitter:data1\" content=\"infoempleo\" \/>\n\t<meta name=\"twitter:label2\" content=\"Tiempo de lectura\" \/>\n\t<meta name=\"twitter:data2\" content=\"2 minutos\" \/>\n<script type=\"application\/ld+json\" class=\"yoast-schema-graph\">{\"@context\":\"https:\/\/schema.org\",\"@graph\":[{\"@type\":\"NewsArticle\",\"@id\":\"https:\/\/empresas.infoempleo.com\/hrtrends\/encontrar-trabajo-gracias-a-la-radio\/#article\",\"isPartOf\":{\"@id\":\"https:\/\/empresas.infoempleo.com\/hrtrends\/encontrar-trabajo-gracias-a-la-radio\/\"},\"author\":{\"name\":\"infoempleo\",\"@id\":\"https:\/\/empresas.infoempleo.com\/hrtrends\/#\/schema\/person\/67d3e276ffcc8b3ae0ebec816daf775a\"},\"headline\":\"Encontrar trabajo gracias a&#8230; \u00bfLa Radio?\",\"datePublished\":\"2013-08-01T10:25:11+00:00\",\"dateModified\":\"2025-12-17T17:47:54+00:00\",\"mainEntityOfPage\":{\"@id\":\"https:\/\/empresas.infoempleo.com\/hrtrends\/encontrar-trabajo-gracias-a-la-radio\/\"},\"wordCount\":475,\"publisher\":{\"@id\":\"https:\/\/empresas.infoempleo.com\/hrtrends\/#organization\"},\"image\":{\"@id\":\"https:\/\/empresas.infoempleo.com\/hrtrends\/encontrar-trabajo-gracias-a-la-radio\/#primaryimage\"},\"thumbnailUrl\":\"https:\/\/empresas.infoempleo.com\/hrtrends\/media\/2013\/08\/RADIO.jpg\",\"keywords\":[\"buscar empleo\",\"programas\",\"radio\",\"reclutamiento\"],\"articleSection\":[\"Actualidad\"],\"inLanguage\":\"es\",\"copyrightYear\":\"2013\",\"copyrightHolder\":{\"@id\":\"https:\/\/empresas.infoempleo.com\/hrtrends\/#organization\"}},{\"@type\":\"WebPage\",\"@id\":\"https:\/\/empresas.infoempleo.com\/hrtrends\/encontrar-trabajo-gracias-a-la-radio\/\",\"url\":\"https:\/\/empresas.infoempleo.com\/hrtrends\/encontrar-trabajo-gracias-a-la-radio\/\",\"name\":\"Encontrar trabajo gracias a... \u00bfLa Radio? | HRTRENDS\",\"isPartOf\":{\"@id\":\"https:\/\/empresas.infoempleo.com\/hrtrends\/#website\"},\"primaryImageOfPage\":{\"@id\":\"https:\/\/empresas.infoempleo.com\/hrtrends\/encontrar-trabajo-gracias-a-la-radio\/#primaryimage\"},\"image\":{\"@id\":\"https:\/\/empresas.infoempleo.com\/hrtrends\/encontrar-trabajo-gracias-a-la-radio\/#primaryimage\"},\"thumbnailUrl\":\"https:\/\/empresas.infoempleo.com\/hrtrends\/media\/2013\/08\/RADIO.jpg\",\"datePublished\":\"2013-08-01T10:25:11+00:00\",\"dateModified\":\"2025-12-17T17:47:54+00:00\",\"breadcrumb\":{\"@id\":\"https:\/\/empresas.infoempleo.com\/hrtrends\/encontrar-trabajo-gracias-a-la-radio\/#breadcrumb\"},\"inLanguage\":\"es\",\"potentialAction\":[{\"@type\":\"ReadAction\",\"target\":[\"https:\/\/empresas.infoempleo.com\/hrtrends\/encontrar-trabajo-gracias-a-la-radio\/\"]}]},{\"@type\":\"ImageObject\",\"inLanguage\":\"es\",\"@id\":\"https:\/\/empresas.infoempleo.com\/hrtrends\/encontrar-trabajo-gracias-a-la-radio\/#primaryimage\",\"url\":\"https:\/\/empresas.infoempleo.com\/hrtrends\/media\/2013\/08\/RADIO-150x150.jpg\",\"contentUrl\":\"https:\/\/empresas.infoempleo.com\/hrtrends\/media\/2013\/08\/RADIO-150x150.jpg\",\"width\":150,\"height\":150},{\"@type\":\"BreadcrumbList\",\"@id\":\"https:\/\/empresas.infoempleo.com\/hrtrends\/encontrar-trabajo-gracias-a-la-radio\/#breadcrumb\",\"itemListElement\":[{\"@type\":\"ListItem\",\"position\":1,\"name\":\"Portada\",\"item\":\"https:\/\/empresas.infoempleo.com\/hrtrends\/\"},{\"@type\":\"ListItem\",\"position\":2,\"name\":\"Encontrar trabajo gracias a&#8230; \u00bfLa Radio?\"}]},{\"@type\":\"WebSite\",\"@id\":\"https:\/\/empresas.infoempleo.com\/hrtrends\/#website\",\"url\":\"https:\/\/empresas.infoempleo.com\/hrtrends\",\"name\":\"HRTrends by Infoempleo\",\"description\":\"\",\"publisher\":{\"@id\":\"https:\/\/empresas.infoempleo.com\/hrtrends\/#organization\"},\"potentialAction\":{\"@type\":\"SearchAction\",\"target\":\"https:\/\/empresas.infoempleo.com\/hrtrends\/?s={search_term_string}\",\"query-input\":\"required name=search_term_string\"},\"inLanguage\":\"es\"},{\"@type\":\"Organization\",\"@id\":\"https:\/\/empresas.infoempleo.com\/hrtrends\/#organization\",\"name\":\"Infoempleo\",\"url\":\"https:\/\/www.infoempleo.com\/\",\"logo\":{\"@type\":\"ImageObject\",\"@id\":\"https:\/\/empresas.infoempleo.com\/hrtrends\/#logo\",\"inLanguage\":\"es\",\"url\":\"https:\/\/cdnazure.infoempleo.com\/infoempleo\/assets\/style\/gfx\/logo.svg\",\"contentUrl\":\"https:\/\/cdnazure.infoempleo.com\/infoempleo\/assets\/style\/gfx\/logo.svg\",\"width\":150,\"height\":40,\"caption\":\"Infoempleo\"},\"image\":{\"@id\":\"https:\/\/empresas.infoempleo.com\/hrtrends\/#logo\"},\"sameAs\":[\"https:\/\/www.facebook.com\/Infoempleo\",\"https:\/\/x.com\/infoempleo\",\"http:\/\/instagram.com\/infoempleo\/\",\"http:\/\/www.linkedin.com\/groups\/Empleo-Espa\u00f1a-Infoempleocom-111276\",\"http:\/\/pinterest.com\/infoempleo\/\"],\"address\":{\"@type\":\"PostalAddress\",\"addressLocality\":\"Madrid\",\"postalCode\":\"28050\",\"streetAddress\":\"Avenida de Burgos 114\"},\"brand\":[\"Infoempleo\"]},{\"@type\":\"Person\",\"@id\":\"https:\/\/empresas.infoempleo.com\/hrtrends\/#\/schema\/person\/67d3e276ffcc8b3ae0ebec816daf775a\",\"name\":\"infoempleo\",\"image\":{\"@type\":\"ImageObject\",\"inLanguage\":\"es\",\"@id\":\"https:\/\/empresas.infoempleo.com\/hrtrends\/#\/schema\/person\/image\/\",\"url\":\"https:\/\/secure.gravatar.com\/avatar\/7b437777242fe67d2473c2a818da2344692d1ee91e91080ccffbd97bcd4a0975?s=96&d=mm&r=g\",\"contentUrl\":\"https:\/\/secure.gravatar.com\/avatar\/7b437777242fe67d2473c2a818da2344692d1ee91e91080ccffbd97bcd4a0975?s=96&d=mm&r=g\",\"caption\":\"infoempleo\"},\"url\":\"https:\/\/empresas.infoempleo.com\/hrtrends\/author\/infoempleo\/\"}]}<\/script>\n<!-- \/ Yoast SEO plugin. -->","yoast_head_json":{"title":"Encontrar trabajo gracias a... \u00bfLa Radio? | HRTRENDS","robots":{"index":"index","follow":"follow","max-snippet":"max-snippet:-1","max-image-preview":"max-image-preview:large","max-video-preview":"max-video-preview:-1"},"canonical":"https:\/\/empresas.infoempleo.com\/hrtrends\/encontrar-trabajo-gracias-a-la-radio\/","og_locale":"es_ES","og_type":"article","og_title":"Encontrar trabajo gracias a... \u00bfLa Radio? | HRTRENDS","og_description":"En plena era de las redes sociales, de los \u00abTwister\u00bb, los \u00abFeisbuks\u00bb y el \u00abPinter\u00e9s\u00bb, un medio tradicional Leer m\u00e1s","og_url":"https:\/\/empresas.infoempleo.com\/hrtrends\/encontrar-trabajo-gracias-a-la-radio\/","og_site_name":"HRTRENDS","article_publisher":"https:\/\/www.facebook.com\/Infoempleo","article_published_time":"2013-08-01T10:25:11+00:00","article_modified_time":"2025-12-17T17:47:54+00:00","og_image":[{"width":568,"height":295,"url":"https:\/\/empresas.infoempleo.com\/hrtrends\/media\/2013\/08\/RADIO.jpg","type":"image\/jpeg"}],"author":"infoempleo","twitter_card":"summary_large_image","twitter_creator":"@infoempleo","twitter_site":"@infoempleo","twitter_misc":{"Escrito por":"infoempleo","Tiempo de lectura":"2 minutos"},"schema":{"@context":"https:\/\/schema.org","@graph":[{"@type":"NewsArticle","@id":"https:\/\/empresas.infoempleo.com\/hrtrends\/encontrar-trabajo-gracias-a-la-radio\/#article","isPartOf":{"@id":"https:\/\/empresas.infoempleo.com\/hrtrends\/encontrar-trabajo-gracias-a-la-radio\/"},"author":{"name":"infoempleo","@id":"https:\/\/empresas.infoempleo.com\/hrtrends\/#\/schema\/person\/67d3e276ffcc8b3ae0ebec816daf775a"},"headline":"Encontrar trabajo gracias a&#8230; \u00bfLa Radio?","datePublished":"2013-08-01T10:25:11+00:00","dateModified":"2025-12-17T17:47:54+00:00","mainEntityOfPage":{"@id":"https:\/\/empresas.infoempleo.com\/hrtrends\/encontrar-trabajo-gracias-a-la-radio\/"},"wordCount":475,"publisher":{"@id":"https:\/\/empresas.infoempleo.com\/hrtrends\/#organization"},"image":{"@id":"https:\/\/empresas.infoempleo.com\/hrtrends\/encontrar-trabajo-gracias-a-la-radio\/#primaryimage"},"thumbnailUrl":"https:\/\/empresas.infoempleo.com\/hrtrends\/media\/2013\/08\/RADIO.jpg","keywords":["buscar empleo","programas","radio","reclutamiento"],"articleSection":["Actualidad"],"inLanguage":"es","copyrightYear":"2013","copyrightHolder":{"@id":"https:\/\/empresas.infoempleo.com\/hrtrends\/#organization"}},{"@type":"WebPage","@id":"https:\/\/empresas.infoempleo.com\/hrtrends\/encontrar-trabajo-gracias-a-la-radio\/","url":"https:\/\/empresas.infoempleo.com\/hrtrends\/encontrar-trabajo-gracias-a-la-radio\/","name":"Encontrar trabajo gracias a... \u00bfLa Radio? | HRTRENDS","isPartOf":{"@id":"https:\/\/empresas.infoempleo.com\/hrtrends\/#website"},"primaryImageOfPage":{"@id":"https:\/\/empresas.infoempleo.com\/hrtrends\/encontrar-trabajo-gracias-a-la-radio\/#primaryimage"},"image":{"@id":"https:\/\/empresas.infoempleo.com\/hrtrends\/encontrar-trabajo-gracias-a-la-radio\/#primaryimage"},"thumbnailUrl":"https:\/\/empresas.infoempleo.com\/hrtrends\/media\/2013\/08\/RADIO.jpg","datePublished":"2013-08-01T10:25:11+00:00","dateModified":"2025-12-17T17:47:54+00:00","breadcrumb":{"@id":"https:\/\/empresas.infoempleo.com\/hrtrends\/encontrar-trabajo-gracias-a-la-radio\/#breadcrumb"},"inLanguage":"es","potentialAction":[{"@type":"ReadAction","target":["https:\/\/empresas.infoempleo.com\/hrtrends\/encontrar-trabajo-gracias-a-la-radio\/"]}]},{"@type":"ImageObject","inLanguage":"es","@id":"https:\/\/empresas.infoempleo.com\/hrtrends\/encontrar-trabajo-gracias-a-la-radio\/#primaryimage","url":"https:\/\/empresas.infoempleo.com\/hrtrends\/media\/2013\/08\/RADIO-150x150.jpg","contentUrl":"https:\/\/empresas.infoempleo.com\/hrtrends\/media\/2013\/08\/RADIO-150x150.jpg","width":150,"height":150},{"@type":"BreadcrumbList","@id":"https:\/\/empresas.infoempleo.com\/hrtrends\/encontrar-trabajo-gracias-a-la-radio\/#breadcrumb","itemListElement":[{"@type":"ListItem","position":1,"name":"Portada","item":"https:\/\/empresas.infoempleo.com\/hrtrends\/"},{"@type":"ListItem","position":2,"name":"Encontrar trabajo gracias a&#8230; \u00bfLa Radio?"}]},{"@type":"WebSite","@id":"https:\/\/empresas.infoempleo.com\/hrtrends\/#website","url":"https:\/\/empresas.infoempleo.com\/hrtrends","name":"HRTrends by Infoempleo","description":"","publisher":{"@id":"https:\/\/empresas.infoempleo.com\/hrtrends\/#organization"},"potentialAction":{"@type":"SearchAction","target":"https:\/\/empresas.infoempleo.com\/hrtrends\/?s={search_term_string}","query-input":"required name=search_term_string"},"inLanguage":"es"},{"@type":"Organization","@id":"https:\/\/empresas.infoempleo.com\/hrtrends\/#organization","name":"Infoempleo","url":"https:\/\/www.infoempleo.com\/","logo":{"@type":"ImageObject","@id":"https:\/\/empresas.infoempleo.com\/hrtrends\/#logo","inLanguage":"es","url":"https:\/\/cdnazure.infoempleo.com\/infoempleo\/assets\/style\/gfx\/logo.svg","contentUrl":"https:\/\/cdnazure.infoempleo.com\/infoempleo\/assets\/style\/gfx\/logo.svg","width":150,"height":40,"caption":"Infoempleo"},"image":{"@id":"https:\/\/empresas.infoempleo.com\/hrtrends\/#logo"},"sameAs":["https:\/\/www.facebook.com\/Infoempleo","https:\/\/x.com\/infoempleo","http:\/\/instagram.com\/infoempleo\/","http:\/\/www.linkedin.com\/groups\/Empleo-Espa\u00f1a-Infoempleocom-111276","http:\/\/pinterest.com\/infoempleo\/"],"address":{"@type":"PostalAddress","addressLocality":"Madrid","postalCode":"28050","streetAddress":"Avenida de Burgos 114"},"brand":["Infoempleo"]},{"@type":"Person","@id":"https:\/\/empresas.infoempleo.com\/hrtrends\/#\/schema\/person\/67d3e276ffcc8b3ae0ebec816daf775a","name":"infoempleo","image":{"@type":"ImageObject","inLanguage":"es","@id":"https:\/\/empresas.infoempleo.com\/hrtrends\/#\/schema\/person\/image\/","url":"https:\/\/secure.gravatar.com\/avatar\/7b437777242fe67d2473c2a818da2344692d1ee91e91080ccffbd97bcd4a0975?s=96&d=mm&r=g","contentUrl":"https:\/\/secure.gravatar.com\/avatar\/7b437777242fe67d2473c2a818da2344692d1ee91e91080ccffbd97bcd4a0975?s=96&d=mm&r=g","caption":"infoempleo"},"url":"https:\/\/empresas.infoempleo.com\/hrtrends\/author\/infoempleo\/"}]}},"amp_enabled":true,"_links":{"self":[{"href":"https:\/\/empresas.infoempleo.com\/hrtrends\/wp-json\/wp\/v2\/posts\/17298","targetHints":{"allow":["GET"]}}],"collection":[{"href":"https:\/\/empresas.infoempleo.com\/hrtrends\/wp-json\/wp\/v2\/posts"}],"about":[{"href":"https:\/\/empresas.infoempleo.com\/hrtrends\/wp-json\/wp\/v2\/types\/post"}],"author":[{"embeddable":true,"href":"https:\/\/empresas.infoempleo.com\/hrtrends\/wp-json\/wp\/v2\/users\/72"}],"replies":[{"embeddable":true,"href":"https:\/\/empresas.infoempleo.com\/hrtrends\/wp-json\/wp\/v2\/comments?post=17298"}],"version-history":[{"count":6,"href":"https:\/\/empresas.infoempleo.com\/hrtrends\/wp-json\/wp\/v2\/posts\/17298\/revisions"}],"predecessor-version":[{"id":47372,"href":"https:\/\/empresas.infoempleo.com\/hrtrends\/wp-json\/wp\/v2\/posts\/17298\/revisions\/47372"}],"wp:featuredmedia":[{"embeddable":true,"href":"https:\/\/empresas.infoempleo.com\/hrtrends\/wp-json\/wp\/v2\/media\/17299"}],"wp:attachment":[{"href":"https:\/\/empresas.infoempleo.com\/hrtrends\/wp-json\/wp\/v2\/media?parent=17298"}],"wp:term":[{"taxonomy":"category","embeddable":true,"href":"https:\/\/empresas.infoempleo.com\/hrtrends\/wp-json\/wp\/v2\/categories?post=17298"},{"taxonomy":"post_tag","embeddable":true,"href":"https:\/\/empresas.infoempleo.com\/hrtrends\/wp-json\/wp\/v2\/tags?post=17298"}],"curies":[{"name":"wp","href":"https:\/\/api.w.org\/{rel}","templated":true}]}}