{"id":1727,"date":"2012-10-29T09:00:04","date_gmt":"2012-10-29T08:00:04","guid":{"rendered":"http:\/\/blog.infoempleo.com\/?p=1727"},"modified":"2023-01-17T18:01:26","modified_gmt":"2023-01-17T16:01:26","slug":"un-buen-lider","status":"publish","type":"post","link":"https:\/\/empresas.infoempleo.com\/hrtrends\/un-buen-lider\/","title":{"rendered":"Un buen l\u00edder&#8230;"},"content":{"rendered":"<p>Un buen coordinador, un jefe correcto, un motivador al cargo, puede ayudar a solventar una racha complicada en una empresa y hacer que el equipo humano salga reforzado. Pero un empleador mediocre, un directivo incapaz, un gestor incompetente, aunque sea capaz de llevar m\u00e1s o menos las riendas cuando vienen bien dadas, en cuanto comienzan las situaciones peliagudas puede contribuir incluso tanto o m\u00e1s que las circunstancias al cese total de actividad de la compa\u00f1\u00eda. La diferencia entre los primeros y los segundos es lo que se llama liderazgo.<\/p>\n<p><!--more-->Aunque parezca que es una capacidad que no es posible aprender, en opini\u00f3n del motivador de alta direcci\u00f3n y autor de varios libros sobre el tema y cofundador de la consultor\u00eda MindValue, <a href=\"http:\/\/www.google.com\/url?sa=t&amp;rct=j&amp;q=&amp;esrc=s&amp;source=web&amp;cd=1&amp;ved=0CCMQFjAA&amp;url=http%3A%2F%2Fwww.javierfernandezaguado.com%2F&amp;ei=7i58ULDPJ9DCswb584DwBw&amp;usg=AFQjCNE3d8cO-8i8i3PJpuANKOZKTdF9zQ&amp;sig2=-7LSAFLHXgdipzPfgN7H7g\" target=\"_blank\" rel=\"noopener\">Javier Fern\u00e1ndez Aguado<\/a>, es mucho m\u00e1s parecido a un idioma que a otra cosa. \u201cLos aspectos m\u00e1s relevantes del liderazgo pueden ser aprendidos\u201d, explica este Doctor en Econ\u00f3micas por la Universidad Complutense de Madrid. \u201cObviamente, al igual que un idioma, ser\u00e1 m\u00e1s f\u00e1cil para una gente que para otra\u201d.<\/p>\n<p>Esta analog\u00eda da t\u00edtulo al \u00faltimo libro de Aguado, <em>El idioma del liderazgo<\/em>, presentado este mismo mes de octubre. Aguado defiende que hay unas 250 habilidades directivas que un buen l\u00edder debe ser capaz de hablar. Entre estas palabras, Aguado destaca \u201coptimismo, visi\u00f3n estrat\u00e9gica, autoexigencia, coherencia, consistencia&#8230; y la empat\u00eda es imprescindible, ya que nadie que sea incapaz de hacerse cargo de las necesidades de los dem\u00e1s podr\u00e1 ser un l\u00edder\u201d.<\/p>\n<p>Pero Aguado advierte que los l\u00edderes no deben \u201cemplear recetas ni soluciones empaquetadas\u201d, que su funci\u00f3n reclama diferentes aproximaciones ante circunstancias diversas y que jam\u00e1s debe convertirse en una rutina que promueva soluciones reiterativas, sino en un h\u00e1bito que genere modos de \u201chacer novedosos y creativos en cada nueva coordenada\u201d.<\/p>\n<p>Y es que un l\u00edder \u201cgenera compromiso y traslada a las personas que dependen de \u00e9l o ella a un lugar mejor de aquel en el que se encontraban antes de que \u00e9l llegara\u201d, asegura Aguado. Pero el tipo de liderazgo que debe ejercerse depende de la etapa en la que se haya la empresa, no siendo lo mismo el lanzamiento de un proyecto, que la fase de consolidaci\u00f3n o una situaci\u00f3n de urgencia. Reconocer estas carencias lleva directamente a otra de las grandes cualidades del l\u00edder: \u201cLa humildad\u201d.<\/p>\n<p>Quien no tenga estas capacidades ser\u00e1, en opini\u00f3n de Aguado, un mero \u201cagitador de voluntades ajenas\u201d. No suena tan bien como buen coordinador, jefe correcto, motivador al cargo.<\/p>\n","protected":false},"excerpt":{"rendered":"<p>Un buen coordinador, un jefe correcto, un motivador al cargo, puede ayudar a solventar una racha complicada en<a class=\"moretag\" href=\"https:\/\/empresas.infoempleo.com\/hrtrends\/un-buen-lider\/\"> Leer m\u00e1s<\/a><\/p>\n","protected":false},"author":7,"featured_media":1730,"comment_status":"closed","ping_status":"open","sticky":false,"template":"","format":"standard","meta":{"footnotes":""},"categories":[3],"tags":[290,291,292,21],"class_list":["post-1727","post","type-post","status-publish","format-standard","has-post-thumbnail","hentry","category-actualidad","tag-idiomas","tag-javier-fernandez-aguado","tag-lider","tag-liderazgo"],"yoast_head":"<!-- This site is optimized with the Yoast SEO plugin v26.1.1 - https:\/\/yoast.com\/wordpress\/plugins\/seo\/ -->\n<title>Un buen l\u00edder... | HRTRENDS<\/title>\n<meta name=\"description\" content=\"Un buen coordinador, un jefe, puede ayudar a solventar problemas en la empresa y hacer de l\u00edder para que el equipo salga reforzado.\" \/>\n<meta name=\"robots\" content=\"index, follow, max-snippet:-1, max-image-preview:large, max-video-preview:-1\" \/>\n<link rel=\"canonical\" href=\"https:\/\/empresas.infoempleo.com\/hrtrends\/un-buen-lider\/\" \/>\n<meta property=\"og:locale\" content=\"es_ES\" \/>\n<meta property=\"og:type\" content=\"article\" \/>\n<meta property=\"og:title\" content=\"Un buen l\u00edder... | HRTRENDS\" \/>\n<meta property=\"og:description\" content=\"Un buen coordinador, un jefe, puede ayudar a solventar problemas en la empresa y hacer de l\u00edder para que el equipo salga reforzado.\" \/>\n<meta property=\"og:url\" content=\"https:\/\/empresas.infoempleo.com\/hrtrends\/un-buen-lider\/\" \/>\n<meta property=\"og:site_name\" content=\"HRTRENDS\" \/>\n<meta property=\"article:publisher\" content=\"https:\/\/www.facebook.com\/Infoempleo\" \/>\n<meta property=\"article:published_time\" content=\"2012-10-29T08:00:04+00:00\" \/>\n<meta property=\"article:modified_time\" content=\"2023-01-17T16:01:26+00:00\" \/>\n<meta property=\"og:image\" content=\"https:\/\/empresas.infoempleo.com\/hrtrends\/media\/2012\/10\/480px-Sir_Winston_S_Churchill.jpg\" \/>\n\t<meta property=\"og:image:width\" content=\"549\" \/>\n\t<meta property=\"og:image:height\" content=\"250\" \/>\n\t<meta property=\"og:image:type\" content=\"image\/jpeg\" \/>\n<meta name=\"author\" content=\"carlos\" \/>\n<meta name=\"twitter:card\" content=\"summary_large_image\" \/>\n<meta name=\"twitter:creator\" content=\"@infoempleo\" \/>\n<meta name=\"twitter:site\" content=\"@infoempleo\" \/>\n<meta name=\"twitter:label1\" content=\"Escrito por\" \/>\n\t<meta name=\"twitter:data1\" content=\"carlos\" \/>\n\t<meta name=\"twitter:label2\" content=\"Tiempo de lectura\" \/>\n\t<meta name=\"twitter:data2\" content=\"2 minutos\" \/>\n<script type=\"application\/ld+json\" class=\"yoast-schema-graph\">{\"@context\":\"https:\/\/schema.org\",\"@graph\":[{\"@type\":\"NewsArticle\",\"@id\":\"https:\/\/empresas.infoempleo.com\/hrtrends\/un-buen-lider\/#article\",\"isPartOf\":{\"@id\":\"https:\/\/empresas.infoempleo.com\/hrtrends\/un-buen-lider\/\"},\"author\":{\"name\":\"carlos\",\"@id\":\"https:\/\/empresas.infoempleo.com\/hrtrends\/#\/schema\/person\/f4aae7a8dd41b4086a188ec8262c475f\"},\"headline\":\"Un buen l\u00edder&#8230;\",\"datePublished\":\"2012-10-29T08:00:04+00:00\",\"dateModified\":\"2023-01-17T16:01:26+00:00\",\"mainEntityOfPage\":{\"@id\":\"https:\/\/empresas.infoempleo.com\/hrtrends\/un-buen-lider\/\"},\"wordCount\":440,\"publisher\":{\"@id\":\"https:\/\/empresas.infoempleo.com\/hrtrends\/#organization\"},\"image\":{\"@id\":\"https:\/\/empresas.infoempleo.com\/hrtrends\/un-buen-lider\/#primaryimage\"},\"thumbnailUrl\":\"https:\/\/empresas.infoempleo.com\/hrtrends\/media\/2012\/10\/480px-Sir_Winston_S_Churchill.jpg\",\"keywords\":[\"Idiomas\",\"Javier Fern\u00e1ndez Aguado\",\"l\u00edder\",\"liderazgo\"],\"articleSection\":[\"Actualidad\"],\"inLanguage\":\"es\",\"copyrightYear\":\"2012\",\"copyrightHolder\":{\"@id\":\"https:\/\/empresas.infoempleo.com\/hrtrends\/#organization\"}},{\"@type\":\"WebPage\",\"@id\":\"https:\/\/empresas.infoempleo.com\/hrtrends\/un-buen-lider\/\",\"url\":\"https:\/\/empresas.infoempleo.com\/hrtrends\/un-buen-lider\/\",\"name\":\"Un buen l\u00edder... | HRTRENDS\",\"isPartOf\":{\"@id\":\"https:\/\/empresas.infoempleo.com\/hrtrends\/#website\"},\"primaryImageOfPage\":{\"@id\":\"https:\/\/empresas.infoempleo.com\/hrtrends\/un-buen-lider\/#primaryimage\"},\"image\":{\"@id\":\"https:\/\/empresas.infoempleo.com\/hrtrends\/un-buen-lider\/#primaryimage\"},\"thumbnailUrl\":\"https:\/\/empresas.infoempleo.com\/hrtrends\/media\/2012\/10\/480px-Sir_Winston_S_Churchill.jpg\",\"datePublished\":\"2012-10-29T08:00:04+00:00\",\"dateModified\":\"2023-01-17T16:01:26+00:00\",\"description\":\"Un buen coordinador, un jefe, puede ayudar a solventar problemas en la empresa y hacer de l\u00edder para que el equipo salga reforzado.\",\"breadcrumb\":{\"@id\":\"https:\/\/empresas.infoempleo.com\/hrtrends\/un-buen-lider\/#breadcrumb\"},\"inLanguage\":\"es\",\"potentialAction\":[{\"@type\":\"ReadAction\",\"target\":[\"https:\/\/empresas.infoempleo.com\/hrtrends\/un-buen-lider\/\"]}]},{\"@type\":\"ImageObject\",\"inLanguage\":\"es\",\"@id\":\"https:\/\/empresas.infoempleo.com\/hrtrends\/un-buen-lider\/#primaryimage\",\"url\":\"https:\/\/empresas.infoempleo.com\/hrtrends\/media\/2012\/10\/480px-Sir_Winston_S_Churchill-150x150.jpg\",\"contentUrl\":\"https:\/\/empresas.infoempleo.com\/hrtrends\/media\/2012\/10\/480px-Sir_Winston_S_Churchill-150x150.jpg\",\"width\":150,\"height\":150},{\"@type\":\"BreadcrumbList\",\"@id\":\"https:\/\/empresas.infoempleo.com\/hrtrends\/un-buen-lider\/#breadcrumb\",\"itemListElement\":[{\"@type\":\"ListItem\",\"position\":1,\"name\":\"Portada\",\"item\":\"https:\/\/empresas.infoempleo.com\/hrtrends\/\"},{\"@type\":\"ListItem\",\"position\":2,\"name\":\"Un buen l\u00edder&#8230;\"}]},{\"@type\":\"WebSite\",\"@id\":\"https:\/\/empresas.infoempleo.com\/hrtrends\/#website\",\"url\":\"https:\/\/empresas.infoempleo.com\/hrtrends\",\"name\":\"HRTrends by Infoempleo\",\"description\":\"\",\"publisher\":{\"@id\":\"https:\/\/empresas.infoempleo.com\/hrtrends\/#organization\"},\"potentialAction\":{\"@type\":\"SearchAction\",\"target\":\"https:\/\/empresas.infoempleo.com\/hrtrends\/?s={search_term_string}\",\"query-input\":\"required name=search_term_string\"},\"inLanguage\":\"es\"},{\"@type\":\"Organization\",\"@id\":\"https:\/\/empresas.infoempleo.com\/hrtrends\/#organization\",\"name\":\"Infoempleo\",\"url\":\"https:\/\/www.infoempleo.com\/\",\"logo\":{\"@type\":\"ImageObject\",\"@id\":\"https:\/\/empresas.infoempleo.com\/hrtrends\/#logo\",\"inLanguage\":\"es\",\"url\":\"https:\/\/cdnazure.infoempleo.com\/infoempleo\/assets\/style\/gfx\/logo.svg\",\"contentUrl\":\"https:\/\/cdnazure.infoempleo.com\/infoempleo\/assets\/style\/gfx\/logo.svg\",\"width\":150,\"height\":40,\"caption\":\"Infoempleo\"},\"image\":{\"@id\":\"https:\/\/empresas.infoempleo.com\/hrtrends\/#logo\"},\"sameAs\":[\"https:\/\/www.facebook.com\/Infoempleo\",\"https:\/\/x.com\/infoempleo\",\"http:\/\/instagram.com\/infoempleo\/\",\"http:\/\/www.linkedin.com\/groups\/Empleo-Espa\u00f1a-Infoempleocom-111276\",\"http:\/\/pinterest.com\/infoempleo\/\"],\"address\":{\"@type\":\"PostalAddress\",\"addressLocality\":\"Madrid\",\"postalCode\":\"28050\",\"streetAddress\":\"Avenida de Burgos 114\"},\"brand\":[\"Infoempleo\"]},{\"@type\":\"Person\",\"@id\":\"https:\/\/empresas.infoempleo.com\/hrtrends\/#\/schema\/person\/f4aae7a8dd41b4086a188ec8262c475f\",\"name\":\"carlos\",\"image\":{\"@type\":\"ImageObject\",\"inLanguage\":\"es\",\"@id\":\"https:\/\/empresas.infoempleo.com\/hrtrends\/#\/schema\/person\/image\/\",\"url\":\"https:\/\/secure.gravatar.com\/avatar\/35496b1c22dbf36f50f59513511b089e9bf01b88d8a9d4a79549c848fb9a4a6d?s=96&d=mm&r=g\",\"contentUrl\":\"https:\/\/secure.gravatar.com\/avatar\/35496b1c22dbf36f50f59513511b089e9bf01b88d8a9d4a79549c848fb9a4a6d?s=96&d=mm&r=g\",\"caption\":\"carlos\"},\"url\":\"https:\/\/empresas.infoempleo.com\/hrtrends\/author\/carlos\/\"}]}<\/script>\n<!-- \/ Yoast SEO plugin. -->","yoast_head_json":{"title":"Un buen l\u00edder... | HRTRENDS","description":"Un buen coordinador, un jefe, puede ayudar a solventar problemas en la empresa y hacer de l\u00edder para que el equipo salga reforzado.","robots":{"index":"index","follow":"follow","max-snippet":"max-snippet:-1","max-image-preview":"max-image-preview:large","max-video-preview":"max-video-preview:-1"},"canonical":"https:\/\/empresas.infoempleo.com\/hrtrends\/un-buen-lider\/","og_locale":"es_ES","og_type":"article","og_title":"Un buen l\u00edder... | HRTRENDS","og_description":"Un buen coordinador, un jefe, puede ayudar a solventar problemas en la empresa y hacer de l\u00edder para que el equipo salga reforzado.","og_url":"https:\/\/empresas.infoempleo.com\/hrtrends\/un-buen-lider\/","og_site_name":"HRTRENDS","article_publisher":"https:\/\/www.facebook.com\/Infoempleo","article_published_time":"2012-10-29T08:00:04+00:00","article_modified_time":"2023-01-17T16:01:26+00:00","og_image":[{"width":549,"height":250,"url":"https:\/\/empresas.infoempleo.com\/hrtrends\/media\/2012\/10\/480px-Sir_Winston_S_Churchill.jpg","type":"image\/jpeg"}],"author":"carlos","twitter_card":"summary_large_image","twitter_creator":"@infoempleo","twitter_site":"@infoempleo","twitter_misc":{"Escrito por":"carlos","Tiempo de lectura":"2 minutos"},"schema":{"@context":"https:\/\/schema.org","@graph":[{"@type":"NewsArticle","@id":"https:\/\/empresas.infoempleo.com\/hrtrends\/un-buen-lider\/#article","isPartOf":{"@id":"https:\/\/empresas.infoempleo.com\/hrtrends\/un-buen-lider\/"},"author":{"name":"carlos","@id":"https:\/\/empresas.infoempleo.com\/hrtrends\/#\/schema\/person\/f4aae7a8dd41b4086a188ec8262c475f"},"headline":"Un buen l\u00edder&#8230;","datePublished":"2012-10-29T08:00:04+00:00","dateModified":"2023-01-17T16:01:26+00:00","mainEntityOfPage":{"@id":"https:\/\/empresas.infoempleo.com\/hrtrends\/un-buen-lider\/"},"wordCount":440,"publisher":{"@id":"https:\/\/empresas.infoempleo.com\/hrtrends\/#organization"},"image":{"@id":"https:\/\/empresas.infoempleo.com\/hrtrends\/un-buen-lider\/#primaryimage"},"thumbnailUrl":"https:\/\/empresas.infoempleo.com\/hrtrends\/media\/2012\/10\/480px-Sir_Winston_S_Churchill.jpg","keywords":["Idiomas","Javier Fern\u00e1ndez Aguado","l\u00edder","liderazgo"],"articleSection":["Actualidad"],"inLanguage":"es","copyrightYear":"2012","copyrightHolder":{"@id":"https:\/\/empresas.infoempleo.com\/hrtrends\/#organization"}},{"@type":"WebPage","@id":"https:\/\/empresas.infoempleo.com\/hrtrends\/un-buen-lider\/","url":"https:\/\/empresas.infoempleo.com\/hrtrends\/un-buen-lider\/","name":"Un buen l\u00edder... | HRTRENDS","isPartOf":{"@id":"https:\/\/empresas.infoempleo.com\/hrtrends\/#website"},"primaryImageOfPage":{"@id":"https:\/\/empresas.infoempleo.com\/hrtrends\/un-buen-lider\/#primaryimage"},"image":{"@id":"https:\/\/empresas.infoempleo.com\/hrtrends\/un-buen-lider\/#primaryimage"},"thumbnailUrl":"https:\/\/empresas.infoempleo.com\/hrtrends\/media\/2012\/10\/480px-Sir_Winston_S_Churchill.jpg","datePublished":"2012-10-29T08:00:04+00:00","dateModified":"2023-01-17T16:01:26+00:00","description":"Un buen coordinador, un jefe, puede ayudar a solventar problemas en la empresa y hacer de l\u00edder para que el equipo salga reforzado.","breadcrumb":{"@id":"https:\/\/empresas.infoempleo.com\/hrtrends\/un-buen-lider\/#breadcrumb"},"inLanguage":"es","potentialAction":[{"@type":"ReadAction","target":["https:\/\/empresas.infoempleo.com\/hrtrends\/un-buen-lider\/"]}]},{"@type":"ImageObject","inLanguage":"es","@id":"https:\/\/empresas.infoempleo.com\/hrtrends\/un-buen-lider\/#primaryimage","url":"https:\/\/empresas.infoempleo.com\/hrtrends\/media\/2012\/10\/480px-Sir_Winston_S_Churchill-150x150.jpg","contentUrl":"https:\/\/empresas.infoempleo.com\/hrtrends\/media\/2012\/10\/480px-Sir_Winston_S_Churchill-150x150.jpg","width":150,"height":150},{"@type":"BreadcrumbList","@id":"https:\/\/empresas.infoempleo.com\/hrtrends\/un-buen-lider\/#breadcrumb","itemListElement":[{"@type":"ListItem","position":1,"name":"Portada","item":"https:\/\/empresas.infoempleo.com\/hrtrends\/"},{"@type":"ListItem","position":2,"name":"Un buen l\u00edder&#8230;"}]},{"@type":"WebSite","@id":"https:\/\/empresas.infoempleo.com\/hrtrends\/#website","url":"https:\/\/empresas.infoempleo.com\/hrtrends","name":"HRTrends by Infoempleo","description":"","publisher":{"@id":"https:\/\/empresas.infoempleo.com\/hrtrends\/#organization"},"potentialAction":{"@type":"SearchAction","target":"https:\/\/empresas.infoempleo.com\/hrtrends\/?s={search_term_string}","query-input":"required name=search_term_string"},"inLanguage":"es"},{"@type":"Organization","@id":"https:\/\/empresas.infoempleo.com\/hrtrends\/#organization","name":"Infoempleo","url":"https:\/\/www.infoempleo.com\/","logo":{"@type":"ImageObject","@id":"https:\/\/empresas.infoempleo.com\/hrtrends\/#logo","inLanguage":"es","url":"https:\/\/cdnazure.infoempleo.com\/infoempleo\/assets\/style\/gfx\/logo.svg","contentUrl":"https:\/\/cdnazure.infoempleo.com\/infoempleo\/assets\/style\/gfx\/logo.svg","width":150,"height":40,"caption":"Infoempleo"},"image":{"@id":"https:\/\/empresas.infoempleo.com\/hrtrends\/#logo"},"sameAs":["https:\/\/www.facebook.com\/Infoempleo","https:\/\/x.com\/infoempleo","http:\/\/instagram.com\/infoempleo\/","http:\/\/www.linkedin.com\/groups\/Empleo-Espa\u00f1a-Infoempleocom-111276","http:\/\/pinterest.com\/infoempleo\/"],"address":{"@type":"PostalAddress","addressLocality":"Madrid","postalCode":"28050","streetAddress":"Avenida de Burgos 114"},"brand":["Infoempleo"]},{"@type":"Person","@id":"https:\/\/empresas.infoempleo.com\/hrtrends\/#\/schema\/person\/f4aae7a8dd41b4086a188ec8262c475f","name":"carlos","image":{"@type":"ImageObject","inLanguage":"es","@id":"https:\/\/empresas.infoempleo.com\/hrtrends\/#\/schema\/person\/image\/","url":"https:\/\/secure.gravatar.com\/avatar\/35496b1c22dbf36f50f59513511b089e9bf01b88d8a9d4a79549c848fb9a4a6d?s=96&d=mm&r=g","contentUrl":"https:\/\/secure.gravatar.com\/avatar\/35496b1c22dbf36f50f59513511b089e9bf01b88d8a9d4a79549c848fb9a4a6d?s=96&d=mm&r=g","caption":"carlos"},"url":"https:\/\/empresas.infoempleo.com\/hrtrends\/author\/carlos\/"}]}},"amp_enabled":true,"_links":{"self":[{"href":"https:\/\/empresas.infoempleo.com\/hrtrends\/wp-json\/wp\/v2\/posts\/1727","targetHints":{"allow":["GET"]}}],"collection":[{"href":"https:\/\/empresas.infoempleo.com\/hrtrends\/wp-json\/wp\/v2\/posts"}],"about":[{"href":"https:\/\/empresas.infoempleo.com\/hrtrends\/wp-json\/wp\/v2\/types\/post"}],"author":[{"embeddable":true,"href":"https:\/\/empresas.infoempleo.com\/hrtrends\/wp-json\/wp\/v2\/users\/7"}],"replies":[{"embeddable":true,"href":"https:\/\/empresas.infoempleo.com\/hrtrends\/wp-json\/wp\/v2\/comments?post=1727"}],"version-history":[{"count":2,"href":"https:\/\/empresas.infoempleo.com\/hrtrends\/wp-json\/wp\/v2\/posts\/1727\/revisions"}],"predecessor-version":[{"id":41989,"href":"https:\/\/empresas.infoempleo.com\/hrtrends\/wp-json\/wp\/v2\/posts\/1727\/revisions\/41989"}],"wp:featuredmedia":[{"embeddable":true,"href":"https:\/\/empresas.infoempleo.com\/hrtrends\/wp-json\/wp\/v2\/media\/1730"}],"wp:attachment":[{"href":"https:\/\/empresas.infoempleo.com\/hrtrends\/wp-json\/wp\/v2\/media?parent=1727"}],"wp:term":[{"taxonomy":"category","embeddable":true,"href":"https:\/\/empresas.infoempleo.com\/hrtrends\/wp-json\/wp\/v2\/categories?post=1727"},{"taxonomy":"post_tag","embeddable":true,"href":"https:\/\/empresas.infoempleo.com\/hrtrends\/wp-json\/wp\/v2\/tags?post=1727"}],"curies":[{"name":"wp","href":"https:\/\/api.w.org\/{rel}","templated":true}]}}