{"id":17163,"date":"2013-07-07T08:00:30","date_gmt":"2013-07-07T07:00:30","guid":{"rendered":"http:\/\/blog.infoempleo.com\/?p=17163"},"modified":"2024-08-29T17:47:16","modified_gmt":"2024-08-29T15:47:16","slug":"17163-2","status":"publish","type":"post","link":"https:\/\/empresas.infoempleo.com\/hrtrends\/17163-2\/","title":{"rendered":"StartupBus, la competici\u00f3n n\u00f3mada para emprendedores"},"content":{"rendered":"<p>Montar un negocio propio ha sido siempre la alternativa a la b\u00fasqueda de empleo para trabajar por cuenta ajena. Hoy en d\u00eda, y visto el panorama laboral, <strong>emprender se ha convertido en el concepto de moda.<\/strong>\u00a0Es un mantra con muchos mitos a su alrededor que generalmente se identifica con tener una idea innovadora (normalmente en el \u00e1mbito tecnol\u00f3gico). Y lo cierto es que <strong>al abrigo de esta moda han surgido numerosas iniciativas de emprendedores especializados precisamente en fomentar que otros tambi\u00e9n emprendan<\/strong>.\u00a0Es el caso de EstartupBus, un concurso de creaci\u00f3n de empresas que se sale de lo com\u00fan.<!--more--><\/p>\n<p><strong><a href=\"https:\/\/www.estartupbus.es\/\" target=\"_blank\" rel=\"noopener\">EstartupBus<\/a><\/strong> b\u00e1sicamente consiste en seleccionar a 25 emprendedores para que se suban juntos a un autob\u00fas. En este caso, y siguiendo con el t\u00f3pico, cada uno de ellos con un perfil profesional diferente: la mitad ser\u00e1n <strong>programadores<\/strong>, una cuarta parte <strong>dise\u00f1adores<\/strong> y la otra cuarta parte personas pertenecientes al \u00e1mbito del<strong> m\u00e1rketing<\/strong> y los<strong> negocios<\/strong>. Todos y cada uno de ellos tambi\u00e9n habr\u00e1n de subirse al autob\u00fas con una <strong>idea de negocio propia<\/strong>. Y una vez dentro tendr\u00e1n que presentar estas ideas al resto de emprendedores, aliarse y convencerlos de que les ayuden a sacar su proyecto, formar equipos y darles forma a las startups del futuro. Todo ello exclusivamente durante las <strong>72 horas<\/strong>, 4000 kil\u00f3metros, que dura el viaje. Adem\u00e1s, en el propio autob\u00fas viaja tambi\u00e9n un equipo de expertos que les pueden asesorar y ayudar en las diferentes fases por las que pasar\u00e1n los proyectos.<\/p>\n<blockquote><p>\u201cTener una buena idea no quiere decir nada. <strong>M\u00e1s importante que la idea es contar con un buen equipo<\/strong>. Un grupo de gente que se compenetre, comprenda y aporte tantos valores como sea posible. Gente que crea en la idea y est\u00e9 dispuesta a darlo todo para sacarla adelante\u201d. (<a href=\"https:\/\/www.todostartups.com\/bloggers\/startupbus-2013-la-oportunidad-para-realizar-tu-sueno-emprendedor-por-estartupbus\" target=\"_blank\" rel=\"noopener\">Alejandro Escario | BeatGoliat | Participante EstartupBus 2012<\/a>)<\/p><\/blockquote>\n<p>Si bien el hecho de subirse a este autob\u00fas ya podr\u00eda considerarse suficiente premio por la experiencia que supone y los contactos que se pueden llegar a hacer, lo cierto es que el premio final es todav\u00eda mejor. Una vez llegados a destino, los emprendedores presentar\u00e1n de nuevo sus proyectos y c\u00f3mo han conseguido materializarlos o que evolucionen. En este caso, s\u00f3lo habr\u00e1 un ganador. Y esa persona podr\u00e1 presentar de nuevo su proyecto en el <strong><a href=\"https:\/\/pioneers.io\/\" target=\"_blank\" rel=\"noopener\">Pionner Festival<\/a><\/strong>, el evento para los emprendedores europeos que se celebrar\u00e1 en Viena el pr\u00f3ximo 30 de octubre.<\/p>\n<p><a href=\"https:\/\/startupbus.com\/\" target=\"_blank\" rel=\"noopener\">StartupBus<\/a> es una iniciativa que naci\u00f3 hace algo m\u00e1s de dos a\u00f1os en Sillicon Valley. Su promotor, Elias Bizannes, es un australiano afincado en San Francisco. En marzo de 2011 tuvo lugar el primer StartupBus en Estados Unidos y en diciembre del mismo a\u00f1o se celebr\u00f3 el primer StartupBus en Europa.<\/p>\n<p>A Espa\u00f1a este evento lleg\u00f3 el a\u00f1o pasado de la mano de los hermanos Joan y Samantha \u00c1lvarez. Entonces, los participantes espa\u00f1oles llegaron a poner en marcha tres proyectos. De estos tres proyectos, dos de ellos <strong>Thebestdj.is<\/strong> y <strong>BeatGoliat<\/strong> incluso llegaron a la final de la Competici\u00f3n Europea de StartupBus.\u00a0El primero de ellos es una <strong>red social para disk jockeys<\/strong> y el segundo una <strong>plataforma para agrupar a los usuarios que quieren enfrentarse con los departamentos de m\u00e1rketing de las grandes marcas <\/strong>que los ignoran o les han defraudado.<\/p>\n<p><strong>El plazo de inscripci\u00f3n para la selecci\u00f3n de los pr\u00f3ximos participantes se encuentra abierto hasta septiembre<\/strong>.<\/p>\n","protected":false},"excerpt":{"rendered":"<p>Montar un negocio propio ha sido siempre la alternativa a la b\u00fasqueda de empleo para trabajar por cuenta<a class=\"moretag\" href=\"https:\/\/empresas.infoempleo.com\/hrtrends\/17163-2\/\"> Leer m\u00e1s<\/a><\/p>\n","protected":false},"author":75,"featured_media":17164,"comment_status":"closed","ping_status":"open","sticky":false,"template":"","format":"standard","meta":{"footnotes":""},"categories":[3],"tags":[],"class_list":["post-17163","post","type-post","status-publish","format-standard","has-post-thumbnail","hentry","category-actualidad"],"yoast_head":"<!-- This site is optimized with the Yoast SEO plugin v26.1.1 - https:\/\/yoast.com\/wordpress\/plugins\/seo\/ -->\n<title>StartupBus, la competici\u00f3n n\u00f3mada para emprendedores | HRTRENDS<\/title>\n<meta name=\"robots\" content=\"index, follow, max-snippet:-1, max-image-preview:large, max-video-preview:-1\" \/>\n<link rel=\"canonical\" href=\"https:\/\/empresas.infoempleo.com\/hrtrends\/17163-2\/\" \/>\n<meta property=\"og:locale\" content=\"es_ES\" \/>\n<meta property=\"og:type\" content=\"article\" \/>\n<meta property=\"og:title\" content=\"StartupBus, la competici\u00f3n n\u00f3mada para emprendedores | HRTRENDS\" \/>\n<meta property=\"og:description\" content=\"Montar un negocio propio ha sido siempre la alternativa a la b\u00fasqueda de empleo para trabajar por cuenta Leer m\u00e1s\" \/>\n<meta property=\"og:url\" content=\"https:\/\/empresas.infoempleo.com\/hrtrends\/17163-2\/\" \/>\n<meta property=\"og:site_name\" content=\"HRTRENDS\" \/>\n<meta property=\"article:publisher\" content=\"https:\/\/www.facebook.com\/Infoempleo\" \/>\n<meta property=\"article:published_time\" content=\"2013-07-07T07:00:30+00:00\" \/>\n<meta property=\"article:modified_time\" content=\"2024-08-29T15:47:16+00:00\" \/>\n<meta property=\"og:image\" content=\"https:\/\/empresas.infoempleo.com\/hrtrends\/media\/2013\/07\/infoempleo_startupbus.jpg\" \/>\n\t<meta property=\"og:image:width\" content=\"568\" \/>\n\t<meta property=\"og:image:height\" content=\"258\" \/>\n\t<meta property=\"og:image:type\" content=\"image\/jpeg\" \/>\n<meta name=\"author\" content=\"sergiomahugo\" \/>\n<meta name=\"twitter:card\" content=\"summary_large_image\" \/>\n<meta name=\"twitter:creator\" content=\"@infoempleo\" \/>\n<meta name=\"twitter:site\" content=\"@infoempleo\" \/>\n<meta name=\"twitter:label1\" content=\"Escrito por\" \/>\n\t<meta name=\"twitter:data1\" content=\"sergiomahugo\" \/>\n\t<meta name=\"twitter:label2\" content=\"Tiempo de lectura\" \/>\n\t<meta name=\"twitter:data2\" content=\"3 minutos\" \/>\n<script type=\"application\/ld+json\" class=\"yoast-schema-graph\">{\"@context\":\"https:\/\/schema.org\",\"@graph\":[{\"@type\":\"NewsArticle\",\"@id\":\"https:\/\/empresas.infoempleo.com\/hrtrends\/17163-2\/#article\",\"isPartOf\":{\"@id\":\"https:\/\/empresas.infoempleo.com\/hrtrends\/17163-2\/\"},\"author\":{\"name\":\"sergiomahugo\",\"@id\":\"https:\/\/empresas.infoempleo.com\/hrtrends\/#\/schema\/person\/7c44ed791a0fc4d41e32a21e5dd9b486\"},\"headline\":\"StartupBus, la competici\u00f3n n\u00f3mada para emprendedores\",\"datePublished\":\"2013-07-07T07:00:30+00:00\",\"dateModified\":\"2024-08-29T15:47:16+00:00\",\"mainEntityOfPage\":{\"@id\":\"https:\/\/empresas.infoempleo.com\/hrtrends\/17163-2\/\"},\"wordCount\":596,\"publisher\":{\"@id\":\"https:\/\/empresas.infoempleo.com\/hrtrends\/#organization\"},\"image\":{\"@id\":\"https:\/\/empresas.infoempleo.com\/hrtrends\/17163-2\/#primaryimage\"},\"thumbnailUrl\":\"https:\/\/empresas.infoempleo.com\/hrtrends\/media\/2013\/07\/infoempleo_startupbus.jpg\",\"articleSection\":[\"Actualidad\"],\"inLanguage\":\"es\",\"copyrightYear\":\"2013\",\"copyrightHolder\":{\"@id\":\"https:\/\/empresas.infoempleo.com\/hrtrends\/#organization\"}},{\"@type\":\"WebPage\",\"@id\":\"https:\/\/empresas.infoempleo.com\/hrtrends\/17163-2\/\",\"url\":\"https:\/\/empresas.infoempleo.com\/hrtrends\/17163-2\/\",\"name\":\"StartupBus, la competici\u00f3n n\u00f3mada para emprendedores | HRTRENDS\",\"isPartOf\":{\"@id\":\"https:\/\/empresas.infoempleo.com\/hrtrends\/#website\"},\"primaryImageOfPage\":{\"@id\":\"https:\/\/empresas.infoempleo.com\/hrtrends\/17163-2\/#primaryimage\"},\"image\":{\"@id\":\"https:\/\/empresas.infoempleo.com\/hrtrends\/17163-2\/#primaryimage\"},\"thumbnailUrl\":\"https:\/\/empresas.infoempleo.com\/hrtrends\/media\/2013\/07\/infoempleo_startupbus.jpg\",\"datePublished\":\"2013-07-07T07:00:30+00:00\",\"dateModified\":\"2024-08-29T15:47:16+00:00\",\"breadcrumb\":{\"@id\":\"https:\/\/empresas.infoempleo.com\/hrtrends\/17163-2\/#breadcrumb\"},\"inLanguage\":\"es\",\"potentialAction\":[{\"@type\":\"ReadAction\",\"target\":[\"https:\/\/empresas.infoempleo.com\/hrtrends\/17163-2\/\"]}]},{\"@type\":\"ImageObject\",\"inLanguage\":\"es\",\"@id\":\"https:\/\/empresas.infoempleo.com\/hrtrends\/17163-2\/#primaryimage\",\"url\":\"https:\/\/empresas.infoempleo.com\/hrtrends\/media\/2013\/07\/infoempleo_startupbus-150x150.jpg\",\"contentUrl\":\"https:\/\/empresas.infoempleo.com\/hrtrends\/media\/2013\/07\/infoempleo_startupbus-150x150.jpg\",\"width\":150,\"height\":150,\"caption\":\"EstartupBus\"},{\"@type\":\"BreadcrumbList\",\"@id\":\"https:\/\/empresas.infoempleo.com\/hrtrends\/17163-2\/#breadcrumb\",\"itemListElement\":[{\"@type\":\"ListItem\",\"position\":1,\"name\":\"Portada\",\"item\":\"https:\/\/empresas.infoempleo.com\/hrtrends\/\"},{\"@type\":\"ListItem\",\"position\":2,\"name\":\"StartupBus, la competici\u00f3n n\u00f3mada para emprendedores\"}]},{\"@type\":\"WebSite\",\"@id\":\"https:\/\/empresas.infoempleo.com\/hrtrends\/#website\",\"url\":\"https:\/\/empresas.infoempleo.com\/hrtrends\",\"name\":\"HRTrends by Infoempleo\",\"description\":\"\",\"publisher\":{\"@id\":\"https:\/\/empresas.infoempleo.com\/hrtrends\/#organization\"},\"potentialAction\":{\"@type\":\"SearchAction\",\"target\":\"https:\/\/empresas.infoempleo.com\/hrtrends\/?s={search_term_string}\",\"query-input\":\"required name=search_term_string\"},\"inLanguage\":\"es\"},{\"@type\":\"Organization\",\"@id\":\"https:\/\/empresas.infoempleo.com\/hrtrends\/#organization\",\"name\":\"Infoempleo\",\"url\":\"https:\/\/www.infoempleo.com\/\",\"logo\":{\"@type\":\"ImageObject\",\"@id\":\"https:\/\/empresas.infoempleo.com\/hrtrends\/#logo\",\"inLanguage\":\"es\",\"url\":\"https:\/\/cdnazure.infoempleo.com\/infoempleo\/assets\/style\/gfx\/logo.svg\",\"contentUrl\":\"https:\/\/cdnazure.infoempleo.com\/infoempleo\/assets\/style\/gfx\/logo.svg\",\"width\":150,\"height\":40,\"caption\":\"Infoempleo\"},\"image\":{\"@id\":\"https:\/\/empresas.infoempleo.com\/hrtrends\/#logo\"},\"sameAs\":[\"https:\/\/www.facebook.com\/Infoempleo\",\"https:\/\/x.com\/infoempleo\",\"http:\/\/instagram.com\/infoempleo\/\",\"http:\/\/www.linkedin.com\/groups\/Empleo-Espa\u00f1a-Infoempleocom-111276\",\"http:\/\/pinterest.com\/infoempleo\/\"],\"address\":{\"@type\":\"PostalAddress\",\"addressLocality\":\"Madrid\",\"postalCode\":\"28050\",\"streetAddress\":\"Avenida de Burgos 114\"},\"brand\":[\"Infoempleo\"]},{\"@type\":\"Person\",\"@id\":\"https:\/\/empresas.infoempleo.com\/hrtrends\/#\/schema\/person\/7c44ed791a0fc4d41e32a21e5dd9b486\",\"name\":\"sergiomahugo\",\"image\":{\"@type\":\"ImageObject\",\"inLanguage\":\"es\",\"@id\":\"https:\/\/empresas.infoempleo.com\/hrtrends\/#\/schema\/person\/image\/\",\"url\":\"https:\/\/secure.gravatar.com\/avatar\/?s=96&d=mm&r=g\",\"contentUrl\":\"https:\/\/secure.gravatar.com\/avatar\/?s=96&d=mm&r=g\",\"caption\":\"sergiomahugo\"},\"url\":\"https:\/\/empresas.infoempleo.com\/hrtrends\/author\/sergiomahugo\/\"}]}<\/script>\n<!-- \/ Yoast SEO plugin. -->","yoast_head_json":{"title":"StartupBus, la competici\u00f3n n\u00f3mada para emprendedores | HRTRENDS","robots":{"index":"index","follow":"follow","max-snippet":"max-snippet:-1","max-image-preview":"max-image-preview:large","max-video-preview":"max-video-preview:-1"},"canonical":"https:\/\/empresas.infoempleo.com\/hrtrends\/17163-2\/","og_locale":"es_ES","og_type":"article","og_title":"StartupBus, la competici\u00f3n n\u00f3mada para emprendedores | HRTRENDS","og_description":"Montar un negocio propio ha sido siempre la alternativa a la b\u00fasqueda de empleo para trabajar por cuenta Leer m\u00e1s","og_url":"https:\/\/empresas.infoempleo.com\/hrtrends\/17163-2\/","og_site_name":"HRTRENDS","article_publisher":"https:\/\/www.facebook.com\/Infoempleo","article_published_time":"2013-07-07T07:00:30+00:00","article_modified_time":"2024-08-29T15:47:16+00:00","og_image":[{"width":568,"height":258,"url":"https:\/\/empresas.infoempleo.com\/hrtrends\/media\/2013\/07\/infoempleo_startupbus.jpg","type":"image\/jpeg"}],"author":"sergiomahugo","twitter_card":"summary_large_image","twitter_creator":"@infoempleo","twitter_site":"@infoempleo","twitter_misc":{"Escrito por":"sergiomahugo","Tiempo de lectura":"3 minutos"},"schema":{"@context":"https:\/\/schema.org","@graph":[{"@type":"NewsArticle","@id":"https:\/\/empresas.infoempleo.com\/hrtrends\/17163-2\/#article","isPartOf":{"@id":"https:\/\/empresas.infoempleo.com\/hrtrends\/17163-2\/"},"author":{"name":"sergiomahugo","@id":"https:\/\/empresas.infoempleo.com\/hrtrends\/#\/schema\/person\/7c44ed791a0fc4d41e32a21e5dd9b486"},"headline":"StartupBus, la competici\u00f3n n\u00f3mada para emprendedores","datePublished":"2013-07-07T07:00:30+00:00","dateModified":"2024-08-29T15:47:16+00:00","mainEntityOfPage":{"@id":"https:\/\/empresas.infoempleo.com\/hrtrends\/17163-2\/"},"wordCount":596,"publisher":{"@id":"https:\/\/empresas.infoempleo.com\/hrtrends\/#organization"},"image":{"@id":"https:\/\/empresas.infoempleo.com\/hrtrends\/17163-2\/#primaryimage"},"thumbnailUrl":"https:\/\/empresas.infoempleo.com\/hrtrends\/media\/2013\/07\/infoempleo_startupbus.jpg","articleSection":["Actualidad"],"inLanguage":"es","copyrightYear":"2013","copyrightHolder":{"@id":"https:\/\/empresas.infoempleo.com\/hrtrends\/#organization"}},{"@type":"WebPage","@id":"https:\/\/empresas.infoempleo.com\/hrtrends\/17163-2\/","url":"https:\/\/empresas.infoempleo.com\/hrtrends\/17163-2\/","name":"StartupBus, la competici\u00f3n n\u00f3mada para emprendedores | HRTRENDS","isPartOf":{"@id":"https:\/\/empresas.infoempleo.com\/hrtrends\/#website"},"primaryImageOfPage":{"@id":"https:\/\/empresas.infoempleo.com\/hrtrends\/17163-2\/#primaryimage"},"image":{"@id":"https:\/\/empresas.infoempleo.com\/hrtrends\/17163-2\/#primaryimage"},"thumbnailUrl":"https:\/\/empresas.infoempleo.com\/hrtrends\/media\/2013\/07\/infoempleo_startupbus.jpg","datePublished":"2013-07-07T07:00:30+00:00","dateModified":"2024-08-29T15:47:16+00:00","breadcrumb":{"@id":"https:\/\/empresas.infoempleo.com\/hrtrends\/17163-2\/#breadcrumb"},"inLanguage":"es","potentialAction":[{"@type":"ReadAction","target":["https:\/\/empresas.infoempleo.com\/hrtrends\/17163-2\/"]}]},{"@type":"ImageObject","inLanguage":"es","@id":"https:\/\/empresas.infoempleo.com\/hrtrends\/17163-2\/#primaryimage","url":"https:\/\/empresas.infoempleo.com\/hrtrends\/media\/2013\/07\/infoempleo_startupbus-150x150.jpg","contentUrl":"https:\/\/empresas.infoempleo.com\/hrtrends\/media\/2013\/07\/infoempleo_startupbus-150x150.jpg","width":150,"height":150,"caption":"EstartupBus"},{"@type":"BreadcrumbList","@id":"https:\/\/empresas.infoempleo.com\/hrtrends\/17163-2\/#breadcrumb","itemListElement":[{"@type":"ListItem","position":1,"name":"Portada","item":"https:\/\/empresas.infoempleo.com\/hrtrends\/"},{"@type":"ListItem","position":2,"name":"StartupBus, la competici\u00f3n n\u00f3mada para emprendedores"}]},{"@type":"WebSite","@id":"https:\/\/empresas.infoempleo.com\/hrtrends\/#website","url":"https:\/\/empresas.infoempleo.com\/hrtrends","name":"HRTrends by Infoempleo","description":"","publisher":{"@id":"https:\/\/empresas.infoempleo.com\/hrtrends\/#organization"},"potentialAction":{"@type":"SearchAction","target":"https:\/\/empresas.infoempleo.com\/hrtrends\/?s={search_term_string}","query-input":"required name=search_term_string"},"inLanguage":"es"},{"@type":"Organization","@id":"https:\/\/empresas.infoempleo.com\/hrtrends\/#organization","name":"Infoempleo","url":"https:\/\/www.infoempleo.com\/","logo":{"@type":"ImageObject","@id":"https:\/\/empresas.infoempleo.com\/hrtrends\/#logo","inLanguage":"es","url":"https:\/\/cdnazure.infoempleo.com\/infoempleo\/assets\/style\/gfx\/logo.svg","contentUrl":"https:\/\/cdnazure.infoempleo.com\/infoempleo\/assets\/style\/gfx\/logo.svg","width":150,"height":40,"caption":"Infoempleo"},"image":{"@id":"https:\/\/empresas.infoempleo.com\/hrtrends\/#logo"},"sameAs":["https:\/\/www.facebook.com\/Infoempleo","https:\/\/x.com\/infoempleo","http:\/\/instagram.com\/infoempleo\/","http:\/\/www.linkedin.com\/groups\/Empleo-Espa\u00f1a-Infoempleocom-111276","http:\/\/pinterest.com\/infoempleo\/"],"address":{"@type":"PostalAddress","addressLocality":"Madrid","postalCode":"28050","streetAddress":"Avenida de Burgos 114"},"brand":["Infoempleo"]},{"@type":"Person","@id":"https:\/\/empresas.infoempleo.com\/hrtrends\/#\/schema\/person\/7c44ed791a0fc4d41e32a21e5dd9b486","name":"sergiomahugo","image":{"@type":"ImageObject","inLanguage":"es","@id":"https:\/\/empresas.infoempleo.com\/hrtrends\/#\/schema\/person\/image\/","url":"https:\/\/secure.gravatar.com\/avatar\/?s=96&d=mm&r=g","contentUrl":"https:\/\/secure.gravatar.com\/avatar\/?s=96&d=mm&r=g","caption":"sergiomahugo"},"url":"https:\/\/empresas.infoempleo.com\/hrtrends\/author\/sergiomahugo\/"}]}},"amp_enabled":true,"_links":{"self":[{"href":"https:\/\/empresas.infoempleo.com\/hrtrends\/wp-json\/wp\/v2\/posts\/17163","targetHints":{"allow":["GET"]}}],"collection":[{"href":"https:\/\/empresas.infoempleo.com\/hrtrends\/wp-json\/wp\/v2\/posts"}],"about":[{"href":"https:\/\/empresas.infoempleo.com\/hrtrends\/wp-json\/wp\/v2\/types\/post"}],"author":[{"embeddable":true,"href":"https:\/\/empresas.infoempleo.com\/hrtrends\/wp-json\/wp\/v2\/users\/75"}],"replies":[{"embeddable":true,"href":"https:\/\/empresas.infoempleo.com\/hrtrends\/wp-json\/wp\/v2\/comments?post=17163"}],"version-history":[{"count":3,"href":"https:\/\/empresas.infoempleo.com\/hrtrends\/wp-json\/wp\/v2\/posts\/17163\/revisions"}],"predecessor-version":[{"id":45196,"href":"https:\/\/empresas.infoempleo.com\/hrtrends\/wp-json\/wp\/v2\/posts\/17163\/revisions\/45196"}],"wp:featuredmedia":[{"embeddable":true,"href":"https:\/\/empresas.infoempleo.com\/hrtrends\/wp-json\/wp\/v2\/media\/17164"}],"wp:attachment":[{"href":"https:\/\/empresas.infoempleo.com\/hrtrends\/wp-json\/wp\/v2\/media?parent=17163"}],"wp:term":[{"taxonomy":"category","embeddable":true,"href":"https:\/\/empresas.infoempleo.com\/hrtrends\/wp-json\/wp\/v2\/categories?post=17163"},{"taxonomy":"post_tag","embeddable":true,"href":"https:\/\/empresas.infoempleo.com\/hrtrends\/wp-json\/wp\/v2\/tags?post=17163"}],"curies":[{"name":"wp","href":"https:\/\/api.w.org\/{rel}","templated":true}]}}