{"id":16857,"date":"2013-06-03T10:05:07","date_gmt":"2013-06-03T09:05:07","guid":{"rendered":"http:\/\/blog.infoempleo.com\/?p=16857"},"modified":"2024-08-29T17:47:10","modified_gmt":"2024-08-29T15:47:10","slug":"la-responsabilidad-de-estar-en-redes-sociales","status":"publish","type":"post","link":"https:\/\/empresas.infoempleo.com\/hrtrends\/la-responsabilidad-de-estar-en-redes-sociales\/","title":{"rendered":"La responsabilidad de estar en redes sociales"},"content":{"rendered":"<p>Hablar de redes sociales y b\u00fasqueda de empleo es siempre sin\u00f3nimo de nuevos recursos y caminos para encontrar ese punto de diferenciaci\u00f3n con el resto de candidatos en un proceso de selecci\u00f3n.<\/p>\n<p>Sin embargo, a veces nuestros perfiles no est\u00e1n acorde con la imagen que queremos transmitir a las empresas y en algunos casos pueden ser la causa de que perdamos las opciones de conseguir trabajo.<\/p>\n<p>Seg\u00fan un estudio de Young People&#8217;s Consumer Confidence (YPCC) en el que han analizado a 6.000 j\u00f3venes de entre 16 y 34 a\u00f1os, <strong>uno de cada diez candidatos es descartado por sus perfiles en redes sociales<\/strong>.<\/p>\n<p>Este mismo estudio revela que los j\u00f3venes son m\u00e1s propensos a elaborar sus perfiles en redes en consonancia con sus gustos y el de sus amigos, y no tienen en consideraci\u00f3n las posibles empresas que los puedan contratar.<\/p>\n<p>Cada vez m\u00e1s empresas buscan informaci\u00f3n sobre sus candidatos a trav\u00e9s de redes sociales, y por eso es tan importante tener un buen perfil o al menos, no dar informaci\u00f3n que pueda da\u00f1ar nuestra reputaci\u00f3n o infravalorar nuestra val\u00eda como trabajadores.<\/p>\n<p>Al fin y al cabo, las redes sociales son una herramienta m\u00e1s de comunicaci\u00f3n y <strong>somos nosotros los pincipales responsables de la informaci\u00f3n que compartimos y subimos a internet<\/strong>. Es necesario tener una mayor conciencia de <strong>los efectos e influencia que los medios sociales pueden tener en nuestra vida diaria<\/strong>, si no los gestionamos con responsabilidad.<\/p>\n<p>Esto es importante tambi\u00e9n, una vez ya seamos trabajadores, ya que los medios se han hecho eco de alg\u00fan caso de despido por opiniones publicadas en redes sociales en las que el trabajador carga contra la empresa, y se produce el tan temido despido.<\/p>\n<p>Por tanto, tener una actitud responsable durante la b\u00fasqueda de trabajo, en la gesti\u00f3n de nuestra propia presencia en redes sociales (editar peri\u00f3dicamente nuestros perfiles, y comprobar que los tenemos actualizados y revisados), ser\u00e1 una <strong>buena t\u00e1ctica, para evitar posibles descartes de las empresas.<\/strong><\/p>\n<h6>(Fuente: Yahoo News)<\/h6>\n","protected":false},"excerpt":{"rendered":"<p>Hablar de redes sociales y b\u00fasqueda de empleo es siempre sin\u00f3nimo de nuevos recursos y caminos para encontrar<a class=\"moretag\" href=\"https:\/\/empresas.infoempleo.com\/hrtrends\/la-responsabilidad-de-estar-en-redes-sociales\/\"> Leer m\u00e1s<\/a><\/p>\n","protected":false},"author":39,"featured_media":16858,"comment_status":"closed","ping_status":"open","sticky":false,"template":"","format":"standard","meta":{"footnotes":""},"categories":[3],"tags":[162,461,26,171],"class_list":["post-16857","post","type-post","status-publish","format-standard","has-post-thumbnail","hentry","category-actualidad","tag-empleo","tag-jovenes","tag-redes-sociales","tag-seleccion"],"yoast_head":"<!-- This site is optimized with the Yoast SEO plugin v26.1.1 - https:\/\/yoast.com\/wordpress\/plugins\/seo\/ -->\n<title>La responsabilidad de estar en redes sociales | HRTRENDS<\/title>\n<meta name=\"robots\" content=\"index, follow, max-snippet:-1, max-image-preview:large, max-video-preview:-1\" \/>\n<link rel=\"canonical\" href=\"https:\/\/empresas.infoempleo.com\/hrtrends\/la-responsabilidad-de-estar-en-redes-sociales\/\" \/>\n<meta property=\"og:locale\" content=\"es_ES\" \/>\n<meta property=\"og:type\" content=\"article\" \/>\n<meta property=\"og:title\" content=\"La responsabilidad de estar en redes sociales | HRTRENDS\" \/>\n<meta property=\"og:description\" content=\"Hablar de redes sociales y b\u00fasqueda de empleo es siempre sin\u00f3nimo de nuevos recursos y caminos para encontrar Leer m\u00e1s\" \/>\n<meta property=\"og:url\" content=\"https:\/\/empresas.infoempleo.com\/hrtrends\/la-responsabilidad-de-estar-en-redes-sociales\/\" \/>\n<meta property=\"og:site_name\" content=\"HRTRENDS\" \/>\n<meta property=\"article:publisher\" content=\"https:\/\/www.facebook.com\/Infoempleo\" \/>\n<meta property=\"article:published_time\" content=\"2013-06-03T09:05:07+00:00\" \/>\n<meta property=\"article:modified_time\" content=\"2024-08-29T15:47:10+00:00\" \/>\n<meta property=\"og:image\" content=\"https:\/\/empresas.infoempleo.com\/hrtrends\/media\/2013\/05\/fbsocial.jpg\" \/>\n\t<meta property=\"og:image:width\" content=\"568\" \/>\n\t<meta property=\"og:image:height\" content=\"255\" \/>\n\t<meta property=\"og:image:type\" content=\"image\/jpeg\" \/>\n<meta name=\"author\" content=\"Marga TD\" \/>\n<meta name=\"twitter:card\" content=\"summary_large_image\" \/>\n<meta name=\"twitter:creator\" content=\"@infoempleo\" \/>\n<meta name=\"twitter:site\" content=\"@infoempleo\" \/>\n<meta name=\"twitter:label1\" content=\"Escrito por\" \/>\n\t<meta name=\"twitter:data1\" content=\"Marga TD\" \/>\n\t<meta name=\"twitter:label2\" content=\"Tiempo de lectura\" \/>\n\t<meta name=\"twitter:data2\" content=\"2 minutos\" \/>\n<script type=\"application\/ld+json\" class=\"yoast-schema-graph\">{\"@context\":\"https:\/\/schema.org\",\"@graph\":[{\"@type\":\"NewsArticle\",\"@id\":\"https:\/\/empresas.infoempleo.com\/hrtrends\/la-responsabilidad-de-estar-en-redes-sociales\/#article\",\"isPartOf\":{\"@id\":\"https:\/\/empresas.infoempleo.com\/hrtrends\/la-responsabilidad-de-estar-en-redes-sociales\/\"},\"author\":{\"name\":\"Marga TD\",\"@id\":\"https:\/\/empresas.infoempleo.com\/hrtrends\/#\/schema\/person\/3c0b9f414329516aaaef060dcb209533\"},\"headline\":\"La responsabilidad de estar en redes sociales\",\"datePublished\":\"2013-06-03T09:05:07+00:00\",\"dateModified\":\"2024-08-29T15:47:10+00:00\",\"mainEntityOfPage\":{\"@id\":\"https:\/\/empresas.infoempleo.com\/hrtrends\/la-responsabilidad-de-estar-en-redes-sociales\/\"},\"wordCount\":360,\"publisher\":{\"@id\":\"https:\/\/empresas.infoempleo.com\/hrtrends\/#organization\"},\"image\":{\"@id\":\"https:\/\/empresas.infoempleo.com\/hrtrends\/la-responsabilidad-de-estar-en-redes-sociales\/#primaryimage\"},\"thumbnailUrl\":\"https:\/\/empresas.infoempleo.com\/hrtrends\/media\/2013\/05\/fbsocial.jpg\",\"keywords\":[\"Empleo\",\"j\u00f3venes\",\"redes sociales\",\"selecci\u00f3n\"],\"articleSection\":[\"Actualidad\"],\"inLanguage\":\"es\",\"copyrightYear\":\"2013\",\"copyrightHolder\":{\"@id\":\"https:\/\/empresas.infoempleo.com\/hrtrends\/#organization\"}},{\"@type\":\"WebPage\",\"@id\":\"https:\/\/empresas.infoempleo.com\/hrtrends\/la-responsabilidad-de-estar-en-redes-sociales\/\",\"url\":\"https:\/\/empresas.infoempleo.com\/hrtrends\/la-responsabilidad-de-estar-en-redes-sociales\/\",\"name\":\"La responsabilidad de estar en redes sociales | HRTRENDS\",\"isPartOf\":{\"@id\":\"https:\/\/empresas.infoempleo.com\/hrtrends\/#website\"},\"primaryImageOfPage\":{\"@id\":\"https:\/\/empresas.infoempleo.com\/hrtrends\/la-responsabilidad-de-estar-en-redes-sociales\/#primaryimage\"},\"image\":{\"@id\":\"https:\/\/empresas.infoempleo.com\/hrtrends\/la-responsabilidad-de-estar-en-redes-sociales\/#primaryimage\"},\"thumbnailUrl\":\"https:\/\/empresas.infoempleo.com\/hrtrends\/media\/2013\/05\/fbsocial.jpg\",\"datePublished\":\"2013-06-03T09:05:07+00:00\",\"dateModified\":\"2024-08-29T15:47:10+00:00\",\"breadcrumb\":{\"@id\":\"https:\/\/empresas.infoempleo.com\/hrtrends\/la-responsabilidad-de-estar-en-redes-sociales\/#breadcrumb\"},\"inLanguage\":\"es\",\"potentialAction\":[{\"@type\":\"ReadAction\",\"target\":[\"https:\/\/empresas.infoempleo.com\/hrtrends\/la-responsabilidad-de-estar-en-redes-sociales\/\"]}]},{\"@type\":\"ImageObject\",\"inLanguage\":\"es\",\"@id\":\"https:\/\/empresas.infoempleo.com\/hrtrends\/la-responsabilidad-de-estar-en-redes-sociales\/#primaryimage\",\"url\":\"https:\/\/empresas.infoempleo.com\/hrtrends\/media\/2013\/05\/fbsocial-150x150.jpg\",\"contentUrl\":\"https:\/\/empresas.infoempleo.com\/hrtrends\/media\/2013\/05\/fbsocial-150x150.jpg\",\"width\":150,\"height\":150},{\"@type\":\"BreadcrumbList\",\"@id\":\"https:\/\/empresas.infoempleo.com\/hrtrends\/la-responsabilidad-de-estar-en-redes-sociales\/#breadcrumb\",\"itemListElement\":[{\"@type\":\"ListItem\",\"position\":1,\"name\":\"Portada\",\"item\":\"https:\/\/empresas.infoempleo.com\/hrtrends\/\"},{\"@type\":\"ListItem\",\"position\":2,\"name\":\"La responsabilidad de estar en redes sociales\"}]},{\"@type\":\"WebSite\",\"@id\":\"https:\/\/empresas.infoempleo.com\/hrtrends\/#website\",\"url\":\"https:\/\/empresas.infoempleo.com\/hrtrends\",\"name\":\"HRTrends by Infoempleo\",\"description\":\"\",\"publisher\":{\"@id\":\"https:\/\/empresas.infoempleo.com\/hrtrends\/#organization\"},\"potentialAction\":{\"@type\":\"SearchAction\",\"target\":\"https:\/\/empresas.infoempleo.com\/hrtrends\/?s={search_term_string}\",\"query-input\":\"required name=search_term_string\"},\"inLanguage\":\"es\"},{\"@type\":\"Organization\",\"@id\":\"https:\/\/empresas.infoempleo.com\/hrtrends\/#organization\",\"name\":\"Infoempleo\",\"url\":\"https:\/\/www.infoempleo.com\/\",\"logo\":{\"@type\":\"ImageObject\",\"@id\":\"https:\/\/empresas.infoempleo.com\/hrtrends\/#logo\",\"inLanguage\":\"es\",\"url\":\"https:\/\/cdnazure.infoempleo.com\/infoempleo\/assets\/style\/gfx\/logo.svg\",\"contentUrl\":\"https:\/\/cdnazure.infoempleo.com\/infoempleo\/assets\/style\/gfx\/logo.svg\",\"width\":150,\"height\":40,\"caption\":\"Infoempleo\"},\"image\":{\"@id\":\"https:\/\/empresas.infoempleo.com\/hrtrends\/#logo\"},\"sameAs\":[\"https:\/\/www.facebook.com\/Infoempleo\",\"https:\/\/x.com\/infoempleo\",\"http:\/\/instagram.com\/infoempleo\/\",\"http:\/\/www.linkedin.com\/groups\/Empleo-Espa\u00f1a-Infoempleocom-111276\",\"http:\/\/pinterest.com\/infoempleo\/\"],\"address\":{\"@type\":\"PostalAddress\",\"addressLocality\":\"Madrid\",\"postalCode\":\"28050\",\"streetAddress\":\"Avenida de Burgos 114\"},\"brand\":[\"Infoempleo\"]},{\"@type\":\"Person\",\"@id\":\"https:\/\/empresas.infoempleo.com\/hrtrends\/#\/schema\/person\/3c0b9f414329516aaaef060dcb209533\",\"name\":\"Marga TD\",\"image\":{\"@type\":\"ImageObject\",\"inLanguage\":\"es\",\"@id\":\"https:\/\/empresas.infoempleo.com\/hrtrends\/#\/schema\/person\/image\/\",\"url\":\"https:\/\/secure.gravatar.com\/avatar\/f27a7ca1df426642a2ab955263c4e5243d00ec942306dedeb83de783a98f1cf4?s=96&d=mm&r=g\",\"contentUrl\":\"https:\/\/secure.gravatar.com\/avatar\/f27a7ca1df426642a2ab955263c4e5243d00ec942306dedeb83de783a98f1cf4?s=96&d=mm&r=g\",\"caption\":\"Marga TD\"},\"url\":\"https:\/\/empresas.infoempleo.com\/hrtrends\/author\/marguitd\/\"}]}<\/script>\n<!-- \/ Yoast SEO plugin. -->","yoast_head_json":{"title":"La responsabilidad de estar en redes sociales | HRTRENDS","robots":{"index":"index","follow":"follow","max-snippet":"max-snippet:-1","max-image-preview":"max-image-preview:large","max-video-preview":"max-video-preview:-1"},"canonical":"https:\/\/empresas.infoempleo.com\/hrtrends\/la-responsabilidad-de-estar-en-redes-sociales\/","og_locale":"es_ES","og_type":"article","og_title":"La responsabilidad de estar en redes sociales | HRTRENDS","og_description":"Hablar de redes sociales y b\u00fasqueda de empleo es siempre sin\u00f3nimo de nuevos recursos y caminos para encontrar Leer m\u00e1s","og_url":"https:\/\/empresas.infoempleo.com\/hrtrends\/la-responsabilidad-de-estar-en-redes-sociales\/","og_site_name":"HRTRENDS","article_publisher":"https:\/\/www.facebook.com\/Infoempleo","article_published_time":"2013-06-03T09:05:07+00:00","article_modified_time":"2024-08-29T15:47:10+00:00","og_image":[{"width":568,"height":255,"url":"https:\/\/empresas.infoempleo.com\/hrtrends\/media\/2013\/05\/fbsocial.jpg","type":"image\/jpeg"}],"author":"Marga TD","twitter_card":"summary_large_image","twitter_creator":"@infoempleo","twitter_site":"@infoempleo","twitter_misc":{"Escrito por":"Marga TD","Tiempo de lectura":"2 minutos"},"schema":{"@context":"https:\/\/schema.org","@graph":[{"@type":"NewsArticle","@id":"https:\/\/empresas.infoempleo.com\/hrtrends\/la-responsabilidad-de-estar-en-redes-sociales\/#article","isPartOf":{"@id":"https:\/\/empresas.infoempleo.com\/hrtrends\/la-responsabilidad-de-estar-en-redes-sociales\/"},"author":{"name":"Marga TD","@id":"https:\/\/empresas.infoempleo.com\/hrtrends\/#\/schema\/person\/3c0b9f414329516aaaef060dcb209533"},"headline":"La responsabilidad de estar en redes sociales","datePublished":"2013-06-03T09:05:07+00:00","dateModified":"2024-08-29T15:47:10+00:00","mainEntityOfPage":{"@id":"https:\/\/empresas.infoempleo.com\/hrtrends\/la-responsabilidad-de-estar-en-redes-sociales\/"},"wordCount":360,"publisher":{"@id":"https:\/\/empresas.infoempleo.com\/hrtrends\/#organization"},"image":{"@id":"https:\/\/empresas.infoempleo.com\/hrtrends\/la-responsabilidad-de-estar-en-redes-sociales\/#primaryimage"},"thumbnailUrl":"https:\/\/empresas.infoempleo.com\/hrtrends\/media\/2013\/05\/fbsocial.jpg","keywords":["Empleo","j\u00f3venes","redes sociales","selecci\u00f3n"],"articleSection":["Actualidad"],"inLanguage":"es","copyrightYear":"2013","copyrightHolder":{"@id":"https:\/\/empresas.infoempleo.com\/hrtrends\/#organization"}},{"@type":"WebPage","@id":"https:\/\/empresas.infoempleo.com\/hrtrends\/la-responsabilidad-de-estar-en-redes-sociales\/","url":"https:\/\/empresas.infoempleo.com\/hrtrends\/la-responsabilidad-de-estar-en-redes-sociales\/","name":"La responsabilidad de estar en redes sociales | HRTRENDS","isPartOf":{"@id":"https:\/\/empresas.infoempleo.com\/hrtrends\/#website"},"primaryImageOfPage":{"@id":"https:\/\/empresas.infoempleo.com\/hrtrends\/la-responsabilidad-de-estar-en-redes-sociales\/#primaryimage"},"image":{"@id":"https:\/\/empresas.infoempleo.com\/hrtrends\/la-responsabilidad-de-estar-en-redes-sociales\/#primaryimage"},"thumbnailUrl":"https:\/\/empresas.infoempleo.com\/hrtrends\/media\/2013\/05\/fbsocial.jpg","datePublished":"2013-06-03T09:05:07+00:00","dateModified":"2024-08-29T15:47:10+00:00","breadcrumb":{"@id":"https:\/\/empresas.infoempleo.com\/hrtrends\/la-responsabilidad-de-estar-en-redes-sociales\/#breadcrumb"},"inLanguage":"es","potentialAction":[{"@type":"ReadAction","target":["https:\/\/empresas.infoempleo.com\/hrtrends\/la-responsabilidad-de-estar-en-redes-sociales\/"]}]},{"@type":"ImageObject","inLanguage":"es","@id":"https:\/\/empresas.infoempleo.com\/hrtrends\/la-responsabilidad-de-estar-en-redes-sociales\/#primaryimage","url":"https:\/\/empresas.infoempleo.com\/hrtrends\/media\/2013\/05\/fbsocial-150x150.jpg","contentUrl":"https:\/\/empresas.infoempleo.com\/hrtrends\/media\/2013\/05\/fbsocial-150x150.jpg","width":150,"height":150},{"@type":"BreadcrumbList","@id":"https:\/\/empresas.infoempleo.com\/hrtrends\/la-responsabilidad-de-estar-en-redes-sociales\/#breadcrumb","itemListElement":[{"@type":"ListItem","position":1,"name":"Portada","item":"https:\/\/empresas.infoempleo.com\/hrtrends\/"},{"@type":"ListItem","position":2,"name":"La responsabilidad de estar en redes sociales"}]},{"@type":"WebSite","@id":"https:\/\/empresas.infoempleo.com\/hrtrends\/#website","url":"https:\/\/empresas.infoempleo.com\/hrtrends","name":"HRTrends by Infoempleo","description":"","publisher":{"@id":"https:\/\/empresas.infoempleo.com\/hrtrends\/#organization"},"potentialAction":{"@type":"SearchAction","target":"https:\/\/empresas.infoempleo.com\/hrtrends\/?s={search_term_string}","query-input":"required name=search_term_string"},"inLanguage":"es"},{"@type":"Organization","@id":"https:\/\/empresas.infoempleo.com\/hrtrends\/#organization","name":"Infoempleo","url":"https:\/\/www.infoempleo.com\/","logo":{"@type":"ImageObject","@id":"https:\/\/empresas.infoempleo.com\/hrtrends\/#logo","inLanguage":"es","url":"https:\/\/cdnazure.infoempleo.com\/infoempleo\/assets\/style\/gfx\/logo.svg","contentUrl":"https:\/\/cdnazure.infoempleo.com\/infoempleo\/assets\/style\/gfx\/logo.svg","width":150,"height":40,"caption":"Infoempleo"},"image":{"@id":"https:\/\/empresas.infoempleo.com\/hrtrends\/#logo"},"sameAs":["https:\/\/www.facebook.com\/Infoempleo","https:\/\/x.com\/infoempleo","http:\/\/instagram.com\/infoempleo\/","http:\/\/www.linkedin.com\/groups\/Empleo-Espa\u00f1a-Infoempleocom-111276","http:\/\/pinterest.com\/infoempleo\/"],"address":{"@type":"PostalAddress","addressLocality":"Madrid","postalCode":"28050","streetAddress":"Avenida de Burgos 114"},"brand":["Infoempleo"]},{"@type":"Person","@id":"https:\/\/empresas.infoempleo.com\/hrtrends\/#\/schema\/person\/3c0b9f414329516aaaef060dcb209533","name":"Marga TD","image":{"@type":"ImageObject","inLanguage":"es","@id":"https:\/\/empresas.infoempleo.com\/hrtrends\/#\/schema\/person\/image\/","url":"https:\/\/secure.gravatar.com\/avatar\/f27a7ca1df426642a2ab955263c4e5243d00ec942306dedeb83de783a98f1cf4?s=96&d=mm&r=g","contentUrl":"https:\/\/secure.gravatar.com\/avatar\/f27a7ca1df426642a2ab955263c4e5243d00ec942306dedeb83de783a98f1cf4?s=96&d=mm&r=g","caption":"Marga TD"},"url":"https:\/\/empresas.infoempleo.com\/hrtrends\/author\/marguitd\/"}]}},"amp_enabled":true,"_links":{"self":[{"href":"https:\/\/empresas.infoempleo.com\/hrtrends\/wp-json\/wp\/v2\/posts\/16857","targetHints":{"allow":["GET"]}}],"collection":[{"href":"https:\/\/empresas.infoempleo.com\/hrtrends\/wp-json\/wp\/v2\/posts"}],"about":[{"href":"https:\/\/empresas.infoempleo.com\/hrtrends\/wp-json\/wp\/v2\/types\/post"}],"author":[{"embeddable":true,"href":"https:\/\/empresas.infoempleo.com\/hrtrends\/wp-json\/wp\/v2\/users\/39"}],"replies":[{"embeddable":true,"href":"https:\/\/empresas.infoempleo.com\/hrtrends\/wp-json\/wp\/v2\/comments?post=16857"}],"version-history":[{"count":2,"href":"https:\/\/empresas.infoempleo.com\/hrtrends\/wp-json\/wp\/v2\/posts\/16857\/revisions"}],"predecessor-version":[{"id":45186,"href":"https:\/\/empresas.infoempleo.com\/hrtrends\/wp-json\/wp\/v2\/posts\/16857\/revisions\/45186"}],"wp:featuredmedia":[{"embeddable":true,"href":"https:\/\/empresas.infoempleo.com\/hrtrends\/wp-json\/wp\/v2\/media\/16858"}],"wp:attachment":[{"href":"https:\/\/empresas.infoempleo.com\/hrtrends\/wp-json\/wp\/v2\/media?parent=16857"}],"wp:term":[{"taxonomy":"category","embeddable":true,"href":"https:\/\/empresas.infoempleo.com\/hrtrends\/wp-json\/wp\/v2\/categories?post=16857"},{"taxonomy":"post_tag","embeddable":true,"href":"https:\/\/empresas.infoempleo.com\/hrtrends\/wp-json\/wp\/v2\/tags?post=16857"}],"curies":[{"name":"wp","href":"https:\/\/api.w.org\/{rel}","templated":true}]}}