{"id":16841,"date":"2013-05-28T08:50:35","date_gmt":"2013-05-28T07:50:35","guid":{"rendered":"http:\/\/blog.infoempleo.com\/?p=16841"},"modified":"2022-10-31T10:32:53","modified_gmt":"2022-10-31T08:32:53","slug":"el-email-que-llego-cargado-de-trabajo","status":"publish","type":"post","link":"https:\/\/empresas.infoempleo.com\/hrtrends\/el-email-que-llego-cargado-de-trabajo\/","title":{"rendered":"El email que lleg\u00f3 cargado de trabajo"},"content":{"rendered":"<p>Ra\u00fal finaliz\u00f3 la semana con la rutina que se hab\u00eda impuesto hace unos tres meses. \u00a0Hab\u00eda hecho un buen trabajo con una exhaustiva b\u00fasqueda y revisi\u00f3n de ofertas de empleo. Como cada viernes por la tarde revis\u00f3 su correo para ver las contestaciones recibidas. <strong>Estaba a punto de descubrir una sorpresa en su correspondencia electr\u00f3nica.<\/strong><\/p>\n<p>Esta semana no hab\u00eda tenido mucha suerte, pero sab\u00eda que tarde o temprano aparecer\u00eda el trabajo que buscaba. Su plan era seguir detectando aquellas ofertas en las que su perfil profesional fuese competitivo, investigando las distintas empresas, redactando una carta de presentaci\u00f3n personalizada, editando el curriculo para destacar la experiencia y formaci\u00f3n m\u00e1s interesante para cada puesto, y en algunos casos respondiendo el test previo de pre-selecci\u00f3n. \u00a0Era una tarea agotadora en la que deb\u00eda perseverar, ser optimista, creativo y continuar con la rutina que se hab\u00eda establecido. A fin de cuentas por pura estad\u00edstica conseguir\u00eda encontrar lo que estaba buscando.<\/p>\n<p>Descarg\u00f3 los emails a su ordenador. Uno de ellos le llam\u00f3 especialmente la atenci\u00f3n. \u00a1Pod\u00eda ser una contestaci\u00f3n positiva! <strong>El remitente era una tal Tamara Pennock y el asunto rezaba lo siguiente: \u201cRaul, Buenas perspectivas en su trabajo\u201d.<\/strong>\u00a0 Lo abri\u00f3 y ley\u00f3 su contenido:<\/p>\n<blockquote><p><em>\u201cEl descanso pertenece al trabajo como los p\u00e1rpados a los ojos\u00bb. (Rabindranath Tagore)<\/em><\/p>\n<p><em>Buen dia!<\/em><\/p>\n<p><em>Tenemos el grado de informarles que nuestra compania e asesoramiento al cliente esta en busqueda de personal para el puesto de \u00abGerente Regional\u00bb en Europa! La compania le otorgara crecimiento profesional y cursos de formacion para cualificacion mas alta. Todo esto usted puede obtener si lo quiere! Estamosen busca de profesionales junto a los cuales la firma crezca! Requisitos del trabajo: -Deseo de trabajar en equipo -Educaion Secundaria -Edad de 20 anos + -Derecho para trabajar oficialmente en Espana<\/em><\/p>\n<p><em>Si le intereso nuestra oferta, favor escribame al correo electronico. Por favor ponga la region donde se ubica en el territorio de Espana!<\/em><\/p>\n<p><em>Con nuestros mejores deseos! Gerente de Personal \u201c<\/em><\/p><\/blockquote>\n<p>Lo primero que pens\u00f3 era que se trataba de una broma. Lo reley\u00f3 de nuevo y empez\u00f3 a pensar que no ten\u00eda nada de que perder: \u201cTotal, por escuchar no pasa nada. Solo tengo que enviar el curr\u00edculo que tantas veces hab\u00eda enviado\u201d- pens\u00f3. Al final redact\u00f3 un email, adjunt\u00f3 su curr\u00edculo y respondi\u00f3. <strong>Este fue el principio de un c\u00famulo de circunstancias que le complicaron la vida en los siguientes meses. Descubri\u00f3 que nadie da duros por pesetas y dese\u00f3 mil veces que alguien le hubiese advertido acerca de d\u00f3nde se met\u00eda.<\/strong><\/p>\n<p>No s\u00e9 si alguien ha recibido este tipo de emails. En este caso, Ra\u00fal es un personaje ficticio y su historia tambi\u00e9n. Pero<strong> el email y su contenido son reales.<\/strong> Es uno de los \u00faltimos que he recibido y no el \u00fanico.<\/p>\n<p>He utilizado esta historia para llamar la atenci\u00f3n sobre lo peligrosos que pueden llegar a ser este tipo de emails. En ellos, c\u00f3mo poco, puedes encontrarte con<strong> un troyano o un virus<\/strong> que llegue a tu ordenador en forma de adjunto o a trav\u00e9s de un enlace. Otras veces persiguen que acabes <strong>adelantando alguna cantidad de dinero en concepto de tasas<\/strong>, derechos de inscripci\u00f3n, formaci\u00f3n o costes de selecci\u00f3n, o simplemente <strong>captar tus datos<\/strong> para comerciar con ellos o utilizarlos ilegalmente.<\/p>\n<p>Pero de entre todos los riesgos es especialmente destacable que, en muchos casos, lo que buscan es<strong> la captaci\u00f3n de \u201cmulas\u201d- as\u00ed se denomina a las personas que aceptan una supuesta oferta de trabajo que b\u00e1sicamente consiste en realizar transferencias a trav\u00e9s de su cuenta a cambio de un porcentaje-<\/strong>.\u00a0 Como puedes imaginar, el objetivo de estas operaciones consiste en blanquear dinero. Se aprovechan de la situaci\u00f3n de crisis para estafar a los demandantes de empleo, quienes casi sin saberlo terminan participando en un delito.<\/p>\n<p>Aunque aplicando el sentido com\u00fan, este tipo de estafas suelen hacerse evidentes. Para ayudaros a detectarlas la Oficina de Seguridad del Internauta de INTECO ha elaborado un<strong> listado con sus elementos comunes<\/strong>:<\/p>\n<ul>\n<li>La empresa suele estar en el extranjero y no tiene oficinas locales.<\/li>\n<li>El espa\u00f1ol utilizado en sus comunicaciones es deficiente (como el ejemplo de email anterior).<\/li>\n<li>Utilizan cuentas de correo gratuitas.<\/li>\n<li>Los correos que env\u00edan son plantillas y apenas est\u00e1n personalizados.<\/li>\n<li>En alg\u00fan momento solicitan env\u00edo de dinero bajo cualquier excusa.<\/li>\n<li>Normalmente, las empresas utilizadas para el env\u00edo de dinero son Western Union o Money Gram.<\/li>\n<li>Se ofrece trabajo a distancia, es decir, teletrabajo.<\/li>\n<li>La oferta llega al correo sin que haya habido ning\u00fan proceso de selecci\u00f3n previo.<\/li>\n<li>Ofrecen caracter\u00edsticas deseables de un buen puesto de trabajo.<\/li>\n<li>Adjunta un fichero que hay que cumplimentar con datos personales y bancarios.<\/li>\n<\/ul>\n<p>Si recibes alguno de estos correos, la recomendaci\u00f3n es que <strong>en ning\u00fan caso los contestes<\/strong> y <strong>no abras los enlaces o ficheros adjuntos,<\/strong> si los hubiera. <strong>No\u00a0 facilites informaci\u00f3n bancaria<\/strong> y por supuesto <strong>no hagas un ingreso econ\u00f3mico a las cuentas que te faciliten<\/strong>. Si dudas, recuerda que Google puede ser un buen aliado, <strong>una b\u00fasqueda de frases clave del mensaje puede darte alguna pista<\/strong> e incluso llevarte a publicaciones de otros usuarios que hayan podido ser v\u00edctimas de la estafa. En el caso de que la empresa tenga sede en Espa\u00f1a<strong> denuncia el caso a las autoridades.<\/strong><\/p>\n<p>Internet es una estupenda herramienta para buscar trabajo, de eso no cabe duda, pero no est\u00e1 libre de riesgos. En tu b\u00fasqueda de empleo minimizar\u00e1s este riesgo utilizando servicios conocidos, de confianza.<\/p>\n<p><strong>En un servicio confiable, la empresa se identifica perfectamente y detalla de forma expresa el alcance y limitaciones de sus servicios.<\/strong> Aseg\u00farate de que esa informaci\u00f3n existe. En <a href=\"https:\/\/www.infoempleo.com\/\">Infoempleo<\/a> puedes estar seguro de que tus datos personales son tratados con las garant\u00edas del marco legal espa\u00f1ol y que el servicio, aunque no es infalible, realiza los m\u00e1ximos esfuerzos posibles para evitar posibles errores o ilegalidades en las ofertas publicadas. En el caso de Infoempleo \u00a0encontrar\u00e1s esa informaci\u00f3n a la que me refiero a pie de p\u00e1gina, en los avisos legales, la pol\u00edtica de publicaci\u00f3n y pol\u00edtica de privacidad.<\/p>\n<p><strong>\u00bfHas recibido este tipo de email?\u00bfHas tenido alguna experiencia como \u00e9sta?<\/strong><\/p>\n<p>&nbsp;<\/p>\n<h6>Foto portada:<a href=\"https:\/\/www.flickr.com\/\/photos\/esparta\/1609874001\/\" target=\"_blank\" rel=\"noopener\"> eMail<\/a>. Imagen con licencia Creative Commons del \u00e1lbum en Flickr de Esparta.<\/h6>\n","protected":false},"excerpt":{"rendered":"<p>Ra\u00fal finaliz\u00f3 la semana con la rutina que se hab\u00eda impuesto hace unos tres meses. \u00a0Hab\u00eda hecho un<a class=\"moretag\" href=\"https:\/\/empresas.infoempleo.com\/hrtrends\/el-email-que-llego-cargado-de-trabajo\/\"> Leer m\u00e1s<\/a><\/p>\n","protected":false},"author":40,"featured_media":16842,"comment_status":"closed","ping_status":"open","sticky":false,"template":"","format":"standard","meta":{"footnotes":""},"categories":[3],"tags":[573,964,711],"class_list":["post-16841","post","type-post","status-publish","format-standard","has-post-thumbnail","hentry","category-actualidad","tag-email","tag-fraudes","tag-ofertas-de-empleo"],"yoast_head":"<!-- This site is optimized with the Yoast SEO plugin v26.1.1 - https:\/\/yoast.com\/wordpress\/plugins\/seo\/ -->\n<title>El email que lleg\u00f3 cargado de trabajo | HRTRENDS<\/title>\n<meta name=\"robots\" content=\"index, follow, max-snippet:-1, max-image-preview:large, max-video-preview:-1\" \/>\n<link rel=\"canonical\" href=\"https:\/\/empresas.infoempleo.com\/hrtrends\/el-email-que-llego-cargado-de-trabajo\/\" \/>\n<meta property=\"og:locale\" content=\"es_ES\" \/>\n<meta property=\"og:type\" content=\"article\" \/>\n<meta property=\"og:title\" content=\"El email que lleg\u00f3 cargado de trabajo | HRTRENDS\" \/>\n<meta property=\"og:description\" content=\"Ra\u00fal finaliz\u00f3 la semana con la rutina que se hab\u00eda impuesto hace unos tres meses. \u00a0Hab\u00eda hecho un Leer m\u00e1s\" \/>\n<meta property=\"og:url\" content=\"https:\/\/empresas.infoempleo.com\/hrtrends\/el-email-que-llego-cargado-de-trabajo\/\" \/>\n<meta property=\"og:site_name\" content=\"HRTRENDS\" \/>\n<meta property=\"article:publisher\" content=\"https:\/\/www.facebook.com\/Infoempleo\" \/>\n<meta property=\"article:published_time\" content=\"2013-05-28T07:50:35+00:00\" \/>\n<meta property=\"article:modified_time\" content=\"2022-10-31T08:32:53+00:00\" \/>\n<meta property=\"og:image\" content=\"https:\/\/empresas.infoempleo.com\/hrtrends\/media\/2013\/05\/email-spam-empleo.jpg\" \/>\n\t<meta property=\"og:image:width\" content=\"568\" \/>\n\t<meta property=\"og:image:height\" content=\"258\" \/>\n\t<meta property=\"og:image:type\" content=\"image\/jpeg\" \/>\n<meta name=\"author\" content=\"Jorge Bar\u00f3n\" \/>\n<meta name=\"twitter:card\" content=\"summary_large_image\" \/>\n<meta name=\"twitter:creator\" content=\"@infoempleo\" \/>\n<meta name=\"twitter:site\" content=\"@infoempleo\" \/>\n<meta name=\"twitter:label1\" content=\"Escrito por\" \/>\n\t<meta name=\"twitter:data1\" content=\"Jorge Bar\u00f3n\" \/>\n\t<meta name=\"twitter:label2\" content=\"Tiempo de lectura\" \/>\n\t<meta name=\"twitter:data2\" content=\"5 minutos\" \/>\n<script type=\"application\/ld+json\" class=\"yoast-schema-graph\">{\"@context\":\"https:\/\/schema.org\",\"@graph\":[{\"@type\":\"NewsArticle\",\"@id\":\"https:\/\/empresas.infoempleo.com\/hrtrends\/el-email-que-llego-cargado-de-trabajo\/#article\",\"isPartOf\":{\"@id\":\"https:\/\/empresas.infoempleo.com\/hrtrends\/el-email-que-llego-cargado-de-trabajo\/\"},\"author\":{\"name\":\"Jorge Bar\u00f3n\",\"@id\":\"https:\/\/empresas.infoempleo.com\/hrtrends\/#\/schema\/person\/2a6143806a7d624c0ce5c82696718ee4\"},\"headline\":\"El email que lleg\u00f3 cargado de trabajo\",\"datePublished\":\"2013-05-28T07:50:35+00:00\",\"dateModified\":\"2022-10-31T08:32:53+00:00\",\"mainEntityOfPage\":{\"@id\":\"https:\/\/empresas.infoempleo.com\/hrtrends\/el-email-que-llego-cargado-de-trabajo\/\"},\"wordCount\":1098,\"publisher\":{\"@id\":\"https:\/\/empresas.infoempleo.com\/hrtrends\/#organization\"},\"image\":{\"@id\":\"https:\/\/empresas.infoempleo.com\/hrtrends\/el-email-que-llego-cargado-de-trabajo\/#primaryimage\"},\"thumbnailUrl\":\"https:\/\/empresas.infoempleo.com\/hrtrends\/media\/2013\/05\/email-spam-empleo.jpg\",\"keywords\":[\"email\",\"fraudes\",\"ofertas de empleo\"],\"articleSection\":[\"Actualidad\"],\"inLanguage\":\"es\",\"copyrightYear\":\"2013\",\"copyrightHolder\":{\"@id\":\"https:\/\/empresas.infoempleo.com\/hrtrends\/#organization\"}},{\"@type\":\"WebPage\",\"@id\":\"https:\/\/empresas.infoempleo.com\/hrtrends\/el-email-que-llego-cargado-de-trabajo\/\",\"url\":\"https:\/\/empresas.infoempleo.com\/hrtrends\/el-email-que-llego-cargado-de-trabajo\/\",\"name\":\"El email que lleg\u00f3 cargado de trabajo | HRTRENDS\",\"isPartOf\":{\"@id\":\"https:\/\/empresas.infoempleo.com\/hrtrends\/#website\"},\"primaryImageOfPage\":{\"@id\":\"https:\/\/empresas.infoempleo.com\/hrtrends\/el-email-que-llego-cargado-de-trabajo\/#primaryimage\"},\"image\":{\"@id\":\"https:\/\/empresas.infoempleo.com\/hrtrends\/el-email-que-llego-cargado-de-trabajo\/#primaryimage\"},\"thumbnailUrl\":\"https:\/\/empresas.infoempleo.com\/hrtrends\/media\/2013\/05\/email-spam-empleo.jpg\",\"datePublished\":\"2013-05-28T07:50:35+00:00\",\"dateModified\":\"2022-10-31T08:32:53+00:00\",\"breadcrumb\":{\"@id\":\"https:\/\/empresas.infoempleo.com\/hrtrends\/el-email-que-llego-cargado-de-trabajo\/#breadcrumb\"},\"inLanguage\":\"es\",\"potentialAction\":[{\"@type\":\"ReadAction\",\"target\":[\"https:\/\/empresas.infoempleo.com\/hrtrends\/el-email-que-llego-cargado-de-trabajo\/\"]}]},{\"@type\":\"ImageObject\",\"inLanguage\":\"es\",\"@id\":\"https:\/\/empresas.infoempleo.com\/hrtrends\/el-email-que-llego-cargado-de-trabajo\/#primaryimage\",\"url\":\"https:\/\/empresas.infoempleo.com\/hrtrends\/media\/2013\/05\/email-spam-empleo-150x150.jpg\",\"contentUrl\":\"https:\/\/empresas.infoempleo.com\/hrtrends\/media\/2013\/05\/email-spam-empleo-150x150.jpg\",\"width\":150,\"height\":150,\"caption\":\"Email fraude y spam empleo\"},{\"@type\":\"BreadcrumbList\",\"@id\":\"https:\/\/empresas.infoempleo.com\/hrtrends\/el-email-que-llego-cargado-de-trabajo\/#breadcrumb\",\"itemListElement\":[{\"@type\":\"ListItem\",\"position\":1,\"name\":\"Portada\",\"item\":\"https:\/\/empresas.infoempleo.com\/hrtrends\/\"},{\"@type\":\"ListItem\",\"position\":2,\"name\":\"El email que lleg\u00f3 cargado de trabajo\"}]},{\"@type\":\"WebSite\",\"@id\":\"https:\/\/empresas.infoempleo.com\/hrtrends\/#website\",\"url\":\"https:\/\/empresas.infoempleo.com\/hrtrends\",\"name\":\"HRTrends by Infoempleo\",\"description\":\"\",\"publisher\":{\"@id\":\"https:\/\/empresas.infoempleo.com\/hrtrends\/#organization\"},\"potentialAction\":{\"@type\":\"SearchAction\",\"target\":\"https:\/\/empresas.infoempleo.com\/hrtrends\/?s={search_term_string}\",\"query-input\":\"required name=search_term_string\"},\"inLanguage\":\"es\"},{\"@type\":\"Organization\",\"@id\":\"https:\/\/empresas.infoempleo.com\/hrtrends\/#organization\",\"name\":\"Infoempleo\",\"url\":\"https:\/\/www.infoempleo.com\/\",\"logo\":{\"@type\":\"ImageObject\",\"@id\":\"https:\/\/empresas.infoempleo.com\/hrtrends\/#logo\",\"inLanguage\":\"es\",\"url\":\"https:\/\/cdnazure.infoempleo.com\/infoempleo\/assets\/style\/gfx\/logo.svg\",\"contentUrl\":\"https:\/\/cdnazure.infoempleo.com\/infoempleo\/assets\/style\/gfx\/logo.svg\",\"width\":150,\"height\":40,\"caption\":\"Infoempleo\"},\"image\":{\"@id\":\"https:\/\/empresas.infoempleo.com\/hrtrends\/#logo\"},\"sameAs\":[\"https:\/\/www.facebook.com\/Infoempleo\",\"https:\/\/x.com\/infoempleo\",\"http:\/\/instagram.com\/infoempleo\/\",\"http:\/\/www.linkedin.com\/groups\/Empleo-Espa\u00f1a-Infoempleocom-111276\",\"http:\/\/pinterest.com\/infoempleo\/\"],\"address\":{\"@type\":\"PostalAddress\",\"addressLocality\":\"Madrid\",\"postalCode\":\"28050\",\"streetAddress\":\"Avenida de Burgos 114\"},\"brand\":[\"Infoempleo\"]},{\"@type\":\"Person\",\"@id\":\"https:\/\/empresas.infoempleo.com\/hrtrends\/#\/schema\/person\/2a6143806a7d624c0ce5c82696718ee4\",\"name\":\"Jorge Bar\u00f3n\",\"image\":{\"@type\":\"ImageObject\",\"inLanguage\":\"es\",\"@id\":\"https:\/\/empresas.infoempleo.com\/hrtrends\/#\/schema\/person\/image\/\",\"url\":\"https:\/\/secure.gravatar.com\/avatar\/8a580044647f2c46116f67ccacbfa5aaa3b02221b700a4679bef2801ebcaf24e?s=96&d=mm&r=g\",\"contentUrl\":\"https:\/\/secure.gravatar.com\/avatar\/8a580044647f2c46116f67ccacbfa5aaa3b02221b700a4679bef2801ebcaf24e?s=96&d=mm&r=g\",\"caption\":\"Jorge Bar\u00f3n\"},\"url\":\"https:\/\/empresas.infoempleo.com\/hrtrends\/author\/jorge\/\"}]}<\/script>\n<!-- \/ Yoast SEO plugin. -->","yoast_head_json":{"title":"El email que lleg\u00f3 cargado de trabajo | HRTRENDS","robots":{"index":"index","follow":"follow","max-snippet":"max-snippet:-1","max-image-preview":"max-image-preview:large","max-video-preview":"max-video-preview:-1"},"canonical":"https:\/\/empresas.infoempleo.com\/hrtrends\/el-email-que-llego-cargado-de-trabajo\/","og_locale":"es_ES","og_type":"article","og_title":"El email que lleg\u00f3 cargado de trabajo | HRTRENDS","og_description":"Ra\u00fal finaliz\u00f3 la semana con la rutina que se hab\u00eda impuesto hace unos tres meses. \u00a0Hab\u00eda hecho un Leer m\u00e1s","og_url":"https:\/\/empresas.infoempleo.com\/hrtrends\/el-email-que-llego-cargado-de-trabajo\/","og_site_name":"HRTRENDS","article_publisher":"https:\/\/www.facebook.com\/Infoempleo","article_published_time":"2013-05-28T07:50:35+00:00","article_modified_time":"2022-10-31T08:32:53+00:00","og_image":[{"width":568,"height":258,"url":"https:\/\/empresas.infoempleo.com\/hrtrends\/media\/2013\/05\/email-spam-empleo.jpg","type":"image\/jpeg"}],"author":"Jorge Bar\u00f3n","twitter_card":"summary_large_image","twitter_creator":"@infoempleo","twitter_site":"@infoempleo","twitter_misc":{"Escrito por":"Jorge Bar\u00f3n","Tiempo de lectura":"5 minutos"},"schema":{"@context":"https:\/\/schema.org","@graph":[{"@type":"NewsArticle","@id":"https:\/\/empresas.infoempleo.com\/hrtrends\/el-email-que-llego-cargado-de-trabajo\/#article","isPartOf":{"@id":"https:\/\/empresas.infoempleo.com\/hrtrends\/el-email-que-llego-cargado-de-trabajo\/"},"author":{"name":"Jorge Bar\u00f3n","@id":"https:\/\/empresas.infoempleo.com\/hrtrends\/#\/schema\/person\/2a6143806a7d624c0ce5c82696718ee4"},"headline":"El email que lleg\u00f3 cargado de trabajo","datePublished":"2013-05-28T07:50:35+00:00","dateModified":"2022-10-31T08:32:53+00:00","mainEntityOfPage":{"@id":"https:\/\/empresas.infoempleo.com\/hrtrends\/el-email-que-llego-cargado-de-trabajo\/"},"wordCount":1098,"publisher":{"@id":"https:\/\/empresas.infoempleo.com\/hrtrends\/#organization"},"image":{"@id":"https:\/\/empresas.infoempleo.com\/hrtrends\/el-email-que-llego-cargado-de-trabajo\/#primaryimage"},"thumbnailUrl":"https:\/\/empresas.infoempleo.com\/hrtrends\/media\/2013\/05\/email-spam-empleo.jpg","keywords":["email","fraudes","ofertas de empleo"],"articleSection":["Actualidad"],"inLanguage":"es","copyrightYear":"2013","copyrightHolder":{"@id":"https:\/\/empresas.infoempleo.com\/hrtrends\/#organization"}},{"@type":"WebPage","@id":"https:\/\/empresas.infoempleo.com\/hrtrends\/el-email-que-llego-cargado-de-trabajo\/","url":"https:\/\/empresas.infoempleo.com\/hrtrends\/el-email-que-llego-cargado-de-trabajo\/","name":"El email que lleg\u00f3 cargado de trabajo | HRTRENDS","isPartOf":{"@id":"https:\/\/empresas.infoempleo.com\/hrtrends\/#website"},"primaryImageOfPage":{"@id":"https:\/\/empresas.infoempleo.com\/hrtrends\/el-email-que-llego-cargado-de-trabajo\/#primaryimage"},"image":{"@id":"https:\/\/empresas.infoempleo.com\/hrtrends\/el-email-que-llego-cargado-de-trabajo\/#primaryimage"},"thumbnailUrl":"https:\/\/empresas.infoempleo.com\/hrtrends\/media\/2013\/05\/email-spam-empleo.jpg","datePublished":"2013-05-28T07:50:35+00:00","dateModified":"2022-10-31T08:32:53+00:00","breadcrumb":{"@id":"https:\/\/empresas.infoempleo.com\/hrtrends\/el-email-que-llego-cargado-de-trabajo\/#breadcrumb"},"inLanguage":"es","potentialAction":[{"@type":"ReadAction","target":["https:\/\/empresas.infoempleo.com\/hrtrends\/el-email-que-llego-cargado-de-trabajo\/"]}]},{"@type":"ImageObject","inLanguage":"es","@id":"https:\/\/empresas.infoempleo.com\/hrtrends\/el-email-que-llego-cargado-de-trabajo\/#primaryimage","url":"https:\/\/empresas.infoempleo.com\/hrtrends\/media\/2013\/05\/email-spam-empleo-150x150.jpg","contentUrl":"https:\/\/empresas.infoempleo.com\/hrtrends\/media\/2013\/05\/email-spam-empleo-150x150.jpg","width":150,"height":150,"caption":"Email fraude y spam empleo"},{"@type":"BreadcrumbList","@id":"https:\/\/empresas.infoempleo.com\/hrtrends\/el-email-que-llego-cargado-de-trabajo\/#breadcrumb","itemListElement":[{"@type":"ListItem","position":1,"name":"Portada","item":"https:\/\/empresas.infoempleo.com\/hrtrends\/"},{"@type":"ListItem","position":2,"name":"El email que lleg\u00f3 cargado de trabajo"}]},{"@type":"WebSite","@id":"https:\/\/empresas.infoempleo.com\/hrtrends\/#website","url":"https:\/\/empresas.infoempleo.com\/hrtrends","name":"HRTrends by Infoempleo","description":"","publisher":{"@id":"https:\/\/empresas.infoempleo.com\/hrtrends\/#organization"},"potentialAction":{"@type":"SearchAction","target":"https:\/\/empresas.infoempleo.com\/hrtrends\/?s={search_term_string}","query-input":"required name=search_term_string"},"inLanguage":"es"},{"@type":"Organization","@id":"https:\/\/empresas.infoempleo.com\/hrtrends\/#organization","name":"Infoempleo","url":"https:\/\/www.infoempleo.com\/","logo":{"@type":"ImageObject","@id":"https:\/\/empresas.infoempleo.com\/hrtrends\/#logo","inLanguage":"es","url":"https:\/\/cdnazure.infoempleo.com\/infoempleo\/assets\/style\/gfx\/logo.svg","contentUrl":"https:\/\/cdnazure.infoempleo.com\/infoempleo\/assets\/style\/gfx\/logo.svg","width":150,"height":40,"caption":"Infoempleo"},"image":{"@id":"https:\/\/empresas.infoempleo.com\/hrtrends\/#logo"},"sameAs":["https:\/\/www.facebook.com\/Infoempleo","https:\/\/x.com\/infoempleo","http:\/\/instagram.com\/infoempleo\/","http:\/\/www.linkedin.com\/groups\/Empleo-Espa\u00f1a-Infoempleocom-111276","http:\/\/pinterest.com\/infoempleo\/"],"address":{"@type":"PostalAddress","addressLocality":"Madrid","postalCode":"28050","streetAddress":"Avenida de Burgos 114"},"brand":["Infoempleo"]},{"@type":"Person","@id":"https:\/\/empresas.infoempleo.com\/hrtrends\/#\/schema\/person\/2a6143806a7d624c0ce5c82696718ee4","name":"Jorge Bar\u00f3n","image":{"@type":"ImageObject","inLanguage":"es","@id":"https:\/\/empresas.infoempleo.com\/hrtrends\/#\/schema\/person\/image\/","url":"https:\/\/secure.gravatar.com\/avatar\/8a580044647f2c46116f67ccacbfa5aaa3b02221b700a4679bef2801ebcaf24e?s=96&d=mm&r=g","contentUrl":"https:\/\/secure.gravatar.com\/avatar\/8a580044647f2c46116f67ccacbfa5aaa3b02221b700a4679bef2801ebcaf24e?s=96&d=mm&r=g","caption":"Jorge Bar\u00f3n"},"url":"https:\/\/empresas.infoempleo.com\/hrtrends\/author\/jorge\/"}]}},"amp_enabled":true,"_links":{"self":[{"href":"https:\/\/empresas.infoempleo.com\/hrtrends\/wp-json\/wp\/v2\/posts\/16841","targetHints":{"allow":["GET"]}}],"collection":[{"href":"https:\/\/empresas.infoempleo.com\/hrtrends\/wp-json\/wp\/v2\/posts"}],"about":[{"href":"https:\/\/empresas.infoempleo.com\/hrtrends\/wp-json\/wp\/v2\/types\/post"}],"author":[{"embeddable":true,"href":"https:\/\/empresas.infoempleo.com\/hrtrends\/wp-json\/wp\/v2\/users\/40"}],"replies":[{"embeddable":true,"href":"https:\/\/empresas.infoempleo.com\/hrtrends\/wp-json\/wp\/v2\/comments?post=16841"}],"version-history":[{"count":1,"href":"https:\/\/empresas.infoempleo.com\/hrtrends\/wp-json\/wp\/v2\/posts\/16841\/revisions"}],"predecessor-version":[{"id":41411,"href":"https:\/\/empresas.infoempleo.com\/hrtrends\/wp-json\/wp\/v2\/posts\/16841\/revisions\/41411"}],"wp:featuredmedia":[{"embeddable":true,"href":"https:\/\/empresas.infoempleo.com\/hrtrends\/wp-json\/wp\/v2\/media\/16842"}],"wp:attachment":[{"href":"https:\/\/empresas.infoempleo.com\/hrtrends\/wp-json\/wp\/v2\/media?parent=16841"}],"wp:term":[{"taxonomy":"category","embeddable":true,"href":"https:\/\/empresas.infoempleo.com\/hrtrends\/wp-json\/wp\/v2\/categories?post=16841"},{"taxonomy":"post_tag","embeddable":true,"href":"https:\/\/empresas.infoempleo.com\/hrtrends\/wp-json\/wp\/v2\/tags?post=16841"}],"curies":[{"name":"wp","href":"https:\/\/api.w.org\/{rel}","templated":true}]}}