{"id":16799,"date":"2013-05-21T08:38:51","date_gmt":"2013-05-21T07:38:51","guid":{"rendered":"http:\/\/blog.infoempleo.com\/?p=16799"},"modified":"2024-11-04T14:23:28","modified_gmt":"2024-11-04T12:23:28","slug":"contrato-unico","status":"publish","type":"post","link":"https:\/\/empresas.infoempleo.com\/hrtrends\/contrato-unico\/","title":{"rendered":"El Contrato \u00danico"},"content":{"rendered":"<p>En un art\u00edculo anterior habl\u00e1bamos sobre los minijobs como una nueva propuesta contractual para Espa\u00f1a. Recientemente ha aparecido otra pol\u00e9mica sobre nuestro marco laboral y que, desde una perspectiva completamente distinta, propone <b>el contrato \u00fanico<\/b> para los espa\u00f1oles. Y es que seg\u00fan el dicho: \u201cpara gustos, colores\u201d.<\/p>\n<p>La semana pasada <a href=\"https:\/\/twitter.com\/LaszloAndorEU\">L\u00e1sl\u00f3 Andor<\/a>, comisario europeo de Empleo, Asuntos Sociales e Inclusi\u00f3n, \u00a0<a href=\"https:\/\/www.abc.es\/economia\/20130513\/abci-contrato-unico-bruselas-201305131359.html\">recomend\u00f3 a Espa\u00f1a que contemplase la implantaci\u00f3n del contrato \u00fanico y abierto<\/a>. En su declaraci\u00f3n expuso que en nuestro pa\u00eds hay una <b>excesiva protecci\u00f3n de los contratos indefinidos, frente a la gran desprotecci\u00f3n que hay de los contratos temporales<\/b> y sus m\u00faltiples variaciones.<\/p>\n<p>Las reacciones no se han hecho esperar y <b>ha conseguido poner de acuerdo a gobierno, sindicatos y patronal<\/b> en su negativa a esta propuesta, algo que he descubierto que me da mucho miedo. Los primeros porque est\u00e1n satisfechos con la reforma puesta en marcha y porque su implementaci\u00f3n no es viable con el actual marco legal. Los sindicatos, porque invita a los despidos y crea desprotecci\u00f3n laboral. Y por \u00faltimo, la patronal argumenta que el modelo econ\u00f3mico espa\u00f1ol hace necesarias distintas tipolog\u00edas de contratos.<\/p>\n<p>En realidad el contrato \u00fanico no es algo nuevo. En 2009 se present\u00f3 <b>la propuesta de los cien<\/b> impulsada por un grupo de economistas de la Fundaci\u00f3n de Estudios de Econom\u00eda Aplicada. Estos suger\u00edan un contrato \u00fanico con indemnizaci\u00f3n creciente en funci\u00f3n de la antig\u00fcedad y con lo que llamaban la \u201cmochila austriaca\u201d.<\/p>\n<p><b>\u00bfQu\u00e9 es el contrato \u00fanico?<\/b><\/p>\n<p>El contrato \u00fanico es simplemente homogeneizar y equiparar los distintos tipos de contratos laborables en uno s\u00f3lo. Lo complejo es que el resultado final ser\u00eda un h\u00edbrido que permitir\u00eda que el contrato temporal fuese indefinido y que a cambio, el contrato fijo perdiese parte de sus privilegios.<\/p>\n<p><b>\u00bfQu\u00e9 posibles beneficios tiene?<\/b><\/p>\n<p>El principal beneficio es que terminar\u00eda con los contratos temporales, eliminando esa dualidad laboral cuyas peores consecuencias sufren los colectivos m\u00e1s desprotegidos (c\u00f3mo actualmente es el caso de los j\u00f3venes). Este tipo de contrato fomenta la productividad ya que un trabajador fijo improductivo no tendr\u00e1 una protecci\u00f3n mucho mayor frente a un trabajador temporal productivo.<\/p>\n<p>Al eliminar la temporalidad, este contrato promueve los modelos laborables estables, frente a los modelos productivos m\u00e1s temporales utilizados por la construcci\u00f3n y la hosteler\u00eda, los cuales ver\u00edan endurecidas sus f\u00f3rmulas de contrataci\u00f3n.<\/p>\n<p>Otro beneficio ser\u00eda la simplificaci\u00f3n contractual, lo que significa que no se buscar\u00edan \u201cartificialmente\u201d la f\u00f3rmula de contrato que m\u00e1s interesa a la empresa entre los distintos tipos,\u00a0 ya que este ser\u00eda \u00fanico. Habr\u00eda una mayor compresi\u00f3n del contrato laboral y, adem\u00e1s, ante una disputa judicial ser\u00eda m\u00e1s claro conocer la resoluci\u00f3n porque ni empleado, ni empleador se enfrentar\u00edan a las distintas interpretaciones de las distintas modalidades de contratos.<\/p>\n<p><b>\u00bfCu\u00e1les son sus inconvenientes?<\/b><\/p>\n<p>El principal inconveniente ser\u00eda una p\u00e9rdida en la cuant\u00eda de las indemnizaciones por despido, algo que a corto plazo podr\u00eda significar p\u00e9rdida de puestos de trabajo al ser m\u00e1s econ\u00f3mico el despido de los contratos fijos. Como argumentan los sindicatos.<\/p>\n<p>Otro inconveniente ser\u00eda que no se adec\u00faen a modelo econ\u00f3mico espa\u00f1ol como apunta la patronal. Este contrato puede penalizar a determinados sectores como la hosteler\u00eda o la construcci\u00f3n, donde\u00a0 las formulas contractuales temporales como obra y servicio son muy utilizadas. No olvidemos que el Turismo es uno de los grandes motores de nuestra econom\u00eda.<\/p>\n<p>Como veis, la pol\u00e9mica est\u00e1 servida.<\/p>\n<p>&nbsp;<\/p>\n<h6>Foto portada: Estilogr\u00e1fica. Imagen con licencia Creative Commons del \u00e1lbum en Flickr de gaelx.<\/h6>\n","protected":false},"excerpt":{"rendered":"<p>En un art\u00edculo anterior habl\u00e1bamos sobre los minijobs como una nueva propuesta contractual para Espa\u00f1a. Recientemente ha aparecido<a class=\"moretag\" href=\"https:\/\/empresas.infoempleo.com\/hrtrends\/contrato-unico\/\"> Leer m\u00e1s<\/a><\/p>\n","protected":false},"author":40,"featured_media":16804,"comment_status":"closed","ping_status":"open","sticky":false,"template":"","format":"standard","meta":{"footnotes":""},"categories":[3],"tags":[619,1200,169,2036],"class_list":["post-16799","post","type-post","status-publish","format-standard","has-post-thumbnail","hentry","category-actualidad","tag-contratacion","tag-mercado-de-trabajo","tag-mercado-laboral","tag-reforma-laboral"],"yoast_head":"<!-- This site is optimized with the Yoast SEO plugin v26.1.1 - https:\/\/yoast.com\/wordpress\/plugins\/seo\/ -->\n<title>El Contrato \u00danico | HRTRENDS<\/title>\n<meta name=\"robots\" content=\"index, follow, max-snippet:-1, max-image-preview:large, max-video-preview:-1\" \/>\n<link rel=\"canonical\" href=\"https:\/\/empresas.infoempleo.com\/hrtrends\/contrato-unico\/\" \/>\n<meta property=\"og:locale\" content=\"es_ES\" \/>\n<meta property=\"og:type\" content=\"article\" \/>\n<meta property=\"og:title\" content=\"El Contrato \u00danico | HRTRENDS\" \/>\n<meta property=\"og:description\" content=\"En un art\u00edculo anterior habl\u00e1bamos sobre los minijobs como una nueva propuesta contractual para Espa\u00f1a. Recientemente ha aparecido Leer m\u00e1s\" \/>\n<meta property=\"og:url\" content=\"https:\/\/empresas.infoempleo.com\/hrtrends\/contrato-unico\/\" \/>\n<meta property=\"og:site_name\" content=\"HRTRENDS\" \/>\n<meta property=\"article:publisher\" content=\"https:\/\/www.facebook.com\/Infoempleo\" \/>\n<meta property=\"article:published_time\" content=\"2013-05-21T07:38:51+00:00\" \/>\n<meta property=\"article:modified_time\" content=\"2024-11-04T12:23:28+00:00\" \/>\n<meta property=\"og:image\" content=\"https:\/\/empresas.infoempleo.com\/hrtrends\/media\/2013\/05\/contrato-unico.jpg\" \/>\n\t<meta property=\"og:image:width\" content=\"568\" \/>\n\t<meta property=\"og:image:height\" content=\"258\" \/>\n\t<meta property=\"og:image:type\" content=\"image\/jpeg\" \/>\n<meta name=\"author\" content=\"Jorge Bar\u00f3n\" \/>\n<meta name=\"twitter:card\" content=\"summary_large_image\" \/>\n<meta name=\"twitter:creator\" content=\"@infoempleo\" \/>\n<meta name=\"twitter:site\" content=\"@infoempleo\" \/>\n<meta name=\"twitter:label1\" content=\"Escrito por\" \/>\n\t<meta name=\"twitter:data1\" content=\"Jorge Bar\u00f3n\" \/>\n\t<meta name=\"twitter:label2\" content=\"Tiempo de lectura\" \/>\n\t<meta name=\"twitter:data2\" content=\"3 minutos\" \/>\n<script type=\"application\/ld+json\" class=\"yoast-schema-graph\">{\"@context\":\"https:\/\/schema.org\",\"@graph\":[{\"@type\":\"NewsArticle\",\"@id\":\"https:\/\/empresas.infoempleo.com\/hrtrends\/contrato-unico\/#article\",\"isPartOf\":{\"@id\":\"https:\/\/empresas.infoempleo.com\/hrtrends\/contrato-unico\/\"},\"author\":{\"name\":\"Jorge Bar\u00f3n\",\"@id\":\"https:\/\/empresas.infoempleo.com\/hrtrends\/#\/schema\/person\/2a6143806a7d624c0ce5c82696718ee4\"},\"headline\":\"El Contrato \u00danico\",\"datePublished\":\"2013-05-21T07:38:51+00:00\",\"dateModified\":\"2024-11-04T12:23:28+00:00\",\"mainEntityOfPage\":{\"@id\":\"https:\/\/empresas.infoempleo.com\/hrtrends\/contrato-unico\/\"},\"wordCount\":646,\"publisher\":{\"@id\":\"https:\/\/empresas.infoempleo.com\/hrtrends\/#organization\"},\"image\":{\"@id\":\"https:\/\/empresas.infoempleo.com\/hrtrends\/contrato-unico\/#primaryimage\"},\"thumbnailUrl\":\"https:\/\/empresas.infoempleo.com\/hrtrends\/media\/2013\/05\/contrato-unico.jpg\",\"keywords\":[\"contrataci\u00f3n\",\"mercado de trabajo\",\"mercado laboral\",\"reforma laboral\"],\"articleSection\":[\"Actualidad\"],\"inLanguage\":\"es\",\"copyrightYear\":\"2013\",\"copyrightHolder\":{\"@id\":\"https:\/\/empresas.infoempleo.com\/hrtrends\/#organization\"}},{\"@type\":\"WebPage\",\"@id\":\"https:\/\/empresas.infoempleo.com\/hrtrends\/contrato-unico\/\",\"url\":\"https:\/\/empresas.infoempleo.com\/hrtrends\/contrato-unico\/\",\"name\":\"El Contrato \u00danico | HRTRENDS\",\"isPartOf\":{\"@id\":\"https:\/\/empresas.infoempleo.com\/hrtrends\/#website\"},\"primaryImageOfPage\":{\"@id\":\"https:\/\/empresas.infoempleo.com\/hrtrends\/contrato-unico\/#primaryimage\"},\"image\":{\"@id\":\"https:\/\/empresas.infoempleo.com\/hrtrends\/contrato-unico\/#primaryimage\"},\"thumbnailUrl\":\"https:\/\/empresas.infoempleo.com\/hrtrends\/media\/2013\/05\/contrato-unico.jpg\",\"datePublished\":\"2013-05-21T07:38:51+00:00\",\"dateModified\":\"2024-11-04T12:23:28+00:00\",\"breadcrumb\":{\"@id\":\"https:\/\/empresas.infoempleo.com\/hrtrends\/contrato-unico\/#breadcrumb\"},\"inLanguage\":\"es\",\"potentialAction\":[{\"@type\":\"ReadAction\",\"target\":[\"https:\/\/empresas.infoempleo.com\/hrtrends\/contrato-unico\/\"]}]},{\"@type\":\"ImageObject\",\"inLanguage\":\"es\",\"@id\":\"https:\/\/empresas.infoempleo.com\/hrtrends\/contrato-unico\/#primaryimage\",\"url\":\"https:\/\/empresas.infoempleo.com\/hrtrends\/media\/2013\/05\/contrato-unico-150x150.jpg\",\"contentUrl\":\"https:\/\/empresas.infoempleo.com\/hrtrends\/media\/2013\/05\/contrato-unico-150x150.jpg\",\"width\":150,\"height\":150,\"caption\":\"El contrato \u00fanico\"},{\"@type\":\"BreadcrumbList\",\"@id\":\"https:\/\/empresas.infoempleo.com\/hrtrends\/contrato-unico\/#breadcrumb\",\"itemListElement\":[{\"@type\":\"ListItem\",\"position\":1,\"name\":\"Portada\",\"item\":\"https:\/\/empresas.infoempleo.com\/hrtrends\/\"},{\"@type\":\"ListItem\",\"position\":2,\"name\":\"El Contrato \u00danico\"}]},{\"@type\":\"WebSite\",\"@id\":\"https:\/\/empresas.infoempleo.com\/hrtrends\/#website\",\"url\":\"https:\/\/empresas.infoempleo.com\/hrtrends\",\"name\":\"HRTrends by Infoempleo\",\"description\":\"\",\"publisher\":{\"@id\":\"https:\/\/empresas.infoempleo.com\/hrtrends\/#organization\"},\"potentialAction\":{\"@type\":\"SearchAction\",\"target\":\"https:\/\/empresas.infoempleo.com\/hrtrends\/?s={search_term_string}\",\"query-input\":\"required name=search_term_string\"},\"inLanguage\":\"es\"},{\"@type\":\"Organization\",\"@id\":\"https:\/\/empresas.infoempleo.com\/hrtrends\/#organization\",\"name\":\"Infoempleo\",\"url\":\"https:\/\/www.infoempleo.com\/\",\"logo\":{\"@type\":\"ImageObject\",\"@id\":\"https:\/\/empresas.infoempleo.com\/hrtrends\/#logo\",\"inLanguage\":\"es\",\"url\":\"https:\/\/cdnazure.infoempleo.com\/infoempleo\/assets\/style\/gfx\/logo.svg\",\"contentUrl\":\"https:\/\/cdnazure.infoempleo.com\/infoempleo\/assets\/style\/gfx\/logo.svg\",\"width\":150,\"height\":40,\"caption\":\"Infoempleo\"},\"image\":{\"@id\":\"https:\/\/empresas.infoempleo.com\/hrtrends\/#logo\"},\"sameAs\":[\"https:\/\/www.facebook.com\/Infoempleo\",\"https:\/\/x.com\/infoempleo\",\"http:\/\/instagram.com\/infoempleo\/\",\"http:\/\/www.linkedin.com\/groups\/Empleo-Espa\u00f1a-Infoempleocom-111276\",\"http:\/\/pinterest.com\/infoempleo\/\"],\"address\":{\"@type\":\"PostalAddress\",\"addressLocality\":\"Madrid\",\"postalCode\":\"28050\",\"streetAddress\":\"Avenida de Burgos 114\"},\"brand\":[\"Infoempleo\"]},{\"@type\":\"Person\",\"@id\":\"https:\/\/empresas.infoempleo.com\/hrtrends\/#\/schema\/person\/2a6143806a7d624c0ce5c82696718ee4\",\"name\":\"Jorge Bar\u00f3n\",\"image\":{\"@type\":\"ImageObject\",\"inLanguage\":\"es\",\"@id\":\"https:\/\/empresas.infoempleo.com\/hrtrends\/#\/schema\/person\/image\/\",\"url\":\"https:\/\/secure.gravatar.com\/avatar\/8a580044647f2c46116f67ccacbfa5aaa3b02221b700a4679bef2801ebcaf24e?s=96&d=mm&r=g\",\"contentUrl\":\"https:\/\/secure.gravatar.com\/avatar\/8a580044647f2c46116f67ccacbfa5aaa3b02221b700a4679bef2801ebcaf24e?s=96&d=mm&r=g\",\"caption\":\"Jorge Bar\u00f3n\"},\"url\":\"https:\/\/empresas.infoempleo.com\/hrtrends\/author\/jorge\/\"}]}<\/script>\n<!-- \/ Yoast SEO plugin. -->","yoast_head_json":{"title":"El Contrato \u00danico | HRTRENDS","robots":{"index":"index","follow":"follow","max-snippet":"max-snippet:-1","max-image-preview":"max-image-preview:large","max-video-preview":"max-video-preview:-1"},"canonical":"https:\/\/empresas.infoempleo.com\/hrtrends\/contrato-unico\/","og_locale":"es_ES","og_type":"article","og_title":"El Contrato \u00danico | HRTRENDS","og_description":"En un art\u00edculo anterior habl\u00e1bamos sobre los minijobs como una nueva propuesta contractual para Espa\u00f1a. Recientemente ha aparecido Leer m\u00e1s","og_url":"https:\/\/empresas.infoempleo.com\/hrtrends\/contrato-unico\/","og_site_name":"HRTRENDS","article_publisher":"https:\/\/www.facebook.com\/Infoempleo","article_published_time":"2013-05-21T07:38:51+00:00","article_modified_time":"2024-11-04T12:23:28+00:00","og_image":[{"width":568,"height":258,"url":"https:\/\/empresas.infoempleo.com\/hrtrends\/media\/2013\/05\/contrato-unico.jpg","type":"image\/jpeg"}],"author":"Jorge Bar\u00f3n","twitter_card":"summary_large_image","twitter_creator":"@infoempleo","twitter_site":"@infoempleo","twitter_misc":{"Escrito por":"Jorge Bar\u00f3n","Tiempo de lectura":"3 minutos"},"schema":{"@context":"https:\/\/schema.org","@graph":[{"@type":"NewsArticle","@id":"https:\/\/empresas.infoempleo.com\/hrtrends\/contrato-unico\/#article","isPartOf":{"@id":"https:\/\/empresas.infoempleo.com\/hrtrends\/contrato-unico\/"},"author":{"name":"Jorge Bar\u00f3n","@id":"https:\/\/empresas.infoempleo.com\/hrtrends\/#\/schema\/person\/2a6143806a7d624c0ce5c82696718ee4"},"headline":"El Contrato \u00danico","datePublished":"2013-05-21T07:38:51+00:00","dateModified":"2024-11-04T12:23:28+00:00","mainEntityOfPage":{"@id":"https:\/\/empresas.infoempleo.com\/hrtrends\/contrato-unico\/"},"wordCount":646,"publisher":{"@id":"https:\/\/empresas.infoempleo.com\/hrtrends\/#organization"},"image":{"@id":"https:\/\/empresas.infoempleo.com\/hrtrends\/contrato-unico\/#primaryimage"},"thumbnailUrl":"https:\/\/empresas.infoempleo.com\/hrtrends\/media\/2013\/05\/contrato-unico.jpg","keywords":["contrataci\u00f3n","mercado de trabajo","mercado laboral","reforma laboral"],"articleSection":["Actualidad"],"inLanguage":"es","copyrightYear":"2013","copyrightHolder":{"@id":"https:\/\/empresas.infoempleo.com\/hrtrends\/#organization"}},{"@type":"WebPage","@id":"https:\/\/empresas.infoempleo.com\/hrtrends\/contrato-unico\/","url":"https:\/\/empresas.infoempleo.com\/hrtrends\/contrato-unico\/","name":"El Contrato \u00danico | HRTRENDS","isPartOf":{"@id":"https:\/\/empresas.infoempleo.com\/hrtrends\/#website"},"primaryImageOfPage":{"@id":"https:\/\/empresas.infoempleo.com\/hrtrends\/contrato-unico\/#primaryimage"},"image":{"@id":"https:\/\/empresas.infoempleo.com\/hrtrends\/contrato-unico\/#primaryimage"},"thumbnailUrl":"https:\/\/empresas.infoempleo.com\/hrtrends\/media\/2013\/05\/contrato-unico.jpg","datePublished":"2013-05-21T07:38:51+00:00","dateModified":"2024-11-04T12:23:28+00:00","breadcrumb":{"@id":"https:\/\/empresas.infoempleo.com\/hrtrends\/contrato-unico\/#breadcrumb"},"inLanguage":"es","potentialAction":[{"@type":"ReadAction","target":["https:\/\/empresas.infoempleo.com\/hrtrends\/contrato-unico\/"]}]},{"@type":"ImageObject","inLanguage":"es","@id":"https:\/\/empresas.infoempleo.com\/hrtrends\/contrato-unico\/#primaryimage","url":"https:\/\/empresas.infoempleo.com\/hrtrends\/media\/2013\/05\/contrato-unico-150x150.jpg","contentUrl":"https:\/\/empresas.infoempleo.com\/hrtrends\/media\/2013\/05\/contrato-unico-150x150.jpg","width":150,"height":150,"caption":"El contrato \u00fanico"},{"@type":"BreadcrumbList","@id":"https:\/\/empresas.infoempleo.com\/hrtrends\/contrato-unico\/#breadcrumb","itemListElement":[{"@type":"ListItem","position":1,"name":"Portada","item":"https:\/\/empresas.infoempleo.com\/hrtrends\/"},{"@type":"ListItem","position":2,"name":"El Contrato \u00danico"}]},{"@type":"WebSite","@id":"https:\/\/empresas.infoempleo.com\/hrtrends\/#website","url":"https:\/\/empresas.infoempleo.com\/hrtrends","name":"HRTrends by Infoempleo","description":"","publisher":{"@id":"https:\/\/empresas.infoempleo.com\/hrtrends\/#organization"},"potentialAction":{"@type":"SearchAction","target":"https:\/\/empresas.infoempleo.com\/hrtrends\/?s={search_term_string}","query-input":"required name=search_term_string"},"inLanguage":"es"},{"@type":"Organization","@id":"https:\/\/empresas.infoempleo.com\/hrtrends\/#organization","name":"Infoempleo","url":"https:\/\/www.infoempleo.com\/","logo":{"@type":"ImageObject","@id":"https:\/\/empresas.infoempleo.com\/hrtrends\/#logo","inLanguage":"es","url":"https:\/\/cdnazure.infoempleo.com\/infoempleo\/assets\/style\/gfx\/logo.svg","contentUrl":"https:\/\/cdnazure.infoempleo.com\/infoempleo\/assets\/style\/gfx\/logo.svg","width":150,"height":40,"caption":"Infoempleo"},"image":{"@id":"https:\/\/empresas.infoempleo.com\/hrtrends\/#logo"},"sameAs":["https:\/\/www.facebook.com\/Infoempleo","https:\/\/x.com\/infoempleo","http:\/\/instagram.com\/infoempleo\/","http:\/\/www.linkedin.com\/groups\/Empleo-Espa\u00f1a-Infoempleocom-111276","http:\/\/pinterest.com\/infoempleo\/"],"address":{"@type":"PostalAddress","addressLocality":"Madrid","postalCode":"28050","streetAddress":"Avenida de Burgos 114"},"brand":["Infoempleo"]},{"@type":"Person","@id":"https:\/\/empresas.infoempleo.com\/hrtrends\/#\/schema\/person\/2a6143806a7d624c0ce5c82696718ee4","name":"Jorge Bar\u00f3n","image":{"@type":"ImageObject","inLanguage":"es","@id":"https:\/\/empresas.infoempleo.com\/hrtrends\/#\/schema\/person\/image\/","url":"https:\/\/secure.gravatar.com\/avatar\/8a580044647f2c46116f67ccacbfa5aaa3b02221b700a4679bef2801ebcaf24e?s=96&d=mm&r=g","contentUrl":"https:\/\/secure.gravatar.com\/avatar\/8a580044647f2c46116f67ccacbfa5aaa3b02221b700a4679bef2801ebcaf24e?s=96&d=mm&r=g","caption":"Jorge Bar\u00f3n"},"url":"https:\/\/empresas.infoempleo.com\/hrtrends\/author\/jorge\/"}]}},"amp_enabled":true,"_links":{"self":[{"href":"https:\/\/empresas.infoempleo.com\/hrtrends\/wp-json\/wp\/v2\/posts\/16799","targetHints":{"allow":["GET"]}}],"collection":[{"href":"https:\/\/empresas.infoempleo.com\/hrtrends\/wp-json\/wp\/v2\/posts"}],"about":[{"href":"https:\/\/empresas.infoempleo.com\/hrtrends\/wp-json\/wp\/v2\/types\/post"}],"author":[{"embeddable":true,"href":"https:\/\/empresas.infoempleo.com\/hrtrends\/wp-json\/wp\/v2\/users\/40"}],"replies":[{"embeddable":true,"href":"https:\/\/empresas.infoempleo.com\/hrtrends\/wp-json\/wp\/v2\/comments?post=16799"}],"version-history":[{"count":3,"href":"https:\/\/empresas.infoempleo.com\/hrtrends\/wp-json\/wp\/v2\/posts\/16799\/revisions"}],"predecessor-version":[{"id":45944,"href":"https:\/\/empresas.infoempleo.com\/hrtrends\/wp-json\/wp\/v2\/posts\/16799\/revisions\/45944"}],"wp:featuredmedia":[{"embeddable":true,"href":"https:\/\/empresas.infoempleo.com\/hrtrends\/wp-json\/wp\/v2\/media\/16804"}],"wp:attachment":[{"href":"https:\/\/empresas.infoempleo.com\/hrtrends\/wp-json\/wp\/v2\/media?parent=16799"}],"wp:term":[{"taxonomy":"category","embeddable":true,"href":"https:\/\/empresas.infoempleo.com\/hrtrends\/wp-json\/wp\/v2\/categories?post=16799"},{"taxonomy":"post_tag","embeddable":true,"href":"https:\/\/empresas.infoempleo.com\/hrtrends\/wp-json\/wp\/v2\/tags?post=16799"}],"curies":[{"name":"wp","href":"https:\/\/api.w.org\/{rel}","templated":true}]}}