{"id":16177,"date":"2013-02-11T11:16:16","date_gmt":"2013-02-11T10:16:16","guid":{"rendered":"http:\/\/blog.infoempleo.com\/?p=16177"},"modified":"2025-10-28T17:57:27","modified_gmt":"2025-10-28T15:57:27","slug":"yo-soy-empleo-mas-alla-de-las-palabras","status":"publish","type":"post","link":"https:\/\/empresas.infoempleo.com\/hrtrends\/yo-soy-empleo-mas-alla-de-las-palabras\/","title":{"rendered":"Yo Soy Empleo, m\u00e1s all\u00e1 de las palabras"},"content":{"rendered":"<p>La dif\u00edcil situaci\u00f3n por la que atraviesa el mercado laboral obliga a dejar a un lado las palabras y d<strong>ar un paso al frente con iniciativas concretas y demostrables<\/strong>. BBVA est\u00e1 convencido de que el paro es sin duda el mayor desaf\u00edo que tenemos en nuestro pa\u00eds para salir de la crisis y considera que todas las instituciones, empresas, organizaciones empresariales, sindicatos y sociedad civil en general deben asumir sus responsabilidades y pensar qu\u00e9 puede hacer, cada uno desde su posici\u00f3n, para crear empleo. <strong>Fruto de este compromiso, BBVA lanza Yo Soy Empleo.<\/strong><\/p>\n<p><strong>Yo Soy Empleo<\/strong> se trata de una <strong>iniciativa de apoyo directo a las pymes y aut\u00f3nomos para la creaci\u00f3n de empleo<\/strong> que se fundamenta en tres pilares b\u00e1sicos:<\/p>\n<p>1. Apoyo e inyecci\u00f3n econ\u00f3mica directa a pymes y aut\u00f3nomos para la contrataci\u00f3n de personas desempleadas.<\/p>\n<p>2. Formaci\u00f3n para pymes en escuelas de negocio de referencia en Espa\u00f1a.<\/p>\n<p>3. Servicio completo de intermediaci\u00f3n laboral.<\/p>\n<p>La primera medida de Yo Soy Empleo supone un apoyo directo a pymes y aut\u00f3nomos para que sufraguen parcialmente las primeras n\u00f3minas de aquellos nuevos empleos que creen. El peque\u00f1o empresario o aut\u00f3nomo recibir\u00e1 <strong>3.000\u20ac por cada desempleado que contrate de forma indefinida y 1.500\u20ac por cada contrataci\u00f3n de duraci\u00f3n m\u00ednima de un a\u00f1o.<\/strong><\/p>\n<p>Pero Yo Soy Empleo tambi\u00e9n es formaci\u00f3n porque resulta clave para el crecimiento de las pymes y la generaci\u00f3n de empleo. Grandes escuelas de negocio de referencia en Espa\u00f1a como <strong>ESADE, <a href=\"https:\/\/www.ie.edu\/\/\" target=\"_blank\" rel=\"noopener noreferrer\">Instituto de Empresa<\/a>, Deusto Business School o el <a href=\"https:\/\/www.santelmo.org\/\" target=\"_blank\" rel=\"noopener noreferrer\">Instituto Internacional San Telmo<\/a><\/strong> se han unido a este compromiso e impartir\u00e1n formaci\u00f3n presencial en Gesti\u00f3n Emprendedora a 2.000 pymes seleccionadas. Estos cursos facilitar\u00e1n tambi\u00e9n el networking entre las empresas participantes promoviendo un aut\u00e9ntico ecosistema de apoyo a la pyme generadora de empleo.<\/p>\n<p>En tercer lugar, y donde <a href=\"https:\/\/www.infoempleo.com\/\" target=\"_blank\" rel=\"noopener noreferrer\">Infoempleo.com<\/a> colabora activamente en esta iniciativa, es un <strong>servicio completo de intermediaci\u00f3n laboral que gestiona \u00edntegramente los procesos de reclutamiento de las pymes y aut\u00f3nomos que lo soliciten.<\/strong> Se trata de un servicio de gran valor a\u00f1adido especialmente para aquellas empresas que, por su tama\u00f1o o estructura no cuenta con un personal propio dedicado a la selecci\u00f3n. <a href=\"https:\/\/www.infoempleo.com\/\" target=\"_blank\" rel=\"noopener noreferrer\">Infoempleo.com<\/a> aporta a este proyecto una dilata experiencia en la intermediaci\u00f3n laboral y la consultor\u00eda de recursos humanos, as\u00ed como en el desarrollo de herramientas para la gesti\u00f3n de los procesos de selecci\u00f3n.<\/p>\n<p>La iniciativa que se pone en marcha hoy, tiene como <strong>objetivo de partida crear 10.000 empleos<\/strong> (<a href=\"https:\/\/twitter.com\/search?q=%23empecemospor10000&amp;src=typd\" target=\"_blank\" rel=\"noopener noreferrer\">#empecemospor10000<\/a>) y se articula en torno a la web www.yosoyempleo.es<\/p>\n<p>Yo Soy Empleo nace como un proyecto innovador, diferenciador y novedoso, pero desde la humildad a la que obliga la situaci\u00f3n y la realidad. Es una iniciativa de hechos y compromisos reales, y abierta a que se sumen otras grandes o medianas empresas porque en estos momentos todo suma.<\/p>\n<p><object width=\"560\" height=\"315\" classid=\"clsid:d27cdb6e-ae6d-11cf-96b8-444553540000\" codebase=\"http:\/\/download.macromedia.com\/pub\/shockwave\/cabs\/flash\/swflash.cab#version=6,0,40,0\"><param name=\"allowFullScreen\" value=\"true\" \/><param name=\"allowscriptaccess\" value=\"always\" \/><param name=\"src\" value=\"https:\/\/www.youtube.com\/v\/NG9VHU5Vi6w?version=3&amp;hl=es_ES\" \/><param name=\"allowfullscreen\" value=\"true\" \/><embed width=\"560\" height=\"315\" type=\"application\/x-shockwave-flash\" src=\"https:\/\/www.youtube.com\/v\/NG9VHU5Vi6w?version=3&amp;hl=es_ES\" allowfullscreen=\"allowfullscreen\" allowscriptaccess=\"always\" allowfullscreen=\"allowfullscreen\" \/><\/object><\/p>\n","protected":false},"excerpt":{"rendered":"<p>La dif\u00edcil situaci\u00f3n por la que atraviesa el mercado laboral obliga a dejar a un lado las palabras<a class=\"moretag\" href=\"https:\/\/empresas.infoempleo.com\/hrtrends\/yo-soy-empleo-mas-alla-de-las-palabras\/\"> Leer m\u00e1s<\/a><\/p>\n","protected":false},"author":47,"featured_media":16179,"comment_status":"closed","ping_status":"open","sticky":false,"template":"","format":"standard","meta":{"footnotes":""},"categories":[3],"tags":[718,148,698,482,726,37],"class_list":["post-16177","post","type-post","status-publish","format-standard","has-post-thumbnail","hentry","category-actualidad","tag-autonomos","tag-ayudas","tag-bbva","tag-infoempleo","tag-pymes","tag-trabajo"],"yoast_head":"<!-- This site is optimized with the Yoast SEO plugin v26.1.1 - https:\/\/yoast.com\/wordpress\/plugins\/seo\/ -->\n<title>Yo Soy Empleo, m\u00e1s all\u00e1 de las palabras | HRTRENDS<\/title>\n<meta name=\"robots\" content=\"index, follow, max-snippet:-1, max-image-preview:large, max-video-preview:-1\" \/>\n<link rel=\"canonical\" href=\"https:\/\/empresas.infoempleo.com\/hrtrends\/yo-soy-empleo-mas-alla-de-las-palabras\/\" \/>\n<meta property=\"og:locale\" content=\"es_ES\" \/>\n<meta property=\"og:type\" content=\"article\" \/>\n<meta property=\"og:title\" content=\"Yo Soy Empleo, m\u00e1s all\u00e1 de las palabras | HRTRENDS\" \/>\n<meta property=\"og:description\" content=\"La dif\u00edcil situaci\u00f3n por la que atraviesa el mercado laboral obliga a dejar a un lado las palabras Leer m\u00e1s\" \/>\n<meta property=\"og:url\" content=\"https:\/\/empresas.infoempleo.com\/hrtrends\/yo-soy-empleo-mas-alla-de-las-palabras\/\" \/>\n<meta property=\"og:site_name\" content=\"HRTRENDS\" \/>\n<meta property=\"article:publisher\" content=\"https:\/\/www.facebook.com\/Infoempleo\" \/>\n<meta property=\"article:published_time\" content=\"2013-02-11T10:16:16+00:00\" \/>\n<meta property=\"article:modified_time\" content=\"2025-10-28T15:57:27+00:00\" \/>\n<meta property=\"og:image\" content=\"https:\/\/empresas.infoempleo.com\/hrtrends\/media\/2013\/02\/Yosoyempleo1.jpg\" \/>\n\t<meta property=\"og:image:width\" content=\"568\" \/>\n\t<meta property=\"og:image:height\" content=\"258\" \/>\n\t<meta property=\"og:image:type\" content=\"image\/jpeg\" \/>\n<meta name=\"author\" content=\"Marta Toledano\" \/>\n<meta name=\"twitter:card\" content=\"summary_large_image\" \/>\n<meta name=\"twitter:creator\" content=\"@infoempleo\" \/>\n<meta name=\"twitter:site\" content=\"@infoempleo\" \/>\n<meta name=\"twitter:label1\" content=\"Escrito por\" \/>\n\t<meta name=\"twitter:data1\" content=\"Marta Toledano\" \/>\n\t<meta name=\"twitter:label2\" content=\"Tiempo de lectura\" \/>\n\t<meta name=\"twitter:data2\" content=\"3 minutos\" \/>\n<script type=\"application\/ld+json\" class=\"yoast-schema-graph\">{\"@context\":\"https:\/\/schema.org\",\"@graph\":[{\"@type\":\"NewsArticle\",\"@id\":\"https:\/\/empresas.infoempleo.com\/hrtrends\/yo-soy-empleo-mas-alla-de-las-palabras\/#article\",\"isPartOf\":{\"@id\":\"https:\/\/empresas.infoempleo.com\/hrtrends\/yo-soy-empleo-mas-alla-de-las-palabras\/\"},\"author\":{\"name\":\"Marta Toledano\",\"@id\":\"https:\/\/empresas.infoempleo.com\/hrtrends\/#\/schema\/person\/148d627e345a4676aeecce408bfd7761\"},\"headline\":\"Yo Soy Empleo, m\u00e1s all\u00e1 de las palabras\",\"datePublished\":\"2013-02-11T10:16:16+00:00\",\"dateModified\":\"2025-10-28T15:57:27+00:00\",\"mainEntityOfPage\":{\"@id\":\"https:\/\/empresas.infoempleo.com\/hrtrends\/yo-soy-empleo-mas-alla-de-las-palabras\/\"},\"wordCount\":510,\"publisher\":{\"@id\":\"https:\/\/empresas.infoempleo.com\/hrtrends\/#organization\"},\"image\":{\"@id\":\"https:\/\/empresas.infoempleo.com\/hrtrends\/yo-soy-empleo-mas-alla-de-las-palabras\/#primaryimage\"},\"thumbnailUrl\":\"https:\/\/empresas.infoempleo.com\/hrtrends\/media\/2013\/02\/Yosoyempleo1.jpg\",\"keywords\":[\"Aut\u00f3nomos\",\"ayudas\",\"BBVA\",\"infoempleo\",\"pymes\",\"trabajo\"],\"articleSection\":[\"Actualidad\"],\"inLanguage\":\"es\",\"copyrightYear\":\"2013\",\"copyrightHolder\":{\"@id\":\"https:\/\/empresas.infoempleo.com\/hrtrends\/#organization\"}},{\"@type\":\"WebPage\",\"@id\":\"https:\/\/empresas.infoempleo.com\/hrtrends\/yo-soy-empleo-mas-alla-de-las-palabras\/\",\"url\":\"https:\/\/empresas.infoempleo.com\/hrtrends\/yo-soy-empleo-mas-alla-de-las-palabras\/\",\"name\":\"Yo Soy Empleo, m\u00e1s all\u00e1 de las palabras | HRTRENDS\",\"isPartOf\":{\"@id\":\"https:\/\/empresas.infoempleo.com\/hrtrends\/#website\"},\"primaryImageOfPage\":{\"@id\":\"https:\/\/empresas.infoempleo.com\/hrtrends\/yo-soy-empleo-mas-alla-de-las-palabras\/#primaryimage\"},\"image\":{\"@id\":\"https:\/\/empresas.infoempleo.com\/hrtrends\/yo-soy-empleo-mas-alla-de-las-palabras\/#primaryimage\"},\"thumbnailUrl\":\"https:\/\/empresas.infoempleo.com\/hrtrends\/media\/2013\/02\/Yosoyempleo1.jpg\",\"datePublished\":\"2013-02-11T10:16:16+00:00\",\"dateModified\":\"2025-10-28T15:57:27+00:00\",\"breadcrumb\":{\"@id\":\"https:\/\/empresas.infoempleo.com\/hrtrends\/yo-soy-empleo-mas-alla-de-las-palabras\/#breadcrumb\"},\"inLanguage\":\"es\",\"potentialAction\":[{\"@type\":\"ReadAction\",\"target\":[\"https:\/\/empresas.infoempleo.com\/hrtrends\/yo-soy-empleo-mas-alla-de-las-palabras\/\"]}]},{\"@type\":\"ImageObject\",\"inLanguage\":\"es\",\"@id\":\"https:\/\/empresas.infoempleo.com\/hrtrends\/yo-soy-empleo-mas-alla-de-las-palabras\/#primaryimage\",\"url\":\"https:\/\/empresas.infoempleo.com\/hrtrends\/media\/2013\/02\/Yosoyempleo1-150x150.jpg\",\"contentUrl\":\"https:\/\/empresas.infoempleo.com\/hrtrends\/media\/2013\/02\/Yosoyempleo1-150x150.jpg\",\"width\":150,\"height\":150},{\"@type\":\"BreadcrumbList\",\"@id\":\"https:\/\/empresas.infoempleo.com\/hrtrends\/yo-soy-empleo-mas-alla-de-las-palabras\/#breadcrumb\",\"itemListElement\":[{\"@type\":\"ListItem\",\"position\":1,\"name\":\"Portada\",\"item\":\"https:\/\/empresas.infoempleo.com\/hrtrends\/\"},{\"@type\":\"ListItem\",\"position\":2,\"name\":\"Yo Soy Empleo, m\u00e1s all\u00e1 de las palabras\"}]},{\"@type\":\"WebSite\",\"@id\":\"https:\/\/empresas.infoempleo.com\/hrtrends\/#website\",\"url\":\"https:\/\/empresas.infoempleo.com\/hrtrends\",\"name\":\"HRTrends by Infoempleo\",\"description\":\"\",\"publisher\":{\"@id\":\"https:\/\/empresas.infoempleo.com\/hrtrends\/#organization\"},\"potentialAction\":{\"@type\":\"SearchAction\",\"target\":\"https:\/\/empresas.infoempleo.com\/hrtrends\/?s={search_term_string}\",\"query-input\":\"required name=search_term_string\"},\"inLanguage\":\"es\"},{\"@type\":\"Organization\",\"@id\":\"https:\/\/empresas.infoempleo.com\/hrtrends\/#organization\",\"name\":\"Infoempleo\",\"url\":\"https:\/\/www.infoempleo.com\/\",\"logo\":{\"@type\":\"ImageObject\",\"@id\":\"https:\/\/empresas.infoempleo.com\/hrtrends\/#logo\",\"inLanguage\":\"es\",\"url\":\"https:\/\/cdnazure.infoempleo.com\/infoempleo\/assets\/style\/gfx\/logo.svg\",\"contentUrl\":\"https:\/\/cdnazure.infoempleo.com\/infoempleo\/assets\/style\/gfx\/logo.svg\",\"width\":150,\"height\":40,\"caption\":\"Infoempleo\"},\"image\":{\"@id\":\"https:\/\/empresas.infoempleo.com\/hrtrends\/#logo\"},\"sameAs\":[\"https:\/\/www.facebook.com\/Infoempleo\",\"https:\/\/x.com\/infoempleo\",\"http:\/\/instagram.com\/infoempleo\/\",\"http:\/\/www.linkedin.com\/groups\/Empleo-Espa\u00f1a-Infoempleocom-111276\",\"http:\/\/pinterest.com\/infoempleo\/\"],\"address\":{\"@type\":\"PostalAddress\",\"addressLocality\":\"Madrid\",\"postalCode\":\"28050\",\"streetAddress\":\"Avenida de Burgos 114\"},\"brand\":[\"Infoempleo\"]},{\"@type\":\"Person\",\"@id\":\"https:\/\/empresas.infoempleo.com\/hrtrends\/#\/schema\/person\/148d627e345a4676aeecce408bfd7761\",\"name\":\"Marta Toledano\",\"image\":{\"@type\":\"ImageObject\",\"inLanguage\":\"es\",\"@id\":\"https:\/\/empresas.infoempleo.com\/hrtrends\/#\/schema\/person\/image\/\",\"url\":\"https:\/\/secure.gravatar.com\/avatar\/93363d5d792ee4fc55b75a71007430155fadc7be42b4e09eee0b8f4c536dc729?s=96&d=mm&r=g\",\"contentUrl\":\"https:\/\/secure.gravatar.com\/avatar\/93363d5d792ee4fc55b75a71007430155fadc7be42b4e09eee0b8f4c536dc729?s=96&d=mm&r=g\",\"caption\":\"Marta Toledano\"},\"url\":\"https:\/\/empresas.infoempleo.com\/hrtrends\/author\/marta-toledano\/\"}]}<\/script>\n<!-- \/ Yoast SEO plugin. -->","yoast_head_json":{"title":"Yo Soy Empleo, m\u00e1s all\u00e1 de las palabras | HRTRENDS","robots":{"index":"index","follow":"follow","max-snippet":"max-snippet:-1","max-image-preview":"max-image-preview:large","max-video-preview":"max-video-preview:-1"},"canonical":"https:\/\/empresas.infoempleo.com\/hrtrends\/yo-soy-empleo-mas-alla-de-las-palabras\/","og_locale":"es_ES","og_type":"article","og_title":"Yo Soy Empleo, m\u00e1s all\u00e1 de las palabras | HRTRENDS","og_description":"La dif\u00edcil situaci\u00f3n por la que atraviesa el mercado laboral obliga a dejar a un lado las palabras Leer m\u00e1s","og_url":"https:\/\/empresas.infoempleo.com\/hrtrends\/yo-soy-empleo-mas-alla-de-las-palabras\/","og_site_name":"HRTRENDS","article_publisher":"https:\/\/www.facebook.com\/Infoempleo","article_published_time":"2013-02-11T10:16:16+00:00","article_modified_time":"2025-10-28T15:57:27+00:00","og_image":[{"width":568,"height":258,"url":"https:\/\/empresas.infoempleo.com\/hrtrends\/media\/2013\/02\/Yosoyempleo1.jpg","type":"image\/jpeg"}],"author":"Marta Toledano","twitter_card":"summary_large_image","twitter_creator":"@infoempleo","twitter_site":"@infoempleo","twitter_misc":{"Escrito por":"Marta Toledano","Tiempo de lectura":"3 minutos"},"schema":{"@context":"https:\/\/schema.org","@graph":[{"@type":"NewsArticle","@id":"https:\/\/empresas.infoempleo.com\/hrtrends\/yo-soy-empleo-mas-alla-de-las-palabras\/#article","isPartOf":{"@id":"https:\/\/empresas.infoempleo.com\/hrtrends\/yo-soy-empleo-mas-alla-de-las-palabras\/"},"author":{"name":"Marta Toledano","@id":"https:\/\/empresas.infoempleo.com\/hrtrends\/#\/schema\/person\/148d627e345a4676aeecce408bfd7761"},"headline":"Yo Soy Empleo, m\u00e1s all\u00e1 de las palabras","datePublished":"2013-02-11T10:16:16+00:00","dateModified":"2025-10-28T15:57:27+00:00","mainEntityOfPage":{"@id":"https:\/\/empresas.infoempleo.com\/hrtrends\/yo-soy-empleo-mas-alla-de-las-palabras\/"},"wordCount":510,"publisher":{"@id":"https:\/\/empresas.infoempleo.com\/hrtrends\/#organization"},"image":{"@id":"https:\/\/empresas.infoempleo.com\/hrtrends\/yo-soy-empleo-mas-alla-de-las-palabras\/#primaryimage"},"thumbnailUrl":"https:\/\/empresas.infoempleo.com\/hrtrends\/media\/2013\/02\/Yosoyempleo1.jpg","keywords":["Aut\u00f3nomos","ayudas","BBVA","infoempleo","pymes","trabajo"],"articleSection":["Actualidad"],"inLanguage":"es","copyrightYear":"2013","copyrightHolder":{"@id":"https:\/\/empresas.infoempleo.com\/hrtrends\/#organization"}},{"@type":"WebPage","@id":"https:\/\/empresas.infoempleo.com\/hrtrends\/yo-soy-empleo-mas-alla-de-las-palabras\/","url":"https:\/\/empresas.infoempleo.com\/hrtrends\/yo-soy-empleo-mas-alla-de-las-palabras\/","name":"Yo Soy Empleo, m\u00e1s all\u00e1 de las palabras | HRTRENDS","isPartOf":{"@id":"https:\/\/empresas.infoempleo.com\/hrtrends\/#website"},"primaryImageOfPage":{"@id":"https:\/\/empresas.infoempleo.com\/hrtrends\/yo-soy-empleo-mas-alla-de-las-palabras\/#primaryimage"},"image":{"@id":"https:\/\/empresas.infoempleo.com\/hrtrends\/yo-soy-empleo-mas-alla-de-las-palabras\/#primaryimage"},"thumbnailUrl":"https:\/\/empresas.infoempleo.com\/hrtrends\/media\/2013\/02\/Yosoyempleo1.jpg","datePublished":"2013-02-11T10:16:16+00:00","dateModified":"2025-10-28T15:57:27+00:00","breadcrumb":{"@id":"https:\/\/empresas.infoempleo.com\/hrtrends\/yo-soy-empleo-mas-alla-de-las-palabras\/#breadcrumb"},"inLanguage":"es","potentialAction":[{"@type":"ReadAction","target":["https:\/\/empresas.infoempleo.com\/hrtrends\/yo-soy-empleo-mas-alla-de-las-palabras\/"]}]},{"@type":"ImageObject","inLanguage":"es","@id":"https:\/\/empresas.infoempleo.com\/hrtrends\/yo-soy-empleo-mas-alla-de-las-palabras\/#primaryimage","url":"https:\/\/empresas.infoempleo.com\/hrtrends\/media\/2013\/02\/Yosoyempleo1-150x150.jpg","contentUrl":"https:\/\/empresas.infoempleo.com\/hrtrends\/media\/2013\/02\/Yosoyempleo1-150x150.jpg","width":150,"height":150},{"@type":"BreadcrumbList","@id":"https:\/\/empresas.infoempleo.com\/hrtrends\/yo-soy-empleo-mas-alla-de-las-palabras\/#breadcrumb","itemListElement":[{"@type":"ListItem","position":1,"name":"Portada","item":"https:\/\/empresas.infoempleo.com\/hrtrends\/"},{"@type":"ListItem","position":2,"name":"Yo Soy Empleo, m\u00e1s all\u00e1 de las palabras"}]},{"@type":"WebSite","@id":"https:\/\/empresas.infoempleo.com\/hrtrends\/#website","url":"https:\/\/empresas.infoempleo.com\/hrtrends","name":"HRTrends by Infoempleo","description":"","publisher":{"@id":"https:\/\/empresas.infoempleo.com\/hrtrends\/#organization"},"potentialAction":{"@type":"SearchAction","target":"https:\/\/empresas.infoempleo.com\/hrtrends\/?s={search_term_string}","query-input":"required name=search_term_string"},"inLanguage":"es"},{"@type":"Organization","@id":"https:\/\/empresas.infoempleo.com\/hrtrends\/#organization","name":"Infoempleo","url":"https:\/\/www.infoempleo.com\/","logo":{"@type":"ImageObject","@id":"https:\/\/empresas.infoempleo.com\/hrtrends\/#logo","inLanguage":"es","url":"https:\/\/cdnazure.infoempleo.com\/infoempleo\/assets\/style\/gfx\/logo.svg","contentUrl":"https:\/\/cdnazure.infoempleo.com\/infoempleo\/assets\/style\/gfx\/logo.svg","width":150,"height":40,"caption":"Infoempleo"},"image":{"@id":"https:\/\/empresas.infoempleo.com\/hrtrends\/#logo"},"sameAs":["https:\/\/www.facebook.com\/Infoempleo","https:\/\/x.com\/infoempleo","http:\/\/instagram.com\/infoempleo\/","http:\/\/www.linkedin.com\/groups\/Empleo-Espa\u00f1a-Infoempleocom-111276","http:\/\/pinterest.com\/infoempleo\/"],"address":{"@type":"PostalAddress","addressLocality":"Madrid","postalCode":"28050","streetAddress":"Avenida de Burgos 114"},"brand":["Infoempleo"]},{"@type":"Person","@id":"https:\/\/empresas.infoempleo.com\/hrtrends\/#\/schema\/person\/148d627e345a4676aeecce408bfd7761","name":"Marta Toledano","image":{"@type":"ImageObject","inLanguage":"es","@id":"https:\/\/empresas.infoempleo.com\/hrtrends\/#\/schema\/person\/image\/","url":"https:\/\/secure.gravatar.com\/avatar\/93363d5d792ee4fc55b75a71007430155fadc7be42b4e09eee0b8f4c536dc729?s=96&d=mm&r=g","contentUrl":"https:\/\/secure.gravatar.com\/avatar\/93363d5d792ee4fc55b75a71007430155fadc7be42b4e09eee0b8f4c536dc729?s=96&d=mm&r=g","caption":"Marta Toledano"},"url":"https:\/\/empresas.infoempleo.com\/hrtrends\/author\/marta-toledano\/"}]}},"amp_enabled":true,"_links":{"self":[{"href":"https:\/\/empresas.infoempleo.com\/hrtrends\/wp-json\/wp\/v2\/posts\/16177","targetHints":{"allow":["GET"]}}],"collection":[{"href":"https:\/\/empresas.infoempleo.com\/hrtrends\/wp-json\/wp\/v2\/posts"}],"about":[{"href":"https:\/\/empresas.infoempleo.com\/hrtrends\/wp-json\/wp\/v2\/types\/post"}],"author":[{"embeddable":true,"href":"https:\/\/empresas.infoempleo.com\/hrtrends\/wp-json\/wp\/v2\/users\/47"}],"replies":[{"embeddable":true,"href":"https:\/\/empresas.infoempleo.com\/hrtrends\/wp-json\/wp\/v2\/comments?post=16177"}],"version-history":[{"count":5,"href":"https:\/\/empresas.infoempleo.com\/hrtrends\/wp-json\/wp\/v2\/posts\/16177\/revisions"}],"predecessor-version":[{"id":47194,"href":"https:\/\/empresas.infoempleo.com\/hrtrends\/wp-json\/wp\/v2\/posts\/16177\/revisions\/47194"}],"wp:featuredmedia":[{"embeddable":true,"href":"https:\/\/empresas.infoempleo.com\/hrtrends\/wp-json\/wp\/v2\/media\/16179"}],"wp:attachment":[{"href":"https:\/\/empresas.infoempleo.com\/hrtrends\/wp-json\/wp\/v2\/media?parent=16177"}],"wp:term":[{"taxonomy":"category","embeddable":true,"href":"https:\/\/empresas.infoempleo.com\/hrtrends\/wp-json\/wp\/v2\/categories?post=16177"},{"taxonomy":"post_tag","embeddable":true,"href":"https:\/\/empresas.infoempleo.com\/hrtrends\/wp-json\/wp\/v2\/tags?post=16177"}],"curies":[{"name":"wp","href":"https:\/\/api.w.org\/{rel}","templated":true}]}}