{"id":16119,"date":"2013-02-06T09:30:50","date_gmt":"2013-02-06T08:30:50","guid":{"rendered":"http:\/\/blog.infoempleo.com\/?p=16119"},"modified":"2018-05-23T17:02:20","modified_gmt":"2018-05-23T15:02:20","slug":"infoempleo-pregunta-a-territorio-creativo","status":"publish","type":"post","link":"https:\/\/empresas.infoempleo.com\/hrtrends\/infoempleo-pregunta-a-territorio-creativo\/","title":{"rendered":"Infoempleo pregunta a&#8230; \u00a1Territorio Creativo!"},"content":{"rendered":"<p>Cuando en 1997 dos de los hermanos Polo fundaron una peque\u00f1a empresa de dise\u00f1o gr\u00e1fico, probablemente no pensaban que tan solo unos a\u00f1os despu\u00e9s, la irrefrenable ola de Internet iba a cambiar su visi\u00f3n del negocio, su \u00e1mbito de trabajo y hasta su manera de desarrollarlo. <a href=\"https:\/\/www.goodrebels.com\/\" target=\"_blank\"><strong>Territorio Creativo<\/strong><\/a> es, m\u00e1s de tres lustros despu\u00e9s, una de las agencias de <strong>social media marketing<\/strong> m\u00e1s destacadas dentro y fuera de nuestras fronteras. La integran m\u00e1s de 60 trabajadores y destaca, desde el punto de vista de los recursos humanos, por su <strong>formaci\u00f3n &#8216;in company&#8217;<\/strong> y el compromiso con sus empleados, apoyando su aprendizaje y evoluci\u00f3n profesional.<\/p>\n<p>Pero, \u00bfqu\u00e9 hay que hacer para trabajar en el \u00e1mbito del social media y el marketing online? \u00bfQu\u00e9 perfiles se est\u00e1n demandando? \u00bfC\u00f3mo podemos llamar la atenci\u00f3n de los reclutadores de este sector? Hemos querido pregunt\u00e1rselo a <strong>Alba Burillo<\/strong> que trabaja en el departamento de <strong>cultura y gesti\u00f3n del talento<\/strong> en Territorio Creativo. Con su ayuda, vamos a intentar contestar a estas preguntas:<\/p>\n<p>\u00bfQu\u00e9 perfiles demandan empresas como Territorio Creativo?<\/p>\n<ul>\n<li><strong>Community Managers<\/strong>\u00a0o responsables de comunidades online: personas capaces de comunicar, de relacionarse y de tener empat\u00eda con un p\u00fablico al que no ven, pero que interact\u00faa, habla y te observa. &#8216;Geeks&#8217; de las redes sociales y curiosos de todas las novedades que surgen en este \u00e1mbito.<\/li>\n<li><strong>Analistas web<\/strong>: el &#8216;ojo que todo lo ve&#8217; podr\u00edamos decir. Individuos que sepan recopilar datos, registrarlos e interpretarlos. Personas a las que las tablas excell no les resulten aburridas, sino todo lo contrario.<\/li>\n<li><strong>Social Media Strategists<\/strong>: o estrategas en toda regla. Audaces pero comedidos al mismo tiempo. Personas con capacidad de planificar labores, de coordinarlas y desempe\u00f1arlas con efectividad.<\/li>\n<li><strong>Dise\u00f1adores<\/strong>: creativos, imaginativos, con gusto por la imagen y el entorno visual. Amantes del Photoshop y sus variantes.<\/li>\n<li>Pero tambi\u00e9n, <strong>comunicadores<\/strong>, <strong>creadores de contenidos<\/strong>, <strong>reclutadores<\/strong> de talento, <strong>creativos<\/strong>&#8230;<\/li>\n<\/ul>\n<p>\u00bfC\u00f3mo llamar la atenci\u00f3n de estas empresas?<\/p>\n<ul>\n<li>Cuidando aquello del <strong>personal branding<\/strong>\u00a0o <strong>marca personal<\/strong>.<\/li>\n<li>Siendo activo en tus perfiles sociales y demostrando en estos canales online la pasi\u00f3n por tu profesi\u00f3n. De qu\u00e9 hablas, c\u00f3mo y por qu\u00e9 ser\u00e1 lo que observen con detenimiento los <strong>reclutadores 2.0.<\/strong><\/li>\n<li>Siguiendo en redes sociales a las empresas que te interesan. Interactuando con ellas.<\/li>\n<li>Estando atento a los <strong>portales de empleo<\/strong> y sus ofertas, para ser el primero en inscribirte en una de ellas.<\/li>\n<\/ul>\n<p>\u00abUn <strong>curr\u00edculum<\/strong> en papel simplemente es archivado en un caj\u00f3n; un e-mail no hace m\u00e1s que llenar un buz\u00f3n&#8230;\u00bb dec\u00eda Alba. \u00a1No te pierdas su entrevista! \ud83d\ude09<\/p>\n<p><iframe loading=\"lazy\" src=\"http:\/\/player.vimeo.com\/video\/58968141\" height=\"281\" width=\"500\" allowfullscreen=\"\" frameborder=\"0\"><\/iframe><\/p>\n","protected":false},"excerpt":{"rendered":"<p>Cuando en 1997 dos de los hermanos Polo fundaron una peque\u00f1a empresa de dise\u00f1o gr\u00e1fico, probablemente no pensaban<a class=\"moretag\" href=\"https:\/\/empresas.infoempleo.com\/hrtrends\/infoempleo-pregunta-a-territorio-creativo\/\"> Leer m\u00e1s<\/a><\/p>\n","protected":false},"author":74,"featured_media":17256,"comment_status":"closed","ping_status":"open","sticky":false,"template":"","format":"standard","meta":{"footnotes":""},"categories":[3],"tags":[162,143],"class_list":["post-16119","post","type-post","status-publish","format-standard","has-post-thumbnail","hentry","category-actualidad","tag-empleo","tag-entrevista-2"],"yoast_head":"<!-- This site is optimized with the Yoast SEO plugin v26.1.1 - https:\/\/yoast.com\/wordpress\/plugins\/seo\/ -->\n<title>Infoempleo pregunta a... \u00a1Territorio Creativo! | HRTRENDS<\/title>\n<meta name=\"robots\" content=\"index, follow, max-snippet:-1, max-image-preview:large, max-video-preview:-1\" \/>\n<link rel=\"canonical\" href=\"https:\/\/empresas.infoempleo.com\/hrtrends\/infoempleo-pregunta-a-territorio-creativo\/\" \/>\n<meta property=\"og:locale\" content=\"es_ES\" \/>\n<meta property=\"og:type\" content=\"article\" \/>\n<meta property=\"og:title\" content=\"Infoempleo pregunta a... \u00a1Territorio Creativo! | HRTRENDS\" \/>\n<meta property=\"og:description\" content=\"Cuando en 1997 dos de los hermanos Polo fundaron una peque\u00f1a empresa de dise\u00f1o gr\u00e1fico, probablemente no pensaban Leer m\u00e1s\" \/>\n<meta property=\"og:url\" content=\"https:\/\/empresas.infoempleo.com\/hrtrends\/infoempleo-pregunta-a-territorio-creativo\/\" \/>\n<meta property=\"og:site_name\" content=\"HRTRENDS\" \/>\n<meta property=\"article:publisher\" content=\"https:\/\/www.facebook.com\/Infoempleo\" \/>\n<meta property=\"article:published_time\" content=\"2013-02-06T08:30:50+00:00\" \/>\n<meta property=\"article:modified_time\" content=\"2018-05-23T15:02:20+00:00\" \/>\n<meta property=\"og:image\" content=\"https:\/\/empresas.infoempleo.com\/hrtrends\/media\/2013\/07\/tcblog.jpg\" \/>\n\t<meta property=\"og:image:width\" content=\"568\" \/>\n\t<meta property=\"og:image:height\" content=\"258\" \/>\n\t<meta property=\"og:image:type\" content=\"image\/jpeg\" \/>\n<meta name=\"author\" content=\"gina\" \/>\n<meta name=\"twitter:card\" content=\"summary_large_image\" \/>\n<meta name=\"twitter:creator\" content=\"@infoempleo\" \/>\n<meta name=\"twitter:site\" content=\"@infoempleo\" \/>\n<meta name=\"twitter:label1\" content=\"Escrito por\" \/>\n\t<meta name=\"twitter:data1\" content=\"gina\" \/>\n\t<meta name=\"twitter:label2\" content=\"Tiempo de lectura\" \/>\n\t<meta name=\"twitter:data2\" content=\"2 minutos\" \/>\n<script type=\"application\/ld+json\" class=\"yoast-schema-graph\">{\"@context\":\"https:\/\/schema.org\",\"@graph\":[{\"@type\":\"NewsArticle\",\"@id\":\"https:\/\/empresas.infoempleo.com\/hrtrends\/infoempleo-pregunta-a-territorio-creativo\/#article\",\"isPartOf\":{\"@id\":\"https:\/\/empresas.infoempleo.com\/hrtrends\/infoempleo-pregunta-a-territorio-creativo\/\"},\"author\":{\"name\":\"gina\",\"@id\":\"https:\/\/empresas.infoempleo.com\/hrtrends\/#\/schema\/person\/b825b549a2a2b94ea88ab8a091b9dfdd\"},\"headline\":\"Infoempleo pregunta a&#8230; \u00a1Territorio Creativo!\",\"datePublished\":\"2013-02-06T08:30:50+00:00\",\"dateModified\":\"2018-05-23T15:02:20+00:00\",\"mainEntityOfPage\":{\"@id\":\"https:\/\/empresas.infoempleo.com\/hrtrends\/infoempleo-pregunta-a-territorio-creativo\/\"},\"wordCount\":451,\"publisher\":{\"@id\":\"https:\/\/empresas.infoempleo.com\/hrtrends\/#organization\"},\"image\":{\"@id\":\"https:\/\/empresas.infoempleo.com\/hrtrends\/infoempleo-pregunta-a-territorio-creativo\/#primaryimage\"},\"thumbnailUrl\":\"https:\/\/empresas.infoempleo.com\/hrtrends\/media\/2013\/07\/tcblog.jpg\",\"keywords\":[\"Empleo\",\"entrevista\"],\"articleSection\":[\"Actualidad\"],\"inLanguage\":\"es\",\"copyrightYear\":\"2013\",\"copyrightHolder\":{\"@id\":\"https:\/\/empresas.infoempleo.com\/hrtrends\/#organization\"}},{\"@type\":\"WebPage\",\"@id\":\"https:\/\/empresas.infoempleo.com\/hrtrends\/infoempleo-pregunta-a-territorio-creativo\/\",\"url\":\"https:\/\/empresas.infoempleo.com\/hrtrends\/infoempleo-pregunta-a-territorio-creativo\/\",\"name\":\"Infoempleo pregunta a... \u00a1Territorio Creativo! | HRTRENDS\",\"isPartOf\":{\"@id\":\"https:\/\/empresas.infoempleo.com\/hrtrends\/#website\"},\"primaryImageOfPage\":{\"@id\":\"https:\/\/empresas.infoempleo.com\/hrtrends\/infoempleo-pregunta-a-territorio-creativo\/#primaryimage\"},\"image\":{\"@id\":\"https:\/\/empresas.infoempleo.com\/hrtrends\/infoempleo-pregunta-a-territorio-creativo\/#primaryimage\"},\"thumbnailUrl\":\"https:\/\/empresas.infoempleo.com\/hrtrends\/media\/2013\/07\/tcblog.jpg\",\"datePublished\":\"2013-02-06T08:30:50+00:00\",\"dateModified\":\"2018-05-23T15:02:20+00:00\",\"breadcrumb\":{\"@id\":\"https:\/\/empresas.infoempleo.com\/hrtrends\/infoempleo-pregunta-a-territorio-creativo\/#breadcrumb\"},\"inLanguage\":\"es\",\"potentialAction\":[{\"@type\":\"ReadAction\",\"target\":[\"https:\/\/empresas.infoempleo.com\/hrtrends\/infoempleo-pregunta-a-territorio-creativo\/\"]}]},{\"@type\":\"ImageObject\",\"inLanguage\":\"es\",\"@id\":\"https:\/\/empresas.infoempleo.com\/hrtrends\/infoempleo-pregunta-a-territorio-creativo\/#primaryimage\",\"url\":\"https:\/\/empresas.infoempleo.com\/hrtrends\/media\/2013\/07\/tcblog-150x150.jpg\",\"contentUrl\":\"https:\/\/empresas.infoempleo.com\/hrtrends\/media\/2013\/07\/tcblog-150x150.jpg\",\"width\":150,\"height\":150},{\"@type\":\"BreadcrumbList\",\"@id\":\"https:\/\/empresas.infoempleo.com\/hrtrends\/infoempleo-pregunta-a-territorio-creativo\/#breadcrumb\",\"itemListElement\":[{\"@type\":\"ListItem\",\"position\":1,\"name\":\"Portada\",\"item\":\"https:\/\/empresas.infoempleo.com\/hrtrends\/\"},{\"@type\":\"ListItem\",\"position\":2,\"name\":\"Infoempleo pregunta a&#8230; \u00a1Territorio Creativo!\"}]},{\"@type\":\"WebSite\",\"@id\":\"https:\/\/empresas.infoempleo.com\/hrtrends\/#website\",\"url\":\"https:\/\/empresas.infoempleo.com\/hrtrends\",\"name\":\"HRTrends by Infoempleo\",\"description\":\"\",\"publisher\":{\"@id\":\"https:\/\/empresas.infoempleo.com\/hrtrends\/#organization\"},\"potentialAction\":{\"@type\":\"SearchAction\",\"target\":\"https:\/\/empresas.infoempleo.com\/hrtrends\/?s={search_term_string}\",\"query-input\":\"required name=search_term_string\"},\"inLanguage\":\"es\"},{\"@type\":\"Organization\",\"@id\":\"https:\/\/empresas.infoempleo.com\/hrtrends\/#organization\",\"name\":\"Infoempleo\",\"url\":\"https:\/\/www.infoempleo.com\/\",\"logo\":{\"@type\":\"ImageObject\",\"@id\":\"https:\/\/empresas.infoempleo.com\/hrtrends\/#logo\",\"inLanguage\":\"es\",\"url\":\"https:\/\/cdnazure.infoempleo.com\/infoempleo\/assets\/style\/gfx\/logo.svg\",\"contentUrl\":\"https:\/\/cdnazure.infoempleo.com\/infoempleo\/assets\/style\/gfx\/logo.svg\",\"width\":150,\"height\":40,\"caption\":\"Infoempleo\"},\"image\":{\"@id\":\"https:\/\/empresas.infoempleo.com\/hrtrends\/#logo\"},\"sameAs\":[\"https:\/\/www.facebook.com\/Infoempleo\",\"https:\/\/x.com\/infoempleo\",\"http:\/\/instagram.com\/infoempleo\/\",\"http:\/\/www.linkedin.com\/groups\/Empleo-Espa\u00f1a-Infoempleocom-111276\",\"http:\/\/pinterest.com\/infoempleo\/\"],\"address\":{\"@type\":\"PostalAddress\",\"addressLocality\":\"Madrid\",\"postalCode\":\"28050\",\"streetAddress\":\"Avenida de Burgos 114\"},\"brand\":[\"Infoempleo\"]},{\"@type\":\"Person\",\"@id\":\"https:\/\/empresas.infoempleo.com\/hrtrends\/#\/schema\/person\/b825b549a2a2b94ea88ab8a091b9dfdd\",\"name\":\"gina\",\"image\":{\"@type\":\"ImageObject\",\"inLanguage\":\"es\",\"@id\":\"https:\/\/empresas.infoempleo.com\/hrtrends\/#\/schema\/person\/image\/\",\"url\":\"https:\/\/secure.gravatar.com\/avatar\/?s=96&d=mm&r=g\",\"contentUrl\":\"https:\/\/secure.gravatar.com\/avatar\/?s=96&d=mm&r=g\",\"caption\":\"gina\"},\"url\":\"https:\/\/empresas.infoempleo.com\/hrtrends\/author\/gina\/\"}]}<\/script>\n<!-- \/ Yoast SEO plugin. -->","yoast_head_json":{"title":"Infoempleo pregunta a... \u00a1Territorio Creativo! | HRTRENDS","robots":{"index":"index","follow":"follow","max-snippet":"max-snippet:-1","max-image-preview":"max-image-preview:large","max-video-preview":"max-video-preview:-1"},"canonical":"https:\/\/empresas.infoempleo.com\/hrtrends\/infoempleo-pregunta-a-territorio-creativo\/","og_locale":"es_ES","og_type":"article","og_title":"Infoempleo pregunta a... \u00a1Territorio Creativo! | HRTRENDS","og_description":"Cuando en 1997 dos de los hermanos Polo fundaron una peque\u00f1a empresa de dise\u00f1o gr\u00e1fico, probablemente no pensaban Leer m\u00e1s","og_url":"https:\/\/empresas.infoempleo.com\/hrtrends\/infoempleo-pregunta-a-territorio-creativo\/","og_site_name":"HRTRENDS","article_publisher":"https:\/\/www.facebook.com\/Infoempleo","article_published_time":"2013-02-06T08:30:50+00:00","article_modified_time":"2018-05-23T15:02:20+00:00","og_image":[{"width":568,"height":258,"url":"https:\/\/empresas.infoempleo.com\/hrtrends\/media\/2013\/07\/tcblog.jpg","type":"image\/jpeg"}],"author":"gina","twitter_card":"summary_large_image","twitter_creator":"@infoempleo","twitter_site":"@infoempleo","twitter_misc":{"Escrito por":"gina","Tiempo de lectura":"2 minutos"},"schema":{"@context":"https:\/\/schema.org","@graph":[{"@type":"NewsArticle","@id":"https:\/\/empresas.infoempleo.com\/hrtrends\/infoempleo-pregunta-a-territorio-creativo\/#article","isPartOf":{"@id":"https:\/\/empresas.infoempleo.com\/hrtrends\/infoempleo-pregunta-a-territorio-creativo\/"},"author":{"name":"gina","@id":"https:\/\/empresas.infoempleo.com\/hrtrends\/#\/schema\/person\/b825b549a2a2b94ea88ab8a091b9dfdd"},"headline":"Infoempleo pregunta a&#8230; \u00a1Territorio Creativo!","datePublished":"2013-02-06T08:30:50+00:00","dateModified":"2018-05-23T15:02:20+00:00","mainEntityOfPage":{"@id":"https:\/\/empresas.infoempleo.com\/hrtrends\/infoempleo-pregunta-a-territorio-creativo\/"},"wordCount":451,"publisher":{"@id":"https:\/\/empresas.infoempleo.com\/hrtrends\/#organization"},"image":{"@id":"https:\/\/empresas.infoempleo.com\/hrtrends\/infoempleo-pregunta-a-territorio-creativo\/#primaryimage"},"thumbnailUrl":"https:\/\/empresas.infoempleo.com\/hrtrends\/media\/2013\/07\/tcblog.jpg","keywords":["Empleo","entrevista"],"articleSection":["Actualidad"],"inLanguage":"es","copyrightYear":"2013","copyrightHolder":{"@id":"https:\/\/empresas.infoempleo.com\/hrtrends\/#organization"}},{"@type":"WebPage","@id":"https:\/\/empresas.infoempleo.com\/hrtrends\/infoempleo-pregunta-a-territorio-creativo\/","url":"https:\/\/empresas.infoempleo.com\/hrtrends\/infoempleo-pregunta-a-territorio-creativo\/","name":"Infoempleo pregunta a... \u00a1Territorio Creativo! | HRTRENDS","isPartOf":{"@id":"https:\/\/empresas.infoempleo.com\/hrtrends\/#website"},"primaryImageOfPage":{"@id":"https:\/\/empresas.infoempleo.com\/hrtrends\/infoempleo-pregunta-a-territorio-creativo\/#primaryimage"},"image":{"@id":"https:\/\/empresas.infoempleo.com\/hrtrends\/infoempleo-pregunta-a-territorio-creativo\/#primaryimage"},"thumbnailUrl":"https:\/\/empresas.infoempleo.com\/hrtrends\/media\/2013\/07\/tcblog.jpg","datePublished":"2013-02-06T08:30:50+00:00","dateModified":"2018-05-23T15:02:20+00:00","breadcrumb":{"@id":"https:\/\/empresas.infoempleo.com\/hrtrends\/infoempleo-pregunta-a-territorio-creativo\/#breadcrumb"},"inLanguage":"es","potentialAction":[{"@type":"ReadAction","target":["https:\/\/empresas.infoempleo.com\/hrtrends\/infoempleo-pregunta-a-territorio-creativo\/"]}]},{"@type":"ImageObject","inLanguage":"es","@id":"https:\/\/empresas.infoempleo.com\/hrtrends\/infoempleo-pregunta-a-territorio-creativo\/#primaryimage","url":"https:\/\/empresas.infoempleo.com\/hrtrends\/media\/2013\/07\/tcblog-150x150.jpg","contentUrl":"https:\/\/empresas.infoempleo.com\/hrtrends\/media\/2013\/07\/tcblog-150x150.jpg","width":150,"height":150},{"@type":"BreadcrumbList","@id":"https:\/\/empresas.infoempleo.com\/hrtrends\/infoempleo-pregunta-a-territorio-creativo\/#breadcrumb","itemListElement":[{"@type":"ListItem","position":1,"name":"Portada","item":"https:\/\/empresas.infoempleo.com\/hrtrends\/"},{"@type":"ListItem","position":2,"name":"Infoempleo pregunta a&#8230; \u00a1Territorio Creativo!"}]},{"@type":"WebSite","@id":"https:\/\/empresas.infoempleo.com\/hrtrends\/#website","url":"https:\/\/empresas.infoempleo.com\/hrtrends","name":"HRTrends by Infoempleo","description":"","publisher":{"@id":"https:\/\/empresas.infoempleo.com\/hrtrends\/#organization"},"potentialAction":{"@type":"SearchAction","target":"https:\/\/empresas.infoempleo.com\/hrtrends\/?s={search_term_string}","query-input":"required name=search_term_string"},"inLanguage":"es"},{"@type":"Organization","@id":"https:\/\/empresas.infoempleo.com\/hrtrends\/#organization","name":"Infoempleo","url":"https:\/\/www.infoempleo.com\/","logo":{"@type":"ImageObject","@id":"https:\/\/empresas.infoempleo.com\/hrtrends\/#logo","inLanguage":"es","url":"https:\/\/cdnazure.infoempleo.com\/infoempleo\/assets\/style\/gfx\/logo.svg","contentUrl":"https:\/\/cdnazure.infoempleo.com\/infoempleo\/assets\/style\/gfx\/logo.svg","width":150,"height":40,"caption":"Infoempleo"},"image":{"@id":"https:\/\/empresas.infoempleo.com\/hrtrends\/#logo"},"sameAs":["https:\/\/www.facebook.com\/Infoempleo","https:\/\/x.com\/infoempleo","http:\/\/instagram.com\/infoempleo\/","http:\/\/www.linkedin.com\/groups\/Empleo-Espa\u00f1a-Infoempleocom-111276","http:\/\/pinterest.com\/infoempleo\/"],"address":{"@type":"PostalAddress","addressLocality":"Madrid","postalCode":"28050","streetAddress":"Avenida de Burgos 114"},"brand":["Infoempleo"]},{"@type":"Person","@id":"https:\/\/empresas.infoempleo.com\/hrtrends\/#\/schema\/person\/b825b549a2a2b94ea88ab8a091b9dfdd","name":"gina","image":{"@type":"ImageObject","inLanguage":"es","@id":"https:\/\/empresas.infoempleo.com\/hrtrends\/#\/schema\/person\/image\/","url":"https:\/\/secure.gravatar.com\/avatar\/?s=96&d=mm&r=g","contentUrl":"https:\/\/secure.gravatar.com\/avatar\/?s=96&d=mm&r=g","caption":"gina"},"url":"https:\/\/empresas.infoempleo.com\/hrtrends\/author\/gina\/"}]}},"amp_enabled":true,"_links":{"self":[{"href":"https:\/\/empresas.infoempleo.com\/hrtrends\/wp-json\/wp\/v2\/posts\/16119","targetHints":{"allow":["GET"]}}],"collection":[{"href":"https:\/\/empresas.infoempleo.com\/hrtrends\/wp-json\/wp\/v2\/posts"}],"about":[{"href":"https:\/\/empresas.infoempleo.com\/hrtrends\/wp-json\/wp\/v2\/types\/post"}],"author":[{"embeddable":true,"href":"https:\/\/empresas.infoempleo.com\/hrtrends\/wp-json\/wp\/v2\/users\/74"}],"replies":[{"embeddable":true,"href":"https:\/\/empresas.infoempleo.com\/hrtrends\/wp-json\/wp\/v2\/comments?post=16119"}],"version-history":[{"count":0,"href":"https:\/\/empresas.infoempleo.com\/hrtrends\/wp-json\/wp\/v2\/posts\/16119\/revisions"}],"wp:featuredmedia":[{"embeddable":true,"href":"https:\/\/empresas.infoempleo.com\/hrtrends\/wp-json\/wp\/v2\/media\/17256"}],"wp:attachment":[{"href":"https:\/\/empresas.infoempleo.com\/hrtrends\/wp-json\/wp\/v2\/media?parent=16119"}],"wp:term":[{"taxonomy":"category","embeddable":true,"href":"https:\/\/empresas.infoempleo.com\/hrtrends\/wp-json\/wp\/v2\/categories?post=16119"},{"taxonomy":"post_tag","embeddable":true,"href":"https:\/\/empresas.infoempleo.com\/hrtrends\/wp-json\/wp\/v2\/tags?post=16119"}],"curies":[{"name":"wp","href":"https:\/\/api.w.org\/{rel}","templated":true}]}}