{"id":15985,"date":"2013-01-11T10:25:29","date_gmt":"2013-01-11T09:25:29","guid":{"rendered":"http:\/\/blog.infoempleo.com\/?p=15985"},"modified":"2018-05-23T17:02:59","modified_gmt":"2018-05-23T15:02:59","slug":"tus-propositos-para-2013","status":"publish","type":"post","link":"https:\/\/empresas.infoempleo.com\/hrtrends\/tus-propositos-para-2013\/","title":{"rendered":"Tus prop\u00f3sitos para 2013"},"content":{"rendered":"<p>Acaba de iniciarse un nuevo a\u00f1o y con \u00e9l una nueva lista de prop\u00f3sitos y deseos que cumplir en este 2013. <strong>En la lista de la gran mayor\u00eda de los espa\u00f1oles estar\u00e1 el encontrar un empleo o mantener el que se tiene.<\/strong> La situaci\u00f3n es muy complicada, desesperada en algunos casos, pero hay que seguir\u00a0intent\u00e1ndolo\u00a0y luchando por lo que queremos.<\/p>\n<p>En esta situaci\u00f3n tan dif\u00edcil por la que atraviesa el mercado de trabajo es complicado dar consejos por no decir imposible, pero vamos a intentar aportar algunas claves para ayudaros a cumplir vuestros buenos prop\u00f3sitos.<\/p>\n<p><strong>Si est\u00e1s buscando empleo es importante:<\/strong><\/p>\n<p>&#8211; <strong>Tener claro en qu\u00e9 sectores o puestos te gustar\u00eda\u00a0trabajar\u00a0en funci\u00f3n de tu formaci\u00f3n o intereses.<\/strong> Es muy importante que seas realista. No aspires a puestos que no encajan con tu curriculum o experiencia porque s\u00f3lo servir\u00e1 para llevarte decepciones.<\/p>\n<p>&#8211; Redactar un <strong>curriculum<\/strong> en el que de manera clara y sencilla quede plasmada toda tu experiencia y formaci\u00f3n. Incluye todos los datos que creas que pueden resultar interesantes para el puesto al que optas.<\/p>\n<p>&#8211; Elaborar una <strong>carta de presentaci\u00f3n<\/strong> en la que expreses tu inter\u00e9s por el puesto y la empresa, adem\u00e1s de cuales son tus cualidades y expectativas.<\/p>\n<p>&#8211; <strong>Mantener actualizado tu perfil<\/strong> en los diferentes portales de empleo en los que est\u00e9s inscrito para que cada vez que te inscribas a una oferta las empresas reciban la informaci\u00f3n m\u00e1s correcta posible.<\/p>\n<p>&#8211; Crearte un perfil en las principales <strong>redes sociales<\/strong> por dos motivos: primero, \u00a0porque actualmente ya muchas ofertas de empleo se mueven directamente por estas redes y as\u00ed no perder\u00e1s ni una oportunidad. Y segundo, porque estas herramientas te permitir\u00e1n mostrar todas tus habilidades y capacidades. Seg\u00fan el <a href=\"https:\/\/www.slideshare.net\/InfoempleoSlide\/i-informe-infoempleo-sobre-redes-sociales-y-mercado-de-trabajo-en-espaa\" target=\"_blank\">I Informe Infoempleo sobre Redes Sociales y Mercado de Trabajo<\/a>, ya un 80% de los responsables de recursos humanos investigan la informaci\u00f3n social de sus candidatos durante los procesos de selecci\u00f3n.<\/p>\n<p>&#8211; <strong>Prepara siempre las entrevistas<\/strong> de trabajo a las que asistas.\u00a0Inf\u00f3rmate\u00a0de la\u00a0actividad\u00a0de la empresa para poder demostrar tu inter\u00e9s por trabajar all\u00ed.<\/p>\n<p>&#8211; <strong>Mejora tus conocimientos de idiomas e inform\u00e1tica<\/strong>, son dos materias de las que nunca se sabe lo suficiente, y que en un gran cantidad de puestos son altamente\u00a0recomendables\u00a0y necesarias.<\/p>\n<p><strong>Si tu prop\u00f3sito para 2013 es mantener tu empleo actual, tambi\u00e9n podemos hablar de algunas claves:<\/strong><\/p>\n<p>&#8211; <strong>Mantener siempre una actitud positiva y proactiva<\/strong>. El ambiente actualmente en muchos centros de trabajo es muy complicado y tenso por eso es m\u00e1s importante que nunca afrontar los problemas con una buena actitud que permita superarlos.<\/p>\n<p>&#8211; <strong>Ser capaz de adaptarse a los cambios.<\/strong> En estos momentos las empresas se ven obligadas a realizar\u00a0ajustes\u00a0y reestructuraciones que pueden cambiar las funciones habituales de tu puesto, lo mejor es aceptarlas con la mayor naturalidad y ser flexible.<\/p>\n<p>&#8211;<strong> No dejar de formarse.<\/strong> Las empresas valoran m\u00e1s que nunca a los empleados que actualizan sus conocimientos y que se adaptan mejor a la evoluci\u00f3n de las empresas.<\/p>\n<p>&#8211; <strong>Comprometerse con la empresa y cumplir con los objetivos que se marquen.<\/strong><\/p>\n<p>\u00a1Mucha suerte con vuestros prop\u00f3sitos!<\/p>\n","protected":false},"excerpt":{"rendered":"<p>Acaba de iniciarse un nuevo a\u00f1o y con \u00e9l una nueva lista de prop\u00f3sitos y deseos que cumplir<a class=\"moretag\" href=\"https:\/\/empresas.infoempleo.com\/hrtrends\/tus-propositos-para-2013\/\"> Leer m\u00e1s<\/a><\/p>\n","protected":false},"author":47,"featured_media":15990,"comment_status":"closed","ping_status":"open","sticky":false,"template":"","format":"standard","meta":{"footnotes":""},"categories":[3],"tags":[162,18,37],"class_list":["post-15985","post","type-post","status-publish","format-standard","has-post-thumbnail","hentry","category-actualidad","tag-empleo","tag-empresa","tag-trabajo"],"yoast_head":"<!-- This site is optimized with the Yoast SEO plugin v26.1.1 - https:\/\/yoast.com\/wordpress\/plugins\/seo\/ -->\n<title>Tus prop\u00f3sitos para 2013 | HRTRENDS<\/title>\n<meta name=\"robots\" content=\"index, follow, max-snippet:-1, max-image-preview:large, max-video-preview:-1\" \/>\n<link rel=\"canonical\" href=\"https:\/\/empresas.infoempleo.com\/hrtrends\/tus-propositos-para-2013\/\" \/>\n<meta property=\"og:locale\" content=\"es_ES\" \/>\n<meta property=\"og:type\" content=\"article\" \/>\n<meta property=\"og:title\" content=\"Tus prop\u00f3sitos para 2013 | HRTRENDS\" \/>\n<meta property=\"og:description\" content=\"Acaba de iniciarse un nuevo a\u00f1o y con \u00e9l una nueva lista de prop\u00f3sitos y deseos que cumplir Leer m\u00e1s\" \/>\n<meta property=\"og:url\" content=\"https:\/\/empresas.infoempleo.com\/hrtrends\/tus-propositos-para-2013\/\" \/>\n<meta property=\"og:site_name\" content=\"HRTRENDS\" \/>\n<meta property=\"article:publisher\" content=\"https:\/\/www.facebook.com\/Infoempleo\" \/>\n<meta property=\"article:published_time\" content=\"2013-01-11T09:25:29+00:00\" \/>\n<meta property=\"article:modified_time\" content=\"2018-05-23T15:02:59+00:00\" \/>\n<meta property=\"og:image\" content=\"https:\/\/empresas.infoempleo.com\/hrtrends\/media\/2013\/01\/2013.jpg\" \/>\n\t<meta property=\"og:image:width\" content=\"568\" \/>\n\t<meta property=\"og:image:height\" content=\"258\" \/>\n\t<meta property=\"og:image:type\" content=\"image\/jpeg\" \/>\n<meta name=\"author\" content=\"Marta Toledano\" \/>\n<meta name=\"twitter:card\" content=\"summary_large_image\" \/>\n<meta name=\"twitter:creator\" content=\"@infoempleo\" \/>\n<meta name=\"twitter:site\" content=\"@infoempleo\" \/>\n<meta name=\"twitter:label1\" content=\"Escrito por\" \/>\n\t<meta name=\"twitter:data1\" content=\"Marta Toledano\" \/>\n\t<meta name=\"twitter:label2\" content=\"Tiempo de lectura\" \/>\n\t<meta name=\"twitter:data2\" content=\"3 minutos\" \/>\n<script type=\"application\/ld+json\" class=\"yoast-schema-graph\">{\"@context\":\"https:\/\/schema.org\",\"@graph\":[{\"@type\":\"NewsArticle\",\"@id\":\"https:\/\/empresas.infoempleo.com\/hrtrends\/tus-propositos-para-2013\/#article\",\"isPartOf\":{\"@id\":\"https:\/\/empresas.infoempleo.com\/hrtrends\/tus-propositos-para-2013\/\"},\"author\":{\"name\":\"Marta Toledano\",\"@id\":\"https:\/\/empresas.infoempleo.com\/hrtrends\/#\/schema\/person\/148d627e345a4676aeecce408bfd7761\"},\"headline\":\"Tus prop\u00f3sitos para 2013\",\"datePublished\":\"2013-01-11T09:25:29+00:00\",\"dateModified\":\"2018-05-23T15:02:59+00:00\",\"mainEntityOfPage\":{\"@id\":\"https:\/\/empresas.infoempleo.com\/hrtrends\/tus-propositos-para-2013\/\"},\"wordCount\":555,\"publisher\":{\"@id\":\"https:\/\/empresas.infoempleo.com\/hrtrends\/#organization\"},\"image\":{\"@id\":\"https:\/\/empresas.infoempleo.com\/hrtrends\/tus-propositos-para-2013\/#primaryimage\"},\"thumbnailUrl\":\"https:\/\/empresas.infoempleo.com\/hrtrends\/media\/2013\/01\/2013.jpg\",\"keywords\":[\"Empleo\",\"empresa\",\"trabajo\"],\"articleSection\":[\"Actualidad\"],\"inLanguage\":\"es\",\"copyrightYear\":\"2013\",\"copyrightHolder\":{\"@id\":\"https:\/\/empresas.infoempleo.com\/hrtrends\/#organization\"}},{\"@type\":\"WebPage\",\"@id\":\"https:\/\/empresas.infoempleo.com\/hrtrends\/tus-propositos-para-2013\/\",\"url\":\"https:\/\/empresas.infoempleo.com\/hrtrends\/tus-propositos-para-2013\/\",\"name\":\"Tus prop\u00f3sitos para 2013 | HRTRENDS\",\"isPartOf\":{\"@id\":\"https:\/\/empresas.infoempleo.com\/hrtrends\/#website\"},\"primaryImageOfPage\":{\"@id\":\"https:\/\/empresas.infoempleo.com\/hrtrends\/tus-propositos-para-2013\/#primaryimage\"},\"image\":{\"@id\":\"https:\/\/empresas.infoempleo.com\/hrtrends\/tus-propositos-para-2013\/#primaryimage\"},\"thumbnailUrl\":\"https:\/\/empresas.infoempleo.com\/hrtrends\/media\/2013\/01\/2013.jpg\",\"datePublished\":\"2013-01-11T09:25:29+00:00\",\"dateModified\":\"2018-05-23T15:02:59+00:00\",\"breadcrumb\":{\"@id\":\"https:\/\/empresas.infoempleo.com\/hrtrends\/tus-propositos-para-2013\/#breadcrumb\"},\"inLanguage\":\"es\",\"potentialAction\":[{\"@type\":\"ReadAction\",\"target\":[\"https:\/\/empresas.infoempleo.com\/hrtrends\/tus-propositos-para-2013\/\"]}]},{\"@type\":\"ImageObject\",\"inLanguage\":\"es\",\"@id\":\"https:\/\/empresas.infoempleo.com\/hrtrends\/tus-propositos-para-2013\/#primaryimage\",\"url\":\"https:\/\/empresas.infoempleo.com\/hrtrends\/media\/2013\/01\/2013-150x150.jpg\",\"contentUrl\":\"https:\/\/empresas.infoempleo.com\/hrtrends\/media\/2013\/01\/2013-150x150.jpg\",\"width\":150,\"height\":150},{\"@type\":\"BreadcrumbList\",\"@id\":\"https:\/\/empresas.infoempleo.com\/hrtrends\/tus-propositos-para-2013\/#breadcrumb\",\"itemListElement\":[{\"@type\":\"ListItem\",\"position\":1,\"name\":\"Portada\",\"item\":\"https:\/\/empresas.infoempleo.com\/hrtrends\/\"},{\"@type\":\"ListItem\",\"position\":2,\"name\":\"Tus prop\u00f3sitos para 2013\"}]},{\"@type\":\"WebSite\",\"@id\":\"https:\/\/empresas.infoempleo.com\/hrtrends\/#website\",\"url\":\"https:\/\/empresas.infoempleo.com\/hrtrends\",\"name\":\"HRTrends by Infoempleo\",\"description\":\"\",\"publisher\":{\"@id\":\"https:\/\/empresas.infoempleo.com\/hrtrends\/#organization\"},\"potentialAction\":{\"@type\":\"SearchAction\",\"target\":\"https:\/\/empresas.infoempleo.com\/hrtrends\/?s={search_term_string}\",\"query-input\":\"required name=search_term_string\"},\"inLanguage\":\"es\"},{\"@type\":\"Organization\",\"@id\":\"https:\/\/empresas.infoempleo.com\/hrtrends\/#organization\",\"name\":\"Infoempleo\",\"url\":\"https:\/\/www.infoempleo.com\/\",\"logo\":{\"@type\":\"ImageObject\",\"@id\":\"https:\/\/empresas.infoempleo.com\/hrtrends\/#logo\",\"inLanguage\":\"es\",\"url\":\"https:\/\/cdnazure.infoempleo.com\/infoempleo\/assets\/style\/gfx\/logo.svg\",\"contentUrl\":\"https:\/\/cdnazure.infoempleo.com\/infoempleo\/assets\/style\/gfx\/logo.svg\",\"width\":150,\"height\":40,\"caption\":\"Infoempleo\"},\"image\":{\"@id\":\"https:\/\/empresas.infoempleo.com\/hrtrends\/#logo\"},\"sameAs\":[\"https:\/\/www.facebook.com\/Infoempleo\",\"https:\/\/x.com\/infoempleo\",\"http:\/\/instagram.com\/infoempleo\/\",\"http:\/\/www.linkedin.com\/groups\/Empleo-Espa\u00f1a-Infoempleocom-111276\",\"http:\/\/pinterest.com\/infoempleo\/\"],\"address\":{\"@type\":\"PostalAddress\",\"addressLocality\":\"Madrid\",\"postalCode\":\"28050\",\"streetAddress\":\"Avenida de Burgos 114\"},\"brand\":[\"Infoempleo\"]},{\"@type\":\"Person\",\"@id\":\"https:\/\/empresas.infoempleo.com\/hrtrends\/#\/schema\/person\/148d627e345a4676aeecce408bfd7761\",\"name\":\"Marta Toledano\",\"image\":{\"@type\":\"ImageObject\",\"inLanguage\":\"es\",\"@id\":\"https:\/\/empresas.infoempleo.com\/hrtrends\/#\/schema\/person\/image\/\",\"url\":\"https:\/\/secure.gravatar.com\/avatar\/93363d5d792ee4fc55b75a71007430155fadc7be42b4e09eee0b8f4c536dc729?s=96&d=mm&r=g\",\"contentUrl\":\"https:\/\/secure.gravatar.com\/avatar\/93363d5d792ee4fc55b75a71007430155fadc7be42b4e09eee0b8f4c536dc729?s=96&d=mm&r=g\",\"caption\":\"Marta Toledano\"},\"url\":\"https:\/\/empresas.infoempleo.com\/hrtrends\/author\/marta-toledano\/\"}]}<\/script>\n<!-- \/ Yoast SEO plugin. -->","yoast_head_json":{"title":"Tus prop\u00f3sitos para 2013 | HRTRENDS","robots":{"index":"index","follow":"follow","max-snippet":"max-snippet:-1","max-image-preview":"max-image-preview:large","max-video-preview":"max-video-preview:-1"},"canonical":"https:\/\/empresas.infoempleo.com\/hrtrends\/tus-propositos-para-2013\/","og_locale":"es_ES","og_type":"article","og_title":"Tus prop\u00f3sitos para 2013 | HRTRENDS","og_description":"Acaba de iniciarse un nuevo a\u00f1o y con \u00e9l una nueva lista de prop\u00f3sitos y deseos que cumplir Leer m\u00e1s","og_url":"https:\/\/empresas.infoempleo.com\/hrtrends\/tus-propositos-para-2013\/","og_site_name":"HRTRENDS","article_publisher":"https:\/\/www.facebook.com\/Infoempleo","article_published_time":"2013-01-11T09:25:29+00:00","article_modified_time":"2018-05-23T15:02:59+00:00","og_image":[{"width":568,"height":258,"url":"https:\/\/empresas.infoempleo.com\/hrtrends\/media\/2013\/01\/2013.jpg","type":"image\/jpeg"}],"author":"Marta Toledano","twitter_card":"summary_large_image","twitter_creator":"@infoempleo","twitter_site":"@infoempleo","twitter_misc":{"Escrito por":"Marta Toledano","Tiempo de lectura":"3 minutos"},"schema":{"@context":"https:\/\/schema.org","@graph":[{"@type":"NewsArticle","@id":"https:\/\/empresas.infoempleo.com\/hrtrends\/tus-propositos-para-2013\/#article","isPartOf":{"@id":"https:\/\/empresas.infoempleo.com\/hrtrends\/tus-propositos-para-2013\/"},"author":{"name":"Marta Toledano","@id":"https:\/\/empresas.infoempleo.com\/hrtrends\/#\/schema\/person\/148d627e345a4676aeecce408bfd7761"},"headline":"Tus prop\u00f3sitos para 2013","datePublished":"2013-01-11T09:25:29+00:00","dateModified":"2018-05-23T15:02:59+00:00","mainEntityOfPage":{"@id":"https:\/\/empresas.infoempleo.com\/hrtrends\/tus-propositos-para-2013\/"},"wordCount":555,"publisher":{"@id":"https:\/\/empresas.infoempleo.com\/hrtrends\/#organization"},"image":{"@id":"https:\/\/empresas.infoempleo.com\/hrtrends\/tus-propositos-para-2013\/#primaryimage"},"thumbnailUrl":"https:\/\/empresas.infoempleo.com\/hrtrends\/media\/2013\/01\/2013.jpg","keywords":["Empleo","empresa","trabajo"],"articleSection":["Actualidad"],"inLanguage":"es","copyrightYear":"2013","copyrightHolder":{"@id":"https:\/\/empresas.infoempleo.com\/hrtrends\/#organization"}},{"@type":"WebPage","@id":"https:\/\/empresas.infoempleo.com\/hrtrends\/tus-propositos-para-2013\/","url":"https:\/\/empresas.infoempleo.com\/hrtrends\/tus-propositos-para-2013\/","name":"Tus prop\u00f3sitos para 2013 | HRTRENDS","isPartOf":{"@id":"https:\/\/empresas.infoempleo.com\/hrtrends\/#website"},"primaryImageOfPage":{"@id":"https:\/\/empresas.infoempleo.com\/hrtrends\/tus-propositos-para-2013\/#primaryimage"},"image":{"@id":"https:\/\/empresas.infoempleo.com\/hrtrends\/tus-propositos-para-2013\/#primaryimage"},"thumbnailUrl":"https:\/\/empresas.infoempleo.com\/hrtrends\/media\/2013\/01\/2013.jpg","datePublished":"2013-01-11T09:25:29+00:00","dateModified":"2018-05-23T15:02:59+00:00","breadcrumb":{"@id":"https:\/\/empresas.infoempleo.com\/hrtrends\/tus-propositos-para-2013\/#breadcrumb"},"inLanguage":"es","potentialAction":[{"@type":"ReadAction","target":["https:\/\/empresas.infoempleo.com\/hrtrends\/tus-propositos-para-2013\/"]}]},{"@type":"ImageObject","inLanguage":"es","@id":"https:\/\/empresas.infoempleo.com\/hrtrends\/tus-propositos-para-2013\/#primaryimage","url":"https:\/\/empresas.infoempleo.com\/hrtrends\/media\/2013\/01\/2013-150x150.jpg","contentUrl":"https:\/\/empresas.infoempleo.com\/hrtrends\/media\/2013\/01\/2013-150x150.jpg","width":150,"height":150},{"@type":"BreadcrumbList","@id":"https:\/\/empresas.infoempleo.com\/hrtrends\/tus-propositos-para-2013\/#breadcrumb","itemListElement":[{"@type":"ListItem","position":1,"name":"Portada","item":"https:\/\/empresas.infoempleo.com\/hrtrends\/"},{"@type":"ListItem","position":2,"name":"Tus prop\u00f3sitos para 2013"}]},{"@type":"WebSite","@id":"https:\/\/empresas.infoempleo.com\/hrtrends\/#website","url":"https:\/\/empresas.infoempleo.com\/hrtrends","name":"HRTrends by Infoempleo","description":"","publisher":{"@id":"https:\/\/empresas.infoempleo.com\/hrtrends\/#organization"},"potentialAction":{"@type":"SearchAction","target":"https:\/\/empresas.infoempleo.com\/hrtrends\/?s={search_term_string}","query-input":"required name=search_term_string"},"inLanguage":"es"},{"@type":"Organization","@id":"https:\/\/empresas.infoempleo.com\/hrtrends\/#organization","name":"Infoempleo","url":"https:\/\/www.infoempleo.com\/","logo":{"@type":"ImageObject","@id":"https:\/\/empresas.infoempleo.com\/hrtrends\/#logo","inLanguage":"es","url":"https:\/\/cdnazure.infoempleo.com\/infoempleo\/assets\/style\/gfx\/logo.svg","contentUrl":"https:\/\/cdnazure.infoempleo.com\/infoempleo\/assets\/style\/gfx\/logo.svg","width":150,"height":40,"caption":"Infoempleo"},"image":{"@id":"https:\/\/empresas.infoempleo.com\/hrtrends\/#logo"},"sameAs":["https:\/\/www.facebook.com\/Infoempleo","https:\/\/x.com\/infoempleo","http:\/\/instagram.com\/infoempleo\/","http:\/\/www.linkedin.com\/groups\/Empleo-Espa\u00f1a-Infoempleocom-111276","http:\/\/pinterest.com\/infoempleo\/"],"address":{"@type":"PostalAddress","addressLocality":"Madrid","postalCode":"28050","streetAddress":"Avenida de Burgos 114"},"brand":["Infoempleo"]},{"@type":"Person","@id":"https:\/\/empresas.infoempleo.com\/hrtrends\/#\/schema\/person\/148d627e345a4676aeecce408bfd7761","name":"Marta Toledano","image":{"@type":"ImageObject","inLanguage":"es","@id":"https:\/\/empresas.infoempleo.com\/hrtrends\/#\/schema\/person\/image\/","url":"https:\/\/secure.gravatar.com\/avatar\/93363d5d792ee4fc55b75a71007430155fadc7be42b4e09eee0b8f4c536dc729?s=96&d=mm&r=g","contentUrl":"https:\/\/secure.gravatar.com\/avatar\/93363d5d792ee4fc55b75a71007430155fadc7be42b4e09eee0b8f4c536dc729?s=96&d=mm&r=g","caption":"Marta Toledano"},"url":"https:\/\/empresas.infoempleo.com\/hrtrends\/author\/marta-toledano\/"}]}},"amp_enabled":true,"_links":{"self":[{"href":"https:\/\/empresas.infoempleo.com\/hrtrends\/wp-json\/wp\/v2\/posts\/15985","targetHints":{"allow":["GET"]}}],"collection":[{"href":"https:\/\/empresas.infoempleo.com\/hrtrends\/wp-json\/wp\/v2\/posts"}],"about":[{"href":"https:\/\/empresas.infoempleo.com\/hrtrends\/wp-json\/wp\/v2\/types\/post"}],"author":[{"embeddable":true,"href":"https:\/\/empresas.infoempleo.com\/hrtrends\/wp-json\/wp\/v2\/users\/47"}],"replies":[{"embeddable":true,"href":"https:\/\/empresas.infoempleo.com\/hrtrends\/wp-json\/wp\/v2\/comments?post=15985"}],"version-history":[{"count":0,"href":"https:\/\/empresas.infoempleo.com\/hrtrends\/wp-json\/wp\/v2\/posts\/15985\/revisions"}],"wp:featuredmedia":[{"embeddable":true,"href":"https:\/\/empresas.infoempleo.com\/hrtrends\/wp-json\/wp\/v2\/media\/15990"}],"wp:attachment":[{"href":"https:\/\/empresas.infoempleo.com\/hrtrends\/wp-json\/wp\/v2\/media?parent=15985"}],"wp:term":[{"taxonomy":"category","embeddable":true,"href":"https:\/\/empresas.infoempleo.com\/hrtrends\/wp-json\/wp\/v2\/categories?post=15985"},{"taxonomy":"post_tag","embeddable":true,"href":"https:\/\/empresas.infoempleo.com\/hrtrends\/wp-json\/wp\/v2\/tags?post=15985"}],"curies":[{"name":"wp","href":"https:\/\/api.w.org\/{rel}","templated":true}]}}