{"id":15875,"date":"2012-12-10T11:07:27","date_gmt":"2012-12-10T10:07:27","guid":{"rendered":"http:\/\/blog.infoempleo.com\/?p=15875"},"modified":"2018-05-23T17:03:00","modified_gmt":"2018-05-23T15:03:00","slug":"la-tasa-gallardon","status":"publish","type":"post","link":"https:\/\/empresas.infoempleo.com\/hrtrends\/la-tasa-gallardon\/","title":{"rendered":"La &#8216;Tasa Gallard\u00f3n&#8217;"},"content":{"rendered":"<p><img loading=\"lazy\" decoding=\"async\" class=\"alignnone  wp-image-15877\" title=\"Francisco Conde y Ana Campos\" src=\"https:\/\/empresas.infoempleo.com\/hrtrends\/media\/2012\/12\/FcoCondeAnaCampos1.jpg\" alt=\"\" width=\"139\" height=\"105\" \/><\/p>\n<h3>Francisco Conde y Ana Campos, expertos del \u00e1rea laboral del despacho Cuatrecasas, Gon\u00e7alves Pereira.<\/h3>\n<p>El pasado 22 de noviembre ha entrado en vigor la Ley 10\/2012, que introduce la obligaci\u00f3n de abonar determinadas tasas judiciales, tambi\u00e9n en la jurisdicci\u00f3n social. Al margen de la precipitaci\u00f3n en su entrada en vigor, que ha producido el efecto para muchos positivo de su falta de efectividad pr\u00e1ctica por no haberse aprobado los correspondientes modelos de autoliquidaci\u00f3n, estas pol\u00e9micas tasas plantean \u2013al menos, a priori\u2013 el <strong>delicado problema del equilibrio entre el acceso a la justicia, por un lado, y, de otro, los fines que persigue la norma, que en teor\u00eda son la racionalizaci\u00f3n\u00a0\u00a0del ejercicio de dicho derecho y la mejora de la financiaci\u00f3n del sistema judicial<\/strong>, cuya saturaci\u00f3n y falta de recursos se vienen padeciendo desde hace d\u00e9cadas.<\/p>\n<p>Parece razonable, en principio, que esa mejora de la financiaci\u00f3n del sistema corra en alguna medida a cargo de quien solicite sus servicios; por eso se ha recurrido a la figura de la tasa directa, tributo cuyo hecho imponible ha de ser la prestaci\u00f3n de servicios. El Tribunal Constitucional se ha manifestado, con ocasi\u00f3n de otras tasas similares, a favor de su constitucionalidad; eso s\u00ed, lo ha hecho siempre que no constituyan una barrera desproporcionada que impida u obstaculice\u00a0\u00a0de manera irrazonable el acceso a la jurisdicci\u00f3n. Ahora tendr\u00e1 ocasi\u00f3n de volver a pronunciarse con los recursos presentados.<\/p>\n<p><strong>En la jurisdicci\u00f3n social ya hab\u00eda que ingresar antes a la Hacienda P\u00fablica 500 euros para recurrir en suplica ante el correspondiente Tribunal Superior de Justicia, o 750 euros para hacerlo en casaci\u00f3n ante el Tribunal Supremo. A esas sumas habr\u00e1 que a\u00f1adir desde ahora un importe variable<\/strong>, calculado en funci\u00f3n de la cuant\u00eda del pleito: aplicando un 0,5% sobre su importe hasta un mill\u00f3n de euros y un 0,25% sobre el exceso. Los trabajadores tienen derecho a una exenci\u00f3n del 60% de esta tasa, que incluso ser\u00eda total para los beneficiarios del derecho a la asistencia jur\u00eddica gratuita.<\/p>\n<p>Esta modulaci\u00f3n de tan controvertidas tasas en atenci\u00f3n a la posici\u00f3n a menudo econ\u00f3micamente d\u00e9bil de los trabajadores busca el equilibrio que deber\u00eda perseguir cualquier medida de este tipo. Asimismo, est\u00e1n exentos los procedimientos especiales de protecci\u00f3n de derechos fundamentales.<\/p>\n<p><strong>La ley, en teor\u00eda, vendr\u00e1 a descargar a los tribunales de lo social de recursos superfluos \u2013incluso a veces abusivos\u2013, cuya tasa no quiera pagar quien los insta.<\/strong> Con todo, ser\u00eda injusto terminar este comentario sin destacar la considerable carga econ\u00f3mica\u00a0que supone la tasa para el recurrente, peso que se une a los otros costes que ya conllevaba\u00a0de por s\u00ed el procedimiento judicial.<\/p>\n","protected":false},"excerpt":{"rendered":"<p>Francisco Conde y Ana Campos, expertos del \u00e1rea laboral del despacho Cuatrecasas, Gon\u00e7alves Pereira. El pasado 22 de<a class=\"moretag\" href=\"https:\/\/empresas.infoempleo.com\/hrtrends\/la-tasa-gallardon\/\"> Leer m\u00e1s<\/a><\/p>\n","protected":false},"author":72,"featured_media":15878,"comment_status":"closed","ping_status":"open","sticky":false,"template":"","format":"standard","meta":{"footnotes":""},"categories":[3],"tags":[2554,2555,2556],"class_list":["post-15875","post","type-post","status-publish","format-standard","has-post-thumbnail","hentry","category-actualidad","tag-justicia","tag-tasas","tag-tribunales"],"yoast_head":"<!-- This site is optimized with the Yoast SEO plugin v26.1.1 - https:\/\/yoast.com\/wordpress\/plugins\/seo\/ -->\n<title>La &#039;Tasa Gallard\u00f3n&#039; | HRTRENDS<\/title>\n<meta name=\"robots\" content=\"index, follow, max-snippet:-1, max-image-preview:large, max-video-preview:-1\" \/>\n<link rel=\"canonical\" href=\"https:\/\/empresas.infoempleo.com\/hrtrends\/la-tasa-gallardon\/\" \/>\n<meta property=\"og:locale\" content=\"es_ES\" \/>\n<meta property=\"og:type\" content=\"article\" \/>\n<meta property=\"og:title\" content=\"La &#039;Tasa Gallard\u00f3n&#039; | HRTRENDS\" \/>\n<meta property=\"og:description\" content=\"Francisco Conde y Ana Campos, expertos del \u00e1rea laboral del despacho Cuatrecasas, Gon\u00e7alves Pereira. El pasado 22 de Leer m\u00e1s\" \/>\n<meta property=\"og:url\" content=\"https:\/\/empresas.infoempleo.com\/hrtrends\/la-tasa-gallardon\/\" \/>\n<meta property=\"og:site_name\" content=\"HRTRENDS\" \/>\n<meta property=\"article:publisher\" content=\"https:\/\/www.facebook.com\/Infoempleo\" \/>\n<meta property=\"article:published_time\" content=\"2012-12-10T10:07:27+00:00\" \/>\n<meta property=\"article:modified_time\" content=\"2018-05-23T15:03:00+00:00\" \/>\n<meta property=\"og:image\" content=\"https:\/\/empresas.infoempleo.com\/hrtrends\/media\/2012\/12\/Tasas.jpg\" \/>\n\t<meta property=\"og:image:width\" content=\"568\" \/>\n\t<meta property=\"og:image:height\" content=\"258\" \/>\n\t<meta property=\"og:image:type\" content=\"image\/jpeg\" \/>\n<meta name=\"author\" content=\"infoempleo\" \/>\n<meta name=\"twitter:card\" content=\"summary_large_image\" \/>\n<meta name=\"twitter:creator\" content=\"@infoempleo\" \/>\n<meta name=\"twitter:site\" content=\"@infoempleo\" \/>\n<meta name=\"twitter:label1\" content=\"Escrito por\" \/>\n\t<meta name=\"twitter:data1\" content=\"infoempleo\" \/>\n\t<meta name=\"twitter:label2\" content=\"Tiempo de lectura\" \/>\n\t<meta name=\"twitter:data2\" content=\"2 minutos\" \/>\n<script type=\"application\/ld+json\" class=\"yoast-schema-graph\">{\"@context\":\"https:\/\/schema.org\",\"@graph\":[{\"@type\":\"NewsArticle\",\"@id\":\"https:\/\/empresas.infoempleo.com\/hrtrends\/la-tasa-gallardon\/#article\",\"isPartOf\":{\"@id\":\"https:\/\/empresas.infoempleo.com\/hrtrends\/la-tasa-gallardon\/\"},\"author\":{\"name\":\"infoempleo\",\"@id\":\"https:\/\/empresas.infoempleo.com\/hrtrends\/#\/schema\/person\/67d3e276ffcc8b3ae0ebec816daf775a\"},\"headline\":\"La &#8216;Tasa Gallard\u00f3n&#8217;\",\"datePublished\":\"2012-12-10T10:07:27+00:00\",\"dateModified\":\"2018-05-23T15:03:00+00:00\",\"mainEntityOfPage\":{\"@id\":\"https:\/\/empresas.infoempleo.com\/hrtrends\/la-tasa-gallardon\/\"},\"wordCount\":475,\"publisher\":{\"@id\":\"https:\/\/empresas.infoempleo.com\/hrtrends\/#organization\"},\"image\":{\"@id\":\"https:\/\/empresas.infoempleo.com\/hrtrends\/la-tasa-gallardon\/#primaryimage\"},\"thumbnailUrl\":\"https:\/\/empresas.infoempleo.com\/hrtrends\/media\/2012\/12\/Tasas.jpg\",\"keywords\":[\"justicia\",\"tasas\",\"tribunales\"],\"articleSection\":[\"Actualidad\"],\"inLanguage\":\"es\",\"copyrightYear\":\"2012\",\"copyrightHolder\":{\"@id\":\"https:\/\/empresas.infoempleo.com\/hrtrends\/#organization\"}},{\"@type\":\"WebPage\",\"@id\":\"https:\/\/empresas.infoempleo.com\/hrtrends\/la-tasa-gallardon\/\",\"url\":\"https:\/\/empresas.infoempleo.com\/hrtrends\/la-tasa-gallardon\/\",\"name\":\"La 'Tasa Gallard\u00f3n' | HRTRENDS\",\"isPartOf\":{\"@id\":\"https:\/\/empresas.infoempleo.com\/hrtrends\/#website\"},\"primaryImageOfPage\":{\"@id\":\"https:\/\/empresas.infoempleo.com\/hrtrends\/la-tasa-gallardon\/#primaryimage\"},\"image\":{\"@id\":\"https:\/\/empresas.infoempleo.com\/hrtrends\/la-tasa-gallardon\/#primaryimage\"},\"thumbnailUrl\":\"https:\/\/empresas.infoempleo.com\/hrtrends\/media\/2012\/12\/Tasas.jpg\",\"datePublished\":\"2012-12-10T10:07:27+00:00\",\"dateModified\":\"2018-05-23T15:03:00+00:00\",\"breadcrumb\":{\"@id\":\"https:\/\/empresas.infoempleo.com\/hrtrends\/la-tasa-gallardon\/#breadcrumb\"},\"inLanguage\":\"es\",\"potentialAction\":[{\"@type\":\"ReadAction\",\"target\":[\"https:\/\/empresas.infoempleo.com\/hrtrends\/la-tasa-gallardon\/\"]}]},{\"@type\":\"ImageObject\",\"inLanguage\":\"es\",\"@id\":\"https:\/\/empresas.infoempleo.com\/hrtrends\/la-tasa-gallardon\/#primaryimage\",\"url\":\"https:\/\/empresas.infoempleo.com\/hrtrends\/media\/2012\/12\/Tasas-150x150.jpg\",\"contentUrl\":\"https:\/\/empresas.infoempleo.com\/hrtrends\/media\/2012\/12\/Tasas-150x150.jpg\",\"width\":150,\"height\":150},{\"@type\":\"BreadcrumbList\",\"@id\":\"https:\/\/empresas.infoempleo.com\/hrtrends\/la-tasa-gallardon\/#breadcrumb\",\"itemListElement\":[{\"@type\":\"ListItem\",\"position\":1,\"name\":\"Portada\",\"item\":\"https:\/\/empresas.infoempleo.com\/hrtrends\/\"},{\"@type\":\"ListItem\",\"position\":2,\"name\":\"La &#8216;Tasa Gallard\u00f3n&#8217;\"}]},{\"@type\":\"WebSite\",\"@id\":\"https:\/\/empresas.infoempleo.com\/hrtrends\/#website\",\"url\":\"https:\/\/empresas.infoempleo.com\/hrtrends\",\"name\":\"HRTrends by Infoempleo\",\"description\":\"\",\"publisher\":{\"@id\":\"https:\/\/empresas.infoempleo.com\/hrtrends\/#organization\"},\"potentialAction\":{\"@type\":\"SearchAction\",\"target\":\"https:\/\/empresas.infoempleo.com\/hrtrends\/?s={search_term_string}\",\"query-input\":\"required name=search_term_string\"},\"inLanguage\":\"es\"},{\"@type\":\"Organization\",\"@id\":\"https:\/\/empresas.infoempleo.com\/hrtrends\/#organization\",\"name\":\"Infoempleo\",\"url\":\"https:\/\/www.infoempleo.com\/\",\"logo\":{\"@type\":\"ImageObject\",\"@id\":\"https:\/\/empresas.infoempleo.com\/hrtrends\/#logo\",\"inLanguage\":\"es\",\"url\":\"https:\/\/cdnazure.infoempleo.com\/infoempleo\/assets\/style\/gfx\/logo.svg\",\"contentUrl\":\"https:\/\/cdnazure.infoempleo.com\/infoempleo\/assets\/style\/gfx\/logo.svg\",\"width\":150,\"height\":40,\"caption\":\"Infoempleo\"},\"image\":{\"@id\":\"https:\/\/empresas.infoempleo.com\/hrtrends\/#logo\"},\"sameAs\":[\"https:\/\/www.facebook.com\/Infoempleo\",\"https:\/\/x.com\/infoempleo\",\"http:\/\/instagram.com\/infoempleo\/\",\"http:\/\/www.linkedin.com\/groups\/Empleo-Espa\u00f1a-Infoempleocom-111276\",\"http:\/\/pinterest.com\/infoempleo\/\"],\"address\":{\"@type\":\"PostalAddress\",\"addressLocality\":\"Madrid\",\"postalCode\":\"28050\",\"streetAddress\":\"Avenida de Burgos 114\"},\"brand\":[\"Infoempleo\"]},{\"@type\":\"Person\",\"@id\":\"https:\/\/empresas.infoempleo.com\/hrtrends\/#\/schema\/person\/67d3e276ffcc8b3ae0ebec816daf775a\",\"name\":\"infoempleo\",\"image\":{\"@type\":\"ImageObject\",\"inLanguage\":\"es\",\"@id\":\"https:\/\/empresas.infoempleo.com\/hrtrends\/#\/schema\/person\/image\/\",\"url\":\"https:\/\/secure.gravatar.com\/avatar\/7b437777242fe67d2473c2a818da2344692d1ee91e91080ccffbd97bcd4a0975?s=96&d=mm&r=g\",\"contentUrl\":\"https:\/\/secure.gravatar.com\/avatar\/7b437777242fe67d2473c2a818da2344692d1ee91e91080ccffbd97bcd4a0975?s=96&d=mm&r=g\",\"caption\":\"infoempleo\"},\"url\":\"https:\/\/empresas.infoempleo.com\/hrtrends\/author\/infoempleo\/\"}]}<\/script>\n<!-- \/ Yoast SEO plugin. -->","yoast_head_json":{"title":"La 'Tasa Gallard\u00f3n' | HRTRENDS","robots":{"index":"index","follow":"follow","max-snippet":"max-snippet:-1","max-image-preview":"max-image-preview:large","max-video-preview":"max-video-preview:-1"},"canonical":"https:\/\/empresas.infoempleo.com\/hrtrends\/la-tasa-gallardon\/","og_locale":"es_ES","og_type":"article","og_title":"La 'Tasa Gallard\u00f3n' | HRTRENDS","og_description":"Francisco Conde y Ana Campos, expertos del \u00e1rea laboral del despacho Cuatrecasas, Gon\u00e7alves Pereira. El pasado 22 de Leer m\u00e1s","og_url":"https:\/\/empresas.infoempleo.com\/hrtrends\/la-tasa-gallardon\/","og_site_name":"HRTRENDS","article_publisher":"https:\/\/www.facebook.com\/Infoempleo","article_published_time":"2012-12-10T10:07:27+00:00","article_modified_time":"2018-05-23T15:03:00+00:00","og_image":[{"width":568,"height":258,"url":"https:\/\/empresas.infoempleo.com\/hrtrends\/media\/2012\/12\/Tasas.jpg","type":"image\/jpeg"}],"author":"infoempleo","twitter_card":"summary_large_image","twitter_creator":"@infoempleo","twitter_site":"@infoempleo","twitter_misc":{"Escrito por":"infoempleo","Tiempo de lectura":"2 minutos"},"schema":{"@context":"https:\/\/schema.org","@graph":[{"@type":"NewsArticle","@id":"https:\/\/empresas.infoempleo.com\/hrtrends\/la-tasa-gallardon\/#article","isPartOf":{"@id":"https:\/\/empresas.infoempleo.com\/hrtrends\/la-tasa-gallardon\/"},"author":{"name":"infoempleo","@id":"https:\/\/empresas.infoempleo.com\/hrtrends\/#\/schema\/person\/67d3e276ffcc8b3ae0ebec816daf775a"},"headline":"La &#8216;Tasa Gallard\u00f3n&#8217;","datePublished":"2012-12-10T10:07:27+00:00","dateModified":"2018-05-23T15:03:00+00:00","mainEntityOfPage":{"@id":"https:\/\/empresas.infoempleo.com\/hrtrends\/la-tasa-gallardon\/"},"wordCount":475,"publisher":{"@id":"https:\/\/empresas.infoempleo.com\/hrtrends\/#organization"},"image":{"@id":"https:\/\/empresas.infoempleo.com\/hrtrends\/la-tasa-gallardon\/#primaryimage"},"thumbnailUrl":"https:\/\/empresas.infoempleo.com\/hrtrends\/media\/2012\/12\/Tasas.jpg","keywords":["justicia","tasas","tribunales"],"articleSection":["Actualidad"],"inLanguage":"es","copyrightYear":"2012","copyrightHolder":{"@id":"https:\/\/empresas.infoempleo.com\/hrtrends\/#organization"}},{"@type":"WebPage","@id":"https:\/\/empresas.infoempleo.com\/hrtrends\/la-tasa-gallardon\/","url":"https:\/\/empresas.infoempleo.com\/hrtrends\/la-tasa-gallardon\/","name":"La 'Tasa Gallard\u00f3n' | HRTRENDS","isPartOf":{"@id":"https:\/\/empresas.infoempleo.com\/hrtrends\/#website"},"primaryImageOfPage":{"@id":"https:\/\/empresas.infoempleo.com\/hrtrends\/la-tasa-gallardon\/#primaryimage"},"image":{"@id":"https:\/\/empresas.infoempleo.com\/hrtrends\/la-tasa-gallardon\/#primaryimage"},"thumbnailUrl":"https:\/\/empresas.infoempleo.com\/hrtrends\/media\/2012\/12\/Tasas.jpg","datePublished":"2012-12-10T10:07:27+00:00","dateModified":"2018-05-23T15:03:00+00:00","breadcrumb":{"@id":"https:\/\/empresas.infoempleo.com\/hrtrends\/la-tasa-gallardon\/#breadcrumb"},"inLanguage":"es","potentialAction":[{"@type":"ReadAction","target":["https:\/\/empresas.infoempleo.com\/hrtrends\/la-tasa-gallardon\/"]}]},{"@type":"ImageObject","inLanguage":"es","@id":"https:\/\/empresas.infoempleo.com\/hrtrends\/la-tasa-gallardon\/#primaryimage","url":"https:\/\/empresas.infoempleo.com\/hrtrends\/media\/2012\/12\/Tasas-150x150.jpg","contentUrl":"https:\/\/empresas.infoempleo.com\/hrtrends\/media\/2012\/12\/Tasas-150x150.jpg","width":150,"height":150},{"@type":"BreadcrumbList","@id":"https:\/\/empresas.infoempleo.com\/hrtrends\/la-tasa-gallardon\/#breadcrumb","itemListElement":[{"@type":"ListItem","position":1,"name":"Portada","item":"https:\/\/empresas.infoempleo.com\/hrtrends\/"},{"@type":"ListItem","position":2,"name":"La &#8216;Tasa Gallard\u00f3n&#8217;"}]},{"@type":"WebSite","@id":"https:\/\/empresas.infoempleo.com\/hrtrends\/#website","url":"https:\/\/empresas.infoempleo.com\/hrtrends","name":"HRTrends by Infoempleo","description":"","publisher":{"@id":"https:\/\/empresas.infoempleo.com\/hrtrends\/#organization"},"potentialAction":{"@type":"SearchAction","target":"https:\/\/empresas.infoempleo.com\/hrtrends\/?s={search_term_string}","query-input":"required name=search_term_string"},"inLanguage":"es"},{"@type":"Organization","@id":"https:\/\/empresas.infoempleo.com\/hrtrends\/#organization","name":"Infoempleo","url":"https:\/\/www.infoempleo.com\/","logo":{"@type":"ImageObject","@id":"https:\/\/empresas.infoempleo.com\/hrtrends\/#logo","inLanguage":"es","url":"https:\/\/cdnazure.infoempleo.com\/infoempleo\/assets\/style\/gfx\/logo.svg","contentUrl":"https:\/\/cdnazure.infoempleo.com\/infoempleo\/assets\/style\/gfx\/logo.svg","width":150,"height":40,"caption":"Infoempleo"},"image":{"@id":"https:\/\/empresas.infoempleo.com\/hrtrends\/#logo"},"sameAs":["https:\/\/www.facebook.com\/Infoempleo","https:\/\/x.com\/infoempleo","http:\/\/instagram.com\/infoempleo\/","http:\/\/www.linkedin.com\/groups\/Empleo-Espa\u00f1a-Infoempleocom-111276","http:\/\/pinterest.com\/infoempleo\/"],"address":{"@type":"PostalAddress","addressLocality":"Madrid","postalCode":"28050","streetAddress":"Avenida de Burgos 114"},"brand":["Infoempleo"]},{"@type":"Person","@id":"https:\/\/empresas.infoempleo.com\/hrtrends\/#\/schema\/person\/67d3e276ffcc8b3ae0ebec816daf775a","name":"infoempleo","image":{"@type":"ImageObject","inLanguage":"es","@id":"https:\/\/empresas.infoempleo.com\/hrtrends\/#\/schema\/person\/image\/","url":"https:\/\/secure.gravatar.com\/avatar\/7b437777242fe67d2473c2a818da2344692d1ee91e91080ccffbd97bcd4a0975?s=96&d=mm&r=g","contentUrl":"https:\/\/secure.gravatar.com\/avatar\/7b437777242fe67d2473c2a818da2344692d1ee91e91080ccffbd97bcd4a0975?s=96&d=mm&r=g","caption":"infoempleo"},"url":"https:\/\/empresas.infoempleo.com\/hrtrends\/author\/infoempleo\/"}]}},"amp_enabled":true,"_links":{"self":[{"href":"https:\/\/empresas.infoempleo.com\/hrtrends\/wp-json\/wp\/v2\/posts\/15875","targetHints":{"allow":["GET"]}}],"collection":[{"href":"https:\/\/empresas.infoempleo.com\/hrtrends\/wp-json\/wp\/v2\/posts"}],"about":[{"href":"https:\/\/empresas.infoempleo.com\/hrtrends\/wp-json\/wp\/v2\/types\/post"}],"author":[{"embeddable":true,"href":"https:\/\/empresas.infoempleo.com\/hrtrends\/wp-json\/wp\/v2\/users\/72"}],"replies":[{"embeddable":true,"href":"https:\/\/empresas.infoempleo.com\/hrtrends\/wp-json\/wp\/v2\/comments?post=15875"}],"version-history":[{"count":0,"href":"https:\/\/empresas.infoempleo.com\/hrtrends\/wp-json\/wp\/v2\/posts\/15875\/revisions"}],"wp:featuredmedia":[{"embeddable":true,"href":"https:\/\/empresas.infoempleo.com\/hrtrends\/wp-json\/wp\/v2\/media\/15878"}],"wp:attachment":[{"href":"https:\/\/empresas.infoempleo.com\/hrtrends\/wp-json\/wp\/v2\/media?parent=15875"}],"wp:term":[{"taxonomy":"category","embeddable":true,"href":"https:\/\/empresas.infoempleo.com\/hrtrends\/wp-json\/wp\/v2\/categories?post=15875"},{"taxonomy":"post_tag","embeddable":true,"href":"https:\/\/empresas.infoempleo.com\/hrtrends\/wp-json\/wp\/v2\/tags?post=15875"}],"curies":[{"name":"wp","href":"https:\/\/api.w.org\/{rel}","templated":true}]}}